{"id":10460,"date":"2020-03-24T11:17:26","date_gmt":"2020-03-24T11:17:26","guid":{"rendered":"https:\/\/www.welovecycling.com\/pl\/?p=10460"},"modified":"2020-03-25T11:19:36","modified_gmt":"2020-03-25T11:19:36","slug":"juz-czas-budzimy-nasze-rowery-z-zimowego-snu","status":"publish","type":"post","link":"https:\/\/www.welovecycling.com\/pl\/2020\/03\/24\/juz-czas-budzimy-nasze-rowery-z-zimowego-snu\/","title":{"rendered":"Ju\u017c czas! Budzimy nasze rowery z zimowego snu"},"content":{"rendered":"<p><strong>Czyszczenie, sprawdzenie wyposa\u017cenia, regulacja \u2013 je\u015bli planujecie przygotowa\u0107 rower do przyjemnej i przede wszystkim bezpiecznej wiosennej jazdy, to dobrze trafili\u015bcie. Poni\u017cej prezentujemy nasz poradnik.<\/strong><\/p>\n<p>Pozimowe spotkanie z rowerem najlepiej zacz\u0105\u0107 od jego umycia. Je\u015bli nasz sprz\u0119t zim\u0105 te\u017c nabija\u0142 kilometry, w\u00f3wczas warto potraktowa\u0107 go gor\u0105c\u0105 wod\u0105, g\u0105bk\u0105 i p\u0142ynem do naczy\u0144 (cho\u0107 dost\u0119pne s\u0105 tak\u017ce specjalne \u015brodki do mycia roweru).<\/p>\n<p>Szybkim i skutecznym (przynajmniej na pierwszy rzut oka) sposobem na wyczyszczenie roweru jest tak\u017ce zabranie go na myjni\u0119 bezdotykow\u0105. W tym przypadku nale\u017cy jednak by\u0107 ostro\u017cnym, poniewa\u017c wysokie ci\u015bnienie mo\u017ce wt\u0142oczy\u0107 brud do piast czy support\u00f3w.<\/p>\n<h2><strong>Obowi\u0105zkowe wyposa\u017cenie<\/strong><\/h2>\n<p>Gdy rower jest ju\u017c czysty, mo\u017cemy przyst\u0105pi\u0107 do jego przygotowania, pami\u0119taj\u0105c o jednym \u2013 przede wszystkim musi by\u0107 on bezpieczny i odpowiednio wyposa\u017cony. Co to oznacza? Dok\u0142adnie okre\u015bla to kodeks ruchu drogowego. Zgodnie z nim ka\u017cdy rower musi posiada\u0107:<\/p>\n<p>&#8211; co najmniej <strong>jedno \u015bwiat\u0142o przednie bia\u0142e lub \u017c\u00f3\u0142te \u015bwiec\u0105ce \u015bwiat\u0142em ci\u0105g\u0142ym lub migaj\u0105cym<\/strong>. Mo\u017ce to by\u0107 lampka na baterie, akumulator, czy dynamo. W tym wypadku sprawd\u017amy wi\u0119c, czy \u017ar\u00f3d\u0142a zasilania nie nale\u017cy wymieni\u0107 (po d\u0142u\u017cszym czasie nieu\u017cywania w bateriach mo\u017ce doj\u015b\u0107 do tzw. wylania). W przypadku dynama warto zwr\u00f3ci\u0107 uwag\u0119, czy wszystkie przewody dzia\u0142aj\u0105 bez zarzutu, a najlepiej delikatnie je przeczy\u015bci\u0107, gdy\u017c mog\u0142y ulec zabrudzeniu np. wskutek kontaktu z b\u0142otem po\u015bniegowym.<\/p>\n<p>&#8211; co najmniej <strong>jedno\u00a0 \u015bwiat\u0142o tylne \u015bwiec\u0105ce \u015bwiat\u0142em ci\u0105g\u0142ym lub migaj\u0105cym. <\/strong>Tu przygotowania i serwis wygl\u0105daj\u0105 identycznie jak w przypadku \u015bwiat\u0142a przedniego.<\/p>\n<p>&#8211; co najmniej <strong>jedno \u015bwiat\u0142o tylne odblaskowe czerwone<\/strong>. Tu sprawa jest du\u017co prostsza, bo nale\u017cy tylko sprawdzi\u0107, czy \u201eodblask\u201d znajduje si\u0119 na swoim miejscu i czy nie zosta\u0142 w jaki\u015b spos\u00f3b uszkodzony.<\/p>\n<p>&#8211; co najmniej <strong>jeden skutecznie dzia\u0142aj\u0105cy hamulec. <\/strong>Podczas kontroli drogowej zawsze mo\u017cemy prowadzi\u0107 z policj\u0105 czy stra\u017c\u0105 miejsk\u0105 dyskusje, co oznacza \u201eskutecznie dzia\u0142aj\u0105cy\u201d. Dla naszego bezpiecze\u0144stwa lepiej jednak, by ta kwestia pozosta\u0142a poza dyskusj\u0105. Dlatego warto sprawdzi\u0107, czy klocki hamulcowe i linki nie nadaj\u0105 si\u0119 do wymiany oraz czy nie wymagaj\u0105 regulacji. I radzimy, by zrobi\u0107 to z obydwoma hamulcami, bo zapewnia nam to znaczenie wi\u0119ksze bezpiecze\u0144stwo.<\/p>\n<p>&#8211; <strong>dzwonek. <\/strong>Tu sprawa jest prosta \u2013 dzwonek albo jest, albo go nie ma. A je\u015bli jest, to ewentualnie nale\u017cy go dokr\u0119ci\u0107 i wyregulowa\u0107.<\/p>\n<p>Dodatkowo sugerujemy, by rower wyposa\u017cy\u0107 w elementy odblaskowe na peda\u0142ach lub obr\u0119czach k\u00f3\u0142. Co prawda nie jest to wymagane przez prawo, ale znacznie poprawia widoczno\u015b\u0107 rowerzysty.<\/p>\n<h2><strong>Bezpiecznie i przyjemnie<\/strong><\/h2>\n<p>Istniej\u0105 r\u00f3wnie\u017c inne czynno\u015bci w przygotowaniach roweru, kt\u00f3re w mniejszym lub wi\u0119kszym stopniu wp\u0142ywaj\u0105 na bezpiecze\u0144stwo. Jedn\u0105 z nich jest <strong>wyregulowanie przerzutek<\/strong> oraz <strong>wyczyszczenie i nasmarowanie \u0142a\u0144cucha<\/strong>, co po zimie wydaje si\u0119 niemal konieczno\u015bci\u0105. Je\u015bli bowiem biegi nie b\u0119d\u0105 prawid\u0142owo \u201ewskakiwa\u0142y\u201d, to podczas jazdy mo\u017ce doj\u015b\u0107 do \u201eprzeskoczenia\u201d \u0142a\u0144cucha na z\u0119batce lub spadni\u0119cia \u0142a\u0144cucha, co w nieodpowiednim momencie (np. w\u0142\u0105czaniu si\u0119 do ruchu z drogi podporz\u0105dkowanej) mo\u017ce by\u0107 bardzo niebezpieczne.<\/p>\n<p>Po zimowej je\u017adzie (lub przestoju roweru) nale\u017cy te\u017c sprawdzi\u0107 <strong>ci\u015bnienia w d\u0119tkach<\/strong>. Prawid\u0142owa ilo\u015b\u0107 powietrza oznacza znacznie przyjemniejsz\u0105 jazd\u0119 i sprawia, \u017ce rower b\u0119dzie szybciej reagowa\u0142 podczas przyspieszania.<\/p>\n<p><span data-sheets-value=\"{&quot;1&quot;:2,&quot;2&quot;:&quot;Artyku\u0142 powsta\u0142 we wsp\u00f3\u0142pracy ze skoda-auto.pl&quot;}\" data-sheets-userformat=\"{&quot;2&quot;:1,&quot;3&quot;:{&quot;1&quot;:0}}\" data-sheets-hyperlink=\"http:\/\/www.skoda-auto.pl\/\"><a class=\"in-cell-link\" href=\"http:\/\/www.skoda-auto.pl\/\" target=\"_blank\" rel=\"noopener\">Artyku\u0142 powsta\u0142 we wsp\u00f3\u0142pracy ze skoda-auto.pl<\/a><\/span><\/p>\n<p><a href=\"https:\/\/sklep.skoda.pl\/pl\/sklep\/b\/331\/rowery-i-akcesoria-rowery.html\"><img loading=\"lazy\" decoding=\"async\" class=\"aligncenter wp-image-9608 size-full loading\" src=\"https:\/\/d2p6e6u75xmxt8.cloudfront.net\/5\/2019\/08\/baner_WLC_640x350_3.png\" sizes=\"auto, (max-width: 640px) 100vw, 640px\" srcset=\"https:\/\/d2p6e6u75xmxt8.cloudfront.net\/5\/2019\/08\/baner_WLC_640x350_3.png 640w, https:\/\/d2p6e6u75xmxt8.cloudfront.net\/5\/2019\/08\/baner_WLC_640x350_3-300x164.png 300w\" alt=\"\" width=\"640\" height=\"350\" data-was-processed=\"true\" \/><\/a>2<\/p>\n","protected":false},"excerpt":{"rendered":"<p>Czyszczenie, sprawdzenie wyposa\u017cenia, regulacja \u2013 je\u015bli planujecie przygotowa\u0107 rower do przyjemnej i przede wszystkim bezpiecznej wiosennej jazdy, to dobrze trafili\u015bcie. [&hellip;]<\/p>\n","protected":false},"author":76,"featured_media":8940,"comment_status":"open","ping_status":"open","sticky":false,"template":"","format":"standard","meta":{"footnotes":""},"categories":[226],"tags":[],"global-categories":[303],"class_list":["post-10460","post","type-post","status-publish","format-standard","has-post-thumbnail","hentry","category-ciekawostki","global-categories-cycling"],"yoast_head":"<!-- This site is optimized with the Yoast SEO Premium plugin v25.3 (Yoast SEO v25.9) - https:\/\/yoast.com\/wordpress\/plugins\/seo\/ -->\n<title>Ju\u017c czas! Budzimy nasze rowery z zimowego snu - \u0160koda We Love Cycling - Poland<\/title>\n<meta name=\"robots\" content=\"index, follow, max-snippet:-1, max-image-preview:large, max-video-preview:-1\" \/>\n<link rel=\"canonical\" href=\"https:\/\/www.welovecycling.com\/pl\/2020\/03\/24\/juz-czas-budzimy-nasze-rowery-z-zimowego-snu\/\" \/>\n<meta property=\"og:locale\" content=\"pl_PL\" \/>\n<meta property=\"og:type\" content=\"article\" \/>\n<meta property=\"og:title\" content=\"Ju\u017c czas! Budzimy nasze rowery z zimowego snu\" \/>\n<meta property=\"og:description\" content=\"Czyszczenie, sprawdzenie wyposa\u017cenia, regulacja \u2013 je\u015bli planujecie przygotowa\u0107 rower do przyjemnej i przede wszystkim bezpiecznej wiosennej jazdy, to dobrze trafili\u015bcie. [&hellip;]\" \/>\n<meta property=\"og:url\" content=\"https:\/\/www.welovecycling.com\/pl\/2020\/03\/24\/juz-czas-budzimy-nasze-rowery-z-zimowego-snu\/\" \/>\n<meta property=\"og:site_name\" content=\"\u0160koda We Love Cycling - Poland\" \/>\n<meta property=\"article:published_time\" content=\"2020-03-24T11:17:26+00:00\" \/>\n<meta property=\"article:modified_time\" content=\"2020-03-25T11:19:36+00:00\" \/>\n<meta property=\"og:image\" content=\"https:\/\/d2p6e6u75xmxt8.cloudfront.net\/5\/2019\/05\/Bike-Check-profimedia-0282405929-1-1024x450.jpg\" \/>\n\t<meta property=\"og:image:width\" content=\"1024\" \/>\n\t<meta property=\"og:image:height\" content=\"450\" \/>\n\t<meta property=\"og:image:type\" content=\"image\/jpeg\" \/>\n<meta name=\"author\" content=\"piotrboczkowski\" \/>\n<meta name=\"twitter:card\" content=\"summary_large_image\" \/>\n<meta name=\"twitter:label1\" content=\"Written by\" \/>\n\t<meta name=\"twitter:data1\" content=\"Piotr Nowik\" \/>\n\t<meta name=\"twitter:label2\" content=\"Est. reading time\" \/>\n\t<meta name=\"twitter:data2\" content=\"3 minutes\" \/>\n<script type=\"application\/ld+json\" class=\"yoast-schema-graph\">{\"@context\":\"https:\/\/schema.org\",\"@graph\":[{\"@type\":\"WebPage\",\"@id\":\"https:\/\/www.welovecycling.com\/pl\/2020\/03\/24\/juz-czas-budzimy-nasze-rowery-z-zimowego-snu\/\",\"url\":\"https:\/\/www.welovecycling.com\/pl\/2020\/03\/24\/juz-czas-budzimy-nasze-rowery-z-zimowego-snu\/\",\"name\":\"Ju\u017c czas! Budzimy nasze rowery z zimowego snu - \u0160koda We Love Cycling - Poland\",\"isPartOf\":{\"@id\":\"https:\/\/www.welovecycling.com\/pl\/#website\"},\"primaryImageOfPage\":{\"@id\":\"https:\/\/www.welovecycling.com\/pl\/2020\/03\/24\/juz-czas-budzimy-nasze-rowery-z-zimowego-snu\/#primaryimage\"},\"image\":{\"@id\":\"https:\/\/www.welovecycling.com\/pl\/2020\/03\/24\/juz-czas-budzimy-nasze-rowery-z-zimowego-snu\/#primaryimage\"},\"thumbnailUrl\":\"https:\/\/d2p6e6u75xmxt8.cloudfront.net\/5\/2019\/05\/Bike-Check-profimedia-0282405929-1-1024x450.jpg\",\"datePublished\":\"2020-03-24T11:17:26+00:00\",\"dateModified\":\"2020-03-25T11:19:36+00:00\",\"author\":{\"@id\":\"https:\/\/www.welovecycling.com\/pl\/#\/schema\/person\/0dba2d39da943db9df3fd8f4687e7f23\"},\"breadcrumb\":{\"@id\":\"https:\/\/www.welovecycling.com\/pl\/2020\/03\/24\/juz-czas-budzimy-nasze-rowery-z-zimowego-snu\/#breadcrumb\"},\"inLanguage\":\"pl-PL\",\"potentialAction\":[{\"@type\":\"ReadAction\",\"target\":[\"https:\/\/www.welovecycling.com\/pl\/2020\/03\/24\/juz-czas-budzimy-nasze-rowery-z-zimowego-snu\/\"]}]},{\"@type\":\"ImageObject\",\"inLanguage\":\"pl-PL\",\"@id\":\"https:\/\/www.welovecycling.com\/pl\/2020\/03\/24\/juz-czas-budzimy-nasze-rowery-z-zimowego-snu\/#primaryimage\",\"url\":\"https:\/\/d2p6e6u75xmxt8.cloudfront.net\/5\/2019\/05\/Bike-Check-profimedia-0282405929-1-1024x450.jpg\",\"contentUrl\":\"https:\/\/d2p6e6u75xmxt8.cloudfront.net\/5\/2019\/05\/Bike-Check-profimedia-0282405929-1-1024x450.jpg\",\"width\":1024,\"height\":450},{\"@type\":\"BreadcrumbList\",\"@id\":\"https:\/\/www.welovecycling.com\/pl\/2020\/03\/24\/juz-czas-budzimy-nasze-rowery-z-zimowego-snu\/#breadcrumb\",\"itemListElement\":[{\"@type\":\"ListItem\",\"position\":1,\"name\":\"Home\",\"item\":\"https:\/\/www.welovecycling.com\/pl\/\"},{\"@type\":\"ListItem\",\"position\":2,\"name\":\"Ju\u017c czas! Budzimy nasze rowery z zimowego snu\"}]},{\"@type\":\"WebSite\",\"@id\":\"https:\/\/www.welovecycling.com\/pl\/#website\",\"url\":\"https:\/\/www.welovecycling.com\/pl\/\",\"name\":\"\u0160koda We Love Cycling - Poland\",\"description\":\"\",\"potentialAction\":[{\"@type\":\"SearchAction\",\"target\":{\"@type\":\"EntryPoint\",\"urlTemplate\":\"https:\/\/www.welovecycling.com\/pl\/?s={search_term_string}\"},\"query-input\":{\"@type\":\"PropertyValueSpecification\",\"valueRequired\":true,\"valueName\":\"search_term_string\"}}],\"inLanguage\":\"pl-PL\"},{\"@type\":\"Person\",\"@id\":\"https:\/\/www.welovecycling.com\/pl\/#\/schema\/person\/0dba2d39da943db9df3fd8f4687e7f23\",\"name\":\"piotrboczkowski\",\"image\":{\"@type\":\"ImageObject\",\"inLanguage\":\"pl-PL\",\"@id\":\"https:\/\/www.welovecycling.com\/pl\/#\/schema\/person\/image\/\",\"url\":\"https:\/\/secure.gravatar.com\/avatar\/533caccae14752e03a2ce2d3fd62d1b98b93e1393c3195c27819e53344ca1ace?s=96&d=mm&r=g\",\"contentUrl\":\"https:\/\/secure.gravatar.com\/avatar\/533caccae14752e03a2ce2d3fd62d1b98b93e1393c3195c27819e53344ca1ace?s=96&d=mm&r=g\",\"caption\":\"piotrboczkowski\"},\"url\":\"https:\/\/www.welovecycling.com\/pl\/author\/piotrboczkowski\/\"}]}<\/script>\n<!-- \/ Yoast SEO Premium plugin. -->","yoast_head_json":{"title":"Ju\u017c czas! Budzimy nasze rowery z zimowego snu - \u0160koda We Love Cycling - Poland","robots":{"index":"index","follow":"follow","max-snippet":"max-snippet:-1","max-image-preview":"max-image-preview:large","max-video-preview":"max-video-preview:-1"},"canonical":"https:\/\/www.welovecycling.com\/pl\/2020\/03\/24\/juz-czas-budzimy-nasze-rowery-z-zimowego-snu\/","og_locale":"pl_PL","og_type":"article","og_title":"Ju\u017c czas! Budzimy nasze rowery z zimowego snu","og_description":"Czyszczenie, sprawdzenie wyposa\u017cenia, regulacja \u2013 je\u015bli planujecie przygotowa\u0107 rower do przyjemnej i przede wszystkim bezpiecznej wiosennej jazdy, to dobrze trafili\u015bcie. [&hellip;]","og_url":"https:\/\/www.welovecycling.com\/pl\/2020\/03\/24\/juz-czas-budzimy-nasze-rowery-z-zimowego-snu\/","og_site_name":"\u0160koda We Love Cycling - Poland","article_published_time":"2020-03-24T11:17:26+00:00","article_modified_time":"2020-03-25T11:19:36+00:00","og_image":[{"width":1024,"height":450,"url":"https:\/\/d2p6e6u75xmxt8.cloudfront.net\/5\/2019\/05\/Bike-Check-profimedia-0282405929-1-1024x450.jpg","type":"image\/jpeg"}],"author":"piotrboczkowski","twitter_card":"summary_large_image","twitter_misc":{"Written by":"Piotr Nowik","Est. reading time":"3 minutes"},"schema":{"@context":"https:\/\/schema.org","@graph":[{"@type":"WebPage","@id":"https:\/\/www.welovecycling.com\/pl\/2020\/03\/24\/juz-czas-budzimy-nasze-rowery-z-zimowego-snu\/","url":"https:\/\/www.welovecycling.com\/pl\/2020\/03\/24\/juz-czas-budzimy-nasze-rowery-z-zimowego-snu\/","name":"Ju\u017c czas! Budzimy nasze rowery z zimowego snu - \u0160koda We Love Cycling - Poland","isPartOf":{"@id":"https:\/\/www.welovecycling.com\/pl\/#website"},"primaryImageOfPage":{"@id":"https:\/\/www.welovecycling.com\/pl\/2020\/03\/24\/juz-czas-budzimy-nasze-rowery-z-zimowego-snu\/#primaryimage"},"image":{"@id":"https:\/\/www.welovecycling.com\/pl\/2020\/03\/24\/juz-czas-budzimy-nasze-rowery-z-zimowego-snu\/#primaryimage"},"thumbnailUrl":"https:\/\/d2p6e6u75xmxt8.cloudfront.net\/5\/2019\/05\/Bike-Check-profimedia-0282405929-1-1024x450.jpg","datePublished":"2020-03-24T11:17:26+00:00","dateModified":"2020-03-25T11:19:36+00:00","author":{"@id":"https:\/\/www.welovecycling.com\/pl\/#\/schema\/person\/0dba2d39da943db9df3fd8f4687e7f23"},"breadcrumb":{"@id":"https:\/\/www.welovecycling.com\/pl\/2020\/03\/24\/juz-czas-budzimy-nasze-rowery-z-zimowego-snu\/#breadcrumb"},"inLanguage":"pl-PL","potentialAction":[{"@type":"ReadAction","target":["https:\/\/www.welovecycling.com\/pl\/2020\/03\/24\/juz-czas-budzimy-nasze-rowery-z-zimowego-snu\/"]}]},{"@type":"ImageObject","inLanguage":"pl-PL","@id":"https:\/\/www.welovecycling.com\/pl\/2020\/03\/24\/juz-czas-budzimy-nasze-rowery-z-zimowego-snu\/#primaryimage","url":"https:\/\/d2p6e6u75xmxt8.cloudfront.net\/5\/2019\/05\/Bike-Check-profimedia-0282405929-1-1024x450.jpg","contentUrl":"https:\/\/d2p6e6u75xmxt8.cloudfront.net\/5\/2019\/05\/Bike-Check-profimedia-0282405929-1-1024x450.jpg","width":1024,"height":450},{"@type":"BreadcrumbList","@id":"https:\/\/www.welovecycling.com\/pl\/2020\/03\/24\/juz-czas-budzimy-nasze-rowery-z-zimowego-snu\/#breadcrumb","itemListElement":[{"@type":"ListItem","position":1,"name":"Home","item":"https:\/\/www.welovecycling.com\/pl\/"},{"@type":"ListItem","position":2,"name":"Ju\u017c czas! Budzimy nasze rowery z zimowego snu"}]},{"@type":"WebSite","@id":"https:\/\/www.welovecycling.com\/pl\/#website","url":"https:\/\/www.welovecycling.com\/pl\/","name":"\u0160koda We Love Cycling - Poland","description":"","potentialAction":[{"@type":"SearchAction","target":{"@type":"EntryPoint","urlTemplate":"https:\/\/www.welovecycling.com\/pl\/?s={search_term_string}"},"query-input":{"@type":"PropertyValueSpecification","valueRequired":true,"valueName":"search_term_string"}}],"inLanguage":"pl-PL"},{"@type":"Person","@id":"https:\/\/www.welovecycling.com\/pl\/#\/schema\/person\/0dba2d39da943db9df3fd8f4687e7f23","name":"piotrboczkowski","image":{"@type":"ImageObject","inLanguage":"pl-PL","@id":"https:\/\/www.welovecycling.com\/pl\/#\/schema\/person\/image\/","url":"https:\/\/secure.gravatar.com\/avatar\/533caccae14752e03a2ce2d3fd62d1b98b93e1393c3195c27819e53344ca1ace?s=96&d=mm&r=g","contentUrl":"https:\/\/secure.gravatar.com\/avatar\/533caccae14752e03a2ce2d3fd62d1b98b93e1393c3195c27819e53344ca1ace?s=96&d=mm&r=g","caption":"piotrboczkowski"},"url":"https:\/\/www.welovecycling.com\/pl\/author\/piotrboczkowski\/"}]}},"_links":{"self":[{"href":"https:\/\/www.welovecycling.com\/pl\/wp-json\/wp\/v2\/posts\/10460","targetHints":{"allow":["GET"]}}],"collection":[{"href":"https:\/\/www.welovecycling.com\/pl\/wp-json\/wp\/v2\/posts"}],"about":[{"href":"https:\/\/www.welovecycling.com\/pl\/wp-json\/wp\/v2\/types\/post"}],"author":[{"embeddable":true,"href":"https:\/\/www.welovecycling.com\/pl\/wp-json\/wp\/v2\/users\/76"}],"replies":[{"embeddable":true,"href":"https:\/\/www.welovecycling.com\/pl\/wp-json\/wp\/v2\/comments?post=10460"}],"version-history":[{"count":1,"href":"https:\/\/www.welovecycling.com\/pl\/wp-json\/wp\/v2\/posts\/10460\/revisions"}],"predecessor-version":[{"id":10461,"href":"https:\/\/www.welovecycling.com\/pl\/wp-json\/wp\/v2\/posts\/10460\/revisions\/10461"}],"wp:featuredmedia":[{"embeddable":true,"href":"https:\/\/www.welovecycling.com\/pl\/wp-json\/wp\/v2\/media\/8940"}],"wp:attachment":[{"href":"https:\/\/www.welovecycling.com\/pl\/wp-json\/wp\/v2\/media?parent=10460"}],"wp:term":[{"taxonomy":"category","embeddable":true,"href":"https:\/\/www.welovecycling.com\/pl\/wp-json\/wp\/v2\/categories?post=10460"},{"taxonomy":"post_tag","embeddable":true,"href":"https:\/\/www.welovecycling.com\/pl\/wp-json\/wp\/v2\/tags?post=10460"},{"taxonomy":"global-categories","embeddable":true,"href":"https:\/\/www.welovecycling.com\/pl\/wp-json\/wp\/v2\/global-categories?post=10460"}],"curies":[{"name":"wp","href":"https:\/\/api.w.org\/{rel}","templated":true}]}}