{"id":10453,"date":"2020-03-20T09:19:31","date_gmt":"2020-03-20T09:19:31","guid":{"rendered":"https:\/\/www.welovecycling.com\/pl\/?p=10453"},"modified":"2020-03-20T09:19:31","modified_gmt":"2020-03-20T09:19:31","slug":"kiedy-zdarza-sie-wiekszosc-wypadkow-rowerowych-w-miescie","status":"publish","type":"post","link":"https:\/\/www.welovecycling.com\/pl\/2020\/03\/20\/kiedy-zdarza-sie-wiekszosc-wypadkow-rowerowych-w-miescie\/","title":{"rendered":"Kiedy zdarza si\u0119 wi\u0119kszo\u015b\u0107 wypadk\u00f3w rowerowych w mie\u015bcie?"},"content":{"rendered":"<p><strong>Jazda rowerem po mie\u015bcie nie jest pozbawiona ryzyka. Czy wiesz, kt\u00f3re dni i godziny s\u0105 najbardziej niebezpieczne, je\u015bli chodzi o potr\u0105cenia przez samoch\u00f3d oraz gdzie najcz\u0119\u015bciej zdarzaj\u0105 si\u0119 wypadki rowerowe? Kancelaria Rosenthal &amp; Kreeger wraz z zespo\u0142em z 1Point21 wyda\u0142a obszerne opracowanie na temat statystyk wypadk\u00f3w rowerowych w USA. Znale\u017ali oni zaskakuj\u0105ce tendencje, z kt\u00f3rych wszyscy mo\u017cemy wyci\u0105gn\u0105\u0107 wnioski.<\/strong><\/p>\n<h2><strong>\u015amiertelne wypadki rowerowe rosn\u0105<\/strong><\/h2>\n<p>W 2017 roku w Stanach Zjednoczonych odnotowano 783 wypadki \u015bmiertelne w\u015br\u00f3d rowerzyst\u00f3w (pod uwag\u0119 brane by\u0142y rowery, tr\u00f3jko\u0142owce, monocykle oraz dwuko\u0142owe pojazdy bezsilnikowe), co stanowi 2,1% wszystkich wypadk\u00f3w drogowych. Liczba ofiar \u015bmiertelnych spad\u0142a o 8% w por\u00f3wnaniu z 852 wypadkami w 2016 roku. Niestety d\u0142ugoterminowa tendencja nie jest tak optymistyczna, poniewa\u017c liczba zgon\u00f3w spowodowanych jazd\u0105 na rowerze wzros\u0142a w miastach o 13% od 2008 roku. Odwrotnie jest na obszarach wiejskich, gdzie liczba ofiar \u015bmiertelnych spad\u0142a o 15%.<\/p>\n<p><img loading=\"lazy\" decoding=\"async\" class=\"alignnone size-full wp-image-176766 initial loading\" src=\"https:\/\/d2p6e6u75xmxt8.cloudfront.net\/2\/2020\/01\/cycling-fatalities-USA.jpg\" sizes=\"auto, (max-width: 1200px) 100vw, 1200px\" srcset=\"https:\/\/d2p6e6u75xmxt8.cloudfront.net\/2\/2020\/01\/cycling-fatalities-USA.jpg 1200w, https:\/\/d2p6e6u75xmxt8.cloudfront.net\/2\/2020\/01\/cycling-fatalities-USA-300x182.jpg 300w, https:\/\/d2p6e6u75xmxt8.cloudfront.net\/2\/2020\/01\/cycling-fatalities-USA-768x467.jpg 768w, https:\/\/d2p6e6u75xmxt8.cloudfront.net\/2\/2020\/01\/cycling-fatalities-USA-1024x622.jpg 1024w\" alt=\"\" width=\"1200\" height=\"729\" data-was-processed=\"true\" \/><\/p>\n<p>Sta\u0142y spadek liczby ofiar \u015bmiertelnych mo\u017cna zaobserwowa\u0107 tylko w\u015br\u00f3d dzieci, poniewa\u017c wi\u0119kszo\u015b\u0107 stan\u00f3w wprowadzi\u0142a przepisy dotycz\u0105ce noszenia kask\u00f3w przez najm\u0142odszych. Tymczasem badania pokazuj\u0105, \u017ce ponad po\u0142owa doros\u0142ych w og\u00f3le ich nie u\u017cywa. Najpowa\u017cniejsze obra\u017cenia podczas wypadk\u00f3w u rowerzyst\u00f3w dotycz\u0105 g\u0142owy, co oznacza, \u017ce \u200b\u200bliczba ofiar \u015bmiertelnych mog\u0142aby zmale\u0107, gdyby doro\u015bli cz\u0119\u015bciej u\u017cywali kask\u00f3w.<\/p>\n<h2><strong>Zgony rowerzyst\u00f3w s\u0105 o\u015bmiokrotnie cz\u0119stsze u m\u0119\u017cczyzn ni\u017c u kobiet<\/strong><\/h2>\n<p>Statystyki pokazuj\u0105, \u017ce liczba zgon\u00f3w spowodowanych jazd\u0105 na rowerze by\u0142a o\u015bmiokrotnie wy\u017csza u m\u0119\u017cczyzn ni\u017c u kobiet. Najwi\u0119kszy odsetek rowerzyst\u00f3w p\u0142ci m\u0119skiej, kt\u00f3rzy doznaj\u0105 obra\u017ce\u0144, dotyczy grupy wiekowej 45\u201364 lata. Jedn\u0105 z g\u0142\u00f3wnych przyczyn wypadk\u00f3w by\u0142 brak uwagi. Zbyt wielu rowerzyst\u00f3w korzysta podczas jazdy z zestaw\u00f3w g\u0142o\u015bnom\u00f3wi\u0105cych i ze s\u0142uchawek. Niepokoj\u0105ce jest r\u00f3wnie\u017c to, \u017ce w 7% przypadk\u00f3w przyczyn\u0105 by\u0142 alkohol.<\/p>\n<h2><strong>Oko\u0142o 30% wypadk\u00f3w \u015bmiertelnych dzieje si\u0119 na skrzy\u017cowaniach.<\/strong><\/h2>\n<p>Dobra wiadomo\u015b\u0107 jest taka, \u017ce \u200b\u200browerzy\u015bci s\u0105 stosunkowo bezpieczni na \u015bcie\u017ckach rowerowych, gdzie zdarza si\u0119 tylko 4% wypadk\u00f3w z ich udzia\u0142em. Wi\u0119kszo\u015b\u0107 \u015bmiertelnych wypadk\u00f3w rowerowych ma miejsce na obszarach miejskich, a 30% \u2013 na skrzy\u017cowaniach.<\/p>\n<p><img loading=\"lazy\" decoding=\"async\" class=\"alignnone size-full wp-image-176767 loading\" src=\"https:\/\/d2p6e6u75xmxt8.cloudfront.net\/2\/2020\/01\/fatalities-by-age-and-location.jpg\" sizes=\"auto, (max-width: 1248px) 100vw, 1248px\" srcset=\"https:\/\/d2p6e6u75xmxt8.cloudfront.net\/2\/2020\/01\/fatalities-by-age-and-location.jpg 1248w, https:\/\/d2p6e6u75xmxt8.cloudfront.net\/2\/2020\/01\/fatalities-by-age-and-location-300x264.jpg 300w, https:\/\/d2p6e6u75xmxt8.cloudfront.net\/2\/2020\/01\/fatalities-by-age-and-location-768x677.jpg 768w, https:\/\/d2p6e6u75xmxt8.cloudfront.net\/2\/2020\/01\/fatalities-by-age-and-location-1024x903.jpg 1024w\" alt=\"\" width=\"1248\" height=\"1100\" data-was-processed=\"true\" \/><\/p>\n<h2><strong>Najbardziej niebezpieczny czas na jazd\u0119 na rowerze<\/strong><\/h2>\n<p>Pora dnia i dzie\u0144 tygodnia wp\u0142ywaj\u0105 na ryzyko wypadk\u00f3w rowerowych. Wi\u0119kszo\u015b\u0107 wypadk\u00f3w ma miejsce, gdy w weekendy warunki \u015bwietlne s\u0105 s\u0142abe oraz gdy ruch w ci\u0105gu tygodnia jest du\u017cy. W obu sytuacjach wypadki zwykle zdarzaj\u0105 si\u0119 p\u00f3\u017anym popo\u0142udniem.<\/p>\n<p><img loading=\"lazy\" decoding=\"async\" class=\"alignnone size-full wp-image-176768 loading\" src=\"https:\/\/d2p6e6u75xmxt8.cloudfront.net\/2\/2020\/01\/when-not-to-ride-a-bicycle.jpg\" sizes=\"auto, (max-width: 1368px) 100vw, 1368px\" srcset=\"https:\/\/d2p6e6u75xmxt8.cloudfront.net\/2\/2020\/01\/when-not-to-ride-a-bicycle.jpg 1368w, https:\/\/d2p6e6u75xmxt8.cloudfront.net\/2\/2020\/01\/when-not-to-ride-a-bicycle-300x241.jpg 300w, https:\/\/d2p6e6u75xmxt8.cloudfront.net\/2\/2020\/01\/when-not-to-ride-a-bicycle-768x618.jpg 768w, https:\/\/d2p6e6u75xmxt8.cloudfront.net\/2\/2020\/01\/when-not-to-ride-a-bicycle-1024x823.jpg 1024w\" alt=\"\" width=\"1368\" height=\"1100\" data-was-processed=\"true\" \/><\/p>\n<p>Te czynniki s\u0105 r\u00f3wnie\u017c bardzo podobne, je\u015bli chodzi o ofiary \u015bmiertelne. W godzinach 18:00\u201321:00 jest wi\u0119cej wypadk\u00f3w \u015bmiertelnych ni\u017c w innych porach dnia. Ponadto 45% wszystkich wypadk\u00f3w \u015bmiertelnych dzieje si\u0119 po ciemku.<\/p>\n<p><img loading=\"lazy\" decoding=\"async\" class=\"alignnone size-full wp-image-176769 loading\" src=\"https:\/\/d2p6e6u75xmxt8.cloudfront.net\/2\/2020\/01\/fatalities-by-time-of-day.jpg\" sizes=\"auto, (max-width: 1536px) 100vw, 1536px\" srcset=\"https:\/\/d2p6e6u75xmxt8.cloudfront.net\/2\/2020\/01\/fatalities-by-time-of-day.jpg 1536w, https:\/\/d2p6e6u75xmxt8.cloudfront.net\/2\/2020\/01\/fatalities-by-time-of-day-300x132.jpg 300w, https:\/\/d2p6e6u75xmxt8.cloudfront.net\/2\/2020\/01\/fatalities-by-time-of-day-768x338.jpg 768w, https:\/\/d2p6e6u75xmxt8.cloudfront.net\/2\/2020\/01\/fatalities-by-time-of-day-1024x451.jpg 1024w\" alt=\"\" width=\"1536\" height=\"676\" data-was-processed=\"true\" \/><\/p>\n<h2><strong>Wypadki rowerowe kosztuj\u0105 Stany Zjednoczone 237 miliard\u00f3w dolar\u00f3w<\/strong><\/h2>\n<p>Kolejnym czynnikiem, kt\u00f3ry przyczynia si\u0119 do wzrostu liczby wypadk\u00f3w \u015bmiertelnych na rowerze, jest wzrost popularno\u015bci dojazd\u00f3w do pracy na dw\u00f3ch k\u00f3\u0142kach. Niestety to, w po\u0142\u0105czeniu z brakiem uwagi ze wzgl\u0119du na u\u017cywanie s\u0142uchawek i korzystanie z zestaw\u00f3w g\u0142o\u015bnom\u00f3wi\u0105cych, zbiera swoje \u017cniwo. Wed\u0142ug bada\u0144 przeprowadzonych w 2013 roku przez Uniwersytet Kalifornijski w San Francisco koszty leczenia ofiar wypadk\u00f3w rowerowych stale rosn\u0105 \u2013 o 789 milion\u00f3w dolar\u00f3w rocznie. Okaza\u0142o si\u0119, \u017ce w czasie badania obra\u017cenia i wypadki \u015bmiertelne w Stanach Zjednoczonych wygenerowa\u0142y koszty rz\u0119du 237 miliard\u00f3w dolar\u00f3w.<\/p>\n<h2><strong>Zawsze po bezpiecznej stronie<\/strong><\/h2>\n<p>Chcesz zrobi\u0107 co\u015b wi\u0119cej dla w\u0142asnego bezpiecze\u0144stwa? <a href=\"https:\/\/www.welovecycling.com\/pl\/safety\/\">Zapoznaj si\u0119 z <u>nasz\u0105 kampani\u0105 Zawsze po bezpiecznej stronie<\/u>.<\/a> Obejrzyj filmy omawiaj\u0105ce najcz\u0119stsze b\u0142\u0119dy pope\u0142niane przez rowerzyst\u00f3w i kierowc\u00f3w oraz dowiedz si\u0119, jak ich unikn\u0105\u0107.<\/p>\n<p><span data-sheets-value=\"{&quot;1&quot;:2,&quot;2&quot;:&quot;Artyku\u0142 powsta\u0142 we wsp\u00f3\u0142pracy ze skoda-auto.pl&quot;}\" data-sheets-userformat=\"{&quot;2&quot;:1,&quot;3&quot;:{&quot;1&quot;:0}}\" data-sheets-hyperlink=\"http:\/\/www.skoda-auto.pl\/\"><a class=\"in-cell-link\" href=\"http:\/\/www.skoda-auto.pl\/\" target=\"_blank\" rel=\"noopener\">Artyku\u0142 powsta\u0142 we wsp\u00f3\u0142pracy ze skoda-auto.pl<\/a><\/span><\/p>\n<p><a href=\"https:\/\/sklep.skoda.pl\/pl\/sklep\/b\/331\/rowery-i-akcesoria-rowery.html\"><img loading=\"lazy\" decoding=\"async\" class=\"aligncenter wp-image-9608 size-full loading\" src=\"https:\/\/d2p6e6u75xmxt8.cloudfront.net\/5\/2019\/08\/baner_WLC_640x350_3.png\" sizes=\"auto, (max-width: 640px) 100vw, 640px\" srcset=\"https:\/\/d2p6e6u75xmxt8.cloudfront.net\/5\/2019\/08\/baner_WLC_640x350_3.png 640w, https:\/\/d2p6e6u75xmxt8.cloudfront.net\/5\/2019\/08\/baner_WLC_640x350_3-300x164.png 300w\" alt=\"\" width=\"640\" height=\"350\" data-was-processed=\"true\" \/><\/a><\/p>\n<p>&nbsp;<\/p>\n","protected":false},"excerpt":{"rendered":"<p>Jazda rowerem po mie\u015bcie nie jest pozbawiona ryzyka. Czy wiesz, kt\u00f3re dni i godziny s\u0105 najbardziej niebezpieczne, je\u015bli chodzi o [&hellip;]<\/p>\n","protected":false},"author":76,"featured_media":10454,"comment_status":"open","ping_status":"open","sticky":false,"template":"","format":"standard","meta":{"footnotes":""},"categories":[7],"tags":[],"global-categories":[303],"class_list":["post-10453","post","type-post","status-publish","format-standard","has-post-thumbnail","hentry","category-bezpieczenstwo","global-categories-cycling"],"yoast_head":"<!-- This site is optimized with the Yoast SEO Premium plugin v25.3 (Yoast SEO v25.9) - https:\/\/yoast.com\/wordpress\/plugins\/seo\/ -->\n<title>Kiedy zdarza si\u0119 wi\u0119kszo\u015b\u0107 wypadk\u00f3w rowerowych w mie\u015bcie? - \u0160koda We Love Cycling - Poland<\/title>\n<meta name=\"robots\" content=\"index, follow, max-snippet:-1, max-image-preview:large, max-video-preview:-1\" \/>\n<link rel=\"canonical\" href=\"https:\/\/www.welovecycling.com\/pl\/2020\/03\/20\/kiedy-zdarza-sie-wiekszosc-wypadkow-rowerowych-w-miescie\/\" \/>\n<meta property=\"og:locale\" content=\"pl_PL\" \/>\n<meta property=\"og:type\" content=\"article\" \/>\n<meta property=\"og:title\" content=\"Kiedy zdarza si\u0119 wi\u0119kszo\u015b\u0107 wypadk\u00f3w rowerowych w mie\u015bcie?\" \/>\n<meta property=\"og:description\" content=\"Jazda rowerem po mie\u015bcie nie jest pozbawiona ryzyka. Czy wiesz, kt\u00f3re dni i godziny s\u0105 najbardziej niebezpieczne, je\u015bli chodzi o [&hellip;]\" \/>\n<meta property=\"og:url\" content=\"https:\/\/www.welovecycling.com\/pl\/2020\/03\/20\/kiedy-zdarza-sie-wiekszosc-wypadkow-rowerowych-w-miescie\/\" \/>\n<meta property=\"og:site_name\" content=\"\u0160koda We Love Cycling - Poland\" \/>\n<meta property=\"article:published_time\" content=\"2020-03-20T09:19:31+00:00\" \/>\n<meta property=\"og:image\" content=\"https:\/\/d2p6e6u75xmxt8.cloudfront.net\/5\/2020\/03\/Bicycle-CVR-profimedia-0495250667-1024x450.jpg\" \/>\n\t<meta property=\"og:image:width\" content=\"1024\" \/>\n\t<meta property=\"og:image:height\" content=\"450\" \/>\n\t<meta property=\"og:image:type\" content=\"image\/jpeg\" \/>\n<meta name=\"author\" content=\"piotrboczkowski\" \/>\n<meta name=\"twitter:card\" content=\"summary_large_image\" \/>\n<meta name=\"twitter:label1\" content=\"Written by\" \/>\n\t<meta name=\"twitter:data1\" content=\"Jiri Kaloc\" \/>\n\t<meta name=\"twitter:label2\" content=\"Est. reading time\" \/>\n\t<meta name=\"twitter:data2\" content=\"3 minutes\" \/>\n<script type=\"application\/ld+json\" class=\"yoast-schema-graph\">{\"@context\":\"https:\/\/schema.org\",\"@graph\":[{\"@type\":\"WebPage\",\"@id\":\"https:\/\/www.welovecycling.com\/pl\/2020\/03\/20\/kiedy-zdarza-sie-wiekszosc-wypadkow-rowerowych-w-miescie\/\",\"url\":\"https:\/\/www.welovecycling.com\/pl\/2020\/03\/20\/kiedy-zdarza-sie-wiekszosc-wypadkow-rowerowych-w-miescie\/\",\"name\":\"Kiedy zdarza si\u0119 wi\u0119kszo\u015b\u0107 wypadk\u00f3w rowerowych w mie\u015bcie? - \u0160koda We Love Cycling - Poland\",\"isPartOf\":{\"@id\":\"https:\/\/www.welovecycling.com\/pl\/#website\"},\"primaryImageOfPage\":{\"@id\":\"https:\/\/www.welovecycling.com\/pl\/2020\/03\/20\/kiedy-zdarza-sie-wiekszosc-wypadkow-rowerowych-w-miescie\/#primaryimage\"},\"image\":{\"@id\":\"https:\/\/www.welovecycling.com\/pl\/2020\/03\/20\/kiedy-zdarza-sie-wiekszosc-wypadkow-rowerowych-w-miescie\/#primaryimage\"},\"thumbnailUrl\":\"https:\/\/d2p6e6u75xmxt8.cloudfront.net\/5\/2020\/03\/Bicycle-CVR-profimedia-0495250667-1024x450.jpg\",\"datePublished\":\"2020-03-20T09:19:31+00:00\",\"author\":{\"@id\":\"https:\/\/www.welovecycling.com\/pl\/#\/schema\/person\/0dba2d39da943db9df3fd8f4687e7f23\"},\"breadcrumb\":{\"@id\":\"https:\/\/www.welovecycling.com\/pl\/2020\/03\/20\/kiedy-zdarza-sie-wiekszosc-wypadkow-rowerowych-w-miescie\/#breadcrumb\"},\"inLanguage\":\"pl-PL\",\"potentialAction\":[{\"@type\":\"ReadAction\",\"target\":[\"https:\/\/www.welovecycling.com\/pl\/2020\/03\/20\/kiedy-zdarza-sie-wiekszosc-wypadkow-rowerowych-w-miescie\/\"]}]},{\"@type\":\"ImageObject\",\"inLanguage\":\"pl-PL\",\"@id\":\"https:\/\/www.welovecycling.com\/pl\/2020\/03\/20\/kiedy-zdarza-sie-wiekszosc-wypadkow-rowerowych-w-miescie\/#primaryimage\",\"url\":\"https:\/\/d2p6e6u75xmxt8.cloudfront.net\/5\/2020\/03\/Bicycle-CVR-profimedia-0495250667-1024x450.jpg\",\"contentUrl\":\"https:\/\/d2p6e6u75xmxt8.cloudfront.net\/5\/2020\/03\/Bicycle-CVR-profimedia-0495250667-1024x450.jpg\",\"width\":1024,\"height\":450},{\"@type\":\"BreadcrumbList\",\"@id\":\"https:\/\/www.welovecycling.com\/pl\/2020\/03\/20\/kiedy-zdarza-sie-wiekszosc-wypadkow-rowerowych-w-miescie\/#breadcrumb\",\"itemListElement\":[{\"@type\":\"ListItem\",\"position\":1,\"name\":\"Home\",\"item\":\"https:\/\/www.welovecycling.com\/pl\/\"},{\"@type\":\"ListItem\",\"position\":2,\"name\":\"Kiedy zdarza si\u0119 wi\u0119kszo\u015b\u0107 wypadk\u00f3w rowerowych w mie\u015bcie?\"}]},{\"@type\":\"WebSite\",\"@id\":\"https:\/\/www.welovecycling.com\/pl\/#website\",\"url\":\"https:\/\/www.welovecycling.com\/pl\/\",\"name\":\"\u0160koda We Love Cycling - Poland\",\"description\":\"\",\"potentialAction\":[{\"@type\":\"SearchAction\",\"target\":{\"@type\":\"EntryPoint\",\"urlTemplate\":\"https:\/\/www.welovecycling.com\/pl\/?s={search_term_string}\"},\"query-input\":{\"@type\":\"PropertyValueSpecification\",\"valueRequired\":true,\"valueName\":\"search_term_string\"}}],\"inLanguage\":\"pl-PL\"},{\"@type\":\"Person\",\"@id\":\"https:\/\/www.welovecycling.com\/pl\/#\/schema\/person\/0dba2d39da943db9df3fd8f4687e7f23\",\"name\":\"piotrboczkowski\",\"image\":{\"@type\":\"ImageObject\",\"inLanguage\":\"pl-PL\",\"@id\":\"https:\/\/www.welovecycling.com\/pl\/#\/schema\/person\/image\/\",\"url\":\"https:\/\/secure.gravatar.com\/avatar\/533caccae14752e03a2ce2d3fd62d1b98b93e1393c3195c27819e53344ca1ace?s=96&d=mm&r=g\",\"contentUrl\":\"https:\/\/secure.gravatar.com\/avatar\/533caccae14752e03a2ce2d3fd62d1b98b93e1393c3195c27819e53344ca1ace?s=96&d=mm&r=g\",\"caption\":\"piotrboczkowski\"},\"url\":\"https:\/\/www.welovecycling.com\/pl\/author\/piotrboczkowski\/\"}]}<\/script>\n<!-- \/ Yoast SEO Premium plugin. -->","yoast_head_json":{"title":"Kiedy zdarza si\u0119 wi\u0119kszo\u015b\u0107 wypadk\u00f3w rowerowych w mie\u015bcie? - \u0160koda We Love Cycling - Poland","robots":{"index":"index","follow":"follow","max-snippet":"max-snippet:-1","max-image-preview":"max-image-preview:large","max-video-preview":"max-video-preview:-1"},"canonical":"https:\/\/www.welovecycling.com\/pl\/2020\/03\/20\/kiedy-zdarza-sie-wiekszosc-wypadkow-rowerowych-w-miescie\/","og_locale":"pl_PL","og_type":"article","og_title":"Kiedy zdarza si\u0119 wi\u0119kszo\u015b\u0107 wypadk\u00f3w rowerowych w mie\u015bcie?","og_description":"Jazda rowerem po mie\u015bcie nie jest pozbawiona ryzyka. Czy wiesz, kt\u00f3re dni i godziny s\u0105 najbardziej niebezpieczne, je\u015bli chodzi o [&hellip;]","og_url":"https:\/\/www.welovecycling.com\/pl\/2020\/03\/20\/kiedy-zdarza-sie-wiekszosc-wypadkow-rowerowych-w-miescie\/","og_site_name":"\u0160koda We Love Cycling - Poland","article_published_time":"2020-03-20T09:19:31+00:00","og_image":[{"width":1024,"height":450,"url":"https:\/\/d2p6e6u75xmxt8.cloudfront.net\/5\/2020\/03\/Bicycle-CVR-profimedia-0495250667-1024x450.jpg","type":"image\/jpeg"}],"author":"piotrboczkowski","twitter_card":"summary_large_image","twitter_misc":{"Written by":"Jiri Kaloc","Est. reading time":"3 minutes"},"schema":{"@context":"https:\/\/schema.org","@graph":[{"@type":"WebPage","@id":"https:\/\/www.welovecycling.com\/pl\/2020\/03\/20\/kiedy-zdarza-sie-wiekszosc-wypadkow-rowerowych-w-miescie\/","url":"https:\/\/www.welovecycling.com\/pl\/2020\/03\/20\/kiedy-zdarza-sie-wiekszosc-wypadkow-rowerowych-w-miescie\/","name":"Kiedy zdarza si\u0119 wi\u0119kszo\u015b\u0107 wypadk\u00f3w rowerowych w mie\u015bcie? - \u0160koda We Love Cycling - Poland","isPartOf":{"@id":"https:\/\/www.welovecycling.com\/pl\/#website"},"primaryImageOfPage":{"@id":"https:\/\/www.welovecycling.com\/pl\/2020\/03\/20\/kiedy-zdarza-sie-wiekszosc-wypadkow-rowerowych-w-miescie\/#primaryimage"},"image":{"@id":"https:\/\/www.welovecycling.com\/pl\/2020\/03\/20\/kiedy-zdarza-sie-wiekszosc-wypadkow-rowerowych-w-miescie\/#primaryimage"},"thumbnailUrl":"https:\/\/d2p6e6u75xmxt8.cloudfront.net\/5\/2020\/03\/Bicycle-CVR-profimedia-0495250667-1024x450.jpg","datePublished":"2020-03-20T09:19:31+00:00","author":{"@id":"https:\/\/www.welovecycling.com\/pl\/#\/schema\/person\/0dba2d39da943db9df3fd8f4687e7f23"},"breadcrumb":{"@id":"https:\/\/www.welovecycling.com\/pl\/2020\/03\/20\/kiedy-zdarza-sie-wiekszosc-wypadkow-rowerowych-w-miescie\/#breadcrumb"},"inLanguage":"pl-PL","potentialAction":[{"@type":"ReadAction","target":["https:\/\/www.welovecycling.com\/pl\/2020\/03\/20\/kiedy-zdarza-sie-wiekszosc-wypadkow-rowerowych-w-miescie\/"]}]},{"@type":"ImageObject","inLanguage":"pl-PL","@id":"https:\/\/www.welovecycling.com\/pl\/2020\/03\/20\/kiedy-zdarza-sie-wiekszosc-wypadkow-rowerowych-w-miescie\/#primaryimage","url":"https:\/\/d2p6e6u75xmxt8.cloudfront.net\/5\/2020\/03\/Bicycle-CVR-profimedia-0495250667-1024x450.jpg","contentUrl":"https:\/\/d2p6e6u75xmxt8.cloudfront.net\/5\/2020\/03\/Bicycle-CVR-profimedia-0495250667-1024x450.jpg","width":1024,"height":450},{"@type":"BreadcrumbList","@id":"https:\/\/www.welovecycling.com\/pl\/2020\/03\/20\/kiedy-zdarza-sie-wiekszosc-wypadkow-rowerowych-w-miescie\/#breadcrumb","itemListElement":[{"@type":"ListItem","position":1,"name":"Home","item":"https:\/\/www.welovecycling.com\/pl\/"},{"@type":"ListItem","position":2,"name":"Kiedy zdarza si\u0119 wi\u0119kszo\u015b\u0107 wypadk\u00f3w rowerowych w mie\u015bcie?"}]},{"@type":"WebSite","@id":"https:\/\/www.welovecycling.com\/pl\/#website","url":"https:\/\/www.welovecycling.com\/pl\/","name":"\u0160koda We Love Cycling - Poland","description":"","potentialAction":[{"@type":"SearchAction","target":{"@type":"EntryPoint","urlTemplate":"https:\/\/www.welovecycling.com\/pl\/?s={search_term_string}"},"query-input":{"@type":"PropertyValueSpecification","valueRequired":true,"valueName":"search_term_string"}}],"inLanguage":"pl-PL"},{"@type":"Person","@id":"https:\/\/www.welovecycling.com\/pl\/#\/schema\/person\/0dba2d39da943db9df3fd8f4687e7f23","name":"piotrboczkowski","image":{"@type":"ImageObject","inLanguage":"pl-PL","@id":"https:\/\/www.welovecycling.com\/pl\/#\/schema\/person\/image\/","url":"https:\/\/secure.gravatar.com\/avatar\/533caccae14752e03a2ce2d3fd62d1b98b93e1393c3195c27819e53344ca1ace?s=96&d=mm&r=g","contentUrl":"https:\/\/secure.gravatar.com\/avatar\/533caccae14752e03a2ce2d3fd62d1b98b93e1393c3195c27819e53344ca1ace?s=96&d=mm&r=g","caption":"piotrboczkowski"},"url":"https:\/\/www.welovecycling.com\/pl\/author\/piotrboczkowski\/"}]}},"_links":{"self":[{"href":"https:\/\/www.welovecycling.com\/pl\/wp-json\/wp\/v2\/posts\/10453","targetHints":{"allow":["GET"]}}],"collection":[{"href":"https:\/\/www.welovecycling.com\/pl\/wp-json\/wp\/v2\/posts"}],"about":[{"href":"https:\/\/www.welovecycling.com\/pl\/wp-json\/wp\/v2\/types\/post"}],"author":[{"embeddable":true,"href":"https:\/\/www.welovecycling.com\/pl\/wp-json\/wp\/v2\/users\/76"}],"replies":[{"embeddable":true,"href":"https:\/\/www.welovecycling.com\/pl\/wp-json\/wp\/v2\/comments?post=10453"}],"version-history":[{"count":1,"href":"https:\/\/www.welovecycling.com\/pl\/wp-json\/wp\/v2\/posts\/10453\/revisions"}],"predecessor-version":[{"id":10455,"href":"https:\/\/www.welovecycling.com\/pl\/wp-json\/wp\/v2\/posts\/10453\/revisions\/10455"}],"wp:featuredmedia":[{"embeddable":true,"href":"https:\/\/www.welovecycling.com\/pl\/wp-json\/wp\/v2\/media\/10454"}],"wp:attachment":[{"href":"https:\/\/www.welovecycling.com\/pl\/wp-json\/wp\/v2\/media?parent=10453"}],"wp:term":[{"taxonomy":"category","embeddable":true,"href":"https:\/\/www.welovecycling.com\/pl\/wp-json\/wp\/v2\/categories?post=10453"},{"taxonomy":"post_tag","embeddable":true,"href":"https:\/\/www.welovecycling.com\/pl\/wp-json\/wp\/v2\/tags?post=10453"},{"taxonomy":"global-categories","embeddable":true,"href":"https:\/\/www.welovecycling.com\/pl\/wp-json\/wp\/v2\/global-categories?post=10453"}],"curies":[{"name":"wp","href":"https:\/\/api.w.org\/{rel}","templated":true}]}}