{"id":10448,"date":"2020-03-19T15:18:22","date_gmt":"2020-03-19T15:18:22","guid":{"rendered":"https:\/\/www.welovecycling.com\/pl\/?p=10448"},"modified":"2020-03-19T15:18:22","modified_gmt":"2020-03-19T15:18:22","slug":"trendy-rowerowe-na-ten-rok","status":"publish","type":"post","link":"https:\/\/www.welovecycling.com\/pl\/2020\/03\/19\/trendy-rowerowe-na-ten-rok\/","title":{"rendered":"Trendy rowerowe na ten rok"},"content":{"rendered":"<p><strong>M\u00f3wi si\u0119, \u017ce technologia nigdy nie zwalnia, a jej celem jest nieustanna ewolucja i udoskonalanie, dop\u00f3ki nie zostanie zast\u0105piona now\u0105, lepsz\u0105 i zazwyczaj te\u017c dro\u017csz\u0105. Oczywi\u015bcie ta prawid\u0142owo\u015b\u0107 dotyczy r\u00f3wnie\u017c rower\u00f3w. Nowe komponenty i technologie cyfrowe szalenie zmieni\u0142y nasz ulubiony pojazd, czyni\u0105c go szybszym, l\u017cejszym i bardziej smart. Ale najgor\u0119tszy trend w kolarstwie w tym roku zaczyna si\u0119 przedrostkiem \u201ee-\u201d i nie mamy tu na my\u015bli ergonomii.<\/strong><\/p>\n<p>Uwielbiasz je czy nienawidzisz, e-rowery s\u0105 na topie. Analitycy tej bran\u017cy oczekuj\u0105 trzykrotnie wy\u017cszej sprzeda\u017cy e-rower\u00f3w w ci\u0105gu najbli\u017cszych pi\u0119ciu lat. Wed\u0142ug Timo Ellenbergera pisz\u0105cego dla ispo.com: \u201eRowery elektryczne staj\u0105 si\u0119 tak powszechne, jak buty sportowe w latach 80.! Wcze\u015bniej do wyboru by\u0142y trzy lub cztery modele, kt\u00f3re pasowa\u0142y wi\u0119kszo\u015bci u\u017cytkownik\u00f3w. Dzisiaj istniej\u0105 modele but\u00f3w nie tylko odpowiednie do ka\u017cdego rodzaju sportu, ale sta\u0142y si\u0119 jednocze\u015bnie wyrazem stylu \u017cycia i charakteru tego, kto je nosi\u201d.<\/p>\n<p>Ellenberger uwa\u017ca, \u017ce \u200b\u200bw tym roku b\u0119d\u0105 dost\u0119pne trzy lub cztery modele e-rower\u00f3w do transportu towar\u00f3w i ludzi, w tym takie, kt\u00f3re oferuj\u0105 rozwi\u0105zania dla rodzin z wi\u0119cej ni\u017c jednym dzieckiem. Ponadto nap\u0119dy elektryczne pojawi\u0105 si\u0119 w kompaktowych rowerach sk\u0142adanych, kt\u00f3re zapewni\u0105 przyjazne dla klimatu przemieszczanie si\u0119 mi\u0119dzy domem, transportem publicznym i prac\u0105.<\/p>\n<p>Timo uwa\u017ca r\u00f3wnie\u017c, \u017ce dost\u0119pne stan\u0105 si\u0119 tak\u017ce nowe modele zaprojektowane w przemy\u015blany spos\u00f3b, kt\u00f3re p\u0142ynnie zintegruj\u0105 kompaktowy silnik z w\u0105sk\u0105 bateri\u0105, co przekona dotychczasowych przeciwnik\u00f3w e-rower\u00f3w do rozwa\u017cenia ich zakupu. Jednym z najlepszych przyk\u0142ad\u00f3w jest model Cowboy, kt\u00f3ry ma wymienn\u0105 bateri\u0119.<\/p>\n<p>https:\/\/www.instagram.com\/p\/B6ffBjZArDO\/?utm_source=ig_embed<\/p>\n<p>Kolejnym (ju\u017c nieelektrycznym) trendem w tym roku b\u0119dzie zwi\u0119kszenie wszechstronno\u015bci jazdy na rowerze ze wzgl\u0119du na nowe rozwi\u0105zania, kt\u00f3re pojawi\u0105 si\u0119 w oponach. Dzi\u0119ki zmianie ich szeroko\u015bci na rowerze szosowym dojedziesz praktycznie wsz\u0119dzie, poniewa\u017c b\u0119d\u0105 one r\u00f3wnie wygodne i stabilne na asfalcie, jak na szutrze. Oznacza to, \u017ce szos\u00f3wki b\u0119d\u0105 przypomina\u0142y rowery wy\u015bcigowe, ale zapewni\u0105 wi\u0119kszy komfort i szerszy zakres bieg\u00f3w.<\/p>\n<p>W kilku rowerach ju\u017c tak jest, na przyk\u0142ad Trek Domane 2020 mo\u017ce pomie\u015bci\u0107 opon\u0119 o \u015brednicy 38 mm, kt\u00f3ra jest naprawd\u0119 gruba jak na rower szosowy.<\/p>\n<p>Konsekwencj\u0105 mo\u017cliwo\u015bci je\u017cd\u017cenia po r\u00f3\u017cnym terenie jednym rowerem mo\u017ce by\u0107 to, \u017ce r\u00f3\u017cnica mi\u0119dzy rowerami aero, szosowymi i \u017cwirowymi zniknie i ostatecznie b\u0119dziemy mie\u0107 mniej rodzaj\u00f3w pojazd\u00f3w, na przyk\u0142ad tylko szos\u00f3wki, wy\u015bcig\u00f3wki i MTB.<\/p>\n<figure id=\"attachment_176880\" aria-describedby=\"caption-attachment-176880\" style=\"width: 1920px\" class=\"wp-caption alignnone\"><img loading=\"lazy\" decoding=\"async\" class=\"loading wp-image-176880 size-full\" src=\"https:\/\/d2p6e6u75xmxt8.cloudfront.net\/2\/2020\/02\/DomaneSL6_20_28313_C_Alt1_2000x.jpg\" sizes=\"auto, (max-width: 1920px) 100vw, 1920px\" srcset=\"https:\/\/d2p6e6u75xmxt8.cloudfront.net\/2\/2020\/02\/DomaneSL6_20_28313_C_Alt1_2000x.jpg 1920w, https:\/\/d2p6e6u75xmxt8.cloudfront.net\/2\/2020\/02\/DomaneSL6_20_28313_C_Alt1_2000x-300x225.jpg 300w, https:\/\/d2p6e6u75xmxt8.cloudfront.net\/2\/2020\/02\/DomaneSL6_20_28313_C_Alt1_2000x-768x576.jpg 768w, https:\/\/d2p6e6u75xmxt8.cloudfront.net\/2\/2020\/02\/DomaneSL6_20_28313_C_Alt1_2000x-1024x768.jpg 1024w, https:\/\/d2p6e6u75xmxt8.cloudfront.net\/2\/2020\/02\/DomaneSL6_20_28313_C_Alt1_2000x-1920x1440.jpg 1920w\" alt=\"\" width=\"1920\" height=\"1440\" data-was-processed=\"true\" \/><figcaption id=\"caption-attachment-176880\" class=\"wp-caption-text\">Trek Domane SL 6 Disc 2020<\/figcaption><\/figure>\n<p>Na pocz\u0105tku wspomnieli\u015bmy o technologii cyfrowej, kt\u00f3ra przekszta\u0142ci\u0142a rower we wszechwiedz\u0105c\u0105 maszyn\u0119. Komputery pok\u0142adowe wybieraj\u0105 najlepsz\u0105 tras\u0119, przewiduj\u0105 pogod\u0119 i umo\u017cliwiaj\u0105 \u015bledzenie swoich czas\u00f3w i wynik\u00f3w. Ponadto sprytne systemy GPS pomagaj\u0105 dba\u0107 o bezpiecze\u0144stwo, umo\u017cliwiaj\u0105c \u015bledzenie roweru, je\u015bli zosta\u0142 skradziony.<\/p>\n<p>Przygotuj si\u0119 te\u017c na wy\u017cszy poziom zmian: okulary rowerowe do rozszerzonej rzeczywisto\u015bci (AR). Maj\u0105 one wszystko, co zapewnia komputer, ale nie tylko. Posiadaj\u0105 nawigacj\u0119 GPS i g\u0142osow\u0105, mo\u017cliwo\u015b\u0107 \u015bledzenia sprawno\u015bci i wydajno\u015bci, muzyczne playlisty, ponadto umo\u017cliwiaj\u0105 komunikacj\u0119 z innymi rowerzystami w trybie g\u0142o\u015bnom\u00f3wi\u0105cym oraz odbieraj\u0105 i przekazuj\u0105 po\u0142\u0105czenia telefoniczne podczas jazdy. Okulary Raptor firmy Everysight pozwalaj\u0105 nawet robi\u0107 zdj\u0119cia i nagrywa\u0107 filmy, kt\u00f3re mo\u017cna udost\u0119pnia\u0107 w mediach spo\u0142eczno\u015bciowych.<\/p>\n<div class=\"embed-controller-wrapper\">\n<div class=\"embed-wrapper\"><iframe title=\"Everysight Raptor Smart Glasses | GCN&#039;s First Look\" width=\"500\" height=\"281\" data-src=\"https:\/\/www.youtube.com\/embed\/KEDuG2r9a0g?feature=oembed\" frameborder=\"0\" allow=\"accelerometer; autoplay; clipboard-write; encrypted-media; gyroscope; picture-in-picture; web-share\" referrerpolicy=\"strict-origin-when-cross-origin\" allowfullscreen><\/iframe><\/div>\n<\/div>\n<p>Okulary innej firmy, SOLOS, wykorzystuj\u0105 wirtualny ekran, kt\u00f3ry mo\u017cna dostosowa\u0107 do osobistych preferencji. Po nawi\u0105zaniu po\u0142\u0105czenia przez Bluetooth wydajesz polecenia g\u0142osowe za pomoc\u0105 telefonu lub wbudowanego systemu nawigacyjnego i wybierasz to, co chcesz s\u0142ysze\u0107 lub zobaczy\u0107. Mog\u0105 to by\u0107 spalone kalorie, pokonane kilometry lub wysoko\u015b\u0107 terenu. Okulary SOLOS korzystaj\u0105 z akumulatora przeznaczonego do wielokrotnego \u0142adowania i wystarczaj\u0105 na pi\u0119\u0107 godzin jazdy na rowerze w rzeczywisto\u015bci rozszerzonej. Prawda, \u017ce brzmi \u015bwietnie?<\/p>\n<p><span data-sheets-value=\"{&quot;1&quot;:2,&quot;2&quot;:&quot;Artyku\u0142 powsta\u0142 we wsp\u00f3\u0142pracy ze skoda-auto.pl&quot;}\" data-sheets-userformat=\"{&quot;2&quot;:1,&quot;3&quot;:{&quot;1&quot;:0}}\" data-sheets-hyperlink=\"http:\/\/www.skoda-auto.pl\/\"><a class=\"in-cell-link\" href=\"http:\/\/www.skoda-auto.pl\/\" target=\"_blank\" rel=\"noopener\">Artyku\u0142 powsta\u0142 we wsp\u00f3\u0142pracy ze skoda-auto.pl<\/a><\/span><\/p>\n<p><a href=\"https:\/\/sklep.skoda.pl\/pl\/sklep\/b\/331\/rowery-i-akcesoria-rowery.html\"><img loading=\"lazy\" decoding=\"async\" class=\"aligncenter wp-image-9608 size-full loading\" src=\"https:\/\/d2p6e6u75xmxt8.cloudfront.net\/5\/2019\/08\/baner_WLC_640x350_3.png\" sizes=\"auto, (max-width: 640px) 100vw, 640px\" srcset=\"https:\/\/d2p6e6u75xmxt8.cloudfront.net\/5\/2019\/08\/baner_WLC_640x350_3.png 640w, https:\/\/d2p6e6u75xmxt8.cloudfront.net\/5\/2019\/08\/baner_WLC_640x350_3-300x164.png 300w\" alt=\"\" width=\"640\" height=\"350\" data-was-processed=\"true\" \/><\/a><\/p>\n<p>&nbsp;<\/p>\n","protected":false},"excerpt":{"rendered":"<p>M\u00f3wi si\u0119, \u017ce technologia nigdy nie zwalnia, a jej celem jest nieustanna ewolucja i udoskonalanie, dop\u00f3ki nie zostanie zast\u0105piona now\u0105, [&hellip;]<\/p>\n","protected":false},"author":76,"featured_media":10451,"comment_status":"open","ping_status":"open","sticky":false,"template":"","format":"standard","meta":{"footnotes":""},"categories":[226],"tags":[],"global-categories":[303],"class_list":["post-10448","post","type-post","status-publish","format-standard","has-post-thumbnail","hentry","category-ciekawostki","global-categories-cycling"],"yoast_head":"<!-- This site is optimized with the Yoast SEO Premium plugin v25.3 (Yoast SEO v25.9) - https:\/\/yoast.com\/wordpress\/plugins\/seo\/ -->\n<title>Trendy rowerowe na ten rok - \u0160koda We Love Cycling - Poland<\/title>\n<meta name=\"robots\" content=\"index, follow, max-snippet:-1, max-image-preview:large, max-video-preview:-1\" \/>\n<link rel=\"canonical\" href=\"https:\/\/www.welovecycling.com\/pl\/2020\/03\/19\/trendy-rowerowe-na-ten-rok\/\" \/>\n<meta property=\"og:locale\" content=\"pl_PL\" \/>\n<meta property=\"og:type\" content=\"article\" \/>\n<meta property=\"og:title\" content=\"Trendy rowerowe na ten rok\" \/>\n<meta property=\"og:description\" content=\"M\u00f3wi si\u0119, \u017ce technologia nigdy nie zwalnia, a jej celem jest nieustanna ewolucja i udoskonalanie, dop\u00f3ki nie zostanie zast\u0105piona now\u0105, [&hellip;]\" \/>\n<meta property=\"og:url\" content=\"https:\/\/www.welovecycling.com\/pl\/2020\/03\/19\/trendy-rowerowe-na-ten-rok\/\" \/>\n<meta property=\"og:site_name\" content=\"\u0160koda We Love Cycling - Poland\" \/>\n<meta property=\"article:published_time\" content=\"2020-03-19T15:18:22+00:00\" \/>\n<meta property=\"og:image\" content=\"https:\/\/d2p6e6u75xmxt8.cloudfront.net\/5\/2020\/03\/AR-CVR-Cycling-1024x450.jpg\" \/>\n\t<meta property=\"og:image:width\" content=\"1024\" \/>\n\t<meta property=\"og:image:height\" content=\"450\" \/>\n\t<meta property=\"og:image:type\" content=\"image\/jpeg\" \/>\n<meta name=\"author\" content=\"piotrboczkowski\" \/>\n<meta name=\"twitter:card\" content=\"summary_large_image\" \/>\n<meta name=\"twitter:label1\" content=\"Written by\" \/>\n\t<meta name=\"twitter:data1\" content=\"Siegfried Mortkowitz\" \/>\n\t<meta name=\"twitter:label2\" content=\"Est. reading time\" \/>\n\t<meta name=\"twitter:data2\" content=\"4 minutes\" \/>\n<script type=\"application\/ld+json\" class=\"yoast-schema-graph\">{\"@context\":\"https:\/\/schema.org\",\"@graph\":[{\"@type\":\"WebPage\",\"@id\":\"https:\/\/www.welovecycling.com\/pl\/2020\/03\/19\/trendy-rowerowe-na-ten-rok\/\",\"url\":\"https:\/\/www.welovecycling.com\/pl\/2020\/03\/19\/trendy-rowerowe-na-ten-rok\/\",\"name\":\"Trendy rowerowe na ten rok - \u0160koda We Love Cycling - Poland\",\"isPartOf\":{\"@id\":\"https:\/\/www.welovecycling.com\/pl\/#website\"},\"primaryImageOfPage\":{\"@id\":\"https:\/\/www.welovecycling.com\/pl\/2020\/03\/19\/trendy-rowerowe-na-ten-rok\/#primaryimage\"},\"image\":{\"@id\":\"https:\/\/www.welovecycling.com\/pl\/2020\/03\/19\/trendy-rowerowe-na-ten-rok\/#primaryimage\"},\"thumbnailUrl\":\"https:\/\/d2p6e6u75xmxt8.cloudfront.net\/5\/2020\/03\/AR-CVR-Cycling-1024x450.jpg\",\"datePublished\":\"2020-03-19T15:18:22+00:00\",\"author\":{\"@id\":\"https:\/\/www.welovecycling.com\/pl\/#\/schema\/person\/0dba2d39da943db9df3fd8f4687e7f23\"},\"breadcrumb\":{\"@id\":\"https:\/\/www.welovecycling.com\/pl\/2020\/03\/19\/trendy-rowerowe-na-ten-rok\/#breadcrumb\"},\"inLanguage\":\"pl-PL\",\"potentialAction\":[{\"@type\":\"ReadAction\",\"target\":[\"https:\/\/www.welovecycling.com\/pl\/2020\/03\/19\/trendy-rowerowe-na-ten-rok\/\"]}]},{\"@type\":\"ImageObject\",\"inLanguage\":\"pl-PL\",\"@id\":\"https:\/\/www.welovecycling.com\/pl\/2020\/03\/19\/trendy-rowerowe-na-ten-rok\/#primaryimage\",\"url\":\"https:\/\/d2p6e6u75xmxt8.cloudfront.net\/5\/2020\/03\/AR-CVR-Cycling-1024x450.jpg\",\"contentUrl\":\"https:\/\/d2p6e6u75xmxt8.cloudfront.net\/5\/2020\/03\/AR-CVR-Cycling-1024x450.jpg\",\"width\":1024,\"height\":450},{\"@type\":\"BreadcrumbList\",\"@id\":\"https:\/\/www.welovecycling.com\/pl\/2020\/03\/19\/trendy-rowerowe-na-ten-rok\/#breadcrumb\",\"itemListElement\":[{\"@type\":\"ListItem\",\"position\":1,\"name\":\"Home\",\"item\":\"https:\/\/www.welovecycling.com\/pl\/\"},{\"@type\":\"ListItem\",\"position\":2,\"name\":\"Trendy rowerowe na ten rok\"}]},{\"@type\":\"WebSite\",\"@id\":\"https:\/\/www.welovecycling.com\/pl\/#website\",\"url\":\"https:\/\/www.welovecycling.com\/pl\/\",\"name\":\"\u0160koda We Love Cycling - Poland\",\"description\":\"\",\"potentialAction\":[{\"@type\":\"SearchAction\",\"target\":{\"@type\":\"EntryPoint\",\"urlTemplate\":\"https:\/\/www.welovecycling.com\/pl\/?s={search_term_string}\"},\"query-input\":{\"@type\":\"PropertyValueSpecification\",\"valueRequired\":true,\"valueName\":\"search_term_string\"}}],\"inLanguage\":\"pl-PL\"},{\"@type\":\"Person\",\"@id\":\"https:\/\/www.welovecycling.com\/pl\/#\/schema\/person\/0dba2d39da943db9df3fd8f4687e7f23\",\"name\":\"piotrboczkowski\",\"image\":{\"@type\":\"ImageObject\",\"inLanguage\":\"pl-PL\",\"@id\":\"https:\/\/www.welovecycling.com\/pl\/#\/schema\/person\/image\/\",\"url\":\"https:\/\/secure.gravatar.com\/avatar\/533caccae14752e03a2ce2d3fd62d1b98b93e1393c3195c27819e53344ca1ace?s=96&d=mm&r=g\",\"contentUrl\":\"https:\/\/secure.gravatar.com\/avatar\/533caccae14752e03a2ce2d3fd62d1b98b93e1393c3195c27819e53344ca1ace?s=96&d=mm&r=g\",\"caption\":\"piotrboczkowski\"},\"url\":\"https:\/\/www.welovecycling.com\/pl\/author\/piotrboczkowski\/\"}]}<\/script>\n<!-- \/ Yoast SEO Premium plugin. -->","yoast_head_json":{"title":"Trendy rowerowe na ten rok - \u0160koda We Love Cycling - Poland","robots":{"index":"index","follow":"follow","max-snippet":"max-snippet:-1","max-image-preview":"max-image-preview:large","max-video-preview":"max-video-preview:-1"},"canonical":"https:\/\/www.welovecycling.com\/pl\/2020\/03\/19\/trendy-rowerowe-na-ten-rok\/","og_locale":"pl_PL","og_type":"article","og_title":"Trendy rowerowe na ten rok","og_description":"M\u00f3wi si\u0119, \u017ce technologia nigdy nie zwalnia, a jej celem jest nieustanna ewolucja i udoskonalanie, dop\u00f3ki nie zostanie zast\u0105piona now\u0105, [&hellip;]","og_url":"https:\/\/www.welovecycling.com\/pl\/2020\/03\/19\/trendy-rowerowe-na-ten-rok\/","og_site_name":"\u0160koda We Love Cycling - Poland","article_published_time":"2020-03-19T15:18:22+00:00","og_image":[{"width":1024,"height":450,"url":"https:\/\/d2p6e6u75xmxt8.cloudfront.net\/5\/2020\/03\/AR-CVR-Cycling-1024x450.jpg","type":"image\/jpeg"}],"author":"piotrboczkowski","twitter_card":"summary_large_image","twitter_misc":{"Written by":"Siegfried Mortkowitz","Est. reading time":"4 minutes"},"schema":{"@context":"https:\/\/schema.org","@graph":[{"@type":"WebPage","@id":"https:\/\/www.welovecycling.com\/pl\/2020\/03\/19\/trendy-rowerowe-na-ten-rok\/","url":"https:\/\/www.welovecycling.com\/pl\/2020\/03\/19\/trendy-rowerowe-na-ten-rok\/","name":"Trendy rowerowe na ten rok - \u0160koda We Love Cycling - Poland","isPartOf":{"@id":"https:\/\/www.welovecycling.com\/pl\/#website"},"primaryImageOfPage":{"@id":"https:\/\/www.welovecycling.com\/pl\/2020\/03\/19\/trendy-rowerowe-na-ten-rok\/#primaryimage"},"image":{"@id":"https:\/\/www.welovecycling.com\/pl\/2020\/03\/19\/trendy-rowerowe-na-ten-rok\/#primaryimage"},"thumbnailUrl":"https:\/\/d2p6e6u75xmxt8.cloudfront.net\/5\/2020\/03\/AR-CVR-Cycling-1024x450.jpg","datePublished":"2020-03-19T15:18:22+00:00","author":{"@id":"https:\/\/www.welovecycling.com\/pl\/#\/schema\/person\/0dba2d39da943db9df3fd8f4687e7f23"},"breadcrumb":{"@id":"https:\/\/www.welovecycling.com\/pl\/2020\/03\/19\/trendy-rowerowe-na-ten-rok\/#breadcrumb"},"inLanguage":"pl-PL","potentialAction":[{"@type":"ReadAction","target":["https:\/\/www.welovecycling.com\/pl\/2020\/03\/19\/trendy-rowerowe-na-ten-rok\/"]}]},{"@type":"ImageObject","inLanguage":"pl-PL","@id":"https:\/\/www.welovecycling.com\/pl\/2020\/03\/19\/trendy-rowerowe-na-ten-rok\/#primaryimage","url":"https:\/\/d2p6e6u75xmxt8.cloudfront.net\/5\/2020\/03\/AR-CVR-Cycling-1024x450.jpg","contentUrl":"https:\/\/d2p6e6u75xmxt8.cloudfront.net\/5\/2020\/03\/AR-CVR-Cycling-1024x450.jpg","width":1024,"height":450},{"@type":"BreadcrumbList","@id":"https:\/\/www.welovecycling.com\/pl\/2020\/03\/19\/trendy-rowerowe-na-ten-rok\/#breadcrumb","itemListElement":[{"@type":"ListItem","position":1,"name":"Home","item":"https:\/\/www.welovecycling.com\/pl\/"},{"@type":"ListItem","position":2,"name":"Trendy rowerowe na ten rok"}]},{"@type":"WebSite","@id":"https:\/\/www.welovecycling.com\/pl\/#website","url":"https:\/\/www.welovecycling.com\/pl\/","name":"\u0160koda We Love Cycling - Poland","description":"","potentialAction":[{"@type":"SearchAction","target":{"@type":"EntryPoint","urlTemplate":"https:\/\/www.welovecycling.com\/pl\/?s={search_term_string}"},"query-input":{"@type":"PropertyValueSpecification","valueRequired":true,"valueName":"search_term_string"}}],"inLanguage":"pl-PL"},{"@type":"Person","@id":"https:\/\/www.welovecycling.com\/pl\/#\/schema\/person\/0dba2d39da943db9df3fd8f4687e7f23","name":"piotrboczkowski","image":{"@type":"ImageObject","inLanguage":"pl-PL","@id":"https:\/\/www.welovecycling.com\/pl\/#\/schema\/person\/image\/","url":"https:\/\/secure.gravatar.com\/avatar\/533caccae14752e03a2ce2d3fd62d1b98b93e1393c3195c27819e53344ca1ace?s=96&d=mm&r=g","contentUrl":"https:\/\/secure.gravatar.com\/avatar\/533caccae14752e03a2ce2d3fd62d1b98b93e1393c3195c27819e53344ca1ace?s=96&d=mm&r=g","caption":"piotrboczkowski"},"url":"https:\/\/www.welovecycling.com\/pl\/author\/piotrboczkowski\/"}]}},"_links":{"self":[{"href":"https:\/\/www.welovecycling.com\/pl\/wp-json\/wp\/v2\/posts\/10448","targetHints":{"allow":["GET"]}}],"collection":[{"href":"https:\/\/www.welovecycling.com\/pl\/wp-json\/wp\/v2\/posts"}],"about":[{"href":"https:\/\/www.welovecycling.com\/pl\/wp-json\/wp\/v2\/types\/post"}],"author":[{"embeddable":true,"href":"https:\/\/www.welovecycling.com\/pl\/wp-json\/wp\/v2\/users\/76"}],"replies":[{"embeddable":true,"href":"https:\/\/www.welovecycling.com\/pl\/wp-json\/wp\/v2\/comments?post=10448"}],"version-history":[{"count":1,"href":"https:\/\/www.welovecycling.com\/pl\/wp-json\/wp\/v2\/posts\/10448\/revisions"}],"predecessor-version":[{"id":10452,"href":"https:\/\/www.welovecycling.com\/pl\/wp-json\/wp\/v2\/posts\/10448\/revisions\/10452"}],"wp:featuredmedia":[{"embeddable":true,"href":"https:\/\/www.welovecycling.com\/pl\/wp-json\/wp\/v2\/media\/10451"}],"wp:attachment":[{"href":"https:\/\/www.welovecycling.com\/pl\/wp-json\/wp\/v2\/media?parent=10448"}],"wp:term":[{"taxonomy":"category","embeddable":true,"href":"https:\/\/www.welovecycling.com\/pl\/wp-json\/wp\/v2\/categories?post=10448"},{"taxonomy":"post_tag","embeddable":true,"href":"https:\/\/www.welovecycling.com\/pl\/wp-json\/wp\/v2\/tags?post=10448"},{"taxonomy":"global-categories","embeddable":true,"href":"https:\/\/www.welovecycling.com\/pl\/wp-json\/wp\/v2\/global-categories?post=10448"}],"curies":[{"name":"wp","href":"https:\/\/api.w.org\/{rel}","templated":true}]}}