{"id":10444,"date":"2020-03-18T16:38:21","date_gmt":"2020-03-18T16:38:21","guid":{"rendered":"https:\/\/www.welovecycling.com\/pl\/?p=10444"},"modified":"2020-03-18T16:38:21","modified_gmt":"2020-03-18T16:38:21","slug":"jak-pokonac-polio-sila-woli-i-jazda-na-rowerze","status":"publish","type":"post","link":"https:\/\/www.welovecycling.com\/pl\/2020\/03\/18\/jak-pokonac-polio-sila-woli-i-jazda-na-rowerze\/","title":{"rendered":"Jak pokona\u0107 polio si\u0142\u0105 woli i jazd\u0105 na rowerze"},"content":{"rendered":"<p><strong>Geeta S Rao mia\u0142a zaledwie trzy lata, kiedy dosta\u0142a wysokiej gor\u0105czki. Po tym, jak rodzice zabrali j\u0105 do lekarza, okaza\u0142o si\u0119, \u017ce jest to infekcja polio, kt\u00f3ra rozprzestrzeni\u0142a si\u0119 ju\u017c w ca\u0142ym ciele. W ci\u0105gu kilku nast\u0119pnych dni Geeta nie mog\u0142a si\u0119 ju\u017c porusza\u0107. Przez kolejne kilka lat jej umys\u0142owy i fizyczny rozw\u00f3j by\u0142 bardzo powolny, ale po\u015bwi\u0119cenie jej rodzic\u00f3w by\u0142o ogromne. Kiedy nadszed\u0142 czas, by Geeta posz\u0142a do szko\u0142y, w\u00f3zek inwalidzki nie wchodzi\u0142 w gr\u0119, wi\u0119c zacz\u0119li nosi\u0107 j\u0105 na r\u0119kach a\u017c do samej \u0142awki. Ka\u017cdego dnia.<\/strong><\/p>\n<p>Pewnego razu, gdy by\u0142a w \u00f3smej klasie, rodzice nie\u015bli j\u0105 do szko\u0142y i Geeta us\u0142ysza\u0142a, jak przechodz\u0105ca obok kobieta powiedzia\u0142a, \u017ce \u200b\u200blepiej nie mie\u0107 w og\u00f3le c\u00f3rki ni\u017c mie\u0107 tak\u0105 jak ona. S\u0142owa te mocno j\u0105 zabola\u0142y i tego dnia pr\u00f3bowa\u0142a pope\u0142ni\u0107 samob\u00f3jstwo. Na szcz\u0119\u015bcie jej si\u0119 to nie uda\u0142o.<\/p>\n<p>\u201ePr\u00f3ba pope\u0142nienia samob\u00f3jstwa by\u0142a najgorsz\u0105 decyzj\u0105 w moim \u017cyciu. Odebra\u0142am to jako przes\u0142anie od Boga, aby walczy\u0107 o \u017cycie i wyj\u015b\u0107 z tej walki zwyci\u0119sko. Wkr\u00f3tce zdecydowa\u0142am, \u017ce nie chc\u0119 ju\u017c zale\u017ce\u0107 od innych ludzi, a jednocze\u015bnie zacz\u0119\u0142am codzienne \u0107wiczenia i fizjoterapi\u0119. W ci\u0105gu p\u00f3\u0142tora roku zacz\u0119\u0142am \u017cy\u0107 bez lek\u00f3w. Wkr\u00f3tce mog\u0142am sta\u0107 i chodzi\u0107 z pomoc\u0105 kul\u201d \u2013 powiedzia\u0142a Geeta Humans of Amdavad.<\/p>\n<p><img loading=\"lazy\" decoding=\"async\" class=\"alignnone size-full wp-image-176851 initial loaded\" src=\"https:\/\/d2p6e6u75xmxt8.cloudfront.net\/2\/2020\/02\/IMG_20160630_074923.jpg\" sizes=\"auto, (max-width: 722px) 100vw, 722px\" srcset=\"https:\/\/d2p6e6u75xmxt8.cloudfront.net\/2\/2020\/02\/IMG_20160630_074923.jpg 722w, https:\/\/d2p6e6u75xmxt8.cloudfront.net\/2\/2020\/02\/IMG_20160630_074923-150x150.jpg 150w, https:\/\/d2p6e6u75xmxt8.cloudfront.net\/2\/2020\/02\/IMG_20160630_074923-300x300.jpg 300w\" alt=\"\" width=\"722\" height=\"720\" data-was-processed=\"true\" \/><\/p>\n<p>Dziewczyna uzyska\u0142a licencjat z chemii w St Xavier&#8217;s College, a nast\u0119pnie zrobi\u0142a kursy PGDM w zakresie zasob\u00f3w ludzkich i komunikacji korporacyjnej. Pracowa\u0142a jako in\u017cynier IT w korporacji, ale odesz\u0142a stamt\u0105d, aby realizowa\u0107 swoje marzenie o podr\u00f3\u017cach. Teraz prowadzi biznes ze swoim bratem, jest wsp\u00f3\u0142w\u0142a\u015bcicielk\u0105 sieci siedmiu hoteli i planuje ich rozw\u00f3j.<\/p>\n<p>Jej lewa noga jest nadal niesprawna, ale to nie powstrzymuje Geety przed jazd\u0105 na rowerze, kt\u00f3ry sprezentowa\u0142a jej rodzina. Zacz\u0119\u0142a je\u017adzi\u0107 codziennie, a nawet uczestniczy\u0142a w 115-kilometrowym \u201eImpossible Race\u201d w pobli\u017cu Polo Forest w Indiach.<\/p>\n<p>\u201eJe\u015bli jest wola, znajdzie si\u0119 i spos\u00f3b. Widzia\u0142am, \u017ce moi niepe\u0142nosprawni przyjaciele maj\u0105 bardzo nisk\u0105 samoocen\u0119. Chc\u0119 im powiedzie\u0107: mierzcie wysoko. Nie zgadzajcie si\u0119 na \u017cycie, kt\u00f3re macie, je\u015bli Wam ono nie odpowiada. Walczcie o lepsze jutro, a przede wszystkim wierzcie w siebie\u201d \u2013 powiedzia\u0142a Geeta.<\/p>\n<p>&nbsp;<\/p>\n<p><span data-sheets-value=\"{&quot;1&quot;:2,&quot;2&quot;:&quot;Artyku\u0142 powsta\u0142 we wsp\u00f3\u0142pracy ze skoda-auto.pl&quot;}\" data-sheets-userformat=\"{&quot;2&quot;:1,&quot;3&quot;:{&quot;1&quot;:0}}\" data-sheets-hyperlink=\"http:\/\/www.skoda-auto.pl\/\"><a class=\"in-cell-link\" href=\"http:\/\/www.skoda-auto.pl\/\" target=\"_blank\" rel=\"noopener\">Artyku\u0142 powsta\u0142 we wsp\u00f3\u0142pracy ze skoda-auto.pl<\/a><\/span><\/p>\n<p><a href=\"https:\/\/www.skoda-auto.pl\/modele\/karoq\"><img loading=\"lazy\" decoding=\"async\" class=\"aligncenter wp-image-9609 size-full loading\" src=\"https:\/\/d2p6e6u75xmxt8.cloudfront.net\/5\/2019\/08\/baner_WLC_640x350_4.png\" sizes=\"auto, (max-width: 640px) 100vw, 640px\" srcset=\"https:\/\/d2p6e6u75xmxt8.cloudfront.net\/5\/2019\/08\/baner_WLC_640x350_4.png 640w, https:\/\/d2p6e6u75xmxt8.cloudfront.net\/5\/2019\/08\/baner_WLC_640x350_4-300x164.png 300w\" alt=\"\" width=\"640\" height=\"350\" data-was-processed=\"true\" \/>\u00a0<\/a><\/p>\n<p>&nbsp;<\/p>\n","protected":false},"excerpt":{"rendered":"<p>Geeta S Rao mia\u0142a zaledwie trzy lata, kiedy dosta\u0142a wysokiej gor\u0105czki. Po tym, jak rodzice zabrali j\u0105 do lekarza, okaza\u0142o [&hellip;]<\/p>\n","protected":false},"author":76,"featured_media":10445,"comment_status":"open","ping_status":"open","sticky":false,"template":"","format":"standard","meta":{"footnotes":""},"categories":[226],"tags":[],"global-categories":[303],"class_list":["post-10444","post","type-post","status-publish","format-standard","has-post-thumbnail","hentry","category-ciekawostki","global-categories-cycling"],"yoast_head":"<!-- This site is optimized with the Yoast SEO Premium plugin v25.3 (Yoast SEO v25.9) - https:\/\/yoast.com\/wordpress\/plugins\/seo\/ -->\n<title>Jak pokona\u0107 polio si\u0142\u0105 woli i jazd\u0105 na rowerze - \u0160koda We Love Cycling - Poland<\/title>\n<meta name=\"robots\" content=\"index, follow, max-snippet:-1, max-image-preview:large, max-video-preview:-1\" \/>\n<link rel=\"canonical\" href=\"https:\/\/www.welovecycling.com\/pl\/2020\/03\/18\/jak-pokonac-polio-sila-woli-i-jazda-na-rowerze\/\" \/>\n<meta property=\"og:locale\" content=\"pl_PL\" \/>\n<meta property=\"og:type\" content=\"article\" \/>\n<meta property=\"og:title\" content=\"Jak pokona\u0107 polio si\u0142\u0105 woli i jazd\u0105 na rowerze\" \/>\n<meta property=\"og:description\" content=\"Geeta S Rao mia\u0142a zaledwie trzy lata, kiedy dosta\u0142a wysokiej gor\u0105czki. Po tym, jak rodzice zabrali j\u0105 do lekarza, okaza\u0142o [&hellip;]\" \/>\n<meta property=\"og:url\" content=\"https:\/\/www.welovecycling.com\/pl\/2020\/03\/18\/jak-pokonac-polio-sila-woli-i-jazda-na-rowerze\/\" \/>\n<meta property=\"og:site_name\" content=\"\u0160koda We Love Cycling - Poland\" \/>\n<meta property=\"article:published_time\" content=\"2020-03-18T16:38:21+00:00\" \/>\n<meta property=\"og:image\" content=\"https:\/\/d2p6e6u75xmxt8.cloudfront.net\/5\/2020\/03\/Geeta-CVR-1024x450.jpg\" \/>\n\t<meta property=\"og:image:width\" content=\"1024\" \/>\n\t<meta property=\"og:image:height\" content=\"450\" \/>\n\t<meta property=\"og:image:type\" content=\"image\/jpeg\" \/>\n<meta name=\"author\" content=\"piotrboczkowski\" \/>\n<meta name=\"twitter:card\" content=\"summary_large_image\" \/>\n<meta name=\"twitter:label1\" content=\"Written by\" \/>\n\t<meta name=\"twitter:data1\" content=\"Monica Buck\" \/>\n\t<meta name=\"twitter:label2\" content=\"Est. reading time\" \/>\n\t<meta name=\"twitter:data2\" content=\"5\" \/>\n<script type=\"application\/ld+json\" class=\"yoast-schema-graph\">{\"@context\":\"https:\/\/schema.org\",\"@graph\":[{\"@type\":\"WebPage\",\"@id\":\"https:\/\/www.welovecycling.com\/pl\/2020\/03\/18\/jak-pokonac-polio-sila-woli-i-jazda-na-rowerze\/\",\"url\":\"https:\/\/www.welovecycling.com\/pl\/2020\/03\/18\/jak-pokonac-polio-sila-woli-i-jazda-na-rowerze\/\",\"name\":\"Jak pokona\u0107 polio si\u0142\u0105 woli i jazd\u0105 na rowerze - \u0160koda We Love Cycling - Poland\",\"isPartOf\":{\"@id\":\"https:\/\/www.welovecycling.com\/pl\/#website\"},\"primaryImageOfPage\":{\"@id\":\"https:\/\/www.welovecycling.com\/pl\/2020\/03\/18\/jak-pokonac-polio-sila-woli-i-jazda-na-rowerze\/#primaryimage\"},\"image\":{\"@id\":\"https:\/\/www.welovecycling.com\/pl\/2020\/03\/18\/jak-pokonac-polio-sila-woli-i-jazda-na-rowerze\/#primaryimage\"},\"thumbnailUrl\":\"https:\/\/d2p6e6u75xmxt8.cloudfront.net\/5\/2020\/03\/Geeta-CVR-1024x450.jpg\",\"datePublished\":\"2020-03-18T16:38:21+00:00\",\"author\":{\"@id\":\"https:\/\/www.welovecycling.com\/pl\/#\/schema\/person\/0dba2d39da943db9df3fd8f4687e7f23\"},\"breadcrumb\":{\"@id\":\"https:\/\/www.welovecycling.com\/pl\/2020\/03\/18\/jak-pokonac-polio-sila-woli-i-jazda-na-rowerze\/#breadcrumb\"},\"inLanguage\":\"pl-PL\",\"potentialAction\":[{\"@type\":\"ReadAction\",\"target\":[\"https:\/\/www.welovecycling.com\/pl\/2020\/03\/18\/jak-pokonac-polio-sila-woli-i-jazda-na-rowerze\/\"]}]},{\"@type\":\"ImageObject\",\"inLanguage\":\"pl-PL\",\"@id\":\"https:\/\/www.welovecycling.com\/pl\/2020\/03\/18\/jak-pokonac-polio-sila-woli-i-jazda-na-rowerze\/#primaryimage\",\"url\":\"https:\/\/d2p6e6u75xmxt8.cloudfront.net\/5\/2020\/03\/Geeta-CVR-1024x450.jpg\",\"contentUrl\":\"https:\/\/d2p6e6u75xmxt8.cloudfront.net\/5\/2020\/03\/Geeta-CVR-1024x450.jpg\",\"width\":1024,\"height\":450},{\"@type\":\"BreadcrumbList\",\"@id\":\"https:\/\/www.welovecycling.com\/pl\/2020\/03\/18\/jak-pokonac-polio-sila-woli-i-jazda-na-rowerze\/#breadcrumb\",\"itemListElement\":[{\"@type\":\"ListItem\",\"position\":1,\"name\":\"Home\",\"item\":\"https:\/\/www.welovecycling.com\/pl\/\"},{\"@type\":\"ListItem\",\"position\":2,\"name\":\"Jak pokona\u0107 polio si\u0142\u0105 woli i jazd\u0105 na rowerze\"}]},{\"@type\":\"WebSite\",\"@id\":\"https:\/\/www.welovecycling.com\/pl\/#website\",\"url\":\"https:\/\/www.welovecycling.com\/pl\/\",\"name\":\"\u0160koda We Love Cycling - Poland\",\"description\":\"\",\"potentialAction\":[{\"@type\":\"SearchAction\",\"target\":{\"@type\":\"EntryPoint\",\"urlTemplate\":\"https:\/\/www.welovecycling.com\/pl\/?s={search_term_string}\"},\"query-input\":{\"@type\":\"PropertyValueSpecification\",\"valueRequired\":true,\"valueName\":\"search_term_string\"}}],\"inLanguage\":\"pl-PL\"},{\"@type\":\"Person\",\"@id\":\"https:\/\/www.welovecycling.com\/pl\/#\/schema\/person\/0dba2d39da943db9df3fd8f4687e7f23\",\"name\":\"piotrboczkowski\",\"image\":{\"@type\":\"ImageObject\",\"inLanguage\":\"pl-PL\",\"@id\":\"https:\/\/www.welovecycling.com\/pl\/#\/schema\/person\/image\/\",\"url\":\"https:\/\/secure.gravatar.com\/avatar\/533caccae14752e03a2ce2d3fd62d1b98b93e1393c3195c27819e53344ca1ace?s=96&d=mm&r=g\",\"contentUrl\":\"https:\/\/secure.gravatar.com\/avatar\/533caccae14752e03a2ce2d3fd62d1b98b93e1393c3195c27819e53344ca1ace?s=96&d=mm&r=g\",\"caption\":\"piotrboczkowski\"},\"url\":\"https:\/\/www.welovecycling.com\/pl\/author\/piotrboczkowski\/\"}]}<\/script>\n<!-- \/ Yoast SEO Premium plugin. -->","yoast_head_json":{"title":"Jak pokona\u0107 polio si\u0142\u0105 woli i jazd\u0105 na rowerze - \u0160koda We Love Cycling - Poland","robots":{"index":"index","follow":"follow","max-snippet":"max-snippet:-1","max-image-preview":"max-image-preview:large","max-video-preview":"max-video-preview:-1"},"canonical":"https:\/\/www.welovecycling.com\/pl\/2020\/03\/18\/jak-pokonac-polio-sila-woli-i-jazda-na-rowerze\/","og_locale":"pl_PL","og_type":"article","og_title":"Jak pokona\u0107 polio si\u0142\u0105 woli i jazd\u0105 na rowerze","og_description":"Geeta S Rao mia\u0142a zaledwie trzy lata, kiedy dosta\u0142a wysokiej gor\u0105czki. Po tym, jak rodzice zabrali j\u0105 do lekarza, okaza\u0142o [&hellip;]","og_url":"https:\/\/www.welovecycling.com\/pl\/2020\/03\/18\/jak-pokonac-polio-sila-woli-i-jazda-na-rowerze\/","og_site_name":"\u0160koda We Love Cycling - Poland","article_published_time":"2020-03-18T16:38:21+00:00","og_image":[{"width":1024,"height":450,"url":"https:\/\/d2p6e6u75xmxt8.cloudfront.net\/5\/2020\/03\/Geeta-CVR-1024x450.jpg","type":"image\/jpeg"}],"author":"piotrboczkowski","twitter_card":"summary_large_image","twitter_misc":{"Written by":"Monica Buck","Est. reading time":"5"},"schema":{"@context":"https:\/\/schema.org","@graph":[{"@type":"WebPage","@id":"https:\/\/www.welovecycling.com\/pl\/2020\/03\/18\/jak-pokonac-polio-sila-woli-i-jazda-na-rowerze\/","url":"https:\/\/www.welovecycling.com\/pl\/2020\/03\/18\/jak-pokonac-polio-sila-woli-i-jazda-na-rowerze\/","name":"Jak pokona\u0107 polio si\u0142\u0105 woli i jazd\u0105 na rowerze - \u0160koda We Love Cycling - Poland","isPartOf":{"@id":"https:\/\/www.welovecycling.com\/pl\/#website"},"primaryImageOfPage":{"@id":"https:\/\/www.welovecycling.com\/pl\/2020\/03\/18\/jak-pokonac-polio-sila-woli-i-jazda-na-rowerze\/#primaryimage"},"image":{"@id":"https:\/\/www.welovecycling.com\/pl\/2020\/03\/18\/jak-pokonac-polio-sila-woli-i-jazda-na-rowerze\/#primaryimage"},"thumbnailUrl":"https:\/\/d2p6e6u75xmxt8.cloudfront.net\/5\/2020\/03\/Geeta-CVR-1024x450.jpg","datePublished":"2020-03-18T16:38:21+00:00","author":{"@id":"https:\/\/www.welovecycling.com\/pl\/#\/schema\/person\/0dba2d39da943db9df3fd8f4687e7f23"},"breadcrumb":{"@id":"https:\/\/www.welovecycling.com\/pl\/2020\/03\/18\/jak-pokonac-polio-sila-woli-i-jazda-na-rowerze\/#breadcrumb"},"inLanguage":"pl-PL","potentialAction":[{"@type":"ReadAction","target":["https:\/\/www.welovecycling.com\/pl\/2020\/03\/18\/jak-pokonac-polio-sila-woli-i-jazda-na-rowerze\/"]}]},{"@type":"ImageObject","inLanguage":"pl-PL","@id":"https:\/\/www.welovecycling.com\/pl\/2020\/03\/18\/jak-pokonac-polio-sila-woli-i-jazda-na-rowerze\/#primaryimage","url":"https:\/\/d2p6e6u75xmxt8.cloudfront.net\/5\/2020\/03\/Geeta-CVR-1024x450.jpg","contentUrl":"https:\/\/d2p6e6u75xmxt8.cloudfront.net\/5\/2020\/03\/Geeta-CVR-1024x450.jpg","width":1024,"height":450},{"@type":"BreadcrumbList","@id":"https:\/\/www.welovecycling.com\/pl\/2020\/03\/18\/jak-pokonac-polio-sila-woli-i-jazda-na-rowerze\/#breadcrumb","itemListElement":[{"@type":"ListItem","position":1,"name":"Home","item":"https:\/\/www.welovecycling.com\/pl\/"},{"@type":"ListItem","position":2,"name":"Jak pokona\u0107 polio si\u0142\u0105 woli i jazd\u0105 na rowerze"}]},{"@type":"WebSite","@id":"https:\/\/www.welovecycling.com\/pl\/#website","url":"https:\/\/www.welovecycling.com\/pl\/","name":"\u0160koda We Love Cycling - Poland","description":"","potentialAction":[{"@type":"SearchAction","target":{"@type":"EntryPoint","urlTemplate":"https:\/\/www.welovecycling.com\/pl\/?s={search_term_string}"},"query-input":{"@type":"PropertyValueSpecification","valueRequired":true,"valueName":"search_term_string"}}],"inLanguage":"pl-PL"},{"@type":"Person","@id":"https:\/\/www.welovecycling.com\/pl\/#\/schema\/person\/0dba2d39da943db9df3fd8f4687e7f23","name":"piotrboczkowski","image":{"@type":"ImageObject","inLanguage":"pl-PL","@id":"https:\/\/www.welovecycling.com\/pl\/#\/schema\/person\/image\/","url":"https:\/\/secure.gravatar.com\/avatar\/533caccae14752e03a2ce2d3fd62d1b98b93e1393c3195c27819e53344ca1ace?s=96&d=mm&r=g","contentUrl":"https:\/\/secure.gravatar.com\/avatar\/533caccae14752e03a2ce2d3fd62d1b98b93e1393c3195c27819e53344ca1ace?s=96&d=mm&r=g","caption":"piotrboczkowski"},"url":"https:\/\/www.welovecycling.com\/pl\/author\/piotrboczkowski\/"}]}},"_links":{"self":[{"href":"https:\/\/www.welovecycling.com\/pl\/wp-json\/wp\/v2\/posts\/10444","targetHints":{"allow":["GET"]}}],"collection":[{"href":"https:\/\/www.welovecycling.com\/pl\/wp-json\/wp\/v2\/posts"}],"about":[{"href":"https:\/\/www.welovecycling.com\/pl\/wp-json\/wp\/v2\/types\/post"}],"author":[{"embeddable":true,"href":"https:\/\/www.welovecycling.com\/pl\/wp-json\/wp\/v2\/users\/76"}],"replies":[{"embeddable":true,"href":"https:\/\/www.welovecycling.com\/pl\/wp-json\/wp\/v2\/comments?post=10444"}],"version-history":[{"count":1,"href":"https:\/\/www.welovecycling.com\/pl\/wp-json\/wp\/v2\/posts\/10444\/revisions"}],"predecessor-version":[{"id":10447,"href":"https:\/\/www.welovecycling.com\/pl\/wp-json\/wp\/v2\/posts\/10444\/revisions\/10447"}],"wp:featuredmedia":[{"embeddable":true,"href":"https:\/\/www.welovecycling.com\/pl\/wp-json\/wp\/v2\/media\/10445"}],"wp:attachment":[{"href":"https:\/\/www.welovecycling.com\/pl\/wp-json\/wp\/v2\/media?parent=10444"}],"wp:term":[{"taxonomy":"category","embeddable":true,"href":"https:\/\/www.welovecycling.com\/pl\/wp-json\/wp\/v2\/categories?post=10444"},{"taxonomy":"post_tag","embeddable":true,"href":"https:\/\/www.welovecycling.com\/pl\/wp-json\/wp\/v2\/tags?post=10444"},{"taxonomy":"global-categories","embeddable":true,"href":"https:\/\/www.welovecycling.com\/pl\/wp-json\/wp\/v2\/global-categories?post=10444"}],"curies":[{"name":"wp","href":"https:\/\/api.w.org\/{rel}","templated":true}]}}