{"id":10441,"date":"2020-03-17T15:54:27","date_gmt":"2020-03-17T15:54:27","guid":{"rendered":"https:\/\/www.welovecycling.com\/pl\/?p=10441"},"modified":"2020-03-18T07:01:41","modified_gmt":"2020-03-18T07:01:41","slug":"kolarstwo-w-czasach-pandemii-zapadly-wazne-decyzje","status":"publish","type":"post","link":"https:\/\/www.welovecycling.com\/pl\/2020\/03\/17\/kolarstwo-w-czasach-pandemii-zapadly-wazne-decyzje\/","title":{"rendered":"Kolarstwo w czasach pandemii. Zapad\u0142y wa\u017cne decyzje!"},"content":{"rendered":"<p><strong>Koronawirus dosi\u0119gn\u0105\u0142 kolarstwa! Kilku zawodnik\u00f3w jest zara\u017conych, ekipy utkn\u0119\u0142y na zgrupowaniach, a niekt\u00f3rzy kolarze przerwali przygotowania. Rozwi\u0105zanie mog\u0142o by\u0107 tylko jedno \u2013 UCI w\u0142a\u015bnie odwo\u0142a\u0142o najwi\u0119ksze wy\u015bcigi.\u00a0<\/strong><strong>Organizmy wytrenowane, \u015bwietnie od\u017cywione, gotowe na najci\u0119\u017csz\u0105 walk\u0119 &#8211; dla koronawirusa nie ma to \u017cadnego znaczenia. Pandemia w\u0142a\u015bnie storpedowa\u0142a sezon kolarski.<\/strong><\/p>\n<p><strong>Wygl\u0105da na to, \u017ce zako\u0144czony w sobot\u0119 wy\u015bcig Pary\u017c \u2013 Nicea by\u0142 ostatnim w najbli\u017cszych tygodniach. Rywalizacj\u0119 we Francji doko\u0144czono rzutem na ta\u015bm\u0119, cho\u0107 dzia\u0142o si\u0119 to w niecodziennych okoliczno\u015bciach.<\/strong><\/p>\n<h2><strong>Topniej\u0105ca lista startuj\u0105cych<\/strong><\/h2>\n<p>Ze startu w og\u00f3le zrezygnowa\u0142a polska ekipa CCC. Z kolei dru\u017cyny Bahrain-McLaren i Israel Start-Up Nation opu\u015bci\u0142y ostatnie etapy. W trakcie wycofali si\u0119 te\u017c mistrz \u015bwiata Mads Pedersen (Trek-Segafredo) czy Roger Kluge (Lotto-Soudal). Pow\u00f3d? Ten sam \u2013 oczywi\u015bcie koronawirus. Szczeg\u00f3lnie, \u017ce we Francji zaatakowa\u0142 on ze zdwojon\u0105 si\u0142\u0105.<\/p>\n<p>Na li\u015bcie startowej by\u0142o 136 zawodnik\u00f3w, ale do ostatniego etapu stan\u0119\u0142o zaledwie 92. Poza tym wy\u015bcig i tak skr\u00f3cono, bo mia\u0142 si\u0119 sko\u0144czy\u0107 w niedziel\u0119, ale w obawie przed t\u0142umami na mecie w Nicei, zawody rozstrzygni\u0119to ju\u017c w sobot\u0119.<\/p>\n<p>Zwyci\u0119\u017cy\u0142 Maximilian Schachmann (BORA-hansgrohe), kt\u00f3ry wygra\u0142 pierwszy etap i prowadzenia nie odda\u0142 ju\u017c do ko\u0144ca. Drugi by\u0142 Tiesj Benoot (Team Sunweb), a trzeci Sergio Higuita (EF Pro Cycling). Ponadto Benoot wygra\u0142 te\u017c klasyfikacj\u0119 punktow\u0105, a Higuita m\u0142odzie\u017cow\u0105. Najlepszy g\u00f3ralem zosta\u0142 Nicolas Edet (Cofidis).<\/p>\n<p>Schachmann jeszcze nie zd\u0105\u017cy\u0142 nacieszy\u0107 si\u0119 triumfem, gdy pojawi\u0142a si\u0119 informacja, \u017ce przynajmniej do 3 kwietnia \u017caden zawodnik nie b\u0119dzie mia\u0142 okazji do takiej rado\u015bci. Do tego dnia UCI odwo\u0142a\u0142a bowiem wszystkie wy\u015bcigi, a niekt\u00f3rzy twierdz\u0105, \u017ce najlepszych zawodnik\u00f3w na trasach zobaczymy najwcze\u015bniej latem.<\/p>\n<p>Szczeg\u00f3lnie, \u017ce prze\u0142o\u017cono ju\u017c m.in. Giro d\u2019Italia, kt\u00f3re mia\u0142o wystartowa\u0107 9 maja w Budapeszcie. W\u0119grzy og\u0142osili jednak, \u017ce z powodu pandemii rezygnuj\u0105 z organizacji trzech pierwszych etap\u00f3w, a kilka godzin p\u00f3\u017aniej organizator ca\u0142ego wy\u015bcigu poinformowa\u0142, \u017ce Giro d\u2019Italia zostanie prze\u0142o\u017cone. Na kiedy? Na razie nie wiadomo.<\/p>\n<h2><strong>Spotkania sztabu kryzysowego<\/strong><\/h2>\n<p>Na dzi\u015b pewne jest tylko, \u017ce do 3 kwietnia nie odb\u0119dzie si\u0119 \u017caden wy\u015bcig z kalendarza UCI.<\/p>\n<p>\u201e[\u2026] Podj\u0119li\u015bmy tak\u0105 decyzj\u0119, by zapewni\u0107 maksymaln\u0105 ochron\u0119 zdrowia wszystkim osobom bior\u0105cym udzia\u0142 w imprezach rowerowych\u201d \u2013 napisano w komunikacie Mi\u0119dzynarodowej Unii Kolarskiej.<\/p>\n<p>Jego opublikowanie zosta\u0142o poprzedzone kilkoma spotkaniami sztabu kryzysowego, w kt\u00f3rych brali udzia\u0142 najwa\u017cniejsi ludzie \u015bwiatowego kolarstwa.<\/p>\n<p>\u201eNie chcemy przyczynia\u0107 si\u0119 do rozprzestrzeniania wirusa, mamy te\u017c na uwadze zapewnienie r\u00f3wnej i sportowej rywalizacji. Dlatego ze wzgl\u0119du na bezpiecze\u0144stwo sportowc\u00f3w, kt\u00f3re jest naszym priorytetem, wyra\u017anie prosimy organizator\u00f3w o odwo\u0142anie wszelkich imprez rowerowych w mi\u0119dzynarodowym kalendarzu UCI na terytoriach wskazanych przez WHO jako zagro\u017cone\u201d \u2013 czytamy.<\/p>\n<h2><strong>Problem\u00f3w coraz wi\u0119cej<\/strong><\/h2>\n<p>W peletonie s\u0105 ju\u017c pierwsze przypadki zara\u017cenia koronawirusem. W\u015br\u00f3d chorych s\u0105 m.in. Maximiliano Richezei i Fernando Gaviria (UAE Team Emirates) oraz Dmitrij Strachow (Gazprom-RusVelo). Wszyscy brali udzia\u0142 w UAE Tour w Zjednoczonych Emiratach Arabskich, kt\u00f3ry zosta\u0142 przerwany.<\/p>\n<p>Niekt\u00f3rzy zawodnicy maj\u0105 inny problem, poniewa\u017c utkn\u0119li na zgrupowaniach w pa\u0144stwach, kt\u00f3rych opuszczenie obecnie jest bardzo trudne. Inni z kolei ju\u017c zako\u0144czyli intensywne treningi i czekaj\u0105 na rozw\u00f3j sytuacji.<\/p>\n<p>Kiedy sytuacja wr\u00f3ci do normalno\u015bci? Niestety, tego nie wie nikt.<\/p>\n<p><span data-sheets-value=\"{&quot;1&quot;:2,&quot;2&quot;:&quot;Artyku\u0142 powsta\u0142 we wsp\u00f3\u0142pracy ze skoda-auto.pl&quot;}\" data-sheets-userformat=\"{&quot;2&quot;:1,&quot;3&quot;:{&quot;1&quot;:0}}\" data-sheets-hyperlink=\"http:\/\/www.skoda-auto.pl\/\"><a class=\"in-cell-link\" href=\"http:\/\/www.skoda-auto.pl\/\" target=\"_blank\" rel=\"noopener\">Artyku\u0142 powsta\u0142 we wsp\u00f3\u0142pracy ze skoda-auto.pl<\/a><\/span><\/p>\n<p><a href=\"https:\/\/www.skoda-auto.pl\/modele\/karoq\"><img loading=\"lazy\" decoding=\"async\" class=\"aligncenter wp-image-9606 size-full loading\" src=\"https:\/\/d2p6e6u75xmxt8.cloudfront.net\/5\/2019\/08\/baner_WLC_640x350_1.png\" sizes=\"auto, (max-width: 640px) 100vw, 640px\" srcset=\"https:\/\/d2p6e6u75xmxt8.cloudfront.net\/5\/2019\/08\/baner_WLC_640x350_1.png 640w, https:\/\/d2p6e6u75xmxt8.cloudfront.net\/5\/2019\/08\/baner_WLC_640x350_1-300x164.png 300w\" alt=\"\" width=\"640\" height=\"350\" data-was-processed=\"true\" \/><\/a><\/p>\n<p>&nbsp;<\/p>\n<p>&nbsp;<\/p>\n","protected":false},"excerpt":{"rendered":"<p>Koronawirus dosi\u0119gn\u0105\u0142 kolarstwa! Kilku zawodnik\u00f3w jest zara\u017conych, ekipy utkn\u0119\u0142y na zgrupowaniach, a niekt\u00f3rzy kolarze przerwali przygotowania. Rozwi\u0105zanie mog\u0142o by\u0107 tylko [&hellip;]<\/p>\n","protected":false},"author":76,"featured_media":9412,"comment_status":"open","ping_status":"open","sticky":false,"template":"","format":"standard","meta":{"footnotes":""},"categories":[6],"tags":[],"global-categories":[303],"class_list":["post-10441","post","type-post","status-publish","format-standard","has-post-thumbnail","hentry","category-kolarstwo-szosowe","global-categories-cycling"],"yoast_head":"<!-- This site is optimized with the Yoast SEO Premium plugin v25.3 (Yoast SEO v25.9) - https:\/\/yoast.com\/wordpress\/plugins\/seo\/ -->\n<title>Kolarstwo w czasach pandemii. Zapad\u0142y wa\u017cne decyzje! - \u0160koda We Love Cycling - Poland<\/title>\n<meta name=\"robots\" content=\"index, follow, max-snippet:-1, max-image-preview:large, max-video-preview:-1\" \/>\n<link rel=\"canonical\" href=\"https:\/\/www.welovecycling.com\/pl\/2020\/03\/17\/kolarstwo-w-czasach-pandemii-zapadly-wazne-decyzje\/\" \/>\n<meta property=\"og:locale\" content=\"pl_PL\" \/>\n<meta property=\"og:type\" content=\"article\" \/>\n<meta property=\"og:title\" content=\"Kolarstwo w czasach pandemii. Zapad\u0142y wa\u017cne decyzje!\" \/>\n<meta property=\"og:description\" content=\"Koronawirus dosi\u0119gn\u0105\u0142 kolarstwa! Kilku zawodnik\u00f3w jest zara\u017conych, ekipy utkn\u0119\u0142y na zgrupowaniach, a niekt\u00f3rzy kolarze przerwali przygotowania. Rozwi\u0105zanie mog\u0142o by\u0107 tylko [&hellip;]\" \/>\n<meta property=\"og:url\" content=\"https:\/\/www.welovecycling.com\/pl\/2020\/03\/17\/kolarstwo-w-czasach-pandemii-zapadly-wazne-decyzje\/\" \/>\n<meta property=\"og:site_name\" content=\"\u0160koda We Love Cycling - Poland\" \/>\n<meta property=\"article:published_time\" content=\"2020-03-17T15:54:27+00:00\" \/>\n<meta property=\"article:modified_time\" content=\"2020-03-18T07:01:41+00:00\" \/>\n<meta property=\"og:image\" content=\"https:\/\/d2p6e6u75xmxt8.cloudfront.net\/5\/2019\/07\/Summer-Cycling-Pexels-287398-1024x450.jpg\" \/>\n\t<meta property=\"og:image:width\" content=\"1024\" \/>\n\t<meta property=\"og:image:height\" content=\"450\" \/>\n\t<meta property=\"og:image:type\" content=\"image\/jpeg\" \/>\n<meta name=\"author\" content=\"piotrboczkowski\" \/>\n<meta name=\"twitter:card\" content=\"summary_large_image\" \/>\n<meta name=\"twitter:label1\" content=\"Written by\" \/>\n\t<meta name=\"twitter:data1\" content=\"Piotr Nowik\" \/>\n\t<meta name=\"twitter:label2\" content=\"Est. reading time\" \/>\n\t<meta name=\"twitter:data2\" content=\"3 minutes\" \/>\n<script type=\"application\/ld+json\" class=\"yoast-schema-graph\">{\"@context\":\"https:\/\/schema.org\",\"@graph\":[{\"@type\":\"WebPage\",\"@id\":\"https:\/\/www.welovecycling.com\/pl\/2020\/03\/17\/kolarstwo-w-czasach-pandemii-zapadly-wazne-decyzje\/\",\"url\":\"https:\/\/www.welovecycling.com\/pl\/2020\/03\/17\/kolarstwo-w-czasach-pandemii-zapadly-wazne-decyzje\/\",\"name\":\"Kolarstwo w czasach pandemii. Zapad\u0142y wa\u017cne decyzje! - \u0160koda We Love Cycling - Poland\",\"isPartOf\":{\"@id\":\"https:\/\/www.welovecycling.com\/pl\/#website\"},\"primaryImageOfPage\":{\"@id\":\"https:\/\/www.welovecycling.com\/pl\/2020\/03\/17\/kolarstwo-w-czasach-pandemii-zapadly-wazne-decyzje\/#primaryimage\"},\"image\":{\"@id\":\"https:\/\/www.welovecycling.com\/pl\/2020\/03\/17\/kolarstwo-w-czasach-pandemii-zapadly-wazne-decyzje\/#primaryimage\"},\"thumbnailUrl\":\"https:\/\/d2p6e6u75xmxt8.cloudfront.net\/5\/2019\/07\/Summer-Cycling-Pexels-287398-1024x450.jpg\",\"datePublished\":\"2020-03-17T15:54:27+00:00\",\"dateModified\":\"2020-03-18T07:01:41+00:00\",\"author\":{\"@id\":\"https:\/\/www.welovecycling.com\/pl\/#\/schema\/person\/0dba2d39da943db9df3fd8f4687e7f23\"},\"breadcrumb\":{\"@id\":\"https:\/\/www.welovecycling.com\/pl\/2020\/03\/17\/kolarstwo-w-czasach-pandemii-zapadly-wazne-decyzje\/#breadcrumb\"},\"inLanguage\":\"pl-PL\",\"potentialAction\":[{\"@type\":\"ReadAction\",\"target\":[\"https:\/\/www.welovecycling.com\/pl\/2020\/03\/17\/kolarstwo-w-czasach-pandemii-zapadly-wazne-decyzje\/\"]}]},{\"@type\":\"ImageObject\",\"inLanguage\":\"pl-PL\",\"@id\":\"https:\/\/www.welovecycling.com\/pl\/2020\/03\/17\/kolarstwo-w-czasach-pandemii-zapadly-wazne-decyzje\/#primaryimage\",\"url\":\"https:\/\/d2p6e6u75xmxt8.cloudfront.net\/5\/2019\/07\/Summer-Cycling-Pexels-287398-1024x450.jpg\",\"contentUrl\":\"https:\/\/d2p6e6u75xmxt8.cloudfront.net\/5\/2019\/07\/Summer-Cycling-Pexels-287398-1024x450.jpg\",\"width\":1024,\"height\":450},{\"@type\":\"BreadcrumbList\",\"@id\":\"https:\/\/www.welovecycling.com\/pl\/2020\/03\/17\/kolarstwo-w-czasach-pandemii-zapadly-wazne-decyzje\/#breadcrumb\",\"itemListElement\":[{\"@type\":\"ListItem\",\"position\":1,\"name\":\"Home\",\"item\":\"https:\/\/www.welovecycling.com\/pl\/\"},{\"@type\":\"ListItem\",\"position\":2,\"name\":\"Kolarstwo w czasach pandemii. Zapad\u0142y wa\u017cne decyzje!\"}]},{\"@type\":\"WebSite\",\"@id\":\"https:\/\/www.welovecycling.com\/pl\/#website\",\"url\":\"https:\/\/www.welovecycling.com\/pl\/\",\"name\":\"\u0160koda We Love Cycling - Poland\",\"description\":\"\",\"potentialAction\":[{\"@type\":\"SearchAction\",\"target\":{\"@type\":\"EntryPoint\",\"urlTemplate\":\"https:\/\/www.welovecycling.com\/pl\/?s={search_term_string}\"},\"query-input\":{\"@type\":\"PropertyValueSpecification\",\"valueRequired\":true,\"valueName\":\"search_term_string\"}}],\"inLanguage\":\"pl-PL\"},{\"@type\":\"Person\",\"@id\":\"https:\/\/www.welovecycling.com\/pl\/#\/schema\/person\/0dba2d39da943db9df3fd8f4687e7f23\",\"name\":\"piotrboczkowski\",\"image\":{\"@type\":\"ImageObject\",\"inLanguage\":\"pl-PL\",\"@id\":\"https:\/\/www.welovecycling.com\/pl\/#\/schema\/person\/image\/\",\"url\":\"https:\/\/secure.gravatar.com\/avatar\/533caccae14752e03a2ce2d3fd62d1b98b93e1393c3195c27819e53344ca1ace?s=96&d=mm&r=g\",\"contentUrl\":\"https:\/\/secure.gravatar.com\/avatar\/533caccae14752e03a2ce2d3fd62d1b98b93e1393c3195c27819e53344ca1ace?s=96&d=mm&r=g\",\"caption\":\"piotrboczkowski\"},\"url\":\"https:\/\/www.welovecycling.com\/pl\/author\/piotrboczkowski\/\"}]}<\/script>\n<!-- \/ Yoast SEO Premium plugin. -->","yoast_head_json":{"title":"Kolarstwo w czasach pandemii. Zapad\u0142y wa\u017cne decyzje! - \u0160koda We Love Cycling - Poland","robots":{"index":"index","follow":"follow","max-snippet":"max-snippet:-1","max-image-preview":"max-image-preview:large","max-video-preview":"max-video-preview:-1"},"canonical":"https:\/\/www.welovecycling.com\/pl\/2020\/03\/17\/kolarstwo-w-czasach-pandemii-zapadly-wazne-decyzje\/","og_locale":"pl_PL","og_type":"article","og_title":"Kolarstwo w czasach pandemii. Zapad\u0142y wa\u017cne decyzje!","og_description":"Koronawirus dosi\u0119gn\u0105\u0142 kolarstwa! Kilku zawodnik\u00f3w jest zara\u017conych, ekipy utkn\u0119\u0142y na zgrupowaniach, a niekt\u00f3rzy kolarze przerwali przygotowania. Rozwi\u0105zanie mog\u0142o by\u0107 tylko [&hellip;]","og_url":"https:\/\/www.welovecycling.com\/pl\/2020\/03\/17\/kolarstwo-w-czasach-pandemii-zapadly-wazne-decyzje\/","og_site_name":"\u0160koda We Love Cycling - Poland","article_published_time":"2020-03-17T15:54:27+00:00","article_modified_time":"2020-03-18T07:01:41+00:00","og_image":[{"width":1024,"height":450,"url":"https:\/\/d2p6e6u75xmxt8.cloudfront.net\/5\/2019\/07\/Summer-Cycling-Pexels-287398-1024x450.jpg","type":"image\/jpeg"}],"author":"piotrboczkowski","twitter_card":"summary_large_image","twitter_misc":{"Written by":"Piotr Nowik","Est. reading time":"3 minutes"},"schema":{"@context":"https:\/\/schema.org","@graph":[{"@type":"WebPage","@id":"https:\/\/www.welovecycling.com\/pl\/2020\/03\/17\/kolarstwo-w-czasach-pandemii-zapadly-wazne-decyzje\/","url":"https:\/\/www.welovecycling.com\/pl\/2020\/03\/17\/kolarstwo-w-czasach-pandemii-zapadly-wazne-decyzje\/","name":"Kolarstwo w czasach pandemii. Zapad\u0142y wa\u017cne decyzje! - \u0160koda We Love Cycling - Poland","isPartOf":{"@id":"https:\/\/www.welovecycling.com\/pl\/#website"},"primaryImageOfPage":{"@id":"https:\/\/www.welovecycling.com\/pl\/2020\/03\/17\/kolarstwo-w-czasach-pandemii-zapadly-wazne-decyzje\/#primaryimage"},"image":{"@id":"https:\/\/www.welovecycling.com\/pl\/2020\/03\/17\/kolarstwo-w-czasach-pandemii-zapadly-wazne-decyzje\/#primaryimage"},"thumbnailUrl":"https:\/\/d2p6e6u75xmxt8.cloudfront.net\/5\/2019\/07\/Summer-Cycling-Pexels-287398-1024x450.jpg","datePublished":"2020-03-17T15:54:27+00:00","dateModified":"2020-03-18T07:01:41+00:00","author":{"@id":"https:\/\/www.welovecycling.com\/pl\/#\/schema\/person\/0dba2d39da943db9df3fd8f4687e7f23"},"breadcrumb":{"@id":"https:\/\/www.welovecycling.com\/pl\/2020\/03\/17\/kolarstwo-w-czasach-pandemii-zapadly-wazne-decyzje\/#breadcrumb"},"inLanguage":"pl-PL","potentialAction":[{"@type":"ReadAction","target":["https:\/\/www.welovecycling.com\/pl\/2020\/03\/17\/kolarstwo-w-czasach-pandemii-zapadly-wazne-decyzje\/"]}]},{"@type":"ImageObject","inLanguage":"pl-PL","@id":"https:\/\/www.welovecycling.com\/pl\/2020\/03\/17\/kolarstwo-w-czasach-pandemii-zapadly-wazne-decyzje\/#primaryimage","url":"https:\/\/d2p6e6u75xmxt8.cloudfront.net\/5\/2019\/07\/Summer-Cycling-Pexels-287398-1024x450.jpg","contentUrl":"https:\/\/d2p6e6u75xmxt8.cloudfront.net\/5\/2019\/07\/Summer-Cycling-Pexels-287398-1024x450.jpg","width":1024,"height":450},{"@type":"BreadcrumbList","@id":"https:\/\/www.welovecycling.com\/pl\/2020\/03\/17\/kolarstwo-w-czasach-pandemii-zapadly-wazne-decyzje\/#breadcrumb","itemListElement":[{"@type":"ListItem","position":1,"name":"Home","item":"https:\/\/www.welovecycling.com\/pl\/"},{"@type":"ListItem","position":2,"name":"Kolarstwo w czasach pandemii. Zapad\u0142y wa\u017cne decyzje!"}]},{"@type":"WebSite","@id":"https:\/\/www.welovecycling.com\/pl\/#website","url":"https:\/\/www.welovecycling.com\/pl\/","name":"\u0160koda We Love Cycling - Poland","description":"","potentialAction":[{"@type":"SearchAction","target":{"@type":"EntryPoint","urlTemplate":"https:\/\/www.welovecycling.com\/pl\/?s={search_term_string}"},"query-input":{"@type":"PropertyValueSpecification","valueRequired":true,"valueName":"search_term_string"}}],"inLanguage":"pl-PL"},{"@type":"Person","@id":"https:\/\/www.welovecycling.com\/pl\/#\/schema\/person\/0dba2d39da943db9df3fd8f4687e7f23","name":"piotrboczkowski","image":{"@type":"ImageObject","inLanguage":"pl-PL","@id":"https:\/\/www.welovecycling.com\/pl\/#\/schema\/person\/image\/","url":"https:\/\/secure.gravatar.com\/avatar\/533caccae14752e03a2ce2d3fd62d1b98b93e1393c3195c27819e53344ca1ace?s=96&d=mm&r=g","contentUrl":"https:\/\/secure.gravatar.com\/avatar\/533caccae14752e03a2ce2d3fd62d1b98b93e1393c3195c27819e53344ca1ace?s=96&d=mm&r=g","caption":"piotrboczkowski"},"url":"https:\/\/www.welovecycling.com\/pl\/author\/piotrboczkowski\/"}]}},"_links":{"self":[{"href":"https:\/\/www.welovecycling.com\/pl\/wp-json\/wp\/v2\/posts\/10441","targetHints":{"allow":["GET"]}}],"collection":[{"href":"https:\/\/www.welovecycling.com\/pl\/wp-json\/wp\/v2\/posts"}],"about":[{"href":"https:\/\/www.welovecycling.com\/pl\/wp-json\/wp\/v2\/types\/post"}],"author":[{"embeddable":true,"href":"https:\/\/www.welovecycling.com\/pl\/wp-json\/wp\/v2\/users\/76"}],"replies":[{"embeddable":true,"href":"https:\/\/www.welovecycling.com\/pl\/wp-json\/wp\/v2\/comments?post=10441"}],"version-history":[{"count":1,"href":"https:\/\/www.welovecycling.com\/pl\/wp-json\/wp\/v2\/posts\/10441\/revisions"}],"predecessor-version":[{"id":10442,"href":"https:\/\/www.welovecycling.com\/pl\/wp-json\/wp\/v2\/posts\/10441\/revisions\/10442"}],"wp:featuredmedia":[{"embeddable":true,"href":"https:\/\/www.welovecycling.com\/pl\/wp-json\/wp\/v2\/media\/9412"}],"wp:attachment":[{"href":"https:\/\/www.welovecycling.com\/pl\/wp-json\/wp\/v2\/media?parent=10441"}],"wp:term":[{"taxonomy":"category","embeddable":true,"href":"https:\/\/www.welovecycling.com\/pl\/wp-json\/wp\/v2\/categories?post=10441"},{"taxonomy":"post_tag","embeddable":true,"href":"https:\/\/www.welovecycling.com\/pl\/wp-json\/wp\/v2\/tags?post=10441"},{"taxonomy":"global-categories","embeddable":true,"href":"https:\/\/www.welovecycling.com\/pl\/wp-json\/wp\/v2\/global-categories?post=10441"}],"curies":[{"name":"wp","href":"https:\/\/api.w.org\/{rel}","templated":true}]}}