{"id":10431,"date":"2020-03-13T11:57:27","date_gmt":"2020-03-13T11:57:27","guid":{"rendered":"https:\/\/www.welovecycling.com\/pl\/?p=10431"},"modified":"2020-03-17T11:37:39","modified_gmt":"2020-03-17T11:37:39","slug":"niezwykla-historia-zostawionego-na-pewna-smierc-mistrza-ktory-odrodzil-sie-niczym-feniks-z-popiolow","status":"publish","type":"post","link":"https:\/\/www.welovecycling.com\/pl\/2020\/03\/13\/niezwykla-historia-zostawionego-na-pewna-smierc-mistrza-ktory-odrodzil-sie-niczym-feniks-z-popiolow\/","title":{"rendered":"Niezwyk\u0142a historia zostawionego na pewn\u0105 \u015bmier\u0107 mistrza, kt\u00f3ry odrodzi\u0142 si\u0119 niczym feniks z popio\u0142\u00f3w"},"content":{"rendered":"<p><strong>Jego rowerowa kariera by\u0142a imponuj\u0105ca: rozpocz\u0119\u0142a si\u0119, gdy mia\u0142 17 lat i trwa\u0142a a\u017c siedem dekad. By\u0142 barwn\u0105 osobowo\u015bci\u0105 i przeszed\u0142 do historii wy\u015bcig\u00f3w w Nowej Zelandii, a jednak w naszym ma\u0142ym kolarskim \u015bwiecie prawie nikt o nim nie wspomina. Naprawiamy ten niewybaczalny b\u0142\u0105d \u2013 oto historia jednego z najwi\u0119kszych maoryskich rowerzyst\u00f3w wszech czas\u00f3w<\/strong>.<\/p>\n<p>Wiremu Paratene urodzi\u0142 si\u0119 w 1909 roku w Nowej Zelandii. Jego matka zmar\u0142a podczas porodu, wi\u0119c opiek\u0119 nad nim sprawowa\u0142a babcia, kt\u00f3ra niestety zmar\u0142a nied\u0142ugo po c\u00f3rce. Osierocony ch\u0142opiec zosta\u0142 umieszczony w rodzinie zast\u0119pczej, kt\u00f3ra zmieni\u0142a mu imi\u0119 i nazwisko na William (Bill) Pratney. Wkr\u00f3tce okaza\u0142o si\u0119, \u017ce Bill jest utalentowanym sportowcem, wi\u0119c postanowi\u0142 rozwija\u0107 swoje umiej\u0119tno\u015bci. Poniewa\u017c by\u0142 biedny i mia\u0142 ograniczone \u015brodki finansowe, pierwszy rower wy\u015bcigowy wykona\u0142 z ramy od \u0142\u00f3\u017cka.<\/p>\n<p><img loading=\"lazy\" decoding=\"async\" class=\"alignnone size-full wp-image-176762 initial loaded\" src=\"https:\/\/d2p6e6u75xmxt8.cloudfront.net\/2\/2020\/01\/Bill-Pratney-1.jpg\" sizes=\"auto, (max-width: 773px) 100vw, 773px\" srcset=\"https:\/\/d2p6e6u75xmxt8.cloudfront.net\/2\/2020\/01\/Bill-Pratney-1.jpg 773w, https:\/\/d2p6e6u75xmxt8.cloudfront.net\/2\/2020\/01\/Bill-Pratney-1-193x300.jpg 193w, https:\/\/d2p6e6u75xmxt8.cloudfront.net\/2\/2020\/01\/Bill-Pratney-1-768x1192.jpg 768w, https:\/\/d2p6e6u75xmxt8.cloudfront.net\/2\/2020\/01\/Bill-Pratney-1-660x1024.jpg 660w\" alt=\"\" width=\"773\" height=\"1200\" data-was-processed=\"true\" \/><\/p>\n<p>Kariera m\u0142odego \u201e\u017celaznego cz\u0142owieka\u201d (jak go nazywano) rozpocz\u0119\u0142a si\u0119 w 1926 roku z niema\u0142ymi k\u0142opotami. W 1930 roku podczas wy\u015bcigu w Auckland Bill dozna\u0142 powa\u017cnego wypadku, w kt\u00f3rym drugi zawodnik zmar\u0142 na miejscu. Bill r\u00f3wnie\u017c wydawa\u0142 si\u0119 le\u017ce\u0107 martwy, wi\u0119c pozostawiono go na ulicy. Na szcz\u0119\u015bcie po kilku godzinach jaki\u015b przechodzie\u0144 zauwa\u017cy\u0142 dr\u017cenie r\u0119ki u Billego i przeniesiono go do szpitala.<\/p>\n<p>Pratney pozostawa\u0142 w \u015bpi\u0105czce przez trzy dni, ale ostatecznie prze\u017cy\u0142. Nikt w szpitalu nie dawa\u0142 mu szans na jazd\u0119 rowerem, nie m\u00f3wi\u0105c ju\u017c o zawodowym \u015bciganiu si\u0119. Powr\u00f3t do zdrowia zaj\u0105\u0142 mu tylko trzy tygodnie, co zakrawa\u0142o na cud, i tym sposobem Nowozelandczycy odzyskali swojego rowerowego superbohatera, kt\u00f3ry by\u0142 w lepszej formie ni\u017c kiedykolwiek wcze\u015bniej. Pratney rozpocz\u0105\u0142 zwyci\u0119ski wy\u015bcig \u2013 pokonywa\u0142 dystanse do 193 km. Nadano mu m\u00f3wi\u0105cy wszystko przydomek \u201eBye Bye Bill\u201d, a jego ostatni sprint sta\u0142 si\u0119 powszechnie znany.<\/p>\n<figure id=\"attachment_176761\" aria-describedby=\"caption-attachment-176761\" style=\"width: 660px\" class=\"wp-caption alignnone\"><img loading=\"lazy\" decoding=\"async\" class=\"loading wp-image-176761 size-full\" src=\"https:\/\/d2p6e6u75xmxt8.cloudfront.net\/2\/2020\/01\/Bill-Pratney.jpg\" sizes=\"auto, (max-width: 660px) 100vw, 660px\" srcset=\"https:\/\/d2p6e6u75xmxt8.cloudfront.net\/2\/2020\/01\/Bill-Pratney.jpg 660w, https:\/\/d2p6e6u75xmxt8.cloudfront.net\/2\/2020\/01\/Bill-Pratney-300x218.jpg 300w\" alt=\"\" width=\"660\" height=\"479\" data-was-processed=\"true\" \/><figcaption id=\"caption-attachment-176761\" class=\"wp-caption-text\">Bill Pratney \u015bciga si\u0119 z Warwickiem Daltonem w 1982 roku<\/figcaption><\/figure>\n<p>W 1937 roku Bill pokona\u0142 wielkiego Harry&#8217;ego Watsona, pierwszego w Nowej Zelandii kolarza wy\u015bcigowego, kt\u00f3ry bra\u0142 udzia\u0142 w Tour de France. W wieku 45 lat Pratney pojecha\u0142 w klasyku Timaru-Christchurch i \u2013 oczywi\u015bcie \u2013 wygra\u0142. W tym samym roku wzi\u0105\u0142 udzia\u0142 w nieprzerwanym sze\u015bciodniowym wy\u015bcigu, urozmaicaj\u0105c go nieprzerwanym 12-godzinnym peda\u0142owaniem, poniewa\u017c cz\u0142onek jego zespo\u0142u dozna\u0142 kontuzji i nie m\u00f3g\u0142 uko\u0144czy\u0107 wy\u015bcigu.<\/p>\n<p>Kiedy sko\u0144czy\u0142 47 lat, Bill przeszed\u0142 na emerytur\u0119. Niemal 40 lat p\u00f3\u017aniej zdecydowa\u0142, \u017ce czas wr\u00f3ci\u0107, i tak w\u0142a\u015bnie zrobi\u0142. W 1991 roku Pratney do\u0142\u0105czy\u0142 do Australian Masters Games. Wystarczy\u0142o kilka miesi\u0119cy treningu i ukrad\u0142 z\u0142oto swoim o 40 lat m\u0142odszym rywalom, cho\u0107 z racji wieku nie mo\u017cna go by\u0142o oficjalnie og\u0142osi\u0107 zwyci\u0119zc\u0105: 83 lata to znacznie powy\u017cej dopuszczalnej granicy.<\/p>\n<p>W ostatnim du\u017cym wy\u015bcigu Bill wzi\u0105\u0142 udzia\u0142, gdy mia\u0142 86 lat. Sze\u015b\u0107 lat p\u00f3\u017aniej wjecha\u0142 do rowerowego raju, w kt\u00f3rym zapewne \u015bmieje si\u0119 z tych, kt\u00f3rzy ko\u0144cz\u0105 karier\u0119 po czterdziestce.<\/p>\n<p><span data-sheets-value=\"{&quot;1&quot;:2,&quot;2&quot;:&quot;Artyku\u0142 powsta\u0142 we wsp\u00f3\u0142pracy ze skoda-auto.pl&quot;}\" data-sheets-userformat=\"{&quot;2&quot;:1,&quot;3&quot;:{&quot;1&quot;:0}}\" data-sheets-hyperlink=\"http:\/\/www.skoda-auto.pl\/\"><a class=\"in-cell-link\" href=\"http:\/\/www.skoda-auto.pl\/\" target=\"_blank\" rel=\"noopener\">Artyku\u0142 powsta\u0142 we wsp\u00f3\u0142pracy ze skoda-auto.pl<\/a><\/span><\/p>\n<p>&nbsp;<\/p>\n<p><a href=\"https:\/\/www.skoda-auto.pl\/modele\/kodiaq\"><img loading=\"lazy\" decoding=\"async\" class=\"aligncenter wp-image-9607 size-full loading\" src=\"https:\/\/d2p6e6u75xmxt8.cloudfront.net\/5\/2019\/08\/baner_WLC_640x350_2.png\" sizes=\"auto, (max-width: 640px) 100vw, 640px\" srcset=\"https:\/\/d2p6e6u75xmxt8.cloudfront.net\/5\/2019\/08\/baner_WLC_640x350_2.png 640w, https:\/\/d2p6e6u75xmxt8.cloudfront.net\/5\/2019\/08\/baner_WLC_640x350_2-300x164.png 300w\" alt=\"\" width=\"640\" height=\"350\" data-was-processed=\"true\" \/><\/a><\/p>\n","protected":false},"excerpt":{"rendered":"<p>Jego rowerowa kariera by\u0142a imponuj\u0105ca: rozpocz\u0119\u0142a si\u0119, gdy mia\u0142 17 lat i trwa\u0142a a\u017c siedem dekad. By\u0142 barwn\u0105 osobowo\u015bci\u0105 i [&hellip;]<\/p>\n","protected":false},"author":76,"featured_media":10432,"comment_status":"open","ping_status":"open","sticky":false,"template":"","format":"standard","meta":{"footnotes":""},"categories":[226,325],"tags":[],"global-categories":[303],"class_list":["post-10431","post","type-post","status-publish","format-standard","has-post-thumbnail","hentry","category-ciekawostki","category-historia","global-categories-cycling"],"yoast_head":"<!-- This site is optimized with the Yoast SEO Premium plugin v25.3 (Yoast SEO v25.9) - https:\/\/yoast.com\/wordpress\/plugins\/seo\/ -->\n<title>Niezwyk\u0142a historia zostawionego na pewn\u0105 \u015bmier\u0107 mistrza, kt\u00f3ry odrodzi\u0142 si\u0119 niczym feniks z popio\u0142\u00f3w - \u0160koda We Love Cycling - Poland<\/title>\n<meta name=\"robots\" content=\"index, follow, max-snippet:-1, max-image-preview:large, max-video-preview:-1\" \/>\n<link rel=\"canonical\" href=\"https:\/\/www.welovecycling.com\/pl\/2020\/03\/13\/niezwykla-historia-zostawionego-na-pewna-smierc-mistrza-ktory-odrodzil-sie-niczym-feniks-z-popiolow\/\" \/>\n<meta property=\"og:locale\" content=\"pl_PL\" \/>\n<meta property=\"og:type\" content=\"article\" \/>\n<meta property=\"og:title\" content=\"Niezwyk\u0142a historia zostawionego na pewn\u0105 \u015bmier\u0107 mistrza, kt\u00f3ry odrodzi\u0142 si\u0119 niczym feniks z popio\u0142\u00f3w\" \/>\n<meta property=\"og:description\" content=\"Jego rowerowa kariera by\u0142a imponuj\u0105ca: rozpocz\u0119\u0142a si\u0119, gdy mia\u0142 17 lat i trwa\u0142a a\u017c siedem dekad. By\u0142 barwn\u0105 osobowo\u015bci\u0105 i [&hellip;]\" \/>\n<meta property=\"og:url\" content=\"https:\/\/www.welovecycling.com\/pl\/2020\/03\/13\/niezwykla-historia-zostawionego-na-pewna-smierc-mistrza-ktory-odrodzil-sie-niczym-feniks-z-popiolow\/\" \/>\n<meta property=\"og:site_name\" content=\"\u0160koda We Love Cycling - Poland\" \/>\n<meta property=\"article:published_time\" content=\"2020-03-13T11:57:27+00:00\" \/>\n<meta property=\"article:modified_time\" content=\"2020-03-17T11:37:39+00:00\" \/>\n<meta property=\"og:image\" content=\"https:\/\/d2p6e6u75xmxt8.cloudfront.net\/5\/2020\/03\/Bill-Pratney-CVR-1024x450.jpg\" \/>\n\t<meta property=\"og:image:width\" content=\"1024\" \/>\n\t<meta property=\"og:image:height\" content=\"450\" \/>\n\t<meta property=\"og:image:type\" content=\"image\/jpeg\" \/>\n<meta name=\"author\" content=\"piotrboczkowski\" \/>\n<meta name=\"twitter:card\" content=\"summary_large_image\" \/>\n<meta name=\"twitter:label1\" content=\"Written by\" \/>\n\t<meta name=\"twitter:data1\" content=\"Tereza Antonova\" \/>\n\t<meta name=\"twitter:label2\" content=\"Est. reading time\" \/>\n\t<meta name=\"twitter:data2\" content=\"3 minutes\" \/>\n<script type=\"application\/ld+json\" class=\"yoast-schema-graph\">{\"@context\":\"https:\/\/schema.org\",\"@graph\":[{\"@type\":\"WebPage\",\"@id\":\"https:\/\/www.welovecycling.com\/pl\/2020\/03\/13\/niezwykla-historia-zostawionego-na-pewna-smierc-mistrza-ktory-odrodzil-sie-niczym-feniks-z-popiolow\/\",\"url\":\"https:\/\/www.welovecycling.com\/pl\/2020\/03\/13\/niezwykla-historia-zostawionego-na-pewna-smierc-mistrza-ktory-odrodzil-sie-niczym-feniks-z-popiolow\/\",\"name\":\"Niezwyk\u0142a historia zostawionego na pewn\u0105 \u015bmier\u0107 mistrza, kt\u00f3ry odrodzi\u0142 si\u0119 niczym feniks z popio\u0142\u00f3w - \u0160koda We Love Cycling - Poland\",\"isPartOf\":{\"@id\":\"https:\/\/www.welovecycling.com\/pl\/#website\"},\"primaryImageOfPage\":{\"@id\":\"https:\/\/www.welovecycling.com\/pl\/2020\/03\/13\/niezwykla-historia-zostawionego-na-pewna-smierc-mistrza-ktory-odrodzil-sie-niczym-feniks-z-popiolow\/#primaryimage\"},\"image\":{\"@id\":\"https:\/\/www.welovecycling.com\/pl\/2020\/03\/13\/niezwykla-historia-zostawionego-na-pewna-smierc-mistrza-ktory-odrodzil-sie-niczym-feniks-z-popiolow\/#primaryimage\"},\"thumbnailUrl\":\"https:\/\/d2p6e6u75xmxt8.cloudfront.net\/5\/2020\/03\/Bill-Pratney-CVR-1024x450.jpg\",\"datePublished\":\"2020-03-13T11:57:27+00:00\",\"dateModified\":\"2020-03-17T11:37:39+00:00\",\"author\":{\"@id\":\"https:\/\/www.welovecycling.com\/pl\/#\/schema\/person\/0dba2d39da943db9df3fd8f4687e7f23\"},\"breadcrumb\":{\"@id\":\"https:\/\/www.welovecycling.com\/pl\/2020\/03\/13\/niezwykla-historia-zostawionego-na-pewna-smierc-mistrza-ktory-odrodzil-sie-niczym-feniks-z-popiolow\/#breadcrumb\"},\"inLanguage\":\"pl-PL\",\"potentialAction\":[{\"@type\":\"ReadAction\",\"target\":[\"https:\/\/www.welovecycling.com\/pl\/2020\/03\/13\/niezwykla-historia-zostawionego-na-pewna-smierc-mistrza-ktory-odrodzil-sie-niczym-feniks-z-popiolow\/\"]}]},{\"@type\":\"ImageObject\",\"inLanguage\":\"pl-PL\",\"@id\":\"https:\/\/www.welovecycling.com\/pl\/2020\/03\/13\/niezwykla-historia-zostawionego-na-pewna-smierc-mistrza-ktory-odrodzil-sie-niczym-feniks-z-popiolow\/#primaryimage\",\"url\":\"https:\/\/d2p6e6u75xmxt8.cloudfront.net\/5\/2020\/03\/Bill-Pratney-CVR-1024x450.jpg\",\"contentUrl\":\"https:\/\/d2p6e6u75xmxt8.cloudfront.net\/5\/2020\/03\/Bill-Pratney-CVR-1024x450.jpg\",\"width\":1024,\"height\":450},{\"@type\":\"BreadcrumbList\",\"@id\":\"https:\/\/www.welovecycling.com\/pl\/2020\/03\/13\/niezwykla-historia-zostawionego-na-pewna-smierc-mistrza-ktory-odrodzil-sie-niczym-feniks-z-popiolow\/#breadcrumb\",\"itemListElement\":[{\"@type\":\"ListItem\",\"position\":1,\"name\":\"Home\",\"item\":\"https:\/\/www.welovecycling.com\/pl\/\"},{\"@type\":\"ListItem\",\"position\":2,\"name\":\"Niezwyk\u0142a historia zostawionego na pewn\u0105 \u015bmier\u0107 mistrza, kt\u00f3ry odrodzi\u0142 si\u0119 niczym feniks z popio\u0142\u00f3w\"}]},{\"@type\":\"WebSite\",\"@id\":\"https:\/\/www.welovecycling.com\/pl\/#website\",\"url\":\"https:\/\/www.welovecycling.com\/pl\/\",\"name\":\"\u0160koda We Love Cycling - Poland\",\"description\":\"\",\"potentialAction\":[{\"@type\":\"SearchAction\",\"target\":{\"@type\":\"EntryPoint\",\"urlTemplate\":\"https:\/\/www.welovecycling.com\/pl\/?s={search_term_string}\"},\"query-input\":{\"@type\":\"PropertyValueSpecification\",\"valueRequired\":true,\"valueName\":\"search_term_string\"}}],\"inLanguage\":\"pl-PL\"},{\"@type\":\"Person\",\"@id\":\"https:\/\/www.welovecycling.com\/pl\/#\/schema\/person\/0dba2d39da943db9df3fd8f4687e7f23\",\"name\":\"piotrboczkowski\",\"image\":{\"@type\":\"ImageObject\",\"inLanguage\":\"pl-PL\",\"@id\":\"https:\/\/www.welovecycling.com\/pl\/#\/schema\/person\/image\/\",\"url\":\"https:\/\/secure.gravatar.com\/avatar\/533caccae14752e03a2ce2d3fd62d1b98b93e1393c3195c27819e53344ca1ace?s=96&d=mm&r=g\",\"contentUrl\":\"https:\/\/secure.gravatar.com\/avatar\/533caccae14752e03a2ce2d3fd62d1b98b93e1393c3195c27819e53344ca1ace?s=96&d=mm&r=g\",\"caption\":\"piotrboczkowski\"},\"url\":\"https:\/\/www.welovecycling.com\/pl\/author\/piotrboczkowski\/\"}]}<\/script>\n<!-- \/ Yoast SEO Premium plugin. -->","yoast_head_json":{"title":"Niezwyk\u0142a historia zostawionego na pewn\u0105 \u015bmier\u0107 mistrza, kt\u00f3ry odrodzi\u0142 si\u0119 niczym feniks z popio\u0142\u00f3w - \u0160koda We Love Cycling - Poland","robots":{"index":"index","follow":"follow","max-snippet":"max-snippet:-1","max-image-preview":"max-image-preview:large","max-video-preview":"max-video-preview:-1"},"canonical":"https:\/\/www.welovecycling.com\/pl\/2020\/03\/13\/niezwykla-historia-zostawionego-na-pewna-smierc-mistrza-ktory-odrodzil-sie-niczym-feniks-z-popiolow\/","og_locale":"pl_PL","og_type":"article","og_title":"Niezwyk\u0142a historia zostawionego na pewn\u0105 \u015bmier\u0107 mistrza, kt\u00f3ry odrodzi\u0142 si\u0119 niczym feniks z popio\u0142\u00f3w","og_description":"Jego rowerowa kariera by\u0142a imponuj\u0105ca: rozpocz\u0119\u0142a si\u0119, gdy mia\u0142 17 lat i trwa\u0142a a\u017c siedem dekad. By\u0142 barwn\u0105 osobowo\u015bci\u0105 i [&hellip;]","og_url":"https:\/\/www.welovecycling.com\/pl\/2020\/03\/13\/niezwykla-historia-zostawionego-na-pewna-smierc-mistrza-ktory-odrodzil-sie-niczym-feniks-z-popiolow\/","og_site_name":"\u0160koda We Love Cycling - Poland","article_published_time":"2020-03-13T11:57:27+00:00","article_modified_time":"2020-03-17T11:37:39+00:00","og_image":[{"width":1024,"height":450,"url":"https:\/\/d2p6e6u75xmxt8.cloudfront.net\/5\/2020\/03\/Bill-Pratney-CVR-1024x450.jpg","type":"image\/jpeg"}],"author":"piotrboczkowski","twitter_card":"summary_large_image","twitter_misc":{"Written by":"Tereza Antonova","Est. reading time":"3 minutes"},"schema":{"@context":"https:\/\/schema.org","@graph":[{"@type":"WebPage","@id":"https:\/\/www.welovecycling.com\/pl\/2020\/03\/13\/niezwykla-historia-zostawionego-na-pewna-smierc-mistrza-ktory-odrodzil-sie-niczym-feniks-z-popiolow\/","url":"https:\/\/www.welovecycling.com\/pl\/2020\/03\/13\/niezwykla-historia-zostawionego-na-pewna-smierc-mistrza-ktory-odrodzil-sie-niczym-feniks-z-popiolow\/","name":"Niezwyk\u0142a historia zostawionego na pewn\u0105 \u015bmier\u0107 mistrza, kt\u00f3ry odrodzi\u0142 si\u0119 niczym feniks z popio\u0142\u00f3w - \u0160koda We Love Cycling - Poland","isPartOf":{"@id":"https:\/\/www.welovecycling.com\/pl\/#website"},"primaryImageOfPage":{"@id":"https:\/\/www.welovecycling.com\/pl\/2020\/03\/13\/niezwykla-historia-zostawionego-na-pewna-smierc-mistrza-ktory-odrodzil-sie-niczym-feniks-z-popiolow\/#primaryimage"},"image":{"@id":"https:\/\/www.welovecycling.com\/pl\/2020\/03\/13\/niezwykla-historia-zostawionego-na-pewna-smierc-mistrza-ktory-odrodzil-sie-niczym-feniks-z-popiolow\/#primaryimage"},"thumbnailUrl":"https:\/\/d2p6e6u75xmxt8.cloudfront.net\/5\/2020\/03\/Bill-Pratney-CVR-1024x450.jpg","datePublished":"2020-03-13T11:57:27+00:00","dateModified":"2020-03-17T11:37:39+00:00","author":{"@id":"https:\/\/www.welovecycling.com\/pl\/#\/schema\/person\/0dba2d39da943db9df3fd8f4687e7f23"},"breadcrumb":{"@id":"https:\/\/www.welovecycling.com\/pl\/2020\/03\/13\/niezwykla-historia-zostawionego-na-pewna-smierc-mistrza-ktory-odrodzil-sie-niczym-feniks-z-popiolow\/#breadcrumb"},"inLanguage":"pl-PL","potentialAction":[{"@type":"ReadAction","target":["https:\/\/www.welovecycling.com\/pl\/2020\/03\/13\/niezwykla-historia-zostawionego-na-pewna-smierc-mistrza-ktory-odrodzil-sie-niczym-feniks-z-popiolow\/"]}]},{"@type":"ImageObject","inLanguage":"pl-PL","@id":"https:\/\/www.welovecycling.com\/pl\/2020\/03\/13\/niezwykla-historia-zostawionego-na-pewna-smierc-mistrza-ktory-odrodzil-sie-niczym-feniks-z-popiolow\/#primaryimage","url":"https:\/\/d2p6e6u75xmxt8.cloudfront.net\/5\/2020\/03\/Bill-Pratney-CVR-1024x450.jpg","contentUrl":"https:\/\/d2p6e6u75xmxt8.cloudfront.net\/5\/2020\/03\/Bill-Pratney-CVR-1024x450.jpg","width":1024,"height":450},{"@type":"BreadcrumbList","@id":"https:\/\/www.welovecycling.com\/pl\/2020\/03\/13\/niezwykla-historia-zostawionego-na-pewna-smierc-mistrza-ktory-odrodzil-sie-niczym-feniks-z-popiolow\/#breadcrumb","itemListElement":[{"@type":"ListItem","position":1,"name":"Home","item":"https:\/\/www.welovecycling.com\/pl\/"},{"@type":"ListItem","position":2,"name":"Niezwyk\u0142a historia zostawionego na pewn\u0105 \u015bmier\u0107 mistrza, kt\u00f3ry odrodzi\u0142 si\u0119 niczym feniks z popio\u0142\u00f3w"}]},{"@type":"WebSite","@id":"https:\/\/www.welovecycling.com\/pl\/#website","url":"https:\/\/www.welovecycling.com\/pl\/","name":"\u0160koda We Love Cycling - Poland","description":"","potentialAction":[{"@type":"SearchAction","target":{"@type":"EntryPoint","urlTemplate":"https:\/\/www.welovecycling.com\/pl\/?s={search_term_string}"},"query-input":{"@type":"PropertyValueSpecification","valueRequired":true,"valueName":"search_term_string"}}],"inLanguage":"pl-PL"},{"@type":"Person","@id":"https:\/\/www.welovecycling.com\/pl\/#\/schema\/person\/0dba2d39da943db9df3fd8f4687e7f23","name":"piotrboczkowski","image":{"@type":"ImageObject","inLanguage":"pl-PL","@id":"https:\/\/www.welovecycling.com\/pl\/#\/schema\/person\/image\/","url":"https:\/\/secure.gravatar.com\/avatar\/533caccae14752e03a2ce2d3fd62d1b98b93e1393c3195c27819e53344ca1ace?s=96&d=mm&r=g","contentUrl":"https:\/\/secure.gravatar.com\/avatar\/533caccae14752e03a2ce2d3fd62d1b98b93e1393c3195c27819e53344ca1ace?s=96&d=mm&r=g","caption":"piotrboczkowski"},"url":"https:\/\/www.welovecycling.com\/pl\/author\/piotrboczkowski\/"}]}},"_links":{"self":[{"href":"https:\/\/www.welovecycling.com\/pl\/wp-json\/wp\/v2\/posts\/10431","targetHints":{"allow":["GET"]}}],"collection":[{"href":"https:\/\/www.welovecycling.com\/pl\/wp-json\/wp\/v2\/posts"}],"about":[{"href":"https:\/\/www.welovecycling.com\/pl\/wp-json\/wp\/v2\/types\/post"}],"author":[{"embeddable":true,"href":"https:\/\/www.welovecycling.com\/pl\/wp-json\/wp\/v2\/users\/76"}],"replies":[{"embeddable":true,"href":"https:\/\/www.welovecycling.com\/pl\/wp-json\/wp\/v2\/comments?post=10431"}],"version-history":[{"count":2,"href":"https:\/\/www.welovecycling.com\/pl\/wp-json\/wp\/v2\/posts\/10431\/revisions"}],"predecessor-version":[{"id":10626,"href":"https:\/\/www.welovecycling.com\/pl\/wp-json\/wp\/v2\/posts\/10431\/revisions\/10626"}],"wp:featuredmedia":[{"embeddable":true,"href":"https:\/\/www.welovecycling.com\/pl\/wp-json\/wp\/v2\/media\/10432"}],"wp:attachment":[{"href":"https:\/\/www.welovecycling.com\/pl\/wp-json\/wp\/v2\/media?parent=10431"}],"wp:term":[{"taxonomy":"category","embeddable":true,"href":"https:\/\/www.welovecycling.com\/pl\/wp-json\/wp\/v2\/categories?post=10431"},{"taxonomy":"post_tag","embeddable":true,"href":"https:\/\/www.welovecycling.com\/pl\/wp-json\/wp\/v2\/tags?post=10431"},{"taxonomy":"global-categories","embeddable":true,"href":"https:\/\/www.welovecycling.com\/pl\/wp-json\/wp\/v2\/global-categories?post=10431"}],"curies":[{"name":"wp","href":"https:\/\/api.w.org\/{rel}","templated":true}]}}