{"id":10411,"date":"2020-03-09T16:37:15","date_gmt":"2020-03-09T16:37:15","guid":{"rendered":"https:\/\/www.welovecycling.com\/pl\/?p=10411"},"modified":"2020-03-10T10:33:48","modified_gmt":"2020-03-10T10:33:48","slug":"5-ambitnych-projektow-rowerowych-chcemy-wiecej-takich-najlepiej-jeszcze-w-tym-roku","status":"publish","type":"post","link":"https:\/\/www.welovecycling.com\/pl\/2020\/03\/09\/5-ambitnych-projektow-rowerowych-chcemy-wiecej-takich-najlepiej-jeszcze-w-tym-roku\/","title":{"rendered":"5 ambitnych projekt\u00f3w rowerowych \u2013 chcemy wi\u0119cej takich, najlepiej jeszcze w tym roku"},"content":{"rendered":"<p><strong>Dobra architektura nie tylko spe\u0142nia pierwotny cel, dla kt\u00f3rego zosta\u0142a zaprojektowana, ale mo\u017ce by\u0107 te\u017c dzie\u0142em sztuki odzwierciedlaj\u0105cym warto\u015bci kulturowe spo\u0142ecze\u0144stwa i przyci\u0105ga\u0107 do siebie ludzi. Nie inaczej jest w przypadku infrastruktury rowerowej. W ci\u0105gu ostatnich kilku lat widzieli\u015bmy, jak inteligentne rozwi\u0105zania architektoniczne przyci\u0105gn\u0119\u0142y wi\u0119cej ludzi na rowery (nawet je\u015bli celem by\u0142o tylko samo przejechanie si\u0119 po s\u0142ynnej konstrukcji). Potrzebujemy wi\u0119cej ambitnych projekt\u00f3w jak te przedstawione poni\u017cej.<\/strong><\/p>\n<p>&nbsp;<\/p>\n<h2><strong>Rowerem przez wod\u0119 (Limburgia, Belgia)<\/strong><\/h2>\n<p>Projekt Visit Limburg zamieni\u0142 proste przejechanie przez staw w wyj\u0105tkowe do\u015bwiadczenie. Magazyn \u201eTime\u201d umie\u015bci\u0142 go na li\u015bcie 100 najwspanialszych miejsc, a \u015brednio 700 odwiedzaj\u0105cych dziennie eksploruje t\u0119 cz\u0119\u015b\u0107 Limburga podczas wycieczek rowerowych w mie\u015bcie. \u015acie\u017cka ma ponad 200 metr\u00f3w d\u0142ugo\u015bci i 3 metry szeroko\u015bci oraz wod\u0119 na wysoko\u015bci oczu po obu stronach.<\/p>\n<div class=\"embed-controller-wrapper\">\n<div class=\"embed-wrapper\"><iframe title=\"Bike Through Water In Limburg, Belgium\" width=\"500\" height=\"281\" data-src=\"https:\/\/www.youtube.com\/embed\/sO2U3SqI5Uk?feature=oembed\" frameborder=\"0\" allow=\"accelerometer; autoplay; clipboard-write; encrypted-media; gyroscope; picture-in-picture; web-share\" referrerpolicy=\"strict-origin-when-cross-origin\" allowfullscreen><\/iframe><\/div>\n<\/div>\n<h2><strong>Najwi\u0119kszy parking rowerowy na \u015bwiecie (Utrecht, Holandia)<\/strong><\/h2>\n<p>Bezpieczne przechowywanie rower\u00f3w dzi\u0119ki inteligentnym rozwi\u0105zaniom jest tutaj wa\u017cniejsze ni\u017c same rozmiary obiektu. Chc\u0105cy zaparkowa\u0107 mog\u0105 dojecha\u0107 rowerem bezpo\u015brednio do wolnych miejsc, kt\u00f3re s\u0105 elektronicznie oznakowane. Pojemno\u015b\u0107 obiektu jest wr\u0119cz imponuj\u0105ca, \u0142\u0105cznie ma a\u017c 12 500 miejsc parkingowych, znajduj\u0105 si\u0119 tu r\u00f3wnie\u017c wypo\u017cyczalnia i serwis.<\/p>\n<figure id=\"attachment_175592\" aria-describedby=\"caption-attachment-175592\" style=\"width: 1250px\" class=\"wp-caption alignnone\"><img loading=\"lazy\" decoding=\"async\" class=\"loading wp-image-175592 size-full\" src=\"https:\/\/d2p6e6u75xmxt8.cloudfront.net\/2\/2019\/09\/utrecht-bicycle-garage-profimedia-0466262466.jpg\" sizes=\"auto, (max-width: 1250px) 100vw, 1250px\" srcset=\"https:\/\/d2p6e6u75xmxt8.cloudfront.net\/2\/2019\/09\/utrecht-bicycle-garage-profimedia-0466262466.jpg 1250w, https:\/\/d2p6e6u75xmxt8.cloudfront.net\/2\/2019\/09\/utrecht-bicycle-garage-profimedia-0466262466-300x200.jpg 300w, https:\/\/d2p6e6u75xmxt8.cloudfront.net\/2\/2019\/09\/utrecht-bicycle-garage-profimedia-0466262466-768x512.jpg 768w, https:\/\/d2p6e6u75xmxt8.cloudfront.net\/2\/2019\/09\/utrecht-bicycle-garage-profimedia-0466262466-1024x682.jpg 1024w, https:\/\/d2p6e6u75xmxt8.cloudfront.net\/2\/2019\/09\/utrecht-bicycle-garage-profimedia-0466262466-272x182.jpg 272w\" alt=\"\" width=\"1250\" height=\"833\" data-was-processed=\"true\" \/><figcaption id=\"caption-attachment-175592\" class=\"wp-caption-text\">Budowa trwa\u0142a prawie pi\u0119\u0107 lat. \u00a9 Profimedia, Avalon Editorial, Wang Yanan<\/figcaption><\/figure>\n<h2><strong>Hovenring (Eindhoven, Holandia)<\/strong><\/h2>\n<p>Cho\u0107 to najstarsza budowla na naszej li\u015bcie, to spo\u015br\u00f3d ca\u0142ej architektury rowerowej, o kt\u00f3rej kiedykolwiek pisali\u015bmy, ta wywo\u0142a\u0142a najwi\u0119ksz\u0105 reakcj\u0119 w mediach spo\u0142eczno\u015bciowych. Most z pylonu ma wysoko\u015b\u0107 70 metr\u00f3w i sk\u0142ada si\u0119 z 24 stalowych lin i okr\u0105g\u0142ej nawierzchni mostowej. Do jego wykonania u\u017cyto oko\u0142o 1000 ton stali. Pomaga rowerzystom bezpiecznie pokona\u0107 ruchliwe skrzy\u017cowanie w pobli\u017cu miast Eindhoven i Veldhoven, a przy tym pi\u0119knie si\u0119 prezentuje.<\/p>\n<div class=\"embed-controller-wrapper\">\n<div class=\"embed-wrapper\"><iframe title=\"bird&#039;s-eye view Hovenring Eindhoven (the Netherlands) designed by ipv Delft\" width=\"500\" height=\"281\" data-src=\"https:\/\/www.youtube.com\/embed\/LwyV9o5ILF0?feature=oembed\" frameborder=\"0\" allow=\"accelerometer; autoplay; clipboard-write; encrypted-media; gyroscope; picture-in-picture; web-share\" referrerpolicy=\"strict-origin-when-cross-origin\" allowfullscreen><\/iframe><\/div>\n<\/div>\n<h2><strong>Rowerem w\u015br\u00f3d drzew (Limburgia, Belgia)<\/strong><\/h2>\n<p>Powr\u00f3t do Limburgii dowodzi, \u017ce podr\u00f3\u017c sama w sobie mo\u017ce by\u0107 celem. Rowerzy\u015bci przeje\u017cd\u017caj\u0105 przez las Pijnven na wysoko\u015bci do 10 metr\u00f3w nad ziemi\u0105. Podw\u00f3jny okr\u0105g to unikalne i proste rozwi\u0105zanie problemu skrzy\u017cowania.<\/p>\n<figure id=\"attachment_174295\" aria-describedby=\"caption-attachment-174295\" style=\"width: 796px\" class=\"wp-caption alignnone\"><img loading=\"lazy\" decoding=\"async\" class=\"loading wp-image-174295 size-full\" src=\"https:\/\/d2p6e6u75xmxt8.cloudfront.net\/2\/2019\/06\/BAB_07.jpg\" sizes=\"auto, (max-width: 796px) 100vw, 796px\" srcset=\"https:\/\/d2p6e6u75xmxt8.cloudfront.net\/2\/2019\/06\/BAB_07.jpg 796w, https:\/\/d2p6e6u75xmxt8.cloudfront.net\/2\/2019\/06\/BAB_07-300x226.jpg 300w, https:\/\/d2p6e6u75xmxt8.cloudfront.net\/2\/2019\/06\/BAB_07-768x579.jpg 768w\" alt=\"\" width=\"796\" height=\"600\" data-was-processed=\"true\" \/><figcaption id=\"caption-attachment-174295\" class=\"wp-caption-text\">\u00a9 BYCS.org<\/figcaption><\/figure>\n<p>Ta kultowa konstrukcja ma prawie 700 metr\u00f3w d\u0142ugo\u015bci. Mo\u017cna je\u017adzi\u0107 po niej na rowerze lub spacerowa\u0107 o ka\u017cdej porze roku i odkrywa\u0107 d\u017awi\u0119ki i zapachy lasu Pijnven na wysoko\u015bci do 10 metr\u00f3w nad ziemi\u0105. Ten wyj\u0105tkowy punkt orientacyjny o \u015brednicy 100 metr\u00f3w gwarantuje niezapomniane, a przy tym bezpieczne wra\u017cenia dla m\u0142odszych i starszych rowerzyst\u00f3w.<\/p>\n<h2><strong>Recyklingowe szale\u0144stwo (Auckland, Nowa Zelandia)<\/strong><\/h2>\n<p>Zb\u0119dny element infrastruktury drogowej zosta\u0142 ponownie wykorzystany jako droga rowerowa. Jeden z najlepszych przyk\u0142ad\u00f3w recyklingu w historii stanowi uzupe\u0142nienie p\u0119tli rowerowej w centrum Auckland. Pomalowany na wyra\u017any r\u00f3\u017cowy kolor 600-metrowy zjazd, oznacza obszar miejski dla pieszych oraz rowerzyst\u00f3w i odr\u00f3\u017cnia si\u0119 od otaczaj\u0105cej go aktywnej sieci autostrad.<\/p>\n<figure style=\"width: 796px\" class=\"wp-caption alignnone\"><img loading=\"lazy\" decoding=\"async\" class=\"loading wp-image-174296 size-full\" src=\"https:\/\/d2p6e6u75xmxt8.cloudfront.net\/2\/2019\/06\/BAB_08.jpg\" sizes=\"auto, (max-width: 796px) 100vw, 796px\" srcset=\"https:\/\/d2p6e6u75xmxt8.cloudfront.net\/2\/2019\/06\/BAB_08.jpg 796w, https:\/\/d2p6e6u75xmxt8.cloudfront.net\/2\/2019\/06\/BAB_08-300x226.jpg 300w, https:\/\/d2p6e6u75xmxt8.cloudfront.net\/2\/2019\/06\/BAB_08-768x579.jpg 768w\" alt=\"\" width=\"796\" height=\"600\" data-was-processed=\"true\" \/><figcaption class=\"wp-caption-text\">\u00a9 BYCS.org<\/figcaption><\/figure>\n<p>&nbsp;<\/p>\n<\/div>\n<p><span data-sheets-value=\"{&quot;1&quot;:2,&quot;2&quot;:&quot;Artyku\u0142 powsta\u0142 we wsp\u00f3\u0142pracy ze skoda-auto.pl&quot;}\" data-sheets-userformat=\"{&quot;2&quot;:1,&quot;3&quot;:{&quot;1&quot;:0}}\" data-sheets-hyperlink=\"http:\/\/www.skoda-auto.pl\/\"><a class=\"in-cell-link\" href=\"http:\/\/www.skoda-auto.pl\/\" target=\"_blank\" rel=\"noopener\">Artyku\u0142 powsta\u0142 we wsp\u00f3\u0142pracy ze skoda-auto.pl<\/a><\/span><\/p>\n<p><a href=\"https:\/\/sklep.skoda.pl\/pl\/sklep\/b\/331\/rowery-i-akcesoria-rowery.html\"><img loading=\"lazy\" decoding=\"async\" class=\"aligncenter wp-image-9608 size-full loading\" src=\"https:\/\/d2p6e6u75xmxt8.cloudfront.net\/5\/2019\/08\/baner_WLC_640x350_3.png\" sizes=\"auto, (max-width: 640px) 100vw, 640px\" srcset=\"https:\/\/d2p6e6u75xmxt8.cloudfront.net\/5\/2019\/08\/baner_WLC_640x350_3.png 640w, https:\/\/d2p6e6u75xmxt8.cloudfront.net\/5\/2019\/08\/baner_WLC_640x350_3-300x164.png 300w\" alt=\"\" width=\"640\" height=\"350\" data-was-processed=\"true\" \/><\/a><\/p>\n","protected":false},"excerpt":{"rendered":"<p>Dobra architektura nie tylko spe\u0142nia pierwotny cel, dla kt\u00f3rego zosta\u0142a zaprojektowana, ale mo\u017ce by\u0107 te\u017c dzie\u0142em sztuki odzwierciedlaj\u0105cym warto\u015bci kulturowe [&hellip;]<\/p>\n","protected":false},"author":76,"featured_media":10414,"comment_status":"open","ping_status":"open","sticky":false,"template":"","format":"standard","meta":{"footnotes":""},"categories":[1],"tags":[],"global-categories":[303],"class_list":["post-10411","post","type-post","status-publish","format-standard","has-post-thumbnail","hentry","category-uncategorized","global-categories-cycling"],"yoast_head":"<!-- This site is optimized with the Yoast SEO Premium plugin v25.3 (Yoast SEO v25.9) - https:\/\/yoast.com\/wordpress\/plugins\/seo\/ -->\n<title>5 ambitnych projekt\u00f3w rowerowych \u2013 chcemy wi\u0119cej takich, najlepiej jeszcze w tym roku - \u0160koda We Love Cycling - Poland<\/title>\n<meta name=\"robots\" content=\"index, follow, max-snippet:-1, max-image-preview:large, max-video-preview:-1\" \/>\n<link rel=\"canonical\" href=\"https:\/\/www.welovecycling.com\/pl\/2020\/03\/09\/5-ambitnych-projektow-rowerowych-chcemy-wiecej-takich-najlepiej-jeszcze-w-tym-roku\/\" \/>\n<meta property=\"og:locale\" content=\"pl_PL\" \/>\n<meta property=\"og:type\" content=\"article\" \/>\n<meta property=\"og:title\" content=\"5 ambitnych projekt\u00f3w rowerowych \u2013 chcemy wi\u0119cej takich, najlepiej jeszcze w tym roku\" \/>\n<meta property=\"og:description\" content=\"Dobra architektura nie tylko spe\u0142nia pierwotny cel, dla kt\u00f3rego zosta\u0142a zaprojektowana, ale mo\u017ce by\u0107 te\u017c dzie\u0142em sztuki odzwierciedlaj\u0105cym warto\u015bci kulturowe [&hellip;]\" \/>\n<meta property=\"og:url\" content=\"https:\/\/www.welovecycling.com\/pl\/2020\/03\/09\/5-ambitnych-projektow-rowerowych-chcemy-wiecej-takich-najlepiej-jeszcze-w-tym-roku\/\" \/>\n<meta property=\"og:site_name\" content=\"\u0160koda We Love Cycling - Poland\" \/>\n<meta property=\"article:published_time\" content=\"2020-03-09T16:37:15+00:00\" \/>\n<meta property=\"article:modified_time\" content=\"2020-03-10T10:33:48+00:00\" \/>\n<meta property=\"og:image\" content=\"https:\/\/d2p6e6u75xmxt8.cloudfront.net\/5\/2020\/03\/Hovenring-CVR-profimedia-0494870829-1024x450.jpg\" \/>\n\t<meta property=\"og:image:width\" content=\"1024\" \/>\n\t<meta property=\"og:image:height\" content=\"450\" \/>\n\t<meta property=\"og:image:type\" content=\"image\/jpeg\" \/>\n<meta name=\"author\" content=\"piotrboczkowski\" \/>\n<meta name=\"twitter:card\" content=\"summary_large_image\" \/>\n<meta name=\"twitter:label1\" content=\"Written by\" \/>\n\t<meta name=\"twitter:data1\" content=\"Monika Buck\" \/>\n\t<meta name=\"twitter:label2\" content=\"Est. reading time\" \/>\n\t<meta name=\"twitter:data2\" content=\"4\" \/>\n<script type=\"application\/ld+json\" class=\"yoast-schema-graph\">{\"@context\":\"https:\/\/schema.org\",\"@graph\":[{\"@type\":\"WebPage\",\"@id\":\"https:\/\/www.welovecycling.com\/pl\/2020\/03\/09\/5-ambitnych-projektow-rowerowych-chcemy-wiecej-takich-najlepiej-jeszcze-w-tym-roku\/\",\"url\":\"https:\/\/www.welovecycling.com\/pl\/2020\/03\/09\/5-ambitnych-projektow-rowerowych-chcemy-wiecej-takich-najlepiej-jeszcze-w-tym-roku\/\",\"name\":\"5 ambitnych projekt\u00f3w rowerowych \u2013 chcemy wi\u0119cej takich, najlepiej jeszcze w tym roku - \u0160koda We Love Cycling - Poland\",\"isPartOf\":{\"@id\":\"https:\/\/www.welovecycling.com\/pl\/#website\"},\"primaryImageOfPage\":{\"@id\":\"https:\/\/www.welovecycling.com\/pl\/2020\/03\/09\/5-ambitnych-projektow-rowerowych-chcemy-wiecej-takich-najlepiej-jeszcze-w-tym-roku\/#primaryimage\"},\"image\":{\"@id\":\"https:\/\/www.welovecycling.com\/pl\/2020\/03\/09\/5-ambitnych-projektow-rowerowych-chcemy-wiecej-takich-najlepiej-jeszcze-w-tym-roku\/#primaryimage\"},\"thumbnailUrl\":\"https:\/\/d2p6e6u75xmxt8.cloudfront.net\/5\/2020\/03\/Hovenring-CVR-profimedia-0494870829-1024x450.jpg\",\"datePublished\":\"2020-03-09T16:37:15+00:00\",\"dateModified\":\"2020-03-10T10:33:48+00:00\",\"author\":{\"@id\":\"https:\/\/www.welovecycling.com\/pl\/#\/schema\/person\/0dba2d39da943db9df3fd8f4687e7f23\"},\"breadcrumb\":{\"@id\":\"https:\/\/www.welovecycling.com\/pl\/2020\/03\/09\/5-ambitnych-projektow-rowerowych-chcemy-wiecej-takich-najlepiej-jeszcze-w-tym-roku\/#breadcrumb\"},\"inLanguage\":\"pl-PL\",\"potentialAction\":[{\"@type\":\"ReadAction\",\"target\":[\"https:\/\/www.welovecycling.com\/pl\/2020\/03\/09\/5-ambitnych-projektow-rowerowych-chcemy-wiecej-takich-najlepiej-jeszcze-w-tym-roku\/\"]}]},{\"@type\":\"ImageObject\",\"inLanguage\":\"pl-PL\",\"@id\":\"https:\/\/www.welovecycling.com\/pl\/2020\/03\/09\/5-ambitnych-projektow-rowerowych-chcemy-wiecej-takich-najlepiej-jeszcze-w-tym-roku\/#primaryimage\",\"url\":\"https:\/\/d2p6e6u75xmxt8.cloudfront.net\/5\/2020\/03\/Hovenring-CVR-profimedia-0494870829-1024x450.jpg\",\"contentUrl\":\"https:\/\/d2p6e6u75xmxt8.cloudfront.net\/5\/2020\/03\/Hovenring-CVR-profimedia-0494870829-1024x450.jpg\",\"width\":1024,\"height\":450},{\"@type\":\"BreadcrumbList\",\"@id\":\"https:\/\/www.welovecycling.com\/pl\/2020\/03\/09\/5-ambitnych-projektow-rowerowych-chcemy-wiecej-takich-najlepiej-jeszcze-w-tym-roku\/#breadcrumb\",\"itemListElement\":[{\"@type\":\"ListItem\",\"position\":1,\"name\":\"Home\",\"item\":\"https:\/\/www.welovecycling.com\/pl\/\"},{\"@type\":\"ListItem\",\"position\":2,\"name\":\"5 ambitnych projekt\u00f3w rowerowych \u2013 chcemy wi\u0119cej takich, najlepiej jeszcze w tym roku\"}]},{\"@type\":\"WebSite\",\"@id\":\"https:\/\/www.welovecycling.com\/pl\/#website\",\"url\":\"https:\/\/www.welovecycling.com\/pl\/\",\"name\":\"\u0160koda We Love Cycling - Poland\",\"description\":\"\",\"potentialAction\":[{\"@type\":\"SearchAction\",\"target\":{\"@type\":\"EntryPoint\",\"urlTemplate\":\"https:\/\/www.welovecycling.com\/pl\/?s={search_term_string}\"},\"query-input\":{\"@type\":\"PropertyValueSpecification\",\"valueRequired\":true,\"valueName\":\"search_term_string\"}}],\"inLanguage\":\"pl-PL\"},{\"@type\":\"Person\",\"@id\":\"https:\/\/www.welovecycling.com\/pl\/#\/schema\/person\/0dba2d39da943db9df3fd8f4687e7f23\",\"name\":\"piotrboczkowski\",\"image\":{\"@type\":\"ImageObject\",\"inLanguage\":\"pl-PL\",\"@id\":\"https:\/\/www.welovecycling.com\/pl\/#\/schema\/person\/image\/\",\"url\":\"https:\/\/secure.gravatar.com\/avatar\/533caccae14752e03a2ce2d3fd62d1b98b93e1393c3195c27819e53344ca1ace?s=96&d=mm&r=g\",\"contentUrl\":\"https:\/\/secure.gravatar.com\/avatar\/533caccae14752e03a2ce2d3fd62d1b98b93e1393c3195c27819e53344ca1ace?s=96&d=mm&r=g\",\"caption\":\"piotrboczkowski\"},\"url\":\"https:\/\/www.welovecycling.com\/pl\/author\/piotrboczkowski\/\"}]}<\/script>\n<!-- \/ Yoast SEO Premium plugin. -->","yoast_head_json":{"title":"5 ambitnych projekt\u00f3w rowerowych \u2013 chcemy wi\u0119cej takich, najlepiej jeszcze w tym roku - \u0160koda We Love Cycling - Poland","robots":{"index":"index","follow":"follow","max-snippet":"max-snippet:-1","max-image-preview":"max-image-preview:large","max-video-preview":"max-video-preview:-1"},"canonical":"https:\/\/www.welovecycling.com\/pl\/2020\/03\/09\/5-ambitnych-projektow-rowerowych-chcemy-wiecej-takich-najlepiej-jeszcze-w-tym-roku\/","og_locale":"pl_PL","og_type":"article","og_title":"5 ambitnych projekt\u00f3w rowerowych \u2013 chcemy wi\u0119cej takich, najlepiej jeszcze w tym roku","og_description":"Dobra architektura nie tylko spe\u0142nia pierwotny cel, dla kt\u00f3rego zosta\u0142a zaprojektowana, ale mo\u017ce by\u0107 te\u017c dzie\u0142em sztuki odzwierciedlaj\u0105cym warto\u015bci kulturowe [&hellip;]","og_url":"https:\/\/www.welovecycling.com\/pl\/2020\/03\/09\/5-ambitnych-projektow-rowerowych-chcemy-wiecej-takich-najlepiej-jeszcze-w-tym-roku\/","og_site_name":"\u0160koda We Love Cycling - Poland","article_published_time":"2020-03-09T16:37:15+00:00","article_modified_time":"2020-03-10T10:33:48+00:00","og_image":[{"width":1024,"height":450,"url":"https:\/\/d2p6e6u75xmxt8.cloudfront.net\/5\/2020\/03\/Hovenring-CVR-profimedia-0494870829-1024x450.jpg","type":"image\/jpeg"}],"author":"piotrboczkowski","twitter_card":"summary_large_image","twitter_misc":{"Written by":"Monika Buck","Est. reading time":"4"},"schema":{"@context":"https:\/\/schema.org","@graph":[{"@type":"WebPage","@id":"https:\/\/www.welovecycling.com\/pl\/2020\/03\/09\/5-ambitnych-projektow-rowerowych-chcemy-wiecej-takich-najlepiej-jeszcze-w-tym-roku\/","url":"https:\/\/www.welovecycling.com\/pl\/2020\/03\/09\/5-ambitnych-projektow-rowerowych-chcemy-wiecej-takich-najlepiej-jeszcze-w-tym-roku\/","name":"5 ambitnych projekt\u00f3w rowerowych \u2013 chcemy wi\u0119cej takich, najlepiej jeszcze w tym roku - \u0160koda We Love Cycling - Poland","isPartOf":{"@id":"https:\/\/www.welovecycling.com\/pl\/#website"},"primaryImageOfPage":{"@id":"https:\/\/www.welovecycling.com\/pl\/2020\/03\/09\/5-ambitnych-projektow-rowerowych-chcemy-wiecej-takich-najlepiej-jeszcze-w-tym-roku\/#primaryimage"},"image":{"@id":"https:\/\/www.welovecycling.com\/pl\/2020\/03\/09\/5-ambitnych-projektow-rowerowych-chcemy-wiecej-takich-najlepiej-jeszcze-w-tym-roku\/#primaryimage"},"thumbnailUrl":"https:\/\/d2p6e6u75xmxt8.cloudfront.net\/5\/2020\/03\/Hovenring-CVR-profimedia-0494870829-1024x450.jpg","datePublished":"2020-03-09T16:37:15+00:00","dateModified":"2020-03-10T10:33:48+00:00","author":{"@id":"https:\/\/www.welovecycling.com\/pl\/#\/schema\/person\/0dba2d39da943db9df3fd8f4687e7f23"},"breadcrumb":{"@id":"https:\/\/www.welovecycling.com\/pl\/2020\/03\/09\/5-ambitnych-projektow-rowerowych-chcemy-wiecej-takich-najlepiej-jeszcze-w-tym-roku\/#breadcrumb"},"inLanguage":"pl-PL","potentialAction":[{"@type":"ReadAction","target":["https:\/\/www.welovecycling.com\/pl\/2020\/03\/09\/5-ambitnych-projektow-rowerowych-chcemy-wiecej-takich-najlepiej-jeszcze-w-tym-roku\/"]}]},{"@type":"ImageObject","inLanguage":"pl-PL","@id":"https:\/\/www.welovecycling.com\/pl\/2020\/03\/09\/5-ambitnych-projektow-rowerowych-chcemy-wiecej-takich-najlepiej-jeszcze-w-tym-roku\/#primaryimage","url":"https:\/\/d2p6e6u75xmxt8.cloudfront.net\/5\/2020\/03\/Hovenring-CVR-profimedia-0494870829-1024x450.jpg","contentUrl":"https:\/\/d2p6e6u75xmxt8.cloudfront.net\/5\/2020\/03\/Hovenring-CVR-profimedia-0494870829-1024x450.jpg","width":1024,"height":450},{"@type":"BreadcrumbList","@id":"https:\/\/www.welovecycling.com\/pl\/2020\/03\/09\/5-ambitnych-projektow-rowerowych-chcemy-wiecej-takich-najlepiej-jeszcze-w-tym-roku\/#breadcrumb","itemListElement":[{"@type":"ListItem","position":1,"name":"Home","item":"https:\/\/www.welovecycling.com\/pl\/"},{"@type":"ListItem","position":2,"name":"5 ambitnych projekt\u00f3w rowerowych \u2013 chcemy wi\u0119cej takich, najlepiej jeszcze w tym roku"}]},{"@type":"WebSite","@id":"https:\/\/www.welovecycling.com\/pl\/#website","url":"https:\/\/www.welovecycling.com\/pl\/","name":"\u0160koda We Love Cycling - Poland","description":"","potentialAction":[{"@type":"SearchAction","target":{"@type":"EntryPoint","urlTemplate":"https:\/\/www.welovecycling.com\/pl\/?s={search_term_string}"},"query-input":{"@type":"PropertyValueSpecification","valueRequired":true,"valueName":"search_term_string"}}],"inLanguage":"pl-PL"},{"@type":"Person","@id":"https:\/\/www.welovecycling.com\/pl\/#\/schema\/person\/0dba2d39da943db9df3fd8f4687e7f23","name":"piotrboczkowski","image":{"@type":"ImageObject","inLanguage":"pl-PL","@id":"https:\/\/www.welovecycling.com\/pl\/#\/schema\/person\/image\/","url":"https:\/\/secure.gravatar.com\/avatar\/533caccae14752e03a2ce2d3fd62d1b98b93e1393c3195c27819e53344ca1ace?s=96&d=mm&r=g","contentUrl":"https:\/\/secure.gravatar.com\/avatar\/533caccae14752e03a2ce2d3fd62d1b98b93e1393c3195c27819e53344ca1ace?s=96&d=mm&r=g","caption":"piotrboczkowski"},"url":"https:\/\/www.welovecycling.com\/pl\/author\/piotrboczkowski\/"}]}},"_links":{"self":[{"href":"https:\/\/www.welovecycling.com\/pl\/wp-json\/wp\/v2\/posts\/10411","targetHints":{"allow":["GET"]}}],"collection":[{"href":"https:\/\/www.welovecycling.com\/pl\/wp-json\/wp\/v2\/posts"}],"about":[{"href":"https:\/\/www.welovecycling.com\/pl\/wp-json\/wp\/v2\/types\/post"}],"author":[{"embeddable":true,"href":"https:\/\/www.welovecycling.com\/pl\/wp-json\/wp\/v2\/users\/76"}],"replies":[{"embeddable":true,"href":"https:\/\/www.welovecycling.com\/pl\/wp-json\/wp\/v2\/comments?post=10411"}],"version-history":[{"count":2,"href":"https:\/\/www.welovecycling.com\/pl\/wp-json\/wp\/v2\/posts\/10411\/revisions"}],"predecessor-version":[{"id":10416,"href":"https:\/\/www.welovecycling.com\/pl\/wp-json\/wp\/v2\/posts\/10411\/revisions\/10416"}],"wp:featuredmedia":[{"embeddable":true,"href":"https:\/\/www.welovecycling.com\/pl\/wp-json\/wp\/v2\/media\/10414"}],"wp:attachment":[{"href":"https:\/\/www.welovecycling.com\/pl\/wp-json\/wp\/v2\/media?parent=10411"}],"wp:term":[{"taxonomy":"category","embeddable":true,"href":"https:\/\/www.welovecycling.com\/pl\/wp-json\/wp\/v2\/categories?post=10411"},{"taxonomy":"post_tag","embeddable":true,"href":"https:\/\/www.welovecycling.com\/pl\/wp-json\/wp\/v2\/tags?post=10411"},{"taxonomy":"global-categories","embeddable":true,"href":"https:\/\/www.welovecycling.com\/pl\/wp-json\/wp\/v2\/global-categories?post=10411"}],"curies":[{"name":"wp","href":"https:\/\/api.w.org\/{rel}","templated":true}]}}