{"id":10404,"date":"2020-03-06T15:51:17","date_gmt":"2020-03-06T15:51:17","guid":{"rendered":"https:\/\/www.welovecycling.com\/pl\/?p=10404"},"modified":"2020-03-06T15:51:17","modified_gmt":"2020-03-06T15:51:17","slug":"takiego-startu-tour-de-france-jeszcze-nie-bylo","status":"publish","type":"post","link":"https:\/\/www.welovecycling.com\/pl\/2020\/03\/06\/takiego-startu-tour-de-france-jeszcze-nie-bylo\/","title":{"rendered":"Takiego startu Tour de France jeszcze nie by\u0142o!"},"content":{"rendered":"<p>Z najbardziej wysuni\u0119tego na p\u00f3\u0142noc zak\u0105tka i z samego serca rowerowego raju. Przysz\u0142oroczna Wielk\u0105 P\u0119tka rozpocznie si\u0119 w Kopenhadze, a Du\u0144czycy ju\u017c nazywaj\u0105 to najwi\u0119kszym sportowym przedsi\u0119wzi\u0119ciem w historii kraju.<\/p>\n<p>By\u0142y ju\u017c: Holandia, Belgia, Niemcy, Szwajcaria, Luksemburg, Hiszpania, Irlandia, Wielka Brytania, Monako, a teraz przyszed\u0142 czas na Dani\u0119.<\/p>\n<p>&#8211; Tour de France jeszcze nigdy nie startowa\u0142o w miejscu tak daleko wysuni\u0119tym na p\u00f3\u0142noc \u2013 cieszy si\u0119 Christian Prudhomme, dyrektor imprezy.<\/p>\n<div class=\"embed-controller-wrapper\">\n<blockquote class=\"twitter-tweet\" data-width=\"500\" data-dnt=\"true\">\n<p lang=\"en\" dir=\"ltr\">Here are the 3 Danish stages for <a href=\"https:\/\/twitter.com\/letourdk?ref_src=twsrc%5Etfw\">@letourdk<\/a> in 2021! We are so excited to show some of the most beautiful areas of Denmark for the whole world. The <a href=\"https:\/\/twitter.com\/LeTour?ref_src=twsrc%5Etfw\">@LeTour<\/a> in 2021 will be an amazing race and an celebretion for everyone. \ud83e\udd73\ud83d\udeb4\ud83c\udffb\u200d\u2642\ufe0f\ud83d\udeb4\ud83c\udffb\u200d\u2642\ufe0f\u270c\ud83c\udffb<a href=\"https:\/\/twitter.com\/FrankJensenKBH?ref_src=twsrc%5Etfw\">@FrankJensenKBH<\/a> <a href=\"https:\/\/twitter.com\/amaurysport?ref_src=twsrc%5Etfw\">@amaurysport<\/a>  <a href=\"https:\/\/twitter.com\/ctricartour?ref_src=twsrc%5Etfw\">@ctricartour<\/a> <a href=\"https:\/\/t.co\/GdMdmjcP9Q\">pic.twitter.com\/GdMdmjcP9Q<\/a><\/p>\n<p>&mdash; Grand D\u00e9part 2022 \ud83c\udde9\ud83c\uddf0 (@letourdk) <a href=\"https:\/\/twitter.com\/letourdk\/status\/1224714799508082688?ref_src=twsrc%5Etfw\">February 4, 2020<\/a><\/p><\/blockquote>\n<p><script async data-src=\"https:\/\/platform.twitter.com\/widgets.js\" charset=\"utf-8\"><\/script><\/div>\n<p>Flirt organizator\u00f3w Tour de France z Du\u0144czykami trwa\u0142 do\u015b\u0107 d\u0142ugo, bo ju\u017c w zesz\u0142ym roku na kr\u00f3tko pojawi\u0142a si\u0119 informacja, \u017ce Grand Depart 2021 odb\u0119dzie si\u0119 w Kopenhadze. I pewnie niewielu by j\u0105 zauwa\u017cy\u0142o, gdyby du\u0144scy politycy z ekscytacj\u0105 nie zacz\u0119li komentowa\u0107 sprawy w mediach spo\u0142eczno\u015bciowych.<\/p>\n<p>Teraz ju\u017c jednak oficjalnie wiadomo, \u017ce Tour de France wystartuje z Danii. Wed\u0142ug nieoficjalnych informacji ma to kosztowa\u0107 Du\u0144czyk\u00f3w kilkana\u015bcie milion\u00f3w euro, a to oznacza, \u017ce b\u0119dzie najdro\u017csz\u0105 sportow\u0105 imprez\u0105 w historii kraju.<\/p>\n<p>Zmagania kolarzy zaczn\u0105 si\u0119 2 lipca w Kopenhadze, gdzie odb\u0119dzie si\u0119 jazda indywidualna na czas. Trasa nie do\u015b\u0107, \u017ce ma by\u0107 p\u0142aska i szybka, to jeszcze przez 13 kilometr\u00f3w, zawodnikom b\u0119d\u0105 towarzyszy\u0142y niesamowite widoki.<\/p>\n<p>\u201eTo najbardziej przyjazne rowerzystom miasto na ca\u0142ym \u015bwiecie\u201d \u2013 pisze o Kopenhadze oficjalna strona Wielkiej P\u0119tli.<\/p>\n<div class=\"embed-controller-wrapper\">\n<blockquote class=\"twitter-tweet\" data-width=\"500\" data-dnt=\"true\">\n<p lang=\"fr\" dir=\"ltr\">\ud83c\udfac Stage 1 \/ Etape 1<\/p>\n<p>\ud83c\udf99 &quot;We are extremely proud to be starting in Denmark, in a bike-loving capital city like Copenhagen.&quot; C.Prudhomme<\/p>\n<p>\ud83c\udf99 &quot;Nous sommes fiers de partir du Danemark, fiers de partir de cette capitale et de ce pays qui aiment le v\u00e9lo.&quot; C.Prudhomme <a href=\"https:\/\/t.co\/MoZrXKvGPQ\">pic.twitter.com\/MoZrXKvGPQ<\/a><\/p>\n<p>&mdash; Tour de France\u2122 (@LeTour) <a href=\"https:\/\/twitter.com\/LeTour\/status\/1224680477996568576?ref_src=twsrc%5Etfw\">February 4, 2020<\/a><\/p><\/blockquote>\n<p><script async data-src=\"https:\/\/platform.twitter.com\/widgets.js\" charset=\"utf-8\"><\/script><\/div>\n<p>Nazajutrz kolarze pojad\u0105 etap Roskilde \u2013 Nyborg (199 km), gdzie przez 18 kilometr\u00f3w b\u0119d\u0105 p\u0119dzili zapieraj\u0105cymi dech w piersiach mostami.<\/p>\n<div class=\"embed-controller-wrapper\">\n<blockquote class=\"twitter-tweet\" data-width=\"500\" data-dnt=\"true\">\n<p lang=\"fr\" dir=\"ltr\">\ud83c\udfac Stage 2 \/ Etape 2<\/p>\n<p>\ud83d\udca8 Beware of the wind when crossing the Great Belt just before the finish in Nyborg! <\/p>\n<p>\ud83d\udca8 Il faudra faire tr\u00e8s attention au vent sur le pont traversant le d\u00e9troit de Great Belt juste avant l&#39;arriv\u00e9e \u00e0 Nyborg. <a href=\"https:\/\/twitter.com\/hashtag\/TDF2021?src=hash&amp;ref_src=twsrc%5Etfw\">#TDF2021<\/a> <a href=\"https:\/\/t.co\/4070FvjzNR\">pic.twitter.com\/4070FvjzNR<\/a><\/p>\n<p>&mdash; Tour de France\u2122 (@LeTour) <a href=\"https:\/\/twitter.com\/LeTour\/status\/1224682330578616321?ref_src=twsrc%5Etfw\">February 4, 2020<\/a><\/p><\/blockquote>\n<p><script async data-src=\"https:\/\/platform.twitter.com\/widgets.js\" charset=\"utf-8\"><\/script><\/div>\n<p>P\u00f3\u017aniej do g\u0142osu zn\u00f3w powinni doj\u015b\u0107 sprinterzy, bo Wielka P\u0119tla z Dani\u0105 po\u017cegna si\u0119 etapem Vejle \u2013 S\u00f8nderborg (182 km).<\/p>\n<div class=\"embed-controller-wrapper\">\n<blockquote class=\"twitter-tweet\" data-width=\"500\" data-dnt=\"true\">\n<p lang=\"da\" dir=\"ltr\">\ud83c\udfac Stage 3 \/ Etape 3<\/p>\n<p>\ud83d\udca8 Full gas for the sprinters from Vejle to S\u00f8nderborg!<\/p>\n<p>\ud83d\udca8 Un terrain pour les sprinteurs entre Vejle et S\u00f8nderborg !<a href=\"https:\/\/twitter.com\/hashtag\/TDF2021?src=hash&amp;ref_src=twsrc%5Etfw\">#TDF2021<\/a> <a href=\"https:\/\/t.co\/KtHkZVARRZ\">pic.twitter.com\/KtHkZVARRZ<\/a><\/p>\n<p>&mdash; Tour de France\u2122 (@LeTour) <a href=\"https:\/\/twitter.com\/LeTour\/status\/1224683860836933632?ref_src=twsrc%5Etfw\">February 4, 2020<\/a><\/p><\/blockquote>\n<p><script async data-src=\"https:\/\/platform.twitter.com\/widgets.js\" charset=\"utf-8\"><\/script><\/div>\n<p>&#8211; Pierwsze dni nadaj\u0105 ton i atmosfer\u0119 Tour de France. Dlatego to niezwykle ekscytuj\u0105ce, \u017ce w lipcu przysz\u0142ego roku wystartujemy z samego serca miasta, kt\u00f3re oddycha i \u017cyje jazd\u0105 na rowerze. Do tego zawodnikom b\u0119d\u0105 towarzyszy\u0142y krajobrazy, jakich nie widziano od pocz\u0105tku wy\u015bcigu, czyli od 1903 roku. Jestem te\u017c pewien, \u017ce przy trasie zobaczymy tysi\u0105ce fan\u00f3w kolarstwa. To wszystko b\u0119dzie fantastycznie wygl\u0105da\u0142o \u2013 podkre\u015bla dyrektor Prudhomme.<\/p>\n<p>Przypomnijmy, \u017ce przysz\u0142oroczny Tour de France odb\u0119dzie si\u0119 w dniach 2 \u2013 25 lipca. Z kolei w tym roku Wielka P\u0119tla nie opuszcza Francji \u2013 zaczyna si\u0119 27 czerwca w Nicei i ko\u0144czy 29 lipca, tradycyjnie na Polach Elizejskich.<\/p>\n<p><span data-sheets-value=\"{&quot;1&quot;:2,&quot;2&quot;:&quot;Artyku\u0142 powsta\u0142 we wsp\u00f3\u0142pracy ze skoda-auto.pl&quot;}\" data-sheets-userformat=\"{&quot;2&quot;:1,&quot;3&quot;:{&quot;1&quot;:0}}\" data-sheets-hyperlink=\"http:\/\/www.skoda-auto.pl\/\"><a class=\"in-cell-link\" href=\"http:\/\/www.skoda-auto.pl\/\" target=\"_blank\" rel=\"noopener\">Artyku\u0142 powsta\u0142 we wsp\u00f3\u0142pracy ze skoda-auto.pl<\/a><\/span><\/p>\n<p><a href=\"https:\/\/www.skoda-auto.pl\/modele\/karoq\">\u00a0<\/a><\/p>\n<p><a href=\"https:\/\/www.skoda-auto.pl\/modele\/karoq\"><img loading=\"lazy\" decoding=\"async\" class=\"aligncenter wp-image-9606 size-full loading\" src=\"https:\/\/d2p6e6u75xmxt8.cloudfront.net\/5\/2019\/08\/baner_WLC_640x350_1.png\" sizes=\"auto, (max-width: 640px) 100vw, 640px\" srcset=\"https:\/\/d2p6e6u75xmxt8.cloudfront.net\/5\/2019\/08\/baner_WLC_640x350_1.png 640w, https:\/\/d2p6e6u75xmxt8.cloudfront.net\/5\/2019\/08\/baner_WLC_640x350_1-300x164.png 300w\" alt=\"\" width=\"640\" height=\"350\" data-was-processed=\"true\" \/><\/a><\/p>\n","protected":false},"excerpt":{"rendered":"<p>Z najbardziej wysuni\u0119tego na p\u00f3\u0142noc zak\u0105tka i z samego serca rowerowego raju. Przysz\u0142oroczna Wielk\u0105 P\u0119tka rozpocznie si\u0119 w Kopenhadze, a [&hellip;]<\/p>\n","protected":false},"author":76,"featured_media":10405,"comment_status":"open","ping_status":"open","sticky":false,"template":"","format":"standard","meta":{"footnotes":""},"categories":[1],"tags":[],"global-categories":[303],"class_list":["post-10404","post","type-post","status-publish","format-standard","has-post-thumbnail","hentry","category-uncategorized","global-categories-cycling"],"yoast_head":"<!-- This site is optimized with the Yoast SEO Premium plugin v25.3 (Yoast SEO v25.9) - https:\/\/yoast.com\/wordpress\/plugins\/seo\/ -->\n<title>Takiego startu Tour de France jeszcze nie by\u0142o! - \u0160koda We Love Cycling - Poland<\/title>\n<meta name=\"robots\" content=\"index, follow, max-snippet:-1, max-image-preview:large, max-video-preview:-1\" \/>\n<link rel=\"canonical\" href=\"https:\/\/www.welovecycling.com\/pl\/2020\/03\/06\/takiego-startu-tour-de-france-jeszcze-nie-bylo\/\" \/>\n<meta property=\"og:locale\" content=\"pl_PL\" \/>\n<meta property=\"og:type\" content=\"article\" \/>\n<meta property=\"og:title\" content=\"Takiego startu Tour de France jeszcze nie by\u0142o!\" \/>\n<meta property=\"og:description\" content=\"Z najbardziej wysuni\u0119tego na p\u00f3\u0142noc zak\u0105tka i z samego serca rowerowego raju. Przysz\u0142oroczna Wielk\u0105 P\u0119tka rozpocznie si\u0119 w Kopenhadze, a [&hellip;]\" \/>\n<meta property=\"og:url\" content=\"https:\/\/www.welovecycling.com\/pl\/2020\/03\/06\/takiego-startu-tour-de-france-jeszcze-nie-bylo\/\" \/>\n<meta property=\"og:site_name\" content=\"\u0160koda We Love Cycling - Poland\" \/>\n<meta property=\"article:published_time\" content=\"2020-03-06T15:51:17+00:00\" \/>\n<meta property=\"og:image\" content=\"https:\/\/d2p6e6u75xmxt8.cloudfront.net\/5\/2020\/03\/e7710.jpg\" \/>\n\t<meta property=\"og:image:width\" content=\"2000\" \/>\n\t<meta property=\"og:image:height\" content=\"690\" \/>\n\t<meta property=\"og:image:type\" content=\"image\/jpeg\" \/>\n<meta name=\"author\" content=\"piotrboczkowski\" \/>\n<meta name=\"twitter:card\" content=\"summary_large_image\" \/>\n<meta name=\"twitter:label1\" content=\"Written by\" \/>\n\t<meta name=\"twitter:data1\" content=\"Piotr Nowik\" \/>\n\t<meta name=\"twitter:label2\" content=\"Est. reading time\" \/>\n\t<meta name=\"twitter:data2\" content=\"2 minutes\" \/>\n<script type=\"application\/ld+json\" class=\"yoast-schema-graph\">{\"@context\":\"https:\/\/schema.org\",\"@graph\":[{\"@type\":\"WebPage\",\"@id\":\"https:\/\/www.welovecycling.com\/pl\/2020\/03\/06\/takiego-startu-tour-de-france-jeszcze-nie-bylo\/\",\"url\":\"https:\/\/www.welovecycling.com\/pl\/2020\/03\/06\/takiego-startu-tour-de-france-jeszcze-nie-bylo\/\",\"name\":\"Takiego startu Tour de France jeszcze nie by\u0142o! - \u0160koda We Love Cycling - Poland\",\"isPartOf\":{\"@id\":\"https:\/\/www.welovecycling.com\/pl\/#website\"},\"primaryImageOfPage\":{\"@id\":\"https:\/\/www.welovecycling.com\/pl\/2020\/03\/06\/takiego-startu-tour-de-france-jeszcze-nie-bylo\/#primaryimage\"},\"image\":{\"@id\":\"https:\/\/www.welovecycling.com\/pl\/2020\/03\/06\/takiego-startu-tour-de-france-jeszcze-nie-bylo\/#primaryimage\"},\"thumbnailUrl\":\"https:\/\/d2p6e6u75xmxt8.cloudfront.net\/5\/2020\/03\/e7710.jpg\",\"datePublished\":\"2020-03-06T15:51:17+00:00\",\"author\":{\"@id\":\"https:\/\/www.welovecycling.com\/pl\/#\/schema\/person\/0dba2d39da943db9df3fd8f4687e7f23\"},\"breadcrumb\":{\"@id\":\"https:\/\/www.welovecycling.com\/pl\/2020\/03\/06\/takiego-startu-tour-de-france-jeszcze-nie-bylo\/#breadcrumb\"},\"inLanguage\":\"pl-PL\",\"potentialAction\":[{\"@type\":\"ReadAction\",\"target\":[\"https:\/\/www.welovecycling.com\/pl\/2020\/03\/06\/takiego-startu-tour-de-france-jeszcze-nie-bylo\/\"]}]},{\"@type\":\"ImageObject\",\"inLanguage\":\"pl-PL\",\"@id\":\"https:\/\/www.welovecycling.com\/pl\/2020\/03\/06\/takiego-startu-tour-de-france-jeszcze-nie-bylo\/#primaryimage\",\"url\":\"https:\/\/d2p6e6u75xmxt8.cloudfront.net\/5\/2020\/03\/e7710.jpg\",\"contentUrl\":\"https:\/\/d2p6e6u75xmxt8.cloudfront.net\/5\/2020\/03\/e7710.jpg\",\"width\":2000,\"height\":690},{\"@type\":\"BreadcrumbList\",\"@id\":\"https:\/\/www.welovecycling.com\/pl\/2020\/03\/06\/takiego-startu-tour-de-france-jeszcze-nie-bylo\/#breadcrumb\",\"itemListElement\":[{\"@type\":\"ListItem\",\"position\":1,\"name\":\"Home\",\"item\":\"https:\/\/www.welovecycling.com\/pl\/\"},{\"@type\":\"ListItem\",\"position\":2,\"name\":\"Takiego startu Tour de France jeszcze nie by\u0142o!\"}]},{\"@type\":\"WebSite\",\"@id\":\"https:\/\/www.welovecycling.com\/pl\/#website\",\"url\":\"https:\/\/www.welovecycling.com\/pl\/\",\"name\":\"\u0160koda We Love Cycling - Poland\",\"description\":\"\",\"potentialAction\":[{\"@type\":\"SearchAction\",\"target\":{\"@type\":\"EntryPoint\",\"urlTemplate\":\"https:\/\/www.welovecycling.com\/pl\/?s={search_term_string}\"},\"query-input\":{\"@type\":\"PropertyValueSpecification\",\"valueRequired\":true,\"valueName\":\"search_term_string\"}}],\"inLanguage\":\"pl-PL\"},{\"@type\":\"Person\",\"@id\":\"https:\/\/www.welovecycling.com\/pl\/#\/schema\/person\/0dba2d39da943db9df3fd8f4687e7f23\",\"name\":\"piotrboczkowski\",\"image\":{\"@type\":\"ImageObject\",\"inLanguage\":\"pl-PL\",\"@id\":\"https:\/\/www.welovecycling.com\/pl\/#\/schema\/person\/image\/\",\"url\":\"https:\/\/secure.gravatar.com\/avatar\/533caccae14752e03a2ce2d3fd62d1b98b93e1393c3195c27819e53344ca1ace?s=96&d=mm&r=g\",\"contentUrl\":\"https:\/\/secure.gravatar.com\/avatar\/533caccae14752e03a2ce2d3fd62d1b98b93e1393c3195c27819e53344ca1ace?s=96&d=mm&r=g\",\"caption\":\"piotrboczkowski\"},\"url\":\"https:\/\/www.welovecycling.com\/pl\/author\/piotrboczkowski\/\"}]}<\/script>\n<!-- \/ Yoast SEO Premium plugin. -->","yoast_head_json":{"title":"Takiego startu Tour de France jeszcze nie by\u0142o! - \u0160koda We Love Cycling - Poland","robots":{"index":"index","follow":"follow","max-snippet":"max-snippet:-1","max-image-preview":"max-image-preview:large","max-video-preview":"max-video-preview:-1"},"canonical":"https:\/\/www.welovecycling.com\/pl\/2020\/03\/06\/takiego-startu-tour-de-france-jeszcze-nie-bylo\/","og_locale":"pl_PL","og_type":"article","og_title":"Takiego startu Tour de France jeszcze nie by\u0142o!","og_description":"Z najbardziej wysuni\u0119tego na p\u00f3\u0142noc zak\u0105tka i z samego serca rowerowego raju. Przysz\u0142oroczna Wielk\u0105 P\u0119tka rozpocznie si\u0119 w Kopenhadze, a [&hellip;]","og_url":"https:\/\/www.welovecycling.com\/pl\/2020\/03\/06\/takiego-startu-tour-de-france-jeszcze-nie-bylo\/","og_site_name":"\u0160koda We Love Cycling - Poland","article_published_time":"2020-03-06T15:51:17+00:00","og_image":[{"width":2000,"height":690,"url":"https:\/\/d2p6e6u75xmxt8.cloudfront.net\/5\/2020\/03\/e7710.jpg","type":"image\/jpeg"}],"author":"piotrboczkowski","twitter_card":"summary_large_image","twitter_misc":{"Written by":"Piotr Nowik","Est. reading time":"2 minutes"},"schema":{"@context":"https:\/\/schema.org","@graph":[{"@type":"WebPage","@id":"https:\/\/www.welovecycling.com\/pl\/2020\/03\/06\/takiego-startu-tour-de-france-jeszcze-nie-bylo\/","url":"https:\/\/www.welovecycling.com\/pl\/2020\/03\/06\/takiego-startu-tour-de-france-jeszcze-nie-bylo\/","name":"Takiego startu Tour de France jeszcze nie by\u0142o! - \u0160koda We Love Cycling - Poland","isPartOf":{"@id":"https:\/\/www.welovecycling.com\/pl\/#website"},"primaryImageOfPage":{"@id":"https:\/\/www.welovecycling.com\/pl\/2020\/03\/06\/takiego-startu-tour-de-france-jeszcze-nie-bylo\/#primaryimage"},"image":{"@id":"https:\/\/www.welovecycling.com\/pl\/2020\/03\/06\/takiego-startu-tour-de-france-jeszcze-nie-bylo\/#primaryimage"},"thumbnailUrl":"https:\/\/d2p6e6u75xmxt8.cloudfront.net\/5\/2020\/03\/e7710.jpg","datePublished":"2020-03-06T15:51:17+00:00","author":{"@id":"https:\/\/www.welovecycling.com\/pl\/#\/schema\/person\/0dba2d39da943db9df3fd8f4687e7f23"},"breadcrumb":{"@id":"https:\/\/www.welovecycling.com\/pl\/2020\/03\/06\/takiego-startu-tour-de-france-jeszcze-nie-bylo\/#breadcrumb"},"inLanguage":"pl-PL","potentialAction":[{"@type":"ReadAction","target":["https:\/\/www.welovecycling.com\/pl\/2020\/03\/06\/takiego-startu-tour-de-france-jeszcze-nie-bylo\/"]}]},{"@type":"ImageObject","inLanguage":"pl-PL","@id":"https:\/\/www.welovecycling.com\/pl\/2020\/03\/06\/takiego-startu-tour-de-france-jeszcze-nie-bylo\/#primaryimage","url":"https:\/\/d2p6e6u75xmxt8.cloudfront.net\/5\/2020\/03\/e7710.jpg","contentUrl":"https:\/\/d2p6e6u75xmxt8.cloudfront.net\/5\/2020\/03\/e7710.jpg","width":2000,"height":690},{"@type":"BreadcrumbList","@id":"https:\/\/www.welovecycling.com\/pl\/2020\/03\/06\/takiego-startu-tour-de-france-jeszcze-nie-bylo\/#breadcrumb","itemListElement":[{"@type":"ListItem","position":1,"name":"Home","item":"https:\/\/www.welovecycling.com\/pl\/"},{"@type":"ListItem","position":2,"name":"Takiego startu Tour de France jeszcze nie by\u0142o!"}]},{"@type":"WebSite","@id":"https:\/\/www.welovecycling.com\/pl\/#website","url":"https:\/\/www.welovecycling.com\/pl\/","name":"\u0160koda We Love Cycling - Poland","description":"","potentialAction":[{"@type":"SearchAction","target":{"@type":"EntryPoint","urlTemplate":"https:\/\/www.welovecycling.com\/pl\/?s={search_term_string}"},"query-input":{"@type":"PropertyValueSpecification","valueRequired":true,"valueName":"search_term_string"}}],"inLanguage":"pl-PL"},{"@type":"Person","@id":"https:\/\/www.welovecycling.com\/pl\/#\/schema\/person\/0dba2d39da943db9df3fd8f4687e7f23","name":"piotrboczkowski","image":{"@type":"ImageObject","inLanguage":"pl-PL","@id":"https:\/\/www.welovecycling.com\/pl\/#\/schema\/person\/image\/","url":"https:\/\/secure.gravatar.com\/avatar\/533caccae14752e03a2ce2d3fd62d1b98b93e1393c3195c27819e53344ca1ace?s=96&d=mm&r=g","contentUrl":"https:\/\/secure.gravatar.com\/avatar\/533caccae14752e03a2ce2d3fd62d1b98b93e1393c3195c27819e53344ca1ace?s=96&d=mm&r=g","caption":"piotrboczkowski"},"url":"https:\/\/www.welovecycling.com\/pl\/author\/piotrboczkowski\/"}]}},"_links":{"self":[{"href":"https:\/\/www.welovecycling.com\/pl\/wp-json\/wp\/v2\/posts\/10404","targetHints":{"allow":["GET"]}}],"collection":[{"href":"https:\/\/www.welovecycling.com\/pl\/wp-json\/wp\/v2\/posts"}],"about":[{"href":"https:\/\/www.welovecycling.com\/pl\/wp-json\/wp\/v2\/types\/post"}],"author":[{"embeddable":true,"href":"https:\/\/www.welovecycling.com\/pl\/wp-json\/wp\/v2\/users\/76"}],"replies":[{"embeddable":true,"href":"https:\/\/www.welovecycling.com\/pl\/wp-json\/wp\/v2\/comments?post=10404"}],"version-history":[{"count":1,"href":"https:\/\/www.welovecycling.com\/pl\/wp-json\/wp\/v2\/posts\/10404\/revisions"}],"predecessor-version":[{"id":10406,"href":"https:\/\/www.welovecycling.com\/pl\/wp-json\/wp\/v2\/posts\/10404\/revisions\/10406"}],"wp:featuredmedia":[{"embeddable":true,"href":"https:\/\/www.welovecycling.com\/pl\/wp-json\/wp\/v2\/media\/10405"}],"wp:attachment":[{"href":"https:\/\/www.welovecycling.com\/pl\/wp-json\/wp\/v2\/media?parent=10404"}],"wp:term":[{"taxonomy":"category","embeddable":true,"href":"https:\/\/www.welovecycling.com\/pl\/wp-json\/wp\/v2\/categories?post=10404"},{"taxonomy":"post_tag","embeddable":true,"href":"https:\/\/www.welovecycling.com\/pl\/wp-json\/wp\/v2\/tags?post=10404"},{"taxonomy":"global-categories","embeddable":true,"href":"https:\/\/www.welovecycling.com\/pl\/wp-json\/wp\/v2\/global-categories?post=10404"}],"curies":[{"name":"wp","href":"https:\/\/api.w.org\/{rel}","templated":true}]}}