{"id":10399,"date":"2020-03-05T07:14:46","date_gmt":"2020-03-05T07:14:46","guid":{"rendered":"https:\/\/www.welovecycling.com\/pl\/?p=10399"},"modified":"2020-03-06T07:19:45","modified_gmt":"2020-03-06T07:19:45","slug":"e-rowery-wyrownuja-roznice-wynikajace-z-plci","status":"publish","type":"post","link":"https:\/\/www.welovecycling.com\/pl\/2020\/03\/05\/e-rowery-wyrownuja-roznice-wynikajace-z-plci\/","title":{"rendered":"E-rowery wyr\u00f3wnuj\u0105 r\u00f3\u017cnice wynikaj\u0105ce z p\u0142ci"},"content":{"rendered":"<p><strong>Niezale\u017cnie od tego, co s\u0105dzisz na temat rower\u00f3w elektrycznych, ich popularno\u015b\u0107 stale ro\u015bnie, a ostatnie badania pokazuj\u0105, \u017ce s\u0105 pomocne w walce z jednym z najwi\u0119kszych problem\u00f3w, z kt\u00f3rymi mierzy si\u0119 obecnie spo\u0142eczno\u015b\u0107 rowerowa: jak sprawi\u0107, \u017ceby w\u015br\u00f3d amator\u00f3w dw\u00f3ch k\u00f3\u0142ek by\u0142o wi\u0119cej kobiet. MAMIL-e, czyli m\u0119\u017cczy\u017ani w \u015brednim wieku ubrani w lycr\u0119, to nie tylko stereotyp. Nawet dla os\u00f3b niezwi\u0105zanych z kolarstwem jasne jest, \u017ce ten sport jest zdominowany przez m\u0119\u017cczyzn.<\/strong><\/p>\n<p>&nbsp;<\/p>\n<p>Na szcz\u0119\u015bcie powoli si\u0119 to zmienia, a e-rowery wydaj\u0105 si\u0119 odgrywa\u0107 w tym du\u017c\u0105 rol\u0119. Jedno z bada\u0144 przeprowadzonych w Belgii potwierdzi\u0142o, \u017ce trzy czwarte wszystkich rower\u00f3w elektrycznych w 2018 r. kupi\u0142y kobiety, a elektryki stanowi\u0105 obecnie 45% ca\u0142ego rynku rowerowego tego kraju. To \u015bwietna wiadomo\u015b\u0107 dla tych, kt\u00f3rym zale\u017cy na zmniejszaniu r\u00f3\u017cnic mi\u0119dzy kobietami i m\u0119\u017cczyznami w kolarstwie, bo oznacza to, \u017ce sport, kt\u00f3ry kochamy, otworzy\u0142 si\u0119 na grup\u0119 os\u00f3b, kt\u00f3ra wcze\u015bniej czu\u0142a si\u0119 od niego odci\u0119ta.<\/p>\n<p>Aby lepiej zrozumie\u0107 t\u0119 rodz\u0105c\u0105 si\u0119 spo\u0142eczno\u015b\u0107, porozmawiali\u015bmy z kilkoma kobietami, przed kt\u00f3rymi \u015bwiat kolarstwa stan\u0105\u0142 otworem dzi\u0119ki e-rowerom. Mamy nadziej\u0119, \u017ce ich historie i do\u015bwiadczenia zach\u0119c\u0105 innych, bez wzgl\u0119du na p\u0142e\u0107, do \u015bwie\u017cego spojrzenia na elektryki jako alternatyw\u0119 dla standardowych rower\u00f3w lub jako ich uzupe\u0142nienie.<\/p>\n<figure id=\"attachment_176710\" aria-describedby=\"caption-attachment-176710\" style=\"width: 1000px\" class=\"wp-caption alignnone\"><img loading=\"lazy\" decoding=\"async\" class=\"loading wp-image-176710 size-full\" src=\"https:\/\/d2p6e6u75xmxt8.cloudfront.net\/2\/2020\/01\/E-Bike-profimedia-0412448154.jpg\" sizes=\"auto, (max-width: 1000px) 100vw, 1000px\" srcset=\"https:\/\/d2p6e6u75xmxt8.cloudfront.net\/2\/2020\/01\/E-Bike-profimedia-0412448154.jpg 1000w, https:\/\/d2p6e6u75xmxt8.cloudfront.net\/2\/2020\/01\/E-Bike-profimedia-0412448154-300x169.jpg 300w, https:\/\/d2p6e6u75xmxt8.cloudfront.net\/2\/2020\/01\/E-Bike-profimedia-0412448154-768x432.jpg 768w\" alt=\"\" width=\"1000\" height=\"563\" data-was-processed=\"true\" \/><figcaption id=\"caption-attachment-176710\" class=\"wp-caption-text\">\u00a9 Prostock \/ DPphoto \/ Profimedia<\/figcaption><\/figure>\n<p>\u201eWiedzia\u0142am, \u017ce jako pocz\u0105tkuj\u0105ca nigdy nie b\u0119d\u0119 w stanie poradzi\u0107 sobie z jazd\u0105 pod g\u00f3rk\u0119\u201d.<\/p>\n<p>Rower elektryczny pozwala wielu osobom zmierzy\u0107 si\u0119 z wyzwaniami, kt\u00f3re wcze\u015bniej wydawa\u0142y im si\u0119 nierealne. Deborah Harkin z Derby w Anglii e-rower pozwoli\u0142 do\u0142\u0105czy\u0107 do m\u0119\u017ca na trasie i pom\u00f3g\u0142 w rozwini\u0119ciu pasji do wsp\u00f3lnej jazdy. Jej m\u0105\u017c przez wiele lat je\u017adzi\u0142 sam. Pewnego razu spotka\u0142 kogo\u015b na e-rowerze i podzieli\u0142 si\u0119 z \u017con\u0105 wra\u017ceniami z tego spotkania. \u201eTo by\u0142 prze\u0142omowy moment \u2013 gdy tylko opowiedzia\u0142 mi o e-rowerze, ziarno zosta\u0142o zasiane\u201d \u2013 powiedzia\u0142a Deborah, kt\u00f3ra wkr\u00f3tce wsiad\u0142a na w\u0142asny rower elektryczny. \u201eTo zmieni\u0142o moje \u017cycie. Powodem, dla kt\u00f3rego nie je\u017adzi\u0142am na zwyk\u0142ym rowerze, by\u0142o to, \u017ce m\u00f3j m\u0105\u017c mia\u0142 tyle lat do\u015bwiadczenia. Wiedzia\u0142am, \u017ce nie b\u0119d\u0119 w stanie za nim nad\u0105\u017cy\u0107. Teraz pojechali\u015bmy do Hiszpanii, gdzie odby\u0142am dwie przeja\u017cd\u017cki w g\u00f3rach Sierra Nevada. Rewelacja!\u201d \u2013 doda\u0142a Deborah.<\/p>\n<p><em>\u201eB\u0119dziesz zaskoczona, jak sprawna i silna jeste\u015b\u201d.<\/em><\/p>\n<p>Niekt\u00f3re osoby zniech\u0119caj\u0105 si\u0119 do e-rower\u00f3w ju\u017c na starcie, poniewa\u017c my\u015bl\u0105, \u017ce nie osi\u0105gn\u0105 na nich znacz\u0105cego przyrostu sprawno\u015bci i\/lub \u017ce nigdy nie zbuduj\u0105 na nich takiej wytrzyma\u0142o\u015bci jak na rowerach szosowych. Tracy S. zacz\u0119\u0142a od e-roweru, ale teraz je\u017adzi na obu pojazdach. M\u00f3wi, \u017ce \u200b\u200bludzie, kt\u00f3rzy nie wierz\u0105 w zalety elektryk\u00f3w, po prostu nigdy nie spr\u00f3bowali. \u201eUwa\u017cam, \u017ce na p\u0142askim terenie e-rowerem trudniej si\u0119 porusza\u0107, bo nie jedzie tak samo lekko jak szos\u00f3wka, wi\u0119c si\u0142\u0105 rzeczy du\u017co wi\u0119cej musisz na nim peda\u0142owa\u0107\u201d.<\/p>\n<figure id=\"attachment_175569\" aria-describedby=\"caption-attachment-175569\" style=\"width: 1250px\" class=\"wp-caption alignnone\"><img loading=\"lazy\" decoding=\"async\" class=\"loading wp-image-175569 size-full\" src=\"https:\/\/d2p6e6u75xmxt8.cloudfront.net\/2\/2019\/09\/E-Bike-Senior-profimedia-0463020027.jpg\" sizes=\"auto, (max-width: 1250px) 100vw, 1250px\" srcset=\"https:\/\/d2p6e6u75xmxt8.cloudfront.net\/2\/2019\/09\/E-Bike-Senior-profimedia-0463020027.jpg 1250w, https:\/\/d2p6e6u75xmxt8.cloudfront.net\/2\/2019\/09\/E-Bike-Senior-profimedia-0463020027-300x200.jpg 300w, https:\/\/d2p6e6u75xmxt8.cloudfront.net\/2\/2019\/09\/E-Bike-Senior-profimedia-0463020027-768x512.jpg 768w, https:\/\/d2p6e6u75xmxt8.cloudfront.net\/2\/2019\/09\/E-Bike-Senior-profimedia-0463020027-1024x682.jpg 1024w, https:\/\/d2p6e6u75xmxt8.cloudfront.net\/2\/2019\/09\/E-Bike-Senior-profimedia-0463020027-272x182.jpg 272w\" alt=\"\" width=\"1250\" height=\"833\" data-was-processed=\"true\" \/><figcaption id=\"caption-attachment-175569\" class=\"wp-caption-text\">\u00a9 Prostock \/ DPphoto \/ Profimedia<\/figcaption><\/figure>\n<p><em>\u201eMoja droga do pracy prowadzi przez kr\u0119te \u00a0\u015bcie\u017cki, co pozwoli\u0142o mi ponownie z\u0142\u0105czy\u0107 si\u0119 z natur\u0105\u201d.<\/em><\/p>\n<p>Katie Wykes z Melbourne e-rower pom\u00f3g\u0142 by\u0107 w pracy na czas i ca\u0142kowicie zmieni\u0142 jej styl \u017cycia. \u201eMam kilka chronicznych problem\u00f3w zdrowotnych, kt\u00f3re ograniczy\u0142y moje rutynowe \u0107wiczenia. Kilka miesi\u0119cy przed zakupem e-roweru przejecha\u0142am trzykilometrow\u0105, wzgl\u0119dnie p\u0142ask\u0105 tras\u0119 na rowerze fixie i prawie zemdla\u0142am!\u201d \u2013 wyja\u015bnia. Po tym, jak stara\u0142a si\u0119 dociera\u0107 na czas do pracy i z pracy, ale nie planowa\u0142a w tym celu kupowa\u0107 samochodu, przejecha\u0142a si\u0119 na elektryku przyjaciela i zda\u0142a sobie spraw\u0119, \u017ce te\u017c musi taki mie\u0107. \u201eTo by\u0142o doskona\u0142e posuni\u0119cie! Jestem o wiele bardziej ch\u0119tna nie tylko do rekreacyjnej jazdy na rowerze, ale tak\u017ce do pieszych wycieczek i biwakowania, o czym rzadko my\u015bla\u0142am, zanim wsiad\u0142am na e-rower!\u201d<\/p>\n<p><em>\u201eZgubi\u0142am ponad 13 kg i bardzo poprawi\u0142am swoj\u0105 sprawno\u015b\u0107 fizyczn\u0105!\u201d<\/em><\/p>\n<p>Dianie Pidgley zakup e-roweru pozwoli\u0142 odzyska\u0107 si\u0142y po menopauzie i znacznie poprawi\u0107 stan zdrowia i kondycj\u0119. \u201ePrzed zakupem e-roweru by\u0142am s\u0142aba, mia\u0142am przewlek\u0142y b\u00f3l plec\u00f3w i bol\u0105ce kolano\u201d \u2013 wyja\u015bni\u0142a. Mimo d\u0142ugiej przerwy w \u0107wiczeniach teraz je\u017adzi regularnie ze swoim partnerem, schud\u0142a i odkry\u0142a now\u0105 pasj\u0119. \u201eRowery elektryczne s\u0105 najlepsze! To jak bycie ma\u0142\u0105 dziewczynk\u0105 ucz\u0105c\u0105 si\u0119 ponownie je\u017adzi\u0107, kt\u00f3ra czuje na plecach delikatn\u0105 r\u0119k\u0119 dodaj\u0105c\u0105 jej si\u0142 do peda\u0142owania przed siebie. A\u017c nie mog\u0119 przesta\u0107 si\u0119 u\u015bmiecha\u0107\u201d \u2013 powiedzia\u0142a z entuzjazmem.<\/p>\n<p><img loading=\"lazy\" decoding=\"async\" class=\"alignnone size-full wp-image-176707 loading\" src=\"https:\/\/d2p6e6u75xmxt8.cloudfront.net\/2\/2020\/01\/Deborah-S.jpg\" sizes=\"auto, (max-width: 1158px) 100vw, 1158px\" srcset=\"https:\/\/d2p6e6u75xmxt8.cloudfront.net\/2\/2020\/01\/Deborah-S.jpg 1158w, https:\/\/d2p6e6u75xmxt8.cloudfront.net\/2\/2020\/01\/Deborah-S-300x225.jpg 300w, https:\/\/d2p6e6u75xmxt8.cloudfront.net\/2\/2020\/01\/Deborah-S-768x576.jpg 768w, https:\/\/d2p6e6u75xmxt8.cloudfront.net\/2\/2020\/01\/Deborah-S-1024x768.jpg 1024w\" alt=\"\" width=\"1158\" height=\"869\" data-was-processed=\"true\" \/><\/p>\n<p><em>\u201eWszyscy jedziemy na dw\u00f3ch ko\u0142ach i wszyscy musimy peda\u0142owa\u0107<\/em>\u201d.<\/p>\n<p>Je\u015bli chodzi o tradycjonalist\u00f3w, kt\u00f3rzy nie postrzegaj\u0105 u\u017cytkownik\u00f3w rower\u00f3w elektrycznych jako \u201eprawdziwych kolarzy\u201d, to Deborah ma tak\u0105 refleksj\u0119: \u201eNie jeste\u015b w stanie zmieni\u0107 wszystkich uprzedzonych, zw\u0142aszcza \u017ce niekt\u00f3rzy lubi\u0105 my\u015ble\u0107 o sobie, \u017ce s\u0105 elit\u0105. Jestem jednak pewna, \u017ce gdyby si\u0119 przez chwil\u0119 zastanowili, to doszliby do wniosku, \u017ce lepiej jest, je\u015bli kto\u015b je\u017adzi na e-rowerze, ni\u017c mia\u0142by nie je\u017adzi\u0107 wcale\u201d. Sami lepiej by\u015bmy tego nie uj\u0119li!<\/p>\n<p><span data-sheets-value=\"{&quot;1&quot;:2,&quot;2&quot;:&quot;Artyku\u0142 powsta\u0142 we wsp\u00f3\u0142pracy ze skoda-auto.pl&quot;}\" data-sheets-userformat=\"{&quot;2&quot;:1,&quot;3&quot;:{&quot;1&quot;:0}}\" data-sheets-hyperlink=\"http:\/\/www.skoda-auto.pl\/\"><a class=\"in-cell-link\" href=\"http:\/\/www.skoda-auto.pl\/\" target=\"_blank\" rel=\"noopener\">Artyku\u0142 powsta\u0142 we wsp\u00f3\u0142pracy ze skoda-auto.pl<\/a><\/span><\/p>\n<p>&nbsp;<\/p>\n<p><a href=\"https:\/\/www.skoda-auto.pl\/modele\/karoq\"><img loading=\"lazy\" decoding=\"async\" class=\"aligncenter wp-image-9609 size-full loading\" src=\"https:\/\/d2p6e6u75xmxt8.cloudfront.net\/5\/2019\/08\/baner_WLC_640x350_4.png\" sizes=\"auto, (max-width: 640px) 100vw, 640px\" srcset=\"https:\/\/d2p6e6u75xmxt8.cloudfront.net\/5\/2019\/08\/baner_WLC_640x350_4.png 640w, https:\/\/d2p6e6u75xmxt8.cloudfront.net\/5\/2019\/08\/baner_WLC_640x350_4-300x164.png 300w\" alt=\"\" width=\"640\" height=\"350\" data-was-processed=\"true\" \/><\/a><\/p>\n<p>&nbsp;<\/p>\n","protected":false},"excerpt":{"rendered":"<p>Niezale\u017cnie od tego, co s\u0105dzisz na temat rower\u00f3w elektrycznych, ich popularno\u015b\u0107 stale ro\u015bnie, a ostatnie badania pokazuj\u0105, \u017ce s\u0105 pomocne [&hellip;]<\/p>\n","protected":false},"author":76,"featured_media":10400,"comment_status":"open","ping_status":"open","sticky":false,"template":"","format":"standard","meta":{"footnotes":""},"categories":[4],"tags":[],"global-categories":[303],"class_list":["post-10399","post","type-post","status-publish","format-standard","has-post-thumbnail","hentry","category-zdrowie-i-trening","global-categories-cycling"],"yoast_head":"<!-- This site is optimized with the Yoast SEO Premium plugin v25.3 (Yoast SEO v25.9) - https:\/\/yoast.com\/wordpress\/plugins\/seo\/ -->\n<title>E-rowery wyr\u00f3wnuj\u0105 r\u00f3\u017cnice wynikaj\u0105ce z p\u0142ci - \u0160koda We Love Cycling - Poland<\/title>\n<meta name=\"robots\" content=\"index, follow, max-snippet:-1, max-image-preview:large, max-video-preview:-1\" \/>\n<link rel=\"canonical\" href=\"https:\/\/www.welovecycling.com\/pl\/2020\/03\/05\/e-rowery-wyrownuja-roznice-wynikajace-z-plci\/\" \/>\n<meta property=\"og:locale\" content=\"pl_PL\" \/>\n<meta property=\"og:type\" content=\"article\" \/>\n<meta property=\"og:title\" content=\"E-rowery wyr\u00f3wnuj\u0105 r\u00f3\u017cnice wynikaj\u0105ce z p\u0142ci\" \/>\n<meta property=\"og:description\" content=\"Niezale\u017cnie od tego, co s\u0105dzisz na temat rower\u00f3w elektrycznych, ich popularno\u015b\u0107 stale ro\u015bnie, a ostatnie badania pokazuj\u0105, \u017ce s\u0105 pomocne [&hellip;]\" \/>\n<meta property=\"og:url\" content=\"https:\/\/www.welovecycling.com\/pl\/2020\/03\/05\/e-rowery-wyrownuja-roznice-wynikajace-z-plci\/\" \/>\n<meta property=\"og:site_name\" content=\"\u0160koda We Love Cycling - Poland\" \/>\n<meta property=\"article:published_time\" content=\"2020-03-05T07:14:46+00:00\" \/>\n<meta property=\"article:modified_time\" content=\"2020-03-06T07:19:45+00:00\" \/>\n<meta property=\"og:image\" content=\"https:\/\/d2p6e6u75xmxt8.cloudfront.net\/5\/2020\/03\/e-bike-CVR-profimedia-0425820118-1024x450.jpg\" \/>\n\t<meta property=\"og:image:width\" content=\"1024\" \/>\n\t<meta property=\"og:image:height\" content=\"450\" \/>\n\t<meta property=\"og:image:type\" content=\"image\/jpeg\" \/>\n<meta name=\"author\" content=\"piotrboczkowski\" \/>\n<meta name=\"twitter:card\" content=\"summary_large_image\" \/>\n<meta name=\"twitter:label1\" content=\"Written by\" \/>\n\t<meta name=\"twitter:data1\" content=\"Megan Flottorp\" \/>\n\t<meta name=\"twitter:label2\" content=\"Est. reading time\" \/>\n\t<meta name=\"twitter:data2\" content=\"5 minutes\" \/>\n<script type=\"application\/ld+json\" class=\"yoast-schema-graph\">{\"@context\":\"https:\/\/schema.org\",\"@graph\":[{\"@type\":\"WebPage\",\"@id\":\"https:\/\/www.welovecycling.com\/pl\/2020\/03\/05\/e-rowery-wyrownuja-roznice-wynikajace-z-plci\/\",\"url\":\"https:\/\/www.welovecycling.com\/pl\/2020\/03\/05\/e-rowery-wyrownuja-roznice-wynikajace-z-plci\/\",\"name\":\"E-rowery wyr\u00f3wnuj\u0105 r\u00f3\u017cnice wynikaj\u0105ce z p\u0142ci - \u0160koda We Love Cycling - Poland\",\"isPartOf\":{\"@id\":\"https:\/\/www.welovecycling.com\/pl\/#website\"},\"primaryImageOfPage\":{\"@id\":\"https:\/\/www.welovecycling.com\/pl\/2020\/03\/05\/e-rowery-wyrownuja-roznice-wynikajace-z-plci\/#primaryimage\"},\"image\":{\"@id\":\"https:\/\/www.welovecycling.com\/pl\/2020\/03\/05\/e-rowery-wyrownuja-roznice-wynikajace-z-plci\/#primaryimage\"},\"thumbnailUrl\":\"https:\/\/d2p6e6u75xmxt8.cloudfront.net\/5\/2020\/03\/e-bike-CVR-profimedia-0425820118-1024x450.jpg\",\"datePublished\":\"2020-03-05T07:14:46+00:00\",\"dateModified\":\"2020-03-06T07:19:45+00:00\",\"author\":{\"@id\":\"https:\/\/www.welovecycling.com\/pl\/#\/schema\/person\/0dba2d39da943db9df3fd8f4687e7f23\"},\"breadcrumb\":{\"@id\":\"https:\/\/www.welovecycling.com\/pl\/2020\/03\/05\/e-rowery-wyrownuja-roznice-wynikajace-z-plci\/#breadcrumb\"},\"inLanguage\":\"pl-PL\",\"potentialAction\":[{\"@type\":\"ReadAction\",\"target\":[\"https:\/\/www.welovecycling.com\/pl\/2020\/03\/05\/e-rowery-wyrownuja-roznice-wynikajace-z-plci\/\"]}]},{\"@type\":\"ImageObject\",\"inLanguage\":\"pl-PL\",\"@id\":\"https:\/\/www.welovecycling.com\/pl\/2020\/03\/05\/e-rowery-wyrownuja-roznice-wynikajace-z-plci\/#primaryimage\",\"url\":\"https:\/\/d2p6e6u75xmxt8.cloudfront.net\/5\/2020\/03\/e-bike-CVR-profimedia-0425820118-1024x450.jpg\",\"contentUrl\":\"https:\/\/d2p6e6u75xmxt8.cloudfront.net\/5\/2020\/03\/e-bike-CVR-profimedia-0425820118-1024x450.jpg\",\"width\":1024,\"height\":450},{\"@type\":\"BreadcrumbList\",\"@id\":\"https:\/\/www.welovecycling.com\/pl\/2020\/03\/05\/e-rowery-wyrownuja-roznice-wynikajace-z-plci\/#breadcrumb\",\"itemListElement\":[{\"@type\":\"ListItem\",\"position\":1,\"name\":\"Home\",\"item\":\"https:\/\/www.welovecycling.com\/pl\/\"},{\"@type\":\"ListItem\",\"position\":2,\"name\":\"E-rowery wyr\u00f3wnuj\u0105 r\u00f3\u017cnice wynikaj\u0105ce z p\u0142ci\"}]},{\"@type\":\"WebSite\",\"@id\":\"https:\/\/www.welovecycling.com\/pl\/#website\",\"url\":\"https:\/\/www.welovecycling.com\/pl\/\",\"name\":\"\u0160koda We Love Cycling - Poland\",\"description\":\"\",\"potentialAction\":[{\"@type\":\"SearchAction\",\"target\":{\"@type\":\"EntryPoint\",\"urlTemplate\":\"https:\/\/www.welovecycling.com\/pl\/?s={search_term_string}\"},\"query-input\":{\"@type\":\"PropertyValueSpecification\",\"valueRequired\":true,\"valueName\":\"search_term_string\"}}],\"inLanguage\":\"pl-PL\"},{\"@type\":\"Person\",\"@id\":\"https:\/\/www.welovecycling.com\/pl\/#\/schema\/person\/0dba2d39da943db9df3fd8f4687e7f23\",\"name\":\"piotrboczkowski\",\"image\":{\"@type\":\"ImageObject\",\"inLanguage\":\"pl-PL\",\"@id\":\"https:\/\/www.welovecycling.com\/pl\/#\/schema\/person\/image\/\",\"url\":\"https:\/\/secure.gravatar.com\/avatar\/533caccae14752e03a2ce2d3fd62d1b98b93e1393c3195c27819e53344ca1ace?s=96&d=mm&r=g\",\"contentUrl\":\"https:\/\/secure.gravatar.com\/avatar\/533caccae14752e03a2ce2d3fd62d1b98b93e1393c3195c27819e53344ca1ace?s=96&d=mm&r=g\",\"caption\":\"piotrboczkowski\"},\"url\":\"https:\/\/www.welovecycling.com\/pl\/author\/piotrboczkowski\/\"}]}<\/script>\n<!-- \/ Yoast SEO Premium plugin. -->","yoast_head_json":{"title":"E-rowery wyr\u00f3wnuj\u0105 r\u00f3\u017cnice wynikaj\u0105ce z p\u0142ci - \u0160koda We Love Cycling - Poland","robots":{"index":"index","follow":"follow","max-snippet":"max-snippet:-1","max-image-preview":"max-image-preview:large","max-video-preview":"max-video-preview:-1"},"canonical":"https:\/\/www.welovecycling.com\/pl\/2020\/03\/05\/e-rowery-wyrownuja-roznice-wynikajace-z-plci\/","og_locale":"pl_PL","og_type":"article","og_title":"E-rowery wyr\u00f3wnuj\u0105 r\u00f3\u017cnice wynikaj\u0105ce z p\u0142ci","og_description":"Niezale\u017cnie od tego, co s\u0105dzisz na temat rower\u00f3w elektrycznych, ich popularno\u015b\u0107 stale ro\u015bnie, a ostatnie badania pokazuj\u0105, \u017ce s\u0105 pomocne [&hellip;]","og_url":"https:\/\/www.welovecycling.com\/pl\/2020\/03\/05\/e-rowery-wyrownuja-roznice-wynikajace-z-plci\/","og_site_name":"\u0160koda We Love Cycling - Poland","article_published_time":"2020-03-05T07:14:46+00:00","article_modified_time":"2020-03-06T07:19:45+00:00","og_image":[{"width":1024,"height":450,"url":"https:\/\/d2p6e6u75xmxt8.cloudfront.net\/5\/2020\/03\/e-bike-CVR-profimedia-0425820118-1024x450.jpg","type":"image\/jpeg"}],"author":"piotrboczkowski","twitter_card":"summary_large_image","twitter_misc":{"Written by":"Megan Flottorp","Est. reading time":"5 minutes"},"schema":{"@context":"https:\/\/schema.org","@graph":[{"@type":"WebPage","@id":"https:\/\/www.welovecycling.com\/pl\/2020\/03\/05\/e-rowery-wyrownuja-roznice-wynikajace-z-plci\/","url":"https:\/\/www.welovecycling.com\/pl\/2020\/03\/05\/e-rowery-wyrownuja-roznice-wynikajace-z-plci\/","name":"E-rowery wyr\u00f3wnuj\u0105 r\u00f3\u017cnice wynikaj\u0105ce z p\u0142ci - \u0160koda We Love Cycling - Poland","isPartOf":{"@id":"https:\/\/www.welovecycling.com\/pl\/#website"},"primaryImageOfPage":{"@id":"https:\/\/www.welovecycling.com\/pl\/2020\/03\/05\/e-rowery-wyrownuja-roznice-wynikajace-z-plci\/#primaryimage"},"image":{"@id":"https:\/\/www.welovecycling.com\/pl\/2020\/03\/05\/e-rowery-wyrownuja-roznice-wynikajace-z-plci\/#primaryimage"},"thumbnailUrl":"https:\/\/d2p6e6u75xmxt8.cloudfront.net\/5\/2020\/03\/e-bike-CVR-profimedia-0425820118-1024x450.jpg","datePublished":"2020-03-05T07:14:46+00:00","dateModified":"2020-03-06T07:19:45+00:00","author":{"@id":"https:\/\/www.welovecycling.com\/pl\/#\/schema\/person\/0dba2d39da943db9df3fd8f4687e7f23"},"breadcrumb":{"@id":"https:\/\/www.welovecycling.com\/pl\/2020\/03\/05\/e-rowery-wyrownuja-roznice-wynikajace-z-plci\/#breadcrumb"},"inLanguage":"pl-PL","potentialAction":[{"@type":"ReadAction","target":["https:\/\/www.welovecycling.com\/pl\/2020\/03\/05\/e-rowery-wyrownuja-roznice-wynikajace-z-plci\/"]}]},{"@type":"ImageObject","inLanguage":"pl-PL","@id":"https:\/\/www.welovecycling.com\/pl\/2020\/03\/05\/e-rowery-wyrownuja-roznice-wynikajace-z-plci\/#primaryimage","url":"https:\/\/d2p6e6u75xmxt8.cloudfront.net\/5\/2020\/03\/e-bike-CVR-profimedia-0425820118-1024x450.jpg","contentUrl":"https:\/\/d2p6e6u75xmxt8.cloudfront.net\/5\/2020\/03\/e-bike-CVR-profimedia-0425820118-1024x450.jpg","width":1024,"height":450},{"@type":"BreadcrumbList","@id":"https:\/\/www.welovecycling.com\/pl\/2020\/03\/05\/e-rowery-wyrownuja-roznice-wynikajace-z-plci\/#breadcrumb","itemListElement":[{"@type":"ListItem","position":1,"name":"Home","item":"https:\/\/www.welovecycling.com\/pl\/"},{"@type":"ListItem","position":2,"name":"E-rowery wyr\u00f3wnuj\u0105 r\u00f3\u017cnice wynikaj\u0105ce z p\u0142ci"}]},{"@type":"WebSite","@id":"https:\/\/www.welovecycling.com\/pl\/#website","url":"https:\/\/www.welovecycling.com\/pl\/","name":"\u0160koda We Love Cycling - Poland","description":"","potentialAction":[{"@type":"SearchAction","target":{"@type":"EntryPoint","urlTemplate":"https:\/\/www.welovecycling.com\/pl\/?s={search_term_string}"},"query-input":{"@type":"PropertyValueSpecification","valueRequired":true,"valueName":"search_term_string"}}],"inLanguage":"pl-PL"},{"@type":"Person","@id":"https:\/\/www.welovecycling.com\/pl\/#\/schema\/person\/0dba2d39da943db9df3fd8f4687e7f23","name":"piotrboczkowski","image":{"@type":"ImageObject","inLanguage":"pl-PL","@id":"https:\/\/www.welovecycling.com\/pl\/#\/schema\/person\/image\/","url":"https:\/\/secure.gravatar.com\/avatar\/533caccae14752e03a2ce2d3fd62d1b98b93e1393c3195c27819e53344ca1ace?s=96&d=mm&r=g","contentUrl":"https:\/\/secure.gravatar.com\/avatar\/533caccae14752e03a2ce2d3fd62d1b98b93e1393c3195c27819e53344ca1ace?s=96&d=mm&r=g","caption":"piotrboczkowski"},"url":"https:\/\/www.welovecycling.com\/pl\/author\/piotrboczkowski\/"}]}},"_links":{"self":[{"href":"https:\/\/www.welovecycling.com\/pl\/wp-json\/wp\/v2\/posts\/10399","targetHints":{"allow":["GET"]}}],"collection":[{"href":"https:\/\/www.welovecycling.com\/pl\/wp-json\/wp\/v2\/posts"}],"about":[{"href":"https:\/\/www.welovecycling.com\/pl\/wp-json\/wp\/v2\/types\/post"}],"author":[{"embeddable":true,"href":"https:\/\/www.welovecycling.com\/pl\/wp-json\/wp\/v2\/users\/76"}],"replies":[{"embeddable":true,"href":"https:\/\/www.welovecycling.com\/pl\/wp-json\/wp\/v2\/comments?post=10399"}],"version-history":[{"count":2,"href":"https:\/\/www.welovecycling.com\/pl\/wp-json\/wp\/v2\/posts\/10399\/revisions"}],"predecessor-version":[{"id":10402,"href":"https:\/\/www.welovecycling.com\/pl\/wp-json\/wp\/v2\/posts\/10399\/revisions\/10402"}],"wp:featuredmedia":[{"embeddable":true,"href":"https:\/\/www.welovecycling.com\/pl\/wp-json\/wp\/v2\/media\/10400"}],"wp:attachment":[{"href":"https:\/\/www.welovecycling.com\/pl\/wp-json\/wp\/v2\/media?parent=10399"}],"wp:term":[{"taxonomy":"category","embeddable":true,"href":"https:\/\/www.welovecycling.com\/pl\/wp-json\/wp\/v2\/categories?post=10399"},{"taxonomy":"post_tag","embeddable":true,"href":"https:\/\/www.welovecycling.com\/pl\/wp-json\/wp\/v2\/tags?post=10399"},{"taxonomy":"global-categories","embeddable":true,"href":"https:\/\/www.welovecycling.com\/pl\/wp-json\/wp\/v2\/global-categories?post=10399"}],"curies":[{"name":"wp","href":"https:\/\/api.w.org\/{rel}","templated":true}]}}