{"id":10375,"date":"2020-02-29T17:40:32","date_gmt":"2020-02-29T17:40:32","guid":{"rendered":"https:\/\/www.welovecycling.com\/pl\/?p=10375"},"modified":"2020-03-02T17:44:27","modified_gmt":"2020-03-02T17:44:27","slug":"na-tej-trasie-kazdy-kilometr-smakuje-inaczej","status":"publish","type":"post","link":"https:\/\/www.welovecycling.com\/pl\/2020\/02\/29\/na-tej-trasie-kazdy-kilometr-smakuje-inaczej\/","title":{"rendered":"Na tej trasie ka\u017cdy kilometr smakuje inaczej"},"content":{"rendered":"<p><strong>Zobaczy\u0107 wisz\u0105ce mosty i lawendowe pola, skosztowa\u0107 niezwyk\u0142ej czekolady, a na koniec dnia usi\u0105\u015b\u0107 przy lampce wybornego wina. Trasa Eurovelo 17 udowadnia, \u017ce wyprawa rowerowa to co\u015b znacznie wi\u0119cej ni\u017c pokonywanie kolejnych kilometr\u00f3w.<\/strong><\/p>\n<p><strong>\u201eWszystko zaczyna si\u0119 w uroczej szwajcarskiej wiosce Andermatt, a ko\u0144czy na pi\u0119knym \u015br\u00f3dziemnomorskim wybrze\u017cu Francji. Ta trasa \u0142\u0105czy Alpy, Jezioro Genewskie, lawendowe pola Prowansji i dzikie bia\u0142e konie Camargue\u201d \u2013 reklamuj\u0105 tw\u00f3rcy Eurovelo 17.<\/strong><\/p>\n<p>To najkr\u00f3tsza z wszystkich wytyczonych tras, ale m.in. dlatego dla wielu mo\u017ce by\u0107 jedn\u0105 z najatrakcyjniejszych. \u0141\u0105cznie do przejechania jest 1050 km, kt\u00f3re mo\u017cna z \u0142atwo\u015bci\u0105 dzieli\u0107 na kilkudziesi\u0119ciokilometrowe\u00a0 etapy.<\/p>\n<p>Dla Polak\u00f3w problem mo\u017cemy by\u0107 jeden \u2013 Eurovelo 17 wije si\u0119 przez Francj\u0119 i Szwajcari\u0119, a ceny w tych pa\u0144stwach dla naszej kieszeni ci\u0105gle s\u0105 bardzo wysokie. Odpowiednio rozplanowana podr\u00f3\u017c mo\u017ce by\u0107 jednak znacznie ta\u0144sza. No to startujemy!<\/p>\n<h2><strong>Magiczne \u015bwiat\u0142o<\/strong><\/h2>\n<p>Na trasie wyznaczono kilka punkt\u00f3w z kategorii \u201enie mo\u017cesz przegapi\u0107\u201d. Niekt\u00f3re dotycz\u0105 skarb\u00f3w natury, inne dorobku kulturalnego, a jeszcze inne miejsc z ciekaw\u0105 histori\u0105. Pierwszym z nich jest Lodowiec Rodanu, kt\u00f3ry znajduje si\u0119 niedaleko punktu startowego.<\/p>\n<p>Nieopodal jest lodowa grota, kt\u00f3ra co roku dr\u0105\u017cona jest na nowo. Tunel ma 100 m d\u0142ugo\u015bci, a ci, kt\u00f3rzy tam byli podkre\u015blaj\u0105, i\u017c \u015bwieci on magicznym niebieskim \u015bwiat\u0142em, kt\u00f3rego nie da si\u0119 spotka\u0107 nigdzie indziej.<\/p>\n<p>Rowerzystom, kt\u00f3rzy wol\u0105 jednak mniej mro\u017any klimat i ceni\u0105 cuda powsta\u0142e prac\u0105 ludzkich r\u0105k, na trasie Eurovelo 17 polecana jest wizyta w Pa\u0142acu Stockalpera w Brig. To najwi\u0119kszy prywatny zamek w Szwajcarii, w kt\u00f3rym zachwyca nie tylko architektura, ale r\u00f3wnie\u017c niesamowite ogrody, w kt\u00f3rych mo\u017cna odpocz\u0105\u0107 po przejechaniu ponad 300 km (tyle dzieli Brig od Andermatt).<\/p>\n<p>Dalej kierujemy si\u0119 w stron\u0119 Genewy, po drodze mijaj\u0105c godny uwagi klasztor opactwa Saint-Maurice oraz niezwyk\u0142e tarasowe winnice, kt\u00f3re b\u0119d\u0105 towarzyszy\u0142y nam przez 7 km.<\/p>\n<p><img decoding=\"async\" src=\"https:\/\/ecf.com\/files\/wp-content\/uploads\/rhone-580x426.png\" alt=\"Znalezione obrazy dla zapytania: eurovelo 17\" \/><\/p>\n<h2><strong>Czas na Ma\u0142\u0105 Wenecj\u0119<\/strong><\/h2>\n<p>Nast\u0119pnie warto po\u015bwi\u0119ci\u0107 dzie\u0144 lub dwa na zwiedzanie Genewy i po\u017cegnanie si\u0119 ze Szwajcari\u0105, by p\u00f3\u017aniej wjecha\u0107 do Francji. Tam przywita nas niezwykle urokliwa wioska Chanaz, kt\u00f3r\u0105 Francuzi nazywaj\u0105 Ma\u0142\u0105 Wenecj\u0105.<\/p>\n<p>\u201eChanaz po\u0142o\u017cone jest po\u015br\u00f3d wspania\u0142ych dziewiczych krajobraz\u00f3w. Tutaj woda i g\u00f3ry doskonale si\u0119 uzupe\u0142niaj\u0105. Sama wioska pe\u0142na jest kwiat\u00f3w i ma turystom wiele do zaoferowania: rzadki m\u0142yn hydrauliczny, wycieczki rzeczne, czy \u0142odzie do wynaj\u0119cia\u201d \u2013 pisz\u0105 tw\u00f3rcy Eurovelo 17.<\/p>\n<p>Czasu na kontemplowanie pi\u0119kna wiele jednak nie ma, poniewa\u017c ju\u017c trzeba peda\u0142owa\u0107 dalej, w stron\u0119 Lyonu. A tutaj czeka nas raj ju\u017c nie tylko dla oczu, ale przede wszystkim dla podniebienia, bo to miasto uznawane jest za jedno z najlepiej karmi\u0105cych w ca\u0142ej Francji.<\/p>\n<p>Z pe\u0142nymi brzuchami jedziemy ju\u017c tylko na po\u0142udnie, gdzie zachwycaj\u0105 winnice, wisz\u0105ce mosty i\u2026\u00a0 producenci czekolady. Tutaj na d\u0142u\u017cej mo\u017cna rozbi\u0107 ob\u00f3z i przemierza\u0107 rowerem tereny wzd\u0142u\u017c i wszerz, na ile tylko si\u0142y i czas pozwol\u0105. Kolejny przystankiem jest Avignon, kt\u00f3rego reklamowa\u0107 nie trzeba, a trasa ko\u0144czy si\u0119 nad Morzem \u015ar\u00f3dziemnym, gdzie przychodzi czas na zas\u0142u\u017cony odpoczynek oraz wspominki z ca\u0142ej trasy.<\/p>\n<p>\u201eCho\u0107 jest ona najkr\u00f3tsza ze wszystkich szlak\u00f3w Eurovelo, to oferuje zaskakuj\u0105co du\u017co \u00a0krajobraz\u00f3w, do\u015bwiadcze\u0144 i mo\u017cliwo\u015b\u0107 poznania r\u00f3\u017cnych kultur. W planach rowerowych tej trasy po prostu nie mo\u017cna pomin\u0105\u0107\u201d \u2013 pisz\u0105 tw\u00f3rcy Eurovelo 17.<\/p>\n<p><strong>****************<\/strong><\/p>\n<p>Eurovelo to og\u00f3lnoeuropejska sie\u0107 tras rowerowych. Wiod\u0105 one przez 43 pa\u0144stwa i \u0142\u0105cznie maj\u0105 ponad 70 tys. km d\u0142ugo\u015bci. To projekt Europejskiej Federacji Cyklist\u00f3w, wsp\u00f3\u0142finansowany przez Uni\u0119 Europejsk\u0105. Ca\u0142o\u015b\u0107 ma by\u0107 uko\u0144czona w 2020 r.<\/p>\n<p><span data-sheets-value=\"{&quot;1&quot;:2,&quot;2&quot;:&quot;Artyku\u0142 powsta\u0142 we wsp\u00f3\u0142pracy ze skoda-auto.pl&quot;}\" data-sheets-userformat=\"{&quot;2&quot;:1,&quot;3&quot;:{&quot;1&quot;:0}}\" data-sheets-hyperlink=\"http:\/\/www.skoda-auto.pl\/\"><a class=\"in-cell-link\" href=\"http:\/\/www.skoda-auto.pl\/\" target=\"_blank\" rel=\"noopener\">Artyku\u0142 powsta\u0142 we wsp\u00f3\u0142pracy ze skoda-auto.pl<\/a><\/span><\/p>\n<p><a href=\"https:\/\/www.skoda-auto.pl\/modele\/karoq\"><img loading=\"lazy\" decoding=\"async\" class=\"aligncenter wp-image-9609 size-full loading\" src=\"https:\/\/d2p6e6u75xmxt8.cloudfront.net\/5\/2019\/08\/baner_WLC_640x350_4.png\" sizes=\"auto, (max-width: 640px) 100vw, 640px\" srcset=\"https:\/\/d2p6e6u75xmxt8.cloudfront.net\/5\/2019\/08\/baner_WLC_640x350_4.png 640w, https:\/\/d2p6e6u75xmxt8.cloudfront.net\/5\/2019\/08\/baner_WLC_640x350_4-300x164.png 300w\" alt=\"\" width=\"640\" height=\"350\" data-was-processed=\"true\" \/><\/a><\/p>\n","protected":false},"excerpt":{"rendered":"<p>Zobaczy\u0107 wisz\u0105ce mosty i lawendowe pola, skosztowa\u0107 niezwyk\u0142ej czekolady, a na koniec dnia usi\u0105\u015b\u0107 przy lampce wybornego wina. Trasa Eurovelo [&hellip;]<\/p>\n","protected":false},"author":76,"featured_media":10376,"comment_status":"open","ping_status":"open","sticky":false,"template":"","format":"standard","meta":{"footnotes":""},"categories":[226],"tags":[],"global-categories":[303],"class_list":["post-10375","post","type-post","status-publish","format-standard","has-post-thumbnail","hentry","category-ciekawostki","global-categories-cycling"],"yoast_head":"<!-- This site is optimized with the Yoast SEO Premium plugin v25.3 (Yoast SEO v25.9) - https:\/\/yoast.com\/wordpress\/plugins\/seo\/ -->\n<title>Eurovelo 17: Na tej trasie ka\u017cdy kilometr smakuje inaczej<\/title>\n<meta name=\"robots\" content=\"index, follow, max-snippet:-1, max-image-preview:large, max-video-preview:-1\" \/>\n<link rel=\"canonical\" href=\"https:\/\/www.welovecycling.com\/pl\/2020\/02\/29\/na-tej-trasie-kazdy-kilometr-smakuje-inaczej\/\" \/>\n<meta property=\"og:locale\" content=\"pl_PL\" \/>\n<meta property=\"og:type\" content=\"article\" \/>\n<meta property=\"og:title\" content=\"Na tej trasie ka\u017cdy kilometr smakuje inaczej\" \/>\n<meta property=\"og:description\" content=\"Zobaczy\u0107 wisz\u0105ce mosty i lawendowe pola, skosztowa\u0107 niezwyk\u0142ej czekolady, a na koniec dnia usi\u0105\u015b\u0107 przy lampce wybornego wina. Trasa Eurovelo [&hellip;]\" \/>\n<meta property=\"og:url\" content=\"https:\/\/www.welovecycling.com\/pl\/2020\/02\/29\/na-tej-trasie-kazdy-kilometr-smakuje-inaczej\/\" \/>\n<meta property=\"og:site_name\" content=\"\u0160koda We Love Cycling - Poland\" \/>\n<meta property=\"article:published_time\" content=\"2020-02-29T17:40:32+00:00\" \/>\n<meta property=\"article:modified_time\" content=\"2020-03-02T17:44:27+00:00\" \/>\n<meta property=\"og:image\" content=\"https:\/\/d2p6e6u75xmxt8.cloudfront.net\/5\/2020\/03\/bikemap-e17.jpg\" \/>\n\t<meta property=\"og:image:width\" content=\"1024\" \/>\n\t<meta property=\"og:image:height\" content=\"260\" \/>\n\t<meta property=\"og:image:type\" content=\"image\/jpeg\" \/>\n<meta name=\"author\" content=\"piotrboczkowski\" \/>\n<meta name=\"twitter:card\" content=\"summary_large_image\" \/>\n<meta name=\"twitter:label1\" content=\"Written by\" \/>\n\t<meta name=\"twitter:data1\" content=\"Piotr Nowik\" \/>\n\t<meta name=\"twitter:label2\" content=\"Est. reading time\" \/>\n\t<meta name=\"twitter:data2\" content=\"3 minutes\" \/>\n<script type=\"application\/ld+json\" class=\"yoast-schema-graph\">{\"@context\":\"https:\/\/schema.org\",\"@graph\":[{\"@type\":\"WebPage\",\"@id\":\"https:\/\/www.welovecycling.com\/pl\/2020\/02\/29\/na-tej-trasie-kazdy-kilometr-smakuje-inaczej\/\",\"url\":\"https:\/\/www.welovecycling.com\/pl\/2020\/02\/29\/na-tej-trasie-kazdy-kilometr-smakuje-inaczej\/\",\"name\":\"Eurovelo 17: Na tej trasie ka\u017cdy kilometr smakuje inaczej\",\"isPartOf\":{\"@id\":\"https:\/\/www.welovecycling.com\/pl\/#website\"},\"primaryImageOfPage\":{\"@id\":\"https:\/\/www.welovecycling.com\/pl\/2020\/02\/29\/na-tej-trasie-kazdy-kilometr-smakuje-inaczej\/#primaryimage\"},\"image\":{\"@id\":\"https:\/\/www.welovecycling.com\/pl\/2020\/02\/29\/na-tej-trasie-kazdy-kilometr-smakuje-inaczej\/#primaryimage\"},\"thumbnailUrl\":\"https:\/\/d2p6e6u75xmxt8.cloudfront.net\/5\/2020\/03\/bikemap-e17.jpg\",\"datePublished\":\"2020-02-29T17:40:32+00:00\",\"dateModified\":\"2020-03-02T17:44:27+00:00\",\"author\":{\"@id\":\"https:\/\/www.welovecycling.com\/pl\/#\/schema\/person\/0dba2d39da943db9df3fd8f4687e7f23\"},\"breadcrumb\":{\"@id\":\"https:\/\/www.welovecycling.com\/pl\/2020\/02\/29\/na-tej-trasie-kazdy-kilometr-smakuje-inaczej\/#breadcrumb\"},\"inLanguage\":\"pl-PL\",\"potentialAction\":[{\"@type\":\"ReadAction\",\"target\":[\"https:\/\/www.welovecycling.com\/pl\/2020\/02\/29\/na-tej-trasie-kazdy-kilometr-smakuje-inaczej\/\"]}]},{\"@type\":\"ImageObject\",\"inLanguage\":\"pl-PL\",\"@id\":\"https:\/\/www.welovecycling.com\/pl\/2020\/02\/29\/na-tej-trasie-kazdy-kilometr-smakuje-inaczej\/#primaryimage\",\"url\":\"https:\/\/d2p6e6u75xmxt8.cloudfront.net\/5\/2020\/03\/bikemap-e17.jpg\",\"contentUrl\":\"https:\/\/d2p6e6u75xmxt8.cloudfront.net\/5\/2020\/03\/bikemap-e17.jpg\",\"width\":1024,\"height\":260},{\"@type\":\"BreadcrumbList\",\"@id\":\"https:\/\/www.welovecycling.com\/pl\/2020\/02\/29\/na-tej-trasie-kazdy-kilometr-smakuje-inaczej\/#breadcrumb\",\"itemListElement\":[{\"@type\":\"ListItem\",\"position\":1,\"name\":\"Home\",\"item\":\"https:\/\/www.welovecycling.com\/pl\/\"},{\"@type\":\"ListItem\",\"position\":2,\"name\":\"Na tej trasie ka\u017cdy kilometr smakuje inaczej\"}]},{\"@type\":\"WebSite\",\"@id\":\"https:\/\/www.welovecycling.com\/pl\/#website\",\"url\":\"https:\/\/www.welovecycling.com\/pl\/\",\"name\":\"\u0160koda We Love Cycling - Poland\",\"description\":\"\",\"potentialAction\":[{\"@type\":\"SearchAction\",\"target\":{\"@type\":\"EntryPoint\",\"urlTemplate\":\"https:\/\/www.welovecycling.com\/pl\/?s={search_term_string}\"},\"query-input\":{\"@type\":\"PropertyValueSpecification\",\"valueRequired\":true,\"valueName\":\"search_term_string\"}}],\"inLanguage\":\"pl-PL\"},{\"@type\":\"Person\",\"@id\":\"https:\/\/www.welovecycling.com\/pl\/#\/schema\/person\/0dba2d39da943db9df3fd8f4687e7f23\",\"name\":\"piotrboczkowski\",\"image\":{\"@type\":\"ImageObject\",\"inLanguage\":\"pl-PL\",\"@id\":\"https:\/\/www.welovecycling.com\/pl\/#\/schema\/person\/image\/\",\"url\":\"https:\/\/secure.gravatar.com\/avatar\/533caccae14752e03a2ce2d3fd62d1b98b93e1393c3195c27819e53344ca1ace?s=96&d=mm&r=g\",\"contentUrl\":\"https:\/\/secure.gravatar.com\/avatar\/533caccae14752e03a2ce2d3fd62d1b98b93e1393c3195c27819e53344ca1ace?s=96&d=mm&r=g\",\"caption\":\"piotrboczkowski\"},\"url\":\"https:\/\/www.welovecycling.com\/pl\/author\/piotrboczkowski\/\"}]}<\/script>\n<!-- \/ Yoast SEO Premium plugin. -->","yoast_head_json":{"title":"Eurovelo 17: Na tej trasie ka\u017cdy kilometr smakuje inaczej","robots":{"index":"index","follow":"follow","max-snippet":"max-snippet:-1","max-image-preview":"max-image-preview:large","max-video-preview":"max-video-preview:-1"},"canonical":"https:\/\/www.welovecycling.com\/pl\/2020\/02\/29\/na-tej-trasie-kazdy-kilometr-smakuje-inaczej\/","og_locale":"pl_PL","og_type":"article","og_title":"Na tej trasie ka\u017cdy kilometr smakuje inaczej","og_description":"Zobaczy\u0107 wisz\u0105ce mosty i lawendowe pola, skosztowa\u0107 niezwyk\u0142ej czekolady, a na koniec dnia usi\u0105\u015b\u0107 przy lampce wybornego wina. Trasa Eurovelo [&hellip;]","og_url":"https:\/\/www.welovecycling.com\/pl\/2020\/02\/29\/na-tej-trasie-kazdy-kilometr-smakuje-inaczej\/","og_site_name":"\u0160koda We Love Cycling - Poland","article_published_time":"2020-02-29T17:40:32+00:00","article_modified_time":"2020-03-02T17:44:27+00:00","og_image":[{"width":1024,"height":260,"url":"https:\/\/d2p6e6u75xmxt8.cloudfront.net\/5\/2020\/03\/bikemap-e17.jpg","type":"image\/jpeg"}],"author":"piotrboczkowski","twitter_card":"summary_large_image","twitter_misc":{"Written by":"Piotr Nowik","Est. reading time":"3 minutes"},"schema":{"@context":"https:\/\/schema.org","@graph":[{"@type":"WebPage","@id":"https:\/\/www.welovecycling.com\/pl\/2020\/02\/29\/na-tej-trasie-kazdy-kilometr-smakuje-inaczej\/","url":"https:\/\/www.welovecycling.com\/pl\/2020\/02\/29\/na-tej-trasie-kazdy-kilometr-smakuje-inaczej\/","name":"Eurovelo 17: Na tej trasie ka\u017cdy kilometr smakuje inaczej","isPartOf":{"@id":"https:\/\/www.welovecycling.com\/pl\/#website"},"primaryImageOfPage":{"@id":"https:\/\/www.welovecycling.com\/pl\/2020\/02\/29\/na-tej-trasie-kazdy-kilometr-smakuje-inaczej\/#primaryimage"},"image":{"@id":"https:\/\/www.welovecycling.com\/pl\/2020\/02\/29\/na-tej-trasie-kazdy-kilometr-smakuje-inaczej\/#primaryimage"},"thumbnailUrl":"https:\/\/d2p6e6u75xmxt8.cloudfront.net\/5\/2020\/03\/bikemap-e17.jpg","datePublished":"2020-02-29T17:40:32+00:00","dateModified":"2020-03-02T17:44:27+00:00","author":{"@id":"https:\/\/www.welovecycling.com\/pl\/#\/schema\/person\/0dba2d39da943db9df3fd8f4687e7f23"},"breadcrumb":{"@id":"https:\/\/www.welovecycling.com\/pl\/2020\/02\/29\/na-tej-trasie-kazdy-kilometr-smakuje-inaczej\/#breadcrumb"},"inLanguage":"pl-PL","potentialAction":[{"@type":"ReadAction","target":["https:\/\/www.welovecycling.com\/pl\/2020\/02\/29\/na-tej-trasie-kazdy-kilometr-smakuje-inaczej\/"]}]},{"@type":"ImageObject","inLanguage":"pl-PL","@id":"https:\/\/www.welovecycling.com\/pl\/2020\/02\/29\/na-tej-trasie-kazdy-kilometr-smakuje-inaczej\/#primaryimage","url":"https:\/\/d2p6e6u75xmxt8.cloudfront.net\/5\/2020\/03\/bikemap-e17.jpg","contentUrl":"https:\/\/d2p6e6u75xmxt8.cloudfront.net\/5\/2020\/03\/bikemap-e17.jpg","width":1024,"height":260},{"@type":"BreadcrumbList","@id":"https:\/\/www.welovecycling.com\/pl\/2020\/02\/29\/na-tej-trasie-kazdy-kilometr-smakuje-inaczej\/#breadcrumb","itemListElement":[{"@type":"ListItem","position":1,"name":"Home","item":"https:\/\/www.welovecycling.com\/pl\/"},{"@type":"ListItem","position":2,"name":"Na tej trasie ka\u017cdy kilometr smakuje inaczej"}]},{"@type":"WebSite","@id":"https:\/\/www.welovecycling.com\/pl\/#website","url":"https:\/\/www.welovecycling.com\/pl\/","name":"\u0160koda We Love Cycling - Poland","description":"","potentialAction":[{"@type":"SearchAction","target":{"@type":"EntryPoint","urlTemplate":"https:\/\/www.welovecycling.com\/pl\/?s={search_term_string}"},"query-input":{"@type":"PropertyValueSpecification","valueRequired":true,"valueName":"search_term_string"}}],"inLanguage":"pl-PL"},{"@type":"Person","@id":"https:\/\/www.welovecycling.com\/pl\/#\/schema\/person\/0dba2d39da943db9df3fd8f4687e7f23","name":"piotrboczkowski","image":{"@type":"ImageObject","inLanguage":"pl-PL","@id":"https:\/\/www.welovecycling.com\/pl\/#\/schema\/person\/image\/","url":"https:\/\/secure.gravatar.com\/avatar\/533caccae14752e03a2ce2d3fd62d1b98b93e1393c3195c27819e53344ca1ace?s=96&d=mm&r=g","contentUrl":"https:\/\/secure.gravatar.com\/avatar\/533caccae14752e03a2ce2d3fd62d1b98b93e1393c3195c27819e53344ca1ace?s=96&d=mm&r=g","caption":"piotrboczkowski"},"url":"https:\/\/www.welovecycling.com\/pl\/author\/piotrboczkowski\/"}]}},"_links":{"self":[{"href":"https:\/\/www.welovecycling.com\/pl\/wp-json\/wp\/v2\/posts\/10375","targetHints":{"allow":["GET"]}}],"collection":[{"href":"https:\/\/www.welovecycling.com\/pl\/wp-json\/wp\/v2\/posts"}],"about":[{"href":"https:\/\/www.welovecycling.com\/pl\/wp-json\/wp\/v2\/types\/post"}],"author":[{"embeddable":true,"href":"https:\/\/www.welovecycling.com\/pl\/wp-json\/wp\/v2\/users\/76"}],"replies":[{"embeddable":true,"href":"https:\/\/www.welovecycling.com\/pl\/wp-json\/wp\/v2\/comments?post=10375"}],"version-history":[{"count":2,"href":"https:\/\/www.welovecycling.com\/pl\/wp-json\/wp\/v2\/posts\/10375\/revisions"}],"predecessor-version":[{"id":10378,"href":"https:\/\/www.welovecycling.com\/pl\/wp-json\/wp\/v2\/posts\/10375\/revisions\/10378"}],"wp:featuredmedia":[{"embeddable":true,"href":"https:\/\/www.welovecycling.com\/pl\/wp-json\/wp\/v2\/media\/10376"}],"wp:attachment":[{"href":"https:\/\/www.welovecycling.com\/pl\/wp-json\/wp\/v2\/media?parent=10375"}],"wp:term":[{"taxonomy":"category","embeddable":true,"href":"https:\/\/www.welovecycling.com\/pl\/wp-json\/wp\/v2\/categories?post=10375"},{"taxonomy":"post_tag","embeddable":true,"href":"https:\/\/www.welovecycling.com\/pl\/wp-json\/wp\/v2\/tags?post=10375"},{"taxonomy":"global-categories","embeddable":true,"href":"https:\/\/www.welovecycling.com\/pl\/wp-json\/wp\/v2\/global-categories?post=10375"}],"curies":[{"name":"wp","href":"https:\/\/api.w.org\/{rel}","templated":true}]}}