{"id":10372,"date":"2020-02-21T18:14:35","date_gmt":"2020-02-21T18:14:35","guid":{"rendered":"https:\/\/www.welovecycling.com\/pl\/?p=10372"},"modified":"2020-02-26T18:22:34","modified_gmt":"2020-02-26T18:22:34","slug":"deszcz-rowerzyscie-nie-straszny-oto-sposoby-jak-z-nim-wygrac","status":"publish","type":"post","link":"https:\/\/www.welovecycling.com\/pl\/2020\/02\/21\/deszcz-rowerzyscie-nie-straszny-oto-sposoby-jak-z-nim-wygrac\/","title":{"rendered":"Deszcz rowerzy\u015bcie nie straszny! Oto sposoby, jak z nim wygra\u0107"},"content":{"rendered":"<p><strong>Nie ma z\u0142ej pogody na rower, jest tylko z\u0142y ubi\u00f3r \u2013 to s\u0142ynne powiedzenie naprawd\u0119 si\u0119 sprawdza. Co wi\u0119c za\u0142o\u017cy\u0107, by deszcz nie zniech\u0119ca\u0142 nas do korzystania z roweru? Ju\u017c radzimy.<\/strong><\/p>\n<p><strong>Nadci\u0105ga wiosna, a wraz z ni\u0105 m\u017cawki, deszcze i ulewy. \u017badna pogoda nie jest jednak straszna rowerzy\u015bcie (cho\u0107 w trakcie burz do jazdy nie zach\u0119camy), gdy jest na ni\u0105 przygotowany. Tym bardziej \u017ce wyposa\u017cenie si\u0119 odpowiedni sprz\u0119t nie jest ani bardzo skomplikowane, ani bardzo drogie.<\/strong><\/p>\n<h2><strong>Proste i tanie rozwi\u0105zania<\/strong><\/h2>\n<p>Absolutnie najwa\u017cniejsza jest warstwa zewn\u0119trza, kt\u00f3ra musi by\u0107 nieprzemakalna. Kiedy\u015b zarzuca\u0142o si\u0119 na siebie peleryn\u0119, ale dzi\u015b wachlarz mo\u017cliwo\u015bci jest du\u017co szerszy.<\/p>\n<p>Przy niewielkich opadach egzamin zda nawet kurtka przeciwdeszczowa. Mo\u017ce to by\u0107 zwyk\u0142a \u201eortalion\u00f3wka\u201d, kt\u00f3r\u0105 zabiera si\u0119 na turystyczne wycieczki. Nie jest droga (mo\u017cn\u0105 j\u0105 kupi\u0107 poni\u017cej 100 z\u0142), nie zajmuje wiele miejsca, a przed lekkim deszczem nas ochroni.<\/p>\n<p>Bardziej profesjonalnym rozwi\u0105zaniem s\u0105 kurtki wyposa\u017cone w specjalne membrany, kt\u00f3re zapewniaj\u0105 wodoszczelno\u015b\u0107. S\u0105 one szyte w taki spos\u00f3b, \u017ce nawet zamki pozabezpieczane s\u0105 tak, by tamt\u0119dy nie przedosta\u0142a si\u0119 ani kropla wody. Takie rozwi\u0105zanie jest bardziej profesjonalne, ale te\u017c dro\u017csze od \u201eortalion\u00f3wki\u201d, bo kurtki o wysokich parametrach kosztuj\u0105 kilkaset, a nawet powy\u017cej tysi\u0105ca z\u0142otych.<\/p>\n<p>Innym pomys\u0142em s\u0105 peleryny oraz poncza (cena od 100 z\u0142). Mo\u017ce nie jest to idealne rozwi\u0105zanie na wypraw\u0119 rowerow\u0105, ale w mie\u015bcie zda egzamin. Ich zalet\u0105 jest fakt, \u017ce niekt\u00f3re modele przed deszczem chroni\u0105 r\u00f3wnie\u017c cz\u0119\u015b\u0107 n\u00f3g.<\/p>\n<h2><strong>Co jeszcze?<\/strong><\/h2>\n<p>Je\u015bli jednak chcemy bardziej profesjonalnej ochrony ko\u0144czyn dolnych, to warto pomy\u015ble\u0107 o nieprzemakalnych spodniach na rower. Ceny zaczynaj\u0105 si\u0119 poni\u017cej 100 z\u0142, a taki sprz\u0119t zdecydowanie u\u0142atwia np. przejazd do pracy. Spodnie nak\u0142ada si\u0119 bowiem na ubranie (cz\u0119sto nazywane s\u0105 nawet nie spodniami, ale ochraniaczami na spodnie), wi\u0119c wystarczy je tylko zdj\u0105\u0107 i ju\u017c jeste\u015bmy gotowi, by wej\u015b\u0107 do biura. W przypadku spodni nale\u017cy jednak zwr\u00f3ci\u0107 uwag\u0119 na \u0142atwo\u015b\u0107 ich \u015bci\u0105gania i zak\u0142adania. Cz\u0119\u015b\u0107 z jest wyposa\u017conych np. w zamki b\u0142yskawiczne na nogawkach, dzi\u0119ki czemu \u015bci\u0105ga si\u0119 je w okamgnieniu.<\/p>\n<p>Gdy ju\u017c zdecydujemy si\u0119 na zakup spodni, to warto zwr\u00f3ci\u0107 uwag\u0119, czy posiadaj\u0105 one r\u00f3wnie\u017c ochron\u0119 na obuwie. Je\u015bli nie, to czeka nas kolejny wydatek zwi\u0105zany z samymi ochraniaczami na buty. Wydaje si\u0119 on jednak zb\u0119dny, je\u015bli kupimy odpowiednie spodnie przeciwdeszczowe.<\/p>\n<h2><strong>Dodatki i odblaski dla poprawy bezpiecze\u0144stwa<\/strong><\/h2>\n<p>Mniej wa\u017cne elementy przeciwdeszczowego ubioru rowerzysty to r\u0119kawiczki i czapka. Mniej wa\u017cne nie oznacza jednak, \u017ce zbyteczne. Nie ma bowiem nic przyjemnego w je\u017adzie z mokrymi d\u0142o\u0144mi, kt\u00f3re na dodatek nara\u017cone s\u0105 na niskie temperatury i podmuchy wiatru. Palce w\u00f3wczas dr\u0119twiej\u0105, maj\u0105 gorsze czucie i wolniejsz\u0105 reakcj\u0119, a w przypadku hamowania liczy si\u0119 ka\u017cdy u\u0142amek sekundy. Szczeg\u00f3lnie, \u017ce odpowiednie r\u0119kawiczki mo\u017cna kupi\u0107 ju\u017c za kilkadziesi\u0105t z\u0142otych.<\/p>\n<p>Podobnie jest z nakryciem g\u0142owy. Mo\u017ce to by\u0107 specjalna czapka, ale szczeg\u00f3lnie w trakcie opad\u00f3w sugerujemy, by za\u0142o\u017cy\u0107 kask, kt\u00f3ry w przypadku wpadni\u0119cia w po\u015blizg mo\u017ce by\u0107 na wag\u0119 z\u0142ota. Aby w kasku odczuwa\u0107 komfort cieplny, warto pod nim mie\u0107 czapk\u0119 z windstopperem.<\/p>\n<p>Nale\u017cy r\u00f3wnie\u017c pami\u0119ta\u0107, by podczas kupowania rowerowej odzie\u017cy przeciwdeszczowej zwraca\u0107 uwag\u0119 na elementy odblaskowe. Najlepszym rozwi\u0105zaniem jest w og\u00f3le zakupienie ubioru w jaskrawych kolorach, ale ju\u017c odblaskowy pasek sprawi, \u017ce dla kierowc\u00f3w b\u0119dziemy znacznie lepiej widoczni, a to szczeg\u00f3lnie wa\u017cne w czasie deszczowej aury czy zapadaj\u0105cego zmroku.<\/p>\n<p><span data-sheets-value=\"{&quot;1&quot;:2,&quot;2&quot;:&quot;Artyku\u0142 powsta\u0142 we wsp\u00f3\u0142pracy ze skoda-auto.pl&quot;}\" data-sheets-userformat=\"{&quot;2&quot;:1,&quot;3&quot;:{&quot;1&quot;:0}}\" data-sheets-hyperlink=\"http:\/\/www.skoda-auto.pl\/\"><a class=\"in-cell-link\" href=\"http:\/\/www.skoda-auto.pl\/\" target=\"_blank\" rel=\"noopener\">Artyku\u0142 powsta\u0142 we wsp\u00f3\u0142pracy ze skoda-auto.p<\/a><\/span><\/p>\n<p>&nbsp;<\/p>\n<p><a href=\"https:\/\/www.skoda-auto.pl\/modele\/karoq\"><img loading=\"lazy\" decoding=\"async\" class=\"aligncenter wp-image-9609 size-full loading\" src=\"https:\/\/d2p6e6u75xmxt8.cloudfront.net\/5\/2019\/08\/baner_WLC_640x350_4.png\" sizes=\"auto, (max-width: 640px) 100vw, 640px\" srcset=\"https:\/\/d2p6e6u75xmxt8.cloudfront.net\/5\/2019\/08\/baner_WLC_640x350_4.png 640w, https:\/\/d2p6e6u75xmxt8.cloudfront.net\/5\/2019\/08\/baner_WLC_640x350_4-300x164.png 300w\" alt=\"\" width=\"640\" height=\"350\" data-was-processed=\"true\" \/>\u00a0<\/a><\/p>\n<p>&nbsp;<\/p>\n<p>&nbsp;<\/p>\n","protected":false},"excerpt":{"rendered":"<p>Nie ma z\u0142ej pogody na rower, jest tylko z\u0142y ubi\u00f3r \u2013 to s\u0142ynne powiedzenie naprawd\u0119 si\u0119 sprawdza. Co wi\u0119c za\u0142o\u017cy\u0107, [&hellip;]<\/p>\n","protected":false},"author":76,"featured_media":9401,"comment_status":"open","ping_status":"open","sticky":false,"template":"","format":"standard","meta":{"footnotes":""},"categories":[7],"tags":[],"global-categories":[303],"class_list":["post-10372","post","type-post","status-publish","format-standard","has-post-thumbnail","hentry","category-bezpieczenstwo","global-categories-cycling"],"yoast_head":"<!-- This site is optimized with the Yoast SEO Premium plugin v25.3 (Yoast SEO v25.9) - https:\/\/yoast.com\/wordpress\/plugins\/seo\/ -->\n<title>Deszcz rowerzy\u015bcie nie straszny! Oto sposoby, jak z nim wygra\u0107 - \u0160koda We Love Cycling - Poland<\/title>\n<meta name=\"robots\" content=\"index, follow, max-snippet:-1, max-image-preview:large, max-video-preview:-1\" \/>\n<link rel=\"canonical\" href=\"https:\/\/www.welovecycling.com\/pl\/2020\/02\/21\/deszcz-rowerzyscie-nie-straszny-oto-sposoby-jak-z-nim-wygrac\/\" \/>\n<meta property=\"og:locale\" content=\"pl_PL\" \/>\n<meta property=\"og:type\" content=\"article\" \/>\n<meta property=\"og:title\" content=\"Deszcz rowerzy\u015bcie nie straszny! Oto sposoby, jak z nim wygra\u0107\" \/>\n<meta property=\"og:description\" content=\"Nie ma z\u0142ej pogody na rower, jest tylko z\u0142y ubi\u00f3r \u2013 to s\u0142ynne powiedzenie naprawd\u0119 si\u0119 sprawdza. Co wi\u0119c za\u0142o\u017cy\u0107, [&hellip;]\" \/>\n<meta property=\"og:url\" content=\"https:\/\/www.welovecycling.com\/pl\/2020\/02\/21\/deszcz-rowerzyscie-nie-straszny-oto-sposoby-jak-z-nim-wygrac\/\" \/>\n<meta property=\"og:site_name\" content=\"\u0160koda We Love Cycling - Poland\" \/>\n<meta property=\"article:published_time\" content=\"2020-02-21T18:14:35+00:00\" \/>\n<meta property=\"article:modified_time\" content=\"2020-02-26T18:22:34+00:00\" \/>\n<meta property=\"og:image\" content=\"https:\/\/d2p6e6u75xmxt8.cloudfront.net\/5\/2019\/07\/fe5d4.jpg\" \/>\n\t<meta property=\"og:image:width\" content=\"1000\" \/>\n\t<meta property=\"og:image:height\" content=\"667\" \/>\n\t<meta property=\"og:image:type\" content=\"image\/jpeg\" \/>\n<meta name=\"author\" content=\"piotrboczkowski\" \/>\n<meta name=\"twitter:card\" content=\"summary_large_image\" \/>\n<meta name=\"twitter:label1\" content=\"Written by\" \/>\n\t<meta name=\"twitter:data1\" content=\"piotrboczkowski\" \/>\n\t<meta name=\"twitter:label2\" content=\"Est. reading time\" \/>\n\t<meta name=\"twitter:data2\" content=\"3 minutes\" \/>\n<script type=\"application\/ld+json\" class=\"yoast-schema-graph\">{\"@context\":\"https:\/\/schema.org\",\"@graph\":[{\"@type\":\"WebPage\",\"@id\":\"https:\/\/www.welovecycling.com\/pl\/2020\/02\/21\/deszcz-rowerzyscie-nie-straszny-oto-sposoby-jak-z-nim-wygrac\/\",\"url\":\"https:\/\/www.welovecycling.com\/pl\/2020\/02\/21\/deszcz-rowerzyscie-nie-straszny-oto-sposoby-jak-z-nim-wygrac\/\",\"name\":\"Deszcz rowerzy\u015bcie nie straszny! Oto sposoby, jak z nim wygra\u0107 - \u0160koda We Love Cycling - Poland\",\"isPartOf\":{\"@id\":\"https:\/\/www.welovecycling.com\/pl\/#website\"},\"primaryImageOfPage\":{\"@id\":\"https:\/\/www.welovecycling.com\/pl\/2020\/02\/21\/deszcz-rowerzyscie-nie-straszny-oto-sposoby-jak-z-nim-wygrac\/#primaryimage\"},\"image\":{\"@id\":\"https:\/\/www.welovecycling.com\/pl\/2020\/02\/21\/deszcz-rowerzyscie-nie-straszny-oto-sposoby-jak-z-nim-wygrac\/#primaryimage\"},\"thumbnailUrl\":\"https:\/\/d2p6e6u75xmxt8.cloudfront.net\/5\/2019\/07\/fe5d4.jpg\",\"datePublished\":\"2020-02-21T18:14:35+00:00\",\"dateModified\":\"2020-02-26T18:22:34+00:00\",\"author\":{\"@id\":\"https:\/\/www.welovecycling.com\/pl\/#\/schema\/person\/0dba2d39da943db9df3fd8f4687e7f23\"},\"breadcrumb\":{\"@id\":\"https:\/\/www.welovecycling.com\/pl\/2020\/02\/21\/deszcz-rowerzyscie-nie-straszny-oto-sposoby-jak-z-nim-wygrac\/#breadcrumb\"},\"inLanguage\":\"pl-PL\",\"potentialAction\":[{\"@type\":\"ReadAction\",\"target\":[\"https:\/\/www.welovecycling.com\/pl\/2020\/02\/21\/deszcz-rowerzyscie-nie-straszny-oto-sposoby-jak-z-nim-wygrac\/\"]}]},{\"@type\":\"ImageObject\",\"inLanguage\":\"pl-PL\",\"@id\":\"https:\/\/www.welovecycling.com\/pl\/2020\/02\/21\/deszcz-rowerzyscie-nie-straszny-oto-sposoby-jak-z-nim-wygrac\/#primaryimage\",\"url\":\"https:\/\/d2p6e6u75xmxt8.cloudfront.net\/5\/2019\/07\/fe5d4.jpg\",\"contentUrl\":\"https:\/\/d2p6e6u75xmxt8.cloudfront.net\/5\/2019\/07\/fe5d4.jpg\",\"width\":1000,\"height\":667,\"caption\":\"Tour de France 2019 - 21\/07\/2019 - Etape 15 - Limoux \/ Foix Prat d'Albis (185 Km) - Simon YATES (MITCHETLTON - SCOTT) \u00a9 A.SO.\/Pauline BALLET\"},{\"@type\":\"BreadcrumbList\",\"@id\":\"https:\/\/www.welovecycling.com\/pl\/2020\/02\/21\/deszcz-rowerzyscie-nie-straszny-oto-sposoby-jak-z-nim-wygrac\/#breadcrumb\",\"itemListElement\":[{\"@type\":\"ListItem\",\"position\":1,\"name\":\"Home\",\"item\":\"https:\/\/www.welovecycling.com\/pl\/\"},{\"@type\":\"ListItem\",\"position\":2,\"name\":\"Deszcz rowerzy\u015bcie nie straszny! Oto sposoby, jak z nim wygra\u0107\"}]},{\"@type\":\"WebSite\",\"@id\":\"https:\/\/www.welovecycling.com\/pl\/#website\",\"url\":\"https:\/\/www.welovecycling.com\/pl\/\",\"name\":\"\u0160koda We Love Cycling - Poland\",\"description\":\"\",\"potentialAction\":[{\"@type\":\"SearchAction\",\"target\":{\"@type\":\"EntryPoint\",\"urlTemplate\":\"https:\/\/www.welovecycling.com\/pl\/?s={search_term_string}\"},\"query-input\":{\"@type\":\"PropertyValueSpecification\",\"valueRequired\":true,\"valueName\":\"search_term_string\"}}],\"inLanguage\":\"pl-PL\"},{\"@type\":\"Person\",\"@id\":\"https:\/\/www.welovecycling.com\/pl\/#\/schema\/person\/0dba2d39da943db9df3fd8f4687e7f23\",\"name\":\"piotrboczkowski\",\"image\":{\"@type\":\"ImageObject\",\"inLanguage\":\"pl-PL\",\"@id\":\"https:\/\/www.welovecycling.com\/pl\/#\/schema\/person\/image\/\",\"url\":\"https:\/\/secure.gravatar.com\/avatar\/533caccae14752e03a2ce2d3fd62d1b98b93e1393c3195c27819e53344ca1ace?s=96&d=mm&r=g\",\"contentUrl\":\"https:\/\/secure.gravatar.com\/avatar\/533caccae14752e03a2ce2d3fd62d1b98b93e1393c3195c27819e53344ca1ace?s=96&d=mm&r=g\",\"caption\":\"piotrboczkowski\"},\"url\":\"https:\/\/www.welovecycling.com\/pl\/author\/piotrboczkowski\/\"}]}<\/script>\n<!-- \/ Yoast SEO Premium plugin. -->","yoast_head_json":{"title":"Deszcz rowerzy\u015bcie nie straszny! Oto sposoby, jak z nim wygra\u0107 - \u0160koda We Love Cycling - Poland","robots":{"index":"index","follow":"follow","max-snippet":"max-snippet:-1","max-image-preview":"max-image-preview:large","max-video-preview":"max-video-preview:-1"},"canonical":"https:\/\/www.welovecycling.com\/pl\/2020\/02\/21\/deszcz-rowerzyscie-nie-straszny-oto-sposoby-jak-z-nim-wygrac\/","og_locale":"pl_PL","og_type":"article","og_title":"Deszcz rowerzy\u015bcie nie straszny! Oto sposoby, jak z nim wygra\u0107","og_description":"Nie ma z\u0142ej pogody na rower, jest tylko z\u0142y ubi\u00f3r \u2013 to s\u0142ynne powiedzenie naprawd\u0119 si\u0119 sprawdza. Co wi\u0119c za\u0142o\u017cy\u0107, [&hellip;]","og_url":"https:\/\/www.welovecycling.com\/pl\/2020\/02\/21\/deszcz-rowerzyscie-nie-straszny-oto-sposoby-jak-z-nim-wygrac\/","og_site_name":"\u0160koda We Love Cycling - Poland","article_published_time":"2020-02-21T18:14:35+00:00","article_modified_time":"2020-02-26T18:22:34+00:00","og_image":[{"width":1000,"height":667,"url":"https:\/\/d2p6e6u75xmxt8.cloudfront.net\/5\/2019\/07\/fe5d4.jpg","type":"image\/jpeg"}],"author":"piotrboczkowski","twitter_card":"summary_large_image","twitter_misc":{"Written by":"piotrboczkowski","Est. reading time":"3 minutes"},"schema":{"@context":"https:\/\/schema.org","@graph":[{"@type":"WebPage","@id":"https:\/\/www.welovecycling.com\/pl\/2020\/02\/21\/deszcz-rowerzyscie-nie-straszny-oto-sposoby-jak-z-nim-wygrac\/","url":"https:\/\/www.welovecycling.com\/pl\/2020\/02\/21\/deszcz-rowerzyscie-nie-straszny-oto-sposoby-jak-z-nim-wygrac\/","name":"Deszcz rowerzy\u015bcie nie straszny! Oto sposoby, jak z nim wygra\u0107 - \u0160koda We Love Cycling - Poland","isPartOf":{"@id":"https:\/\/www.welovecycling.com\/pl\/#website"},"primaryImageOfPage":{"@id":"https:\/\/www.welovecycling.com\/pl\/2020\/02\/21\/deszcz-rowerzyscie-nie-straszny-oto-sposoby-jak-z-nim-wygrac\/#primaryimage"},"image":{"@id":"https:\/\/www.welovecycling.com\/pl\/2020\/02\/21\/deszcz-rowerzyscie-nie-straszny-oto-sposoby-jak-z-nim-wygrac\/#primaryimage"},"thumbnailUrl":"https:\/\/d2p6e6u75xmxt8.cloudfront.net\/5\/2019\/07\/fe5d4.jpg","datePublished":"2020-02-21T18:14:35+00:00","dateModified":"2020-02-26T18:22:34+00:00","author":{"@id":"https:\/\/www.welovecycling.com\/pl\/#\/schema\/person\/0dba2d39da943db9df3fd8f4687e7f23"},"breadcrumb":{"@id":"https:\/\/www.welovecycling.com\/pl\/2020\/02\/21\/deszcz-rowerzyscie-nie-straszny-oto-sposoby-jak-z-nim-wygrac\/#breadcrumb"},"inLanguage":"pl-PL","potentialAction":[{"@type":"ReadAction","target":["https:\/\/www.welovecycling.com\/pl\/2020\/02\/21\/deszcz-rowerzyscie-nie-straszny-oto-sposoby-jak-z-nim-wygrac\/"]}]},{"@type":"ImageObject","inLanguage":"pl-PL","@id":"https:\/\/www.welovecycling.com\/pl\/2020\/02\/21\/deszcz-rowerzyscie-nie-straszny-oto-sposoby-jak-z-nim-wygrac\/#primaryimage","url":"https:\/\/d2p6e6u75xmxt8.cloudfront.net\/5\/2019\/07\/fe5d4.jpg","contentUrl":"https:\/\/d2p6e6u75xmxt8.cloudfront.net\/5\/2019\/07\/fe5d4.jpg","width":1000,"height":667,"caption":"Tour de France 2019 - 21\/07\/2019 - Etape 15 - Limoux \/ Foix Prat d'Albis (185 Km) - Simon YATES (MITCHETLTON - SCOTT) \u00a9 A.SO.\/Pauline BALLET"},{"@type":"BreadcrumbList","@id":"https:\/\/www.welovecycling.com\/pl\/2020\/02\/21\/deszcz-rowerzyscie-nie-straszny-oto-sposoby-jak-z-nim-wygrac\/#breadcrumb","itemListElement":[{"@type":"ListItem","position":1,"name":"Home","item":"https:\/\/www.welovecycling.com\/pl\/"},{"@type":"ListItem","position":2,"name":"Deszcz rowerzy\u015bcie nie straszny! Oto sposoby, jak z nim wygra\u0107"}]},{"@type":"WebSite","@id":"https:\/\/www.welovecycling.com\/pl\/#website","url":"https:\/\/www.welovecycling.com\/pl\/","name":"\u0160koda We Love Cycling - Poland","description":"","potentialAction":[{"@type":"SearchAction","target":{"@type":"EntryPoint","urlTemplate":"https:\/\/www.welovecycling.com\/pl\/?s={search_term_string}"},"query-input":{"@type":"PropertyValueSpecification","valueRequired":true,"valueName":"search_term_string"}}],"inLanguage":"pl-PL"},{"@type":"Person","@id":"https:\/\/www.welovecycling.com\/pl\/#\/schema\/person\/0dba2d39da943db9df3fd8f4687e7f23","name":"piotrboczkowski","image":{"@type":"ImageObject","inLanguage":"pl-PL","@id":"https:\/\/www.welovecycling.com\/pl\/#\/schema\/person\/image\/","url":"https:\/\/secure.gravatar.com\/avatar\/533caccae14752e03a2ce2d3fd62d1b98b93e1393c3195c27819e53344ca1ace?s=96&d=mm&r=g","contentUrl":"https:\/\/secure.gravatar.com\/avatar\/533caccae14752e03a2ce2d3fd62d1b98b93e1393c3195c27819e53344ca1ace?s=96&d=mm&r=g","caption":"piotrboczkowski"},"url":"https:\/\/www.welovecycling.com\/pl\/author\/piotrboczkowski\/"}]}},"_links":{"self":[{"href":"https:\/\/www.welovecycling.com\/pl\/wp-json\/wp\/v2\/posts\/10372","targetHints":{"allow":["GET"]}}],"collection":[{"href":"https:\/\/www.welovecycling.com\/pl\/wp-json\/wp\/v2\/posts"}],"about":[{"href":"https:\/\/www.welovecycling.com\/pl\/wp-json\/wp\/v2\/types\/post"}],"author":[{"embeddable":true,"href":"https:\/\/www.welovecycling.com\/pl\/wp-json\/wp\/v2\/users\/76"}],"replies":[{"embeddable":true,"href":"https:\/\/www.welovecycling.com\/pl\/wp-json\/wp\/v2\/comments?post=10372"}],"version-history":[{"count":1,"href":"https:\/\/www.welovecycling.com\/pl\/wp-json\/wp\/v2\/posts\/10372\/revisions"}],"predecessor-version":[{"id":10373,"href":"https:\/\/www.welovecycling.com\/pl\/wp-json\/wp\/v2\/posts\/10372\/revisions\/10373"}],"wp:featuredmedia":[{"embeddable":true,"href":"https:\/\/www.welovecycling.com\/pl\/wp-json\/wp\/v2\/media\/9401"}],"wp:attachment":[{"href":"https:\/\/www.welovecycling.com\/pl\/wp-json\/wp\/v2\/media?parent=10372"}],"wp:term":[{"taxonomy":"category","embeddable":true,"href":"https:\/\/www.welovecycling.com\/pl\/wp-json\/wp\/v2\/categories?post=10372"},{"taxonomy":"post_tag","embeddable":true,"href":"https:\/\/www.welovecycling.com\/pl\/wp-json\/wp\/v2\/tags?post=10372"},{"taxonomy":"global-categories","embeddable":true,"href":"https:\/\/www.welovecycling.com\/pl\/wp-json\/wp\/v2\/global-categories?post=10372"}],"curies":[{"name":"wp","href":"https:\/\/api.w.org\/{rel}","templated":true}]}}