{"id":10362,"date":"2020-02-25T17:56:08","date_gmt":"2020-02-25T17:56:08","guid":{"rendered":"https:\/\/www.welovecycling.com\/pl\/?p=10362"},"modified":"2020-02-26T18:00:14","modified_gmt":"2020-02-26T18:00:14","slug":"bartosz-huzarski-by-wilk-byl-syty-i-owca-cala","status":"publish","type":"post","link":"https:\/\/www.welovecycling.com\/pl\/2020\/02\/25\/bartosz-huzarski-by-wilk-byl-syty-i-owca-cala\/","title":{"rendered":"Bartosz Huzarski: By wilk by\u0142 syty i owca ca\u0142a"},"content":{"rendered":"<p><strong>Zrobili\u015bmy to eksperymentalnie po raz pierwszy. Wiemy, \u017ce nie jeste\u015bmy tutaj \u017cadnymi \u015bwiatowymi prekursorami, niemniej nigdy tego nie robili\u015bmy. Postaram si\u0119 podzieli\u0107 z Wami pewnymi do\u015bwiadczeniami z ostatnich tygodni.<\/strong><\/p>\n<p>Geneza. Najcz\u0119\u015bciej zgrupowania mojej akademii kolarskiej \u201eHuzar Bike Academy\u201d by\u0142y nastawione na trening i zdobywanie wiedzy. W mieszanym gronie lub z przewag\u0105 m\u0119\u017cczyzn je\u017adzili\u015bmy najcz\u0119\u015bciej do Chorwacji w marcu, nie licz\u0105c zgrupowa\u0144 lokalnych w trakcie sezonu. W tym roku wykombinowa\u0142em po\u0142\u0105czenie, kt\u00f3re mia\u0142o by\u0107 przyjemne i po\u017cyteczne zarazem. Skrzykn\u0119li\u015bmy si\u0119 ze znajomymi i spor\u0105 band\u0105 polecieli\u015bmy wraz z naszymi rodzinami na Majork\u0119.<\/p>\n<p><img decoding=\"async\" src=\"https:\/\/scontent-frt3-2.xx.fbcdn.net\/v\/t1.0-9\/p720x720\/86728642_2701143179990762_9192539853911228416_o.jpg?_nc_cat=101&amp;_nc_sid=a61e81&amp;_nc_ohc=fK6jMYzKOIEAX8qnZEu&amp;_nc_ht=scontent-frt3-2.xx&amp;_nc_tp=6&amp;oh=51bcc042cb9cc0f6f5b2983277883091&amp;oe=5EBD8D05\" alt=\"Image may contain: one or more people, people riding bicycles, bicycle, outdoor and nature\" \/><\/p>\n<p>Lokalizacja. Majorka to wyspa na archipelagu Balear\u00f3w o d\u0142ugo\u015bci oko\u0142o 100 km. Znam j\u0105 bardzo dobrze z lat zawodowej kariery i wiedzia\u0142em, co mo\u017cemy z niej wycisn\u0105\u0107. Gdyby tak zliczy\u0107 wszystkie moje zgrupowania, to wysz\u0142oby tego kilka dobrych miesi\u0119cy. R\u00f3\u017cnica polega\u0142a na tym, \u017ce do tej pory p\u0142acili mnie, a teraz p\u0142aci\u0142em ja. Ale po to w ko\u0144cu pracujemy \u2013 \u017ceby wydawa\u0107 pieni\u0105dze. Majorka to jedno z idealnych miejsc na rower, oferuje trasy p\u0142askie, pofalowane i prawdziwe g\u00f3ry (pasmo g\u00f3rskie Serra de Tramuntana z najwy\u017cszym szczytem Puig Major) oraz pojedyncze obiekty warte podjechania, takie jak Santuari de Cura czy Santuari of San Salvador, i prawdziw\u0105 gratk\u0119 wymagaj\u0105c\u0105 niema\u0142ej krzepy \u2013 Sa Calobra. O wyj\u0105tkowo\u015bci tego ostatniego podjazdu m\u00f3wi\u0105 liczby w aplikacji Strava \u2013 ponad 87\u00a0000 os\u00f3b odwiedzi\u0142o to miejsce na rowerach. Po dodaniu do tego stabilnej i dobrej pogody oraz niespotykanego spokoju na drogach mamy po\u0142\u0105czenie wr\u0119cz idealne. I warto wspomnie\u0107 jeszcze o d\u0142ugo\u015bci lotu \u2013 z Berlina to nieca\u0142e 2,5 godziny, co ma niebagatelne znaczenie przy podr\u00f3\u017cowaniu z dzie\u0107mi.<\/p>\n<p>Dla rodziny. Opcji tyle, co fantazji i \u015brodk\u00f3w na karcie kredytowej. Od podstawowych, polegaj\u0105cych na zwiedzaniu Palmy czy przyleg\u0142ych miejscowo\u015bci, po te si\u0119gaj\u0105ce najdalszych kra\u0144c\u00f3w wyspy. Powiem tak\u2026 Gdyby nie rowery, zobaczyliby\u015bmy du\u017co wi\u0119cej. Dlaczego? Przeczytacie poni\u017cej. Troch\u0119 przekornie napisa\u0142em, niemniej jednak tydzie\u0144 na Majorce mo\u017ce nie wystarczy\u0107, by zwiedzi\u0107 j\u0105 w ca\u0142o\u015bci. To wyspa nastawiona na turyst\u0119 rowerowego, mo\u017cna si\u0119 o tym przekona\u0107, spaceruj\u0105c nadmorskimi deptakami wsp\u00f3\u0142dzielonymi z trasami rowerowymi. Co za tym idzie, wypo\u017cyczalni rower\u00f3w jest tutaj na p\u0119czki, oferuj\u0105 one r\u00f3wnie\u017c przyczepki dla dzieci, rowery elektryczne i biegowe. Mo\u017cna wi\u0119c \u015bmia\u0142o zwiedzi\u0107 najbli\u017csz\u0105 okolic\u0119, \u0142\u0105cz\u0105c przyjemne z po\u017cytecznym. My zatrzymali\u015bmy si\u0119 w Can Pastilla, blisko lotniska, Palmy i bardzo blisko oceanarium. Niby niedaleko centrum, jednak o tej porze roku bardzo spokojnie. W promieniu 200 metr\u00f3w mieli\u015bmy trzy wypo\u017cyczalnie rower\u00f3w, kilka restauracji, a pla\u017c\u0119 po drugiej stronie deptaka. Pogoda okaza\u0142a si\u0119 \u0142askawa, wi\u0119c pod moj\u0105 nieobecno\u015b\u0107 dzieciaki sp\u0119dza\u0142y sporo czasu na spacerach i zabawach w piasku. Nie mogli\u015bmy nie zobaczy\u0107 oceanarium, wst\u0119p \u2013 cho\u0107 nie tani przy naszej liczebno\u015bci \u2013 by\u0142 wart odwiedzenia. Mieli\u015bmy idealne por\u00f3wnanie, bo dos\u0142ownie kilkana\u015bcie dni przed przylotem byli\u015bmy we wroc\u0142awskim oceanarium. Powiem szczerze, \u017ce to bli\u017cej domu wypada bardzo blado na tle tego, co widzieli\u015bmy na Majorce. Niesamowite okazy ryb i pi\u0119kna sceneria \u2013 nie tylko dzieciaki by\u0142y zachwycone, ale r\u00f3wnie\u017c my.<\/p>\n<p><img decoding=\"async\" src=\"https:\/\/scontent-frx5-1.xx.fbcdn.net\/v\/t1.0-9\/87025462_2701141053324308_8301142614514597888_o.jpg?_nc_cat=105&amp;_nc_sid=a61e81&amp;_nc_ohc=UAJDRUwLWIUAX9DrSgY&amp;_nc_ht=scontent-frx5-1.xx&amp;oh=17a91de33bfab0d7185d4e690d8d9c77&amp;oe=5EF2AFEE\" alt=\"Image may contain: ocean, sky, bicycle, cloud, outdoor, nature and water\" \/><\/p>\n<p>Planowanie i b\u0142\u0119dy. Uczymy si\u0119 na b\u0142\u0119dach i staramy si\u0119 je eliminowa\u0107 w przysz\u0142o\u015bci. Trzeba b\u0119dzie tutaj wr\u00f3ci\u0107, ale zorganizowa\u0107 ten wyjazd w innej, bardziej dynamicznej formie \u2013 wycieczki objazdowej. To by\u0142oby po\u0142\u0105czenie idealne: my na rowerach, a nasze rodziny samochodami zwiedzamy wysp\u0119 i co jeden, dwa dni zmieniamy hotel. Troch\u0119 tu\u0142aczka, jednak warta przemy\u015blenia na przysz\u0142o\u015b\u0107. Dlaczego dopiero na przysz\u0142o\u015b\u0107 \u2013 dlatego \u017ce nas w tym roku mocno ogranicza\u0142a ma\u0142a Lena, kt\u00f3ra \u2013 jak to niemowl\u0119 \u2013 ma swoje cykle spania, jedzenia i zabawy. Do tego w lutym na rower mo\u017cna wyruszy\u0107 najwcze\u015bniej oko\u0142o 10, wtedy jest przyjemnie. Te 3\u20133,5 godziny jazdy + prysznic + lekki lunch i mamy godzin\u0119 15, czyli powoli robi si\u0119 \u015brednio przyjemnie, szczeg\u00f3lnie gdy zajdzie s\u0142o\u0144ce. Ale nie b\u00f3jcie si\u0119 pokombinowa\u0107 troch\u0119 nad rezerwacjami oraz wynaj\u0119ciem samochodu \u2013 w opcji przez internet wychodz\u0105 totalnie \u015bmieszne pieni\u0105dze. Niemal ka\u017cda miejscowo\u015b\u0107 ma tutaj co\u015b do zaoferowania: od pi\u0119knej architektury po czyste pla\u017ce z uroczym kolorem wody. G\u00f3ry, panoramy \u2013 tutaj jest wszystko.<\/p>\n<p>W tym roku wycieczka objazdowa nie wchodzi\u0142a w gr\u0119, ale ten pomys\u0142 dojrzewa w mojej g\u0142owie. Na tym wyjedzie skupili\u015bmy si\u0119 wi\u0119c na lokalnych parkach zabaw i pi\u0119knych terenach do spacer\u00f3w. Jedna wielka promenada ci\u0105gn\u0105ca si\u0119 od portu w s\u2019Arenal przez ca\u0142\u0105 Palm\u0119. Po drodze pi\u0119kne wi\u0119ksze i mniejsze przystanie, restauracje, kawiarnie. Co bardziej mobilni z naszej grupy zwiedzili jednak kawa\u0142 wyspy. Nie tylko katedr\u0119 w Palmie, ale r\u00f3wnie\u017c p\u00f3\u0142nocne g\u00f3rskie wybrze\u017ce, a nawet po\u0142o\u017cony na drugim ko\u0144cu wyspy przepi\u0119kny przyl\u0105dek Formentor.<\/p>\n<p>Majorka to mekka zawodowych kolarzy. Na prze\u0142omie stycznia i lutego wy\u015bcigami z serii Mallorka Challenge oficjalnie rozpoczyna si\u0119 sezon kolarski w Europie. Mo\u017cecie sobie wi\u0119c wyobrazi\u0107, jak wielu zawodowc\u00f3w przemierza niezliczone drogi wyspy w poszukiwaniu przedsezonowych kilometr\u00f3w. Dla kilkunastu z nich to sta\u0142e miejsce zamieszkania, bo oferuje wszelki potrzebny do treningu teren i bardzo dynamiczne lotnisko z wieloma dogodnymi po\u0142\u0105czeniami. Trudno b\u0119dzie znale\u017a\u0107 co\u015b lepszego w zasi\u0119gu p\u00f3\u0142 dnia podr\u00f3\u017cy na wczesnowiosenn\u0105 kampani\u0119 wy\u015bcigow\u0105 dla zawodowca, a dla kolarza amatora \u2013 na trening. Bywa\u0142y bowiem takie dni, kiedy na g\u00f3rskich trasach spotykali\u015bmy dwa, trzy samochody na godzin\u0119. Cisza\u2026 b\u0142oga cisza\u2026 czas na przemy\u015blenia i kontemplacj\u0119\u2026 A\u017c do momentu, gdy wracasz do apartamentu i z okrzykiem rado\u015bci oraz ustami pe\u0142nymi opowie\u015bci o mijaj\u0105cym dniu wita ci\u0119 czw\u00f3rka dzieci.<\/p>\n<p><span data-sheets-value=\"{&quot;1&quot;:2,&quot;2&quot;:&quot;Artyku\u0142 powsta\u0142 we wsp\u00f3\u0142pracy ze skoda-auto.pl&quot;}\" data-sheets-userformat=\"{&quot;2&quot;:1,&quot;3&quot;:{&quot;1&quot;:0}}\" data-sheets-hyperlink=\"http:\/\/www.skoda-auto.pl\/\"><a class=\"in-cell-link\" href=\"http:\/\/www.skoda-auto.pl\/\" target=\"_blank\" rel=\"noopener\">Artyku\u0142 powsta\u0142 we wsp\u00f3\u0142pracy ze skoda-auto.pl<\/a><\/span><a href=\"https:\/\/www.skoda-auto.pl\/modele\/karoq\">\u00a0<\/a><\/p>\n<p><a href=\"https:\/\/www.skoda-auto.pl\/modele\/karoq\"><img loading=\"lazy\" decoding=\"async\" class=\"aligncenter wp-image-9606 size-full loading\" src=\"https:\/\/d2p6e6u75xmxt8.cloudfront.net\/5\/2019\/08\/baner_WLC_640x350_1.png\" sizes=\"auto, (max-width: 640px) 100vw, 640px\" srcset=\"https:\/\/d2p6e6u75xmxt8.cloudfront.net\/5\/2019\/08\/baner_WLC_640x350_1.png 640w, https:\/\/d2p6e6u75xmxt8.cloudfront.net\/5\/2019\/08\/baner_WLC_640x350_1-300x164.png 300w\" alt=\"\" width=\"640\" height=\"350\" data-was-processed=\"true\" \/><\/a><\/p>\n","protected":false},"excerpt":{"rendered":"<p>Zrobili\u015bmy to eksperymentalnie po raz pierwszy. Wiemy, \u017ce nie jeste\u015bmy tutaj \u017cadnymi \u015bwiatowymi prekursorami, niemniej nigdy tego nie robili\u015bmy. Postaram [&hellip;]<\/p>\n","protected":false},"author":76,"featured_media":10363,"comment_status":"open","ping_status":"open","sticky":false,"template":"","format":"standard","meta":{"footnotes":""},"categories":[203],"tags":[],"global-categories":[303],"class_list":["post-10362","post","type-post","status-publish","format-standard","has-post-thumbnail","hentry","category-bartosz-huzarski","global-categories-cycling"],"yoast_head":"<!-- This site is optimized with the Yoast SEO Premium plugin v25.3 (Yoast SEO v25.9) - https:\/\/yoast.com\/wordpress\/plugins\/seo\/ -->\n<title>Bartosz Huzarski: By wilk by\u0142 syty i owca ca\u0142a - \u0160koda We Love Cycling - Poland<\/title>\n<meta name=\"robots\" content=\"index, follow, max-snippet:-1, max-image-preview:large, max-video-preview:-1\" \/>\n<link rel=\"canonical\" href=\"https:\/\/www.welovecycling.com\/pl\/2020\/02\/25\/bartosz-huzarski-by-wilk-byl-syty-i-owca-cala\/\" \/>\n<meta property=\"og:locale\" content=\"pl_PL\" \/>\n<meta property=\"og:type\" content=\"article\" \/>\n<meta property=\"og:title\" content=\"Bartosz Huzarski: By wilk by\u0142 syty i owca ca\u0142a\" \/>\n<meta property=\"og:description\" content=\"Zrobili\u015bmy to eksperymentalnie po raz pierwszy. Wiemy, \u017ce nie jeste\u015bmy tutaj \u017cadnymi \u015bwiatowymi prekursorami, niemniej nigdy tego nie robili\u015bmy. Postaram [&hellip;]\" \/>\n<meta property=\"og:url\" content=\"https:\/\/www.welovecycling.com\/pl\/2020\/02\/25\/bartosz-huzarski-by-wilk-byl-syty-i-owca-cala\/\" \/>\n<meta property=\"og:site_name\" content=\"\u0160koda We Love Cycling - Poland\" \/>\n<meta property=\"article:published_time\" content=\"2020-02-25T17:56:08+00:00\" \/>\n<meta property=\"article:modified_time\" content=\"2020-02-26T18:00:14+00:00\" \/>\n<meta property=\"og:image\" content=\"https:\/\/d2p6e6u75xmxt8.cloudfront.net\/5\/2020\/02\/86350826_2701140846657662_8909521854364909568_o.jpg\" \/>\n\t<meta property=\"og:image:width\" content=\"2048\" \/>\n\t<meta property=\"og:image:height\" content=\"1562\" \/>\n\t<meta property=\"og:image:type\" content=\"image\/jpeg\" \/>\n<meta name=\"author\" content=\"piotrboczkowski\" \/>\n<meta name=\"twitter:card\" content=\"summary_large_image\" \/>\n<meta name=\"twitter:label1\" content=\"Written by\" \/>\n\t<meta name=\"twitter:data1\" content=\"Bartosz Huzarski\" \/>\n\t<meta name=\"twitter:label2\" content=\"Est. reading time\" \/>\n\t<meta name=\"twitter:data2\" content=\"8\" \/>\n<script type=\"application\/ld+json\" class=\"yoast-schema-graph\">{\"@context\":\"https:\/\/schema.org\",\"@graph\":[{\"@type\":\"WebPage\",\"@id\":\"https:\/\/www.welovecycling.com\/pl\/2020\/02\/25\/bartosz-huzarski-by-wilk-byl-syty-i-owca-cala\/\",\"url\":\"https:\/\/www.welovecycling.com\/pl\/2020\/02\/25\/bartosz-huzarski-by-wilk-byl-syty-i-owca-cala\/\",\"name\":\"Bartosz Huzarski: By wilk by\u0142 syty i owca ca\u0142a - \u0160koda We Love Cycling - Poland\",\"isPartOf\":{\"@id\":\"https:\/\/www.welovecycling.com\/pl\/#website\"},\"primaryImageOfPage\":{\"@id\":\"https:\/\/www.welovecycling.com\/pl\/2020\/02\/25\/bartosz-huzarski-by-wilk-byl-syty-i-owca-cala\/#primaryimage\"},\"image\":{\"@id\":\"https:\/\/www.welovecycling.com\/pl\/2020\/02\/25\/bartosz-huzarski-by-wilk-byl-syty-i-owca-cala\/#primaryimage\"},\"thumbnailUrl\":\"https:\/\/d2p6e6u75xmxt8.cloudfront.net\/5\/2020\/02\/86350826_2701140846657662_8909521854364909568_o.jpg\",\"datePublished\":\"2020-02-25T17:56:08+00:00\",\"dateModified\":\"2020-02-26T18:00:14+00:00\",\"author\":{\"@id\":\"https:\/\/www.welovecycling.com\/pl\/#\/schema\/person\/0dba2d39da943db9df3fd8f4687e7f23\"},\"breadcrumb\":{\"@id\":\"https:\/\/www.welovecycling.com\/pl\/2020\/02\/25\/bartosz-huzarski-by-wilk-byl-syty-i-owca-cala\/#breadcrumb\"},\"inLanguage\":\"pl-PL\",\"potentialAction\":[{\"@type\":\"ReadAction\",\"target\":[\"https:\/\/www.welovecycling.com\/pl\/2020\/02\/25\/bartosz-huzarski-by-wilk-byl-syty-i-owca-cala\/\"]}]},{\"@type\":\"ImageObject\",\"inLanguage\":\"pl-PL\",\"@id\":\"https:\/\/www.welovecycling.com\/pl\/2020\/02\/25\/bartosz-huzarski-by-wilk-byl-syty-i-owca-cala\/#primaryimage\",\"url\":\"https:\/\/d2p6e6u75xmxt8.cloudfront.net\/5\/2020\/02\/86350826_2701140846657662_8909521854364909568_o.jpg\",\"contentUrl\":\"https:\/\/d2p6e6u75xmxt8.cloudfront.net\/5\/2020\/02\/86350826_2701140846657662_8909521854364909568_o.jpg\",\"width\":2048,\"height\":1562},{\"@type\":\"BreadcrumbList\",\"@id\":\"https:\/\/www.welovecycling.com\/pl\/2020\/02\/25\/bartosz-huzarski-by-wilk-byl-syty-i-owca-cala\/#breadcrumb\",\"itemListElement\":[{\"@type\":\"ListItem\",\"position\":1,\"name\":\"Home\",\"item\":\"https:\/\/www.welovecycling.com\/pl\/\"},{\"@type\":\"ListItem\",\"position\":2,\"name\":\"Bartosz Huzarski: By wilk by\u0142 syty i owca ca\u0142a\"}]},{\"@type\":\"WebSite\",\"@id\":\"https:\/\/www.welovecycling.com\/pl\/#website\",\"url\":\"https:\/\/www.welovecycling.com\/pl\/\",\"name\":\"\u0160koda We Love Cycling - Poland\",\"description\":\"\",\"potentialAction\":[{\"@type\":\"SearchAction\",\"target\":{\"@type\":\"EntryPoint\",\"urlTemplate\":\"https:\/\/www.welovecycling.com\/pl\/?s={search_term_string}\"},\"query-input\":{\"@type\":\"PropertyValueSpecification\",\"valueRequired\":true,\"valueName\":\"search_term_string\"}}],\"inLanguage\":\"pl-PL\"},{\"@type\":\"Person\",\"@id\":\"https:\/\/www.welovecycling.com\/pl\/#\/schema\/person\/0dba2d39da943db9df3fd8f4687e7f23\",\"name\":\"piotrboczkowski\",\"image\":{\"@type\":\"ImageObject\",\"inLanguage\":\"pl-PL\",\"@id\":\"https:\/\/www.welovecycling.com\/pl\/#\/schema\/person\/image\/\",\"url\":\"https:\/\/secure.gravatar.com\/avatar\/533caccae14752e03a2ce2d3fd62d1b98b93e1393c3195c27819e53344ca1ace?s=96&d=mm&r=g\",\"contentUrl\":\"https:\/\/secure.gravatar.com\/avatar\/533caccae14752e03a2ce2d3fd62d1b98b93e1393c3195c27819e53344ca1ace?s=96&d=mm&r=g\",\"caption\":\"piotrboczkowski\"},\"url\":\"https:\/\/www.welovecycling.com\/pl\/author\/piotrboczkowski\/\"}]}<\/script>\n<!-- \/ Yoast SEO Premium plugin. -->","yoast_head_json":{"title":"Bartosz Huzarski: By wilk by\u0142 syty i owca ca\u0142a - \u0160koda We Love Cycling - Poland","robots":{"index":"index","follow":"follow","max-snippet":"max-snippet:-1","max-image-preview":"max-image-preview:large","max-video-preview":"max-video-preview:-1"},"canonical":"https:\/\/www.welovecycling.com\/pl\/2020\/02\/25\/bartosz-huzarski-by-wilk-byl-syty-i-owca-cala\/","og_locale":"pl_PL","og_type":"article","og_title":"Bartosz Huzarski: By wilk by\u0142 syty i owca ca\u0142a","og_description":"Zrobili\u015bmy to eksperymentalnie po raz pierwszy. Wiemy, \u017ce nie jeste\u015bmy tutaj \u017cadnymi \u015bwiatowymi prekursorami, niemniej nigdy tego nie robili\u015bmy. Postaram [&hellip;]","og_url":"https:\/\/www.welovecycling.com\/pl\/2020\/02\/25\/bartosz-huzarski-by-wilk-byl-syty-i-owca-cala\/","og_site_name":"\u0160koda We Love Cycling - Poland","article_published_time":"2020-02-25T17:56:08+00:00","article_modified_time":"2020-02-26T18:00:14+00:00","og_image":[{"width":2048,"height":1562,"url":"https:\/\/d2p6e6u75xmxt8.cloudfront.net\/5\/2020\/02\/86350826_2701140846657662_8909521854364909568_o.jpg","type":"image\/jpeg"}],"author":"piotrboczkowski","twitter_card":"summary_large_image","twitter_misc":{"Written by":"Bartosz Huzarski","Est. reading time":"8"},"schema":{"@context":"https:\/\/schema.org","@graph":[{"@type":"WebPage","@id":"https:\/\/www.welovecycling.com\/pl\/2020\/02\/25\/bartosz-huzarski-by-wilk-byl-syty-i-owca-cala\/","url":"https:\/\/www.welovecycling.com\/pl\/2020\/02\/25\/bartosz-huzarski-by-wilk-byl-syty-i-owca-cala\/","name":"Bartosz Huzarski: By wilk by\u0142 syty i owca ca\u0142a - \u0160koda We Love Cycling - Poland","isPartOf":{"@id":"https:\/\/www.welovecycling.com\/pl\/#website"},"primaryImageOfPage":{"@id":"https:\/\/www.welovecycling.com\/pl\/2020\/02\/25\/bartosz-huzarski-by-wilk-byl-syty-i-owca-cala\/#primaryimage"},"image":{"@id":"https:\/\/www.welovecycling.com\/pl\/2020\/02\/25\/bartosz-huzarski-by-wilk-byl-syty-i-owca-cala\/#primaryimage"},"thumbnailUrl":"https:\/\/d2p6e6u75xmxt8.cloudfront.net\/5\/2020\/02\/86350826_2701140846657662_8909521854364909568_o.jpg","datePublished":"2020-02-25T17:56:08+00:00","dateModified":"2020-02-26T18:00:14+00:00","author":{"@id":"https:\/\/www.welovecycling.com\/pl\/#\/schema\/person\/0dba2d39da943db9df3fd8f4687e7f23"},"breadcrumb":{"@id":"https:\/\/www.welovecycling.com\/pl\/2020\/02\/25\/bartosz-huzarski-by-wilk-byl-syty-i-owca-cala\/#breadcrumb"},"inLanguage":"pl-PL","potentialAction":[{"@type":"ReadAction","target":["https:\/\/www.welovecycling.com\/pl\/2020\/02\/25\/bartosz-huzarski-by-wilk-byl-syty-i-owca-cala\/"]}]},{"@type":"ImageObject","inLanguage":"pl-PL","@id":"https:\/\/www.welovecycling.com\/pl\/2020\/02\/25\/bartosz-huzarski-by-wilk-byl-syty-i-owca-cala\/#primaryimage","url":"https:\/\/d2p6e6u75xmxt8.cloudfront.net\/5\/2020\/02\/86350826_2701140846657662_8909521854364909568_o.jpg","contentUrl":"https:\/\/d2p6e6u75xmxt8.cloudfront.net\/5\/2020\/02\/86350826_2701140846657662_8909521854364909568_o.jpg","width":2048,"height":1562},{"@type":"BreadcrumbList","@id":"https:\/\/www.welovecycling.com\/pl\/2020\/02\/25\/bartosz-huzarski-by-wilk-byl-syty-i-owca-cala\/#breadcrumb","itemListElement":[{"@type":"ListItem","position":1,"name":"Home","item":"https:\/\/www.welovecycling.com\/pl\/"},{"@type":"ListItem","position":2,"name":"Bartosz Huzarski: By wilk by\u0142 syty i owca ca\u0142a"}]},{"@type":"WebSite","@id":"https:\/\/www.welovecycling.com\/pl\/#website","url":"https:\/\/www.welovecycling.com\/pl\/","name":"\u0160koda We Love Cycling - Poland","description":"","potentialAction":[{"@type":"SearchAction","target":{"@type":"EntryPoint","urlTemplate":"https:\/\/www.welovecycling.com\/pl\/?s={search_term_string}"},"query-input":{"@type":"PropertyValueSpecification","valueRequired":true,"valueName":"search_term_string"}}],"inLanguage":"pl-PL"},{"@type":"Person","@id":"https:\/\/www.welovecycling.com\/pl\/#\/schema\/person\/0dba2d39da943db9df3fd8f4687e7f23","name":"piotrboczkowski","image":{"@type":"ImageObject","inLanguage":"pl-PL","@id":"https:\/\/www.welovecycling.com\/pl\/#\/schema\/person\/image\/","url":"https:\/\/secure.gravatar.com\/avatar\/533caccae14752e03a2ce2d3fd62d1b98b93e1393c3195c27819e53344ca1ace?s=96&d=mm&r=g","contentUrl":"https:\/\/secure.gravatar.com\/avatar\/533caccae14752e03a2ce2d3fd62d1b98b93e1393c3195c27819e53344ca1ace?s=96&d=mm&r=g","caption":"piotrboczkowski"},"url":"https:\/\/www.welovecycling.com\/pl\/author\/piotrboczkowski\/"}]}},"_links":{"self":[{"href":"https:\/\/www.welovecycling.com\/pl\/wp-json\/wp\/v2\/posts\/10362","targetHints":{"allow":["GET"]}}],"collection":[{"href":"https:\/\/www.welovecycling.com\/pl\/wp-json\/wp\/v2\/posts"}],"about":[{"href":"https:\/\/www.welovecycling.com\/pl\/wp-json\/wp\/v2\/types\/post"}],"author":[{"embeddable":true,"href":"https:\/\/www.welovecycling.com\/pl\/wp-json\/wp\/v2\/users\/76"}],"replies":[{"embeddable":true,"href":"https:\/\/www.welovecycling.com\/pl\/wp-json\/wp\/v2\/comments?post=10362"}],"version-history":[{"count":1,"href":"https:\/\/www.welovecycling.com\/pl\/wp-json\/wp\/v2\/posts\/10362\/revisions"}],"predecessor-version":[{"id":10364,"href":"https:\/\/www.welovecycling.com\/pl\/wp-json\/wp\/v2\/posts\/10362\/revisions\/10364"}],"wp:featuredmedia":[{"embeddable":true,"href":"https:\/\/www.welovecycling.com\/pl\/wp-json\/wp\/v2\/media\/10363"}],"wp:attachment":[{"href":"https:\/\/www.welovecycling.com\/pl\/wp-json\/wp\/v2\/media?parent=10362"}],"wp:term":[{"taxonomy":"category","embeddable":true,"href":"https:\/\/www.welovecycling.com\/pl\/wp-json\/wp\/v2\/categories?post=10362"},{"taxonomy":"post_tag","embeddable":true,"href":"https:\/\/www.welovecycling.com\/pl\/wp-json\/wp\/v2\/tags?post=10362"},{"taxonomy":"global-categories","embeddable":true,"href":"https:\/\/www.welovecycling.com\/pl\/wp-json\/wp\/v2\/global-categories?post=10362"}],"curies":[{"name":"wp","href":"https:\/\/api.w.org\/{rel}","templated":true}]}}