{"id":10346,"date":"2020-02-18T16:45:11","date_gmt":"2020-02-18T16:45:11","guid":{"rendered":"https:\/\/www.welovecycling.com\/pl\/?p=10346"},"modified":"2020-02-18T16:45:37","modified_gmt":"2020-02-18T16:45:37","slug":"bartosz-huzarski-jezdzimy-razem-rowniez-w-2020","status":"publish","type":"post","link":"https:\/\/www.welovecycling.com\/pl\/2020\/02\/18\/bartosz-huzarski-jezdzimy-razem-rowniez-w-2020\/","title":{"rendered":"Bartosz Huzarski: Je\u017adzimy razem r\u00f3wnie\u017c w 2020"},"content":{"rendered":"<p>W nowy rok wjechali\u015bmy z kolejnymi odcinkami akcji regeneracji. To temat wa\u017cny, ale cz\u0119sto zaniedbywany \u2013 nie tylko przez kolarzy amator\u00f3w. Wi\u0119kszo\u015bci wydaje si\u0119, \u017ce wi\u0119cej znaczy dalej, wy\u017cej i szybciej. Niestety nie do ko\u0144ca tak jest\u2026 Mam nadziej\u0119, \u017ce wsp\u00f3lna akcja z Dominikiem Omiotkiem troszk\u0119 otworzy\u0142a Wam oczy na odpowiedni odpoczynek. Uwierzcie mi, \u017ce czasem lepiej skr\u00f3ci\u0107 trening w\u0142a\u015bciwy o 10 minut i przeznaczy\u0107 ten czas na rozci\u0105ganie i rolowanie.<\/p>\n<p>Kolejn\u0105 wa\u017cn\u0105 informacj\u0105 jest kontynuowanie mojej przygody na \u0142amach We Love Cycling. Uda\u0142o nam si\u0119 tutaj zgromadzi\u0107 ca\u0142kiem poka\u017any zas\u00f3b wiedzy i porad, tym ch\u0119tniej b\u0119d\u0119 dalej aktywnie uczestniczy\u0142 w rozwoju bloga. Zmienimy jednak troch\u0119 tematyk\u0119 dzia\u0142ania i oprzemy j\u0105 na moim, jak to \u0142adnie zosta\u0142o okre\u015blone, potencjale rodzicielskim. Co to oznacza? Napiszemy troch\u0119 o dzieciach \u2013 tych mniejszy i wi\u0119kszych \u2013 w perspektywie sportu, roweru, a pewnie i bezpiecznego przewo\u017cenia ich w samochodzie. W mediach spo\u0142eczno\u015bciowych pojawi\u0105 si\u0119 prawdopodobnie cztery nowe twarze, aby nasz blog by\u0142 jak najbardziej autentyczny. Nie znaczy to oczywi\u015bcie, \u017ce staniemy si\u0119 poradnikiem typowo rodzinnym, bo od czasu do czasu b\u0119dziemy chcieli napisa\u0107 o wa\u017cnych sprawach ze \u015bwiata dw\u00f3ch k\u00f3\u0142ek, tym bardziej \u017ce mamy rok olimpijski. Je\u015bli b\u0119dziecie mieli pomys\u0142y na fajne i interesuj\u0105ce Was tematy, ch\u0119tnie si\u0119 nad nimi pochylimy.<\/p>\n<p>Dlaczego dzieciaki? To nasza przysz\u0142o\u015b\u0107 i nasze ma\u0142e skarby. Ka\u017cdy rodzic, nawet ja, cho\u0107 wyznaj\u0119 zasad\u0119 \u201ejak si\u0119 nie przewr\u00f3cisz, to si\u0119 nie nauczysz\u201d, zawsze ma lekki stres, gdy zabiera dzieci na przeja\u017cd\u017ck\u0119, czy to po \u015bcie\u017ckach rowerowych, czy bezdro\u017cach. I tutaj mamy pewne pole do popisu, by odpowiednio Was przygotowa\u0107 \u2013 \u017ceby\u015bcie mieli dobre nastawienie i potrafili zorganizowa\u0107 jazd\u0119 z dzie\u0107mi. Nie zawsze najdro\u017cszy rower czy kask za\u0142atwi\u0105 spraw\u0119, czasem wst\u0119pne przygotowanie w ogrodzie mo\u017ce wyeliminowa\u0107 ryzyko upadku, a dobre nastawienie mentalne i jaka\u015b ma\u0142a nagroda na koniec pomo\u017ce pokona\u0107 dyskomfort siedzenia na rowerowym siode\u0142ku i b\u00f3l n\u00f3g. Zdecydowanie, nie chc\u0119 zrobi\u0107 z Was rodzic\u00f3w z klubu KOR \u2013 Klubu Oszala\u0142ych Rodzic\u00f3w \u2013 kt\u00f3rzy, zazwyczaj niechc\u0105cy, ale jednak, potrafi\u0105 m\u00f3wi\u0107 trenerowi z wieloletnim do\u015bwiadczeniem, co i jak ma trenowa\u0107 ich dziecko. My skupimy si\u0119 raczej na pocz\u0105tkach, na zabawie poprzez sport, rodzinnym sp\u0119dzaniu czasu na sportowo z nastawieniem na bezpiecze\u0144stwo. By\u0107 mo\u017ce odwiedzimy kilka miejsc s\u0142yn\u0105cych z doskona\u0142ej infrastruktury rowerowej i walor\u00f3w turystycznych i eksperymentalnie sprawdzimy, czy rodzina 2+4 sobie poradzi. Bo je\u015bli my damy rad\u0119, to Wy r\u00f3wnie\u017c, a bardzo cz\u0119sto prze\u0142amanie obaw i podane na tacy rozwi\u0105zania pomagaj\u0105 w realizacji nawet spontanicznych wyjazd\u00f3w.<\/p>\n<p>Tak wi\u0119c nowy rok przynosi nowe wyzwania, kt\u00f3re mo\u017cna nazwa\u0107 inwestycjami, bo w pewnym sensie zainwestujemy troch\u0119 w przysz\u0142o\u015b\u0107. Sam jestem ciekawy, jak sobie poradz\u0119.<\/p>\n<p><span data-sheets-value=\"{&quot;1&quot;:2,&quot;2&quot;:&quot;Artyku\u0142 powsta\u0142 we wsp\u00f3\u0142pracy ze skoda-auto.pl&quot;}\" data-sheets-userformat=\"{&quot;2&quot;:1,&quot;3&quot;:{&quot;1&quot;:0}}\" data-sheets-hyperlink=\"http:\/\/www.skoda-auto.pl\/\"><a class=\"in-cell-link\" href=\"http:\/\/www.skoda-auto.pl\/\" target=\"_blank\" rel=\"noopener\">Artyku\u0142 powsta\u0142 we wsp\u00f3\u0142pracy ze skoda-auto.pl<\/a><\/span><\/p>\n<p><a href=\"https:\/\/www.skoda-auto.pl\/modele\/karoq\">\u00a0<\/a><a href=\"https:\/\/www.skoda-auto.pl\/modele\/kodiaq\"><img loading=\"lazy\" decoding=\"async\" class=\"aligncenter wp-image-9607 size-full loading\" src=\"https:\/\/d2p6e6u75xmxt8.cloudfront.net\/5\/2019\/08\/baner_WLC_640x350_2.png\" sizes=\"auto, (max-width: 640px) 100vw, 640px\" srcset=\"https:\/\/d2p6e6u75xmxt8.cloudfront.net\/5\/2019\/08\/baner_WLC_640x350_2.png 640w, https:\/\/d2p6e6u75xmxt8.cloudfront.net\/5\/2019\/08\/baner_WLC_640x350_2-300x164.png 300w\" alt=\"\" width=\"640\" height=\"350\" data-was-processed=\"true\" \/><\/a><\/p>\n","protected":false},"excerpt":{"rendered":"<p>W nowy rok wjechali\u015bmy z kolejnymi odcinkami akcji regeneracji. To temat wa\u017cny, ale cz\u0119sto zaniedbywany \u2013 nie tylko przez kolarzy [&hellip;]<\/p>\n","protected":false},"author":76,"featured_media":7126,"comment_status":"open","ping_status":"open","sticky":false,"template":"","format":"standard","meta":{"footnotes":""},"categories":[203],"tags":[],"global-categories":[303],"class_list":["post-10346","post","type-post","status-publish","format-standard","has-post-thumbnail","hentry","category-bartosz-huzarski","global-categories-cycling"],"yoast_head":"<!-- This site is optimized with the Yoast SEO Premium plugin v25.3 (Yoast SEO v25.9) - https:\/\/yoast.com\/wordpress\/plugins\/seo\/ -->\n<title>Bartosz Huzarski: Je\u017adzimy razem r\u00f3wnie\u017c w 2020 - \u0160koda We Love Cycling - Poland<\/title>\n<meta name=\"robots\" content=\"index, follow, max-snippet:-1, max-image-preview:large, max-video-preview:-1\" \/>\n<link rel=\"canonical\" href=\"https:\/\/www.welovecycling.com\/pl\/2020\/02\/18\/bartosz-huzarski-jezdzimy-razem-rowniez-w-2020\/\" \/>\n<meta property=\"og:locale\" content=\"pl_PL\" \/>\n<meta property=\"og:type\" content=\"article\" \/>\n<meta property=\"og:title\" content=\"Bartosz Huzarski: Je\u017adzimy razem r\u00f3wnie\u017c w 2020\" \/>\n<meta property=\"og:description\" content=\"W nowy rok wjechali\u015bmy z kolejnymi odcinkami akcji regeneracji. To temat wa\u017cny, ale cz\u0119sto zaniedbywany \u2013 nie tylko przez kolarzy [&hellip;]\" \/>\n<meta property=\"og:url\" content=\"https:\/\/www.welovecycling.com\/pl\/2020\/02\/18\/bartosz-huzarski-jezdzimy-razem-rowniez-w-2020\/\" \/>\n<meta property=\"og:site_name\" content=\"\u0160koda We Love Cycling - Poland\" \/>\n<meta property=\"article:published_time\" content=\"2020-02-18T16:45:11+00:00\" \/>\n<meta property=\"article:modified_time\" content=\"2020-02-18T16:45:37+00:00\" \/>\n<meta property=\"og:image\" content=\"https:\/\/d2p6e6u75xmxt8.cloudfront.net\/5\/2018\/06\/Huzarski.PNG-1024x522.png\" \/>\n\t<meta property=\"og:image:width\" content=\"1024\" \/>\n\t<meta property=\"og:image:height\" content=\"522\" \/>\n\t<meta property=\"og:image:type\" content=\"image\/png\" \/>\n<meta name=\"author\" content=\"piotrboczkowski\" \/>\n<meta name=\"twitter:card\" content=\"summary_large_image\" \/>\n<meta name=\"twitter:label1\" content=\"Written by\" \/>\n\t<meta name=\"twitter:data1\" content=\"Bartosz Huzarski\" \/>\n\t<meta name=\"twitter:label2\" content=\"Est. reading time\" \/>\n\t<meta name=\"twitter:data2\" content=\"3 minutes\" \/>\n<script type=\"application\/ld+json\" class=\"yoast-schema-graph\">{\"@context\":\"https:\/\/schema.org\",\"@graph\":[{\"@type\":\"WebPage\",\"@id\":\"https:\/\/www.welovecycling.com\/pl\/2020\/02\/18\/bartosz-huzarski-jezdzimy-razem-rowniez-w-2020\/\",\"url\":\"https:\/\/www.welovecycling.com\/pl\/2020\/02\/18\/bartosz-huzarski-jezdzimy-razem-rowniez-w-2020\/\",\"name\":\"Bartosz Huzarski: Je\u017adzimy razem r\u00f3wnie\u017c w 2020 - \u0160koda We Love Cycling - Poland\",\"isPartOf\":{\"@id\":\"https:\/\/www.welovecycling.com\/pl\/#website\"},\"primaryImageOfPage\":{\"@id\":\"https:\/\/www.welovecycling.com\/pl\/2020\/02\/18\/bartosz-huzarski-jezdzimy-razem-rowniez-w-2020\/#primaryimage\"},\"image\":{\"@id\":\"https:\/\/www.welovecycling.com\/pl\/2020\/02\/18\/bartosz-huzarski-jezdzimy-razem-rowniez-w-2020\/#primaryimage\"},\"thumbnailUrl\":\"https:\/\/d2p6e6u75xmxt8.cloudfront.net\/5\/2018\/06\/Huzarski.PNG.png\",\"datePublished\":\"2020-02-18T16:45:11+00:00\",\"dateModified\":\"2020-02-18T16:45:37+00:00\",\"author\":{\"@id\":\"https:\/\/www.welovecycling.com\/pl\/#\/schema\/person\/0dba2d39da943db9df3fd8f4687e7f23\"},\"breadcrumb\":{\"@id\":\"https:\/\/www.welovecycling.com\/pl\/2020\/02\/18\/bartosz-huzarski-jezdzimy-razem-rowniez-w-2020\/#breadcrumb\"},\"inLanguage\":\"pl-PL\",\"potentialAction\":[{\"@type\":\"ReadAction\",\"target\":[\"https:\/\/www.welovecycling.com\/pl\/2020\/02\/18\/bartosz-huzarski-jezdzimy-razem-rowniez-w-2020\/\"]}]},{\"@type\":\"ImageObject\",\"inLanguage\":\"pl-PL\",\"@id\":\"https:\/\/www.welovecycling.com\/pl\/2020\/02\/18\/bartosz-huzarski-jezdzimy-razem-rowniez-w-2020\/#primaryimage\",\"url\":\"https:\/\/d2p6e6u75xmxt8.cloudfront.net\/5\/2018\/06\/Huzarski.PNG.png\",\"contentUrl\":\"https:\/\/d2p6e6u75xmxt8.cloudfront.net\/5\/2018\/06\/Huzarski.PNG.png\",\"width\":1745,\"height\":889},{\"@type\":\"BreadcrumbList\",\"@id\":\"https:\/\/www.welovecycling.com\/pl\/2020\/02\/18\/bartosz-huzarski-jezdzimy-razem-rowniez-w-2020\/#breadcrumb\",\"itemListElement\":[{\"@type\":\"ListItem\",\"position\":1,\"name\":\"Home\",\"item\":\"https:\/\/www.welovecycling.com\/pl\/\"},{\"@type\":\"ListItem\",\"position\":2,\"name\":\"Bartosz Huzarski: Je\u017adzimy razem r\u00f3wnie\u017c w 2020\"}]},{\"@type\":\"WebSite\",\"@id\":\"https:\/\/www.welovecycling.com\/pl\/#website\",\"url\":\"https:\/\/www.welovecycling.com\/pl\/\",\"name\":\"\u0160koda We Love Cycling - Poland\",\"description\":\"\",\"potentialAction\":[{\"@type\":\"SearchAction\",\"target\":{\"@type\":\"EntryPoint\",\"urlTemplate\":\"https:\/\/www.welovecycling.com\/pl\/?s={search_term_string}\"},\"query-input\":{\"@type\":\"PropertyValueSpecification\",\"valueRequired\":true,\"valueName\":\"search_term_string\"}}],\"inLanguage\":\"pl-PL\"},{\"@type\":\"Person\",\"@id\":\"https:\/\/www.welovecycling.com\/pl\/#\/schema\/person\/0dba2d39da943db9df3fd8f4687e7f23\",\"name\":\"piotrboczkowski\",\"image\":{\"@type\":\"ImageObject\",\"inLanguage\":\"pl-PL\",\"@id\":\"https:\/\/www.welovecycling.com\/pl\/#\/schema\/person\/image\/\",\"url\":\"https:\/\/secure.gravatar.com\/avatar\/533caccae14752e03a2ce2d3fd62d1b98b93e1393c3195c27819e53344ca1ace?s=96&d=mm&r=g\",\"contentUrl\":\"https:\/\/secure.gravatar.com\/avatar\/533caccae14752e03a2ce2d3fd62d1b98b93e1393c3195c27819e53344ca1ace?s=96&d=mm&r=g\",\"caption\":\"piotrboczkowski\"},\"url\":\"https:\/\/www.welovecycling.com\/pl\/author\/piotrboczkowski\/\"}]}<\/script>\n<!-- \/ Yoast SEO Premium plugin. -->","yoast_head_json":{"title":"Bartosz Huzarski: Je\u017adzimy razem r\u00f3wnie\u017c w 2020 - \u0160koda We Love Cycling - Poland","robots":{"index":"index","follow":"follow","max-snippet":"max-snippet:-1","max-image-preview":"max-image-preview:large","max-video-preview":"max-video-preview:-1"},"canonical":"https:\/\/www.welovecycling.com\/pl\/2020\/02\/18\/bartosz-huzarski-jezdzimy-razem-rowniez-w-2020\/","og_locale":"pl_PL","og_type":"article","og_title":"Bartosz Huzarski: Je\u017adzimy razem r\u00f3wnie\u017c w 2020","og_description":"W nowy rok wjechali\u015bmy z kolejnymi odcinkami akcji regeneracji. To temat wa\u017cny, ale cz\u0119sto zaniedbywany \u2013 nie tylko przez kolarzy [&hellip;]","og_url":"https:\/\/www.welovecycling.com\/pl\/2020\/02\/18\/bartosz-huzarski-jezdzimy-razem-rowniez-w-2020\/","og_site_name":"\u0160koda We Love Cycling - Poland","article_published_time":"2020-02-18T16:45:11+00:00","article_modified_time":"2020-02-18T16:45:37+00:00","og_image":[{"width":1024,"height":522,"url":"https:\/\/d2p6e6u75xmxt8.cloudfront.net\/5\/2018\/06\/Huzarski.PNG-1024x522.png","type":"image\/png"}],"author":"piotrboczkowski","twitter_card":"summary_large_image","twitter_misc":{"Written by":"Bartosz Huzarski","Est. reading time":"3 minutes"},"schema":{"@context":"https:\/\/schema.org","@graph":[{"@type":"WebPage","@id":"https:\/\/www.welovecycling.com\/pl\/2020\/02\/18\/bartosz-huzarski-jezdzimy-razem-rowniez-w-2020\/","url":"https:\/\/www.welovecycling.com\/pl\/2020\/02\/18\/bartosz-huzarski-jezdzimy-razem-rowniez-w-2020\/","name":"Bartosz Huzarski: Je\u017adzimy razem r\u00f3wnie\u017c w 2020 - \u0160koda We Love Cycling - Poland","isPartOf":{"@id":"https:\/\/www.welovecycling.com\/pl\/#website"},"primaryImageOfPage":{"@id":"https:\/\/www.welovecycling.com\/pl\/2020\/02\/18\/bartosz-huzarski-jezdzimy-razem-rowniez-w-2020\/#primaryimage"},"image":{"@id":"https:\/\/www.welovecycling.com\/pl\/2020\/02\/18\/bartosz-huzarski-jezdzimy-razem-rowniez-w-2020\/#primaryimage"},"thumbnailUrl":"https:\/\/d2p6e6u75xmxt8.cloudfront.net\/5\/2018\/06\/Huzarski.PNG.png","datePublished":"2020-02-18T16:45:11+00:00","dateModified":"2020-02-18T16:45:37+00:00","author":{"@id":"https:\/\/www.welovecycling.com\/pl\/#\/schema\/person\/0dba2d39da943db9df3fd8f4687e7f23"},"breadcrumb":{"@id":"https:\/\/www.welovecycling.com\/pl\/2020\/02\/18\/bartosz-huzarski-jezdzimy-razem-rowniez-w-2020\/#breadcrumb"},"inLanguage":"pl-PL","potentialAction":[{"@type":"ReadAction","target":["https:\/\/www.welovecycling.com\/pl\/2020\/02\/18\/bartosz-huzarski-jezdzimy-razem-rowniez-w-2020\/"]}]},{"@type":"ImageObject","inLanguage":"pl-PL","@id":"https:\/\/www.welovecycling.com\/pl\/2020\/02\/18\/bartosz-huzarski-jezdzimy-razem-rowniez-w-2020\/#primaryimage","url":"https:\/\/d2p6e6u75xmxt8.cloudfront.net\/5\/2018\/06\/Huzarski.PNG.png","contentUrl":"https:\/\/d2p6e6u75xmxt8.cloudfront.net\/5\/2018\/06\/Huzarski.PNG.png","width":1745,"height":889},{"@type":"BreadcrumbList","@id":"https:\/\/www.welovecycling.com\/pl\/2020\/02\/18\/bartosz-huzarski-jezdzimy-razem-rowniez-w-2020\/#breadcrumb","itemListElement":[{"@type":"ListItem","position":1,"name":"Home","item":"https:\/\/www.welovecycling.com\/pl\/"},{"@type":"ListItem","position":2,"name":"Bartosz Huzarski: Je\u017adzimy razem r\u00f3wnie\u017c w 2020"}]},{"@type":"WebSite","@id":"https:\/\/www.welovecycling.com\/pl\/#website","url":"https:\/\/www.welovecycling.com\/pl\/","name":"\u0160koda We Love Cycling - Poland","description":"","potentialAction":[{"@type":"SearchAction","target":{"@type":"EntryPoint","urlTemplate":"https:\/\/www.welovecycling.com\/pl\/?s={search_term_string}"},"query-input":{"@type":"PropertyValueSpecification","valueRequired":true,"valueName":"search_term_string"}}],"inLanguage":"pl-PL"},{"@type":"Person","@id":"https:\/\/www.welovecycling.com\/pl\/#\/schema\/person\/0dba2d39da943db9df3fd8f4687e7f23","name":"piotrboczkowski","image":{"@type":"ImageObject","inLanguage":"pl-PL","@id":"https:\/\/www.welovecycling.com\/pl\/#\/schema\/person\/image\/","url":"https:\/\/secure.gravatar.com\/avatar\/533caccae14752e03a2ce2d3fd62d1b98b93e1393c3195c27819e53344ca1ace?s=96&d=mm&r=g","contentUrl":"https:\/\/secure.gravatar.com\/avatar\/533caccae14752e03a2ce2d3fd62d1b98b93e1393c3195c27819e53344ca1ace?s=96&d=mm&r=g","caption":"piotrboczkowski"},"url":"https:\/\/www.welovecycling.com\/pl\/author\/piotrboczkowski\/"}]}},"_links":{"self":[{"href":"https:\/\/www.welovecycling.com\/pl\/wp-json\/wp\/v2\/posts\/10346","targetHints":{"allow":["GET"]}}],"collection":[{"href":"https:\/\/www.welovecycling.com\/pl\/wp-json\/wp\/v2\/posts"}],"about":[{"href":"https:\/\/www.welovecycling.com\/pl\/wp-json\/wp\/v2\/types\/post"}],"author":[{"embeddable":true,"href":"https:\/\/www.welovecycling.com\/pl\/wp-json\/wp\/v2\/users\/76"}],"replies":[{"embeddable":true,"href":"https:\/\/www.welovecycling.com\/pl\/wp-json\/wp\/v2\/comments?post=10346"}],"version-history":[{"count":2,"href":"https:\/\/www.welovecycling.com\/pl\/wp-json\/wp\/v2\/posts\/10346\/revisions"}],"predecessor-version":[{"id":10348,"href":"https:\/\/www.welovecycling.com\/pl\/wp-json\/wp\/v2\/posts\/10346\/revisions\/10348"}],"wp:featuredmedia":[{"embeddable":true,"href":"https:\/\/www.welovecycling.com\/pl\/wp-json\/wp\/v2\/media\/7126"}],"wp:attachment":[{"href":"https:\/\/www.welovecycling.com\/pl\/wp-json\/wp\/v2\/media?parent=10346"}],"wp:term":[{"taxonomy":"category","embeddable":true,"href":"https:\/\/www.welovecycling.com\/pl\/wp-json\/wp\/v2\/categories?post=10346"},{"taxonomy":"post_tag","embeddable":true,"href":"https:\/\/www.welovecycling.com\/pl\/wp-json\/wp\/v2\/tags?post=10346"},{"taxonomy":"global-categories","embeddable":true,"href":"https:\/\/www.welovecycling.com\/pl\/wp-json\/wp\/v2\/global-categories?post=10346"}],"curies":[{"name":"wp","href":"https:\/\/api.w.org\/{rel}","templated":true}]}}