{"id":1033,"date":"2016-05-12T13:26:01","date_gmt":"2016-05-12T13:26:01","guid":{"rendered":"http:\/\/skoda-rowery.pl\/?p=1033"},"modified":"2016-12-05T08:54:12","modified_gmt":"2016-12-05T08:54:12","slug":"skoda-napedza-rowery-w-grudziadzu","status":"publish","type":"post","link":"https:\/\/www.welovecycling.com\/pl\/2016\/05\/12\/skoda-napedza-rowery-w-grudziadzu\/","title":{"rendered":"\u0160koda nap\u0119dza rowery w Grudzi\u0105dzu"},"content":{"rendered":"<p style=\"text-align: justify\">W weekend majowy odby\u0142 si\u0119 jeszcze jeden kolarski wy\u015bcig nap\u0119dzany przez \u0160KOD\u0118 &#8211; XXVIII Mi\u0119dzynarodowy wy\u015bcig kolarski junior\u00f3w o puchar prezydenta miasta Grudzi\u0105dza. To wa\u017cne wydarzenie, kt\u00f3re umieszczone jest w Mi\u0119dzynarodowym Kalendarzu UCI i zalicza si\u0119 do klasyfikacji Pucharu \u015awiata.<!--more--><\/p>\n<p style=\"text-align: justify\">W grudzi\u0105dzkim wy\u015bcigu wystartowali zawodnicy z Niemiec, Holandii, Danii, Finlandii, Francji, S\u0142owenii, S\u0142owacji, Czech, Bu\u0142garii, Norwegii, Rosji, Bia\u0142orusi, Estonii, \u0141otwy, Ukrainy, Szwecji i Wielkiej Brytanii. Impreza staje si\u0119 coraz bardziej presti\u017cowa i osi\u0105ga wysok\u0105 ocen\u0119 Mi\u0119dzynarodowej Unii Kolarskiej Aigle.\u00a0 Wy\u015bcig odby\u0142 si\u0119 w czterech etapach (\u0142\u0105cznie jego trasa wynosi oko\u0142o 500 km). Poszczeg\u00f3lne etapy zosta\u0142y rozegrane w Jab\u0142onowie Pomorskim, \u015awieciu, P\u0142u\u017cnicy oraz Grudzi\u0105dzu.<\/p>\n<p style=\"text-align: justify\">Zobaczcie fotorelacj\u0119 z wy\u015bcigu!<\/p>\n<p style=\"text-align: justify\"><img loading=\"lazy\" decoding=\"async\" class=\"alignnone size-large wp-image-1035\" src=\"http:\/\/skoda-rowery.pl\/wp-content\/uploads\/2016\/05\/DSC_9140-1024x683.jpg\" alt=\"DSC_9140\" width=\"1024\" height=\"683\" srcset=\"https:\/\/d2p6e6u75xmxt8.cloudfront.net\/5\/2016\/05\/DSC_9140-1024x683.jpg 1024w, https:\/\/d2p6e6u75xmxt8.cloudfront.net\/5\/2016\/05\/DSC_9140-300x200.jpg 300w, https:\/\/d2p6e6u75xmxt8.cloudfront.net\/5\/2016\/05\/DSC_9140-768x512.jpg 768w, https:\/\/d2p6e6u75xmxt8.cloudfront.net\/5\/2016\/05\/DSC_9140-272x182.jpg 272w\" sizes=\"auto, (max-width: 1024px) 100vw, 1024px\" \/><\/p>\n<p style=\"text-align: justify\"><img loading=\"lazy\" decoding=\"async\" class=\"alignnone size-large wp-image-1036\" src=\"http:\/\/skoda-rowery.pl\/wp-content\/uploads\/2016\/05\/DSC04012-1024x768.jpg\" alt=\"DSC04012\" width=\"1024\" height=\"768\" srcset=\"https:\/\/d2p6e6u75xmxt8.cloudfront.net\/5\/2016\/05\/DSC04012-1024x768.jpg 1024w, https:\/\/d2p6e6u75xmxt8.cloudfront.net\/5\/2016\/05\/DSC04012-300x225.jpg 300w, https:\/\/d2p6e6u75xmxt8.cloudfront.net\/5\/2016\/05\/DSC04012-768x576.jpg 768w, https:\/\/d2p6e6u75xmxt8.cloudfront.net\/5\/2016\/05\/DSC04012.jpg 1333w\" sizes=\"auto, (max-width: 1024px) 100vw, 1024px\" \/><\/p>\n<p style=\"text-align: justify\"><img loading=\"lazy\" decoding=\"async\" class=\"alignnone size-large wp-image-1037\" src=\"http:\/\/skoda-rowery.pl\/wp-content\/uploads\/2016\/05\/DSC04029-1024x768.jpg\" alt=\"DSC04029\" width=\"1024\" height=\"768\" srcset=\"https:\/\/d2p6e6u75xmxt8.cloudfront.net\/5\/2016\/05\/DSC04029-1024x768.jpg 1024w, https:\/\/d2p6e6u75xmxt8.cloudfront.net\/5\/2016\/05\/DSC04029-300x225.jpg 300w, https:\/\/d2p6e6u75xmxt8.cloudfront.net\/5\/2016\/05\/DSC04029-768x576.jpg 768w, https:\/\/d2p6e6u75xmxt8.cloudfront.net\/5\/2016\/05\/DSC04029.jpg 1333w\" sizes=\"auto, (max-width: 1024px) 100vw, 1024px\" \/><\/p>\n<p style=\"text-align: justify\"><img loading=\"lazy\" decoding=\"async\" class=\"alignnone size-large wp-image-1038\" src=\"http:\/\/skoda-rowery.pl\/wp-content\/uploads\/2016\/05\/DSC04040-1024x768.jpg\" alt=\"DSC04040\" width=\"1024\" height=\"768\" srcset=\"https:\/\/d2p6e6u75xmxt8.cloudfront.net\/5\/2016\/05\/DSC04040-1024x768.jpg 1024w, https:\/\/d2p6e6u75xmxt8.cloudfront.net\/5\/2016\/05\/DSC04040-300x225.jpg 300w, https:\/\/d2p6e6u75xmxt8.cloudfront.net\/5\/2016\/05\/DSC04040-768x576.jpg 768w, https:\/\/d2p6e6u75xmxt8.cloudfront.net\/5\/2016\/05\/DSC04040.jpg 1333w\" sizes=\"auto, (max-width: 1024px) 100vw, 1024px\" \/><\/p>\n<p style=\"text-align: justify\"><img loading=\"lazy\" decoding=\"async\" class=\"alignnone size-large wp-image-1039\" src=\"http:\/\/skoda-rowery.pl\/wp-content\/uploads\/2016\/05\/DSC04041-1024x768.jpg\" alt=\"DSC04041\" width=\"1024\" height=\"768\" srcset=\"https:\/\/d2p6e6u75xmxt8.cloudfront.net\/5\/2016\/05\/DSC04041-1024x768.jpg 1024w, https:\/\/d2p6e6u75xmxt8.cloudfront.net\/5\/2016\/05\/DSC04041-300x225.jpg 300w, https:\/\/d2p6e6u75xmxt8.cloudfront.net\/5\/2016\/05\/DSC04041-768x576.jpg 768w, https:\/\/d2p6e6u75xmxt8.cloudfront.net\/5\/2016\/05\/DSC04041.jpg 1333w\" sizes=\"auto, (max-width: 1024px) 100vw, 1024px\" \/><\/p>\n<p style=\"text-align: justify\"><img loading=\"lazy\" decoding=\"async\" class=\"alignnone size-large wp-image-1040\" src=\"http:\/\/skoda-rowery.pl\/wp-content\/uploads\/2016\/05\/DSC_0671-1024x684.jpg\" alt=\"DSC_0671\" width=\"1024\" height=\"684\" srcset=\"https:\/\/d2p6e6u75xmxt8.cloudfront.net\/5\/2016\/05\/DSC_0671-1024x684.jpg 1024w, https:\/\/d2p6e6u75xmxt8.cloudfront.net\/5\/2016\/05\/DSC_0671-300x201.jpg 300w, https:\/\/d2p6e6u75xmxt8.cloudfront.net\/5\/2016\/05\/DSC_0671-768x513.jpg 768w, https:\/\/d2p6e6u75xmxt8.cloudfront.net\/5\/2016\/05\/DSC_0671-272x182.jpg 272w\" sizes=\"auto, (max-width: 1024px) 100vw, 1024px\" \/><\/p>\n<p style=\"text-align: justify\">Dzi\u0119kujemy za wsp\u00f3lnie sp\u0119dzony czas i niezapomniane emocje. Do zobaczenia za rok!<\/p>\n<p style=\"text-align: justify\">\n","protected":false},"excerpt":{"rendered":"<p>W weekend majowy odby\u0142 si\u0119 jeszcze jeden kolarski wy\u015bcig nap\u0119dzany przez \u0160KOD\u0118 &#8211; XXVIII Mi\u0119dzynarodowy wy\u015bcig kolarski junior\u00f3w o puchar [&hellip;]<\/p>\n","protected":false},"author":1,"featured_media":1041,"comment_status":"closed","ping_status":"closed","sticky":false,"template":"","format":"standard","meta":{"footnotes":""},"categories":[1],"tags":[41,66,68],"global-categories":[],"class_list":["post-1033","post","type-post","status-publish","format-standard","has-post-thumbnail","hentry","category-uncategorized","tag-cycling","tag-skodanapedzarowery","tag-skodarowery"],"yoast_head":"<!-- This site is optimized with the Yoast SEO Premium plugin v25.3 (Yoast SEO v25.9) - https:\/\/yoast.com\/wordpress\/plugins\/seo\/ -->\n<title>\u0160koda nap\u0119dza rowery w Grudzi\u0105dzu - \u0160koda We Love Cycling - Poland<\/title>\n<meta name=\"robots\" content=\"index, follow, max-snippet:-1, max-image-preview:large, max-video-preview:-1\" \/>\n<link rel=\"canonical\" href=\"https:\/\/www.welovecycling.com\/pl\/2016\/05\/12\/skoda-napedza-rowery-w-grudziadzu\/\" \/>\n<meta property=\"og:locale\" content=\"pl_PL\" \/>\n<meta property=\"og:type\" content=\"article\" \/>\n<meta property=\"og:title\" content=\"\u0160koda nap\u0119dza rowery w Grudzi\u0105dzu\" \/>\n<meta property=\"og:description\" content=\"W weekend majowy odby\u0142 si\u0119 jeszcze jeden kolarski wy\u015bcig nap\u0119dzany przez \u0160KOD\u0118 &#8211; XXVIII Mi\u0119dzynarodowy wy\u015bcig kolarski junior\u00f3w o puchar [&hellip;]\" \/>\n<meta property=\"og:url\" content=\"https:\/\/www.welovecycling.com\/pl\/2016\/05\/12\/skoda-napedza-rowery-w-grudziadzu\/\" \/>\n<meta property=\"og:site_name\" content=\"\u0160koda We Love Cycling - Poland\" \/>\n<meta property=\"article:published_time\" content=\"2016-05-12T13:26:01+00:00\" \/>\n<meta property=\"article:modified_time\" content=\"2016-12-05T08:54:12+00:00\" \/>\n<meta property=\"og:image\" content=\"https:\/\/d2p6e6u75xmxt8.cloudfront.net\/5\/2016\/05\/DSC_0727-1024x684.jpg\" \/>\n\t<meta property=\"og:image:width\" content=\"1024\" \/>\n\t<meta property=\"og:image:height\" content=\"684\" \/>\n\t<meta property=\"og:image:type\" content=\"image\/jpeg\" \/>\n<meta name=\"author\" content=\"WeLoveCycling\" \/>\n<meta name=\"twitter:card\" content=\"summary_large_image\" \/>\n<meta name=\"twitter:label1\" content=\"Written by\" \/>\n\t<meta name=\"twitter:data1\" content=\"WeLoveCycling\" \/>\n\t<meta name=\"twitter:label2\" content=\"Est. reading time\" \/>\n\t<meta name=\"twitter:data2\" content=\"1 minute\" \/>\n<script type=\"application\/ld+json\" class=\"yoast-schema-graph\">{\"@context\":\"https:\/\/schema.org\",\"@graph\":[{\"@type\":\"WebPage\",\"@id\":\"https:\/\/www.welovecycling.com\/pl\/2016\/05\/12\/skoda-napedza-rowery-w-grudziadzu\/\",\"url\":\"https:\/\/www.welovecycling.com\/pl\/2016\/05\/12\/skoda-napedza-rowery-w-grudziadzu\/\",\"name\":\"\u0160koda nap\u0119dza rowery w Grudzi\u0105dzu - \u0160koda We Love Cycling - Poland\",\"isPartOf\":{\"@id\":\"https:\/\/www.welovecycling.com\/pl\/#website\"},\"primaryImageOfPage\":{\"@id\":\"https:\/\/www.welovecycling.com\/pl\/2016\/05\/12\/skoda-napedza-rowery-w-grudziadzu\/#primaryimage\"},\"image\":{\"@id\":\"https:\/\/www.welovecycling.com\/pl\/2016\/05\/12\/skoda-napedza-rowery-w-grudziadzu\/#primaryimage\"},\"thumbnailUrl\":\"https:\/\/d2p6e6u75xmxt8.cloudfront.net\/5\/2016\/05\/DSC_0727.jpg\",\"datePublished\":\"2016-05-12T13:26:01+00:00\",\"dateModified\":\"2016-12-05T08:54:12+00:00\",\"author\":{\"@id\":\"https:\/\/www.welovecycling.com\/pl\/#\/schema\/person\/e5187c9cac8dd619ebc7b41bd73c2fd9\"},\"breadcrumb\":{\"@id\":\"https:\/\/www.welovecycling.com\/pl\/2016\/05\/12\/skoda-napedza-rowery-w-grudziadzu\/#breadcrumb\"},\"inLanguage\":\"pl-PL\",\"potentialAction\":[{\"@type\":\"ReadAction\",\"target\":[\"https:\/\/www.welovecycling.com\/pl\/2016\/05\/12\/skoda-napedza-rowery-w-grudziadzu\/\"]}]},{\"@type\":\"ImageObject\",\"inLanguage\":\"pl-PL\",\"@id\":\"https:\/\/www.welovecycling.com\/pl\/2016\/05\/12\/skoda-napedza-rowery-w-grudziadzu\/#primaryimage\",\"url\":\"https:\/\/d2p6e6u75xmxt8.cloudfront.net\/5\/2016\/05\/DSC_0727.jpg\",\"contentUrl\":\"https:\/\/d2p6e6u75xmxt8.cloudfront.net\/5\/2016\/05\/DSC_0727.jpg\",\"width\":2992,\"height\":2000},{\"@type\":\"BreadcrumbList\",\"@id\":\"https:\/\/www.welovecycling.com\/pl\/2016\/05\/12\/skoda-napedza-rowery-w-grudziadzu\/#breadcrumb\",\"itemListElement\":[{\"@type\":\"ListItem\",\"position\":1,\"name\":\"Home\",\"item\":\"https:\/\/www.welovecycling.com\/pl\/\"},{\"@type\":\"ListItem\",\"position\":2,\"name\":\"\u0160koda nap\u0119dza rowery w Grudzi\u0105dzu\"}]},{\"@type\":\"WebSite\",\"@id\":\"https:\/\/www.welovecycling.com\/pl\/#website\",\"url\":\"https:\/\/www.welovecycling.com\/pl\/\",\"name\":\"\u0160koda We Love Cycling - Poland\",\"description\":\"\",\"potentialAction\":[{\"@type\":\"SearchAction\",\"target\":{\"@type\":\"EntryPoint\",\"urlTemplate\":\"https:\/\/www.welovecycling.com\/pl\/?s={search_term_string}\"},\"query-input\":{\"@type\":\"PropertyValueSpecification\",\"valueRequired\":true,\"valueName\":\"search_term_string\"}}],\"inLanguage\":\"pl-PL\"},{\"@type\":\"Person\",\"@id\":\"https:\/\/www.welovecycling.com\/pl\/#\/schema\/person\/e5187c9cac8dd619ebc7b41bd73c2fd9\",\"name\":\"WeLoveCycling\",\"image\":{\"@type\":\"ImageObject\",\"inLanguage\":\"pl-PL\",\"@id\":\"https:\/\/www.welovecycling.com\/pl\/#\/schema\/person\/image\/\",\"url\":\"https:\/\/secure.gravatar.com\/avatar\/7e1ee0ecc5e294b19ef32b9f6086e0afbb9da00c3cb0d465ba4695331f4a9187?s=96&d=mm&r=g\",\"contentUrl\":\"https:\/\/secure.gravatar.com\/avatar\/7e1ee0ecc5e294b19ef32b9f6086e0afbb9da00c3cb0d465ba4695331f4a9187?s=96&d=mm&r=g\",\"caption\":\"WeLoveCycling\"},\"url\":\"https:\/\/www.welovecycling.com\/pl\/author\/lukascech\/\"}]}<\/script>\n<!-- \/ Yoast SEO Premium plugin. -->","yoast_head_json":{"title":"\u0160koda nap\u0119dza rowery w Grudzi\u0105dzu - \u0160koda We Love Cycling - Poland","robots":{"index":"index","follow":"follow","max-snippet":"max-snippet:-1","max-image-preview":"max-image-preview:large","max-video-preview":"max-video-preview:-1"},"canonical":"https:\/\/www.welovecycling.com\/pl\/2016\/05\/12\/skoda-napedza-rowery-w-grudziadzu\/","og_locale":"pl_PL","og_type":"article","og_title":"\u0160koda nap\u0119dza rowery w Grudzi\u0105dzu","og_description":"W weekend majowy odby\u0142 si\u0119 jeszcze jeden kolarski wy\u015bcig nap\u0119dzany przez \u0160KOD\u0118 &#8211; XXVIII Mi\u0119dzynarodowy wy\u015bcig kolarski junior\u00f3w o puchar [&hellip;]","og_url":"https:\/\/www.welovecycling.com\/pl\/2016\/05\/12\/skoda-napedza-rowery-w-grudziadzu\/","og_site_name":"\u0160koda We Love Cycling - Poland","article_published_time":"2016-05-12T13:26:01+00:00","article_modified_time":"2016-12-05T08:54:12+00:00","og_image":[{"width":1024,"height":684,"url":"https:\/\/d2p6e6u75xmxt8.cloudfront.net\/5\/2016\/05\/DSC_0727-1024x684.jpg","type":"image\/jpeg"}],"author":"WeLoveCycling","twitter_card":"summary_large_image","twitter_misc":{"Written by":"WeLoveCycling","Est. reading time":"1 minute"},"schema":{"@context":"https:\/\/schema.org","@graph":[{"@type":"WebPage","@id":"https:\/\/www.welovecycling.com\/pl\/2016\/05\/12\/skoda-napedza-rowery-w-grudziadzu\/","url":"https:\/\/www.welovecycling.com\/pl\/2016\/05\/12\/skoda-napedza-rowery-w-grudziadzu\/","name":"\u0160koda nap\u0119dza rowery w Grudzi\u0105dzu - \u0160koda We Love Cycling - Poland","isPartOf":{"@id":"https:\/\/www.welovecycling.com\/pl\/#website"},"primaryImageOfPage":{"@id":"https:\/\/www.welovecycling.com\/pl\/2016\/05\/12\/skoda-napedza-rowery-w-grudziadzu\/#primaryimage"},"image":{"@id":"https:\/\/www.welovecycling.com\/pl\/2016\/05\/12\/skoda-napedza-rowery-w-grudziadzu\/#primaryimage"},"thumbnailUrl":"https:\/\/d2p6e6u75xmxt8.cloudfront.net\/5\/2016\/05\/DSC_0727.jpg","datePublished":"2016-05-12T13:26:01+00:00","dateModified":"2016-12-05T08:54:12+00:00","author":{"@id":"https:\/\/www.welovecycling.com\/pl\/#\/schema\/person\/e5187c9cac8dd619ebc7b41bd73c2fd9"},"breadcrumb":{"@id":"https:\/\/www.welovecycling.com\/pl\/2016\/05\/12\/skoda-napedza-rowery-w-grudziadzu\/#breadcrumb"},"inLanguage":"pl-PL","potentialAction":[{"@type":"ReadAction","target":["https:\/\/www.welovecycling.com\/pl\/2016\/05\/12\/skoda-napedza-rowery-w-grudziadzu\/"]}]},{"@type":"ImageObject","inLanguage":"pl-PL","@id":"https:\/\/www.welovecycling.com\/pl\/2016\/05\/12\/skoda-napedza-rowery-w-grudziadzu\/#primaryimage","url":"https:\/\/d2p6e6u75xmxt8.cloudfront.net\/5\/2016\/05\/DSC_0727.jpg","contentUrl":"https:\/\/d2p6e6u75xmxt8.cloudfront.net\/5\/2016\/05\/DSC_0727.jpg","width":2992,"height":2000},{"@type":"BreadcrumbList","@id":"https:\/\/www.welovecycling.com\/pl\/2016\/05\/12\/skoda-napedza-rowery-w-grudziadzu\/#breadcrumb","itemListElement":[{"@type":"ListItem","position":1,"name":"Home","item":"https:\/\/www.welovecycling.com\/pl\/"},{"@type":"ListItem","position":2,"name":"\u0160koda nap\u0119dza rowery w Grudzi\u0105dzu"}]},{"@type":"WebSite","@id":"https:\/\/www.welovecycling.com\/pl\/#website","url":"https:\/\/www.welovecycling.com\/pl\/","name":"\u0160koda We Love Cycling - Poland","description":"","potentialAction":[{"@type":"SearchAction","target":{"@type":"EntryPoint","urlTemplate":"https:\/\/www.welovecycling.com\/pl\/?s={search_term_string}"},"query-input":{"@type":"PropertyValueSpecification","valueRequired":true,"valueName":"search_term_string"}}],"inLanguage":"pl-PL"},{"@type":"Person","@id":"https:\/\/www.welovecycling.com\/pl\/#\/schema\/person\/e5187c9cac8dd619ebc7b41bd73c2fd9","name":"WeLoveCycling","image":{"@type":"ImageObject","inLanguage":"pl-PL","@id":"https:\/\/www.welovecycling.com\/pl\/#\/schema\/person\/image\/","url":"https:\/\/secure.gravatar.com\/avatar\/7e1ee0ecc5e294b19ef32b9f6086e0afbb9da00c3cb0d465ba4695331f4a9187?s=96&d=mm&r=g","contentUrl":"https:\/\/secure.gravatar.com\/avatar\/7e1ee0ecc5e294b19ef32b9f6086e0afbb9da00c3cb0d465ba4695331f4a9187?s=96&d=mm&r=g","caption":"WeLoveCycling"},"url":"https:\/\/www.welovecycling.com\/pl\/author\/lukascech\/"}]}},"_links":{"self":[{"href":"https:\/\/www.welovecycling.com\/pl\/wp-json\/wp\/v2\/posts\/1033","targetHints":{"allow":["GET"]}}],"collection":[{"href":"https:\/\/www.welovecycling.com\/pl\/wp-json\/wp\/v2\/posts"}],"about":[{"href":"https:\/\/www.welovecycling.com\/pl\/wp-json\/wp\/v2\/types\/post"}],"author":[{"embeddable":true,"href":"https:\/\/www.welovecycling.com\/pl\/wp-json\/wp\/v2\/users\/1"}],"replies":[{"embeddable":true,"href":"https:\/\/www.welovecycling.com\/pl\/wp-json\/wp\/v2\/comments?post=1033"}],"version-history":[{"count":1,"href":"https:\/\/www.welovecycling.com\/pl\/wp-json\/wp\/v2\/posts\/1033\/revisions"}],"predecessor-version":[{"id":2464,"href":"https:\/\/www.welovecycling.com\/pl\/wp-json\/wp\/v2\/posts\/1033\/revisions\/2464"}],"wp:featuredmedia":[{"embeddable":true,"href":"https:\/\/www.welovecycling.com\/pl\/wp-json\/wp\/v2\/media\/1041"}],"wp:attachment":[{"href":"https:\/\/www.welovecycling.com\/pl\/wp-json\/wp\/v2\/media?parent=1033"}],"wp:term":[{"taxonomy":"category","embeddable":true,"href":"https:\/\/www.welovecycling.com\/pl\/wp-json\/wp\/v2\/categories?post=1033"},{"taxonomy":"post_tag","embeddable":true,"href":"https:\/\/www.welovecycling.com\/pl\/wp-json\/wp\/v2\/tags?post=1033"},{"taxonomy":"global-categories","embeddable":true,"href":"https:\/\/www.welovecycling.com\/pl\/wp-json\/wp\/v2\/global-categories?post=1033"}],"curies":[{"name":"wp","href":"https:\/\/api.w.org\/{rel}","templated":true}]}}