{"id":10315,"date":"2020-02-07T14:57:32","date_gmt":"2020-02-07T14:57:32","guid":{"rendered":"https:\/\/www.welovecycling.com\/pl\/?p=10315"},"modified":"2020-02-07T14:57:32","modified_gmt":"2020-02-07T14:57:32","slug":"na-rowerze-legalnie-pod-prad-jak-korzystac-z-tego-rozwiazania","status":"publish","type":"post","link":"https:\/\/www.welovecycling.com\/pl\/2020\/02\/07\/na-rowerze-legalnie-pod-prad-jak-korzystac-z-tego-rozwiazania\/","title":{"rendered":"Na rowerze legalnie \u201epod pr\u0105d\u201d! Jak korzysta\u0107 z tego rozwi\u0105zania?"},"content":{"rendered":"<p><strong>Powsta\u0142 po to, by usprawni\u0107 ruch w mie\u015bcie, ale nieprawid\u0142owo u\u017cytkowany staje si\u0119 generatorem problem\u00f3w i konflikt\u00f3w. Co to jest kontrapas i jak z niego korzysta\u0107? Wyja\u015bniamy poni\u017cej.<\/strong><\/p>\n<p>Kontrapas to nic innego jak wydzielony pas jezdni, kt\u00f3ry uprawnia pojazdy (w naszym przypadku rowery) do poruszania w przeciwnym kierunku ni\u017c pozosta\u0142e pojazdy. M\u00f3wi\u0105c w skr\u00f3cie \u2013 kontrapas pozwala rowerzy\u015bcie legalnie jecha\u0107 \u201epod pr\u0105d\u201d.<\/p>\n<p>Tak jak tutaj:<\/p>\n<figure style=\"width: 800px\" class=\"wp-caption alignnone\"><img loading=\"lazy\" decoding=\"async\" src=\"https:\/\/upload.wikimedia.org\/wikipedia\/commons\/thumb\/3\/32\/Kontrapas_Poznan_ul_Wroniecka.JPG\/800px-Kontrapas_Poznan_ul_Wroniecka.JPG\" alt=\"File:Kontrapas Poznan ul Wroniecka.JPG\" width=\"800\" height=\"600\" data-file-width=\"3072\" data-file-height=\"2304\" \/><figcaption class=\"wp-caption-text\">https:\/\/commons.wikimedia.org\/wiki\/File:Kontrapas_Poznan_ul_Wroniecka.JPG<\/figcaption><\/figure>\n<p>Niestety, ale nie dla wszystkich zasady korzystania z kontrapasa s\u0105 tak oczywiste, wi\u0119c czasem zamiast u\u0142atwia\u0107 jazd\u0119, tylko j\u0105 utrudnia i prowadzi do konflikt\u00f3w. Jak wi\u0119c prawid\u0142owo korzysta\u0107 z kotrapasa?<\/p>\n<h2><strong>Kontrapasem tylko pod pr\u0105d<\/strong><\/h2>\n<p>Przede wszystkim rowerzysta mo\u017ce jecha\u0107 kontrapasem tylko w kierunku, kt\u00f3ry nakazuj\u0105 znaki, a zawsze jest to kierunek przeciwny do samochod\u00f3w. Nie mog\u0105 wi\u0119c nim jecha\u0107 rowery, kt\u00f3re nie jad\u0105 \u201epod pr\u0105d\u201d. Dla nich bowiem zarezerwowana jest cz\u0119\u015b\u0107 jezdni, kt\u00f3r\u0105 normalnie poruszaj\u0105 si\u0119 samochody.<\/p>\n<p>Niestety, rowerzy\u015bci, kt\u00f3rzy w prawid\u0142owy spos\u00f3b jad\u0105 w tym samym kierunku co samochody, cz\u0119sto natrafiaj\u0105 na problemy z kierowcami aut. \u201eJak jedziesz! Nie widzisz, \u017ce po drugiej stronie jest \u015bcie\u017cka dla rower\u00f3w?!\u201d \u2013 irytuj\u0105 si\u0119 kierowcy, wskazuj\u0105c na kontrapas, ale zdecydowanie nie maj\u0105 oni racji!<\/p>\n<p>A wi\u0119c jeszcze raz &#8211; kontrapas zarezerwowany tylko dla rowerzyst\u00f3w jad\u0105cych\u00a0 \u201epod pr\u0105d\u201d, a ci jad\u0105cy \u201enormalnie\u201d, musz\u0105 porusza\u0107 si\u0119 tym samym pasem co auta.<\/p>\n<h2><strong>Grzechy kierowc\u00f3w<\/strong><\/h2>\n<p>Z kolei kierowcy samochod\u00f3w pope\u0142niaj\u0105 jeden wielki b\u0142\u0105d zwi\u0105zany z kontrapasami \u2013 wykorzystuj\u0105 je jako miejsca do tymczasowego zatrzymywania samochodu. Nie zdaj\u0105 sobie jednak sprawy, \u017ce to o wiele gro\u017aniejsze ni\u017c nawet zostawienie auta na zwyk\u0142ej drodze dla rower\u00f3w! Dlaczego? Poniewa\u017c rowerzysta, kt\u00f3ry jedzie kontrapasem i wymija zastawiaj\u0105cy mu drog\u0119 samoch\u00f3d, nara\u017ca si\u0119 na czo\u0142owe zderzenie z samochodem nadje\u017cd\u017caj\u0105cym z naprzeciwka.<\/p>\n<p>Dodatkowo wyskakuje on kierowcy przed mask\u0119 nagle, bo wcze\u015bniej kieruj\u0105cy samochodem nie ma szans, by go zauwa\u017cy\u0107.<\/p>\n<p>Dlatego apel do rowerzyst\u00f3w \u2013 je\u015bli omijacie samoch\u00f3d stoj\u0105cy na kontrapasie, zachowajcie szczeg\u00f3ln\u0105 ostro\u017cno\u015b\u0107!<\/p>\n<h2><strong>Kosztowna nieznajomo\u015b\u0107 przepis\u00f3w<\/strong><\/h2>\n<p>W Polsce powstaje coraz wi\u0119cej kontrapas\u00f3w, bo to tanie i proste rozwi\u0105zanie na usprawnienie ruchu miejskiego. To w\u0142a\u015bnie dlatego kontrapasy doskonale sprawdzaj\u0105 si\u0119 w pa\u0144stwach z wysoko rozwini\u0119t\u0105 infrastruktur\u0105 rowerow\u0105 jak Dania czy Holandia.<\/p>\n<p>G\u0142\u00f3wne ich zalety to skierowanie rower\u00f3w na mniej ruchliwe ulice, a tak\u017ce mo\u017cliwo\u015b\u0107 sta\u0142ego kontaktu wzrokowego mi\u0119dzy kierowc\u0105 a rowerzyst\u0105. Jednak jak w ka\u017cdym, nawet najprostszym rozwi\u0105zaniu, absolutnie niezb\u0119dna jest znajomo\u015b\u0107 przepis\u00f3w oraz zdrowy rozs\u0105dek.<\/p>\n<p>A je\u015bli nam ich zabraknie, to musimy liczy\u0107 z mandatami. Nieprawid\u0142owe korzystanie z kontrapasa (jazda w przeciwnym kierunku ni\u017c nakazuj\u0105 znaki) mo\u017ce kosztowa\u0107 nawet 250 z\u0142, a zatrzymanie samochodu na kontrapasie \u2013 100 z\u0142.<\/p>\n<p><span data-sheets-value=\"{&quot;1&quot;:2,&quot;2&quot;:&quot;Artyku\u0142 powsta\u0142 we wsp\u00f3\u0142pracy ze skoda-auto.pl&quot;}\" data-sheets-userformat=\"{&quot;2&quot;:1,&quot;3&quot;:{&quot;1&quot;:0}}\" data-sheets-hyperlink=\"http:\/\/www.skoda-auto.pl\/\"><a class=\"in-cell-link\" href=\"http:\/\/www.skoda-auto.pl\/\" target=\"_blank\" rel=\"noopener\">Artyku\u0142 powsta\u0142 we wsp\u00f3\u0142pracy ze skoda-auto.pl<\/a><\/span><\/p>\n<p><a href=\"https:\/\/www.skoda-auto.pl\/modele\/karoq\"><img loading=\"lazy\" decoding=\"async\" class=\"aligncenter wp-image-9609 size-full loading\" src=\"https:\/\/d2p6e6u75xmxt8.cloudfront.net\/5\/2019\/08\/baner_WLC_640x350_4.png\" sizes=\"auto, (max-width: 640px) 100vw, 640px\" srcset=\"https:\/\/d2p6e6u75xmxt8.cloudfront.net\/5\/2019\/08\/baner_WLC_640x350_4.png 640w, https:\/\/d2p6e6u75xmxt8.cloudfront.net\/5\/2019\/08\/baner_WLC_640x350_4-300x164.png 300w\" alt=\"\" width=\"640\" height=\"350\" data-was-processed=\"true\" \/>\u00a0<\/a><\/p>\n<p>&nbsp;<\/p>\n","protected":false},"excerpt":{"rendered":"<p>Powsta\u0142 po to, by usprawni\u0107 ruch w mie\u015bcie, ale nieprawid\u0142owo u\u017cytkowany staje si\u0119 generatorem problem\u00f3w i konflikt\u00f3w. Co to jest [&hellip;]<\/p>\n","protected":false},"author":76,"featured_media":10316,"comment_status":"open","ping_status":"open","sticky":false,"template":"","format":"standard","meta":{"footnotes":""},"categories":[7],"tags":[],"global-categories":[303],"class_list":["post-10315","post","type-post","status-publish","format-standard","has-post-thumbnail","hentry","category-bezpieczenstwo","global-categories-cycling"],"yoast_head":"<!-- This site is optimized with the Yoast SEO Premium plugin v25.3 (Yoast SEO v25.9) - https:\/\/yoast.com\/wordpress\/plugins\/seo\/ -->\n<title>Na rowerze legalnie \u201epod pr\u0105d\u201d! Jak korzysta\u0107 z tego rozwi\u0105zania? - \u0160koda We Love Cycling - Poland<\/title>\n<meta name=\"robots\" content=\"index, follow, max-snippet:-1, max-image-preview:large, max-video-preview:-1\" \/>\n<link rel=\"canonical\" href=\"https:\/\/www.welovecycling.com\/pl\/2020\/02\/07\/na-rowerze-legalnie-pod-prad-jak-korzystac-z-tego-rozwiazania\/\" \/>\n<meta property=\"og:locale\" content=\"pl_PL\" \/>\n<meta property=\"og:type\" content=\"article\" \/>\n<meta property=\"og:title\" content=\"Na rowerze legalnie \u201epod pr\u0105d\u201d! Jak korzysta\u0107 z tego rozwi\u0105zania?\" \/>\n<meta property=\"og:description\" content=\"Powsta\u0142 po to, by usprawni\u0107 ruch w mie\u015bcie, ale nieprawid\u0142owo u\u017cytkowany staje si\u0119 generatorem problem\u00f3w i konflikt\u00f3w. Co to jest [&hellip;]\" \/>\n<meta property=\"og:url\" content=\"https:\/\/www.welovecycling.com\/pl\/2020\/02\/07\/na-rowerze-legalnie-pod-prad-jak-korzystac-z-tego-rozwiazania\/\" \/>\n<meta property=\"og:site_name\" content=\"\u0160koda We Love Cycling - Poland\" \/>\n<meta property=\"article:published_time\" content=\"2020-02-07T14:57:32+00:00\" \/>\n<meta property=\"og:image\" content=\"https:\/\/d2p6e6u75xmxt8.cloudfront.net\/5\/2020\/02\/800px-Kontrapas_Poznan_ul_Wroniecka.jpg\" \/>\n\t<meta property=\"og:image:width\" content=\"800\" \/>\n\t<meta property=\"og:image:height\" content=\"600\" \/>\n\t<meta property=\"og:image:type\" content=\"image\/jpeg\" \/>\n<meta name=\"author\" content=\"piotrboczkowski\" \/>\n<meta name=\"twitter:card\" content=\"summary_large_image\" \/>\n<meta name=\"twitter:label1\" content=\"Written by\" \/>\n\t<meta name=\"twitter:data1\" content=\"Piotr Nowik\" \/>\n\t<meta name=\"twitter:label2\" content=\"Est. reading time\" \/>\n\t<meta name=\"twitter:data2\" content=\"3 minutes\" \/>\n<script type=\"application\/ld+json\" class=\"yoast-schema-graph\">{\"@context\":\"https:\/\/schema.org\",\"@graph\":[{\"@type\":\"WebPage\",\"@id\":\"https:\/\/www.welovecycling.com\/pl\/2020\/02\/07\/na-rowerze-legalnie-pod-prad-jak-korzystac-z-tego-rozwiazania\/\",\"url\":\"https:\/\/www.welovecycling.com\/pl\/2020\/02\/07\/na-rowerze-legalnie-pod-prad-jak-korzystac-z-tego-rozwiazania\/\",\"name\":\"Na rowerze legalnie \u201epod pr\u0105d\u201d! Jak korzysta\u0107 z tego rozwi\u0105zania? - \u0160koda We Love Cycling - Poland\",\"isPartOf\":{\"@id\":\"https:\/\/www.welovecycling.com\/pl\/#website\"},\"primaryImageOfPage\":{\"@id\":\"https:\/\/www.welovecycling.com\/pl\/2020\/02\/07\/na-rowerze-legalnie-pod-prad-jak-korzystac-z-tego-rozwiazania\/#primaryimage\"},\"image\":{\"@id\":\"https:\/\/www.welovecycling.com\/pl\/2020\/02\/07\/na-rowerze-legalnie-pod-prad-jak-korzystac-z-tego-rozwiazania\/#primaryimage\"},\"thumbnailUrl\":\"https:\/\/d2p6e6u75xmxt8.cloudfront.net\/5\/2020\/02\/800px-Kontrapas_Poznan_ul_Wroniecka.jpg\",\"datePublished\":\"2020-02-07T14:57:32+00:00\",\"author\":{\"@id\":\"https:\/\/www.welovecycling.com\/pl\/#\/schema\/person\/0dba2d39da943db9df3fd8f4687e7f23\"},\"breadcrumb\":{\"@id\":\"https:\/\/www.welovecycling.com\/pl\/2020\/02\/07\/na-rowerze-legalnie-pod-prad-jak-korzystac-z-tego-rozwiazania\/#breadcrumb\"},\"inLanguage\":\"pl-PL\",\"potentialAction\":[{\"@type\":\"ReadAction\",\"target\":[\"https:\/\/www.welovecycling.com\/pl\/2020\/02\/07\/na-rowerze-legalnie-pod-prad-jak-korzystac-z-tego-rozwiazania\/\"]}]},{\"@type\":\"ImageObject\",\"inLanguage\":\"pl-PL\",\"@id\":\"https:\/\/www.welovecycling.com\/pl\/2020\/02\/07\/na-rowerze-legalnie-pod-prad-jak-korzystac-z-tego-rozwiazania\/#primaryimage\",\"url\":\"https:\/\/d2p6e6u75xmxt8.cloudfront.net\/5\/2020\/02\/800px-Kontrapas_Poznan_ul_Wroniecka.jpg\",\"contentUrl\":\"https:\/\/d2p6e6u75xmxt8.cloudfront.net\/5\/2020\/02\/800px-Kontrapas_Poznan_ul_Wroniecka.jpg\",\"width\":800,\"height\":600},{\"@type\":\"BreadcrumbList\",\"@id\":\"https:\/\/www.welovecycling.com\/pl\/2020\/02\/07\/na-rowerze-legalnie-pod-prad-jak-korzystac-z-tego-rozwiazania\/#breadcrumb\",\"itemListElement\":[{\"@type\":\"ListItem\",\"position\":1,\"name\":\"Home\",\"item\":\"https:\/\/www.welovecycling.com\/pl\/\"},{\"@type\":\"ListItem\",\"position\":2,\"name\":\"Na rowerze legalnie \u201epod pr\u0105d\u201d! Jak korzysta\u0107 z tego rozwi\u0105zania?\"}]},{\"@type\":\"WebSite\",\"@id\":\"https:\/\/www.welovecycling.com\/pl\/#website\",\"url\":\"https:\/\/www.welovecycling.com\/pl\/\",\"name\":\"\u0160koda We Love Cycling - Poland\",\"description\":\"\",\"potentialAction\":[{\"@type\":\"SearchAction\",\"target\":{\"@type\":\"EntryPoint\",\"urlTemplate\":\"https:\/\/www.welovecycling.com\/pl\/?s={search_term_string}\"},\"query-input\":{\"@type\":\"PropertyValueSpecification\",\"valueRequired\":true,\"valueName\":\"search_term_string\"}}],\"inLanguage\":\"pl-PL\"},{\"@type\":\"Person\",\"@id\":\"https:\/\/www.welovecycling.com\/pl\/#\/schema\/person\/0dba2d39da943db9df3fd8f4687e7f23\",\"name\":\"piotrboczkowski\",\"image\":{\"@type\":\"ImageObject\",\"inLanguage\":\"pl-PL\",\"@id\":\"https:\/\/www.welovecycling.com\/pl\/#\/schema\/person\/image\/\",\"url\":\"https:\/\/secure.gravatar.com\/avatar\/533caccae14752e03a2ce2d3fd62d1b98b93e1393c3195c27819e53344ca1ace?s=96&d=mm&r=g\",\"contentUrl\":\"https:\/\/secure.gravatar.com\/avatar\/533caccae14752e03a2ce2d3fd62d1b98b93e1393c3195c27819e53344ca1ace?s=96&d=mm&r=g\",\"caption\":\"piotrboczkowski\"},\"url\":\"https:\/\/www.welovecycling.com\/pl\/author\/piotrboczkowski\/\"}]}<\/script>\n<!-- \/ Yoast SEO Premium plugin. -->","yoast_head_json":{"title":"Na rowerze legalnie \u201epod pr\u0105d\u201d! Jak korzysta\u0107 z tego rozwi\u0105zania? - \u0160koda We Love Cycling - Poland","robots":{"index":"index","follow":"follow","max-snippet":"max-snippet:-1","max-image-preview":"max-image-preview:large","max-video-preview":"max-video-preview:-1"},"canonical":"https:\/\/www.welovecycling.com\/pl\/2020\/02\/07\/na-rowerze-legalnie-pod-prad-jak-korzystac-z-tego-rozwiazania\/","og_locale":"pl_PL","og_type":"article","og_title":"Na rowerze legalnie \u201epod pr\u0105d\u201d! Jak korzysta\u0107 z tego rozwi\u0105zania?","og_description":"Powsta\u0142 po to, by usprawni\u0107 ruch w mie\u015bcie, ale nieprawid\u0142owo u\u017cytkowany staje si\u0119 generatorem problem\u00f3w i konflikt\u00f3w. Co to jest [&hellip;]","og_url":"https:\/\/www.welovecycling.com\/pl\/2020\/02\/07\/na-rowerze-legalnie-pod-prad-jak-korzystac-z-tego-rozwiazania\/","og_site_name":"\u0160koda We Love Cycling - Poland","article_published_time":"2020-02-07T14:57:32+00:00","og_image":[{"width":800,"height":600,"url":"https:\/\/d2p6e6u75xmxt8.cloudfront.net\/5\/2020\/02\/800px-Kontrapas_Poznan_ul_Wroniecka.jpg","type":"image\/jpeg"}],"author":"piotrboczkowski","twitter_card":"summary_large_image","twitter_misc":{"Written by":"Piotr Nowik","Est. reading time":"3 minutes"},"schema":{"@context":"https:\/\/schema.org","@graph":[{"@type":"WebPage","@id":"https:\/\/www.welovecycling.com\/pl\/2020\/02\/07\/na-rowerze-legalnie-pod-prad-jak-korzystac-z-tego-rozwiazania\/","url":"https:\/\/www.welovecycling.com\/pl\/2020\/02\/07\/na-rowerze-legalnie-pod-prad-jak-korzystac-z-tego-rozwiazania\/","name":"Na rowerze legalnie \u201epod pr\u0105d\u201d! Jak korzysta\u0107 z tego rozwi\u0105zania? - \u0160koda We Love Cycling - Poland","isPartOf":{"@id":"https:\/\/www.welovecycling.com\/pl\/#website"},"primaryImageOfPage":{"@id":"https:\/\/www.welovecycling.com\/pl\/2020\/02\/07\/na-rowerze-legalnie-pod-prad-jak-korzystac-z-tego-rozwiazania\/#primaryimage"},"image":{"@id":"https:\/\/www.welovecycling.com\/pl\/2020\/02\/07\/na-rowerze-legalnie-pod-prad-jak-korzystac-z-tego-rozwiazania\/#primaryimage"},"thumbnailUrl":"https:\/\/d2p6e6u75xmxt8.cloudfront.net\/5\/2020\/02\/800px-Kontrapas_Poznan_ul_Wroniecka.jpg","datePublished":"2020-02-07T14:57:32+00:00","author":{"@id":"https:\/\/www.welovecycling.com\/pl\/#\/schema\/person\/0dba2d39da943db9df3fd8f4687e7f23"},"breadcrumb":{"@id":"https:\/\/www.welovecycling.com\/pl\/2020\/02\/07\/na-rowerze-legalnie-pod-prad-jak-korzystac-z-tego-rozwiazania\/#breadcrumb"},"inLanguage":"pl-PL","potentialAction":[{"@type":"ReadAction","target":["https:\/\/www.welovecycling.com\/pl\/2020\/02\/07\/na-rowerze-legalnie-pod-prad-jak-korzystac-z-tego-rozwiazania\/"]}]},{"@type":"ImageObject","inLanguage":"pl-PL","@id":"https:\/\/www.welovecycling.com\/pl\/2020\/02\/07\/na-rowerze-legalnie-pod-prad-jak-korzystac-z-tego-rozwiazania\/#primaryimage","url":"https:\/\/d2p6e6u75xmxt8.cloudfront.net\/5\/2020\/02\/800px-Kontrapas_Poznan_ul_Wroniecka.jpg","contentUrl":"https:\/\/d2p6e6u75xmxt8.cloudfront.net\/5\/2020\/02\/800px-Kontrapas_Poznan_ul_Wroniecka.jpg","width":800,"height":600},{"@type":"BreadcrumbList","@id":"https:\/\/www.welovecycling.com\/pl\/2020\/02\/07\/na-rowerze-legalnie-pod-prad-jak-korzystac-z-tego-rozwiazania\/#breadcrumb","itemListElement":[{"@type":"ListItem","position":1,"name":"Home","item":"https:\/\/www.welovecycling.com\/pl\/"},{"@type":"ListItem","position":2,"name":"Na rowerze legalnie \u201epod pr\u0105d\u201d! Jak korzysta\u0107 z tego rozwi\u0105zania?"}]},{"@type":"WebSite","@id":"https:\/\/www.welovecycling.com\/pl\/#website","url":"https:\/\/www.welovecycling.com\/pl\/","name":"\u0160koda We Love Cycling - Poland","description":"","potentialAction":[{"@type":"SearchAction","target":{"@type":"EntryPoint","urlTemplate":"https:\/\/www.welovecycling.com\/pl\/?s={search_term_string}"},"query-input":{"@type":"PropertyValueSpecification","valueRequired":true,"valueName":"search_term_string"}}],"inLanguage":"pl-PL"},{"@type":"Person","@id":"https:\/\/www.welovecycling.com\/pl\/#\/schema\/person\/0dba2d39da943db9df3fd8f4687e7f23","name":"piotrboczkowski","image":{"@type":"ImageObject","inLanguage":"pl-PL","@id":"https:\/\/www.welovecycling.com\/pl\/#\/schema\/person\/image\/","url":"https:\/\/secure.gravatar.com\/avatar\/533caccae14752e03a2ce2d3fd62d1b98b93e1393c3195c27819e53344ca1ace?s=96&d=mm&r=g","contentUrl":"https:\/\/secure.gravatar.com\/avatar\/533caccae14752e03a2ce2d3fd62d1b98b93e1393c3195c27819e53344ca1ace?s=96&d=mm&r=g","caption":"piotrboczkowski"},"url":"https:\/\/www.welovecycling.com\/pl\/author\/piotrboczkowski\/"}]}},"_links":{"self":[{"href":"https:\/\/www.welovecycling.com\/pl\/wp-json\/wp\/v2\/posts\/10315","targetHints":{"allow":["GET"]}}],"collection":[{"href":"https:\/\/www.welovecycling.com\/pl\/wp-json\/wp\/v2\/posts"}],"about":[{"href":"https:\/\/www.welovecycling.com\/pl\/wp-json\/wp\/v2\/types\/post"}],"author":[{"embeddable":true,"href":"https:\/\/www.welovecycling.com\/pl\/wp-json\/wp\/v2\/users\/76"}],"replies":[{"embeddable":true,"href":"https:\/\/www.welovecycling.com\/pl\/wp-json\/wp\/v2\/comments?post=10315"}],"version-history":[{"count":1,"href":"https:\/\/www.welovecycling.com\/pl\/wp-json\/wp\/v2\/posts\/10315\/revisions"}],"predecessor-version":[{"id":10317,"href":"https:\/\/www.welovecycling.com\/pl\/wp-json\/wp\/v2\/posts\/10315\/revisions\/10317"}],"wp:featuredmedia":[{"embeddable":true,"href":"https:\/\/www.welovecycling.com\/pl\/wp-json\/wp\/v2\/media\/10316"}],"wp:attachment":[{"href":"https:\/\/www.welovecycling.com\/pl\/wp-json\/wp\/v2\/media?parent=10315"}],"wp:term":[{"taxonomy":"category","embeddable":true,"href":"https:\/\/www.welovecycling.com\/pl\/wp-json\/wp\/v2\/categories?post=10315"},{"taxonomy":"post_tag","embeddable":true,"href":"https:\/\/www.welovecycling.com\/pl\/wp-json\/wp\/v2\/tags?post=10315"},{"taxonomy":"global-categories","embeddable":true,"href":"https:\/\/www.welovecycling.com\/pl\/wp-json\/wp\/v2\/global-categories?post=10315"}],"curies":[{"name":"wp","href":"https:\/\/api.w.org\/{rel}","templated":true}]}}