{"id":10312,"date":"2020-02-06T10:25:33","date_gmt":"2020-02-06T10:25:33","guid":{"rendered":"https:\/\/www.welovecycling.com\/pl\/?p=10312"},"modified":"2020-02-07T10:33:45","modified_gmt":"2020-02-07T10:33:45","slug":"20-postanowien-rowerowych-na-ten-rok","status":"publish","type":"post","link":"https:\/\/www.welovecycling.com\/pl\/2020\/02\/06\/20-postanowien-rowerowych-na-ten-rok\/","title":{"rendered":"20 postanowie\u0144 rowerowych na ten rok"},"content":{"rendered":"<p><strong>Zawsze z ko\u0144cem roku podsumowujemy, co zrobili\u015bmy dobrze, a co \u017ale, i nieustannie przy tym wierzymy, \u017ce nowy rok b\u0119dzie lepszy od poprzedniego. Obietnice, kt\u00f3re sk\u0142adamy samym sobie w my\u015blach, maj\u0105 znaczenie tylko wtedy, kiedy je spe\u0142niamy, cho\u0107 z drugiej strony, nawet je\u015bli je \u0142amiemy, nikt si\u0119 na nas za to nie zez\u0142o\u015bci. No chyba \u017ce g\u0142o\u015bno je wykrzyczymy\u2026 Zr\u00f3bmy to teraz! W tym roku:<\/strong><\/p>\n<p>1. Przestaniemy namawia\u0107 bliskich, \u017ceby do\u0142\u0105czyli do nas na rower.<\/p>\n<p>2. Przestaniemy kupowa\u0107 kolejne modne gad\u017cety rowerowe, kt\u00f3re ju\u017c mamy.<\/p>\n<p>3. Pozostawimy Strav\u0119 offline, \u017ceby cieszy\u0107 si\u0119 sam\u0105 jazd\u0105! Ale tylko ten jeden raz.<\/p>\n<p>4. Nie b\u0119dziemy udost\u0119pnia\u0107 swoich osza\u0142amiaj\u0105cych wynik\u00f3w ze Stravy w mediach spo\u0142eczno\u015bciowych, gdzie i tak nikogo to nie obchodzi.<\/p>\n<p>5. We\u017amiemy udzia\u0142 w lokalnym wy\u015bcigu, o kt\u00f3rym ju\u017c od tak dawna m\u00f3wimy.<\/p>\n<figure id=\"attachment_162498\" aria-describedby=\"caption-attachment-162498\" style=\"width: 1300px\" class=\"wp-caption alignnone\"><img loading=\"lazy\" decoding=\"async\" class=\"initial loaded wp-image-162498 size-full\" src=\"https:\/\/d2p6e6u75xmxt8.cloudfront.net\/2\/2017\/12\/WLC_CatchingBreath_2017_Race_12.jpg\" sizes=\"auto, (max-width: 1300px) 100vw, 1300px\" srcset=\"https:\/\/d2p6e6u75xmxt8.cloudfront.net\/2\/2017\/12\/WLC_CatchingBreath_2017_Race_12.jpg 1300w, https:\/\/d2p6e6u75xmxt8.cloudfront.net\/2\/2017\/12\/WLC_CatchingBreath_2017_Race_12-300x200.jpg 300w, https:\/\/d2p6e6u75xmxt8.cloudfront.net\/2\/2017\/12\/WLC_CatchingBreath_2017_Race_12-768x512.jpg 768w, https:\/\/d2p6e6u75xmxt8.cloudfront.net\/2\/2017\/12\/WLC_CatchingBreath_2017_Race_12-1024x683.jpg 1024w, https:\/\/d2p6e6u75xmxt8.cloudfront.net\/2\/2017\/12\/WLC_CatchingBreath_2017_Race_12-272x182.jpg 272w\" alt=\"Wyzwanie zapieraj\u0105ce dech w piersiach\" width=\"1300\" height=\"867\" data-was-processed=\"true\" \/><figcaption id=\"caption-attachment-162498\" class=\"wp-caption-text\">Wyzwanie zapieraj\u0105ce dech w piersiach<\/figcaption><\/figure>\n<p>6. Zaczniemy prowadzi\u0107 bloga o w\u0142asnych do\u015bwiadczeniach rowerowych, kt\u00f3rymi pragn\u0119li\u015bmy si\u0119 podzieli\u0107 ju\u017c w 2019 roku, gdy robili\u015bmy postanowienia noworoczne.<\/p>\n<p>7. Przestaniemy narzeka\u0107 na ruch uliczny, poniewa\u017c i tak nigdy nie zniknie.<\/p>\n<p>8. Z\u0142apiemy na tyle dobr\u0105 kondycj\u0119, aby ubiega\u0107 si\u0119 o start w jednym z etap\u00f3w Tour de France.<\/p>\n<p>9. Zamontujemy nowe \u015bwiate\u0142ka, \u017ceby\u015bmy byli lepiej widoczni podczas nocnych przeja\u017cd\u017cek.<\/p>\n<p>10. Codziennie b\u0119dziemy doje\u017cd\u017ca\u0107 do pracy rowerem, bez wzgl\u0119du na pogod\u0119.<\/p>\n<p>11. Zako\u0144czymy ka\u017cdy prysznic cholern\u0105 lodowat\u0105 wod\u0105!<\/p>\n<p>12. Po\u015bwi\u0119cimy wi\u0119cej czasu na rozci\u0105ganie i jog\u0119, aby zapobiec okropnemu b\u00f3lowi plec\u00f3w.<\/p>\n<p>13. B\u0119dziemy\u00a0je\u017adzi\u0107 na rowerze tak dobrze, jak Peter Sagan.<\/p>\n<p>14. Zmniejszymy picie kawy do czterech fili\u017canek dziennie.<\/p>\n<p>15. Przeka\u017cemy pieni\u0105dze na cele charytatywne: dla dzieci w Afryce, kt\u00f3re chc\u0105 mie\u0107 w\u0142asne rowery.<\/p>\n<ol start=\"16\">\n<li><img loading=\"lazy\" decoding=\"async\" class=\"size-full wp-image-176430 loading\" src=\"https:\/\/d2p6e6u75xmxt8.cloudfront.net\/2\/2019\/12\/20180307_141420-1080x675.jpeg\" sizes=\"auto, (max-width: 1080px) 100vw, 1080px\" srcset=\"https:\/\/d2p6e6u75xmxt8.cloudfront.net\/2\/2019\/12\/20180307_141420-1080x675.jpeg 1080w, https:\/\/d2p6e6u75xmxt8.cloudfront.net\/2\/2019\/12\/20180307_141420-1080x675-300x188.jpeg 300w, https:\/\/d2p6e6u75xmxt8.cloudfront.net\/2\/2019\/12\/20180307_141420-1080x675-768x480.jpeg 768w, https:\/\/d2p6e6u75xmxt8.cloudfront.net\/2\/2019\/12\/20180307_141420-1080x675-1024x640.jpeg 1024w\" alt=\"\" width=\"1080\" height=\"675\" data-was-processed=\"true\" \/>16. B\u0119dziemy rozmawia\u0107 o tym, jak wspania\u0142y dzie\u0144 sp\u0119dzili\u015bmy na rowerze, w\u015br\u00f3d os\u00f3b, kt\u00f3re nie je\u017cd\u017c\u0105 na dw\u00f3ch k\u00f3\u0142kach.<\/li>\n<\/ol>\n<p>17. Pozwolimy naszym rodzinom cieszy\u0107 si\u0119 wakacjami, na kt\u00f3rych nasz rower znajdzie si\u0119 poza zasi\u0119giem ich wzroku.<\/p>\n<p>18. Przestaniemy wy\u015bmiewa\u0107 si\u0119 ze starszych koleg\u00f3w bior\u0105cych udzia\u0142 w tych zabawnych lekcjach spinningu.<\/p>\n<p>19. Zaczniemy zabiera\u0107 nasze psy na wie\u015b, korzystaj\u0105c z roweru g\u00f3rskiego.<\/p>\n<p>20. B\u0119dziemy czy\u015bci\u0107 nasze rowery natychmiast po ka\u017cdej je\u017adzie w deszczu lub b\u0142ocie.<\/p>\n<p><span data-sheets-value=\"{&quot;1&quot;:2,&quot;2&quot;:&quot;Artyku\u0142 powsta\u0142 we wsp\u00f3\u0142pracy ze skoda-auto.pl&quot;}\" data-sheets-userformat=\"{&quot;2&quot;:1,&quot;3&quot;:{&quot;1&quot;:0}}\" data-sheets-hyperlink=\"http:\/\/www.skoda-auto.pl\/\"><a class=\"in-cell-link\" href=\"http:\/\/www.skoda-auto.pl\/\" target=\"_blank\" rel=\"noopener\">Artyku\u0142 powsta\u0142 we wsp\u00f3\u0142pracy ze skoda-auto.pl<\/a><\/span><\/p>\n<p><a href=\"https:\/\/sklep.skoda.pl\/pl\/sklep\/b\/331\/rowery-i-akcesoria-rowery.html\"><img loading=\"lazy\" decoding=\"async\" class=\"aligncenter wp-image-9608 size-full loading\" src=\"https:\/\/d2p6e6u75xmxt8.cloudfront.net\/5\/2019\/08\/baner_WLC_640x350_3.png\" sizes=\"auto, (max-width: 640px) 100vw, 640px\" srcset=\"https:\/\/d2p6e6u75xmxt8.cloudfront.net\/5\/2019\/08\/baner_WLC_640x350_3.png 640w, https:\/\/d2p6e6u75xmxt8.cloudfront.net\/5\/2019\/08\/baner_WLC_640x350_3-300x164.png 300w\" alt=\"\" width=\"640\" height=\"350\" data-was-processed=\"true\" \/><\/a><\/p>\n","protected":false},"excerpt":{"rendered":"<p>Zawsze z ko\u0144cem roku podsumowujemy, co zrobili\u015bmy dobrze, a co \u017ale, i nieustannie przy tym wierzymy, \u017ce nowy rok b\u0119dzie [&hellip;]<\/p>\n","protected":false},"author":76,"featured_media":8224,"comment_status":"open","ping_status":"open","sticky":false,"template":"","format":"standard","meta":{"footnotes":""},"categories":[226],"tags":[],"global-categories":[303],"class_list":["post-10312","post","type-post","status-publish","format-standard","has-post-thumbnail","hentry","category-ciekawostki","global-categories-cycling"],"yoast_head":"<!-- This site is optimized with the Yoast SEO Premium plugin v25.3 (Yoast SEO v25.9) - https:\/\/yoast.com\/wordpress\/plugins\/seo\/ -->\n<title>20 postanowie\u0144 rowerowych na ten rok - \u0160koda We Love Cycling - Poland<\/title>\n<meta name=\"robots\" content=\"index, follow, max-snippet:-1, max-image-preview:large, max-video-preview:-1\" \/>\n<link rel=\"canonical\" href=\"https:\/\/www.welovecycling.com\/pl\/2020\/02\/06\/20-postanowien-rowerowych-na-ten-rok\/\" \/>\n<meta property=\"og:locale\" content=\"pl_PL\" \/>\n<meta property=\"og:type\" content=\"article\" \/>\n<meta property=\"og:title\" content=\"20 postanowie\u0144 rowerowych na ten rok\" \/>\n<meta property=\"og:description\" content=\"Zawsze z ko\u0144cem roku podsumowujemy, co zrobili\u015bmy dobrze, a co \u017ale, i nieustannie przy tym wierzymy, \u017ce nowy rok b\u0119dzie [&hellip;]\" \/>\n<meta property=\"og:url\" content=\"https:\/\/www.welovecycling.com\/pl\/2020\/02\/06\/20-postanowien-rowerowych-na-ten-rok\/\" \/>\n<meta property=\"og:site_name\" content=\"\u0160koda We Love Cycling - Poland\" \/>\n<meta property=\"article:published_time\" content=\"2020-02-06T10:25:33+00:00\" \/>\n<meta property=\"article:modified_time\" content=\"2020-02-07T10:33:45+00:00\" \/>\n<meta property=\"og:image\" content=\"https:\/\/d2p6e6u75xmxt8.cloudfront.net\/5\/2018\/12\/coverwinter.jpg\" \/>\n\t<meta property=\"og:image:width\" content=\"1366\" \/>\n\t<meta property=\"og:image:height\" content=\"600\" \/>\n\t<meta property=\"og:image:type\" content=\"image\/jpeg\" \/>\n<meta name=\"author\" content=\"piotrboczkowski\" \/>\n<meta name=\"twitter:card\" content=\"summary_large_image\" \/>\n<meta name=\"twitter:label1\" content=\"Written by\" \/>\n\t<meta name=\"twitter:data1\" content=\"Adam Marsal\" \/>\n\t<meta name=\"twitter:label2\" content=\"Est. reading time\" \/>\n\t<meta name=\"twitter:data2\" content=\"2 minutes\" \/>\n<script type=\"application\/ld+json\" class=\"yoast-schema-graph\">{\"@context\":\"https:\/\/schema.org\",\"@graph\":[{\"@type\":\"WebPage\",\"@id\":\"https:\/\/www.welovecycling.com\/pl\/2020\/02\/06\/20-postanowien-rowerowych-na-ten-rok\/\",\"url\":\"https:\/\/www.welovecycling.com\/pl\/2020\/02\/06\/20-postanowien-rowerowych-na-ten-rok\/\",\"name\":\"20 postanowie\u0144 rowerowych na ten rok - \u0160koda We Love Cycling - Poland\",\"isPartOf\":{\"@id\":\"https:\/\/www.welovecycling.com\/pl\/#website\"},\"primaryImageOfPage\":{\"@id\":\"https:\/\/www.welovecycling.com\/pl\/2020\/02\/06\/20-postanowien-rowerowych-na-ten-rok\/#primaryimage\"},\"image\":{\"@id\":\"https:\/\/www.welovecycling.com\/pl\/2020\/02\/06\/20-postanowien-rowerowych-na-ten-rok\/#primaryimage\"},\"thumbnailUrl\":\"https:\/\/d2p6e6u75xmxt8.cloudfront.net\/5\/2018\/12\/coverwinter.jpg\",\"datePublished\":\"2020-02-06T10:25:33+00:00\",\"dateModified\":\"2020-02-07T10:33:45+00:00\",\"author\":{\"@id\":\"https:\/\/www.welovecycling.com\/pl\/#\/schema\/person\/0dba2d39da943db9df3fd8f4687e7f23\"},\"breadcrumb\":{\"@id\":\"https:\/\/www.welovecycling.com\/pl\/2020\/02\/06\/20-postanowien-rowerowych-na-ten-rok\/#breadcrumb\"},\"inLanguage\":\"pl-PL\",\"potentialAction\":[{\"@type\":\"ReadAction\",\"target\":[\"https:\/\/www.welovecycling.com\/pl\/2020\/02\/06\/20-postanowien-rowerowych-na-ten-rok\/\"]}]},{\"@type\":\"ImageObject\",\"inLanguage\":\"pl-PL\",\"@id\":\"https:\/\/www.welovecycling.com\/pl\/2020\/02\/06\/20-postanowien-rowerowych-na-ten-rok\/#primaryimage\",\"url\":\"https:\/\/d2p6e6u75xmxt8.cloudfront.net\/5\/2018\/12\/coverwinter.jpg\",\"contentUrl\":\"https:\/\/d2p6e6u75xmxt8.cloudfront.net\/5\/2018\/12\/coverwinter.jpg\",\"width\":1366,\"height\":600},{\"@type\":\"BreadcrumbList\",\"@id\":\"https:\/\/www.welovecycling.com\/pl\/2020\/02\/06\/20-postanowien-rowerowych-na-ten-rok\/#breadcrumb\",\"itemListElement\":[{\"@type\":\"ListItem\",\"position\":1,\"name\":\"Home\",\"item\":\"https:\/\/www.welovecycling.com\/pl\/\"},{\"@type\":\"ListItem\",\"position\":2,\"name\":\"20 postanowie\u0144 rowerowych na ten rok\"}]},{\"@type\":\"WebSite\",\"@id\":\"https:\/\/www.welovecycling.com\/pl\/#website\",\"url\":\"https:\/\/www.welovecycling.com\/pl\/\",\"name\":\"\u0160koda We Love Cycling - Poland\",\"description\":\"\",\"potentialAction\":[{\"@type\":\"SearchAction\",\"target\":{\"@type\":\"EntryPoint\",\"urlTemplate\":\"https:\/\/www.welovecycling.com\/pl\/?s={search_term_string}\"},\"query-input\":{\"@type\":\"PropertyValueSpecification\",\"valueRequired\":true,\"valueName\":\"search_term_string\"}}],\"inLanguage\":\"pl-PL\"},{\"@type\":\"Person\",\"@id\":\"https:\/\/www.welovecycling.com\/pl\/#\/schema\/person\/0dba2d39da943db9df3fd8f4687e7f23\",\"name\":\"piotrboczkowski\",\"image\":{\"@type\":\"ImageObject\",\"inLanguage\":\"pl-PL\",\"@id\":\"https:\/\/www.welovecycling.com\/pl\/#\/schema\/person\/image\/\",\"url\":\"https:\/\/secure.gravatar.com\/avatar\/533caccae14752e03a2ce2d3fd62d1b98b93e1393c3195c27819e53344ca1ace?s=96&d=mm&r=g\",\"contentUrl\":\"https:\/\/secure.gravatar.com\/avatar\/533caccae14752e03a2ce2d3fd62d1b98b93e1393c3195c27819e53344ca1ace?s=96&d=mm&r=g\",\"caption\":\"piotrboczkowski\"},\"url\":\"https:\/\/www.welovecycling.com\/pl\/author\/piotrboczkowski\/\"}]}<\/script>\n<!-- \/ Yoast SEO Premium plugin. -->","yoast_head_json":{"title":"20 postanowie\u0144 rowerowych na ten rok - \u0160koda We Love Cycling - Poland","robots":{"index":"index","follow":"follow","max-snippet":"max-snippet:-1","max-image-preview":"max-image-preview:large","max-video-preview":"max-video-preview:-1"},"canonical":"https:\/\/www.welovecycling.com\/pl\/2020\/02\/06\/20-postanowien-rowerowych-na-ten-rok\/","og_locale":"pl_PL","og_type":"article","og_title":"20 postanowie\u0144 rowerowych na ten rok","og_description":"Zawsze z ko\u0144cem roku podsumowujemy, co zrobili\u015bmy dobrze, a co \u017ale, i nieustannie przy tym wierzymy, \u017ce nowy rok b\u0119dzie [&hellip;]","og_url":"https:\/\/www.welovecycling.com\/pl\/2020\/02\/06\/20-postanowien-rowerowych-na-ten-rok\/","og_site_name":"\u0160koda We Love Cycling - Poland","article_published_time":"2020-02-06T10:25:33+00:00","article_modified_time":"2020-02-07T10:33:45+00:00","og_image":[{"width":1366,"height":600,"url":"https:\/\/d2p6e6u75xmxt8.cloudfront.net\/5\/2018\/12\/coverwinter.jpg","type":"image\/jpeg"}],"author":"piotrboczkowski","twitter_card":"summary_large_image","twitter_misc":{"Written by":"Adam Marsal","Est. reading time":"2 minutes"},"schema":{"@context":"https:\/\/schema.org","@graph":[{"@type":"WebPage","@id":"https:\/\/www.welovecycling.com\/pl\/2020\/02\/06\/20-postanowien-rowerowych-na-ten-rok\/","url":"https:\/\/www.welovecycling.com\/pl\/2020\/02\/06\/20-postanowien-rowerowych-na-ten-rok\/","name":"20 postanowie\u0144 rowerowych na ten rok - \u0160koda We Love Cycling - Poland","isPartOf":{"@id":"https:\/\/www.welovecycling.com\/pl\/#website"},"primaryImageOfPage":{"@id":"https:\/\/www.welovecycling.com\/pl\/2020\/02\/06\/20-postanowien-rowerowych-na-ten-rok\/#primaryimage"},"image":{"@id":"https:\/\/www.welovecycling.com\/pl\/2020\/02\/06\/20-postanowien-rowerowych-na-ten-rok\/#primaryimage"},"thumbnailUrl":"https:\/\/d2p6e6u75xmxt8.cloudfront.net\/5\/2018\/12\/coverwinter.jpg","datePublished":"2020-02-06T10:25:33+00:00","dateModified":"2020-02-07T10:33:45+00:00","author":{"@id":"https:\/\/www.welovecycling.com\/pl\/#\/schema\/person\/0dba2d39da943db9df3fd8f4687e7f23"},"breadcrumb":{"@id":"https:\/\/www.welovecycling.com\/pl\/2020\/02\/06\/20-postanowien-rowerowych-na-ten-rok\/#breadcrumb"},"inLanguage":"pl-PL","potentialAction":[{"@type":"ReadAction","target":["https:\/\/www.welovecycling.com\/pl\/2020\/02\/06\/20-postanowien-rowerowych-na-ten-rok\/"]}]},{"@type":"ImageObject","inLanguage":"pl-PL","@id":"https:\/\/www.welovecycling.com\/pl\/2020\/02\/06\/20-postanowien-rowerowych-na-ten-rok\/#primaryimage","url":"https:\/\/d2p6e6u75xmxt8.cloudfront.net\/5\/2018\/12\/coverwinter.jpg","contentUrl":"https:\/\/d2p6e6u75xmxt8.cloudfront.net\/5\/2018\/12\/coverwinter.jpg","width":1366,"height":600},{"@type":"BreadcrumbList","@id":"https:\/\/www.welovecycling.com\/pl\/2020\/02\/06\/20-postanowien-rowerowych-na-ten-rok\/#breadcrumb","itemListElement":[{"@type":"ListItem","position":1,"name":"Home","item":"https:\/\/www.welovecycling.com\/pl\/"},{"@type":"ListItem","position":2,"name":"20 postanowie\u0144 rowerowych na ten rok"}]},{"@type":"WebSite","@id":"https:\/\/www.welovecycling.com\/pl\/#website","url":"https:\/\/www.welovecycling.com\/pl\/","name":"\u0160koda We Love Cycling - Poland","description":"","potentialAction":[{"@type":"SearchAction","target":{"@type":"EntryPoint","urlTemplate":"https:\/\/www.welovecycling.com\/pl\/?s={search_term_string}"},"query-input":{"@type":"PropertyValueSpecification","valueRequired":true,"valueName":"search_term_string"}}],"inLanguage":"pl-PL"},{"@type":"Person","@id":"https:\/\/www.welovecycling.com\/pl\/#\/schema\/person\/0dba2d39da943db9df3fd8f4687e7f23","name":"piotrboczkowski","image":{"@type":"ImageObject","inLanguage":"pl-PL","@id":"https:\/\/www.welovecycling.com\/pl\/#\/schema\/person\/image\/","url":"https:\/\/secure.gravatar.com\/avatar\/533caccae14752e03a2ce2d3fd62d1b98b93e1393c3195c27819e53344ca1ace?s=96&d=mm&r=g","contentUrl":"https:\/\/secure.gravatar.com\/avatar\/533caccae14752e03a2ce2d3fd62d1b98b93e1393c3195c27819e53344ca1ace?s=96&d=mm&r=g","caption":"piotrboczkowski"},"url":"https:\/\/www.welovecycling.com\/pl\/author\/piotrboczkowski\/"}]}},"_links":{"self":[{"href":"https:\/\/www.welovecycling.com\/pl\/wp-json\/wp\/v2\/posts\/10312","targetHints":{"allow":["GET"]}}],"collection":[{"href":"https:\/\/www.welovecycling.com\/pl\/wp-json\/wp\/v2\/posts"}],"about":[{"href":"https:\/\/www.welovecycling.com\/pl\/wp-json\/wp\/v2\/types\/post"}],"author":[{"embeddable":true,"href":"https:\/\/www.welovecycling.com\/pl\/wp-json\/wp\/v2\/users\/76"}],"replies":[{"embeddable":true,"href":"https:\/\/www.welovecycling.com\/pl\/wp-json\/wp\/v2\/comments?post=10312"}],"version-history":[{"count":2,"href":"https:\/\/www.welovecycling.com\/pl\/wp-json\/wp\/v2\/posts\/10312\/revisions"}],"predecessor-version":[{"id":10314,"href":"https:\/\/www.welovecycling.com\/pl\/wp-json\/wp\/v2\/posts\/10312\/revisions\/10314"}],"wp:featuredmedia":[{"embeddable":true,"href":"https:\/\/www.welovecycling.com\/pl\/wp-json\/wp\/v2\/media\/8224"}],"wp:attachment":[{"href":"https:\/\/www.welovecycling.com\/pl\/wp-json\/wp\/v2\/media?parent=10312"}],"wp:term":[{"taxonomy":"category","embeddable":true,"href":"https:\/\/www.welovecycling.com\/pl\/wp-json\/wp\/v2\/categories?post=10312"},{"taxonomy":"post_tag","embeddable":true,"href":"https:\/\/www.welovecycling.com\/pl\/wp-json\/wp\/v2\/tags?post=10312"},{"taxonomy":"global-categories","embeddable":true,"href":"https:\/\/www.welovecycling.com\/pl\/wp-json\/wp\/v2\/global-categories?post=10312"}],"curies":[{"name":"wp","href":"https:\/\/api.w.org\/{rel}","templated":true}]}}