{"id":10282,"date":"2020-02-04T08:28:48","date_gmt":"2020-02-04T08:28:48","guid":{"rendered":"https:\/\/www.welovecycling.com\/pl\/?p=10282"},"modified":"2020-02-06T13:31:49","modified_gmt":"2020-02-06T13:31:49","slug":"zawodowcy-wystartowali-jedni-swietuja-inni-juz-liza-rany","status":"publish","type":"post","link":"https:\/\/www.welovecycling.com\/pl\/2020\/02\/04\/zawodowcy-wystartowali-jedni-swietuja-inni-juz-liza-rany\/","title":{"rendered":"Zawodowcy wystartowali! Jedni \u015bwi\u0119tuj\u0105, inni ju\u017c li\u017c\u0105 rany"},"content":{"rendered":"<p><strong>Sezon na zawody kolarskie powoli si\u0119 rozkr\u0119ca! Powa\u017cnym \u015bciganiem cieszyli si\u0119 ju\u017c Australijczycy, teraz czas na Zjednoczone Emiraty Arabskie, a p\u00f3\u017aniej peleton na p\u00f3\u0142 roku przenosi si\u0119 do Europy. Polscy kibice jednak ju\u017c teraz mieli powody do satysfakcji, z kolei starcie z pechem mia\u0142 Hiszpan Mikel Landa.<\/strong><\/p>\n<p>UCI World Tour to cykl najwa\u017cniejszych zawod\u00f3w kolarskich na \u015bwiecie. Rozgrywany jest od p\u00f3\u0142kuli wschodniej do zachodniej, wi\u0119c jako pierwsi najlepszych zawodnik\u00f3w \u015bwiata co roku ogl\u0105daj\u0105 Australijczycy.<\/p>\n<p>Nie wszystkim zawodnikom u\u015bmiecha si\u0119 jednak podr\u00f3\u017cowa\u0107 a\u017c tak daleko, wi\u0119c w Australii do g\u0142osu pr\u00f3buj\u0105 dochodzi\u0107 zawodnicy, kt\u00f3rych nazwiska kojarz\u0105 troch\u0119 lepiej zorientowani kibice.<\/p>\n<h2><strong>W CCC pola\u0142 si\u0119 szampan<\/strong><\/h2>\n<p>Rozgrywany w drugiej po\u0142owie stycznia sze\u015bcioetapowy Tour Down Under ku uciesze fan\u00f3w gospodarzy wygra\u0142 Richie Porte (Trek \u2013 Segafredo). Nie jest to oczywi\u015bcie zawodnik anonimowy (wygrywa\u0142 ju\u017c m.in. presti\u017cowy Pary\u017c-Nicea, m\u0142odzie\u017cow\u0105 klasyfikacj\u0119 Giro d\u2019Italia, czy dwa lata temu \u201eczas\u00f3wk\u0119\u201d na Tour de France), ale zwyci\u0119stwa w najwi\u0119kszych wy\u015bcigach nie s\u0105 dla niego codzienno\u015bci\u0105.<\/p>\n<p>Tour Down Under mia\u0142 tak\u017ce polskie akcenty, poniewa\u017c trzecie miejsce zdoby\u0142 Simon Geschke, a klasyfikacj\u0119 g\u00f3rsk\u0105 wygra\u0142 Joey Rosskopf. Obaj kolarze je\u017cd\u017c\u0105 w polskiej grupie CCC.<\/p>\n<p>&#8211; Zdobycie koszulki najlepszego g\u00f3rala wymaga\u0142o wiele pracy. Sp\u0119dzi\u0142em kilka dni w ucieczce, ale wyznaczy\u0142em sobie cel, kt\u00f3rego realizacj\u0119 rozpocz\u0105\u0142em od pierwszego dnia wy\u015bcigu. Ta koszulka to wspania\u0142a nagroda \u2013 cieszy\u0142 si\u0119 na mecie Rosskopf.<\/p>\n<p>Geschke: &#8211; Przyjecha\u0142em tu jako pomocnik, a nagle okaza\u0142o si\u0119, \u017ce przej\u0105\u0142em rol\u0119 zawodnika walcz\u0105cego w \u201egeneralce\u201d. Trzecie miejsce jest spor\u0105 niespodziank\u0105. Ubieg\u0142oroczne \u015bciganie rozpocz\u0105\u0142em od kraksy, a w tym roku osi\u0105gn\u0105\u0142em najlepszy wynik na worldtourowym wy\u015bcigu etapowym w swojej karierze.<\/p>\n<div class=\"shortcode-ys-post-pinup\"><article class=\"loop-simple post-8426 post type-post status-publish format-standard has-post-thumbnail hentry category-ciekawostki\" data-postid=\"8426\" role=\"article\" data-post-id=\"8426\" data-word-count=\"1355\" data-headline-length=\"74\" data-category=\"Ciekawostki\" data-author=\"Jonathan Bouchard (Polska \u00e0 v\u00e9lo)\" data-published=\"2019-01-28T17:49:20+00:00\" data-published-day=\"Monday\">\n    <div class=\"entry-thumbnail article-thumbnail\" content=\"https:\/\/d2p6e6u75xmxt8.cloudfront.net\/5\/2019\/01\/CCC-Team-Bernas-4-150x150.jpg\"><a href=\"https:\/\/www.welovecycling.com\/pl\/2019\/01\/28\/ccc-team-2019-pawel-bernas-i-jego-droga-od-pro-continental-do-world-tour\/\" class=\"image-holder\" target=\"_self\"><img decoding=\"async\" loading=\"lazy\" class=\"\" src=\"https:\/\/d2p6e6u75xmxt8.cloudfront.net\/5\/2019\/01\/CCC-Team-Bernas-4-1024x683.jpg\" srcset=\"https:\/\/d2p6e6u75xmxt8.cloudfront.net\/5\/2019\/01\/CCC-Team-Bernas-4.jpg 1377w, https:\/\/d2p6e6u75xmxt8.cloudfront.net\/5\/2019\/01\/CCC-Team-Bernas-4-300x200.jpg 300w, https:\/\/d2p6e6u75xmxt8.cloudfront.net\/5\/2019\/01\/CCC-Team-Bernas-4-768x512.jpg 768w, https:\/\/d2p6e6u75xmxt8.cloudfront.net\/5\/2019\/01\/CCC-Team-Bernas-4-1024x683.jpg 1024w, https:\/\/d2p6e6u75xmxt8.cloudfront.net\/5\/2019\/01\/CCC-Team-Bernas-4-272x182.jpg 272w\" width=\"1024\" height=\"683\" sizes=\"auto, (min-width: 1200px) 300px, (min-width: 768px) 25vw, 100vw\" alt=\"ccc-team-2019-pawel-bernas-i-jego-droga-od-pro-continental-do-world-tour\"\/><\/a><\/div>    <div class=\"entry-meta\">\n        <a class=\"label label-secondary post-category\" href=\"https:\/\/www.welovecycling.com\/pl\/category\/ciekawostki\/\" title=\"Ciekawostki\">Ciekawostki<\/a>\n    <\/div>\n    <div class=\"entry-details\">\n        <a href=\"https:\/\/www.welovecycling.com\/pl\/2019\/01\/28\/ccc-team-2019-pawel-bernas-i-jego-droga-od-pro-continental-do-world-tour\/\" class='entry-title-wrapper'>\n            <h3 class=\"entry-title\"><span>CCC Team 2019: Pawe\u0142 Bernas i jego droga od Pro-Continental do World Tour<\/span><\/h3>\n        <\/a>\n    <\/div>\n    <\/article>\n<\/div>\n<h2><strong>Belgowie zgarniaj\u0105 wszystko<\/strong><\/h2>\n<p>W poniedzia\u0142ek zawodnicy stan\u0119li na starcie drugiego wy\u015bcigu z cyklu UCI World Tour \u2013 jednodniowego Cadel Evans Great Ocean Road Race. Tym razem powod\u00f3w do rado\u015bci nie mieli ani polscy, ani australijscy kibice, poniewa\u017c wygra\u0142\u00a0 Belg Dries Devenyns (Deceuninck\u2013Quick-Step), przed Rosjaninem Paw\u0142em Siwakowem (Team Ineos) i Darylem Impeyem z Republiki Po\u0142udniowej Afryki (Mitchelton\u2013Scott). Najlepszy z zawodnik\u00f3w CCC &#8211; Francisco Ventoso \u2013 zako\u0144czy\u0142 na 20. pozycji.<\/p>\n<p>\u2013 To dla mnie wyj\u0105tkowy dzie\u0144. Lubi\u0119 ten wy\u015bcig, wi\u0119c wygranie da\u0142o mi du\u017c\u0105 satysfakcj\u0119 \u2013 cieszy\u0142 si\u0119 na mecie Devenyns.<\/p>\n<p>Niemal w tym samym czasie zesp\u00f3\u0142 Deceuninck\u2013Quick-Step \u015bwi\u0119towa\u0142 tak\u017ce w\u2026 Argentynie, gdzie 20-letni Remco Evenepoel triumfowa\u0142 w Vuelta a San Juan i tym samym zosta\u0142 najm\u0142odszym zwyci\u0119zc\u0105 w historii tego wy\u015bcigu.<\/p>\n<p>&#8211; Zaliczy\u0142em znakomity tydzie\u0144! Dzi\u0119ki mojemu zespo\u0142owi mog\u0142em tak fantastycznie zacz\u0105\u0107 sezon. To doda mi pewno\u015bci siebie \u2013 podkre\u015bla\u0142 na mecie Belg.<\/p>\n<div class=\"shortcode-ys-post-pinup\"><article class=\"loop-simple post-10193 post type-post status-publish format-standard has-post-thumbnail hentry category-kolarstwo-szosowe category-zawody global-categories-cycling\" data-postid=\"10193\" role=\"article\" data-post-id=\"10193\" data-word-count=\"442\" data-headline-length=\"62\" data-category=\"Kolarstwo szosowe\" data-global-category=\"Cycling\" data-author=\"Piotr Nowik\" data-published=\"2020-01-10T13:30:29+00:00\" data-published-day=\"Friday\">\n    <div class=\"entry-thumbnail article-thumbnail\" content=\"https:\/\/d2p6e6u75xmxt8.cloudfront.net\/5\/2019\/07\/73cee-150x150.jpg\"><a href=\"https:\/\/www.welovecycling.com\/pl\/2020\/01\/10\/tak-powinien-wygladac-kalendarz-2020-kazdego-fana-kolarstwa\/\" class=\"image-holder\" target=\"_self\"><img decoding=\"async\" loading=\"lazy\" class=\"\" src=\"https:\/\/d2p6e6u75xmxt8.cloudfront.net\/5\/2019\/07\/73cee.jpg\" srcset=\"https:\/\/d2p6e6u75xmxt8.cloudfront.net\/5\/2019\/07\/73cee.jpg 1000w, https:\/\/d2p6e6u75xmxt8.cloudfront.net\/5\/2019\/07\/73cee-300x200.jpg 300w, https:\/\/d2p6e6u75xmxt8.cloudfront.net\/5\/2019\/07\/73cee-768x512.jpg 768w, https:\/\/d2p6e6u75xmxt8.cloudfront.net\/5\/2019\/07\/73cee-272x182.jpg 272w\" width=\"1000\" height=\"667\" sizes=\"auto, (min-width: 1200px) 300px, (min-width: 768px) 25vw, 100vw\" alt=\"tak-powinien-wygladac-kalendarz-2020-kazdego-fana-kolarstwa\"\/><\/a><\/div>    <div class=\"entry-meta\">\n        <a class=\"label label-secondary post-category\" href=\"https:\/\/www.welovecycling.com\/pl\/category\/kolarstwo-szosowe\/\" title=\"Kolarstwo szosowe\">Kolarstwo szosowe<\/a>\n    <\/div>\n    <div class=\"entry-details\">\n        <a href=\"https:\/\/www.welovecycling.com\/pl\/2020\/01\/10\/tak-powinien-wygladac-kalendarz-2020-kazdego-fana-kolarstwa\/\" class='entry-title-wrapper'>\n            <h3 class=\"entry-title\"><span>Tak powinien wygl\u0105da\u0107 kalendarz 2020 ka\u017cdego fana kolarstwa<\/span><\/h3>\n        <\/a>\n    <\/div>\n    <\/article>\n<\/div>\n<h2><strong>Wypadek Landy<\/strong><\/h2>\n<p>Nie wszyscy jednak tak udanie zacz\u0119li 2020 rok. Jednym z najwi\u0119kszych pechowc\u00f3w jest Michael Landa (Bahrain &#8211; McLaren), kt\u00f3rego kilka dni temu podczas treningu potr\u0105ci\u0142 samoch\u00f3d. W tym ca\u0142ym nieszcz\u0119\u015bciu Hiszpan mia\u0142 jednak sporo farta.<\/p>\n<p>\u201ePierwsze badania wykaza\u0142y, \u017ce wszystko jest w porz\u0105dku. Mam nadziej\u0119, \u017ce wkr\u00f3tce wr\u00f3c\u0119 do trening\u00f3w\u201d \u2013 napisa\u0142 Landa na Twitterze.<\/p>\n<p>Tymczasem zawodnicy ju\u017c przygotowuj\u0105 si\u0119 do kolejnych wy\u015bcig\u00f3w z serii UCI World Tour. Najpierw odb\u0119dzie si\u0119 siedmioetapowy UAE Tour (23-29 lutego), a p\u00f3\u017aniej \u015bciganie na d\u0142u\u017cej zawita do Europy. Zacznie si\u0119 jednodniowymi Omloop Het Nieuwsblad (29 lipca) i Strade Bianche (7 marca), a nast\u0119pnie rozegrany zostanie presti\u017cowy Pary\u017c \u2013 Nicea (8-15 marca) oraz\u00a0 Tirreno\u2013Adriatico (11 \u2013 17 marca).<\/p>\n<p><span data-sheets-value=\"{&quot;1&quot;:2,&quot;2&quot;:&quot;Artyku\u0142 powsta\u0142 we wsp\u00f3\u0142pracy ze skoda-auto.pl&quot;}\" data-sheets-userformat=\"{&quot;2&quot;:1,&quot;3&quot;:{&quot;1&quot;:0}}\" data-sheets-hyperlink=\"http:\/\/www.skoda-auto.pl\/\"><a class=\"in-cell-link\" href=\"http:\/\/www.skoda-auto.pl\/\" target=\"_blank\" rel=\"noopener\">Artyku\u0142 powsta\u0142 we wsp\u00f3\u0142pracy ze skoda-auto.pl<\/a><\/span><\/p>\n<p><a href=\"https:\/\/www.skoda-auto.pl\/modele\/karoq\"><img loading=\"lazy\" decoding=\"async\" class=\"aligncenter wp-image-9606 size-full loading\" src=\"https:\/\/d2p6e6u75xmxt8.cloudfront.net\/5\/2019\/08\/baner_WLC_640x350_1.png\" sizes=\"auto, (max-width: 640px) 100vw, 640px\" srcset=\"https:\/\/d2p6e6u75xmxt8.cloudfront.net\/5\/2019\/08\/baner_WLC_640x350_1.png 640w, https:\/\/d2p6e6u75xmxt8.cloudfront.net\/5\/2019\/08\/baner_WLC_640x350_1-300x164.png 300w\" alt=\"\" width=\"640\" height=\"350\" data-was-processed=\"true\" \/><\/a><\/p>\n","protected":false},"excerpt":{"rendered":"<p>Sezon na zawody kolarskie powoli si\u0119 rozkr\u0119ca! Powa\u017cnym \u015bciganiem cieszyli si\u0119 ju\u017c Australijczycy, teraz czas na Zjednoczone Emiraty Arabskie, a [&hellip;]<\/p>\n","protected":false},"author":76,"featured_media":10283,"comment_status":"open","ping_status":"open","sticky":false,"template":"","format":"standard","meta":{"footnotes":""},"categories":[6,295],"tags":[151,158,327,82,137],"global-categories":[303],"class_list":["post-10282","post","type-post","status-publish","format-standard","has-post-thumbnail","hentry","category-kolarstwo-szosowe","category-zawody","tag-kolarstwo-szosowe","tag-relacja","tag-uci-world-tour","tag-welovecycling","tag-wyscigi","global-categories-cycling"],"yoast_head":"<!-- This site is optimized with the Yoast SEO Premium plugin v25.3 (Yoast SEO v25.9) - https:\/\/yoast.com\/wordpress\/plugins\/seo\/ -->\n<title>Zawodowcy wystartowali! Jedni \u015bwi\u0119tuj\u0105, inni ju\u017c li\u017c\u0105 rany<\/title>\n<meta name=\"description\" content=\"UCI World Tour to najwa\u017cniejsze zawody kolarskie na \u015bwiecie. Rozgrywany jest od p\u00f3\u0142kuli wschodniej do zachodniej, wi\u0119c jako pierwsi najlepszych zawodnik\u00f3w \u015bwiata co roku ogl\u0105daj\u0105 Australijczycy.\" \/>\n<meta name=\"robots\" content=\"index, follow, max-snippet:-1, max-image-preview:large, max-video-preview:-1\" \/>\n<link rel=\"canonical\" href=\"https:\/\/www.welovecycling.com\/pl\/2020\/02\/04\/zawodowcy-wystartowali-jedni-swietuja-inni-juz-liza-rany\/\" \/>\n<meta property=\"og:locale\" content=\"pl_PL\" \/>\n<meta property=\"og:type\" content=\"article\" \/>\n<meta property=\"og:title\" content=\"Zawodowcy wystartowali! Jedni \u015bwi\u0119tuj\u0105, inni ju\u017c li\u017c\u0105 rany\" \/>\n<meta property=\"og:description\" content=\"UCI World Tour to najwa\u017cniejsze zawody kolarskie na \u015bwiecie. Rozgrywany jest od p\u00f3\u0142kuli wschodniej do zachodniej, wi\u0119c jako pierwsi najlepszych zawodnik\u00f3w \u015bwiata co roku ogl\u0105daj\u0105 Australijczycy.\" \/>\n<meta property=\"og:url\" content=\"https:\/\/www.welovecycling.com\/pl\/2020\/02\/04\/zawodowcy-wystartowali-jedni-swietuja-inni-juz-liza-rany\/\" \/>\n<meta property=\"og:site_name\" content=\"\u0160koda We Love Cycling - Poland\" \/>\n<meta property=\"article:published_time\" content=\"2020-02-04T08:28:48+00:00\" \/>\n<meta property=\"article:modified_time\" content=\"2020-02-06T13:31:49+00:00\" \/>\n<meta property=\"og:image\" content=\"https:\/\/d2p6e6u75xmxt8.cloudfront.net\/5\/2020\/02\/1500x500.jpg\" \/>\n\t<meta property=\"og:image:width\" content=\"1500\" \/>\n\t<meta property=\"og:image:height\" content=\"500\" \/>\n\t<meta property=\"og:image:type\" content=\"image\/jpeg\" \/>\n<meta name=\"author\" content=\"piotrboczkowski\" \/>\n<meta name=\"twitter:card\" content=\"summary_large_image\" \/>\n<meta name=\"twitter:label1\" content=\"Written by\" \/>\n\t<meta name=\"twitter:data1\" content=\"Piotr Nowik\" \/>\n\t<meta name=\"twitter:label2\" content=\"Est. reading time\" \/>\n\t<meta name=\"twitter:data2\" content=\"3 minutes\" \/>\n<script type=\"application\/ld+json\" class=\"yoast-schema-graph\">{\"@context\":\"https:\/\/schema.org\",\"@graph\":[{\"@type\":\"WebPage\",\"@id\":\"https:\/\/www.welovecycling.com\/pl\/2020\/02\/04\/zawodowcy-wystartowali-jedni-swietuja-inni-juz-liza-rany\/\",\"url\":\"https:\/\/www.welovecycling.com\/pl\/2020\/02\/04\/zawodowcy-wystartowali-jedni-swietuja-inni-juz-liza-rany\/\",\"name\":\"Zawodowcy wystartowali! Jedni \u015bwi\u0119tuj\u0105, inni ju\u017c li\u017c\u0105 rany\",\"isPartOf\":{\"@id\":\"https:\/\/www.welovecycling.com\/pl\/#website\"},\"primaryImageOfPage\":{\"@id\":\"https:\/\/www.welovecycling.com\/pl\/2020\/02\/04\/zawodowcy-wystartowali-jedni-swietuja-inni-juz-liza-rany\/#primaryimage\"},\"image\":{\"@id\":\"https:\/\/www.welovecycling.com\/pl\/2020\/02\/04\/zawodowcy-wystartowali-jedni-swietuja-inni-juz-liza-rany\/#primaryimage\"},\"thumbnailUrl\":\"https:\/\/d2p6e6u75xmxt8.cloudfront.net\/5\/2020\/02\/1500x500.jpg\",\"datePublished\":\"2020-02-04T08:28:48+00:00\",\"dateModified\":\"2020-02-06T13:31:49+00:00\",\"author\":{\"@id\":\"https:\/\/www.welovecycling.com\/pl\/#\/schema\/person\/0dba2d39da943db9df3fd8f4687e7f23\"},\"description\":\"UCI World Tour to najwa\u017cniejsze zawody kolarskie na \u015bwiecie. Rozgrywany jest od p\u00f3\u0142kuli wschodniej do zachodniej, wi\u0119c jako pierwsi najlepszych zawodnik\u00f3w \u015bwiata co roku ogl\u0105daj\u0105 Australijczycy.\",\"breadcrumb\":{\"@id\":\"https:\/\/www.welovecycling.com\/pl\/2020\/02\/04\/zawodowcy-wystartowali-jedni-swietuja-inni-juz-liza-rany\/#breadcrumb\"},\"inLanguage\":\"pl-PL\",\"potentialAction\":[{\"@type\":\"ReadAction\",\"target\":[\"https:\/\/www.welovecycling.com\/pl\/2020\/02\/04\/zawodowcy-wystartowali-jedni-swietuja-inni-juz-liza-rany\/\"]}]},{\"@type\":\"ImageObject\",\"inLanguage\":\"pl-PL\",\"@id\":\"https:\/\/www.welovecycling.com\/pl\/2020\/02\/04\/zawodowcy-wystartowali-jedni-swietuja-inni-juz-liza-rany\/#primaryimage\",\"url\":\"https:\/\/d2p6e6u75xmxt8.cloudfront.net\/5\/2020\/02\/1500x500.jpg\",\"contentUrl\":\"https:\/\/d2p6e6u75xmxt8.cloudfront.net\/5\/2020\/02\/1500x500.jpg\",\"width\":1500,\"height\":500},{\"@type\":\"BreadcrumbList\",\"@id\":\"https:\/\/www.welovecycling.com\/pl\/2020\/02\/04\/zawodowcy-wystartowali-jedni-swietuja-inni-juz-liza-rany\/#breadcrumb\",\"itemListElement\":[{\"@type\":\"ListItem\",\"position\":1,\"name\":\"Home\",\"item\":\"https:\/\/www.welovecycling.com\/pl\/\"},{\"@type\":\"ListItem\",\"position\":2,\"name\":\"Zawodowcy wystartowali! Jedni \u015bwi\u0119tuj\u0105, inni ju\u017c li\u017c\u0105 rany\"}]},{\"@type\":\"WebSite\",\"@id\":\"https:\/\/www.welovecycling.com\/pl\/#website\",\"url\":\"https:\/\/www.welovecycling.com\/pl\/\",\"name\":\"\u0160koda We Love Cycling - Poland\",\"description\":\"\",\"potentialAction\":[{\"@type\":\"SearchAction\",\"target\":{\"@type\":\"EntryPoint\",\"urlTemplate\":\"https:\/\/www.welovecycling.com\/pl\/?s={search_term_string}\"},\"query-input\":{\"@type\":\"PropertyValueSpecification\",\"valueRequired\":true,\"valueName\":\"search_term_string\"}}],\"inLanguage\":\"pl-PL\"},{\"@type\":\"Person\",\"@id\":\"https:\/\/www.welovecycling.com\/pl\/#\/schema\/person\/0dba2d39da943db9df3fd8f4687e7f23\",\"name\":\"piotrboczkowski\",\"image\":{\"@type\":\"ImageObject\",\"inLanguage\":\"pl-PL\",\"@id\":\"https:\/\/www.welovecycling.com\/pl\/#\/schema\/person\/image\/\",\"url\":\"https:\/\/secure.gravatar.com\/avatar\/533caccae14752e03a2ce2d3fd62d1b98b93e1393c3195c27819e53344ca1ace?s=96&d=mm&r=g\",\"contentUrl\":\"https:\/\/secure.gravatar.com\/avatar\/533caccae14752e03a2ce2d3fd62d1b98b93e1393c3195c27819e53344ca1ace?s=96&d=mm&r=g\",\"caption\":\"piotrboczkowski\"},\"url\":\"https:\/\/www.welovecycling.com\/pl\/author\/piotrboczkowski\/\"}]}<\/script>\n<!-- \/ Yoast SEO Premium plugin. -->","yoast_head_json":{"title":"Zawodowcy wystartowali! Jedni \u015bwi\u0119tuj\u0105, inni ju\u017c li\u017c\u0105 rany","description":"UCI World Tour to najwa\u017cniejsze zawody kolarskie na \u015bwiecie. Rozgrywany jest od p\u00f3\u0142kuli wschodniej do zachodniej, wi\u0119c jako pierwsi najlepszych zawodnik\u00f3w \u015bwiata co roku ogl\u0105daj\u0105 Australijczycy.","robots":{"index":"index","follow":"follow","max-snippet":"max-snippet:-1","max-image-preview":"max-image-preview:large","max-video-preview":"max-video-preview:-1"},"canonical":"https:\/\/www.welovecycling.com\/pl\/2020\/02\/04\/zawodowcy-wystartowali-jedni-swietuja-inni-juz-liza-rany\/","og_locale":"pl_PL","og_type":"article","og_title":"Zawodowcy wystartowali! Jedni \u015bwi\u0119tuj\u0105, inni ju\u017c li\u017c\u0105 rany","og_description":"UCI World Tour to najwa\u017cniejsze zawody kolarskie na \u015bwiecie. Rozgrywany jest od p\u00f3\u0142kuli wschodniej do zachodniej, wi\u0119c jako pierwsi najlepszych zawodnik\u00f3w \u015bwiata co roku ogl\u0105daj\u0105 Australijczycy.","og_url":"https:\/\/www.welovecycling.com\/pl\/2020\/02\/04\/zawodowcy-wystartowali-jedni-swietuja-inni-juz-liza-rany\/","og_site_name":"\u0160koda We Love Cycling - Poland","article_published_time":"2020-02-04T08:28:48+00:00","article_modified_time":"2020-02-06T13:31:49+00:00","og_image":[{"width":1500,"height":500,"url":"https:\/\/d2p6e6u75xmxt8.cloudfront.net\/5\/2020\/02\/1500x500.jpg","type":"image\/jpeg"}],"author":"piotrboczkowski","twitter_card":"summary_large_image","twitter_misc":{"Written by":"Piotr Nowik","Est. reading time":"3 minutes"},"schema":{"@context":"https:\/\/schema.org","@graph":[{"@type":"WebPage","@id":"https:\/\/www.welovecycling.com\/pl\/2020\/02\/04\/zawodowcy-wystartowali-jedni-swietuja-inni-juz-liza-rany\/","url":"https:\/\/www.welovecycling.com\/pl\/2020\/02\/04\/zawodowcy-wystartowali-jedni-swietuja-inni-juz-liza-rany\/","name":"Zawodowcy wystartowali! Jedni \u015bwi\u0119tuj\u0105, inni ju\u017c li\u017c\u0105 rany","isPartOf":{"@id":"https:\/\/www.welovecycling.com\/pl\/#website"},"primaryImageOfPage":{"@id":"https:\/\/www.welovecycling.com\/pl\/2020\/02\/04\/zawodowcy-wystartowali-jedni-swietuja-inni-juz-liza-rany\/#primaryimage"},"image":{"@id":"https:\/\/www.welovecycling.com\/pl\/2020\/02\/04\/zawodowcy-wystartowali-jedni-swietuja-inni-juz-liza-rany\/#primaryimage"},"thumbnailUrl":"https:\/\/d2p6e6u75xmxt8.cloudfront.net\/5\/2020\/02\/1500x500.jpg","datePublished":"2020-02-04T08:28:48+00:00","dateModified":"2020-02-06T13:31:49+00:00","author":{"@id":"https:\/\/www.welovecycling.com\/pl\/#\/schema\/person\/0dba2d39da943db9df3fd8f4687e7f23"},"description":"UCI World Tour to najwa\u017cniejsze zawody kolarskie na \u015bwiecie. Rozgrywany jest od p\u00f3\u0142kuli wschodniej do zachodniej, wi\u0119c jako pierwsi najlepszych zawodnik\u00f3w \u015bwiata co roku ogl\u0105daj\u0105 Australijczycy.","breadcrumb":{"@id":"https:\/\/www.welovecycling.com\/pl\/2020\/02\/04\/zawodowcy-wystartowali-jedni-swietuja-inni-juz-liza-rany\/#breadcrumb"},"inLanguage":"pl-PL","potentialAction":[{"@type":"ReadAction","target":["https:\/\/www.welovecycling.com\/pl\/2020\/02\/04\/zawodowcy-wystartowali-jedni-swietuja-inni-juz-liza-rany\/"]}]},{"@type":"ImageObject","inLanguage":"pl-PL","@id":"https:\/\/www.welovecycling.com\/pl\/2020\/02\/04\/zawodowcy-wystartowali-jedni-swietuja-inni-juz-liza-rany\/#primaryimage","url":"https:\/\/d2p6e6u75xmxt8.cloudfront.net\/5\/2020\/02\/1500x500.jpg","contentUrl":"https:\/\/d2p6e6u75xmxt8.cloudfront.net\/5\/2020\/02\/1500x500.jpg","width":1500,"height":500},{"@type":"BreadcrumbList","@id":"https:\/\/www.welovecycling.com\/pl\/2020\/02\/04\/zawodowcy-wystartowali-jedni-swietuja-inni-juz-liza-rany\/#breadcrumb","itemListElement":[{"@type":"ListItem","position":1,"name":"Home","item":"https:\/\/www.welovecycling.com\/pl\/"},{"@type":"ListItem","position":2,"name":"Zawodowcy wystartowali! Jedni \u015bwi\u0119tuj\u0105, inni ju\u017c li\u017c\u0105 rany"}]},{"@type":"WebSite","@id":"https:\/\/www.welovecycling.com\/pl\/#website","url":"https:\/\/www.welovecycling.com\/pl\/","name":"\u0160koda We Love Cycling - Poland","description":"","potentialAction":[{"@type":"SearchAction","target":{"@type":"EntryPoint","urlTemplate":"https:\/\/www.welovecycling.com\/pl\/?s={search_term_string}"},"query-input":{"@type":"PropertyValueSpecification","valueRequired":true,"valueName":"search_term_string"}}],"inLanguage":"pl-PL"},{"@type":"Person","@id":"https:\/\/www.welovecycling.com\/pl\/#\/schema\/person\/0dba2d39da943db9df3fd8f4687e7f23","name":"piotrboczkowski","image":{"@type":"ImageObject","inLanguage":"pl-PL","@id":"https:\/\/www.welovecycling.com\/pl\/#\/schema\/person\/image\/","url":"https:\/\/secure.gravatar.com\/avatar\/533caccae14752e03a2ce2d3fd62d1b98b93e1393c3195c27819e53344ca1ace?s=96&d=mm&r=g","contentUrl":"https:\/\/secure.gravatar.com\/avatar\/533caccae14752e03a2ce2d3fd62d1b98b93e1393c3195c27819e53344ca1ace?s=96&d=mm&r=g","caption":"piotrboczkowski"},"url":"https:\/\/www.welovecycling.com\/pl\/author\/piotrboczkowski\/"}]}},"_links":{"self":[{"href":"https:\/\/www.welovecycling.com\/pl\/wp-json\/wp\/v2\/posts\/10282","targetHints":{"allow":["GET"]}}],"collection":[{"href":"https:\/\/www.welovecycling.com\/pl\/wp-json\/wp\/v2\/posts"}],"about":[{"href":"https:\/\/www.welovecycling.com\/pl\/wp-json\/wp\/v2\/types\/post"}],"author":[{"embeddable":true,"href":"https:\/\/www.welovecycling.com\/pl\/wp-json\/wp\/v2\/users\/76"}],"replies":[{"embeddable":true,"href":"https:\/\/www.welovecycling.com\/pl\/wp-json\/wp\/v2\/comments?post=10282"}],"version-history":[{"count":2,"href":"https:\/\/www.welovecycling.com\/pl\/wp-json\/wp\/v2\/posts\/10282\/revisions"}],"predecessor-version":[{"id":10292,"href":"https:\/\/www.welovecycling.com\/pl\/wp-json\/wp\/v2\/posts\/10282\/revisions\/10292"}],"wp:featuredmedia":[{"embeddable":true,"href":"https:\/\/www.welovecycling.com\/pl\/wp-json\/wp\/v2\/media\/10283"}],"wp:attachment":[{"href":"https:\/\/www.welovecycling.com\/pl\/wp-json\/wp\/v2\/media?parent=10282"}],"wp:term":[{"taxonomy":"category","embeddable":true,"href":"https:\/\/www.welovecycling.com\/pl\/wp-json\/wp\/v2\/categories?post=10282"},{"taxonomy":"post_tag","embeddable":true,"href":"https:\/\/www.welovecycling.com\/pl\/wp-json\/wp\/v2\/tags?post=10282"},{"taxonomy":"global-categories","embeddable":true,"href":"https:\/\/www.welovecycling.com\/pl\/wp-json\/wp\/v2\/global-categories?post=10282"}],"curies":[{"name":"wp","href":"https:\/\/api.w.org\/{rel}","templated":true}]}}