{"id":10265,"date":"2020-01-29T17:31:13","date_gmt":"2020-01-29T17:31:13","guid":{"rendered":"https:\/\/www.welovecycling.com\/pl\/?p=10265"},"modified":"2020-02-06T15:52:53","modified_gmt":"2020-02-06T15:52:53","slug":"oto-przepis-na-kolarska-dlugowiecznosc-historyczny-triumf-na-tour-de-france","status":"publish","type":"post","link":"https:\/\/www.welovecycling.com\/pl\/2020\/01\/29\/oto-przepis-na-kolarska-dlugowiecznosc-historyczny-triumf-na-tour-de-france\/","title":{"rendered":"Oto przepis na kolarsk\u0105 d\u0142ugowieczno\u015b\u0107\u2026 Historyczny triumf na Tour de France!"},"content":{"rendered":"<div id=\"pl-10265\"  class=\"panel-layout\" ><div id=\"pg-10265-0\"  class=\"panel-grid panel-no-style\" ><div id=\"pgc-10265-0-0\"  class=\"panel-grid-cell\" ><div id=\"panel-10265-0-0-0\" class=\"so-panel widget widget_sow-editor panel-first-child panel-last-child\" data-index=\"0\" ><div\n\t\t\t\n\t\t\tclass=\"so-widget-sow-editor so-widget-sow-editor-base\"\n\t\t\t\n\t\t>\n<div class=\"siteorigin-widget-tinymce textwidget\">\n\t<p><strong>- Uparty jak osio\u0142 i silny jak w\u00f3\u0142 \u2013 m\u00f3wili o nim rywale. <span class=\"mce-difficulty mce-long-sentence\">Dzi\u0119ki tym cechom <\/span><span class=\"mce-spellcheck mce-spellcheck-misspelling\" data-spellcheck-id=\"0\" data-spellcheck-title=\"B\u0142\u0119dna pisownia\" data-spellcheck-description=\"Wykryto prawdopodobny b\u0142\u0105d pisowni\" data-spellckeck-suggestions=\"Firmie|Firman|Irmin\"><span class=\"mce-difficulty mce-long-sentence\">Firmin<\/span><\/span> <span class=\"mce-spellcheck mce-spellcheck-misspelling\" data-spellcheck-id=\"1\" data-spellcheck-title=\"B\u0142\u0119dna pisownia\" data-spellcheck-description=\"Wykryto prawdopodobny b\u0142\u0105d pisowni\" data-spellckeck-suggestions=\"\"><span class=\"mce-difficulty mce-long-sentence\">Lambot<\/span><\/span><span class=\"mce-difficulty mce-long-sentence\"> znalaz\u0142 moc, by w wieku 36 lat wygra\u0107 Tour de France.<\/span> Do dzi\u015b nie zrobi\u0142 tego nikt starszy.<\/strong><\/p>\n<p>W tym wieku zawodnicy cz\u0119sto s\u0105 ju\u017c na emeryturze, albo przygotowuj\u0105 sobie mi\u0119kkie l\u0105dowanie po odstawieniu roweru. <span class=\"mce-spellcheck mce-spellcheck-misspelling\" data-spellcheck-id=\"2\" data-spellcheck-title=\"B\u0142\u0119dna pisownia\" data-spellcheck-description=\"Wykryto prawdopodobny b\u0142\u0105d pisowni\" data-spellckeck-suggestions=\"\">Lambot<\/span> o takim rozwi\u0105zaniu nie chcia\u0142 jednak s\u0142ysze\u0107. W 1922 r. zadziwi\u0142 \u015bwiat.<\/p>\n<p>Wyeksploatowany organizm, mniejsza zdolno\u015b\u0107 regeneracji i wi\u0119ksze prawdopodobie\u0144stwo kontuzji. <span class=\"mce-difficulty mce-long-sentence\">Czy 36-letni Belg nie da\u0142 si\u0119 wrzuci\u0107 do szufladki z tymi wszystkimi dolegliwo\u015bciami?<\/span> Zacisn\u0105\u0142 z\u0119by i dopi\u0105\u0142 swego.<\/p>\n<p>&nbsp;<\/p>\n<\/div>\n<\/div><\/div><\/div><\/div><div id=\"pg-10265-1\"  class=\"panel-grid panel-no-style\" ><div id=\"pgc-10265-1-0\"  class=\"panel-grid-cell\" ><div id=\"panel-10265-1-0-0\" class=\"so-panel widget widget_sow-editor panel-first-child panel-last-child\" data-index=\"1\" ><div\n\t\t\t\n\t\t\tclass=\"so-widget-sow-editor so-widget-sow-editor-base\"\n\t\t\t\n\t\t>\n<div class=\"siteorigin-widget-tinymce textwidget\">\n\t<figure style=\"width: 200px\" class=\"wp-caption alignnone\"><img loading=\"lazy\" decoding=\"async\" src=\"https:\/\/upload.wikimedia.org\/wikipedia\/commons\/9\/9a\/Firmin_Lambot.jpg\" alt=\"Firmin Lambot\" width=\"200\" height=\"393\" \/><figcaption class=\"wp-caption-text\">wikipedia.org\/wiki\/Firmin_Lambot<\/figcaption><\/figure>\n<\/div>\n<\/div><\/div><\/div><div id=\"pgc-10265-1-1\"  class=\"panel-grid-cell\" ><div id=\"panel-10265-1-1-0\" class=\"so-panel widget widget_sow-editor panel-first-child panel-last-child\" data-index=\"2\" ><div\n\t\t\t\n\t\t\tclass=\"so-widget-sow-editor so-widget-sow-editor-base\"\n\t\t\t\n\t\t>\n<div class=\"siteorigin-widget-tinymce textwidget\">\n\t<h1><span style=\"font-size: 18pt;\"><strong>Jak po\u0142\u0105czy\u0107 12 godzin w pracy i 50 km na rowerze<\/strong><\/span><\/h1>\n<p>Do morderczej walki przygotowywa\u0142 si\u0119 od najm\u0142odszych lat. Jako ch\u0142opiec, pracowa\u0142 jako rymarz i nie raz musia\u0142 zasuwa\u0107 ponad si\u0142y. Dni\u00f3wka nie mia\u0142a bowiem 6 czy 8 godzin, ale a\u017c 12. Zaczyna\u0142 wi\u0119c o 6 rano, \u017ceby p\u00f3\u017aniej znale\u017a\u0107 jeszcze czas na trening. W ko\u0144cu jednak po\u0142\u0105czy\u0142 przyjemne z po\u017cytecznym. Do pracy zacz\u0105\u0142 je\u017adzi\u0107 na rowerze. A by\u0142o to bagatela 25 km w jedn\u0105 stron\u0119.<\/p>\n<\/div>\n<\/div><\/div><\/div><\/div><div id=\"pg-10265-2\"  class=\"panel-grid panel-no-style\" ><div id=\"pgc-10265-2-0\"  class=\"panel-grid-cell\" ><div id=\"panel-10265-2-0-0\" class=\"so-panel widget widget_sow-editor panel-first-child panel-last-child\" data-index=\"3\" ><div\n\t\t\t\n\t\t\tclass=\"so-widget-sow-editor so-widget-sow-editor-base\"\n\t\t\t\n\t\t>\n<div class=\"siteorigin-widget-tinymce textwidget\">\n\t<p>Tak zahartowany organizm sprawi\u0142, \u017ce ju\u017c w wieku 22 lat zosta\u0142 mistrzem Belgii. Mia\u0142 niestety pecha. <span class=\"mce-difficulty mce-long-sentence\">Wybuch\u0142a I wojna \u015bwiatowa, kt\u00f3ra w CV sportowc\u00f3w zrobi\u0142a wyrw\u0119 na lata.<\/span> <span class=\"mce-spellcheck mce-spellcheck-misspelling\" data-spellcheck-id=\"3\" data-spellcheck-title=\"B\u0142\u0119dna pisownia\" data-spellcheck-description=\"Wykryto prawdopodobny b\u0142\u0105d pisowni\" data-spellckeck-suggestions=\"\"><span class=\"mce-difficulty mce-long-sentence\">Lambot<\/span><\/span><span class=\"mce-difficulty mce-long-sentence\"> w Tour de France zdo\u0142a\u0142 zadebiutowa\u0107 (w 1913 r. i 1914 r. wygra\u0142 nawet po etapie), ale na kolejny wyst\u0119p w Wielkiej P\u0119tli musia\u0142 czeka\u0107 do 1919 r.<\/span><\/p>\n<p>Przez ten czas jakby magazynowa\u0142 rozpieraj\u0105c\u0105 go energi\u0119. <span class=\"mce-difficulty mce-long-sentence\">Uwolni\u0142 j\u0105 na ostatnich etapach Tour de France 1919, gdy zaatakowa\u0142 <\/span><span class=\"mce-spellcheck mce-spellcheck-misspelling\" data-spellcheck-id=\"4\" data-spellcheck-title=\"B\u0142\u0119dna pisownia\" data-spellcheck-description=\"Wykryto prawdopodobny b\u0142\u0105d pisowni\" data-spellckeck-suggestions=\"Eugeni\u0119|Eugenie|Eugence|Eugend|Eugenek|Eugenk\u0119|Euglen\u0119\"><span class=\"mce-difficulty mce-long-sentence\">Eugene<\/span><\/span><span class=\"mce-difficulty mce-long-sentence\">\u2019a Christophe\u2019a.<\/span> <span class=\"mce-difficulty mce-long-sentence\">Wyrwa\u0142 mu triumf na etapach z Metz do Dunkierki oraz z Dunkierki do Pary\u017ca.<\/span><\/p>\n<p><span class=\"mce-spellcheck mce-spellcheck-misspelling\" data-spellcheck-id=\"5\" data-spellcheck-title=\"B\u0142\u0119dna pisownia\" data-spellcheck-description=\"Wykryto prawdopodobny b\u0142\u0105d pisowni\" data-spellckeck-suggestions=\"\">Lambotowi<\/span> pomog\u0142o jednak szcz\u0119\u015bcie. Na przedostatnim etapie rywalowi p\u0119k\u0142 widelec, a naprawa zaj\u0119\u0142a ponad dwie godziny. Zdecydowania za du\u017co, by liczy\u0107 si\u0119 w walce o zwyci\u0119stwo. Co ciekawe, tamten wy\u015bcig uko\u0144czy\u0142o zaledwie 11 zawodnik\u00f3w.<\/p>\n<div class=\"shortcode-ys-post-pinup\"><article class=\"loop-simple post-9461 post type-post status-publish format-standard has-post-thumbnail hentry category-tour-de-france-2019\" data-postid=\"9461\" role=\"article\" data-post-id=\"9461\" data-word-count=\"420\" data-headline-length=\"68\" data-category=\"Tour de France 2019\" data-published=\"2019-08-01T08:09:27+00:00\" data-published-day=\"Thursday\">\n    <div class=\"entry-thumbnail article-thumbnail\" content=\"https:\/\/d2p6e6u75xmxt8.cloudfront.net\/5\/2019\/08\/21ab8-150x150.jpg\"><a href=\"https:\/\/www.welovecycling.com\/pl\/2019\/08\/01\/najlepszy-z-najlepszych-na-tour-de-france-pobil-niesamowity-rekord\/\" class=\"image-holder\" target=\"_self\"><img decoding=\"async\" loading=\"lazy\" class=\"\" src=\"https:\/\/d2p6e6u75xmxt8.cloudfront.net\/5\/2019\/08\/21ab8.jpg\" srcset=\"https:\/\/d2p6e6u75xmxt8.cloudfront.net\/5\/2019\/08\/21ab8.jpg 1000w, https:\/\/d2p6e6u75xmxt8.cloudfront.net\/5\/2019\/08\/21ab8-300x200.jpg 300w, https:\/\/d2p6e6u75xmxt8.cloudfront.net\/5\/2019\/08\/21ab8-768x512.jpg 768w, https:\/\/d2p6e6u75xmxt8.cloudfront.net\/5\/2019\/08\/21ab8-272x182.jpg 272w\" width=\"1000\" height=\"667\" sizes=\"auto, (min-width: 1200px) 300px, (min-width: 768px) 25vw, 100vw\" alt=\"najlepszy-z-najlepszych-na-tour-de-france-pobil-niesamowity-rekord\"\/><\/a><\/div>    <div class=\"entry-meta\">\n        <a class=\"label label-secondary post-category\" href=\"https:\/\/www.welovecycling.com\/pl\/category\/tour-de-france-2019\/\" title=\"Tour de France 2019\">Tour de France 2019<\/a>\n    <\/div>\n    <div class=\"entry-details\">\n        <a href=\"https:\/\/www.welovecycling.com\/pl\/2019\/08\/01\/najlepszy-z-najlepszych-na-tour-de-france-pobil-niesamowity-rekord\/\" class='entry-title-wrapper'>\n            <h3 class=\"entry-title\"><span>Najlepszy z najlepszych! Na Tour de France pobi\u0142 niesamowity rekord<\/span><\/h3>\n        <\/a>\n    <\/div>\n    <\/article>\n<\/div>\n<h1><span style=\"font-size: 18pt;\"><strong>Jak zdoby\u0107 triumf Tour de France po 222 godzinach i kolizji z psem<\/strong><\/span><\/h1>\n<p><span class=\"mce-spellcheck mce-spellcheck-misspelling\" data-spellcheck-id=\"6\" data-spellcheck-title=\"B\u0142\u0119dna pisownia\" data-spellcheck-description=\"Wykryto prawdopodobny b\u0142\u0105d pisowni\" data-spellckeck-suggestions=\"\">Lambot<\/span>\u00a0dalej kontynuowa\u0142 dobre wyst\u0119py w Wielkiej P\u0119tli. W 1920 r. wygra\u0142 dwa etapy i zaj\u0105\u0142 trzecie miejsce w klasyfikacji generalnej. Rok p\u00f3\u017aniej jego \u0142upem pad\u0142 jeden etap. <span class=\"mce-spellcheck mce-spellcheck-misspelling\" data-spellcheck-id=\"7\" data-spellcheck-title=\"B\u0142\u0119dna pisownia\" data-spellcheck-description=\"Wykryto prawdopodobny b\u0142\u0105d pisowni\" data-spellckeck-suggestions=\"\">Lambot<\/span> mia\u0142 ju\u017c jednak 36 lat. <span class=\"mce-difficulty mce-long-sentence\">Wydawa\u0142oby si\u0119, \u017ce w 1922 r. jedzie ju\u017c tylko po to, by po\u017cegna\u0107 si\u0119 z najwi\u0119kszym wy\u015bcigiem \u015bwiata.<\/span> <span class=\"mce-spellcheck mce-spellcheck-style\" data-spellcheck-id=\"8\" data-spellcheck-title=\"B\u0142\u0119dny szyk wyraz\u00f3w\" data-spellcheck-description=\"Ten wyraz nie powinien wyst\u0119powa\u0107 na pocz\u0105tku zdania.\" data-spellckeck-suggestions=\"\">Ale<\/span> tylko si\u0119 wydawa\u0142o\u2026<\/p>\n<p><span class=\"mce-difficulty mce-long-sentence\">Jego up\u00f3r po\u0142\u0105czony z niezwyk\u0142\u0105 si\u0142\u0105 oraz odrobin\u0105 szcz\u0119\u015bcia da\u0142y mu drugi triumf w karierze.<\/span> <span class=\"mce-difficulty mce-long-sentence\">Belg nie by\u0142 ju\u017c na tyle mocny, by wygrywa\u0107 etapy, ale ca\u0142y czas jecha\u0142 r\u00f3wno.<\/span> Tamten wy\u015bcig stworzony by\u0142 dla wytrzyma\u0142ych zawodnik\u00f3w. Etapy by\u0142y d\u0142ugie, niekt\u00f3re mia\u0142y nawet po blisko 500 km! \u0141\u0105cznie <span class=\"mce-spellcheck mce-spellcheck-misspelling\" data-spellcheck-id=\"9\" data-spellcheck-title=\"B\u0142\u0119dna pisownia\" data-spellcheck-description=\"Wykryto prawdopodobny b\u0142\u0105d pisowni\" data-spellckeck-suggestions=\"\">Lambot<\/span> sp\u0119dzi\u0142 na rowerze a\u017c 222 godziny. <span class=\"mce-difficulty mce-long-sentence\">Dla por\u00f3wnania zwyci\u0119zca ostatniej Wielkiej P\u0119tli \u2013 <\/span><span class=\"mce-spellcheck mce-spellcheck-misspelling\" data-spellcheck-id=\"10\" data-spellcheck-title=\"B\u0142\u0119dna pisownia\" data-spellcheck-description=\"Wykryto prawdopodobny b\u0142\u0105d pisowni\" data-spellckeck-suggestions=\"Egon|Eman|Etan|Elan|Gan|Iga\u0144|Egal|Ezan|Ga\u0144|G\u0119ga\u0144|Ngan|Wegan|Zga\u0144|\u0141ga\u0144|\u0179ga\u0144|\u017bga\u0144|E gan\"><span class=\"mce-difficulty mce-long-sentence\">Egan<\/span><\/span> <span class=\"mce-spellcheck mce-spellcheck-misspelling\" data-spellcheck-id=\"11\" data-spellcheck-title=\"B\u0142\u0119dna pisownia\" data-spellcheck-description=\"Wykryto prawdopodobny b\u0142\u0105d pisowni\" data-spellckeck-suggestions=\"Berna|Bernat|Berna\u015b|Bekn\u0105\u0142|Brn\u0105\u0142|B\u0119cn\u0105\u0142|Berna l\"><span class=\"mce-difficulty mce-long-sentence\">Bernal<\/span><\/span><span class=\"mce-difficulty mce-long-sentence\"> \u2013 jecha\u0142 blisko trzy razy kr\u00f3cej, bo przez niespe\u0142na 83 godziny!<\/span><\/p>\n<p><span class=\"mce-spellcheck mce-spellcheck-misspelling\" data-spellcheck-id=\"12\" data-spellcheck-title=\"B\u0142\u0119dna pisownia\" data-spellcheck-description=\"Wykryto prawdopodobny b\u0142\u0105d pisowni\" data-spellckeck-suggestions=\"\"><span class=\"mce-difficulty mce-long-sentence\">Lambot<\/span><\/span><span class=\"mce-difficulty mce-long-sentence\"> zn\u00f3w zaatakowa\u0142 na ostatnich etapach i zn\u00f3w odsadzi\u0142 konkurencj\u0119 na odcinku Metz \u2013 Dunkierka \u2013 Pary\u017c.<\/span> <span class=\"mce-difficulty mce-long-sentence\">Ca\u0142y wysi\u0142ek poszed\u0142by jednak na marne, gdyby nie szcz\u0119\u015bcie Belga, kt\u00f3re by\u0142o zarazem pechem <\/span><span class=\"mce-spellcheck mce-spellcheck-misspelling\" data-spellcheck-id=\"13\" data-spellcheck-title=\"B\u0142\u0119dna pisownia\" data-spellcheck-description=\"Wykryto prawdopodobny b\u0142\u0105d pisowni\" data-spellckeck-suggestions=\"Hektora\"><span class=\"mce-difficulty mce-long-sentence\">Hectora<\/span><\/span> <span class=\"mce-spellcheck mce-spellcheck-misspelling\" data-spellcheck-id=\"14\" data-spellcheck-title=\"B\u0142\u0119dna pisownia\" data-spellcheck-description=\"Wykryto prawdopodobny b\u0142\u0105d pisowni\" data-spellckeck-suggestions=\"\"><span class=\"mce-difficulty mce-long-sentence\">Heusghema<\/span><\/span><span class=\"mce-difficulty mce-long-sentence\">.<\/span><\/p>\n<p>Rodak <span class=\"mce-spellcheck mce-spellcheck-misspelling\" data-spellcheck-id=\"15\" data-spellcheck-title=\"B\u0142\u0119dna pisownia\" data-spellcheck-description=\"Wykryto prawdopodobny b\u0142\u0105d pisowni\" data-spellckeck-suggestions=\"\">Lambota<\/span> jecha\u0142 w koszulce lidera, ale na trasie uderzy\u0142 w psa i upad\u0142. <span class=\"mce-difficulty mce-long-sentence\">W wyniku kolizji uszkodzi\u0142 rower, ale jeden z s\u0119dzi\u00f3w pozwoli\u0142 po\u017cyczy\u0107 mu sprz\u0119t od przeje\u017cd\u017caj\u0105cego nieopodal nauczyciela.<\/span> Na mecie okaza\u0142o si\u0119 jednak, \u017ce <span class=\"mce-spellcheck mce-spellcheck-misspelling\" data-spellcheck-id=\"16\" data-spellcheck-title=\"B\u0142\u0119dna pisownia\" data-spellcheck-description=\"Wykryto prawdopodobny b\u0142\u0105d pisowni\" data-spellckeck-suggestions=\"\">Heusghem<\/span> z tego powodu otrzymuje godzinn\u0105 kar\u0119. Strata by\u0142a nie do odrobienia. Na mecie w Pary\u017cu do <span class=\"mce-spellcheck mce-spellcheck-misspelling\" data-spellcheck-id=\"17\" data-spellcheck-title=\"B\u0142\u0119dna pisownia\" data-spellcheck-description=\"Wykryto prawdopodobny b\u0142\u0105d pisowni\" data-spellckeck-suggestions=\"\">Lambota<\/span> zabrak\u0142o mu 43 minut.<\/p>\n<figure id=\"attachment_10266\" aria-describedby=\"caption-attachment-10266\" style=\"width: 784px\" class=\"wp-caption aligncenter\"><img loading=\"lazy\" decoding=\"async\" class=\"size-full wp-image-10266\" src=\"https:\/\/d2p6e6u75xmxt8.cloudfront.net\/5\/2020\/01\/parc_des_princes_27_7_19_tour_.agence_rol_btv1b530182236.jpg\" alt=\"Firmin Lambot\" width=\"784\" height=\"374\" srcset=\"https:\/\/d2p6e6u75xmxt8.cloudfront.net\/5\/2020\/01\/parc_des_princes_27_7_19_tour_.agence_rol_btv1b530182236.jpg 784w, https:\/\/d2p6e6u75xmxt8.cloudfront.net\/5\/2020\/01\/parc_des_princes_27_7_19_tour_.agence_rol_btv1b530182236-300x143.jpg 300w, https:\/\/d2p6e6u75xmxt8.cloudfront.net\/5\/2020\/01\/parc_des_princes_27_7_19_tour_.agence_rol_btv1b530182236-768x366.jpg 768w\" sizes=\"auto, (max-width: 784px) 100vw, 784px\" \/><figcaption id=\"caption-attachment-10266\" class=\"wp-caption-text\">\u00a9 gallica.bnf\/ Agence Rol<\/figcaption><\/figure>\n<h1><span style=\"font-size: 18pt;\"><strong>36 lat, 4 miesi\u0105ce i 9 dni<\/strong><\/span><\/h1>\n<p>Mimo 36 lat <span class=\"mce-spellcheck mce-spellcheck-misspelling\" data-spellcheck-id=\"18\" data-spellcheck-title=\"B\u0142\u0119dna pisownia\" data-spellcheck-description=\"Wykryto prawdopodobny b\u0142\u0105d pisowni\" data-spellckeck-suggestions=\"\">Lambot<\/span> wyst\u0105pi\u0142 jeszcze w dw\u00f3ch Wielkich P\u0119tlach. \u017badnej nie uko\u0144czy\u0142. Tym razem to on mia\u0142 pecha. Przyk\u0142adowo, 1923 r. uszkodzi\u0142 korb\u0119, a naprawa zaj\u0119\u0142a trzy godziny. To by\u0142o zdecydowanie za d\u0142ugo, nazajutrz wycofa\u0142 si\u0119 z wy\u015bcigu. Rok p\u00f3\u017aniej r\u00f3wnie\u017c, niestety, nie dotar\u0142 do mety. Ostatecznie zdecydowa\u0142 si\u0119 zako\u0144czy\u0107 karier\u0119. Ponownie zaj\u0105\u0142 si\u0119 rymarstwem, otworzy\u0142 tak\u017ce sklep rowerowy.<\/p>\n<p><span class=\"mce-spellcheck mce-spellcheck-misspelling\" data-spellcheck-id=\"19\" data-spellcheck-title=\"B\u0142\u0119dna pisownia\" data-spellcheck-description=\"Wykryto prawdopodobny b\u0142\u0105d pisowni\" data-spellckeck-suggestions=\"\">Lambot<\/span> zmar\u0142 w 1964 r., maj\u0105c 78 lat. Do dzi\u015b jest najstarszym zwyci\u0119zc\u0105 Tour de France w historii. <span class=\"mce-difficulty mce-long-sentence\">Podczas triumfu w 1922 r. mia\u0142 dok\u0142adnie 36 lat, 4 miesi\u0105ce i 9 dni.<\/span><\/p>\n<p><span data-sheets-value=\"{&quot;1&quot;:2,&quot;2&quot;:&quot;Artyku\u0142 powsta\u0142 we wsp\u00f3\u0142pracy ze skoda-auto.pl&quot;}\" data-sheets-userformat=\"{&quot;2&quot;:1,&quot;3&quot;:{&quot;1&quot;:0}}\" data-sheets-hyperlink=\"http:\/\/www.skoda-auto.pl\/\"><a class=\"in-cell-link\" href=\"http:\/\/www.skoda-auto.pl\/\" target=\"_blank\" rel=\"noopener\">Artyku\u0142 powsta\u0142 we wsp\u00f3\u0142pracy ze skoda-auto.pl<\/a><\/span><\/p>\n<p><a href=\"https:\/\/sklep.skoda.pl\/pl\/sklep\/b\/331\/rowery-i-akcesoria-rowery.html\"><img loading=\"lazy\" decoding=\"async\" class=\"loading aligncenter wp-image-9608 size-full\" src=\"https:\/\/d2p6e6u75xmxt8.cloudfront.net\/5\/2019\/08\/baner_WLC_640x350_3.png\" sizes=\"auto, (max-width: 640px) 100vw, 640px\" srcset=\"https:\/\/d2p6e6u75xmxt8.cloudfront.net\/5\/2019\/08\/baner_WLC_640x350_3.png 640w, https:\/\/d2p6e6u75xmxt8.cloudfront.net\/5\/2019\/08\/baner_WLC_640x350_3-300x164.png 300w\" alt=\"SKODA SCALA \" width=\"640\" height=\"350\" data-was-processed=\"true\" \/><\/a><\/p>\n<\/div>\n<\/div><\/div><\/div><\/div><\/div>","protected":false},"excerpt":{"rendered":"<p>&#8211; Uparty jak osio\u0142 i silny jak w\u00f3\u0142 \u2013 m\u00f3wili o nim rywale. Dzi\u0119ki tym cechom Firmin Lambot znalaz\u0142 moc, [&hellip;]<\/p>\n","protected":false},"author":76,"featured_media":10266,"comment_status":"open","ping_status":"open","sticky":false,"template":"","format":"standard","meta":{"footnotes":""},"categories":[226,325],"tags":[77],"global-categories":[303],"class_list":["post-10265","post","type-post","status-publish","format-standard","has-post-thumbnail","hentry","category-ciekawostki","category-historia","tag-tour-de-france","global-categories-cycling"],"yoast_head":"<!-- This site is optimized with the Yoast SEO Premium plugin v25.3 (Yoast SEO v25.9) - https:\/\/yoast.com\/wordpress\/plugins\/seo\/ -->\n<title>Przepis na kolarsk\u0105 d\u0142ugowieczno\u015b\u0107? Historyczny triumf na Tour de France<\/title>\n<meta name=\"description\" content=\"- Uparty jak osio\u0142 i silny jak w\u00f3\u0142 \u2013 m\u00f3wili o nim rywale. Dzi\u0119ki tym cechom Firmin Lambot znalaz\u0142 moc, by w wieku 36 lat wygra\u0107 Tour de France.\" \/>\n<meta name=\"robots\" content=\"index, follow, max-snippet:-1, max-image-preview:large, max-video-preview:-1\" \/>\n<link rel=\"canonical\" href=\"https:\/\/www.welovecycling.com\/pl\/2020\/01\/29\/oto-przepis-na-kolarska-dlugowiecznosc-historyczny-triumf-na-tour-de-france\/\" \/>\n<meta property=\"og:locale\" content=\"pl_PL\" \/>\n<meta property=\"og:type\" content=\"article\" \/>\n<meta property=\"og:title\" content=\"Oto przepis na kolarsk\u0105 d\u0142ugowieczno\u015b\u0107\u2026 Historyczny triumf na Tour de France!\" \/>\n<meta property=\"og:description\" content=\"- Uparty jak osio\u0142 i silny jak w\u00f3\u0142 \u2013 m\u00f3wili o nim rywale. Dzi\u0119ki tym cechom Firmin Lambot znalaz\u0142 moc, by w wieku 36 lat wygra\u0107 Tour de France.\" \/>\n<meta property=\"og:url\" content=\"https:\/\/www.welovecycling.com\/pl\/2020\/01\/29\/oto-przepis-na-kolarska-dlugowiecznosc-historyczny-triumf-na-tour-de-france\/\" \/>\n<meta property=\"og:site_name\" content=\"\u0160koda We Love Cycling - Poland\" \/>\n<meta property=\"article:published_time\" content=\"2020-01-29T17:31:13+00:00\" \/>\n<meta property=\"article:modified_time\" content=\"2020-02-06T15:52:53+00:00\" \/>\n<meta property=\"og:image\" content=\"https:\/\/d2p6e6u75xmxt8.cloudfront.net\/5\/2020\/01\/parc_des_princes_27_7_19_tour_.agence_rol_btv1b530182236.jpg\" \/>\n\t<meta property=\"og:image:width\" content=\"784\" \/>\n\t<meta property=\"og:image:height\" content=\"374\" \/>\n\t<meta property=\"og:image:type\" content=\"image\/jpeg\" \/>\n<meta name=\"author\" content=\"piotrboczkowski\" \/>\n<meta name=\"twitter:card\" content=\"summary_large_image\" \/>\n<meta name=\"twitter:label1\" content=\"Written by\" \/>\n\t<meta name=\"twitter:data1\" content=\"piotrboczkowski\" \/>\n\t<meta name=\"twitter:label2\" content=\"Est. reading time\" \/>\n\t<meta name=\"twitter:data2\" content=\"4 minutes\" \/>\n<script type=\"application\/ld+json\" class=\"yoast-schema-graph\">{\"@context\":\"https:\/\/schema.org\",\"@graph\":[{\"@type\":\"WebPage\",\"@id\":\"https:\/\/www.welovecycling.com\/pl\/2020\/01\/29\/oto-przepis-na-kolarska-dlugowiecznosc-historyczny-triumf-na-tour-de-france\/\",\"url\":\"https:\/\/www.welovecycling.com\/pl\/2020\/01\/29\/oto-przepis-na-kolarska-dlugowiecznosc-historyczny-triumf-na-tour-de-france\/\",\"name\":\"Przepis na kolarsk\u0105 d\u0142ugowieczno\u015b\u0107? Historyczny triumf na Tour de France\",\"isPartOf\":{\"@id\":\"https:\/\/www.welovecycling.com\/pl\/#website\"},\"primaryImageOfPage\":{\"@id\":\"https:\/\/www.welovecycling.com\/pl\/2020\/01\/29\/oto-przepis-na-kolarska-dlugowiecznosc-historyczny-triumf-na-tour-de-france\/#primaryimage\"},\"image\":{\"@id\":\"https:\/\/www.welovecycling.com\/pl\/2020\/01\/29\/oto-przepis-na-kolarska-dlugowiecznosc-historyczny-triumf-na-tour-de-france\/#primaryimage\"},\"thumbnailUrl\":\"https:\/\/d2p6e6u75xmxt8.cloudfront.net\/5\/2020\/01\/parc_des_princes_27_7_19_tour_.agence_rol_btv1b530182236.jpg\",\"datePublished\":\"2020-01-29T17:31:13+00:00\",\"dateModified\":\"2020-02-06T15:52:53+00:00\",\"author\":{\"@id\":\"https:\/\/www.welovecycling.com\/pl\/#\/schema\/person\/0dba2d39da943db9df3fd8f4687e7f23\"},\"description\":\"- Uparty jak osio\u0142 i silny jak w\u00f3\u0142 \u2013 m\u00f3wili o nim rywale. Dzi\u0119ki tym cechom Firmin Lambot znalaz\u0142 moc, by w wieku 36 lat wygra\u0107 Tour de France.\",\"breadcrumb\":{\"@id\":\"https:\/\/www.welovecycling.com\/pl\/2020\/01\/29\/oto-przepis-na-kolarska-dlugowiecznosc-historyczny-triumf-na-tour-de-france\/#breadcrumb\"},\"inLanguage\":\"pl-PL\",\"potentialAction\":[{\"@type\":\"ReadAction\",\"target\":[\"https:\/\/www.welovecycling.com\/pl\/2020\/01\/29\/oto-przepis-na-kolarska-dlugowiecznosc-historyczny-triumf-na-tour-de-france\/\"]}]},{\"@type\":\"ImageObject\",\"inLanguage\":\"pl-PL\",\"@id\":\"https:\/\/www.welovecycling.com\/pl\/2020\/01\/29\/oto-przepis-na-kolarska-dlugowiecznosc-historyczny-triumf-na-tour-de-france\/#primaryimage\",\"url\":\"https:\/\/d2p6e6u75xmxt8.cloudfront.net\/5\/2020\/01\/parc_des_princes_27_7_19_tour_.agence_rol_btv1b530182236.jpg\",\"contentUrl\":\"https:\/\/d2p6e6u75xmxt8.cloudfront.net\/5\/2020\/01\/parc_des_princes_27_7_19_tour_.agence_rol_btv1b530182236.jpg\",\"width\":784,\"height\":374,\"caption\":\"\u00a9 gallica.bnf\/ Agence Rol\"},{\"@type\":\"BreadcrumbList\",\"@id\":\"https:\/\/www.welovecycling.com\/pl\/2020\/01\/29\/oto-przepis-na-kolarska-dlugowiecznosc-historyczny-triumf-na-tour-de-france\/#breadcrumb\",\"itemListElement\":[{\"@type\":\"ListItem\",\"position\":1,\"name\":\"Home\",\"item\":\"https:\/\/www.welovecycling.com\/pl\/\"},{\"@type\":\"ListItem\",\"position\":2,\"name\":\"Oto przepis na kolarsk\u0105 d\u0142ugowieczno\u015b\u0107\u2026 Historyczny triumf na Tour de France!\"}]},{\"@type\":\"WebSite\",\"@id\":\"https:\/\/www.welovecycling.com\/pl\/#website\",\"url\":\"https:\/\/www.welovecycling.com\/pl\/\",\"name\":\"\u0160koda We Love Cycling - Poland\",\"description\":\"\",\"potentialAction\":[{\"@type\":\"SearchAction\",\"target\":{\"@type\":\"EntryPoint\",\"urlTemplate\":\"https:\/\/www.welovecycling.com\/pl\/?s={search_term_string}\"},\"query-input\":{\"@type\":\"PropertyValueSpecification\",\"valueRequired\":true,\"valueName\":\"search_term_string\"}}],\"inLanguage\":\"pl-PL\"},{\"@type\":\"Person\",\"@id\":\"https:\/\/www.welovecycling.com\/pl\/#\/schema\/person\/0dba2d39da943db9df3fd8f4687e7f23\",\"name\":\"piotrboczkowski\",\"image\":{\"@type\":\"ImageObject\",\"inLanguage\":\"pl-PL\",\"@id\":\"https:\/\/www.welovecycling.com\/pl\/#\/schema\/person\/image\/\",\"url\":\"https:\/\/secure.gravatar.com\/avatar\/533caccae14752e03a2ce2d3fd62d1b98b93e1393c3195c27819e53344ca1ace?s=96&d=mm&r=g\",\"contentUrl\":\"https:\/\/secure.gravatar.com\/avatar\/533caccae14752e03a2ce2d3fd62d1b98b93e1393c3195c27819e53344ca1ace?s=96&d=mm&r=g\",\"caption\":\"piotrboczkowski\"},\"url\":\"https:\/\/www.welovecycling.com\/pl\/author\/piotrboczkowski\/\"}]}<\/script>\n<!-- \/ Yoast SEO Premium plugin. -->","yoast_head_json":{"title":"Przepis na kolarsk\u0105 d\u0142ugowieczno\u015b\u0107? Historyczny triumf na Tour de France","description":"- Uparty jak osio\u0142 i silny jak w\u00f3\u0142 \u2013 m\u00f3wili o nim rywale. Dzi\u0119ki tym cechom Firmin Lambot znalaz\u0142 moc, by w wieku 36 lat wygra\u0107 Tour de France.","robots":{"index":"index","follow":"follow","max-snippet":"max-snippet:-1","max-image-preview":"max-image-preview:large","max-video-preview":"max-video-preview:-1"},"canonical":"https:\/\/www.welovecycling.com\/pl\/2020\/01\/29\/oto-przepis-na-kolarska-dlugowiecznosc-historyczny-triumf-na-tour-de-france\/","og_locale":"pl_PL","og_type":"article","og_title":"Oto przepis na kolarsk\u0105 d\u0142ugowieczno\u015b\u0107\u2026 Historyczny triumf na Tour de France!","og_description":"- Uparty jak osio\u0142 i silny jak w\u00f3\u0142 \u2013 m\u00f3wili o nim rywale. Dzi\u0119ki tym cechom Firmin Lambot znalaz\u0142 moc, by w wieku 36 lat wygra\u0107 Tour de France.","og_url":"https:\/\/www.welovecycling.com\/pl\/2020\/01\/29\/oto-przepis-na-kolarska-dlugowiecznosc-historyczny-triumf-na-tour-de-france\/","og_site_name":"\u0160koda We Love Cycling - Poland","article_published_time":"2020-01-29T17:31:13+00:00","article_modified_time":"2020-02-06T15:52:53+00:00","og_image":[{"width":784,"height":374,"url":"https:\/\/d2p6e6u75xmxt8.cloudfront.net\/5\/2020\/01\/parc_des_princes_27_7_19_tour_.agence_rol_btv1b530182236.jpg","type":"image\/jpeg"}],"author":"piotrboczkowski","twitter_card":"summary_large_image","twitter_misc":{"Written by":"piotrboczkowski","Est. reading time":"4 minutes"},"schema":{"@context":"https:\/\/schema.org","@graph":[{"@type":"WebPage","@id":"https:\/\/www.welovecycling.com\/pl\/2020\/01\/29\/oto-przepis-na-kolarska-dlugowiecznosc-historyczny-triumf-na-tour-de-france\/","url":"https:\/\/www.welovecycling.com\/pl\/2020\/01\/29\/oto-przepis-na-kolarska-dlugowiecznosc-historyczny-triumf-na-tour-de-france\/","name":"Przepis na kolarsk\u0105 d\u0142ugowieczno\u015b\u0107? Historyczny triumf na Tour de France","isPartOf":{"@id":"https:\/\/www.welovecycling.com\/pl\/#website"},"primaryImageOfPage":{"@id":"https:\/\/www.welovecycling.com\/pl\/2020\/01\/29\/oto-przepis-na-kolarska-dlugowiecznosc-historyczny-triumf-na-tour-de-france\/#primaryimage"},"image":{"@id":"https:\/\/www.welovecycling.com\/pl\/2020\/01\/29\/oto-przepis-na-kolarska-dlugowiecznosc-historyczny-triumf-na-tour-de-france\/#primaryimage"},"thumbnailUrl":"https:\/\/d2p6e6u75xmxt8.cloudfront.net\/5\/2020\/01\/parc_des_princes_27_7_19_tour_.agence_rol_btv1b530182236.jpg","datePublished":"2020-01-29T17:31:13+00:00","dateModified":"2020-02-06T15:52:53+00:00","author":{"@id":"https:\/\/www.welovecycling.com\/pl\/#\/schema\/person\/0dba2d39da943db9df3fd8f4687e7f23"},"description":"- Uparty jak osio\u0142 i silny jak w\u00f3\u0142 \u2013 m\u00f3wili o nim rywale. Dzi\u0119ki tym cechom Firmin Lambot znalaz\u0142 moc, by w wieku 36 lat wygra\u0107 Tour de France.","breadcrumb":{"@id":"https:\/\/www.welovecycling.com\/pl\/2020\/01\/29\/oto-przepis-na-kolarska-dlugowiecznosc-historyczny-triumf-na-tour-de-france\/#breadcrumb"},"inLanguage":"pl-PL","potentialAction":[{"@type":"ReadAction","target":["https:\/\/www.welovecycling.com\/pl\/2020\/01\/29\/oto-przepis-na-kolarska-dlugowiecznosc-historyczny-triumf-na-tour-de-france\/"]}]},{"@type":"ImageObject","inLanguage":"pl-PL","@id":"https:\/\/www.welovecycling.com\/pl\/2020\/01\/29\/oto-przepis-na-kolarska-dlugowiecznosc-historyczny-triumf-na-tour-de-france\/#primaryimage","url":"https:\/\/d2p6e6u75xmxt8.cloudfront.net\/5\/2020\/01\/parc_des_princes_27_7_19_tour_.agence_rol_btv1b530182236.jpg","contentUrl":"https:\/\/d2p6e6u75xmxt8.cloudfront.net\/5\/2020\/01\/parc_des_princes_27_7_19_tour_.agence_rol_btv1b530182236.jpg","width":784,"height":374,"caption":"\u00a9 gallica.bnf\/ Agence Rol"},{"@type":"BreadcrumbList","@id":"https:\/\/www.welovecycling.com\/pl\/2020\/01\/29\/oto-przepis-na-kolarska-dlugowiecznosc-historyczny-triumf-na-tour-de-france\/#breadcrumb","itemListElement":[{"@type":"ListItem","position":1,"name":"Home","item":"https:\/\/www.welovecycling.com\/pl\/"},{"@type":"ListItem","position":2,"name":"Oto przepis na kolarsk\u0105 d\u0142ugowieczno\u015b\u0107\u2026 Historyczny triumf na Tour de France!"}]},{"@type":"WebSite","@id":"https:\/\/www.welovecycling.com\/pl\/#website","url":"https:\/\/www.welovecycling.com\/pl\/","name":"\u0160koda We Love Cycling - Poland","description":"","potentialAction":[{"@type":"SearchAction","target":{"@type":"EntryPoint","urlTemplate":"https:\/\/www.welovecycling.com\/pl\/?s={search_term_string}"},"query-input":{"@type":"PropertyValueSpecification","valueRequired":true,"valueName":"search_term_string"}}],"inLanguage":"pl-PL"},{"@type":"Person","@id":"https:\/\/www.welovecycling.com\/pl\/#\/schema\/person\/0dba2d39da943db9df3fd8f4687e7f23","name":"piotrboczkowski","image":{"@type":"ImageObject","inLanguage":"pl-PL","@id":"https:\/\/www.welovecycling.com\/pl\/#\/schema\/person\/image\/","url":"https:\/\/secure.gravatar.com\/avatar\/533caccae14752e03a2ce2d3fd62d1b98b93e1393c3195c27819e53344ca1ace?s=96&d=mm&r=g","contentUrl":"https:\/\/secure.gravatar.com\/avatar\/533caccae14752e03a2ce2d3fd62d1b98b93e1393c3195c27819e53344ca1ace?s=96&d=mm&r=g","caption":"piotrboczkowski"},"url":"https:\/\/www.welovecycling.com\/pl\/author\/piotrboczkowski\/"}]}},"_links":{"self":[{"href":"https:\/\/www.welovecycling.com\/pl\/wp-json\/wp\/v2\/posts\/10265","targetHints":{"allow":["GET"]}}],"collection":[{"href":"https:\/\/www.welovecycling.com\/pl\/wp-json\/wp\/v2\/posts"}],"about":[{"href":"https:\/\/www.welovecycling.com\/pl\/wp-json\/wp\/v2\/types\/post"}],"author":[{"embeddable":true,"href":"https:\/\/www.welovecycling.com\/pl\/wp-json\/wp\/v2\/users\/76"}],"replies":[{"embeddable":true,"href":"https:\/\/www.welovecycling.com\/pl\/wp-json\/wp\/v2\/comments?post=10265"}],"version-history":[{"count":2,"href":"https:\/\/www.welovecycling.com\/pl\/wp-json\/wp\/v2\/posts\/10265\/revisions"}],"predecessor-version":[{"id":10310,"href":"https:\/\/www.welovecycling.com\/pl\/wp-json\/wp\/v2\/posts\/10265\/revisions\/10310"}],"wp:featuredmedia":[{"embeddable":true,"href":"https:\/\/www.welovecycling.com\/pl\/wp-json\/wp\/v2\/media\/10266"}],"wp:attachment":[{"href":"https:\/\/www.welovecycling.com\/pl\/wp-json\/wp\/v2\/media?parent=10265"}],"wp:term":[{"taxonomy":"category","embeddable":true,"href":"https:\/\/www.welovecycling.com\/pl\/wp-json\/wp\/v2\/categories?post=10265"},{"taxonomy":"post_tag","embeddable":true,"href":"https:\/\/www.welovecycling.com\/pl\/wp-json\/wp\/v2\/tags?post=10265"},{"taxonomy":"global-categories","embeddable":true,"href":"https:\/\/www.welovecycling.com\/pl\/wp-json\/wp\/v2\/global-categories?post=10265"}],"curies":[{"name":"wp","href":"https:\/\/api.w.org\/{rel}","templated":true}]}}