{"id":10242,"date":"2020-01-24T16:48:20","date_gmt":"2020-01-24T16:48:20","guid":{"rendered":"https:\/\/www.welovecycling.com\/pl\/?p=10242"},"modified":"2020-01-25T16:48:30","modified_gmt":"2020-01-25T16:48:30","slug":"ten-czerwony-fragment-jezdni-bardzo-ulatwia-zycie-rowerzystom","status":"publish","type":"post","link":"https:\/\/www.welovecycling.com\/pl\/2020\/01\/24\/ten-czerwony-fragment-jezdni-bardzo-ulatwia-zycie-rowerzystom\/","title":{"rendered":"Ten czerwony fragment jezdni bardzo u\u0142atwia \u017cycie rowerzystom!"},"content":{"rendered":"<p>Cho\u0107 nie wszystkim kierowcom si\u0119 podoba, to jednak rowerzystom zapewnia bezpiecze\u0144stwo i szybsze przemieszczanie po mie\u015bcie. Co to jest \u015bluza rowerowa? Jak wygl\u0105da? Gdzie mo\u017cna j\u0105 spotka\u0107? I przede wszystkim \u2013 jak z niej prawid\u0142owo korzysta\u0107? Ju\u017c wyja\u015bniamy!<\/p>\n<p>\u015aluza rowerowa to specjalne miejsce, z kt\u00f3rego rowerzysta w bezpieczny spos\u00f3b mo\u017ce wjecha\u0107 na skrzy\u017cowanie po zmianie \u015bwiat\u0142a z czerwonego na zielone.<\/p>\n<p>\u015aluza na og\u00f3\u0142 znajduje si\u0119 tu\u017c przed sygnalizacj\u0105 \u015bwietln\u0105 i jest namalowana na czerwono. Nie mog\u0105 na niej ustawia\u0107 si\u0119 samochody, a to oznacza, \u017ce rower stoj\u0105cy na \u015bluzie zawsze znajduje si\u0119 przed autami, dzi\u0119ki czemu podczas ruszania ze skrzy\u017cowania nie musi si\u0119 mi\u0119dzy nimi przeciska\u0107.<\/p>\n<p>Na og\u00f3\u0142 \u015bluzy wygl\u0105daj\u0105 tak:<\/p>\n<p><img loading=\"lazy\" decoding=\"async\" class=\"aligncenter size-full wp-image-10243\" src=\"https:\/\/d2p6e6u75xmxt8.cloudfront.net\/5\/2020\/01\/800px-Praha-\u010cern\u00fd_Most_cyklobox_1.jpg\" alt=\"\" width=\"800\" height=\"450\" srcset=\"https:\/\/d2p6e6u75xmxt8.cloudfront.net\/5\/2020\/01\/800px-Praha-\u010cern\u00fd_Most_cyklobox_1.jpg 800w, https:\/\/d2p6e6u75xmxt8.cloudfront.net\/5\/2020\/01\/800px-Praha-\u010cern\u00fd_Most_cyklobox_1-300x169.jpg 300w, https:\/\/d2p6e6u75xmxt8.cloudfront.net\/5\/2020\/01\/800px-Praha-\u010cern\u00fd_Most_cyklobox_1-768x432.jpg 768w\" sizes=\"auto, (max-width: 800px) 100vw, 800px\" \/><\/p>\n<p><strong>Jak korzysta\u0107 ze \u015bluzy?<\/strong><\/p>\n<p>Zasada dzia\u0142ania \u015bluzy jest prosta. Wszystkie pojazdy mechaniczne zatrzymuj\u0105 si\u0119 na czerwonym \u015bwietle, a w\u00f3wczas rowery stoj\u0105ce z ty\u0142u, mog\u0105 omin\u0105\u0107 samochody, by bezpiecznie ustawi\u0107 si\u0119 przed nimi na \u015bluzie.<\/p>\n<p>Cz\u0119sto do \u015bluzy prowadzi wyznaczona droga rowerowa. Je\u015bli jednak jej nie ma, to pami\u0119tajcie, \u017ce auta mo\u017cecie omija\u0107 r\u00f3wnie\u017c z prawej strony, o czym pisali\u015bmy <a href=\"https:\/\/www.welovecycling.com\/pl\/2019\/09\/27\/wielki-dylemat-rowerzysty-czy-wolno-wyprzedzac-prawa-strona\/\">TUTAJ<\/a><\/p>\n<div class=\"shortcode-ys-post-pinup\"><article class=\"loop-simple post-9800 post type-post status-publish format-standard has-post-thumbnail hentry category-bezpieczenstwo\" data-postid=\"9800\" role=\"article\" data-post-id=\"9800\" data-word-count=\"275\" data-headline-length=\"67\" data-category=\"Bezpiecze\u0144stwo\" data-published=\"2019-09-27T07:26:12+00:00\" data-published-day=\"Friday\">\n    <div class=\"entry-thumbnail article-thumbnail\" content=\"https:\/\/d2p6e6u75xmxt8.cloudfront.net\/5\/2019\/09\/covermallorca-1024x447-150x150.jpg\"><a href=\"https:\/\/www.welovecycling.com\/pl\/2019\/09\/27\/wielki-dylemat-rowerzysty-czy-wolno-wyprzedzac-prawa-strona\/\" class=\"image-holder\" target=\"_self\"><img decoding=\"async\" loading=\"lazy\" class=\"\" src=\"https:\/\/d2p6e6u75xmxt8.cloudfront.net\/5\/2019\/09\/covermallorca-1024x447-1024x447.jpg\" srcset=\"https:\/\/d2p6e6u75xmxt8.cloudfront.net\/5\/2019\/09\/covermallorca-1024x447.jpg 1024w, https:\/\/d2p6e6u75xmxt8.cloudfront.net\/5\/2019\/09\/covermallorca-1024x447-300x131.jpg 300w, https:\/\/d2p6e6u75xmxt8.cloudfront.net\/5\/2019\/09\/covermallorca-1024x447-768x335.jpg 768w\" width=\"1024\" height=\"447\" sizes=\"auto, (min-width: 1200px) 458px, (min-width: 768px) 38vw, 100vw\" alt=\"wielki-dylemat-rowerzysty-czy-wolno-wyprzedzac-prawa-strona\"\/><\/a><\/div>    <div class=\"entry-meta\">\n        <a class=\"label label-secondary post-category\" href=\"https:\/\/www.welovecycling.com\/pl\/category\/bezpieczenstwo\/\" title=\"Bezpiecze\u0144stwo\">Bezpiecze\u0144stwo<\/a>\n    <\/div>\n    <div class=\"entry-details\">\n        <a href=\"https:\/\/www.welovecycling.com\/pl\/2019\/09\/27\/wielki-dylemat-rowerzysty-czy-wolno-wyprzedzac-prawa-strona\/\" class='entry-title-wrapper'>\n            <h3 class=\"entry-title\"><span>Wielki dylemat rowerzysty \u2013 czy wolno wyprzedza\u0107 praw\u0105 stron\u0105?<\/span><\/h3>\n        <\/a>\n    <\/div>\n    <\/article>\n<\/div>\n<p>Dzi\u0119ki \u015bluzie rowerowej rowerzy\u015bci niejako maj\u0105 pierwsze\u0144stwo podczas startu spod \u015bwiate\u0142 i dzi\u0119ki temu s\u0105 lepiej widoczni dla kierowc\u00f3w. By jednak \u015bluzy rowerowe spe\u0142nia\u0142y swoj\u0105 funkcj\u0119, powinni\u015bmy przestrzega\u0107 kilku zasad:<\/p>\n<p>&#8211; zajmujmy \u015bluz\u0119 zgodn\u0105 z naszym kierunkiem jazdy;<\/p>\n<p>&#8211; na \u015bluzie nie ustawiajmy si\u0119 zbyt blisko kraw\u0119\u017cnika, poniewa\u017c nadje\u017cd\u017caj\u0105ce z ty\u0142u samochody mog\u0105 nas nie zauwa\u017cy\u0107;<\/p>\n<p>&#8211; je\u015bli na \u015bluzie znajduje si\u0119 kilku rowerzyst\u00f3w, to powinni si\u0119 oni ustawi\u0107 obok siebie, a nie \u201eg\u0119siego\u201d<\/p>\n<p>&#8211; \u015bluz\u0119 powinni\u015bmy opu\u015bci\u0107 najszybciej jak to mo\u017cliwe. I tu UWAGA! Za nieopuszczenie \u015bluzy po zapaleniu si\u0119 zielonego \u015bwiat\u0142a grozi mandat w wysoko\u015bci 50 z\u0142!<\/p>\n<p><strong>Polskie \u015bluzy maj\u0105 ju\u017c 10 lat<\/strong><\/p>\n<p>Pierwsze \u015bluzy rowerowe powsta\u0142y w 1986 r. w Oxfordzie, a ich celem by\u0142o u\u0142atwienie rowerzystom skr\u0119tu w lewo. Dzi\u015b przede wszystkim maj\u0105 one zapewnia\u0107 cyklistom bezpiecze\u0144stwo i takie zadanie \u00a0spe\u0142niaj\u0105 te\u017c na drogach polskich miast.<\/p>\n<p>Pierwsza w Polsce \u015bluza pojawi\u0142a si\u0119 w 2010 roku we Wroc\u0142awiu, ale podobne rozwi\u0105zania stosowane s\u0105 ju\u017c m.in. w Warszawie, Krakowie, \u0141odzi czy Tr\u00f3jmie\u015bcie.<\/p>\n<lite-youtube videoid=xAOytSHj1Ok params=\"enablejsapi=1\" style=\"background-image: url('https:\/\/i.ytimg.com\/vi_webp\/xAOytSHj1Ok\/maxresdefault.webp');\"><\/lite-youtube>\n<p><span data-sheets-value=\"{&quot;1&quot;:2,&quot;2&quot;:&quot;Artyku\u0142 powsta\u0142 we wsp\u00f3\u0142pracy ze skoda-auto.pl&quot;}\" data-sheets-userformat=\"{&quot;2&quot;:1,&quot;3&quot;:{&quot;1&quot;:0}}\" data-sheets-hyperlink=\"http:\/\/www.skoda-auto.pl\/\"><a class=\"in-cell-link\" href=\"http:\/\/www.skoda-auto.pl\/\" target=\"_blank\" rel=\"noopener\">Artyku\u0142 powsta\u0142 we wsp\u00f3\u0142pracy ze skoda-auto.pl<\/a><\/span><\/p>\n<p><a href=\"https:\/\/sklep.skoda.pl\/pl\/sklep\/b\/331\/rowery-i-akcesoria-rowery.html\"><img loading=\"lazy\" decoding=\"async\" class=\"aligncenter wp-image-9608 size-full loading\" src=\"https:\/\/d2p6e6u75xmxt8.cloudfront.net\/5\/2019\/08\/baner_WLC_640x350_3.png\" sizes=\"auto, (max-width: 640px) 100vw, 640px\" srcset=\"https:\/\/d2p6e6u75xmxt8.cloudfront.net\/5\/2019\/08\/baner_WLC_640x350_3.png 640w, https:\/\/d2p6e6u75xmxt8.cloudfront.net\/5\/2019\/08\/baner_WLC_640x350_3-300x164.png 300w\" alt=\"\" width=\"640\" height=\"350\" data-was-processed=\"true\" \/><\/a><\/p>\n","protected":false},"excerpt":{"rendered":"<p>Cho\u0107 nie wszystkim kierowcom si\u0119 podoba, to jednak rowerzystom zapewnia bezpiecze\u0144stwo i szybsze przemieszczanie po mie\u015bcie. Co to jest \u015bluza [&hellip;]<\/p>\n","protected":false},"author":76,"featured_media":10243,"comment_status":"open","ping_status":"open","sticky":false,"template":"","format":"standard","meta":{"footnotes":""},"categories":[7],"tags":[],"global-categories":[303],"class_list":["post-10242","post","type-post","status-publish","format-standard","has-post-thumbnail","hentry","category-bezpieczenstwo","global-categories-cycling"],"yoast_head":"<!-- This site is optimized with the Yoast SEO Premium plugin v25.3 (Yoast SEO v25.9) - https:\/\/yoast.com\/wordpress\/plugins\/seo\/ -->\n<title>Ten czerwony fragment jezdni bardzo u\u0142atwia \u017cycie rowerzystom! - \u0160koda We Love Cycling - Poland<\/title>\n<meta name=\"robots\" content=\"index, follow, max-snippet:-1, max-image-preview:large, max-video-preview:-1\" \/>\n<link rel=\"canonical\" href=\"https:\/\/www.welovecycling.com\/pl\/2020\/01\/24\/ten-czerwony-fragment-jezdni-bardzo-ulatwia-zycie-rowerzystom\/\" \/>\n<meta property=\"og:locale\" content=\"pl_PL\" \/>\n<meta property=\"og:type\" content=\"article\" \/>\n<meta property=\"og:title\" content=\"Ten czerwony fragment jezdni bardzo u\u0142atwia \u017cycie rowerzystom!\" \/>\n<meta property=\"og:description\" content=\"Cho\u0107 nie wszystkim kierowcom si\u0119 podoba, to jednak rowerzystom zapewnia bezpiecze\u0144stwo i szybsze przemieszczanie po mie\u015bcie. Co to jest \u015bluza [&hellip;]\" \/>\n<meta property=\"og:url\" content=\"https:\/\/www.welovecycling.com\/pl\/2020\/01\/24\/ten-czerwony-fragment-jezdni-bardzo-ulatwia-zycie-rowerzystom\/\" \/>\n<meta property=\"og:site_name\" content=\"\u0160koda We Love Cycling - Poland\" \/>\n<meta property=\"article:published_time\" content=\"2020-01-24T16:48:20+00:00\" \/>\n<meta property=\"article:modified_time\" content=\"2020-01-25T16:48:30+00:00\" \/>\n<meta property=\"og:image\" content=\"https:\/\/d2p6e6u75xmxt8.cloudfront.net\/5\/2020\/01\/800px-Praha-\u010cern\u00fd_Most_cyklobox_1.jpg\" \/>\n\t<meta property=\"og:image:width\" content=\"800\" \/>\n\t<meta property=\"og:image:height\" content=\"450\" \/>\n\t<meta property=\"og:image:type\" content=\"image\/jpeg\" \/>\n<meta name=\"author\" content=\"piotrboczkowski\" \/>\n<meta name=\"twitter:card\" content=\"summary_large_image\" \/>\n<meta name=\"twitter:label1\" content=\"Written by\" \/>\n\t<meta name=\"twitter:data1\" content=\"piotrboczkowski\" \/>\n\t<meta name=\"twitter:label2\" content=\"Est. reading time\" \/>\n\t<meta name=\"twitter:data2\" content=\"2 minutes\" \/>\n<script type=\"application\/ld+json\" class=\"yoast-schema-graph\">{\"@context\":\"https:\/\/schema.org\",\"@graph\":[{\"@type\":\"WebPage\",\"@id\":\"https:\/\/www.welovecycling.com\/pl\/2020\/01\/24\/ten-czerwony-fragment-jezdni-bardzo-ulatwia-zycie-rowerzystom\/\",\"url\":\"https:\/\/www.welovecycling.com\/pl\/2020\/01\/24\/ten-czerwony-fragment-jezdni-bardzo-ulatwia-zycie-rowerzystom\/\",\"name\":\"Ten czerwony fragment jezdni bardzo u\u0142atwia \u017cycie rowerzystom! - \u0160koda We Love Cycling - Poland\",\"isPartOf\":{\"@id\":\"https:\/\/www.welovecycling.com\/pl\/#website\"},\"primaryImageOfPage\":{\"@id\":\"https:\/\/www.welovecycling.com\/pl\/2020\/01\/24\/ten-czerwony-fragment-jezdni-bardzo-ulatwia-zycie-rowerzystom\/#primaryimage\"},\"image\":{\"@id\":\"https:\/\/www.welovecycling.com\/pl\/2020\/01\/24\/ten-czerwony-fragment-jezdni-bardzo-ulatwia-zycie-rowerzystom\/#primaryimage\"},\"thumbnailUrl\":\"https:\/\/d2p6e6u75xmxt8.cloudfront.net\/5\/2020\/01\/800px-Praha-\u010cern\u00fd_Most_cyklobox_1.jpg\",\"datePublished\":\"2020-01-24T16:48:20+00:00\",\"dateModified\":\"2020-01-25T16:48:30+00:00\",\"author\":{\"@id\":\"https:\/\/www.welovecycling.com\/pl\/#\/schema\/person\/0dba2d39da943db9df3fd8f4687e7f23\"},\"breadcrumb\":{\"@id\":\"https:\/\/www.welovecycling.com\/pl\/2020\/01\/24\/ten-czerwony-fragment-jezdni-bardzo-ulatwia-zycie-rowerzystom\/#breadcrumb\"},\"inLanguage\":\"pl-PL\",\"potentialAction\":[{\"@type\":\"ReadAction\",\"target\":[\"https:\/\/www.welovecycling.com\/pl\/2020\/01\/24\/ten-czerwony-fragment-jezdni-bardzo-ulatwia-zycie-rowerzystom\/\"]}]},{\"@type\":\"ImageObject\",\"inLanguage\":\"pl-PL\",\"@id\":\"https:\/\/www.welovecycling.com\/pl\/2020\/01\/24\/ten-czerwony-fragment-jezdni-bardzo-ulatwia-zycie-rowerzystom\/#primaryimage\",\"url\":\"https:\/\/d2p6e6u75xmxt8.cloudfront.net\/5\/2020\/01\/800px-Praha-\u010cern\u00fd_Most_cyklobox_1.jpg\",\"contentUrl\":\"https:\/\/d2p6e6u75xmxt8.cloudfront.net\/5\/2020\/01\/800px-Praha-\u010cern\u00fd_Most_cyklobox_1.jpg\",\"width\":800,\"height\":450},{\"@type\":\"BreadcrumbList\",\"@id\":\"https:\/\/www.welovecycling.com\/pl\/2020\/01\/24\/ten-czerwony-fragment-jezdni-bardzo-ulatwia-zycie-rowerzystom\/#breadcrumb\",\"itemListElement\":[{\"@type\":\"ListItem\",\"position\":1,\"name\":\"Home\",\"item\":\"https:\/\/www.welovecycling.com\/pl\/\"},{\"@type\":\"ListItem\",\"position\":2,\"name\":\"Ten czerwony fragment jezdni bardzo u\u0142atwia \u017cycie rowerzystom!\"}]},{\"@type\":\"WebSite\",\"@id\":\"https:\/\/www.welovecycling.com\/pl\/#website\",\"url\":\"https:\/\/www.welovecycling.com\/pl\/\",\"name\":\"\u0160koda We Love Cycling - Poland\",\"description\":\"\",\"potentialAction\":[{\"@type\":\"SearchAction\",\"target\":{\"@type\":\"EntryPoint\",\"urlTemplate\":\"https:\/\/www.welovecycling.com\/pl\/?s={search_term_string}\"},\"query-input\":{\"@type\":\"PropertyValueSpecification\",\"valueRequired\":true,\"valueName\":\"search_term_string\"}}],\"inLanguage\":\"pl-PL\"},{\"@type\":\"Person\",\"@id\":\"https:\/\/www.welovecycling.com\/pl\/#\/schema\/person\/0dba2d39da943db9df3fd8f4687e7f23\",\"name\":\"piotrboczkowski\",\"image\":{\"@type\":\"ImageObject\",\"inLanguage\":\"pl-PL\",\"@id\":\"https:\/\/www.welovecycling.com\/pl\/#\/schema\/person\/image\/\",\"url\":\"https:\/\/secure.gravatar.com\/avatar\/533caccae14752e03a2ce2d3fd62d1b98b93e1393c3195c27819e53344ca1ace?s=96&d=mm&r=g\",\"contentUrl\":\"https:\/\/secure.gravatar.com\/avatar\/533caccae14752e03a2ce2d3fd62d1b98b93e1393c3195c27819e53344ca1ace?s=96&d=mm&r=g\",\"caption\":\"piotrboczkowski\"},\"url\":\"https:\/\/www.welovecycling.com\/pl\/author\/piotrboczkowski\/\"}]}<\/script>\n<!-- \/ Yoast SEO Premium plugin. -->","yoast_head_json":{"title":"Ten czerwony fragment jezdni bardzo u\u0142atwia \u017cycie rowerzystom! - \u0160koda We Love Cycling - Poland","robots":{"index":"index","follow":"follow","max-snippet":"max-snippet:-1","max-image-preview":"max-image-preview:large","max-video-preview":"max-video-preview:-1"},"canonical":"https:\/\/www.welovecycling.com\/pl\/2020\/01\/24\/ten-czerwony-fragment-jezdni-bardzo-ulatwia-zycie-rowerzystom\/","og_locale":"pl_PL","og_type":"article","og_title":"Ten czerwony fragment jezdni bardzo u\u0142atwia \u017cycie rowerzystom!","og_description":"Cho\u0107 nie wszystkim kierowcom si\u0119 podoba, to jednak rowerzystom zapewnia bezpiecze\u0144stwo i szybsze przemieszczanie po mie\u015bcie. Co to jest \u015bluza [&hellip;]","og_url":"https:\/\/www.welovecycling.com\/pl\/2020\/01\/24\/ten-czerwony-fragment-jezdni-bardzo-ulatwia-zycie-rowerzystom\/","og_site_name":"\u0160koda We Love Cycling - Poland","article_published_time":"2020-01-24T16:48:20+00:00","article_modified_time":"2020-01-25T16:48:30+00:00","og_image":[{"width":800,"height":450,"url":"https:\/\/d2p6e6u75xmxt8.cloudfront.net\/5\/2020\/01\/800px-Praha-\u010cern\u00fd_Most_cyklobox_1.jpg","type":"image\/jpeg"}],"author":"piotrboczkowski","twitter_card":"summary_large_image","twitter_misc":{"Written by":"piotrboczkowski","Est. reading time":"2 minutes"},"schema":{"@context":"https:\/\/schema.org","@graph":[{"@type":"WebPage","@id":"https:\/\/www.welovecycling.com\/pl\/2020\/01\/24\/ten-czerwony-fragment-jezdni-bardzo-ulatwia-zycie-rowerzystom\/","url":"https:\/\/www.welovecycling.com\/pl\/2020\/01\/24\/ten-czerwony-fragment-jezdni-bardzo-ulatwia-zycie-rowerzystom\/","name":"Ten czerwony fragment jezdni bardzo u\u0142atwia \u017cycie rowerzystom! - \u0160koda We Love Cycling - Poland","isPartOf":{"@id":"https:\/\/www.welovecycling.com\/pl\/#website"},"primaryImageOfPage":{"@id":"https:\/\/www.welovecycling.com\/pl\/2020\/01\/24\/ten-czerwony-fragment-jezdni-bardzo-ulatwia-zycie-rowerzystom\/#primaryimage"},"image":{"@id":"https:\/\/www.welovecycling.com\/pl\/2020\/01\/24\/ten-czerwony-fragment-jezdni-bardzo-ulatwia-zycie-rowerzystom\/#primaryimage"},"thumbnailUrl":"https:\/\/d2p6e6u75xmxt8.cloudfront.net\/5\/2020\/01\/800px-Praha-\u010cern\u00fd_Most_cyklobox_1.jpg","datePublished":"2020-01-24T16:48:20+00:00","dateModified":"2020-01-25T16:48:30+00:00","author":{"@id":"https:\/\/www.welovecycling.com\/pl\/#\/schema\/person\/0dba2d39da943db9df3fd8f4687e7f23"},"breadcrumb":{"@id":"https:\/\/www.welovecycling.com\/pl\/2020\/01\/24\/ten-czerwony-fragment-jezdni-bardzo-ulatwia-zycie-rowerzystom\/#breadcrumb"},"inLanguage":"pl-PL","potentialAction":[{"@type":"ReadAction","target":["https:\/\/www.welovecycling.com\/pl\/2020\/01\/24\/ten-czerwony-fragment-jezdni-bardzo-ulatwia-zycie-rowerzystom\/"]}]},{"@type":"ImageObject","inLanguage":"pl-PL","@id":"https:\/\/www.welovecycling.com\/pl\/2020\/01\/24\/ten-czerwony-fragment-jezdni-bardzo-ulatwia-zycie-rowerzystom\/#primaryimage","url":"https:\/\/d2p6e6u75xmxt8.cloudfront.net\/5\/2020\/01\/800px-Praha-\u010cern\u00fd_Most_cyklobox_1.jpg","contentUrl":"https:\/\/d2p6e6u75xmxt8.cloudfront.net\/5\/2020\/01\/800px-Praha-\u010cern\u00fd_Most_cyklobox_1.jpg","width":800,"height":450},{"@type":"BreadcrumbList","@id":"https:\/\/www.welovecycling.com\/pl\/2020\/01\/24\/ten-czerwony-fragment-jezdni-bardzo-ulatwia-zycie-rowerzystom\/#breadcrumb","itemListElement":[{"@type":"ListItem","position":1,"name":"Home","item":"https:\/\/www.welovecycling.com\/pl\/"},{"@type":"ListItem","position":2,"name":"Ten czerwony fragment jezdni bardzo u\u0142atwia \u017cycie rowerzystom!"}]},{"@type":"WebSite","@id":"https:\/\/www.welovecycling.com\/pl\/#website","url":"https:\/\/www.welovecycling.com\/pl\/","name":"\u0160koda We Love Cycling - Poland","description":"","potentialAction":[{"@type":"SearchAction","target":{"@type":"EntryPoint","urlTemplate":"https:\/\/www.welovecycling.com\/pl\/?s={search_term_string}"},"query-input":{"@type":"PropertyValueSpecification","valueRequired":true,"valueName":"search_term_string"}}],"inLanguage":"pl-PL"},{"@type":"Person","@id":"https:\/\/www.welovecycling.com\/pl\/#\/schema\/person\/0dba2d39da943db9df3fd8f4687e7f23","name":"piotrboczkowski","image":{"@type":"ImageObject","inLanguage":"pl-PL","@id":"https:\/\/www.welovecycling.com\/pl\/#\/schema\/person\/image\/","url":"https:\/\/secure.gravatar.com\/avatar\/533caccae14752e03a2ce2d3fd62d1b98b93e1393c3195c27819e53344ca1ace?s=96&d=mm&r=g","contentUrl":"https:\/\/secure.gravatar.com\/avatar\/533caccae14752e03a2ce2d3fd62d1b98b93e1393c3195c27819e53344ca1ace?s=96&d=mm&r=g","caption":"piotrboczkowski"},"url":"https:\/\/www.welovecycling.com\/pl\/author\/piotrboczkowski\/"}]}},"_links":{"self":[{"href":"https:\/\/www.welovecycling.com\/pl\/wp-json\/wp\/v2\/posts\/10242","targetHints":{"allow":["GET"]}}],"collection":[{"href":"https:\/\/www.welovecycling.com\/pl\/wp-json\/wp\/v2\/posts"}],"about":[{"href":"https:\/\/www.welovecycling.com\/pl\/wp-json\/wp\/v2\/types\/post"}],"author":[{"embeddable":true,"href":"https:\/\/www.welovecycling.com\/pl\/wp-json\/wp\/v2\/users\/76"}],"replies":[{"embeddable":true,"href":"https:\/\/www.welovecycling.com\/pl\/wp-json\/wp\/v2\/comments?post=10242"}],"version-history":[{"count":2,"href":"https:\/\/www.welovecycling.com\/pl\/wp-json\/wp\/v2\/posts\/10242\/revisions"}],"predecessor-version":[{"id":10264,"href":"https:\/\/www.welovecycling.com\/pl\/wp-json\/wp\/v2\/posts\/10242\/revisions\/10264"}],"wp:featuredmedia":[{"embeddable":true,"href":"https:\/\/www.welovecycling.com\/pl\/wp-json\/wp\/v2\/media\/10243"}],"wp:attachment":[{"href":"https:\/\/www.welovecycling.com\/pl\/wp-json\/wp\/v2\/media?parent=10242"}],"wp:term":[{"taxonomy":"category","embeddable":true,"href":"https:\/\/www.welovecycling.com\/pl\/wp-json\/wp\/v2\/categories?post=10242"},{"taxonomy":"post_tag","embeddable":true,"href":"https:\/\/www.welovecycling.com\/pl\/wp-json\/wp\/v2\/tags?post=10242"},{"taxonomy":"global-categories","embeddable":true,"href":"https:\/\/www.welovecycling.com\/pl\/wp-json\/wp\/v2\/global-categories?post=10242"}],"curies":[{"name":"wp","href":"https:\/\/api.w.org\/{rel}","templated":true}]}}