{"id":10239,"date":"2020-01-23T16:08:35","date_gmt":"2020-01-23T16:08:35","guid":{"rendered":"https:\/\/www.welovecycling.com\/pl\/?p=10239"},"modified":"2020-01-23T21:15:41","modified_gmt":"2020-01-23T21:15:41","slug":"ciemna-strona-szalu-rowerowego-jazda-na-rowerze-i-rygorystyczne-normy","status":"publish","type":"post","link":"https:\/\/www.welovecycling.com\/pl\/2020\/01\/23\/ciemna-strona-szalu-rowerowego-jazda-na-rowerze-i-rygorystyczne-normy\/","title":{"rendered":"Ciemna strona sza\u0142u rowerowego: jazda na rowerze i rygorystyczne normy"},"content":{"rendered":"<p>Dla wiktoria\u0144skich kobiet wynalazek tak zwanego bezpiecznego roweru stanowi\u0142 rewolucj\u0119. Mamy lata 90. XIX wieku i kobiecie wolno wskakiwa\u0107 na siode\u0142ko i peda\u0142owa\u0107 w kierunku wi\u0119kszej niezale\u017cno\u015bci. Ta epoka, zwana \u201esza\u0142em rowerowym\u201d, stanowi\u0142a kluczowy punkt w historii emancypacji.<\/p>\n<p>Od tej pory sza\u0142 rowerowy by\u0142 celebrowany i na pewno zas\u0142uguje na wszystkie s\u0142owa uznania, kt\u00f3re pad\u0142y pod jego adresem. Kobiety otrzyma\u0142y pozwolenie na poruszanie si\u0119 w przestrzeni publicznej bez opieki i nie by\u0142o to \u017ale postrzegane \u2013 co wcze\u015bniej by\u0142o czym\u015b niespotykanym. Do\u015bwiadczenie pokazuje, \u017ce wszystko, co nowe i co pojawia si\u0119 w spo\u0142ecze\u0144stwie, na pocz\u0105tku spotyka si\u0119 z krytyk\u0105, dyskomfortem, a nawet oburzeniem, i jazda kobiet na rowerach nie by\u0142a wyj\u0105tkiem.<\/p>\n<figure id=\"attachment_175996\" aria-describedby=\"caption-attachment-175996\" style=\"width: 724px\" class=\"wp-caption alignnone\"><img loading=\"lazy\" decoding=\"async\" class=\"initial loaded wp-image-175996 size-full\" src=\"https:\/\/d2p6e6u75xmxt8.cloudfront.net\/2\/2019\/11\/Rover-safety-bicycle-of-1885.jpg\" sizes=\"auto, (max-width: 724px) 100vw, 724px\" srcset=\"https:\/\/d2p6e6u75xmxt8.cloudfront.net\/2\/2019\/11\/Rover-safety-bicycle-of-1885.jpg 724w, https:\/\/d2p6e6u75xmxt8.cloudfront.net\/2\/2019\/11\/Rover-safety-bicycle-of-1885-300x239.jpg 300w\" alt=\"\" width=\"724\" height=\"576\" data-was-processed=\"true\" \/><figcaption id=\"caption-attachment-175996\" class=\"wp-caption-text\">Bezpieczny bicykl firmy Rover z 1885 r. \u00a9 Rada Powiernicza Muzeum Nauki<\/figcaption><\/figure>\n<p>Debata publiczna koncentrowa\u0142a si\u0119 na nieostro\u017cnych, szybko je\u017cd\u017c\u0105cych rowerzystach i niebezpiecze\u0144stwie, jakie rzekomo stanowili dla pieszych. W przypadku kobiet na dw\u00f3ch k\u00f3\u0142kach ludzie byli jeszcze bardziej sceptyczni. Co nosi rowerzystka? Dok\u0105d je\u017adzi? Jak si\u0119 zachowuje i z kim rozmawia? Na wszystkie te pytania by\u0142a jedna prosta odpowied\u017a: kolarstwo uj\u0119te w rygorystyczne normy.<\/p>\n<p>Je\u015bli chodzi o kolarstwo kobiet, spo\u0142ecze\u0144stwo dba\u0142o o to, \u017ceby nie wzbudza\u0142o dziwnych skojarze\u0144. Jazda na rowerze zosta\u0142a przedstawiona jako co\u015b, co nie tylko pomog\u0142o kobietom w utrzymaniu ich domowej roli, ale nawet j\u0105 wzmocni\u0142o. Jaki to \u015bwietny spos\u00f3b na zwi\u0119kszenie skuteczno\u015bci podczas wykonywania obowi\u0105zk\u00f3w gospodyni domowej, prawda? Mo\u017cna szybciej za\u0142atwia\u0107 wszystkie sprawy lub zabra\u0107 ca\u0142\u0105 rodzin\u0119 na lody na dw\u00f3ch k\u00f3\u0142kach!<\/p>\n<p>Phillip Gordon Mackintosh i Glen Norcliffe zwracaj\u0105 uwag\u0119 na s\u0142ynn\u0105 ksi\u0105\u017ck\u0119, kt\u00f3ra stanowi \u015bwietny przyk\u0142ad na to, jak kobiety, mimo \u017ce mog\u0142y ju\u017c je\u017adzi\u0107 na rowerze, musia\u0142y nadal przestrzega\u0107 spo\u0142ecznie ustalonych r\u00f3l przypisanych kobietom \u2013 \u201eA Wheel Within a Wheel\u201d autorstwa Frances Willard. W pewnym sensie by\u0142 to podr\u0119cznik dla kobiet, instruuj\u0105cy je, jak zachowa\u0107 przypisane kobietom role, je\u017cd\u017c\u0105c rowerem.<\/p>\n<figure id=\"attachment_176001\" aria-describedby=\"caption-attachment-176001\" style=\"width: 1250px\" class=\"wp-caption alignnone\"><img loading=\"lazy\" decoding=\"async\" class=\"loading wp-image-176001 size-full\" src=\"https:\/\/d2p6e6u75xmxt8.cloudfront.net\/2\/2019\/11\/Bicycle-Craze-profimedia-0048786910.jpg\" sizes=\"auto, (max-width: 1250px) 100vw, 1250px\" srcset=\"https:\/\/d2p6e6u75xmxt8.cloudfront.net\/2\/2019\/11\/Bicycle-Craze-profimedia-0048786910.jpg 1250w, https:\/\/d2p6e6u75xmxt8.cloudfront.net\/2\/2019\/11\/Bicycle-Craze-profimedia-0048786910-300x204.jpg 300w, https:\/\/d2p6e6u75xmxt8.cloudfront.net\/2\/2019\/11\/Bicycle-Craze-profimedia-0048786910-768x521.jpg 768w, https:\/\/d2p6e6u75xmxt8.cloudfront.net\/2\/2019\/11\/Bicycle-Craze-profimedia-0048786910-1024x695.jpg 1024w\" alt=\"\" width=\"1250\" height=\"848\" data-was-processed=\"true\" \/><figcaption id=\"caption-attachment-176001\" class=\"wp-caption-text\">\u00a9 Neil McAllister \/ Alamy \/ Profimedia<\/figcaption><\/figure>\n<p>Kobieta na rowerze by\u0142a postrzegana w kategoriach estetycznych. Pi\u0119kna dama w r\u00f3wnie pi\u0119knej sukience, kt\u00f3ra chroni\u0142a sw\u00f3j rower przed plamami od odcisk\u00f3w palc\u00f3w i kt\u00f3ra zawsze mia\u0142a ze sob\u0105 czyst\u0105 szmatk\u0119 jako element wyposa\u017cenia rowerowego. W ksi\u0105\u017cce wszystkie zdj\u0119cia kobiet z rowerami robione by\u0142y w ogrodzie i podkre\u015bla\u0142y znaczenie kobiecego sposobu jazdy na dw\u00f3ch k\u00f3\u0142kach. Willard nazwa\u0142a to \u201epoezj\u0105 ruchu\u201d.<\/p>\n<p>Kobietom zalecano przestrzeganie konwenans\u00f3w, takich jak odpowiedni dystans, zsiadanie w kobiecy spos\u00f3b i jazda w jednym rz\u0119dzie. Mia\u0142y je\u017adzi\u0107 tylko \u0142atwo dost\u0119pnymi, porz\u0105dnymi drogami z telegrafami i telefonami. Nowoczesno\u015b\u0107 pojmowano w\u00f3wczas tak: wsi\u0105d\u017a na rower, b\u0105d\u017a mi\u0142a, uprzejma i zjedz lody w parku, ale nawet nie my\u015bl o peda\u0142owaniu za szybko lub za daleko!<\/p>\n<p>Wszystkie nowo ustalone zasady by\u0142y prezentowane na zawodach hippicznych, kolarskiej imprezie, kt\u00f3ra pojawi\u0142a si\u0119 w latach 90. XIX wieku. Turniej zorganizowany dla m\u0119\u017cczyzn, kobiet i ich rodzin faworyzowa\u0142 kultur\u0119 jazdy uj\u0119t\u0105 w regu\u0142y i \u201ew\u0142a\u015bciwe\u201d korzystanie z roweru przez sportowc\u00f3w. Oczywi\u015bcie odbywa\u0142y si\u0119 r\u00f3\u017cne gry rowerowe, ale musia\u0142y one wygl\u0105da\u0107 w okre\u015blony spos\u00f3b, nie dopuszczano si\u0119 wykrocze\u0144 w stosunku do kodeksu moralnego.<\/p>\n<figure id=\"attachment_176002\" aria-describedby=\"caption-attachment-176002\" style=\"width: 1250px\" class=\"wp-caption alignnone\"><img loading=\"lazy\" decoding=\"async\" class=\"loading wp-image-176002 size-full\" src=\"https:\/\/d2p6e6u75xmxt8.cloudfront.net\/2\/2019\/11\/Bicycle-Craze-profimedia-0323430938.jpg\" sizes=\"auto, (max-width: 1250px) 100vw, 1250px\" srcset=\"https:\/\/d2p6e6u75xmxt8.cloudfront.net\/2\/2019\/11\/Bicycle-Craze-profimedia-0323430938.jpg 1250w, https:\/\/d2p6e6u75xmxt8.cloudfront.net\/2\/2019\/11\/Bicycle-Craze-profimedia-0323430938-300x213.jpg 300w, https:\/\/d2p6e6u75xmxt8.cloudfront.net\/2\/2019\/11\/Bicycle-Craze-profimedia-0323430938-768x546.jpg 768w, https:\/\/d2p6e6u75xmxt8.cloudfront.net\/2\/2019\/11\/Bicycle-Craze-profimedia-0323430938-1024x727.jpg 1024w\" alt=\"\" width=\"1250\" height=\"888\" data-was-processed=\"true\" \/><figcaption id=\"caption-attachment-176002\" class=\"wp-caption-text\">\u00a9 Motoring Picture Library \/ Alamy \/ Alamy \/ Profimedia<\/figcaption><\/figure>\n<p>Gdyby\u015bcie w tamtych czasach nie przestrzegali zestawu norm i je\u017adzili w obra\u017aliwy spos\u00f3b, natychmiast zostaliby\u015bcie oskar\u017ceni o wywrotow\u0105 jazd\u0119 i wywo\u0142ali oburzenie opinii publicznej. Oczekiwania co do kulturalnej jazdy dotyczy\u0142y zar\u00f3wno m\u0119\u017cczyzn, jak i kobiet. Niemniej wiktoria\u0144ska moralno\u015b\u0107 nadal sprawowa\u0142a surowsz\u0105 w\u0142adz\u0119 nad kobiet\u0105, jej wygl\u0105dem, poruszaniem si\u0119 w przestrzeni publicznej i og\u00f3lnie jej rol\u0105 w spo\u0142ecze\u0144stwie. Jednak pozytywne zmiany, kt\u00f3re wywo\u0142a\u0142 sza\u0142 rowerowy, s\u0105 bezsprzeczne, a sam pojazd ponownie odegra\u0142 kluczow\u0105 rol\u0119 w historii ludzko\u015bci.<\/p>\n<p><span data-sheets-value=\"{&quot;1&quot;:2,&quot;2&quot;:&quot;Artyku\u0142 powsta\u0142 we wsp\u00f3\u0142pracy ze skoda-auto.pl&quot;}\" data-sheets-userformat=\"{&quot;2&quot;:1,&quot;3&quot;:{&quot;1&quot;:0}}\" data-sheets-hyperlink=\"http:\/\/www.skoda-auto.pl\/\"><a class=\"in-cell-link\" href=\"http:\/\/www.skoda-auto.pl\/\" target=\"_blank\" rel=\"noopener\">Artyku\u0142 powsta\u0142 we wsp\u00f3\u0142pracy ze skoda-auto.pl<\/a><\/span><\/p>\n<p><a href=\"https:\/\/sklep.skoda.pl\/pl\/sklep\/b\/331\/rowery-i-akcesoria-rowery.html\"><img loading=\"lazy\" decoding=\"async\" class=\"aligncenter wp-image-9608 size-full loading\" src=\"https:\/\/d2p6e6u75xmxt8.cloudfront.net\/5\/2019\/08\/baner_WLC_640x350_3.png\" sizes=\"auto, (max-width: 640px) 100vw, 640px\" srcset=\"https:\/\/d2p6e6u75xmxt8.cloudfront.net\/5\/2019\/08\/baner_WLC_640x350_3.png 640w, https:\/\/d2p6e6u75xmxt8.cloudfront.net\/5\/2019\/08\/baner_WLC_640x350_3-300x164.png 300w\" alt=\"\" width=\"640\" height=\"350\" data-was-processed=\"true\" \/><\/a><\/p>\n","protected":false},"excerpt":{"rendered":"<p>Dla wiktoria\u0144skich kobiet wynalazek tak zwanego bezpiecznego roweru stanowi\u0142 rewolucj\u0119. Mamy lata 90. XIX wieku i kobiecie wolno wskakiwa\u0107 na [&hellip;]<\/p>\n","protected":false},"author":76,"featured_media":10240,"comment_status":"open","ping_status":"open","sticky":false,"template":"","format":"standard","meta":{"footnotes":""},"categories":[226],"tags":[],"global-categories":[303],"class_list":["post-10239","post","type-post","status-publish","format-standard","has-post-thumbnail","hentry","category-ciekawostki","global-categories-cycling"],"yoast_head":"<!-- This site is optimized with the Yoast SEO Premium plugin v25.3 (Yoast SEO v25.9) - https:\/\/yoast.com\/wordpress\/plugins\/seo\/ -->\n<title>Ciemna strona sza\u0142u rowerowego: jazda na rowerze i rygorystyczne normy - \u0160koda We Love Cycling - Poland<\/title>\n<meta name=\"robots\" content=\"index, follow, max-snippet:-1, max-image-preview:large, max-video-preview:-1\" \/>\n<link rel=\"canonical\" href=\"https:\/\/www.welovecycling.com\/pl\/2020\/01\/23\/ciemna-strona-szalu-rowerowego-jazda-na-rowerze-i-rygorystyczne-normy\/\" \/>\n<meta property=\"og:locale\" content=\"pl_PL\" \/>\n<meta property=\"og:type\" content=\"article\" \/>\n<meta property=\"og:title\" content=\"Ciemna strona sza\u0142u rowerowego: jazda na rowerze i rygorystyczne normy\" \/>\n<meta property=\"og:description\" content=\"Dla wiktoria\u0144skich kobiet wynalazek tak zwanego bezpiecznego roweru stanowi\u0142 rewolucj\u0119. Mamy lata 90. XIX wieku i kobiecie wolno wskakiwa\u0107 na [&hellip;]\" \/>\n<meta property=\"og:url\" content=\"https:\/\/www.welovecycling.com\/pl\/2020\/01\/23\/ciemna-strona-szalu-rowerowego-jazda-na-rowerze-i-rygorystyczne-normy\/\" \/>\n<meta property=\"og:site_name\" content=\"\u0160koda We Love Cycling - Poland\" \/>\n<meta property=\"article:published_time\" content=\"2020-01-23T16:08:35+00:00\" \/>\n<meta property=\"article:modified_time\" content=\"2020-01-23T21:15:41+00:00\" \/>\n<meta property=\"og:image\" content=\"https:\/\/d2p6e6u75xmxt8.cloudfront.net\/5\/2020\/01\/Bicycle-Craze-CVR-profimedia-0370656541-1024x450.jpg\" \/>\n\t<meta property=\"og:image:width\" content=\"1024\" \/>\n\t<meta property=\"og:image:height\" content=\"450\" \/>\n\t<meta property=\"og:image:type\" content=\"image\/jpeg\" \/>\n<meta name=\"author\" content=\"piotrboczkowski\" \/>\n<meta name=\"twitter:card\" content=\"summary_large_image\" \/>\n<meta name=\"twitter:label1\" content=\"Written by\" \/>\n\t<meta name=\"twitter:data1\" content=\"Tereza Antonova\" \/>\n\t<meta name=\"twitter:label2\" content=\"Est. reading time\" \/>\n\t<meta name=\"twitter:data2\" content=\"4\" \/>\n<script type=\"application\/ld+json\" class=\"yoast-schema-graph\">{\"@context\":\"https:\/\/schema.org\",\"@graph\":[{\"@type\":\"WebPage\",\"@id\":\"https:\/\/www.welovecycling.com\/pl\/2020\/01\/23\/ciemna-strona-szalu-rowerowego-jazda-na-rowerze-i-rygorystyczne-normy\/\",\"url\":\"https:\/\/www.welovecycling.com\/pl\/2020\/01\/23\/ciemna-strona-szalu-rowerowego-jazda-na-rowerze-i-rygorystyczne-normy\/\",\"name\":\"Ciemna strona sza\u0142u rowerowego: jazda na rowerze i rygorystyczne normy - \u0160koda We Love Cycling - Poland\",\"isPartOf\":{\"@id\":\"https:\/\/www.welovecycling.com\/pl\/#website\"},\"primaryImageOfPage\":{\"@id\":\"https:\/\/www.welovecycling.com\/pl\/2020\/01\/23\/ciemna-strona-szalu-rowerowego-jazda-na-rowerze-i-rygorystyczne-normy\/#primaryimage\"},\"image\":{\"@id\":\"https:\/\/www.welovecycling.com\/pl\/2020\/01\/23\/ciemna-strona-szalu-rowerowego-jazda-na-rowerze-i-rygorystyczne-normy\/#primaryimage\"},\"thumbnailUrl\":\"https:\/\/d2p6e6u75xmxt8.cloudfront.net\/5\/2020\/01\/Bicycle-Craze-CVR-profimedia-0370656541-1024x450.jpg\",\"datePublished\":\"2020-01-23T16:08:35+00:00\",\"dateModified\":\"2020-01-23T21:15:41+00:00\",\"author\":{\"@id\":\"https:\/\/www.welovecycling.com\/pl\/#\/schema\/person\/0dba2d39da943db9df3fd8f4687e7f23\"},\"breadcrumb\":{\"@id\":\"https:\/\/www.welovecycling.com\/pl\/2020\/01\/23\/ciemna-strona-szalu-rowerowego-jazda-na-rowerze-i-rygorystyczne-normy\/#breadcrumb\"},\"inLanguage\":\"pl-PL\",\"potentialAction\":[{\"@type\":\"ReadAction\",\"target\":[\"https:\/\/www.welovecycling.com\/pl\/2020\/01\/23\/ciemna-strona-szalu-rowerowego-jazda-na-rowerze-i-rygorystyczne-normy\/\"]}]},{\"@type\":\"ImageObject\",\"inLanguage\":\"pl-PL\",\"@id\":\"https:\/\/www.welovecycling.com\/pl\/2020\/01\/23\/ciemna-strona-szalu-rowerowego-jazda-na-rowerze-i-rygorystyczne-normy\/#primaryimage\",\"url\":\"https:\/\/d2p6e6u75xmxt8.cloudfront.net\/5\/2020\/01\/Bicycle-Craze-CVR-profimedia-0370656541-1024x450.jpg\",\"contentUrl\":\"https:\/\/d2p6e6u75xmxt8.cloudfront.net\/5\/2020\/01\/Bicycle-Craze-CVR-profimedia-0370656541-1024x450.jpg\",\"width\":1024,\"height\":450},{\"@type\":\"BreadcrumbList\",\"@id\":\"https:\/\/www.welovecycling.com\/pl\/2020\/01\/23\/ciemna-strona-szalu-rowerowego-jazda-na-rowerze-i-rygorystyczne-normy\/#breadcrumb\",\"itemListElement\":[{\"@type\":\"ListItem\",\"position\":1,\"name\":\"Home\",\"item\":\"https:\/\/www.welovecycling.com\/pl\/\"},{\"@type\":\"ListItem\",\"position\":2,\"name\":\"Ciemna strona sza\u0142u rowerowego: jazda na rowerze i rygorystyczne normy\"}]},{\"@type\":\"WebSite\",\"@id\":\"https:\/\/www.welovecycling.com\/pl\/#website\",\"url\":\"https:\/\/www.welovecycling.com\/pl\/\",\"name\":\"\u0160koda We Love Cycling - Poland\",\"description\":\"\",\"potentialAction\":[{\"@type\":\"SearchAction\",\"target\":{\"@type\":\"EntryPoint\",\"urlTemplate\":\"https:\/\/www.welovecycling.com\/pl\/?s={search_term_string}\"},\"query-input\":{\"@type\":\"PropertyValueSpecification\",\"valueRequired\":true,\"valueName\":\"search_term_string\"}}],\"inLanguage\":\"pl-PL\"},{\"@type\":\"Person\",\"@id\":\"https:\/\/www.welovecycling.com\/pl\/#\/schema\/person\/0dba2d39da943db9df3fd8f4687e7f23\",\"name\":\"piotrboczkowski\",\"image\":{\"@type\":\"ImageObject\",\"inLanguage\":\"pl-PL\",\"@id\":\"https:\/\/www.welovecycling.com\/pl\/#\/schema\/person\/image\/\",\"url\":\"https:\/\/secure.gravatar.com\/avatar\/533caccae14752e03a2ce2d3fd62d1b98b93e1393c3195c27819e53344ca1ace?s=96&d=mm&r=g\",\"contentUrl\":\"https:\/\/secure.gravatar.com\/avatar\/533caccae14752e03a2ce2d3fd62d1b98b93e1393c3195c27819e53344ca1ace?s=96&d=mm&r=g\",\"caption\":\"piotrboczkowski\"},\"url\":\"https:\/\/www.welovecycling.com\/pl\/author\/piotrboczkowski\/\"}]}<\/script>\n<!-- \/ Yoast SEO Premium plugin. -->","yoast_head_json":{"title":"Ciemna strona sza\u0142u rowerowego: jazda na rowerze i rygorystyczne normy - \u0160koda We Love Cycling - Poland","robots":{"index":"index","follow":"follow","max-snippet":"max-snippet:-1","max-image-preview":"max-image-preview:large","max-video-preview":"max-video-preview:-1"},"canonical":"https:\/\/www.welovecycling.com\/pl\/2020\/01\/23\/ciemna-strona-szalu-rowerowego-jazda-na-rowerze-i-rygorystyczne-normy\/","og_locale":"pl_PL","og_type":"article","og_title":"Ciemna strona sza\u0142u rowerowego: jazda na rowerze i rygorystyczne normy","og_description":"Dla wiktoria\u0144skich kobiet wynalazek tak zwanego bezpiecznego roweru stanowi\u0142 rewolucj\u0119. Mamy lata 90. XIX wieku i kobiecie wolno wskakiwa\u0107 na [&hellip;]","og_url":"https:\/\/www.welovecycling.com\/pl\/2020\/01\/23\/ciemna-strona-szalu-rowerowego-jazda-na-rowerze-i-rygorystyczne-normy\/","og_site_name":"\u0160koda We Love Cycling - Poland","article_published_time":"2020-01-23T16:08:35+00:00","article_modified_time":"2020-01-23T21:15:41+00:00","og_image":[{"width":1024,"height":450,"url":"https:\/\/d2p6e6u75xmxt8.cloudfront.net\/5\/2020\/01\/Bicycle-Craze-CVR-profimedia-0370656541-1024x450.jpg","type":"image\/jpeg"}],"author":"piotrboczkowski","twitter_card":"summary_large_image","twitter_misc":{"Written by":"Tereza Antonova","Est. reading time":"4"},"schema":{"@context":"https:\/\/schema.org","@graph":[{"@type":"WebPage","@id":"https:\/\/www.welovecycling.com\/pl\/2020\/01\/23\/ciemna-strona-szalu-rowerowego-jazda-na-rowerze-i-rygorystyczne-normy\/","url":"https:\/\/www.welovecycling.com\/pl\/2020\/01\/23\/ciemna-strona-szalu-rowerowego-jazda-na-rowerze-i-rygorystyczne-normy\/","name":"Ciemna strona sza\u0142u rowerowego: jazda na rowerze i rygorystyczne normy - \u0160koda We Love Cycling - Poland","isPartOf":{"@id":"https:\/\/www.welovecycling.com\/pl\/#website"},"primaryImageOfPage":{"@id":"https:\/\/www.welovecycling.com\/pl\/2020\/01\/23\/ciemna-strona-szalu-rowerowego-jazda-na-rowerze-i-rygorystyczne-normy\/#primaryimage"},"image":{"@id":"https:\/\/www.welovecycling.com\/pl\/2020\/01\/23\/ciemna-strona-szalu-rowerowego-jazda-na-rowerze-i-rygorystyczne-normy\/#primaryimage"},"thumbnailUrl":"https:\/\/d2p6e6u75xmxt8.cloudfront.net\/5\/2020\/01\/Bicycle-Craze-CVR-profimedia-0370656541-1024x450.jpg","datePublished":"2020-01-23T16:08:35+00:00","dateModified":"2020-01-23T21:15:41+00:00","author":{"@id":"https:\/\/www.welovecycling.com\/pl\/#\/schema\/person\/0dba2d39da943db9df3fd8f4687e7f23"},"breadcrumb":{"@id":"https:\/\/www.welovecycling.com\/pl\/2020\/01\/23\/ciemna-strona-szalu-rowerowego-jazda-na-rowerze-i-rygorystyczne-normy\/#breadcrumb"},"inLanguage":"pl-PL","potentialAction":[{"@type":"ReadAction","target":["https:\/\/www.welovecycling.com\/pl\/2020\/01\/23\/ciemna-strona-szalu-rowerowego-jazda-na-rowerze-i-rygorystyczne-normy\/"]}]},{"@type":"ImageObject","inLanguage":"pl-PL","@id":"https:\/\/www.welovecycling.com\/pl\/2020\/01\/23\/ciemna-strona-szalu-rowerowego-jazda-na-rowerze-i-rygorystyczne-normy\/#primaryimage","url":"https:\/\/d2p6e6u75xmxt8.cloudfront.net\/5\/2020\/01\/Bicycle-Craze-CVR-profimedia-0370656541-1024x450.jpg","contentUrl":"https:\/\/d2p6e6u75xmxt8.cloudfront.net\/5\/2020\/01\/Bicycle-Craze-CVR-profimedia-0370656541-1024x450.jpg","width":1024,"height":450},{"@type":"BreadcrumbList","@id":"https:\/\/www.welovecycling.com\/pl\/2020\/01\/23\/ciemna-strona-szalu-rowerowego-jazda-na-rowerze-i-rygorystyczne-normy\/#breadcrumb","itemListElement":[{"@type":"ListItem","position":1,"name":"Home","item":"https:\/\/www.welovecycling.com\/pl\/"},{"@type":"ListItem","position":2,"name":"Ciemna strona sza\u0142u rowerowego: jazda na rowerze i rygorystyczne normy"}]},{"@type":"WebSite","@id":"https:\/\/www.welovecycling.com\/pl\/#website","url":"https:\/\/www.welovecycling.com\/pl\/","name":"\u0160koda We Love Cycling - Poland","description":"","potentialAction":[{"@type":"SearchAction","target":{"@type":"EntryPoint","urlTemplate":"https:\/\/www.welovecycling.com\/pl\/?s={search_term_string}"},"query-input":{"@type":"PropertyValueSpecification","valueRequired":true,"valueName":"search_term_string"}}],"inLanguage":"pl-PL"},{"@type":"Person","@id":"https:\/\/www.welovecycling.com\/pl\/#\/schema\/person\/0dba2d39da943db9df3fd8f4687e7f23","name":"piotrboczkowski","image":{"@type":"ImageObject","inLanguage":"pl-PL","@id":"https:\/\/www.welovecycling.com\/pl\/#\/schema\/person\/image\/","url":"https:\/\/secure.gravatar.com\/avatar\/533caccae14752e03a2ce2d3fd62d1b98b93e1393c3195c27819e53344ca1ace?s=96&d=mm&r=g","contentUrl":"https:\/\/secure.gravatar.com\/avatar\/533caccae14752e03a2ce2d3fd62d1b98b93e1393c3195c27819e53344ca1ace?s=96&d=mm&r=g","caption":"piotrboczkowski"},"url":"https:\/\/www.welovecycling.com\/pl\/author\/piotrboczkowski\/"}]}},"_links":{"self":[{"href":"https:\/\/www.welovecycling.com\/pl\/wp-json\/wp\/v2\/posts\/10239","targetHints":{"allow":["GET"]}}],"collection":[{"href":"https:\/\/www.welovecycling.com\/pl\/wp-json\/wp\/v2\/posts"}],"about":[{"href":"https:\/\/www.welovecycling.com\/pl\/wp-json\/wp\/v2\/types\/post"}],"author":[{"embeddable":true,"href":"https:\/\/www.welovecycling.com\/pl\/wp-json\/wp\/v2\/users\/76"}],"replies":[{"embeddable":true,"href":"https:\/\/www.welovecycling.com\/pl\/wp-json\/wp\/v2\/comments?post=10239"}],"version-history":[{"count":1,"href":"https:\/\/www.welovecycling.com\/pl\/wp-json\/wp\/v2\/posts\/10239\/revisions"}],"predecessor-version":[{"id":10241,"href":"https:\/\/www.welovecycling.com\/pl\/wp-json\/wp\/v2\/posts\/10239\/revisions\/10241"}],"wp:featuredmedia":[{"embeddable":true,"href":"https:\/\/www.welovecycling.com\/pl\/wp-json\/wp\/v2\/media\/10240"}],"wp:attachment":[{"href":"https:\/\/www.welovecycling.com\/pl\/wp-json\/wp\/v2\/media?parent=10239"}],"wp:term":[{"taxonomy":"category","embeddable":true,"href":"https:\/\/www.welovecycling.com\/pl\/wp-json\/wp\/v2\/categories?post=10239"},{"taxonomy":"post_tag","embeddable":true,"href":"https:\/\/www.welovecycling.com\/pl\/wp-json\/wp\/v2\/tags?post=10239"},{"taxonomy":"global-categories","embeddable":true,"href":"https:\/\/www.welovecycling.com\/pl\/wp-json\/wp\/v2\/global-categories?post=10239"}],"curies":[{"name":"wp","href":"https:\/\/api.w.org\/{rel}","templated":true}]}}