{"id":10236,"date":"2020-01-22T12:16:22","date_gmt":"2020-01-22T12:16:22","guid":{"rendered":"https:\/\/www.welovecycling.com\/pl\/?p=10236"},"modified":"2020-01-22T12:16:22","modified_gmt":"2020-01-22T12:16:22","slug":"rowery-przyszlosci-na-czym-bedziemy-jezdzic-w-najblizszych-latach","status":"publish","type":"post","link":"https:\/\/www.welovecycling.com\/pl\/2020\/01\/22\/rowery-przyszlosci-na-czym-bedziemy-jezdzic-w-najblizszych-latach\/","title":{"rendered":"Rowery przysz\u0142o\u015bci: na czym b\u0119dziemy je\u017adzi\u0107 w najbli\u017cszych latach?"},"content":{"rendered":"<p><strong>Pod wieloma wzgl\u0119dami ju\u017c \u017cyjemy w przysz\u0142o\u015bci, jednak rewolucja cyfrowa, kt\u00f3ra zmieni\u0142a i nieustannie zmienia nasze \u017cycie, tak naprawd\u0119 dopiero si\u0119 zaczyna. Kto jeszcze niedawno by pomy\u015bla\u0142, \u017ce pewnego dnia u\u017cyjemy telefonu jako \u015brodka p\u0142atniczego? W efekcie \u2013 jak r\u00f3wnie\u017c ze wzgl\u0119du na zmiany klimatu \u2013 my\u015blimy o przysz\u0142o\u015bci prawdopodobnie cz\u0119\u015bciej ni\u017c kiedykolwiek wcze\u015bniej. Dotyczy to w r\u00f3wnym stopniu filozof\u00f3w, naukowc\u00f3w, architekt\u00f3w, producent\u00f3w samochod\u00f3w, a nawet projektant\u00f3w rower\u00f3w.<\/strong><\/p>\n<p>Rower niewiele si\u0119 zmieni\u0142 przez ostatnie stulecie, zgodnie z maksym\u0105: gdy co\u015b dzia\u0142a, to tego nie zmieniaj. Je\u015bli projekty opisane poni\u017cej mog\u0105 stanowi\u0107 jak\u0105kolwiek wskaz\u00f3wk\u0119, to rower przysz\u0142o\u015bci b\u0119dzie prawie tak samo prze\u0142omowy jak smartfony w \u015bwiecie komunikacji, cho\u0107 nadal b\u0119dzie mia\u0142 dwa ko\u0142a i kierownic\u0119.<\/p>\n<p>Koncepcja roweru miejskiego Cube zak\u0142ada pozbycie si\u0119 sztycy podsiod\u0142owej i g\u00f3rnych cz\u0119\u015bci standardowej ramy na rzecz trzycz\u0119\u015bciowego systemu z tylnym ko\u0142em przymocowanym tylko za po\u015brednictwem osi. Z tego powodu ten model jest znacznie l\u017cejszy, a tym samym szybszy i zdecydowanie bardziej atrakcyjny ni\u017c to, na czym je\u017adzimy dzisiaj. Jednym z problem\u00f3w mo\u017ce by\u0107 stabilno\u015b\u0107 i trwa\u0142o\u015b\u0107, szczeg\u00f3lnie w przypadku \u201ep\u0142ywaj\u0105cego\u201d tylnego ko\u0142a, kiedy przyjdzie mu porusza\u0107 si\u0119 po nier\u00f3wnych powierzchniach, takich jak chocia\u017cby kostka brukowa.<\/p>\n<figure id=\"attachment_176213\" aria-describedby=\"caption-attachment-176213\" style=\"width: 600px\" class=\"wp-caption alignnone\"><img loading=\"lazy\" decoding=\"async\" class=\"loading wp-image-176213 size-full\" src=\"https:\/\/d2p6e6u75xmxt8.cloudfront.net\/2\/2019\/11\/cube-urban-street-bike-concept-1.jpg\" sizes=\"auto, (max-width: 600px) 100vw, 600px\" srcset=\"https:\/\/d2p6e6u75xmxt8.cloudfront.net\/2\/2019\/11\/cube-urban-street-bike-concept-1.jpg 600w, https:\/\/d2p6e6u75xmxt8.cloudfront.net\/2\/2019\/11\/cube-urban-street-bike-concept-1-300x196.jpg 300w\" alt=\"\" width=\"600\" height=\"391\" data-was-processed=\"true\" \/><figcaption id=\"caption-attachment-176213\" class=\"wp-caption-text\">Koncepcja roweru miejskiego Cube<\/figcaption><\/figure>\n<p>Zgodnie z koncepcj\u0105 autorstwa Nenada Kostadinova w rowerze sportowym Furious zrezygnowano z dolnej rury i g\u00f3rnego wspornika, ale mimo to wydaje si\u0119 solidny i stabilny na trudnych nawierzchniach. Tym, co czyni ten projekt wyj\u0105tkowym i ca\u0142kowicie futurystycznym, jest komputer pok\u0142adowy, kt\u00f3ry wy\u015bwietla szereg danych dotycz\u0105cych jazdy, takich jak pr\u0119dko\u015b\u0107, lokalizacja i zu\u017cycie kalorii. Informacje s\u0105 wy\u015bwietlane z przodu i na \u015brodku podczas jazdy, dzi\u0119ki czemu rowerzysta zawsze wie, gdzie si\u0119 znajduje i ile pizzy mo\u017ce zje\u015b\u0107 tego wieczoru bez poczucia winy.<\/p>\n<figure id=\"attachment_176214\" aria-describedby=\"caption-attachment-176214\" style=\"width: 600px\" class=\"wp-caption alignnone\"><img loading=\"lazy\" decoding=\"async\" class=\"loading wp-image-176214 size-full\" src=\"https:\/\/d2p6e6u75xmxt8.cloudfront.net\/2\/2019\/11\/furious-sports-bike_by-nenad-kostadinov_1.jpg\" sizes=\"auto, (max-width: 600px) 100vw, 600px\" srcset=\"https:\/\/d2p6e6u75xmxt8.cloudfront.net\/2\/2019\/11\/furious-sports-bike_by-nenad-kostadinov_1.jpg 600w, https:\/\/d2p6e6u75xmxt8.cloudfront.net\/2\/2019\/11\/furious-sports-bike_by-nenad-kostadinov_1-300x277.jpg 300w\" alt=\"\" width=\"600\" height=\"554\" data-was-processed=\"true\" \/><figcaption id=\"caption-attachment-176214\" class=\"wp-caption-text\">Koncepcja roweru sportowego Furious<\/figcaption><\/figure>\n<p>Koncept inteligentnego roweru Chrisa Boardmana najbardziej odpowiada zmianom, kt\u00f3rych mo\u017cemy si\u0119 spodziewa\u0107 w przysz\u0142o\u015bci. Z\u0142oty medalista olimpijski z Wielkiej Brytanii i zwyci\u0119zca etapu Tour de France zaprojektowa\u0142 rower z zasilanym energi\u0105 s\u0142oneczn\u0105 silnikiem rezerwowym, komputerem pok\u0142adowym, skanerem linii papilarnych i ko\u0142ami bez szprych, kt\u00f3ry przy okazji \u015bwietnie wygl\u0105da. Fakt, \u017ce jest on obecnie dost\u0119pny tylko w formie projektu, sugeruje, \u017ce mo\u017ce min\u0105\u0107 wiele lat, zanim zobaczymy go na ulicy. Ale w ko\u0144cu m\u00f3wimy o przysz\u0142o\u015bci, prawda?<\/p>\n<figure id=\"attachment_176216\" aria-describedby=\"caption-attachment-176216\" style=\"width: 600px\" class=\"wp-caption alignnone\"><img loading=\"lazy\" decoding=\"async\" class=\"loading wp-image-176216 size-full\" src=\"https:\/\/d2p6e6u75xmxt8.cloudfront.net\/2\/2019\/11\/intelligent-bike-concept-chris-boardman.jpg\" sizes=\"auto, (max-width: 600px) 100vw, 600px\" srcset=\"https:\/\/d2p6e6u75xmxt8.cloudfront.net\/2\/2019\/11\/intelligent-bike-concept-chris-boardman.jpg 600w, https:\/\/d2p6e6u75xmxt8.cloudfront.net\/2\/2019\/11\/intelligent-bike-concept-chris-boardman-300x202.jpg 300w, https:\/\/d2p6e6u75xmxt8.cloudfront.net\/2\/2019\/11\/intelligent-bike-concept-chris-boardman-272x182.jpg 272w\" alt=\"\" width=\"600\" height=\"404\" data-was-processed=\"true\" \/><figcaption id=\"caption-attachment-176216\" class=\"wp-caption-text\">Koncepcja inteligentnego roweru Chrisa Boardmana<\/figcaption><\/figure>\n<p>Rower na ramie z kabla autorstwa Ionuta Predescu to kolejny projekt, kt\u00f3ry odchudza rower po to, by zwi\u0119kszy\u0107 jego pr\u0119dko\u015b\u0107. W tym celu wykorzystano system zawieszenia zamiast tradycyjnej ramy. Podobnie jak w przypadku wisz\u0105cego mostu, ci\u0119\u017car roweru pomagaj\u0105 utrzyma\u0107 forma i stabilno\u015b\u0107 konstrukcji. Solidne elementy b\u0119d\u0105 wykonane z w\u0142\u00f3kna w\u0119glowego, a kable z lekkiego kevlaru.<\/p>\n<figure id=\"attachment_176215\" aria-describedby=\"caption-attachment-176215\" style=\"width: 600px\" class=\"wp-caption alignnone\"><img loading=\"lazy\" decoding=\"async\" class=\"loading wp-image-176215 size-full\" src=\"https:\/\/d2p6e6u75xmxt8.cloudfront.net\/2\/2019\/11\/wire-bike-concept_ionut-predescu_1.jpg\" sizes=\"auto, (max-width: 600px) 100vw, 600px\" srcset=\"https:\/\/d2p6e6u75xmxt8.cloudfront.net\/2\/2019\/11\/wire-bike-concept_ionut-predescu_1.jpg 600w, https:\/\/d2p6e6u75xmxt8.cloudfront.net\/2\/2019\/11\/wire-bike-concept_ionut-predescu_1-300x225.jpg 300w\" alt=\"\" width=\"600\" height=\"450\" data-was-processed=\"true\" \/><figcaption id=\"caption-attachment-176215\" class=\"wp-caption-text\">Koncepcja roweru na ramie z kabla<\/figcaption><\/figure>\n<p>&nbsp;<\/p>\n<p>Mando Footloose to pozbawiony \u0142a\u0144cucha sk\u0142adany rower miejski, kt\u00f3ry wykorzystuje zaawansowane technologie z bran\u017cy motoryzacyjnej, aby jazda w mie\u015bcie by\u0142a bezpieczna i wydajna. Ten ma\u0142y rower wytwarza moc poprzez peda\u0142owanie. Energia jest nast\u0119pnie magazynowana w baterii litowej, kt\u00f3ra zasila ma\u0142y silnik. Rower jest w pe\u0142ni zautomatyzowany i sam dopasowuje nachylenia terenu do zmiany bieg\u00f3w.<\/p>\n<figure id=\"attachment_176217\" aria-describedby=\"caption-attachment-176217\" style=\"width: 728px\" class=\"wp-caption alignnone\"><img loading=\"lazy\" decoding=\"async\" class=\"loading wp-image-176217 size-full\" src=\"https:\/\/d2p6e6u75xmxt8.cloudfront.net\/2\/2019\/11\/mando-2.jpg\" sizes=\"auto, (max-width: 728px) 100vw, 728px\" srcset=\"https:\/\/d2p6e6u75xmxt8.cloudfront.net\/2\/2019\/11\/mando-2.jpg 728w, https:\/\/d2p6e6u75xmxt8.cloudfront.net\/2\/2019\/11\/mando-2-300x201.jpg 300w, https:\/\/d2p6e6u75xmxt8.cloudfront.net\/2\/2019\/11\/mando-2-272x182.jpg 272w\" alt=\"\" width=\"728\" height=\"488\" data-was-processed=\"true\" \/><figcaption id=\"caption-attachment-176217\" class=\"wp-caption-text\">Pozbawiony \u0142a\u0144cucha Mando Footloose<\/figcaption><\/figure>\n<p>Koncept roweru Eco 07 Victora Alemana jest moim ulubie\u0144cem, poniewa\u017c zosta\u0142 zaprojektowany tak, \u017ce mo\u017cna go ca\u0142kowicie zdemontowa\u0107 i zmie\u015bci\u0107 w kontenerze wielko\u015bci teczki, \u0142adnie te\u017c wygl\u0105da. Niestety, obecny projekt nie jest przeznaczony do codziennego demonta\u017cu, lecz tylko wtedy, gdy nie b\u0119dzie u\u017cywany przez jaki\u015b czas. Jednak z pewno\u015bci\u0105 kiedy\u015b ta kwestia zostanie rozwi\u0105zana, a wtedy b\u0119dziesz m\u00f3g\u0142 wsz\u0119dzie jecha\u0107 rowerem (do pracy, restauracji, domu itd.), nast\u0119pnie rozebra\u0107 go na cz\u0119\u015bci, w\u0142o\u017cy\u0107 do specjalnie zaprojektowanego plecaka i zabra\u0107 ze sob\u0105. Koniec z problemami z parkowaniem, wpychaniem roweru do windy lub d\u017awiganiem go po schodach. W przypadku powa\u017cnej jazdy na rowerze g\u00f3rskim i natrafienia na nieprzejezdny teren nie trzeba ju\u017c b\u0119dzie wci\u0105ga\u0107 roweru pod g\u00f3r\u0119 lub sprowadza\u0107 go w d\u00f3\u0142 po stromym stoku.<\/p>\n<figure id=\"attachment_176218\" aria-describedby=\"caption-attachment-176218\" style=\"width: 600px\" class=\"wp-caption alignnone\"><img loading=\"lazy\" decoding=\"async\" class=\"loading wp-image-176218 size-full\" src=\"https:\/\/d2p6e6u75xmxt8.cloudfront.net\/2\/2019\/11\/eco-07-bike-concept_victor-aleman_1.jpg\" sizes=\"auto, (max-width: 600px) 100vw, 600px\" srcset=\"https:\/\/d2p6e6u75xmxt8.cloudfront.net\/2\/2019\/11\/eco-07-bike-concept_victor-aleman_1.jpg 600w, https:\/\/d2p6e6u75xmxt8.cloudfront.net\/2\/2019\/11\/eco-07-bike-concept_victor-aleman_1-300x156.jpg 300w\" alt=\"\" width=\"600\" height=\"312\" data-was-processed=\"true\" \/><figcaption id=\"caption-attachment-176218\" class=\"wp-caption-text\">Koncepcja roweru Eco 07<\/figcaption><\/figure>\n<p>&nbsp;<\/p>\n<p><span data-sheets-value=\"{&quot;1&quot;:2,&quot;2&quot;:&quot;Artyku\u0142 powsta\u0142 we wsp\u00f3\u0142pracy ze skoda-auto.pl&quot;}\" data-sheets-userformat=\"{&quot;2&quot;:1,&quot;3&quot;:{&quot;1&quot;:0}}\" data-sheets-hyperlink=\"http:\/\/www.skoda-auto.pl\/\"><a class=\"in-cell-link\" href=\"http:\/\/www.skoda-auto.pl\/\" target=\"_blank\" rel=\"noopener\">Artyku\u0142 powsta\u0142 we wsp\u00f3\u0142pracy ze skoda-auto.pl<\/a><\/span><\/p>\n<p><a href=\"https:\/\/sklep.skoda.pl\/pl\/sklep\/b\/331\/rowery-i-akcesoria-rowery.html\"><img loading=\"lazy\" decoding=\"async\" class=\"aligncenter wp-image-9608 size-full loading\" src=\"https:\/\/d2p6e6u75xmxt8.cloudfront.net\/5\/2019\/08\/baner_WLC_640x350_3.png\" sizes=\"auto, (max-width: 640px) 100vw, 640px\" srcset=\"https:\/\/d2p6e6u75xmxt8.cloudfront.net\/5\/2019\/08\/baner_WLC_640x350_3.png 640w, https:\/\/d2p6e6u75xmxt8.cloudfront.net\/5\/2019\/08\/baner_WLC_640x350_3-300x164.png 300w\" alt=\"\" width=\"640\" height=\"350\" data-was-processed=\"true\" \/><\/a><\/p>\n","protected":false},"excerpt":{"rendered":"<p>Pod wieloma wzgl\u0119dami ju\u017c \u017cyjemy w przysz\u0142o\u015bci, jednak rewolucja cyfrowa, kt\u00f3ra zmieni\u0142a i nieustannie zmienia nasze \u017cycie, tak naprawd\u0119 dopiero [&hellip;]<\/p>\n","protected":false},"author":76,"featured_media":10237,"comment_status":"open","ping_status":"open","sticky":false,"template":"","format":"standard","meta":{"footnotes":""},"categories":[226],"tags":[],"global-categories":[303],"class_list":["post-10236","post","type-post","status-publish","format-standard","has-post-thumbnail","hentry","category-ciekawostki","global-categories-cycling"],"yoast_head":"<!-- This site is optimized with the Yoast SEO Premium plugin v25.3 (Yoast SEO v25.9) - https:\/\/yoast.com\/wordpress\/plugins\/seo\/ -->\n<title>Rowery przysz\u0142o\u015bci: na czym b\u0119dziemy je\u017adzi\u0107 w najbli\u017cszych latach? - \u0160koda We Love Cycling - Poland<\/title>\n<meta name=\"robots\" content=\"index, follow, max-snippet:-1, max-image-preview:large, max-video-preview:-1\" \/>\n<link rel=\"canonical\" href=\"https:\/\/www.welovecycling.com\/pl\/2020\/01\/22\/rowery-przyszlosci-na-czym-bedziemy-jezdzic-w-najblizszych-latach\/\" \/>\n<meta property=\"og:locale\" content=\"pl_PL\" \/>\n<meta property=\"og:type\" content=\"article\" \/>\n<meta property=\"og:title\" content=\"Rowery przysz\u0142o\u015bci: na czym b\u0119dziemy je\u017adzi\u0107 w najbli\u017cszych latach?\" \/>\n<meta property=\"og:description\" content=\"Pod wieloma wzgl\u0119dami ju\u017c \u017cyjemy w przysz\u0142o\u015bci, jednak rewolucja cyfrowa, kt\u00f3ra zmieni\u0142a i nieustannie zmienia nasze \u017cycie, tak naprawd\u0119 dopiero [&hellip;]\" \/>\n<meta property=\"og:url\" content=\"https:\/\/www.welovecycling.com\/pl\/2020\/01\/22\/rowery-przyszlosci-na-czym-bedziemy-jezdzic-w-najblizszych-latach\/\" \/>\n<meta property=\"og:site_name\" content=\"\u0160koda We Love Cycling - Poland\" \/>\n<meta property=\"article:published_time\" content=\"2020-01-22T12:16:22+00:00\" \/>\n<meta property=\"og:image\" content=\"https:\/\/d2p6e6u75xmxt8.cloudfront.net\/5\/2020\/01\/Futuristic-Bicycles-CVR-1024x450.jpg\" \/>\n\t<meta property=\"og:image:width\" content=\"1024\" \/>\n\t<meta property=\"og:image:height\" content=\"450\" \/>\n\t<meta property=\"og:image:type\" content=\"image\/jpeg\" \/>\n<meta name=\"author\" content=\"piotrboczkowski\" \/>\n<meta name=\"twitter:card\" content=\"summary_large_image\" \/>\n<meta name=\"twitter:label1\" content=\"Written by\" \/>\n\t<meta name=\"twitter:data1\" content=\"Siegfried Mortkowitz\" \/>\n\t<meta name=\"twitter:label2\" content=\"Est. reading time\" \/>\n\t<meta name=\"twitter:data2\" content=\"4 minutes\" \/>\n<script type=\"application\/ld+json\" class=\"yoast-schema-graph\">{\"@context\":\"https:\/\/schema.org\",\"@graph\":[{\"@type\":\"WebPage\",\"@id\":\"https:\/\/www.welovecycling.com\/pl\/2020\/01\/22\/rowery-przyszlosci-na-czym-bedziemy-jezdzic-w-najblizszych-latach\/\",\"url\":\"https:\/\/www.welovecycling.com\/pl\/2020\/01\/22\/rowery-przyszlosci-na-czym-bedziemy-jezdzic-w-najblizszych-latach\/\",\"name\":\"Rowery przysz\u0142o\u015bci: na czym b\u0119dziemy je\u017adzi\u0107 w najbli\u017cszych latach? - \u0160koda We Love Cycling - Poland\",\"isPartOf\":{\"@id\":\"https:\/\/www.welovecycling.com\/pl\/#website\"},\"primaryImageOfPage\":{\"@id\":\"https:\/\/www.welovecycling.com\/pl\/2020\/01\/22\/rowery-przyszlosci-na-czym-bedziemy-jezdzic-w-najblizszych-latach\/#primaryimage\"},\"image\":{\"@id\":\"https:\/\/www.welovecycling.com\/pl\/2020\/01\/22\/rowery-przyszlosci-na-czym-bedziemy-jezdzic-w-najblizszych-latach\/#primaryimage\"},\"thumbnailUrl\":\"https:\/\/d2p6e6u75xmxt8.cloudfront.net\/5\/2020\/01\/Futuristic-Bicycles-CVR-1024x450.jpg\",\"datePublished\":\"2020-01-22T12:16:22+00:00\",\"author\":{\"@id\":\"https:\/\/www.welovecycling.com\/pl\/#\/schema\/person\/0dba2d39da943db9df3fd8f4687e7f23\"},\"breadcrumb\":{\"@id\":\"https:\/\/www.welovecycling.com\/pl\/2020\/01\/22\/rowery-przyszlosci-na-czym-bedziemy-jezdzic-w-najblizszych-latach\/#breadcrumb\"},\"inLanguage\":\"pl-PL\",\"potentialAction\":[{\"@type\":\"ReadAction\",\"target\":[\"https:\/\/www.welovecycling.com\/pl\/2020\/01\/22\/rowery-przyszlosci-na-czym-bedziemy-jezdzic-w-najblizszych-latach\/\"]}]},{\"@type\":\"ImageObject\",\"inLanguage\":\"pl-PL\",\"@id\":\"https:\/\/www.welovecycling.com\/pl\/2020\/01\/22\/rowery-przyszlosci-na-czym-bedziemy-jezdzic-w-najblizszych-latach\/#primaryimage\",\"url\":\"https:\/\/d2p6e6u75xmxt8.cloudfront.net\/5\/2020\/01\/Futuristic-Bicycles-CVR-1024x450.jpg\",\"contentUrl\":\"https:\/\/d2p6e6u75xmxt8.cloudfront.net\/5\/2020\/01\/Futuristic-Bicycles-CVR-1024x450.jpg\",\"width\":1024,\"height\":450},{\"@type\":\"BreadcrumbList\",\"@id\":\"https:\/\/www.welovecycling.com\/pl\/2020\/01\/22\/rowery-przyszlosci-na-czym-bedziemy-jezdzic-w-najblizszych-latach\/#breadcrumb\",\"itemListElement\":[{\"@type\":\"ListItem\",\"position\":1,\"name\":\"Home\",\"item\":\"https:\/\/www.welovecycling.com\/pl\/\"},{\"@type\":\"ListItem\",\"position\":2,\"name\":\"Rowery przysz\u0142o\u015bci: na czym b\u0119dziemy je\u017adzi\u0107 w najbli\u017cszych latach?\"}]},{\"@type\":\"WebSite\",\"@id\":\"https:\/\/www.welovecycling.com\/pl\/#website\",\"url\":\"https:\/\/www.welovecycling.com\/pl\/\",\"name\":\"\u0160koda We Love Cycling - Poland\",\"description\":\"\",\"potentialAction\":[{\"@type\":\"SearchAction\",\"target\":{\"@type\":\"EntryPoint\",\"urlTemplate\":\"https:\/\/www.welovecycling.com\/pl\/?s={search_term_string}\"},\"query-input\":{\"@type\":\"PropertyValueSpecification\",\"valueRequired\":true,\"valueName\":\"search_term_string\"}}],\"inLanguage\":\"pl-PL\"},{\"@type\":\"Person\",\"@id\":\"https:\/\/www.welovecycling.com\/pl\/#\/schema\/person\/0dba2d39da943db9df3fd8f4687e7f23\",\"name\":\"piotrboczkowski\",\"image\":{\"@type\":\"ImageObject\",\"inLanguage\":\"pl-PL\",\"@id\":\"https:\/\/www.welovecycling.com\/pl\/#\/schema\/person\/image\/\",\"url\":\"https:\/\/secure.gravatar.com\/avatar\/533caccae14752e03a2ce2d3fd62d1b98b93e1393c3195c27819e53344ca1ace?s=96&d=mm&r=g\",\"contentUrl\":\"https:\/\/secure.gravatar.com\/avatar\/533caccae14752e03a2ce2d3fd62d1b98b93e1393c3195c27819e53344ca1ace?s=96&d=mm&r=g\",\"caption\":\"piotrboczkowski\"},\"url\":\"https:\/\/www.welovecycling.com\/pl\/author\/piotrboczkowski\/\"}]}<\/script>\n<!-- \/ Yoast SEO Premium plugin. -->","yoast_head_json":{"title":"Rowery przysz\u0142o\u015bci: na czym b\u0119dziemy je\u017adzi\u0107 w najbli\u017cszych latach? - \u0160koda We Love Cycling - Poland","robots":{"index":"index","follow":"follow","max-snippet":"max-snippet:-1","max-image-preview":"max-image-preview:large","max-video-preview":"max-video-preview:-1"},"canonical":"https:\/\/www.welovecycling.com\/pl\/2020\/01\/22\/rowery-przyszlosci-na-czym-bedziemy-jezdzic-w-najblizszych-latach\/","og_locale":"pl_PL","og_type":"article","og_title":"Rowery przysz\u0142o\u015bci: na czym b\u0119dziemy je\u017adzi\u0107 w najbli\u017cszych latach?","og_description":"Pod wieloma wzgl\u0119dami ju\u017c \u017cyjemy w przysz\u0142o\u015bci, jednak rewolucja cyfrowa, kt\u00f3ra zmieni\u0142a i nieustannie zmienia nasze \u017cycie, tak naprawd\u0119 dopiero [&hellip;]","og_url":"https:\/\/www.welovecycling.com\/pl\/2020\/01\/22\/rowery-przyszlosci-na-czym-bedziemy-jezdzic-w-najblizszych-latach\/","og_site_name":"\u0160koda We Love Cycling - Poland","article_published_time":"2020-01-22T12:16:22+00:00","og_image":[{"width":1024,"height":450,"url":"https:\/\/d2p6e6u75xmxt8.cloudfront.net\/5\/2020\/01\/Futuristic-Bicycles-CVR-1024x450.jpg","type":"image\/jpeg"}],"author":"piotrboczkowski","twitter_card":"summary_large_image","twitter_misc":{"Written by":"Siegfried Mortkowitz","Est. reading time":"4 minutes"},"schema":{"@context":"https:\/\/schema.org","@graph":[{"@type":"WebPage","@id":"https:\/\/www.welovecycling.com\/pl\/2020\/01\/22\/rowery-przyszlosci-na-czym-bedziemy-jezdzic-w-najblizszych-latach\/","url":"https:\/\/www.welovecycling.com\/pl\/2020\/01\/22\/rowery-przyszlosci-na-czym-bedziemy-jezdzic-w-najblizszych-latach\/","name":"Rowery przysz\u0142o\u015bci: na czym b\u0119dziemy je\u017adzi\u0107 w najbli\u017cszych latach? - \u0160koda We Love Cycling - Poland","isPartOf":{"@id":"https:\/\/www.welovecycling.com\/pl\/#website"},"primaryImageOfPage":{"@id":"https:\/\/www.welovecycling.com\/pl\/2020\/01\/22\/rowery-przyszlosci-na-czym-bedziemy-jezdzic-w-najblizszych-latach\/#primaryimage"},"image":{"@id":"https:\/\/www.welovecycling.com\/pl\/2020\/01\/22\/rowery-przyszlosci-na-czym-bedziemy-jezdzic-w-najblizszych-latach\/#primaryimage"},"thumbnailUrl":"https:\/\/d2p6e6u75xmxt8.cloudfront.net\/5\/2020\/01\/Futuristic-Bicycles-CVR-1024x450.jpg","datePublished":"2020-01-22T12:16:22+00:00","author":{"@id":"https:\/\/www.welovecycling.com\/pl\/#\/schema\/person\/0dba2d39da943db9df3fd8f4687e7f23"},"breadcrumb":{"@id":"https:\/\/www.welovecycling.com\/pl\/2020\/01\/22\/rowery-przyszlosci-na-czym-bedziemy-jezdzic-w-najblizszych-latach\/#breadcrumb"},"inLanguage":"pl-PL","potentialAction":[{"@type":"ReadAction","target":["https:\/\/www.welovecycling.com\/pl\/2020\/01\/22\/rowery-przyszlosci-na-czym-bedziemy-jezdzic-w-najblizszych-latach\/"]}]},{"@type":"ImageObject","inLanguage":"pl-PL","@id":"https:\/\/www.welovecycling.com\/pl\/2020\/01\/22\/rowery-przyszlosci-na-czym-bedziemy-jezdzic-w-najblizszych-latach\/#primaryimage","url":"https:\/\/d2p6e6u75xmxt8.cloudfront.net\/5\/2020\/01\/Futuristic-Bicycles-CVR-1024x450.jpg","contentUrl":"https:\/\/d2p6e6u75xmxt8.cloudfront.net\/5\/2020\/01\/Futuristic-Bicycles-CVR-1024x450.jpg","width":1024,"height":450},{"@type":"BreadcrumbList","@id":"https:\/\/www.welovecycling.com\/pl\/2020\/01\/22\/rowery-przyszlosci-na-czym-bedziemy-jezdzic-w-najblizszych-latach\/#breadcrumb","itemListElement":[{"@type":"ListItem","position":1,"name":"Home","item":"https:\/\/www.welovecycling.com\/pl\/"},{"@type":"ListItem","position":2,"name":"Rowery przysz\u0142o\u015bci: na czym b\u0119dziemy je\u017adzi\u0107 w najbli\u017cszych latach?"}]},{"@type":"WebSite","@id":"https:\/\/www.welovecycling.com\/pl\/#website","url":"https:\/\/www.welovecycling.com\/pl\/","name":"\u0160koda We Love Cycling - Poland","description":"","potentialAction":[{"@type":"SearchAction","target":{"@type":"EntryPoint","urlTemplate":"https:\/\/www.welovecycling.com\/pl\/?s={search_term_string}"},"query-input":{"@type":"PropertyValueSpecification","valueRequired":true,"valueName":"search_term_string"}}],"inLanguage":"pl-PL"},{"@type":"Person","@id":"https:\/\/www.welovecycling.com\/pl\/#\/schema\/person\/0dba2d39da943db9df3fd8f4687e7f23","name":"piotrboczkowski","image":{"@type":"ImageObject","inLanguage":"pl-PL","@id":"https:\/\/www.welovecycling.com\/pl\/#\/schema\/person\/image\/","url":"https:\/\/secure.gravatar.com\/avatar\/533caccae14752e03a2ce2d3fd62d1b98b93e1393c3195c27819e53344ca1ace?s=96&d=mm&r=g","contentUrl":"https:\/\/secure.gravatar.com\/avatar\/533caccae14752e03a2ce2d3fd62d1b98b93e1393c3195c27819e53344ca1ace?s=96&d=mm&r=g","caption":"piotrboczkowski"},"url":"https:\/\/www.welovecycling.com\/pl\/author\/piotrboczkowski\/"}]}},"_links":{"self":[{"href":"https:\/\/www.welovecycling.com\/pl\/wp-json\/wp\/v2\/posts\/10236","targetHints":{"allow":["GET"]}}],"collection":[{"href":"https:\/\/www.welovecycling.com\/pl\/wp-json\/wp\/v2\/posts"}],"about":[{"href":"https:\/\/www.welovecycling.com\/pl\/wp-json\/wp\/v2\/types\/post"}],"author":[{"embeddable":true,"href":"https:\/\/www.welovecycling.com\/pl\/wp-json\/wp\/v2\/users\/76"}],"replies":[{"embeddable":true,"href":"https:\/\/www.welovecycling.com\/pl\/wp-json\/wp\/v2\/comments?post=10236"}],"version-history":[{"count":2,"href":"https:\/\/www.welovecycling.com\/pl\/wp-json\/wp\/v2\/posts\/10236\/revisions"}],"predecessor-version":[{"id":10620,"href":"https:\/\/www.welovecycling.com\/pl\/wp-json\/wp\/v2\/posts\/10236\/revisions\/10620"}],"wp:featuredmedia":[{"embeddable":true,"href":"https:\/\/www.welovecycling.com\/pl\/wp-json\/wp\/v2\/media\/10237"}],"wp:attachment":[{"href":"https:\/\/www.welovecycling.com\/pl\/wp-json\/wp\/v2\/media?parent=10236"}],"wp:term":[{"taxonomy":"category","embeddable":true,"href":"https:\/\/www.welovecycling.com\/pl\/wp-json\/wp\/v2\/categories?post=10236"},{"taxonomy":"post_tag","embeddable":true,"href":"https:\/\/www.welovecycling.com\/pl\/wp-json\/wp\/v2\/tags?post=10236"},{"taxonomy":"global-categories","embeddable":true,"href":"https:\/\/www.welovecycling.com\/pl\/wp-json\/wp\/v2\/global-categories?post=10236"}],"curies":[{"name":"wp","href":"https:\/\/api.w.org\/{rel}","templated":true}]}}