{"id":10232,"date":"2020-01-21T07:52:55","date_gmt":"2020-01-21T07:52:55","guid":{"rendered":"https:\/\/www.welovecycling.com\/pl\/?p=10232"},"modified":"2020-01-22T08:01:53","modified_gmt":"2020-01-22T08:01:53","slug":"eurovelo-15-rodzinne-wakacje-taka-wyprawa-to-bylaby-bajka","status":"publish","type":"post","link":"https:\/\/www.welovecycling.com\/pl\/2020\/01\/21\/eurovelo-15-rodzinne-wakacje-taka-wyprawa-to-bylaby-bajka\/","title":{"rendered":"Eurovelo 15: Rodzinne wakacje? Taka wyprawa to by\u0142aby bajka!"},"content":{"rendered":"<p><strong>Mo\u017cna objada\u0107 si\u0119 szwajcarskim serem, popija\u0107 go s\u0142ynnym Rieslingiem i niespiesznie peda\u0142owa\u0107 w stron\u0119 wiatrak\u00f3w i miasta Ludwiga van Beethovena. Rodzinnie, w spokojnym tempie, trzymaj\u0105c si\u0119 ca\u0142y czas brzegu Renu. Tak w\u0142a\u015bnie wygl\u0105da trasa Eurovelo 15, dedykowana specjalnie dla rodzin. Chyba \u017caden szlak Eurovelo nie oferowa\u0142 takie wiele, w tak niewielu pa\u0144stwach. Podczas gdy inne trasy czasem ci\u0105gn\u0105 si\u0119 przez kilkana\u015bcie kraj\u00f3w, Eurovelo 15 wje\u017cd\u017ca tylko do czterech: Szwajcarii, Niemiec, Francji i Holandii. To jednak wcale nie oznacza, \u017ce jest ubog\u0105 krewn\u0105 pozosta\u0142ych szlak\u00f3w.<\/strong><\/p>\n<p><span style=\"font-size: 18pt;\"><strong>Cena perfekcjonizmu<\/strong><\/span><\/p>\n<p>\u201eTrasa biegnie wzd\u0142u\u017c Renu, jednej z najd\u0142u\u017cszych rzek w Europie. Od lat sprzyja ona dialogowi kulturalnemu i gospodarczemu miedzy regionami alpejskimi a p\u00f3\u0142nocn\u0105 Europ\u0105. Warto te\u017c odkry\u0107 pi\u0119kno tego rzecznego krajobrazu oraz malowniczych miasteczek ci\u0105gn\u0105cych si\u0119 wzd\u0142u\u017c brzegu\u201d \u2013 reklamuj\u0105 tw\u00f3rcy Eurovelo 15.<\/p>\n<p>Szlak zaczyna si\u0119 nad szwajcarskim jeziorem Toma, kt\u00f3re uwa\u017cane jest za \u017ar\u00f3d\u0142o Renu. Nast\u0119pnie jedziemy wzd\u0142u\u017c g\u00f3rskich rzek, a\u017c do Jeziora Bode\u0144skiego. Peda\u0142uj\u0105c t\u0119dy zahaczymy r\u00f3wnie\u017c o Chur, najstarsze szwajcarskie miasto, gdzie ludzie trudni\u0105 si\u0119 nie tylko produkcj\u0105 \u015bwietnych tradycyjnych ser\u00f3w, ale r\u00f3wnie\u017c\u2026 piwa. W tym regionie ca\u0142y czas b\u0119d\u0105 towarzyszy\u0142y nam zapieraj\u0105ce dech w piersiach g\u00f3rskie szczyty oraz zamki i osady.<\/p>\n<p>Jedyn\u0105 rzecz\u0105, jaka mo\u017ce zniech\u0119ci\u0107 do d\u0142ugiego komplementowania Szwajcarii, s\u0105 ceny. Szwajcarzy wszystko maj\u0105 pi\u0119knie przygotowane oraz zapi\u0119te na ostatni guzik, ale je\u015bli taki perfekcjonizm ma swoj\u0105 cen\u0119, to \u2013 niestety &#8211; jest ona bardzo wysoka.<\/p>\n<p><span style=\"font-size: 18pt;\"><strong>Uwaga na\u2026 nadwyr\u0119\u017cenia karku!<\/strong><\/span><\/p>\n<p>P\u00f3\u017aniej kierujemy si\u0119 w stron\u0119 Bazylei, by nast\u0119pnie jecha\u0107 na styku granicy niemieckiej oraz francuskiej. Nic dziwnego, skoro to w\u0142a\u015bnie Ren stanowi naturalny podzia\u0142 terytorium mi\u0119dzy tymi pa\u0144stwami.<\/p>\n<p>Nast\u0119pnie na rowerzyst\u00f3w czeka nie lada gratka \u2013 przejazd Dolin\u0105 G\u00f3rnego \u015arodkowego Renu, inaczej zwan\u0105 W\u0105wozem Renu. To jeden z najstarszych i najbardziej imponuj\u0105cych krajobraz\u00f3w w Niemczech. Jest tak urzekaj\u0105cy, \u017ce zosta\u0142 wpisany na list\u0119 UNESCO.<\/p>\n<p>Jedynym zagro\u017ceniem dla rowerzyst\u00f3w na tym fragmencie trasy jest\u2026 tempo przejazdu. Wszystko dlatego, \u017ce od niesamowitych widok\u00f3w mo\u017cna nabawi\u0107 si\u0119 nadwyr\u0119\u017cenia karku. Wystarczy wspomnie\u0107, \u017ce mi\u0119dzy Binge a Koblencj\u0105 jest ok. sze\u015b\u0107dziesi\u0119ciu zamk\u00f3w i pa\u0142ac\u00f3w majestatycznie g\u00f3ruj\u0105cych nad Renem!<\/p>\n<p>\u201eZ kolei po obu stronach rzeki wznosz\u0105 si\u0119 strome winnice, w kt\u00f3rych produkowano s\u0142ynne wina Riesling. Dalej w p\u00f3\u0142nocnej Westfalii rowerzy\u015bci mog\u0105 wybra\u0107 brzeg, kt\u00f3rym chc\u0105 jecha\u0107. Na prawym znajduje si\u0119 K\u00f6nigswinter, najcz\u0119\u015bciej odwiedzana g\u00f3ra w Niemczech; na lewym brzegu szlak wiedzie przez star\u0105 dzielnic\u0119 rz\u0105dow\u0105 w Bonn, z katedr\u0105, barokowym ratuszem i domem, w kt\u00f3rym urodzi\u0142 si\u0119 Beethoven\u201d \u2013 pisz\u0105 tw\u00f3rcy Eurovelo.<\/p>\n<p>Nast\u0119pnie kierujemy si\u0119 w stron\u0119 Kolonii (do obejrzenia jest tu wiele galerii sztuki oraz muzeum czekolady), Dusseldorfu (znajduje si\u0119 tu kilka nowoczesnych pere\u0142ek architektonicznych), by wjecha\u0107 do Holandii.<\/p>\n<p><span style=\"font-size: 18pt;\"><strong>W poszukiwaniu wiatrak\u00f3w<\/strong><\/span><\/p>\n<p>Ostatni punkt trasy wcale nie oznacza zaci\u015bni\u0119cia z\u0119b\u00f3w i walki o jak najszybsze dotarcie do celu. O nie, to by\u0142by najwi\u0119kszy b\u0142\u0105d! W Holandii mo\u017cna bowiem zaobserwowa\u0107 jak zorganizowany jest ruch rzeczny na Renie, a tak\u017ce podziwia\u0107 kultowe wiatraki w okolicach wioski Kinderdijk. Do tego Holandia oferuje niespieszne zwiedzanie ma\u0142ych miasteczek portowych, a tak\u017ce nowoczesnego Rotterdamu.<\/p>\n<p>I w\u0142a\u015bnie w takich okoliczno\u015bciach przyrody ko\u0144czy si\u0119 licz\u0105cy blisko 1,5 tys. km przejazd, kt\u00f3rego mocn\u0105 stron\u0105 s\u0105 nie tylko niesamowite widoki, ale tak\u017ce specjalne oznaczenie \u201eprzejazd rodziny\u201d, co oznacza, \u017ce podczas tej wyprawy strach i zm\u0119czenie na pewno nie b\u0119d\u0105 g\u00f3rowa\u0142y nad przyjemno\u015bci\u0105.<\/p>\n<p>\u201eWyprawa Eurovelo15 b\u0119dzie niezapomniana dla ka\u017cdego, bo nadaje si\u0119 dla rowerzyst\u00f3w o r\u00f3\u017cnym poziomie sprawno\u015bci, umiej\u0119tno\u015bciach oraz zaawansowania\u201d \u2013 reklamuj\u0105 szlak jego tw\u00f3rcy.<\/p>\n<p><a href=\"https:\/\/en.eurovelo.com\/ev15\"><img loading=\"lazy\" decoding=\"async\" class=\"aligncenter size-full wp-image-10234\" src=\"https:\/\/d2p6e6u75xmxt8.cloudfront.net\/5\/2020\/01\/EV15.PNG.png\" alt=\"\" width=\"1099\" height=\"718\" srcset=\"https:\/\/d2p6e6u75xmxt8.cloudfront.net\/5\/2020\/01\/EV15.PNG.png 1099w, https:\/\/d2p6e6u75xmxt8.cloudfront.net\/5\/2020\/01\/EV15.PNG-300x196.png 300w, https:\/\/d2p6e6u75xmxt8.cloudfront.net\/5\/2020\/01\/EV15.PNG-768x502.png 768w, https:\/\/d2p6e6u75xmxt8.cloudfront.net\/5\/2020\/01\/EV15.PNG-1024x669.png 1024w\" sizes=\"auto, (max-width: 1099px) 100vw, 1099px\" \/><\/a><\/p>\n<p>****************<\/p>\n<p>Eurovelo to og\u00f3lnoeuropejska sie\u0107 tras rowerowych. Wiod\u0105 one przez 43 pa\u0144stwa i \u0142\u0105cznie maj\u0105 ponad 70 tys. km d\u0142ugo\u015bci. To projekt Europejskiej Federacji Cyklist\u00f3w, wsp\u00f3\u0142finansowany przez Uni\u0119 Europejsk\u0105. Ca\u0142o\u015b\u0107 ma by\u0107 uko\u0144czona w 2020 r.<\/p>\n<p><span data-sheets-value=\"{&quot;1&quot;:2,&quot;2&quot;:&quot;Artyku\u0142 powsta\u0142 we wsp\u00f3\u0142pracy ze skoda-auto.pl&quot;}\" data-sheets-userformat=\"{&quot;2&quot;:1,&quot;3&quot;:{&quot;1&quot;:0}}\" data-sheets-hyperlink=\"http:\/\/www.skoda-auto.pl\/\"><a class=\"in-cell-link\" href=\"http:\/\/www.skoda-auto.pl\/\" target=\"_blank\" rel=\"noopener\">Artyku\u0142 powsta\u0142 we wsp\u00f3\u0142pracy ze skoda-auto.pl<\/a><\/span><\/p>\n<p>&nbsp;<\/p>\n<p><a href=\"https:\/\/www.skoda-auto.pl\/modele\/karoq\"><img loading=\"lazy\" decoding=\"async\" class=\"aligncenter wp-image-9609 size-full loading\" src=\"https:\/\/d2p6e6u75xmxt8.cloudfront.net\/5\/2019\/08\/baner_WLC_640x350_4.png\" sizes=\"auto, (max-width: 640px) 100vw, 640px\" srcset=\"https:\/\/d2p6e6u75xmxt8.cloudfront.net\/5\/2019\/08\/baner_WLC_640x350_4.png 640w, https:\/\/d2p6e6u75xmxt8.cloudfront.net\/5\/2019\/08\/baner_WLC_640x350_4-300x164.png 300w\" alt=\"\" width=\"640\" height=\"350\" data-was-processed=\"true\" \/><\/a><\/p>\n<p>&nbsp;<\/p>\n","protected":false},"excerpt":{"rendered":"<p>Mo\u017cna objada\u0107 si\u0119 szwajcarskim serem, popija\u0107 go s\u0142ynnym Rieslingiem i niespiesznie peda\u0142owa\u0107 w stron\u0119 wiatrak\u00f3w i miasta Ludwiga van Beethovena. [&hellip;]<\/p>\n","protected":false},"author":76,"featured_media":10233,"comment_status":"open","ping_status":"open","sticky":false,"template":"","format":"standard","meta":{"footnotes":""},"categories":[324,6],"tags":[],"global-categories":[303],"class_list":["post-10232","post","type-post","status-publish","format-standard","has-post-thumbnail","hentry","category-eurovelo","category-kolarstwo-szosowe","global-categories-cycling"],"yoast_head":"<!-- This site is optimized with the Yoast SEO Premium plugin v25.3 (Yoast SEO v25.9) - https:\/\/yoast.com\/wordpress\/plugins\/seo\/ -->\n<title>Eurovelo 15: Rodzinne wakacje? Taka wyprawa to by\u0142aby bajka! - \u0160koda We Love Cycling - Poland<\/title>\n<meta name=\"robots\" content=\"index, follow, max-snippet:-1, max-image-preview:large, max-video-preview:-1\" \/>\n<link rel=\"canonical\" href=\"https:\/\/www.welovecycling.com\/pl\/2020\/01\/21\/eurovelo-15-rodzinne-wakacje-taka-wyprawa-to-bylaby-bajka\/\" \/>\n<meta property=\"og:locale\" content=\"pl_PL\" \/>\n<meta property=\"og:type\" content=\"article\" \/>\n<meta property=\"og:title\" content=\"Eurovelo 15: Rodzinne wakacje? Taka wyprawa to by\u0142aby bajka!\" \/>\n<meta property=\"og:description\" content=\"Mo\u017cna objada\u0107 si\u0119 szwajcarskim serem, popija\u0107 go s\u0142ynnym Rieslingiem i niespiesznie peda\u0142owa\u0107 w stron\u0119 wiatrak\u00f3w i miasta Ludwiga van Beethovena. [&hellip;]\" \/>\n<meta property=\"og:url\" content=\"https:\/\/www.welovecycling.com\/pl\/2020\/01\/21\/eurovelo-15-rodzinne-wakacje-taka-wyprawa-to-bylaby-bajka\/\" \/>\n<meta property=\"og:site_name\" content=\"\u0160koda We Love Cycling - Poland\" \/>\n<meta property=\"article:published_time\" content=\"2020-01-21T07:52:55+00:00\" \/>\n<meta property=\"article:modified_time\" content=\"2020-01-22T08:01:53+00:00\" \/>\n<meta property=\"og:image\" content=\"https:\/\/d2p6e6u75xmxt8.cloudfront.net\/5\/2020\/01\/1024px-Rhein_radweg_zwischen_nierstein_und_nackenheim_08_2008.jpg\" \/>\n\t<meta property=\"og:image:width\" content=\"1024\" \/>\n\t<meta property=\"og:image:height\" content=\"768\" \/>\n\t<meta property=\"og:image:type\" content=\"image\/jpeg\" \/>\n<meta name=\"author\" content=\"piotrboczkowski\" \/>\n<meta name=\"twitter:card\" content=\"summary_large_image\" \/>\n<meta name=\"twitter:label1\" content=\"Written by\" \/>\n\t<meta name=\"twitter:data1\" content=\"Piotr Nowik\" \/>\n\t<meta name=\"twitter:label2\" content=\"Est. reading time\" \/>\n\t<meta name=\"twitter:data2\" content=\"4 minutes\" \/>\n<script type=\"application\/ld+json\" class=\"yoast-schema-graph\">{\"@context\":\"https:\/\/schema.org\",\"@graph\":[{\"@type\":\"WebPage\",\"@id\":\"https:\/\/www.welovecycling.com\/pl\/2020\/01\/21\/eurovelo-15-rodzinne-wakacje-taka-wyprawa-to-bylaby-bajka\/\",\"url\":\"https:\/\/www.welovecycling.com\/pl\/2020\/01\/21\/eurovelo-15-rodzinne-wakacje-taka-wyprawa-to-bylaby-bajka\/\",\"name\":\"Eurovelo 15: Rodzinne wakacje? Taka wyprawa to by\u0142aby bajka! - \u0160koda We Love Cycling - Poland\",\"isPartOf\":{\"@id\":\"https:\/\/www.welovecycling.com\/pl\/#website\"},\"primaryImageOfPage\":{\"@id\":\"https:\/\/www.welovecycling.com\/pl\/2020\/01\/21\/eurovelo-15-rodzinne-wakacje-taka-wyprawa-to-bylaby-bajka\/#primaryimage\"},\"image\":{\"@id\":\"https:\/\/www.welovecycling.com\/pl\/2020\/01\/21\/eurovelo-15-rodzinne-wakacje-taka-wyprawa-to-bylaby-bajka\/#primaryimage\"},\"thumbnailUrl\":\"https:\/\/d2p6e6u75xmxt8.cloudfront.net\/5\/2020\/01\/1024px-Rhein_radweg_zwischen_nierstein_und_nackenheim_08_2008.jpg\",\"datePublished\":\"2020-01-21T07:52:55+00:00\",\"dateModified\":\"2020-01-22T08:01:53+00:00\",\"author\":{\"@id\":\"https:\/\/www.welovecycling.com\/pl\/#\/schema\/person\/0dba2d39da943db9df3fd8f4687e7f23\"},\"breadcrumb\":{\"@id\":\"https:\/\/www.welovecycling.com\/pl\/2020\/01\/21\/eurovelo-15-rodzinne-wakacje-taka-wyprawa-to-bylaby-bajka\/#breadcrumb\"},\"inLanguage\":\"pl-PL\",\"potentialAction\":[{\"@type\":\"ReadAction\",\"target\":[\"https:\/\/www.welovecycling.com\/pl\/2020\/01\/21\/eurovelo-15-rodzinne-wakacje-taka-wyprawa-to-bylaby-bajka\/\"]}]},{\"@type\":\"ImageObject\",\"inLanguage\":\"pl-PL\",\"@id\":\"https:\/\/www.welovecycling.com\/pl\/2020\/01\/21\/eurovelo-15-rodzinne-wakacje-taka-wyprawa-to-bylaby-bajka\/#primaryimage\",\"url\":\"https:\/\/d2p6e6u75xmxt8.cloudfront.net\/5\/2020\/01\/1024px-Rhein_radweg_zwischen_nierstein_und_nackenheim_08_2008.jpg\",\"contentUrl\":\"https:\/\/d2p6e6u75xmxt8.cloudfront.net\/5\/2020\/01\/1024px-Rhein_radweg_zwischen_nierstein_und_nackenheim_08_2008.jpg\",\"width\":1024,\"height\":768,\"caption\":\"CC BY-SA 3.0\"},{\"@type\":\"BreadcrumbList\",\"@id\":\"https:\/\/www.welovecycling.com\/pl\/2020\/01\/21\/eurovelo-15-rodzinne-wakacje-taka-wyprawa-to-bylaby-bajka\/#breadcrumb\",\"itemListElement\":[{\"@type\":\"ListItem\",\"position\":1,\"name\":\"Home\",\"item\":\"https:\/\/www.welovecycling.com\/pl\/\"},{\"@type\":\"ListItem\",\"position\":2,\"name\":\"Eurovelo 15: Rodzinne wakacje? Taka wyprawa to by\u0142aby bajka!\"}]},{\"@type\":\"WebSite\",\"@id\":\"https:\/\/www.welovecycling.com\/pl\/#website\",\"url\":\"https:\/\/www.welovecycling.com\/pl\/\",\"name\":\"\u0160koda We Love Cycling - Poland\",\"description\":\"\",\"potentialAction\":[{\"@type\":\"SearchAction\",\"target\":{\"@type\":\"EntryPoint\",\"urlTemplate\":\"https:\/\/www.welovecycling.com\/pl\/?s={search_term_string}\"},\"query-input\":{\"@type\":\"PropertyValueSpecification\",\"valueRequired\":true,\"valueName\":\"search_term_string\"}}],\"inLanguage\":\"pl-PL\"},{\"@type\":\"Person\",\"@id\":\"https:\/\/www.welovecycling.com\/pl\/#\/schema\/person\/0dba2d39da943db9df3fd8f4687e7f23\",\"name\":\"piotrboczkowski\",\"image\":{\"@type\":\"ImageObject\",\"inLanguage\":\"pl-PL\",\"@id\":\"https:\/\/www.welovecycling.com\/pl\/#\/schema\/person\/image\/\",\"url\":\"https:\/\/secure.gravatar.com\/avatar\/533caccae14752e03a2ce2d3fd62d1b98b93e1393c3195c27819e53344ca1ace?s=96&d=mm&r=g\",\"contentUrl\":\"https:\/\/secure.gravatar.com\/avatar\/533caccae14752e03a2ce2d3fd62d1b98b93e1393c3195c27819e53344ca1ace?s=96&d=mm&r=g\",\"caption\":\"piotrboczkowski\"},\"url\":\"https:\/\/www.welovecycling.com\/pl\/author\/piotrboczkowski\/\"}]}<\/script>\n<!-- \/ Yoast SEO Premium plugin. -->","yoast_head_json":{"title":"Eurovelo 15: Rodzinne wakacje? Taka wyprawa to by\u0142aby bajka! - \u0160koda We Love Cycling - Poland","robots":{"index":"index","follow":"follow","max-snippet":"max-snippet:-1","max-image-preview":"max-image-preview:large","max-video-preview":"max-video-preview:-1"},"canonical":"https:\/\/www.welovecycling.com\/pl\/2020\/01\/21\/eurovelo-15-rodzinne-wakacje-taka-wyprawa-to-bylaby-bajka\/","og_locale":"pl_PL","og_type":"article","og_title":"Eurovelo 15: Rodzinne wakacje? Taka wyprawa to by\u0142aby bajka!","og_description":"Mo\u017cna objada\u0107 si\u0119 szwajcarskim serem, popija\u0107 go s\u0142ynnym Rieslingiem i niespiesznie peda\u0142owa\u0107 w stron\u0119 wiatrak\u00f3w i miasta Ludwiga van Beethovena. [&hellip;]","og_url":"https:\/\/www.welovecycling.com\/pl\/2020\/01\/21\/eurovelo-15-rodzinne-wakacje-taka-wyprawa-to-bylaby-bajka\/","og_site_name":"\u0160koda We Love Cycling - Poland","article_published_time":"2020-01-21T07:52:55+00:00","article_modified_time":"2020-01-22T08:01:53+00:00","og_image":[{"width":1024,"height":768,"url":"https:\/\/d2p6e6u75xmxt8.cloudfront.net\/5\/2020\/01\/1024px-Rhein_radweg_zwischen_nierstein_und_nackenheim_08_2008.jpg","type":"image\/jpeg"}],"author":"piotrboczkowski","twitter_card":"summary_large_image","twitter_misc":{"Written by":"Piotr Nowik","Est. reading time":"4 minutes"},"schema":{"@context":"https:\/\/schema.org","@graph":[{"@type":"WebPage","@id":"https:\/\/www.welovecycling.com\/pl\/2020\/01\/21\/eurovelo-15-rodzinne-wakacje-taka-wyprawa-to-bylaby-bajka\/","url":"https:\/\/www.welovecycling.com\/pl\/2020\/01\/21\/eurovelo-15-rodzinne-wakacje-taka-wyprawa-to-bylaby-bajka\/","name":"Eurovelo 15: Rodzinne wakacje? Taka wyprawa to by\u0142aby bajka! - \u0160koda We Love Cycling - Poland","isPartOf":{"@id":"https:\/\/www.welovecycling.com\/pl\/#website"},"primaryImageOfPage":{"@id":"https:\/\/www.welovecycling.com\/pl\/2020\/01\/21\/eurovelo-15-rodzinne-wakacje-taka-wyprawa-to-bylaby-bajka\/#primaryimage"},"image":{"@id":"https:\/\/www.welovecycling.com\/pl\/2020\/01\/21\/eurovelo-15-rodzinne-wakacje-taka-wyprawa-to-bylaby-bajka\/#primaryimage"},"thumbnailUrl":"https:\/\/d2p6e6u75xmxt8.cloudfront.net\/5\/2020\/01\/1024px-Rhein_radweg_zwischen_nierstein_und_nackenheim_08_2008.jpg","datePublished":"2020-01-21T07:52:55+00:00","dateModified":"2020-01-22T08:01:53+00:00","author":{"@id":"https:\/\/www.welovecycling.com\/pl\/#\/schema\/person\/0dba2d39da943db9df3fd8f4687e7f23"},"breadcrumb":{"@id":"https:\/\/www.welovecycling.com\/pl\/2020\/01\/21\/eurovelo-15-rodzinne-wakacje-taka-wyprawa-to-bylaby-bajka\/#breadcrumb"},"inLanguage":"pl-PL","potentialAction":[{"@type":"ReadAction","target":["https:\/\/www.welovecycling.com\/pl\/2020\/01\/21\/eurovelo-15-rodzinne-wakacje-taka-wyprawa-to-bylaby-bajka\/"]}]},{"@type":"ImageObject","inLanguage":"pl-PL","@id":"https:\/\/www.welovecycling.com\/pl\/2020\/01\/21\/eurovelo-15-rodzinne-wakacje-taka-wyprawa-to-bylaby-bajka\/#primaryimage","url":"https:\/\/d2p6e6u75xmxt8.cloudfront.net\/5\/2020\/01\/1024px-Rhein_radweg_zwischen_nierstein_und_nackenheim_08_2008.jpg","contentUrl":"https:\/\/d2p6e6u75xmxt8.cloudfront.net\/5\/2020\/01\/1024px-Rhein_radweg_zwischen_nierstein_und_nackenheim_08_2008.jpg","width":1024,"height":768,"caption":"CC BY-SA 3.0"},{"@type":"BreadcrumbList","@id":"https:\/\/www.welovecycling.com\/pl\/2020\/01\/21\/eurovelo-15-rodzinne-wakacje-taka-wyprawa-to-bylaby-bajka\/#breadcrumb","itemListElement":[{"@type":"ListItem","position":1,"name":"Home","item":"https:\/\/www.welovecycling.com\/pl\/"},{"@type":"ListItem","position":2,"name":"Eurovelo 15: Rodzinne wakacje? Taka wyprawa to by\u0142aby bajka!"}]},{"@type":"WebSite","@id":"https:\/\/www.welovecycling.com\/pl\/#website","url":"https:\/\/www.welovecycling.com\/pl\/","name":"\u0160koda We Love Cycling - Poland","description":"","potentialAction":[{"@type":"SearchAction","target":{"@type":"EntryPoint","urlTemplate":"https:\/\/www.welovecycling.com\/pl\/?s={search_term_string}"},"query-input":{"@type":"PropertyValueSpecification","valueRequired":true,"valueName":"search_term_string"}}],"inLanguage":"pl-PL"},{"@type":"Person","@id":"https:\/\/www.welovecycling.com\/pl\/#\/schema\/person\/0dba2d39da943db9df3fd8f4687e7f23","name":"piotrboczkowski","image":{"@type":"ImageObject","inLanguage":"pl-PL","@id":"https:\/\/www.welovecycling.com\/pl\/#\/schema\/person\/image\/","url":"https:\/\/secure.gravatar.com\/avatar\/533caccae14752e03a2ce2d3fd62d1b98b93e1393c3195c27819e53344ca1ace?s=96&d=mm&r=g","contentUrl":"https:\/\/secure.gravatar.com\/avatar\/533caccae14752e03a2ce2d3fd62d1b98b93e1393c3195c27819e53344ca1ace?s=96&d=mm&r=g","caption":"piotrboczkowski"},"url":"https:\/\/www.welovecycling.com\/pl\/author\/piotrboczkowski\/"}]}},"_links":{"self":[{"href":"https:\/\/www.welovecycling.com\/pl\/wp-json\/wp\/v2\/posts\/10232","targetHints":{"allow":["GET"]}}],"collection":[{"href":"https:\/\/www.welovecycling.com\/pl\/wp-json\/wp\/v2\/posts"}],"about":[{"href":"https:\/\/www.welovecycling.com\/pl\/wp-json\/wp\/v2\/types\/post"}],"author":[{"embeddable":true,"href":"https:\/\/www.welovecycling.com\/pl\/wp-json\/wp\/v2\/users\/76"}],"replies":[{"embeddable":true,"href":"https:\/\/www.welovecycling.com\/pl\/wp-json\/wp\/v2\/comments?post=10232"}],"version-history":[{"count":1,"href":"https:\/\/www.welovecycling.com\/pl\/wp-json\/wp\/v2\/posts\/10232\/revisions"}],"predecessor-version":[{"id":10235,"href":"https:\/\/www.welovecycling.com\/pl\/wp-json\/wp\/v2\/posts\/10232\/revisions\/10235"}],"wp:featuredmedia":[{"embeddable":true,"href":"https:\/\/www.welovecycling.com\/pl\/wp-json\/wp\/v2\/media\/10233"}],"wp:attachment":[{"href":"https:\/\/www.welovecycling.com\/pl\/wp-json\/wp\/v2\/media?parent=10232"}],"wp:term":[{"taxonomy":"category","embeddable":true,"href":"https:\/\/www.welovecycling.com\/pl\/wp-json\/wp\/v2\/categories?post=10232"},{"taxonomy":"post_tag","embeddable":true,"href":"https:\/\/www.welovecycling.com\/pl\/wp-json\/wp\/v2\/tags?post=10232"},{"taxonomy":"global-categories","embeddable":true,"href":"https:\/\/www.welovecycling.com\/pl\/wp-json\/wp\/v2\/global-categories?post=10232"}],"curies":[{"name":"wp","href":"https:\/\/api.w.org\/{rel}","templated":true}]}}