{"id":10224,"date":"2020-01-20T07:28:32","date_gmt":"2020-01-20T07:28:32","guid":{"rendered":"https:\/\/www.welovecycling.com\/pl\/?p=10224"},"modified":"2020-01-22T07:51:43","modified_gmt":"2020-01-22T07:51:43","slug":"dokad-na-rower-zima-na-majorce-jest-cieplo-i-nie-ma-sniegu","status":"publish","type":"post","link":"https:\/\/www.welovecycling.com\/pl\/2020\/01\/20\/dokad-na-rower-zima-na-majorce-jest-cieplo-i-nie-ma-sniegu\/","title":{"rendered":"Dok\u0105d na rower zim\u0105? Na Majorce jest ciep\u0142o i nie ma \u015bniegu!"},"content":{"rendered":"<p><strong>Nie jest tajemnic\u0105, \u017ce Majorka to zimowy azyl dla tych, kt\u00f3rzy nie przepadaj\u0105 za \u015bniegiem podczas przeja\u017cd\u017cek rowerowych. Poniewa\u017c lokalne szlaki zyskuj\u0105 rozg\u0142os, mo\u017ce by\u0107 Ci trudno wybra\u0107 odpowiednie dla siebie lokalizacje spo\u015br\u00f3d wszystkich polecanych na blogach turystycznych i na Insta. W\u0142a\u015bnie dlatego wezwali\u015bmy na pomoc Camerona Jeffersa, p\u00f3\u0142profesjonalnego kolarza i youtubera, kt\u00f3ry od czasu do czasu \u0142\u0105czy si\u0142y z We Love Cycling. Z pierwszej r\u0119ki dowiesz si\u0119 wszystkiego o najlepszych trasach na tej hiszpa\u0144skiej wyspie i nie b\u0119dziesz musia\u0142 traci\u0107 cennego czasu, kt\u00f3ry warto wykorzysta\u0107 na rowerowe eskapady.<\/strong><\/p>\n<p>Mo\u017cesz odkrywa\u0107 Majork\u0119, je\u017cd\u017c\u0105c po nienagannie utrzymanych trasach, lub nieco zaryzykowa\u0107. Aby porusza\u0107 si\u0119 szybko i bezpiecznie, nawet po dzikich drogach, Cameron przemieszcza\u0142 si\u0119 od\u015bwie\u017con\u0105 niedawno \u0160KOD\u0104 SUPERB SCOUT w odcieniu Lava Blue. Zabra\u0142 ze sob\u0105 dwa rowery \u2013 szosowy i szutrowy \u2013 poniewa\u017c nie chcia\u0142 by\u0107 ograniczony przez teren. Warto odpowiednio przygotowa\u0107 si\u0119 do jazdy po Majorce, poniewa\u017c prawdopodobnie b\u0119dziesz si\u0119 tutaj du\u017co wspina\u0107.<\/p>\n<figure id=\"attachment_176358\" aria-describedby=\"caption-attachment-176358\" style=\"width: 1816px\" class=\"wp-caption alignnone\"><img loading=\"lazy\" decoding=\"async\" class=\"loading wp-image-176358 size-full\" src=\"https:\/\/d2p6e6u75xmxt8.cloudfront.net\/2\/2019\/12\/SKODA-SUPERB-SCOUT-6.jpg\" sizes=\"auto, (max-width: 1816px) 100vw, 1816px\" srcset=\"https:\/\/d2p6e6u75xmxt8.cloudfront.net\/2\/2019\/12\/SKODA-SUPERB-SCOUT-6.jpg 1816w, https:\/\/d2p6e6u75xmxt8.cloudfront.net\/2\/2019\/12\/SKODA-SUPERB-SCOUT-6-300x200.jpg 300w, https:\/\/d2p6e6u75xmxt8.cloudfront.net\/2\/2019\/12\/SKODA-SUPERB-SCOUT-6-768x512.jpg 768w, https:\/\/d2p6e6u75xmxt8.cloudfront.net\/2\/2019\/12\/SKODA-SUPERB-SCOUT-6-1024x683.jpg 1024w, https:\/\/d2p6e6u75xmxt8.cloudfront.net\/2\/2019\/12\/SKODA-SUPERB-SCOUT-6-272x182.jpg 272w\" alt=\"\" width=\"1816\" height=\"1211\" data-was-processed=\"true\" \/><figcaption id=\"caption-attachment-176358\" class=\"wp-caption-text\">Zach\u00f3d s\u0142o\u0144ca w Pollenca, widok na port i zatok\u0119, Majorka<\/figcaption><\/figure>\n<p>Je\u015bli nie jeste\u015b w stanie utrzymywa\u0107 si\u0119 na asfaltowych drogach przez ca\u0142y czas, jazda po \u017cwirze pozwala odpocz\u0105\u0107 od tego typu nawierzchni i eksplorowa\u0107 mniej ucz\u0119szczane trasy. Niekt\u00f3re rynki rowerowe szumnie og\u0142osi\u0142y, \u017ce kolarstwo g\u00f3rskie jest ju\u017c pass\u00e9, poniewa\u017c dominuje \u017cwir, ale my nie odwa\u017cymy si\u0119 na tak surowy os\u0105d. Tak czy inaczej, prawda jest taka, \u017ce \u200b\u200bopony szutrowe na rowerach g\u00f3rskich lub szosowych maj\u0105 stale rosn\u0105c\u0105 grup\u0119 fan\u00f3w, a zim\u0105 Majorka pozwala cieszy\u0107 si\u0119 r\u00f3\u017cnorodnymi warunkami drogowymi i terenowymi. Je\u015bli chodzi o bezpiecze\u0144stwo, na \u017cwirowych szlakach mo\u017ce by\u0107 mniejszy ruch rowerowy, ale nadal musisz uwa\u017ca\u0107 na zwierz\u0119ta, korzenie, kamienie i nier\u00f3wno\u015bci terenu. \u201eNatura jest tak bogata jak klimat. Gdy jedziesz drog\u0105, mo\u017cesz spotka\u0107 drzewa, ptaki, a zw\u0142aszcza krowy, kt\u00f3re przebiegn\u0105 Ci znienacka tu\u017c przed nosem. Sam mia\u0142em niedawno takie do\u015bwiadczenie\u201d \u2013 komentuje ze \u015bmiechem Cameron, co mo\u017cecie zobaczy\u0107 na powy\u017cszym wideo. \u017bwirowe przygody, kt\u00f3re obejrzysz, rozgrywaj\u0105 si\u0119 na szlakach w pobli\u017cu miasta Alc\u00fadia, wi\u0119c zapami\u0119taj t\u0119 nazw\u0119.<\/p>\n<p>Pierwsze wyniki wyszukiwania rowerowych miejsc na Majorce w Google poka\u017c\u0105 Ci te najbardziej znane: s\u0142ynn\u0105 szpilk\u0119 Sa Calobra lub malownicz\u0105 drog\u0119 do Cap se Formentor. A co z ulubionymi punktami Camerona na mapie?<\/p>\n<figure id=\"attachment_176370\" aria-describedby=\"caption-attachment-176370\" style=\"width: 1024px\" class=\"wp-caption alignnone\"><img loading=\"lazy\" decoding=\"async\" class=\"loading wp-image-176370 size-large\" src=\"https:\/\/d2p6e6u75xmxt8.cloudfront.net\/2\/2019\/12\/profimedia-0390359778-1024x667.jpg\" sizes=\"auto, (max-width: 1024px) 100vw, 1024px\" srcset=\"https:\/\/d2p6e6u75xmxt8.cloudfront.net\/2\/2019\/12\/profimedia-0390359778-1024x667.jpg 1024w, https:\/\/d2p6e6u75xmxt8.cloudfront.net\/2\/2019\/12\/profimedia-0390359778-300x196.jpg 300w, https:\/\/d2p6e6u75xmxt8.cloudfront.net\/2\/2019\/12\/profimedia-0390359778-768x500.jpg 768w\" alt=\"\" width=\"1024\" height=\"667\" data-was-processed=\"true\" \/><figcaption id=\"caption-attachment-176370\" class=\"wp-caption-text\">Widok w kierunku Sierra de Tramuntana (Serra de Tramuntana), w pobli\u017cu Muro na Majorce<\/figcaption><\/figure>\n<p>\u201eNaprawd\u0119 trudno jest mi zaw\u0119zi\u0107 wyb\u00f3r tylko do trzech ulubionych miejsc rowerowych, bo jest ich tak wiele, ale spr\u00f3buj\u0119. Po pierwsze, Coll De Femenia, kt\u00f3ra znajduje si\u0119 na obrze\u017cach Pollenca, u podn\u00f3\u017ca pasma g\u00f3rskiego Tramuntana. Ma oko\u0142o 7 km, a widoki s\u0105 osza\u0142amiaj\u0105ce. Nie jest zbyt stromo, wi\u0119c jest to \u015bwietne miejsce na pierwsz\u0105 wspinaczk\u0119 po rozpocz\u0119ciu jazdy\u201d \u2013 tak Cameron dzieli si\u0119 jedn\u0105 ze swoich ulubionych tras.<\/p>\n<figure id=\"attachment_176372\" aria-describedby=\"caption-attachment-176372\" style=\"width: 1024px\" class=\"wp-caption alignnone\"><img loading=\"lazy\" decoding=\"async\" class=\"loading wp-image-176372 size-large\" src=\"https:\/\/d2p6e6u75xmxt8.cloudfront.net\/2\/2019\/12\/profimedia-0040363908-1024x377.jpg\" sizes=\"auto, (max-width: 1024px) 100vw, 1024px\" srcset=\"https:\/\/d2p6e6u75xmxt8.cloudfront.net\/2\/2019\/12\/profimedia-0040363908-1024x377.jpg 1024w, https:\/\/d2p6e6u75xmxt8.cloudfront.net\/2\/2019\/12\/profimedia-0040363908-300x111.jpg 300w, https:\/\/d2p6e6u75xmxt8.cloudfront.net\/2\/2019\/12\/profimedia-0040363908-768x283.jpg 768w\" alt=\"\" width=\"1024\" height=\"377\" data-was-processed=\"true\" \/><figcaption id=\"caption-attachment-176372\" class=\"wp-caption-text\">Widok z pawilonu pa\u0142acu w Son Marroig w pobli\u017cu Deia, Majorka<\/figcaption><\/figure>\n<p>\u201ePonadto moj\u0105 ulubion\u0105 tras\u0105 jest ta wzd\u0142u\u017c wybrze\u017ca, kt\u00f3ra \u0142\u0105czy Valldemoss\u0119 i Dei\u0119. Po tej stronie wyspy jest nieco ciszej, a widoki na b\u0142\u0119kitne morze po lewej stronie i g\u00f3ry po prawej zapieraj\u0105 dech w piersiach\u201d \u2013 kontynuuje Cameron.<\/p>\n<figure id=\"attachment_176385\" aria-describedby=\"caption-attachment-176385\" style=\"width: 1024px\" class=\"wp-caption alignnone\"><img loading=\"lazy\" decoding=\"async\" class=\"loading wp-image-176385 size-large\" src=\"https:\/\/d2p6e6u75xmxt8.cloudfront.net\/2\/2019\/12\/profimedia-0218456763-1024x682.jpg\" sizes=\"auto, (max-width: 1024px) 100vw, 1024px\" srcset=\"https:\/\/d2p6e6u75xmxt8.cloudfront.net\/2\/2019\/12\/profimedia-0218456763-1024x682.jpg 1024w, https:\/\/d2p6e6u75xmxt8.cloudfront.net\/2\/2019\/12\/profimedia-0218456763-300x200.jpg 300w, https:\/\/d2p6e6u75xmxt8.cloudfront.net\/2\/2019\/12\/profimedia-0218456763-768x512.jpg 768w, https:\/\/d2p6e6u75xmxt8.cloudfront.net\/2\/2019\/12\/profimedia-0218456763-272x182.jpg 272w\" alt=\"\" width=\"1024\" height=\"682\" data-was-processed=\"true\" \/><figcaption id=\"caption-attachment-176385\" class=\"wp-caption-text\">Widok na posiad\u0142o\u015b\u0107 Pavilion Son Marroig niedaleko Deia, Mallorca<\/figcaption><\/figure>\n<p>\u201ePo drodze mijamy kilka lokalnych wiosek, w kt\u00f3rych mo\u017cna si\u0119 zatrzyma\u0107 i napi\u0107 kawy. Idealnie g\u0142adki asfalt i s\u0142o\u0144ce na niebie \u2013 lepszych warunk\u00f3w nie mo\u017cna sobie wymarzy\u0107\u201d \u2013 m\u00f3wi szcz\u0119\u015bliwy Cameron i wcale nie dziwimy si\u0119 jego rado\u015bci.<\/p>\n<p><iframe loading=\"lazy\" src=\"https:\/\/www.google.com\/maps\/embed?pb=!1m28!1m12!1m3!1d24546.260853202468!2d2.6101841528287877!3d39.73330228169292!2m3!1f0!2f0!3f0!3m2!1i1024!2i768!4f13.1!4m13!3e0!4m5!1s0x1297ee03ba8ac6ff%3A0x924852e78b96123e!2s07170%20Valldemossa%2C%20Balearic%20Islands%2C%20Spain!3m2!1d39.7114523!2d2.6225698!4m5!1s0x1297efb31c0c5473%3A0xf97fd9b36dd4d4e2!2zRGVpw6AsIFNwYWlu!3m2!1d39.7479394!2d2.6483743!5e0!3m2!1sen!2scz!4v1576570712973!5m2!1sen!2scz\" width=\"600\" height=\"450\" frameborder=\"0\" allowfullscreen=\"allowfullscreen\" data-gtm-yt-inspected-2163004_206=\"true\" data-mce-fragment=\"1\"><\/iframe><\/p>\n<p>\u201eWreszcie moja ulubiona trasa, kt\u00f3ra obejmuje tak\u017ce wy\u017cej wspomnian\u0105 drog\u0119. Zaczyna si\u0119 w nadmorskim miasteczku Puerto Pollenca, nast\u0119pnie wiedzie wzd\u0142u\u017c r\u00f3wnin w kierunku Sa Pobla, a potem do Valldemossy, po czym zawraca przez g\u00f3ry i prowadzi ku wielkiej wspinaczce Puig Major. 14 kilometr\u00f3w podjazd\u00f3w serpentynami, a\u017c osi\u0105gniesz szczyt, jazda przez kolejne 15 km po g\u00f3rze, a\u017c wreszcie zej\u015bcie Coll de Femenia w kierunku Puerto Pollenca. Ja ko\u0144cz\u0119 jazd\u0119 kaw\u0105 (i mo\u017ce kawa\u0142kiem ciasta) w Cafe 1919. Ca\u0142kowity dystans do przejechania wynosi oko\u0142o 150 km\u201d.<\/p>\n<div id=\"gallery-3\" class=\"gallery galleryid-176345 gallery-columns-2 gallery-size-medium\">\n<figure class=\"gallery-item\">\n<div class=\"gallery-icon portrait\"><a class=\"colorbox-initialized cboxElement\" href=\"https:\/\/d2p6e6u75xmxt8.cloudfront.net\/2\/2019\/12\/profimedia-0218456658.jpg\"><img loading=\"lazy\" decoding=\"async\" class=\"attachment-medium size-medium loading\" src=\"https:\/\/d2p6e6u75xmxt8.cloudfront.net\/2\/2019\/12\/profimedia-0218456658-200x300.jpg\" sizes=\"auto, (max-width: 200px) 100vw, 200px\" srcset=\"https:\/\/d2p6e6u75xmxt8.cloudfront.net\/2\/2019\/12\/profimedia-0218456658-200x300.jpg 200w, https:\/\/d2p6e6u75xmxt8.cloudfront.net\/2\/2019\/12\/profimedia-0218456658-768x1153.jpg 768w, https:\/\/d2p6e6u75xmxt8.cloudfront.net\/2\/2019\/12\/profimedia-0218456658-682x1024.jpg 682w, https:\/\/d2p6e6u75xmxt8.cloudfront.net\/2\/2019\/12\/profimedia-0218456658.jpg 1199w\" alt=\"\" width=\"200\" height=\"300\" aria-describedby=\"gallery-3-176383\" data-was-processed=\"true\" \/><\/a><\/div>\n<\/figure>\n<figure class=\"gallery-item\">\n<div class=\"gallery-icon landscape\"><a class=\"colorbox-initialized cboxElement\" href=\"https:\/\/d2p6e6u75xmxt8.cloudfront.net\/2\/2019\/12\/profimedia-0218456660.jpg\"><img loading=\"lazy\" decoding=\"async\" class=\"attachment-medium size-medium loading\" src=\"https:\/\/d2p6e6u75xmxt8.cloudfront.net\/2\/2019\/12\/profimedia-0218456660-300x200.jpg\" sizes=\"auto, (max-width: 300px) 100vw, 300px\" srcset=\"https:\/\/d2p6e6u75xmxt8.cloudfront.net\/2\/2019\/12\/profimedia-0218456660-300x200.jpg 300w, https:\/\/d2p6e6u75xmxt8.cloudfront.net\/2\/2019\/12\/profimedia-0218456660-768x512.jpg 768w, https:\/\/d2p6e6u75xmxt8.cloudfront.net\/2\/2019\/12\/profimedia-0218456660-1024x682.jpg 1024w, https:\/\/d2p6e6u75xmxt8.cloudfront.net\/2\/2019\/12\/profimedia-0218456660-272x182.jpg 272w\" alt=\"\" width=\"300\" height=\"200\" aria-describedby=\"gallery-3-176381\" data-was-processed=\"true\" \/><\/a><\/div>\n<\/figure>\n<\/div>\n<p>&nbsp;<\/p>\n<p>Pami\u0119taj, \u017ce Cameron jest p\u00f3\u0142profesjonalnym kolarzem i \u017ce takie osi\u0105gni\u0119cie wymaga treningu i znajomo\u015bci swoich mo\u017cliwo\u015bci. Jednak na trasie jest tak wiele malowniczych odcink\u00f3w, \u017ce mo\u017cesz robi\u0107 mniej kilometr\u00f3w na rowerze, a po reszcie wyspy przemieszcza\u0107 si\u0119 samochodem.<\/p>\n<p>https:\/\/www.instagram.com\/p\/BwKKZq-lKg_\/?utm_source=ig_embed<\/p>\n<p>Etykieta na drodze to powa\u017cna sprawa na wyspie \u2013 zachowaj szczeg\u00f3ln\u0105 ostro\u017cno\u015b\u0107 podczas typowej kombinacji: gwa\u0142townego hamowania i ciasnych zakr\u0119t\u00f3w podczas zjazd\u00f3w. Uwa\u017canie na kolarzy na \u015bcie\u017cce rowerowej jest oczywiste, ale trzeba te\u017c mie\u0107 oko na przeszkody, spacerowicz\u00f3w, skejt\u00f3w, biegaczy, a nawet windsurfingowc\u00f3w przemieszczaj\u0105cych si\u0119 z pla\u017c. Podsumowuj\u0105c, mieszka\u0144cy wyspy s\u0105 przyzwyczajeni do niemal sta\u0142ej obecno\u015bci entuzjast\u00f3w dw\u00f3ch k\u00f3\u0142ek. \u201eKiedy pi\u0119\u0107 lat temu po raz pierwszy przyjecha\u0142em na Majork\u0119, by\u0142em zdumiony, jak przychylnie mieszka\u0144cy nastawieni s\u0105 do jazdy na rowerze\u201d \u2013 zauwa\u017ca Cameron. \u201eKiedy je\u017adzili\u015bmy w poszukiwaniu idealnej trasy rowerowej, naprawd\u0119 docenili\u015bmy pomoc inteligentnych funkcji samochodu, kt\u00f3re pomog\u0142y nam przestrzega\u0107 lokalnych przepis\u00f3w drogowych i sprawi\u0142y, \u017ce i my, i wyspiarze byli\u015bmy zadowoleni\u201d.<\/p>\n<div class=\"embed-controller-wrapper\">\n<div class=\"embed-wrapper\"><iframe title=\"\u0160KODA SUPERB SCOUT Cruise Control\" width=\"500\" height=\"375\" data-src=\"https:\/\/www.youtube.com\/embed\/SqBUqodxb_A?feature=oembed\" frameborder=\"0\" allow=\"accelerometer; autoplay; clipboard-write; encrypted-media; gyroscope; picture-in-picture; web-share\" referrerpolicy=\"strict-origin-when-cross-origin\" allowfullscreen><\/iframe><\/div>\n<\/div>\n<p>Pami\u0119taj, \u017ce nie powiniene\u015b nigdy zapomina\u0107 o odpowiedniej odzie\u017cy sportowej zar\u00f3wno na cieplejsze, jak i ch\u0142odniejsze, deszczowe dni. Warunki pogodowe mog\u0105 si\u0119 w g\u00f3rach szybko zmienia\u0107, a Ty b\u0119dziesz podczas jazdy przebywa\u0107 zapewne na du\u017cych wysoko\u015bciach. Kiedy zapuszczasz si\u0119 w g\u00f3ry sam, upewnij si\u0119, \u017ce masz sprawny rower, samoch\u00f3d, \u0142\u0105czno\u015b\u0107 i ca\u0142y sprz\u0119t, aby\u015b by\u0142 bezpieczny w razie wypadku. Gdy pogoda si\u0119 psuje, mo\u017cesz doceni\u0107 inteligentne gad\u017cety i funkcje, tak jak Cameron na poni\u017cszym filmie. Nowa \u0160koda SUPERB SCOUT ma wbudowany mechanizm otwierania baga\u017cnika, kt\u00f3ry reaguje na ruch stopy, co oznacza dostanie si\u0119 do \u015brodka bez konieczno\u015bci szukania kluczyk\u00f3w i z wolnymi r\u0119kami do obs\u0142ugi roweru i sprz\u0119tu.<\/p>\n<div class=\"embed-controller-wrapper\">\n<div class=\"embed-wrapper\"><iframe title=\"\u0160KODA SUPERB SCOUT Kessy\" width=\"500\" height=\"375\" data-src=\"https:\/\/www.youtube.com\/embed\/bMahUhobPgM?feature=oembed\" frameborder=\"0\" allow=\"accelerometer; autoplay; clipboard-write; encrypted-media; gyroscope; picture-in-picture; web-share\" referrerpolicy=\"strict-origin-when-cross-origin\" allowfullscreen><\/iframe><\/div>\n<\/div>\n<p>Czy jazda na rowerze po Majorce brzmi jak co\u015b, czego chcia\u0142by\u015b spr\u00f3bowa\u0107? Zachwyci\u0142y Ci\u0119 wspania\u0142e widoki, dobrze zaprojektowane drogi, spokojne le\u015bne szlaki, piaszczyste pla\u017ce lub b\u0142\u0119kitne laguny?<\/p>\n<p><span data-sheets-value=\"{&quot;1&quot;:2,&quot;2&quot;:&quot;Artyku\u0142 powsta\u0142 we wsp\u00f3\u0142pracy ze skoda-auto.pl&quot;}\" data-sheets-userformat=\"{&quot;2&quot;:1,&quot;3&quot;:{&quot;1&quot;:0}}\" data-sheets-hyperlink=\"http:\/\/www.skoda-auto.pl\/\"><a class=\"in-cell-link\" href=\"http:\/\/www.skoda-auto.pl\/\" target=\"_blank\" rel=\"noopener\">Artyku\u0142 powsta\u0142 we wsp\u00f3\u0142pracy ze skoda-auto.pl<\/a><\/span><\/p>\n<p><a href=\"https:\/\/sklep.skoda.pl\/pl\/sklep\/b\/331\/rowery-i-akcesoria-rowery.html\"><img loading=\"lazy\" decoding=\"async\" class=\"aligncenter wp-image-9608 size-full loading\" src=\"https:\/\/d2p6e6u75xmxt8.cloudfront.net\/5\/2019\/08\/baner_WLC_640x350_3.png\" sizes=\"auto, (max-width: 640px) 100vw, 640px\" srcset=\"https:\/\/d2p6e6u75xmxt8.cloudfront.net\/5\/2019\/08\/baner_WLC_640x350_3.png 640w, https:\/\/d2p6e6u75xmxt8.cloudfront.net\/5\/2019\/08\/baner_WLC_640x350_3-300x164.png 300w\" alt=\"\" width=\"640\" height=\"350\" data-was-processed=\"true\" \/><\/a><\/p>\n","protected":false},"excerpt":{"rendered":"<p>Nie jest tajemnic\u0105, \u017ce Majorka to zimowy azyl dla tych, kt\u00f3rzy nie przepadaj\u0105 za \u015bniegiem podczas przeja\u017cd\u017cek rowerowych. Poniewa\u017c lokalne [&hellip;]<\/p>\n","protected":false},"author":76,"featured_media":10229,"comment_status":"open","ping_status":"open","sticky":false,"template":"","format":"video","meta":{"footnotes":""},"categories":[6],"tags":[],"global-categories":[303],"class_list":["post-10224","post","type-post","status-publish","format-video","has-post-thumbnail","hentry","category-kolarstwo-szosowe","post_format-post-format-video","global-categories-cycling"],"yoast_head":"<!-- This site is optimized with the Yoast SEO Premium plugin v25.3 (Yoast SEO v25.9) - https:\/\/yoast.com\/wordpress\/plugins\/seo\/ -->\n<title>Dok\u0105d na rower zim\u0105? Na Majorce jest ciep\u0142o i nie ma \u015bniegu! - \u0160koda We Love Cycling - Poland<\/title>\n<meta name=\"robots\" content=\"index, follow, max-snippet:-1, max-image-preview:large, max-video-preview:-1\" \/>\n<link rel=\"canonical\" href=\"https:\/\/www.welovecycling.com\/pl\/2020\/01\/20\/dokad-na-rower-zima-na-majorce-jest-cieplo-i-nie-ma-sniegu\/\" \/>\n<meta property=\"og:locale\" content=\"pl_PL\" \/>\n<meta property=\"og:type\" content=\"article\" \/>\n<meta property=\"og:title\" content=\"Dok\u0105d na rower zim\u0105? Na Majorce jest ciep\u0142o i nie ma \u015bniegu!\" \/>\n<meta property=\"og:description\" content=\"Nie jest tajemnic\u0105, \u017ce Majorka to zimowy azyl dla tych, kt\u00f3rzy nie przepadaj\u0105 za \u015bniegiem podczas przeja\u017cd\u017cek rowerowych. Poniewa\u017c lokalne [&hellip;]\" \/>\n<meta property=\"og:url\" content=\"https:\/\/www.welovecycling.com\/pl\/2020\/01\/20\/dokad-na-rower-zima-na-majorce-jest-cieplo-i-nie-ma-sniegu\/\" \/>\n<meta property=\"og:site_name\" content=\"\u0160koda We Love Cycling - Poland\" \/>\n<meta property=\"article:published_time\" content=\"2020-01-20T07:28:32+00:00\" \/>\n<meta property=\"article:modified_time\" content=\"2020-01-22T07:51:43+00:00\" \/>\n<meta property=\"og:image\" content=\"https:\/\/d2p6e6u75xmxt8.cloudfront.net\/5\/2020\/01\/SKODA-SUPERB-SCOUT-6.jpg\" \/>\n\t<meta property=\"og:image:width\" content=\"1816\" \/>\n\t<meta property=\"og:image:height\" content=\"1211\" \/>\n\t<meta property=\"og:image:type\" content=\"image\/jpeg\" \/>\n<meta name=\"author\" content=\"piotrboczkowski\" \/>\n<meta name=\"twitter:card\" content=\"summary_large_image\" \/>\n<meta name=\"twitter:label1\" content=\"Written by\" \/>\n\t<meta name=\"twitter:data1\" content=\"Frantiska Blazkova\" \/>\n\t<meta name=\"twitter:label2\" content=\"Est. reading time\" \/>\n\t<meta name=\"twitter:data2\" content=\"6 minutes\" \/>\n<script type=\"application\/ld+json\" class=\"yoast-schema-graph\">{\"@context\":\"https:\/\/schema.org\",\"@graph\":[{\"@type\":\"WebPage\",\"@id\":\"https:\/\/www.welovecycling.com\/pl\/2020\/01\/20\/dokad-na-rower-zima-na-majorce-jest-cieplo-i-nie-ma-sniegu\/\",\"url\":\"https:\/\/www.welovecycling.com\/pl\/2020\/01\/20\/dokad-na-rower-zima-na-majorce-jest-cieplo-i-nie-ma-sniegu\/\",\"name\":\"Dok\u0105d na rower zim\u0105? Na Majorce jest ciep\u0142o i nie ma \u015bniegu! - \u0160koda We Love Cycling - Poland\",\"isPartOf\":{\"@id\":\"https:\/\/www.welovecycling.com\/pl\/#website\"},\"primaryImageOfPage\":{\"@id\":\"https:\/\/www.welovecycling.com\/pl\/2020\/01\/20\/dokad-na-rower-zima-na-majorce-jest-cieplo-i-nie-ma-sniegu\/#primaryimage\"},\"image\":{\"@id\":\"https:\/\/www.welovecycling.com\/pl\/2020\/01\/20\/dokad-na-rower-zima-na-majorce-jest-cieplo-i-nie-ma-sniegu\/#primaryimage\"},\"thumbnailUrl\":\"https:\/\/d2p6e6u75xmxt8.cloudfront.net\/5\/2020\/01\/SKODA-SUPERB-SCOUT-6.jpg\",\"datePublished\":\"2020-01-20T07:28:32+00:00\",\"dateModified\":\"2020-01-22T07:51:43+00:00\",\"author\":{\"@id\":\"https:\/\/www.welovecycling.com\/pl\/#\/schema\/person\/0dba2d39da943db9df3fd8f4687e7f23\"},\"breadcrumb\":{\"@id\":\"https:\/\/www.welovecycling.com\/pl\/2020\/01\/20\/dokad-na-rower-zima-na-majorce-jest-cieplo-i-nie-ma-sniegu\/#breadcrumb\"},\"inLanguage\":\"pl-PL\",\"potentialAction\":[{\"@type\":\"ReadAction\",\"target\":[\"https:\/\/www.welovecycling.com\/pl\/2020\/01\/20\/dokad-na-rower-zima-na-majorce-jest-cieplo-i-nie-ma-sniegu\/\"]}]},{\"@type\":\"ImageObject\",\"inLanguage\":\"pl-PL\",\"@id\":\"https:\/\/www.welovecycling.com\/pl\/2020\/01\/20\/dokad-na-rower-zima-na-majorce-jest-cieplo-i-nie-ma-sniegu\/#primaryimage\",\"url\":\"https:\/\/d2p6e6u75xmxt8.cloudfront.net\/5\/2020\/01\/SKODA-SUPERB-SCOUT-6.jpg\",\"contentUrl\":\"https:\/\/d2p6e6u75xmxt8.cloudfront.net\/5\/2020\/01\/SKODA-SUPERB-SCOUT-6.jpg\",\"width\":1816,\"height\":1211},{\"@type\":\"BreadcrumbList\",\"@id\":\"https:\/\/www.welovecycling.com\/pl\/2020\/01\/20\/dokad-na-rower-zima-na-majorce-jest-cieplo-i-nie-ma-sniegu\/#breadcrumb\",\"itemListElement\":[{\"@type\":\"ListItem\",\"position\":1,\"name\":\"Home\",\"item\":\"https:\/\/www.welovecycling.com\/pl\/\"},{\"@type\":\"ListItem\",\"position\":2,\"name\":\"Dok\u0105d na rower zim\u0105? Na Majorce jest ciep\u0142o i nie ma \u015bniegu!\"}]},{\"@type\":\"WebSite\",\"@id\":\"https:\/\/www.welovecycling.com\/pl\/#website\",\"url\":\"https:\/\/www.welovecycling.com\/pl\/\",\"name\":\"\u0160koda We Love Cycling - Poland\",\"description\":\"\",\"potentialAction\":[{\"@type\":\"SearchAction\",\"target\":{\"@type\":\"EntryPoint\",\"urlTemplate\":\"https:\/\/www.welovecycling.com\/pl\/?s={search_term_string}\"},\"query-input\":{\"@type\":\"PropertyValueSpecification\",\"valueRequired\":true,\"valueName\":\"search_term_string\"}}],\"inLanguage\":\"pl-PL\"},{\"@type\":\"Person\",\"@id\":\"https:\/\/www.welovecycling.com\/pl\/#\/schema\/person\/0dba2d39da943db9df3fd8f4687e7f23\",\"name\":\"piotrboczkowski\",\"image\":{\"@type\":\"ImageObject\",\"inLanguage\":\"pl-PL\",\"@id\":\"https:\/\/www.welovecycling.com\/pl\/#\/schema\/person\/image\/\",\"url\":\"https:\/\/secure.gravatar.com\/avatar\/533caccae14752e03a2ce2d3fd62d1b98b93e1393c3195c27819e53344ca1ace?s=96&d=mm&r=g\",\"contentUrl\":\"https:\/\/secure.gravatar.com\/avatar\/533caccae14752e03a2ce2d3fd62d1b98b93e1393c3195c27819e53344ca1ace?s=96&d=mm&r=g\",\"caption\":\"piotrboczkowski\"},\"url\":\"https:\/\/www.welovecycling.com\/pl\/author\/piotrboczkowski\/\"}]}<\/script>\n<!-- \/ Yoast SEO Premium plugin. -->","yoast_head_json":{"title":"Dok\u0105d na rower zim\u0105? Na Majorce jest ciep\u0142o i nie ma \u015bniegu! - \u0160koda We Love Cycling - Poland","robots":{"index":"index","follow":"follow","max-snippet":"max-snippet:-1","max-image-preview":"max-image-preview:large","max-video-preview":"max-video-preview:-1"},"canonical":"https:\/\/www.welovecycling.com\/pl\/2020\/01\/20\/dokad-na-rower-zima-na-majorce-jest-cieplo-i-nie-ma-sniegu\/","og_locale":"pl_PL","og_type":"article","og_title":"Dok\u0105d na rower zim\u0105? Na Majorce jest ciep\u0142o i nie ma \u015bniegu!","og_description":"Nie jest tajemnic\u0105, \u017ce Majorka to zimowy azyl dla tych, kt\u00f3rzy nie przepadaj\u0105 za \u015bniegiem podczas przeja\u017cd\u017cek rowerowych. Poniewa\u017c lokalne [&hellip;]","og_url":"https:\/\/www.welovecycling.com\/pl\/2020\/01\/20\/dokad-na-rower-zima-na-majorce-jest-cieplo-i-nie-ma-sniegu\/","og_site_name":"\u0160koda We Love Cycling - Poland","article_published_time":"2020-01-20T07:28:32+00:00","article_modified_time":"2020-01-22T07:51:43+00:00","og_image":[{"width":1816,"height":1211,"url":"https:\/\/d2p6e6u75xmxt8.cloudfront.net\/5\/2020\/01\/SKODA-SUPERB-SCOUT-6.jpg","type":"image\/jpeg"}],"author":"piotrboczkowski","twitter_card":"summary_large_image","twitter_misc":{"Written by":"Frantiska Blazkova","Est. reading time":"6 minutes"},"schema":{"@context":"https:\/\/schema.org","@graph":[{"@type":"WebPage","@id":"https:\/\/www.welovecycling.com\/pl\/2020\/01\/20\/dokad-na-rower-zima-na-majorce-jest-cieplo-i-nie-ma-sniegu\/","url":"https:\/\/www.welovecycling.com\/pl\/2020\/01\/20\/dokad-na-rower-zima-na-majorce-jest-cieplo-i-nie-ma-sniegu\/","name":"Dok\u0105d na rower zim\u0105? Na Majorce jest ciep\u0142o i nie ma \u015bniegu! - \u0160koda We Love Cycling - Poland","isPartOf":{"@id":"https:\/\/www.welovecycling.com\/pl\/#website"},"primaryImageOfPage":{"@id":"https:\/\/www.welovecycling.com\/pl\/2020\/01\/20\/dokad-na-rower-zima-na-majorce-jest-cieplo-i-nie-ma-sniegu\/#primaryimage"},"image":{"@id":"https:\/\/www.welovecycling.com\/pl\/2020\/01\/20\/dokad-na-rower-zima-na-majorce-jest-cieplo-i-nie-ma-sniegu\/#primaryimage"},"thumbnailUrl":"https:\/\/d2p6e6u75xmxt8.cloudfront.net\/5\/2020\/01\/SKODA-SUPERB-SCOUT-6.jpg","datePublished":"2020-01-20T07:28:32+00:00","dateModified":"2020-01-22T07:51:43+00:00","author":{"@id":"https:\/\/www.welovecycling.com\/pl\/#\/schema\/person\/0dba2d39da943db9df3fd8f4687e7f23"},"breadcrumb":{"@id":"https:\/\/www.welovecycling.com\/pl\/2020\/01\/20\/dokad-na-rower-zima-na-majorce-jest-cieplo-i-nie-ma-sniegu\/#breadcrumb"},"inLanguage":"pl-PL","potentialAction":[{"@type":"ReadAction","target":["https:\/\/www.welovecycling.com\/pl\/2020\/01\/20\/dokad-na-rower-zima-na-majorce-jest-cieplo-i-nie-ma-sniegu\/"]}]},{"@type":"ImageObject","inLanguage":"pl-PL","@id":"https:\/\/www.welovecycling.com\/pl\/2020\/01\/20\/dokad-na-rower-zima-na-majorce-jest-cieplo-i-nie-ma-sniegu\/#primaryimage","url":"https:\/\/d2p6e6u75xmxt8.cloudfront.net\/5\/2020\/01\/SKODA-SUPERB-SCOUT-6.jpg","contentUrl":"https:\/\/d2p6e6u75xmxt8.cloudfront.net\/5\/2020\/01\/SKODA-SUPERB-SCOUT-6.jpg","width":1816,"height":1211},{"@type":"BreadcrumbList","@id":"https:\/\/www.welovecycling.com\/pl\/2020\/01\/20\/dokad-na-rower-zima-na-majorce-jest-cieplo-i-nie-ma-sniegu\/#breadcrumb","itemListElement":[{"@type":"ListItem","position":1,"name":"Home","item":"https:\/\/www.welovecycling.com\/pl\/"},{"@type":"ListItem","position":2,"name":"Dok\u0105d na rower zim\u0105? Na Majorce jest ciep\u0142o i nie ma \u015bniegu!"}]},{"@type":"WebSite","@id":"https:\/\/www.welovecycling.com\/pl\/#website","url":"https:\/\/www.welovecycling.com\/pl\/","name":"\u0160koda We Love Cycling - Poland","description":"","potentialAction":[{"@type":"SearchAction","target":{"@type":"EntryPoint","urlTemplate":"https:\/\/www.welovecycling.com\/pl\/?s={search_term_string}"},"query-input":{"@type":"PropertyValueSpecification","valueRequired":true,"valueName":"search_term_string"}}],"inLanguage":"pl-PL"},{"@type":"Person","@id":"https:\/\/www.welovecycling.com\/pl\/#\/schema\/person\/0dba2d39da943db9df3fd8f4687e7f23","name":"piotrboczkowski","image":{"@type":"ImageObject","inLanguage":"pl-PL","@id":"https:\/\/www.welovecycling.com\/pl\/#\/schema\/person\/image\/","url":"https:\/\/secure.gravatar.com\/avatar\/533caccae14752e03a2ce2d3fd62d1b98b93e1393c3195c27819e53344ca1ace?s=96&d=mm&r=g","contentUrl":"https:\/\/secure.gravatar.com\/avatar\/533caccae14752e03a2ce2d3fd62d1b98b93e1393c3195c27819e53344ca1ace?s=96&d=mm&r=g","caption":"piotrboczkowski"},"url":"https:\/\/www.welovecycling.com\/pl\/author\/piotrboczkowski\/"}]}},"_links":{"self":[{"href":"https:\/\/www.welovecycling.com\/pl\/wp-json\/wp\/v2\/posts\/10224","targetHints":{"allow":["GET"]}}],"collection":[{"href":"https:\/\/www.welovecycling.com\/pl\/wp-json\/wp\/v2\/posts"}],"about":[{"href":"https:\/\/www.welovecycling.com\/pl\/wp-json\/wp\/v2\/types\/post"}],"author":[{"embeddable":true,"href":"https:\/\/www.welovecycling.com\/pl\/wp-json\/wp\/v2\/users\/76"}],"replies":[{"embeddable":true,"href":"https:\/\/www.welovecycling.com\/pl\/wp-json\/wp\/v2\/comments?post=10224"}],"version-history":[{"count":2,"href":"https:\/\/www.welovecycling.com\/pl\/wp-json\/wp\/v2\/posts\/10224\/revisions"}],"predecessor-version":[{"id":10231,"href":"https:\/\/www.welovecycling.com\/pl\/wp-json\/wp\/v2\/posts\/10224\/revisions\/10231"}],"wp:featuredmedia":[{"embeddable":true,"href":"https:\/\/www.welovecycling.com\/pl\/wp-json\/wp\/v2\/media\/10229"}],"wp:attachment":[{"href":"https:\/\/www.welovecycling.com\/pl\/wp-json\/wp\/v2\/media?parent=10224"}],"wp:term":[{"taxonomy":"category","embeddable":true,"href":"https:\/\/www.welovecycling.com\/pl\/wp-json\/wp\/v2\/categories?post=10224"},{"taxonomy":"post_tag","embeddable":true,"href":"https:\/\/www.welovecycling.com\/pl\/wp-json\/wp\/v2\/tags?post=10224"},{"taxonomy":"global-categories","embeddable":true,"href":"https:\/\/www.welovecycling.com\/pl\/wp-json\/wp\/v2\/global-categories?post=10224"}],"curies":[{"name":"wp","href":"https:\/\/api.w.org\/{rel}","templated":true}]}}