{"id":10219,"date":"2020-01-17T08:23:59","date_gmt":"2020-01-17T08:23:59","guid":{"rendered":"https:\/\/www.welovecycling.com\/pl\/?p=10219"},"modified":"2020-01-17T08:23:59","modified_gmt":"2020-01-17T08:23:59","slug":"akcja-regeneracja-poranny-rozruch","status":"publish","type":"post","link":"https:\/\/www.welovecycling.com\/pl\/2020\/01\/17\/akcja-regeneracja-poranny-rozruch\/","title":{"rendered":"Akcja regeneracja \u2013 poranny rozruch"},"content":{"rendered":"<p><strong>Dzi\u015b z Dominikiem poka\u017cemy Wam, jak mo\u017ce wygl\u0105da\u0107 poranny rozruch.<\/strong><\/p>\n<p>Obecnie mamy o wiele mniej ruchu i nawet podczas jazdy na rowerze, cho\u0107 wi\u0105\u017ce si\u0119 ona z du\u017cym wysi\u0142kiem fizycznym, przez wi\u0119kszo\u015b\u0107 czasu jeste\u015bmy w jednej pozycji. To sprawia, \u017ce \u201ezarastamy\u201d si\u0119 w tych pozycjach, w kt\u00f3rych pozostajemy stosunkowo d\u0142ugo.<\/p>\n<p>Dlatego poranny rozruch jest tak wa\u017cny i stanowi antidotum na wy\u017cej wspomniany problem. Aktywuje wszystkie partie naszego cia\u0142a i pokazuje mu, \u017ce mo\u017ce wykorzystywa\u0107 wszystkie tkanki we wszystkich kierunkach i p\u0142aszczyznach.<\/p>\n<p>Jednak trzeba robi\u0107 to we w\u0142a\u015bciwy spos\u00f3b, poniewa\u017c podobnie jak z rolowaniem z rozruchem mo\u017cna przesadzi\u0107 i wtedy zadzia\u0142a on na nasz\u0105 szkod\u0119.<\/p>\n<p>Z\u0142ote zasady rozruchu s\u0105 proste:<\/p>\n<p>nie za d\u0142ugo, niezbyt intensywnie, bez szarpania i sprawiania sobie b\u00f3lu, nic na si\u0142\u0119, od 5 do 10 minut codziennie w zupe\u0142no\u015bci wystarczy.<\/p>\n<p>Rozci\u0105ganie ma by\u0107 mi\u0142e i przyjemne, s\u0142u\u017cy przede wszystkim temu, \u017ceby stymulowa\u0107 cia\u0142o, a nie je zm\u0119czy\u0107 czy uszkodzi\u0107.<\/p>\n<p>Zobaczcie gotowy zestaw \u0107wicze\u0144, kt\u00f3ry mo\u017cecie wykorzysta\u0107 podczas swojego porannego rozruchu.<\/p>\n<p>W dzisiejszym odcinku to wszystko, do zobaczenia w kolejnym!<\/p>\n<p>Wi\u0119cej na temat regeneracji znajdziecie tutaj &gt;&gt;<\/p>\n<div class=\"shortcode-ys-post-pinup\"><article class=\"loop-simple post-10123 post type-post status-publish format-video has-post-thumbnail hentry category-bartosz-huzarski category-zdrowie-i-trening post_format-post-format-video\" data-postid=\"10123\" role=\"article\" data-post-id=\"10123\" data-word-count=\"160\" data-headline-length=\"59\" data-category=\"Bartosz Huzarski\" data-author=\"Bartosz Huzarski\" data-published=\"2019-12-24T09:00:47+00:00\" data-published-day=\"Tuesday\">\n    <div class=\"entry-thumbnail article-thumbnail video-thumbnail\" content=\"https:\/\/d2p6e6u75xmxt8.cloudfront.net\/5\/2019\/12\/YT_miniatura_105-150x150.jpg\"><svg class=\"play font-icon\"><use href=\"#play_round\" xlink:href=\"#play_round\"><\/use><\/svg><a href=\"https:\/\/www.welovecycling.com\/pl\/2019\/12\/24\/bartosz-huzarski-akcja-regeneracja-skad-ten-bol\/\" class=\"image-holder\" target=\"_self\"><img decoding=\"async\" loading=\"lazy\" class=\"\" src=\"https:\/\/d2p6e6u75xmxt8.cloudfront.net\/5\/2019\/12\/YT_miniatura_105-1024x576.jpg\" srcset=\"https:\/\/d2p6e6u75xmxt8.cloudfront.net\/5\/2019\/12\/YT_miniatura_105.jpg 1280w, https:\/\/d2p6e6u75xmxt8.cloudfront.net\/5\/2019\/12\/YT_miniatura_105-300x169.jpg 300w, https:\/\/d2p6e6u75xmxt8.cloudfront.net\/5\/2019\/12\/YT_miniatura_105-768x432.jpg 768w, https:\/\/d2p6e6u75xmxt8.cloudfront.net\/5\/2019\/12\/YT_miniatura_105-1024x576.jpg 1024w\" width=\"1024\" height=\"576\" sizes=\"auto, (min-width: 1200px) 356px, (min-width: 768px) 30vw, 100vw\" alt=\"bartosz-huzarski-akcja-regeneracja-skad-ten-bol\"\/><\/a><\/div>    <div class=\"entry-meta\">\n        <a class=\"label label-secondary post-category\" href=\"https:\/\/www.welovecycling.com\/pl\/category\/bartosz-huzarski\/\" title=\"Bartosz Huzarski\">Bartosz Huzarski<\/a>\n    <\/div>\n    <div class=\"entry-details\">\n        <a href=\"https:\/\/www.welovecycling.com\/pl\/2019\/12\/24\/bartosz-huzarski-akcja-regeneracja-skad-ten-bol\/\" class='entry-title-wrapper'>\n            <h3 class=\"entry-title\"><span>Bartosz Huzarski: Akcja Regeneracja &#8211; Sk\u0105d ten b\u00f3l?<\/span><\/h3>\n        <\/a>\n    <\/div>\n    <\/article>\n<\/div>\n<div class=\"shortcode-ys-post-pinup\"><article class=\"loop-simple post-10015 post type-post status-publish format-video has-post-thumbnail hentry category-bartosz-huzarski post_format-post-format-video global-categories-cycling\" data-postid=\"10015\" role=\"article\" data-post-id=\"10015\" data-word-count=\"224\" data-headline-length=\"97\" data-category=\"Bartosz Huzarski\" data-global-category=\"Cycling\" data-author=\"Bartosz Huzarski\" data-published=\"2019-11-26T10:18:22+00:00\" data-published-day=\"Tuesday\">\n    <div class=\"entry-thumbnail article-thumbnail video-thumbnail\" content=\"https:\/\/d2p6e6u75xmxt8.cloudfront.net\/5\/2019\/11\/Thumb-150x150.jpg\"><svg class=\"play font-icon\"><use href=\"#play_round\" xlink:href=\"#play_round\"><\/use><\/svg><a href=\"https:\/\/www.welovecycling.com\/pl\/2019\/11\/26\/bartosz-huzarski-akcja-regeneracja-czyli-jak-odpoczac-i-przygotowac-sie-do-kolejnego-sezonu\/\" class=\"image-holder\" target=\"_self\"><img decoding=\"async\" loading=\"lazy\" class=\"\" src=\"https:\/\/d2p6e6u75xmxt8.cloudfront.net\/5\/2019\/11\/Thumb-1024x568.jpg\" srcset=\"https:\/\/d2p6e6u75xmxt8.cloudfront.net\/5\/2019\/11\/Thumb.jpg 1254w, https:\/\/d2p6e6u75xmxt8.cloudfront.net\/5\/2019\/11\/Thumb-300x167.jpg 300w, https:\/\/d2p6e6u75xmxt8.cloudfront.net\/5\/2019\/11\/Thumb-768x426.jpg 768w, https:\/\/d2p6e6u75xmxt8.cloudfront.net\/5\/2019\/11\/Thumb-1024x568.jpg 1024w\" width=\"1024\" height=\"568\" sizes=\"auto, (min-width: 1200px) 360px, (min-width: 768px) 30vw, 100vw\" alt=\"bartosz-huzarski-akcja-regeneracja-czyli-jak-odpoczac-i-przygotowac-sie-do-kolejnego-sezonu\"\/><\/a><\/div>    <div class=\"entry-meta\">\n        <a class=\"label label-secondary post-category\" href=\"https:\/\/www.welovecycling.com\/pl\/category\/bartosz-huzarski\/\" title=\"Bartosz Huzarski\">Bartosz Huzarski<\/a>\n    <\/div>\n    <div class=\"entry-details\">\n        <a href=\"https:\/\/www.welovecycling.com\/pl\/2019\/11\/26\/bartosz-huzarski-akcja-regeneracja-czyli-jak-odpoczac-i-przygotowac-sie-do-kolejnego-sezonu\/\" class='entry-title-wrapper'>\n            <h3 class=\"entry-title\"><span>Bartosz Huzarski: Akcja regeneracja, czyli jak odpocz\u0105\u0107 i przygotowa\u0107 si\u0119 do kolejnego sezonu<\/span><\/h3>\n        <\/a>\n    <\/div>\n    <\/article>\n<\/div>\n<p><span data-sheets-value=\"{&quot;1&quot;:2,&quot;2&quot;:&quot;Artyku\u0142 powsta\u0142 we wsp\u00f3\u0142pracy ze skoda-auto.pl&quot;}\" data-sheets-userformat=\"{&quot;2&quot;:1,&quot;3&quot;:{&quot;1&quot;:0}}\" data-sheets-hyperlink=\"http:\/\/www.skoda-auto.pl\/\"><a class=\"in-cell-link\" href=\"http:\/\/www.skoda-auto.pl\/\" target=\"_blank\" rel=\"noopener\">Artyku\u0142 powsta\u0142 we wsp\u00f3\u0142pracy ze skoda-auto.pl<\/a><\/span><a href=\"https:\/\/sklep.skoda.pl\/pl\/sklep\/b\/331\/rowery-i-akcesoria-rowery.html\"><img loading=\"lazy\" decoding=\"async\" class=\"aligncenter wp-image-9608 size-full loading\" src=\"https:\/\/d2p6e6u75xmxt8.cloudfront.net\/5\/2019\/08\/baner_WLC_640x350_3.png\" sizes=\"auto, (max-width: 640px) 100vw, 640px\" srcset=\"https:\/\/d2p6e6u75xmxt8.cloudfront.net\/5\/2019\/08\/baner_WLC_640x350_3.png 640w, https:\/\/d2p6e6u75xmxt8.cloudfront.net\/5\/2019\/08\/baner_WLC_640x350_3-300x164.png 300w\" alt=\"\" width=\"640\" height=\"350\" data-was-processed=\"true\" \/><\/a><\/p>\n","protected":false},"excerpt":{"rendered":"<p>Dzi\u015b z Dominikiem poka\u017cemy Wam, jak mo\u017ce wygl\u0105da\u0107 poranny rozruch. Obecnie mamy o wiele mniej ruchu i nawet podczas jazdy [&hellip;]<\/p>\n","protected":false},"author":76,"featured_media":10221,"comment_status":"open","ping_status":"open","sticky":false,"template":"","format":"video","meta":{"footnotes":""},"categories":[203,4],"tags":[],"global-categories":[303],"class_list":["post-10219","post","type-post","status-publish","format-video","has-post-thumbnail","hentry","category-bartosz-huzarski","category-zdrowie-i-trening","post_format-post-format-video","global-categories-cycling"],"yoast_head":"<!-- This site is optimized with the Yoast SEO Premium plugin v25.3 (Yoast SEO v25.9) - https:\/\/yoast.com\/wordpress\/plugins\/seo\/ -->\n<title>Akcja regeneracja \u2013 poranny rozruch - \u0160koda We Love Cycling - Poland<\/title>\n<meta name=\"robots\" content=\"index, follow, max-snippet:-1, max-image-preview:large, max-video-preview:-1\" \/>\n<link rel=\"canonical\" href=\"https:\/\/www.welovecycling.com\/pl\/2020\/01\/17\/akcja-regeneracja-poranny-rozruch\/\" \/>\n<meta property=\"og:locale\" content=\"pl_PL\" \/>\n<meta property=\"og:type\" content=\"article\" \/>\n<meta property=\"og:title\" content=\"Akcja regeneracja \u2013 poranny rozruch\" \/>\n<meta property=\"og:description\" content=\"Dzi\u015b z Dominikiem poka\u017cemy Wam, jak mo\u017ce wygl\u0105da\u0107 poranny rozruch. Obecnie mamy o wiele mniej ruchu i nawet podczas jazdy [&hellip;]\" \/>\n<meta property=\"og:url\" content=\"https:\/\/www.welovecycling.com\/pl\/2020\/01\/17\/akcja-regeneracja-poranny-rozruch\/\" \/>\n<meta property=\"og:site_name\" content=\"\u0160koda We Love Cycling - Poland\" \/>\n<meta property=\"article:published_time\" content=\"2020-01-17T08:23:59+00:00\" \/>\n<meta property=\"og:image\" content=\"https:\/\/d2p6e6u75xmxt8.cloudfront.net\/5\/2020\/01\/Thumb-rozruch.jpg\" \/>\n\t<meta property=\"og:image:width\" content=\"1897\" \/>\n\t<meta property=\"og:image:height\" content=\"1076\" \/>\n\t<meta property=\"og:image:type\" content=\"image\/jpeg\" \/>\n<meta name=\"author\" content=\"piotrboczkowski\" \/>\n<meta name=\"twitter:card\" content=\"summary_large_image\" \/>\n<meta name=\"twitter:label1\" content=\"Written by\" \/>\n\t<meta name=\"twitter:data1\" content=\"Bartosz Huzarski\" \/>\n\t<meta name=\"twitter:label2\" content=\"Est. reading time\" \/>\n\t<meta name=\"twitter:data2\" content=\"1 minute\" \/>\n<script type=\"application\/ld+json\" class=\"yoast-schema-graph\">{\"@context\":\"https:\/\/schema.org\",\"@graph\":[{\"@type\":\"WebPage\",\"@id\":\"https:\/\/www.welovecycling.com\/pl\/2020\/01\/17\/akcja-regeneracja-poranny-rozruch\/\",\"url\":\"https:\/\/www.welovecycling.com\/pl\/2020\/01\/17\/akcja-regeneracja-poranny-rozruch\/\",\"name\":\"Akcja regeneracja \u2013 poranny rozruch - \u0160koda We Love Cycling - Poland\",\"isPartOf\":{\"@id\":\"https:\/\/www.welovecycling.com\/pl\/#website\"},\"primaryImageOfPage\":{\"@id\":\"https:\/\/www.welovecycling.com\/pl\/2020\/01\/17\/akcja-regeneracja-poranny-rozruch\/#primaryimage\"},\"image\":{\"@id\":\"https:\/\/www.welovecycling.com\/pl\/2020\/01\/17\/akcja-regeneracja-poranny-rozruch\/#primaryimage\"},\"thumbnailUrl\":\"https:\/\/d2p6e6u75xmxt8.cloudfront.net\/5\/2020\/01\/Thumb-rozruch.jpg\",\"datePublished\":\"2020-01-17T08:23:59+00:00\",\"author\":{\"@id\":\"https:\/\/www.welovecycling.com\/pl\/#\/schema\/person\/0dba2d39da943db9df3fd8f4687e7f23\"},\"breadcrumb\":{\"@id\":\"https:\/\/www.welovecycling.com\/pl\/2020\/01\/17\/akcja-regeneracja-poranny-rozruch\/#breadcrumb\"},\"inLanguage\":\"pl-PL\",\"potentialAction\":[{\"@type\":\"ReadAction\",\"target\":[\"https:\/\/www.welovecycling.com\/pl\/2020\/01\/17\/akcja-regeneracja-poranny-rozruch\/\"]}]},{\"@type\":\"ImageObject\",\"inLanguage\":\"pl-PL\",\"@id\":\"https:\/\/www.welovecycling.com\/pl\/2020\/01\/17\/akcja-regeneracja-poranny-rozruch\/#primaryimage\",\"url\":\"https:\/\/d2p6e6u75xmxt8.cloudfront.net\/5\/2020\/01\/Thumb-rozruch.jpg\",\"contentUrl\":\"https:\/\/d2p6e6u75xmxt8.cloudfront.net\/5\/2020\/01\/Thumb-rozruch.jpg\",\"width\":1897,\"height\":1076},{\"@type\":\"BreadcrumbList\",\"@id\":\"https:\/\/www.welovecycling.com\/pl\/2020\/01\/17\/akcja-regeneracja-poranny-rozruch\/#breadcrumb\",\"itemListElement\":[{\"@type\":\"ListItem\",\"position\":1,\"name\":\"Home\",\"item\":\"https:\/\/www.welovecycling.com\/pl\/\"},{\"@type\":\"ListItem\",\"position\":2,\"name\":\"Akcja regeneracja \u2013 poranny rozruch\"}]},{\"@type\":\"WebSite\",\"@id\":\"https:\/\/www.welovecycling.com\/pl\/#website\",\"url\":\"https:\/\/www.welovecycling.com\/pl\/\",\"name\":\"\u0160koda We Love Cycling - Poland\",\"description\":\"\",\"potentialAction\":[{\"@type\":\"SearchAction\",\"target\":{\"@type\":\"EntryPoint\",\"urlTemplate\":\"https:\/\/www.welovecycling.com\/pl\/?s={search_term_string}\"},\"query-input\":{\"@type\":\"PropertyValueSpecification\",\"valueRequired\":true,\"valueName\":\"search_term_string\"}}],\"inLanguage\":\"pl-PL\"},{\"@type\":\"Person\",\"@id\":\"https:\/\/www.welovecycling.com\/pl\/#\/schema\/person\/0dba2d39da943db9df3fd8f4687e7f23\",\"name\":\"piotrboczkowski\",\"image\":{\"@type\":\"ImageObject\",\"inLanguage\":\"pl-PL\",\"@id\":\"https:\/\/www.welovecycling.com\/pl\/#\/schema\/person\/image\/\",\"url\":\"https:\/\/secure.gravatar.com\/avatar\/533caccae14752e03a2ce2d3fd62d1b98b93e1393c3195c27819e53344ca1ace?s=96&d=mm&r=g\",\"contentUrl\":\"https:\/\/secure.gravatar.com\/avatar\/533caccae14752e03a2ce2d3fd62d1b98b93e1393c3195c27819e53344ca1ace?s=96&d=mm&r=g\",\"caption\":\"piotrboczkowski\"},\"url\":\"https:\/\/www.welovecycling.com\/pl\/author\/piotrboczkowski\/\"}]}<\/script>\n<!-- \/ Yoast SEO Premium plugin. -->","yoast_head_json":{"title":"Akcja regeneracja \u2013 poranny rozruch - \u0160koda We Love Cycling - Poland","robots":{"index":"index","follow":"follow","max-snippet":"max-snippet:-1","max-image-preview":"max-image-preview:large","max-video-preview":"max-video-preview:-1"},"canonical":"https:\/\/www.welovecycling.com\/pl\/2020\/01\/17\/akcja-regeneracja-poranny-rozruch\/","og_locale":"pl_PL","og_type":"article","og_title":"Akcja regeneracja \u2013 poranny rozruch","og_description":"Dzi\u015b z Dominikiem poka\u017cemy Wam, jak mo\u017ce wygl\u0105da\u0107 poranny rozruch. Obecnie mamy o wiele mniej ruchu i nawet podczas jazdy [&hellip;]","og_url":"https:\/\/www.welovecycling.com\/pl\/2020\/01\/17\/akcja-regeneracja-poranny-rozruch\/","og_site_name":"\u0160koda We Love Cycling - Poland","article_published_time":"2020-01-17T08:23:59+00:00","og_image":[{"width":1897,"height":1076,"url":"https:\/\/d2p6e6u75xmxt8.cloudfront.net\/5\/2020\/01\/Thumb-rozruch.jpg","type":"image\/jpeg"}],"author":"piotrboczkowski","twitter_card":"summary_large_image","twitter_misc":{"Written by":"Bartosz Huzarski","Est. reading time":"1 minute"},"schema":{"@context":"https:\/\/schema.org","@graph":[{"@type":"WebPage","@id":"https:\/\/www.welovecycling.com\/pl\/2020\/01\/17\/akcja-regeneracja-poranny-rozruch\/","url":"https:\/\/www.welovecycling.com\/pl\/2020\/01\/17\/akcja-regeneracja-poranny-rozruch\/","name":"Akcja regeneracja \u2013 poranny rozruch - \u0160koda We Love Cycling - Poland","isPartOf":{"@id":"https:\/\/www.welovecycling.com\/pl\/#website"},"primaryImageOfPage":{"@id":"https:\/\/www.welovecycling.com\/pl\/2020\/01\/17\/akcja-regeneracja-poranny-rozruch\/#primaryimage"},"image":{"@id":"https:\/\/www.welovecycling.com\/pl\/2020\/01\/17\/akcja-regeneracja-poranny-rozruch\/#primaryimage"},"thumbnailUrl":"https:\/\/d2p6e6u75xmxt8.cloudfront.net\/5\/2020\/01\/Thumb-rozruch.jpg","datePublished":"2020-01-17T08:23:59+00:00","author":{"@id":"https:\/\/www.welovecycling.com\/pl\/#\/schema\/person\/0dba2d39da943db9df3fd8f4687e7f23"},"breadcrumb":{"@id":"https:\/\/www.welovecycling.com\/pl\/2020\/01\/17\/akcja-regeneracja-poranny-rozruch\/#breadcrumb"},"inLanguage":"pl-PL","potentialAction":[{"@type":"ReadAction","target":["https:\/\/www.welovecycling.com\/pl\/2020\/01\/17\/akcja-regeneracja-poranny-rozruch\/"]}]},{"@type":"ImageObject","inLanguage":"pl-PL","@id":"https:\/\/www.welovecycling.com\/pl\/2020\/01\/17\/akcja-regeneracja-poranny-rozruch\/#primaryimage","url":"https:\/\/d2p6e6u75xmxt8.cloudfront.net\/5\/2020\/01\/Thumb-rozruch.jpg","contentUrl":"https:\/\/d2p6e6u75xmxt8.cloudfront.net\/5\/2020\/01\/Thumb-rozruch.jpg","width":1897,"height":1076},{"@type":"BreadcrumbList","@id":"https:\/\/www.welovecycling.com\/pl\/2020\/01\/17\/akcja-regeneracja-poranny-rozruch\/#breadcrumb","itemListElement":[{"@type":"ListItem","position":1,"name":"Home","item":"https:\/\/www.welovecycling.com\/pl\/"},{"@type":"ListItem","position":2,"name":"Akcja regeneracja \u2013 poranny rozruch"}]},{"@type":"WebSite","@id":"https:\/\/www.welovecycling.com\/pl\/#website","url":"https:\/\/www.welovecycling.com\/pl\/","name":"\u0160koda We Love Cycling - Poland","description":"","potentialAction":[{"@type":"SearchAction","target":{"@type":"EntryPoint","urlTemplate":"https:\/\/www.welovecycling.com\/pl\/?s={search_term_string}"},"query-input":{"@type":"PropertyValueSpecification","valueRequired":true,"valueName":"search_term_string"}}],"inLanguage":"pl-PL"},{"@type":"Person","@id":"https:\/\/www.welovecycling.com\/pl\/#\/schema\/person\/0dba2d39da943db9df3fd8f4687e7f23","name":"piotrboczkowski","image":{"@type":"ImageObject","inLanguage":"pl-PL","@id":"https:\/\/www.welovecycling.com\/pl\/#\/schema\/person\/image\/","url":"https:\/\/secure.gravatar.com\/avatar\/533caccae14752e03a2ce2d3fd62d1b98b93e1393c3195c27819e53344ca1ace?s=96&d=mm&r=g","contentUrl":"https:\/\/secure.gravatar.com\/avatar\/533caccae14752e03a2ce2d3fd62d1b98b93e1393c3195c27819e53344ca1ace?s=96&d=mm&r=g","caption":"piotrboczkowski"},"url":"https:\/\/www.welovecycling.com\/pl\/author\/piotrboczkowski\/"}]}},"_links":{"self":[{"href":"https:\/\/www.welovecycling.com\/pl\/wp-json\/wp\/v2\/posts\/10219","targetHints":{"allow":["GET"]}}],"collection":[{"href":"https:\/\/www.welovecycling.com\/pl\/wp-json\/wp\/v2\/posts"}],"about":[{"href":"https:\/\/www.welovecycling.com\/pl\/wp-json\/wp\/v2\/types\/post"}],"author":[{"embeddable":true,"href":"https:\/\/www.welovecycling.com\/pl\/wp-json\/wp\/v2\/users\/76"}],"replies":[{"embeddable":true,"href":"https:\/\/www.welovecycling.com\/pl\/wp-json\/wp\/v2\/comments?post=10219"}],"version-history":[{"count":1,"href":"https:\/\/www.welovecycling.com\/pl\/wp-json\/wp\/v2\/posts\/10219\/revisions"}],"predecessor-version":[{"id":10222,"href":"https:\/\/www.welovecycling.com\/pl\/wp-json\/wp\/v2\/posts\/10219\/revisions\/10222"}],"wp:featuredmedia":[{"embeddable":true,"href":"https:\/\/www.welovecycling.com\/pl\/wp-json\/wp\/v2\/media\/10221"}],"wp:attachment":[{"href":"https:\/\/www.welovecycling.com\/pl\/wp-json\/wp\/v2\/media?parent=10219"}],"wp:term":[{"taxonomy":"category","embeddable":true,"href":"https:\/\/www.welovecycling.com\/pl\/wp-json\/wp\/v2\/categories?post=10219"},{"taxonomy":"post_tag","embeddable":true,"href":"https:\/\/www.welovecycling.com\/pl\/wp-json\/wp\/v2\/tags?post=10219"},{"taxonomy":"global-categories","embeddable":true,"href":"https:\/\/www.welovecycling.com\/pl\/wp-json\/wp\/v2\/global-categories?post=10219"}],"curies":[{"name":"wp","href":"https:\/\/api.w.org\/{rel}","templated":true}]}}