{"id":10198,"date":"2020-01-14T15:29:19","date_gmt":"2020-01-14T15:29:19","guid":{"rendered":"https:\/\/www.welovecycling.com\/pl\/?p=10198"},"modified":"2020-01-15T10:03:31","modified_gmt":"2020-01-15T10:03:31","slug":"jest-czas-gdy-nie-kazdy-chce-byc-zawodowym-kolarzem-i-ten-czas-wlasnie-nadszedl","status":"publish","type":"post","link":"https:\/\/www.welovecycling.com\/pl\/2020\/01\/14\/jest-czas-gdy-nie-kazdy-chce-byc-zawodowym-kolarzem-i-ten-czas-wlasnie-nadszedl\/","title":{"rendered":"Jest czas, gdy nie ka\u017cdy chce by\u0107 zawodowym kolarzem. I ten czas w\u0142a\u015bnie nadszed\u0142\u2026"},"content":{"rendered":"<p><strong>Wigilijne kalorie trzeba szybko spali\u0107, w Sylwestra o szale\u0144stwie mo\u017cna zapomnie\u0107, a pocz\u0105tek roku to ju\u017c tylko ci\u0119\u017cka praca. \u017bycie zawodowego kolarza jest pasjonuj\u0105ce, ale nie zawsze us\u0142ane r\u00f3\u017cami. Co dzi\u015b s\u0142ycha\u0107 w kolarskim peletonie? Sprawd\u017amy!<\/strong><\/p>\n<p>Nie ma si\u0119 co czarowa\u0107 \u2013 kolarze w okresie karnawa\u0142owym nie s\u0105 kr\u00f3lami \u017cycia. Ju\u017c w \u015bwi\u0119ta zaczynaj\u0105 treningi, w Sylwestra cz\u0119sto wypijaj\u0105 tylko symboliczn\u0105 lampk\u0119 szampana, a teraz wykr\u0119caj\u0105 ju\u017c dziesi\u0105tki kilometr\u00f3w dziennie.<\/p>\n<p>Jak wi\u0119c wygl\u0105da okres \u015bwi\u0105teczno-noworoczno-karnawa\u0142owy w zawodowym peletonie?<\/p>\n<p>Na przyk\u0142ad Rafa\u0142 Majka Bo\u017ce Narodzenia sp\u0119dzi\u0142 w rodzinnych Zegartowicach\u2026<\/p>\n<p>https:\/\/www.instagram.com\/p\/B6eJi25FdgV\/<\/p>\n<p>&nbsp;<\/p>\n<p>\u2026 ale kalorie zaaplikowane podczas Wigilii musia\u0142 szybko spali\u0107. I trzeba przyzna\u0107, \u017ce zawodnik Bora-Hansgrohe robi\u0142 to w do\u015b\u0107 niecodziennej scenerii<\/p>\n<p>https:\/\/www.instagram.com\/p\/B6nljUDlPwM\/<\/p>\n<p>Na ma\u0142e \u015bwi\u0119towanie Nowego Roku w mi\u0142ym towarzystwie m\u00f3g\u0142 sobie pozwoli\u0107 jego kolega z zespo\u0142u &#8211; Pawe\u0142 Polja\u0144ski\u2026<\/p>\n<p>https:\/\/www.instagram.com\/p\/B6v9ukuB5II\/<\/p>\n<p>\u2026 ale nie trwa\u0142o to d\u0142ugo, poniewa\u017c zawodnik ju\u017c przygotowuje si\u0119 na Teneryfie do rozpoczynaj\u0105cego si\u0119 sezonu<\/p>\n<p>https:\/\/www.instagram.com\/p\/B7Qs1pZBLV5\/<\/p>\n<p>UCI World Tour 2020 tradycyjnie zaczyna si\u0119 w Australii (pisali\u015bmy o tym TUTAJ https:\/\/www.welovecycling.com\/pl\/2020\/01\/10\/tak-powinien-wygladac-kalendarz-2020-kazdego-fana-kolarstwa\/), ale ju\u017c wiadomo, \u017ce tym razem w Tour Down Under nie wyst\u0105pi Peter Sagan.<\/p>\n<p>\u201eTo jeden z moich ulubionych wy\u015bcig\u00f3w, startowa\u0142em tu przez ostatnie trzy lata. Poza tym to miejsce, gdzie zaczyna\u0142em profesjonaln\u0105 karier\u0119! Niestety, w tym roku m\u00f3j plan jest troch\u0119 inny i nie pojad\u0119 <a href=\"https:\/\/www.instagram.com\/cityofadelaide\/\">@cityofadelaide<\/a>\u00a0i\u00a0<a href=\"https:\/\/www.instagram.com\/southaustralia\/\">@southaustralia<\/a>. Na pewno b\u0119d\u0119 t\u0119skni\u0142 za tym t\u0142umem kibic\u00f3w\u201d \u2013 napisa\u0142 S\u0142owak na Instagramie.<\/p>\n<p>Sagan mocno przygotowuje si\u0119 do nadchodz\u0105cego sezonu i jeszcze trzy dni przed \u015bwi\u0119tami d\u017awiga\u0142 ci\u0119\u017cary na Majorce\u2026<\/p>\n<p><a href=\"https:\/\/www.facebook.com\/watch\/?v=450566565895253\">https:\/\/www.facebook.com\/watch\/?v=450566565895253<\/a><\/p>\n<p>\u2026 a \u017cyczenia noworoczne swoim kibicom z\u0142o\u017cy\u0142 w taki spos\u00f3b, w jaki zapewne chcia\u0142bym ko\u0144czy\u0107 ka\u017cdy wy\u015bcig w 2020 roku, czyli z szampanem w d\u0142oni<\/p>\n<p>https:\/\/www.instagram.com\/p\/B6v-QMXCNeD\/<\/p>\n<p>W Australii zameldowa\u0142 si\u0119 za to Simon Yates (Mitchelton-Scott)<\/p>\n<p>https:\/\/www.instagram.com\/p\/B7Fx00XJdN1\/?utm_source=ig_web_copy_link<\/p>\n<p>Z kolei dla Gerainta Thomasa (Team Ineos) prze\u0142om roku by\u0142 wyj\u0105tkowy. Walijczyk m\u00f3g\u0142 obejrze\u0107 efekty pracy ekipy, kt\u00f3ra towarzyszy\u0142a mu podczas Tour de France 2019. Tak, obrona triumfu przez Thomasa zosta\u0142a w ca\u0142o\u015bci nakr\u0119cona i na tej podstawie powsta\u0142 film dokumentalny.<\/p>\n<p>\u201eOgl\u0105daj\u0105c go czu\u0142em si\u0119, jakbym po raz kolejny jecha\u0142 w tym wy\u015bcigu\u201d \u2013 przyzna\u0142 Thomas, kt\u00f3ry w Sylwestra postanowi\u0142 podsumowa\u0107 ca\u0142\u0105 dekad\u0119 swojej kariery.<\/p>\n<p>A skoro jeden obraz znaczy wi\u0119cej ni\u017c tysi\u0105c s\u0142\u00f3w, to musia\u0142o by\u0107 na nim uj\u0119cie w \u017c\u00f3\u0142tej koszulce lidera Tour de France z P\u00f3l Elizejskich<\/p>\n<div class=\"embed-controller-wrapper\">\n<blockquote class=\"twitter-tweet\" data-width=\"500\" data-dnt=\"true\">\n<p lang=\"en\" dir=\"ltr\">Wasn\u2019t a bad decade \ud83e\udd23\ud83d\udc4d<\/p>\n<p>Happy New Year everyone \ud83e\udd73 Here\u2019s to 2020 \ud83e\udd42 <a href=\"https:\/\/t.co\/fQzhh1twkD\">pic.twitter.com\/fQzhh1twkD<\/a><\/p>\n<p>&mdash; Geraint Thomas (@GeraintThomas86) <a href=\"https:\/\/twitter.com\/GeraintThomas86\/status\/1212083795408674817?ref_src=twsrc%5Etfw\">December 31, 2019<\/a><\/p><\/blockquote>\n<p><script async data-src=\"https:\/\/platform.twitter.com\/widgets.js\" charset=\"utf-8\"><\/script><\/div>\n<div class=\"embed-controller-wrapper\">\n<blockquote class=\"twitter-tweet\" data-width=\"500\" data-dnt=\"true\">\n<p lang=\"en\" dir=\"ltr\">Beginning of                End of<br \/>the decade                  the decade <a href=\"https:\/\/t.co\/Wwhy6M9VdW\">pic.twitter.com\/Wwhy6M9VdW<\/a><\/p>\n<p>&mdash; Geraint Thomas (@GeraintThomas86) <a href=\"https:\/\/twitter.com\/GeraintThomas86\/status\/1212079835385880576?ref_src=twsrc%5Etfw\">December 31, 2019<\/a><\/p><\/blockquote>\n<p><script async data-src=\"https:\/\/platform.twitter.com\/widgets.js\" charset=\"utf-8\"><\/script><\/div>\n<p>Rozpoczynaj\u0105cy si\u0119 rok ma by\u0107 prze\u0142omowy r\u00f3wnie\u017c dla Christophera Fromme\u2019a &#8211; przynajmniej Brytyjczyk ma takie nadzieje. A wi\u0105\u017c\u0105 si\u0119 one g\u0142\u00f3wnie z Tour de France, bo je\u015bli wygra ten wy\u015bcig po raz pi\u0105ty, to do\u0142\u0105czy do najwi\u0119kszych zawodnik\u00f3w tego wy\u015bcigu.<\/p>\n<p>Sylwestra Froome sp\u0119dzi\u0142 z dzie\u0107mi<\/p>\n<p>https:\/\/www.instagram.com\/p\/B6s8FtpnMrE\/<\/p>\n<p>Starsze z nich ju\u017c paradowa\u0142o z tat\u0105 w \u017c\u00f3\u0142tej koszulce po Polach Elizejskich, czy teraz nadszed\u0142 czas na m\u0142odsz\u0105 pociech\u0119? Wszystko wyja\u015bni si\u0119 w dniach 27 czerwca \u2013 19 lipca, gdy zostanie rozegrany najbardziej presti\u017cowy wy\u015bcig \u015bwiata.<\/p>\n<p><span data-sheets-value=\"{&quot;1&quot;:2,&quot;2&quot;:&quot;Artyku\u0142 powsta\u0142 we wsp\u00f3\u0142pracy ze skoda-auto.pl&quot;}\" data-sheets-userformat=\"{&quot;2&quot;:1,&quot;3&quot;:{&quot;1&quot;:0}}\" data-sheets-hyperlink=\"http:\/\/www.skoda-auto.pl\/\"><a class=\"in-cell-link\" href=\"http:\/\/www.skoda-auto.pl\/\" target=\"_blank\" rel=\"noopener\">Artyku\u0142 powsta\u0142 we wsp\u00f3\u0142pracy ze skoda-auto.pl<\/a><\/span><\/p>\n<p><a href=\"https:\/\/www.skoda-auto.pl\/modele\/karoq\">\u00a0<\/a><a href=\"https:\/\/www.skoda-auto.pl\/modele\/kodiaq\"><img loading=\"lazy\" decoding=\"async\" class=\"aligncenter wp-image-9607 size-full loading\" src=\"https:\/\/d2p6e6u75xmxt8.cloudfront.net\/5\/2019\/08\/baner_WLC_640x350_2.png\" sizes=\"auto, (max-width: 640px) 100vw, 640px\" srcset=\"https:\/\/d2p6e6u75xmxt8.cloudfront.net\/5\/2019\/08\/baner_WLC_640x350_2.png 640w, https:\/\/d2p6e6u75xmxt8.cloudfront.net\/5\/2019\/08\/baner_WLC_640x350_2-300x164.png 300w\" alt=\"\" width=\"640\" height=\"350\" data-was-processed=\"true\" \/><\/a><\/p>\n","protected":false},"excerpt":{"rendered":"<p>Wigilijne kalorie trzeba szybko spali\u0107, w Sylwestra o szale\u0144stwie mo\u017cna zapomnie\u0107, a pocz\u0105tek roku to ju\u017c tylko ci\u0119\u017cka praca. \u017bycie [&hellip;]<\/p>\n","protected":false},"author":76,"featured_media":8412,"comment_status":"open","ping_status":"open","sticky":false,"template":"","format":"standard","meta":{"footnotes":""},"categories":[226],"tags":[],"global-categories":[303],"class_list":["post-10198","post","type-post","status-publish","format-standard","has-post-thumbnail","hentry","category-ciekawostki","global-categories-cycling"],"yoast_head":"<!-- This site is optimized with the Yoast SEO Premium plugin v25.3 (Yoast SEO v25.9) - https:\/\/yoast.com\/wordpress\/plugins\/seo\/ -->\n<title>Jest czas, gdy nie ka\u017cdy chce by\u0107 zawodowym kolarzem. I ten czas w\u0142a\u015bnie nadszed\u0142\u2026 - \u0160koda We Love Cycling - Poland<\/title>\n<meta name=\"robots\" content=\"index, follow, max-snippet:-1, max-image-preview:large, max-video-preview:-1\" \/>\n<link rel=\"canonical\" href=\"https:\/\/www.welovecycling.com\/pl\/2020\/01\/14\/jest-czas-gdy-nie-kazdy-chce-byc-zawodowym-kolarzem-i-ten-czas-wlasnie-nadszedl\/\" \/>\n<meta property=\"og:locale\" content=\"pl_PL\" \/>\n<meta property=\"og:type\" content=\"article\" \/>\n<meta property=\"og:title\" content=\"Jest czas, gdy nie ka\u017cdy chce by\u0107 zawodowym kolarzem. I ten czas w\u0142a\u015bnie nadszed\u0142\u2026\" \/>\n<meta property=\"og:description\" content=\"Wigilijne kalorie trzeba szybko spali\u0107, w Sylwestra o szale\u0144stwie mo\u017cna zapomnie\u0107, a pocz\u0105tek roku to ju\u017c tylko ci\u0119\u017cka praca. \u017bycie [&hellip;]\" \/>\n<meta property=\"og:url\" content=\"https:\/\/www.welovecycling.com\/pl\/2020\/01\/14\/jest-czas-gdy-nie-kazdy-chce-byc-zawodowym-kolarzem-i-ten-czas-wlasnie-nadszedl\/\" \/>\n<meta property=\"og:site_name\" content=\"\u0160koda We Love Cycling - Poland\" \/>\n<meta property=\"article:published_time\" content=\"2020-01-14T15:29:19+00:00\" \/>\n<meta property=\"article:modified_time\" content=\"2020-01-15T10:03:31+00:00\" \/>\n<meta property=\"og:image\" content=\"https:\/\/d2p6e6u75xmxt8.cloudfront.net\/5\/2019\/01\/profimedia-0294287736.jpg\" \/>\n\t<meta property=\"og:image:width\" content=\"1250\" \/>\n\t<meta property=\"og:image:height\" content=\"833\" \/>\n\t<meta property=\"og:image:type\" content=\"image\/jpeg\" \/>\n<meta name=\"author\" content=\"piotrboczkowski\" \/>\n<meta name=\"twitter:card\" content=\"summary_large_image\" \/>\n<meta name=\"twitter:label1\" content=\"Written by\" \/>\n\t<meta name=\"twitter:data1\" content=\"Piotr Nowik\" \/>\n\t<meta name=\"twitter:label2\" content=\"Est. reading time\" \/>\n\t<meta name=\"twitter:data2\" content=\"3 minutes\" \/>\n<script type=\"application\/ld+json\" class=\"yoast-schema-graph\">{\"@context\":\"https:\/\/schema.org\",\"@graph\":[{\"@type\":\"WebPage\",\"@id\":\"https:\/\/www.welovecycling.com\/pl\/2020\/01\/14\/jest-czas-gdy-nie-kazdy-chce-byc-zawodowym-kolarzem-i-ten-czas-wlasnie-nadszedl\/\",\"url\":\"https:\/\/www.welovecycling.com\/pl\/2020\/01\/14\/jest-czas-gdy-nie-kazdy-chce-byc-zawodowym-kolarzem-i-ten-czas-wlasnie-nadszedl\/\",\"name\":\"Jest czas, gdy nie ka\u017cdy chce by\u0107 zawodowym kolarzem. I ten czas w\u0142a\u015bnie nadszed\u0142\u2026 - \u0160koda We Love Cycling - Poland\",\"isPartOf\":{\"@id\":\"https:\/\/www.welovecycling.com\/pl\/#website\"},\"primaryImageOfPage\":{\"@id\":\"https:\/\/www.welovecycling.com\/pl\/2020\/01\/14\/jest-czas-gdy-nie-kazdy-chce-byc-zawodowym-kolarzem-i-ten-czas-wlasnie-nadszedl\/#primaryimage\"},\"image\":{\"@id\":\"https:\/\/www.welovecycling.com\/pl\/2020\/01\/14\/jest-czas-gdy-nie-kazdy-chce-byc-zawodowym-kolarzem-i-ten-czas-wlasnie-nadszedl\/#primaryimage\"},\"thumbnailUrl\":\"https:\/\/d2p6e6u75xmxt8.cloudfront.net\/5\/2019\/01\/profimedia-0294287736.jpg\",\"datePublished\":\"2020-01-14T15:29:19+00:00\",\"dateModified\":\"2020-01-15T10:03:31+00:00\",\"author\":{\"@id\":\"https:\/\/www.welovecycling.com\/pl\/#\/schema\/person\/0dba2d39da943db9df3fd8f4687e7f23\"},\"breadcrumb\":{\"@id\":\"https:\/\/www.welovecycling.com\/pl\/2020\/01\/14\/jest-czas-gdy-nie-kazdy-chce-byc-zawodowym-kolarzem-i-ten-czas-wlasnie-nadszedl\/#breadcrumb\"},\"inLanguage\":\"pl-PL\",\"potentialAction\":[{\"@type\":\"ReadAction\",\"target\":[\"https:\/\/www.welovecycling.com\/pl\/2020\/01\/14\/jest-czas-gdy-nie-kazdy-chce-byc-zawodowym-kolarzem-i-ten-czas-wlasnie-nadszedl\/\"]}]},{\"@type\":\"ImageObject\",\"inLanguage\":\"pl-PL\",\"@id\":\"https:\/\/www.welovecycling.com\/pl\/2020\/01\/14\/jest-czas-gdy-nie-kazdy-chce-byc-zawodowym-kolarzem-i-ten-czas-wlasnie-nadszedl\/#primaryimage\",\"url\":\"https:\/\/d2p6e6u75xmxt8.cloudfront.net\/5\/2019\/01\/profimedia-0294287736.jpg\",\"contentUrl\":\"https:\/\/d2p6e6u75xmxt8.cloudfront.net\/5\/2019\/01\/profimedia-0294287736.jpg\",\"width\":1250,\"height\":833,\"caption\":\"Chris Froome and Peter Sagan chat before the stage start. (13th July, 2016)\"},{\"@type\":\"BreadcrumbList\",\"@id\":\"https:\/\/www.welovecycling.com\/pl\/2020\/01\/14\/jest-czas-gdy-nie-kazdy-chce-byc-zawodowym-kolarzem-i-ten-czas-wlasnie-nadszedl\/#breadcrumb\",\"itemListElement\":[{\"@type\":\"ListItem\",\"position\":1,\"name\":\"Home\",\"item\":\"https:\/\/www.welovecycling.com\/pl\/\"},{\"@type\":\"ListItem\",\"position\":2,\"name\":\"Jest czas, gdy nie ka\u017cdy chce by\u0107 zawodowym kolarzem. I ten czas w\u0142a\u015bnie nadszed\u0142\u2026\"}]},{\"@type\":\"WebSite\",\"@id\":\"https:\/\/www.welovecycling.com\/pl\/#website\",\"url\":\"https:\/\/www.welovecycling.com\/pl\/\",\"name\":\"\u0160koda We Love Cycling - Poland\",\"description\":\"\",\"potentialAction\":[{\"@type\":\"SearchAction\",\"target\":{\"@type\":\"EntryPoint\",\"urlTemplate\":\"https:\/\/www.welovecycling.com\/pl\/?s={search_term_string}\"},\"query-input\":{\"@type\":\"PropertyValueSpecification\",\"valueRequired\":true,\"valueName\":\"search_term_string\"}}],\"inLanguage\":\"pl-PL\"},{\"@type\":\"Person\",\"@id\":\"https:\/\/www.welovecycling.com\/pl\/#\/schema\/person\/0dba2d39da943db9df3fd8f4687e7f23\",\"name\":\"piotrboczkowski\",\"image\":{\"@type\":\"ImageObject\",\"inLanguage\":\"pl-PL\",\"@id\":\"https:\/\/www.welovecycling.com\/pl\/#\/schema\/person\/image\/\",\"url\":\"https:\/\/secure.gravatar.com\/avatar\/533caccae14752e03a2ce2d3fd62d1b98b93e1393c3195c27819e53344ca1ace?s=96&d=mm&r=g\",\"contentUrl\":\"https:\/\/secure.gravatar.com\/avatar\/533caccae14752e03a2ce2d3fd62d1b98b93e1393c3195c27819e53344ca1ace?s=96&d=mm&r=g\",\"caption\":\"piotrboczkowski\"},\"url\":\"https:\/\/www.welovecycling.com\/pl\/author\/piotrboczkowski\/\"}]}<\/script>\n<!-- \/ Yoast SEO Premium plugin. -->","yoast_head_json":{"title":"Jest czas, gdy nie ka\u017cdy chce by\u0107 zawodowym kolarzem. I ten czas w\u0142a\u015bnie nadszed\u0142\u2026 - \u0160koda We Love Cycling - Poland","robots":{"index":"index","follow":"follow","max-snippet":"max-snippet:-1","max-image-preview":"max-image-preview:large","max-video-preview":"max-video-preview:-1"},"canonical":"https:\/\/www.welovecycling.com\/pl\/2020\/01\/14\/jest-czas-gdy-nie-kazdy-chce-byc-zawodowym-kolarzem-i-ten-czas-wlasnie-nadszedl\/","og_locale":"pl_PL","og_type":"article","og_title":"Jest czas, gdy nie ka\u017cdy chce by\u0107 zawodowym kolarzem. I ten czas w\u0142a\u015bnie nadszed\u0142\u2026","og_description":"Wigilijne kalorie trzeba szybko spali\u0107, w Sylwestra o szale\u0144stwie mo\u017cna zapomnie\u0107, a pocz\u0105tek roku to ju\u017c tylko ci\u0119\u017cka praca. \u017bycie [&hellip;]","og_url":"https:\/\/www.welovecycling.com\/pl\/2020\/01\/14\/jest-czas-gdy-nie-kazdy-chce-byc-zawodowym-kolarzem-i-ten-czas-wlasnie-nadszedl\/","og_site_name":"\u0160koda We Love Cycling - Poland","article_published_time":"2020-01-14T15:29:19+00:00","article_modified_time":"2020-01-15T10:03:31+00:00","og_image":[{"width":1250,"height":833,"url":"https:\/\/d2p6e6u75xmxt8.cloudfront.net\/5\/2019\/01\/profimedia-0294287736.jpg","type":"image\/jpeg"}],"author":"piotrboczkowski","twitter_card":"summary_large_image","twitter_misc":{"Written by":"Piotr Nowik","Est. reading time":"3 minutes"},"schema":{"@context":"https:\/\/schema.org","@graph":[{"@type":"WebPage","@id":"https:\/\/www.welovecycling.com\/pl\/2020\/01\/14\/jest-czas-gdy-nie-kazdy-chce-byc-zawodowym-kolarzem-i-ten-czas-wlasnie-nadszedl\/","url":"https:\/\/www.welovecycling.com\/pl\/2020\/01\/14\/jest-czas-gdy-nie-kazdy-chce-byc-zawodowym-kolarzem-i-ten-czas-wlasnie-nadszedl\/","name":"Jest czas, gdy nie ka\u017cdy chce by\u0107 zawodowym kolarzem. I ten czas w\u0142a\u015bnie nadszed\u0142\u2026 - \u0160koda We Love Cycling - Poland","isPartOf":{"@id":"https:\/\/www.welovecycling.com\/pl\/#website"},"primaryImageOfPage":{"@id":"https:\/\/www.welovecycling.com\/pl\/2020\/01\/14\/jest-czas-gdy-nie-kazdy-chce-byc-zawodowym-kolarzem-i-ten-czas-wlasnie-nadszedl\/#primaryimage"},"image":{"@id":"https:\/\/www.welovecycling.com\/pl\/2020\/01\/14\/jest-czas-gdy-nie-kazdy-chce-byc-zawodowym-kolarzem-i-ten-czas-wlasnie-nadszedl\/#primaryimage"},"thumbnailUrl":"https:\/\/d2p6e6u75xmxt8.cloudfront.net\/5\/2019\/01\/profimedia-0294287736.jpg","datePublished":"2020-01-14T15:29:19+00:00","dateModified":"2020-01-15T10:03:31+00:00","author":{"@id":"https:\/\/www.welovecycling.com\/pl\/#\/schema\/person\/0dba2d39da943db9df3fd8f4687e7f23"},"breadcrumb":{"@id":"https:\/\/www.welovecycling.com\/pl\/2020\/01\/14\/jest-czas-gdy-nie-kazdy-chce-byc-zawodowym-kolarzem-i-ten-czas-wlasnie-nadszedl\/#breadcrumb"},"inLanguage":"pl-PL","potentialAction":[{"@type":"ReadAction","target":["https:\/\/www.welovecycling.com\/pl\/2020\/01\/14\/jest-czas-gdy-nie-kazdy-chce-byc-zawodowym-kolarzem-i-ten-czas-wlasnie-nadszedl\/"]}]},{"@type":"ImageObject","inLanguage":"pl-PL","@id":"https:\/\/www.welovecycling.com\/pl\/2020\/01\/14\/jest-czas-gdy-nie-kazdy-chce-byc-zawodowym-kolarzem-i-ten-czas-wlasnie-nadszedl\/#primaryimage","url":"https:\/\/d2p6e6u75xmxt8.cloudfront.net\/5\/2019\/01\/profimedia-0294287736.jpg","contentUrl":"https:\/\/d2p6e6u75xmxt8.cloudfront.net\/5\/2019\/01\/profimedia-0294287736.jpg","width":1250,"height":833,"caption":"Chris Froome and Peter Sagan chat before the stage start. (13th July, 2016)"},{"@type":"BreadcrumbList","@id":"https:\/\/www.welovecycling.com\/pl\/2020\/01\/14\/jest-czas-gdy-nie-kazdy-chce-byc-zawodowym-kolarzem-i-ten-czas-wlasnie-nadszedl\/#breadcrumb","itemListElement":[{"@type":"ListItem","position":1,"name":"Home","item":"https:\/\/www.welovecycling.com\/pl\/"},{"@type":"ListItem","position":2,"name":"Jest czas, gdy nie ka\u017cdy chce by\u0107 zawodowym kolarzem. I ten czas w\u0142a\u015bnie nadszed\u0142\u2026"}]},{"@type":"WebSite","@id":"https:\/\/www.welovecycling.com\/pl\/#website","url":"https:\/\/www.welovecycling.com\/pl\/","name":"\u0160koda We Love Cycling - Poland","description":"","potentialAction":[{"@type":"SearchAction","target":{"@type":"EntryPoint","urlTemplate":"https:\/\/www.welovecycling.com\/pl\/?s={search_term_string}"},"query-input":{"@type":"PropertyValueSpecification","valueRequired":true,"valueName":"search_term_string"}}],"inLanguage":"pl-PL"},{"@type":"Person","@id":"https:\/\/www.welovecycling.com\/pl\/#\/schema\/person\/0dba2d39da943db9df3fd8f4687e7f23","name":"piotrboczkowski","image":{"@type":"ImageObject","inLanguage":"pl-PL","@id":"https:\/\/www.welovecycling.com\/pl\/#\/schema\/person\/image\/","url":"https:\/\/secure.gravatar.com\/avatar\/533caccae14752e03a2ce2d3fd62d1b98b93e1393c3195c27819e53344ca1ace?s=96&d=mm&r=g","contentUrl":"https:\/\/secure.gravatar.com\/avatar\/533caccae14752e03a2ce2d3fd62d1b98b93e1393c3195c27819e53344ca1ace?s=96&d=mm&r=g","caption":"piotrboczkowski"},"url":"https:\/\/www.welovecycling.com\/pl\/author\/piotrboczkowski\/"}]}},"_links":{"self":[{"href":"https:\/\/www.welovecycling.com\/pl\/wp-json\/wp\/v2\/posts\/10198","targetHints":{"allow":["GET"]}}],"collection":[{"href":"https:\/\/www.welovecycling.com\/pl\/wp-json\/wp\/v2\/posts"}],"about":[{"href":"https:\/\/www.welovecycling.com\/pl\/wp-json\/wp\/v2\/types\/post"}],"author":[{"embeddable":true,"href":"https:\/\/www.welovecycling.com\/pl\/wp-json\/wp\/v2\/users\/76"}],"replies":[{"embeddable":true,"href":"https:\/\/www.welovecycling.com\/pl\/wp-json\/wp\/v2\/comments?post=10198"}],"version-history":[{"count":1,"href":"https:\/\/www.welovecycling.com\/pl\/wp-json\/wp\/v2\/posts\/10198\/revisions"}],"predecessor-version":[{"id":10208,"href":"https:\/\/www.welovecycling.com\/pl\/wp-json\/wp\/v2\/posts\/10198\/revisions\/10208"}],"wp:featuredmedia":[{"embeddable":true,"href":"https:\/\/www.welovecycling.com\/pl\/wp-json\/wp\/v2\/media\/8412"}],"wp:attachment":[{"href":"https:\/\/www.welovecycling.com\/pl\/wp-json\/wp\/v2\/media?parent=10198"}],"wp:term":[{"taxonomy":"category","embeddable":true,"href":"https:\/\/www.welovecycling.com\/pl\/wp-json\/wp\/v2\/categories?post=10198"},{"taxonomy":"post_tag","embeddable":true,"href":"https:\/\/www.welovecycling.com\/pl\/wp-json\/wp\/v2\/tags?post=10198"},{"taxonomy":"global-categories","embeddable":true,"href":"https:\/\/www.welovecycling.com\/pl\/wp-json\/wp\/v2\/global-categories?post=10198"}],"curies":[{"name":"wp","href":"https:\/\/api.w.org\/{rel}","templated":true}]}}