{"id":10195,"date":"2020-01-13T09:45:46","date_gmt":"2020-01-13T09:45:46","guid":{"rendered":"https:\/\/www.welovecycling.com\/pl\/?p=10195"},"modified":"2020-01-13T09:45:46","modified_gmt":"2020-01-13T09:45:46","slug":"socjologia-jazdy-na-rowerze-jaki-jest-jej-wplyw-na-ludzkosc","status":"publish","type":"post","link":"https:\/\/www.welovecycling.com\/pl\/2020\/01\/13\/socjologia-jazdy-na-rowerze-jaki-jest-jej-wplyw-na-ludzkosc\/","title":{"rendered":"Socjologia jazdy na rowerze: jaki jest jej wp\u0142yw na ludzko\u015b\u0107?"},"content":{"rendered":"<p><strong>Wiele ju\u017c powiedziano na temat pozytywnego wp\u0142ywu jazdy na rowerze zar\u00f3wno na pojedyncze osoby, jak i ca\u0142e spo\u0142ecze\u0144stwa. My sprawdzimy, czy s\u0105 to za\u0142o\u017cenia czysto teoretyczne, czy poparte r\u00f3wnie\u017c wiedz\u0105 naukow\u0105.<\/strong><\/p>\n<p><strong><span style=\"font-size: 18pt;\">Genetyka<\/span><\/strong><\/p>\n<p><u>Niekt\u00f3rzy naukowcy twierdz\u0105<\/u>, \u017ce jazda na rowerze znacz\u0105co przyczyni\u0142a si\u0119 do transformacji ludzkiego DNA na niekt\u00f3rych obszarach. Cho\u0107 mo\u017ce brzmi to nieco osobliwie, to uzasadnienie jest do\u015b\u0107 przekonuj\u0105ce. Pod koniec XIX wieku wynalezienie roweru pozwoli\u0142o odizolowanym dot\u0105d spo\u0142eczno\u015bciom podr\u00f3\u017cowa\u0107 na inne terytoria, do kt\u00f3rych wcze\u015bniej nie byli w stanie dotrze\u0107. Dzi\u0119ki temu ludzie nie musieli ju\u017c po\u015blubia\u0107 swoich krewnych, poniewa\u017c nagle pojawi\u0142y si\u0119 nowe mo\u017cliwo\u015bci. \u00d3wcze\u015bni kawalerowie i panny mogli wsi\u0105\u015b\u0107 na rower i wyruszy\u0107 na poszukiwania partnera \u017cyciowego.<\/p>\n<p><img loading=\"lazy\" decoding=\"async\" class=\"size-full wp-image-176001 initial loaded\" src=\"https:\/\/d2p6e6u75xmxt8.cloudfront.net\/2\/2019\/11\/Bicycle-Craze-profimedia-0048786910.jpg\" sizes=\"auto, (max-width: 1250px) 100vw, 1250px\" srcset=\"https:\/\/d2p6e6u75xmxt8.cloudfront.net\/2\/2019\/11\/Bicycle-Craze-profimedia-0048786910.jpg 1250w, https:\/\/d2p6e6u75xmxt8.cloudfront.net\/2\/2019\/11\/Bicycle-Craze-profimedia-0048786910-300x204.jpg 300w, https:\/\/d2p6e6u75xmxt8.cloudfront.net\/2\/2019\/11\/Bicycle-Craze-profimedia-0048786910-768x521.jpg 768w, https:\/\/d2p6e6u75xmxt8.cloudfront.net\/2\/2019\/11\/Bicycle-Craze-profimedia-0048786910-1024x695.jpg 1024w\" alt=\"\" width=\"1250\" height=\"848\" data-was-processed=\"true\" \/><\/p>\n<p><strong><span style=\"font-size: 18pt;\">W\u0142\u0105czenie os\u00f3b starszych w \u017cycie spo\u0142eczne<\/span><\/strong><\/p>\n<p>Wielu senior\u00f3w ma obawy, \u017ce wraz z wiekiem staj\u0105 si\u0119 coraz bardziej <u>wykluczeni spo\u0142ecznie<\/u>. Oto, co mo\u017ce dla nich zrobi\u0107 jazda na rowerze: <u>badania pokazuj\u0105<\/u>, \u017ce szczeg\u00f3lnie w miastach o ju\u017c ugruntowanej infrastrukturze rowerowej odgrywa ona wa\u017cn\u0105 rol\u0119 w integracji spo\u0142ecznej os\u00f3b starszych. Rower jako \u015brodek transportu pozwala seniorom regularnie anga\u017cowa\u0107 si\u0119 w aktywno\u015b\u0107 fizyczn\u0105, ale r\u00f3wnie wa\u017cny jest te\u017c wp\u0142yw jazdy rowerem na zdrowie psychiczne, poniewa\u017c pomaga starszym osobom poczu\u0107 si\u0119 cz\u0119\u015bci\u0105 spo\u0142eczno\u015bci. Nie musz\u0105 od razu wst\u0119powa\u0107 do klubu rowerowego, najwa\u017cniejszy jest sam fakt, \u017ce sp\u0119dzaj\u0105 czas poza domem z innymi lud\u017ami \u2013 bez wzgl\u0119du na to, czy po to, \u017ceby pozna\u0107 czy spotka\u0107 przyjaci\u00f3\u0142, czy \u017ceby po prostu wybra\u0107 si\u0119 na przeja\u017cd\u017ck\u0119.<\/p>\n<p><strong><span style=\"font-size: 18pt;\">Gospodarka<\/span><\/strong><\/p>\n<p>Jazda na rowerze okazuje si\u0119 przynosi\u0107 pozytywne skutki r\u00f3wnie\u017c dla gospodarki. Przede wszystkim zapewnia transport osobom znajduj\u0105cym si\u0119 w niekorzystnych sytuacjach. Mog\u0105 to by\u0107 na przyk\u0142ad ludzie mieszkaj\u0105cy w lokalizacjach, po kt\u00f3rych z r\u00f3\u017cnych powod\u00f3w trudno si\u0119 porusza\u0107 pieszo lub samochodem. Rower pomaga osobom o niskich dochodach, kt\u00f3re mieszkaj\u0105 na peryferiach, w poszerzaniu ich mo\u017cliwo\u015bci i u\u0142atwia dojazdy do lepiej p\u0142atnej pracy. Ponadto zwi\u0119ksza si\u0119 dost\u0119pno\u015b\u0107 us\u0142ug, opieki zdrowotnej i innych plac\u00f3wek u\u0142atwiaj\u0105cych \u017cycie. Poza tym rowerzy\u015bci prawdopodobnie pr\u0119dzej czy p\u00f3\u017aniej podczas przeja\u017cd\u017cki zejd\u0105 z siode\u0142ka, by zrobi\u0107 sobie przerw\u0119 <u>na zakupy<\/u>. Liczby pokazuj\u0105, \u017ce rowerzy\u015bci miejscy robi\u0105 wi\u0119cej postoj\u00f3w podczas jazdy ni\u017c podr\u00f3\u017cuj\u0105cy samochodami, a ze wzgl\u0119du na wi\u0119ksz\u0105 cz\u0119stotliwo\u015b\u0107 zakup\u00f3w wydaj\u0105 wi\u0119cej ni\u017c kierowcy.<\/p>\n<figure id=\"attachment_176116\" aria-describedby=\"caption-attachment-176116\" style=\"width: 1250px\" class=\"wp-caption alignnone\"><img loading=\"lazy\" decoding=\"async\" class=\"loading wp-image-176116 size-full\" src=\"https:\/\/d2p6e6u75xmxt8.cloudfront.net\/2\/2019\/11\/Denmark-Traffic-Cycling-profimedia-0159649491.jpg\" sizes=\"auto, (max-width: 1250px) 100vw, 1250px\" srcset=\"https:\/\/d2p6e6u75xmxt8.cloudfront.net\/2\/2019\/11\/Denmark-Traffic-Cycling-profimedia-0159649491.jpg 1250w, https:\/\/d2p6e6u75xmxt8.cloudfront.net\/2\/2019\/11\/Denmark-Traffic-Cycling-profimedia-0159649491-300x200.jpg 300w, https:\/\/d2p6e6u75xmxt8.cloudfront.net\/2\/2019\/11\/Denmark-Traffic-Cycling-profimedia-0159649491-768x512.jpg 768w, https:\/\/d2p6e6u75xmxt8.cloudfront.net\/2\/2019\/11\/Denmark-Traffic-Cycling-profimedia-0159649491-1024x682.jpg 1024w, https:\/\/d2p6e6u75xmxt8.cloudfront.net\/2\/2019\/11\/Denmark-Traffic-Cycling-profimedia-0159649491-272x182.jpg 272w\" alt=\"\" width=\"1250\" height=\"833\" data-was-processed=\"true\" \/><figcaption id=\"caption-attachment-176116\" class=\"wp-caption-text\">\u00a9 Jochen Tack \/ Alamy \/ Alamy \/ Profimedia<\/figcaption><\/figure>\n<p><span style=\"font-size: 18pt;\"><strong>R\u00f3\u017cnorodno\u015b\u0107 rasowa<\/strong><\/span><\/p>\n<p>Mo\u017cna za\u0142o\u017cy\u0107, \u017ce rosn\u0105ca liczba u\u017cytkownik\u00f3w rower\u00f3w w spo\u0142ecze\u0144stwie obejmuje rowerzyst\u00f3w wszystkich ras. Innymi s\u0142owy: im wi\u0119cej rowerzyst\u00f3w, tym wi\u0119ksza r\u00f3\u017cnorodno\u015b\u0107 rasowa na ulicach. I w pewnym sensie to prawda: jazda na rowerze przyczynia si\u0119 do dywersyfikacji rasowej na drogach po prostu dlatego, \u017ce ludzie r\u00f3\u017cnych ras wskakuj\u0105 na rower.<\/p>\n<p>Badaj\u0105c wzrost u\u017cytkowania rower\u00f3w w USA w latach 2001\u20132009, naukowcy odkryli, \u017ce najszybciej dzia\u0142o si\u0119 to w\u015br\u00f3d Afroamerykan\u00f3w, Azjat\u00f3w i Latynos\u00f3w. Zr\u00f3\u017cnicowanie rasowe spo\u0142eczno\u015bci rowerowej nie jest automatyczne. Podczas gdy na przyk\u0142ad w Kopenhadze taka r\u00f3\u017cnorodno\u015b\u0107 w\u015br\u00f3d rowerzyst\u00f3w jest do\u015b\u0107 naturalna, to nie nale\u017cy zak\u0142ada\u0107, \u017ce to co\u015b oczywistego w innych pa\u0144stwach. Istniej\u0105 <u>badania dowodz\u0105ce<\/u>, \u017ce na przyk\u0142ad w Londynie jazda na rowerze jest nadal aktywno\u015bci\u0105 zamo\u017cnych ludzi.<\/p>\n<p>Korzystanie z roweru przynosi korzy\u015bci na r\u00f3\u017cne sposoby. Wywo\u0142uje pozytywne skutki zdrowotne, zwi\u0119ksza dost\u0119pno\u015b\u0107 do us\u0142ug publicznych i towar\u00f3w oraz mo\u017cliwo\u015bci zatrudnienia. W\u0142adze mog\u0105 znale\u017a\u0107 \u015brodki wspieraj\u0105ce niedostatecznie reprezentowane mniejszo\u015bci rasowe i poprawiaj\u0105ce ich standard \u017cycia w\u0142a\u015bnie w je\u017adzie na rowerze. Musz\u0105 jednak zacz\u0105\u0107 od wdro\u017cenia polityki zach\u0119caj\u0105cej te grupy do korzystania z rower\u00f3w.<\/p>\n<p><span data-sheets-value=\"{&quot;1&quot;:2,&quot;2&quot;:&quot;Artyku\u0142 powsta\u0142 we wsp\u00f3\u0142pracy ze skoda-auto.pl&quot;}\" data-sheets-userformat=\"{&quot;2&quot;:1,&quot;3&quot;:{&quot;1&quot;:0}}\" data-sheets-hyperlink=\"http:\/\/www.skoda-auto.pl\/\"><a class=\"in-cell-link\" href=\"http:\/\/www.skoda-auto.pl\/\" target=\"_blank\" rel=\"noopener\">Artyku\u0142 powsta\u0142 we wsp\u00f3\u0142pracy ze skoda-auto.pl<\/a><\/span><\/p>\n<p>&nbsp;<\/p>\n<p><a href=\"https:\/\/www.skoda-auto.pl\/modele\/karoq\">\u00a0<\/a><a href=\"https:\/\/www.skoda-auto.pl\/modele\/kodiaq\"><img loading=\"lazy\" decoding=\"async\" class=\"aligncenter wp-image-9607 size-full loading\" src=\"https:\/\/d2p6e6u75xmxt8.cloudfront.net\/5\/2019\/08\/baner_WLC_640x350_2.png\" sizes=\"auto, (max-width: 640px) 100vw, 640px\" srcset=\"https:\/\/d2p6e6u75xmxt8.cloudfront.net\/5\/2019\/08\/baner_WLC_640x350_2.png 640w, https:\/\/d2p6e6u75xmxt8.cloudfront.net\/5\/2019\/08\/baner_WLC_640x350_2-300x164.png 300w\" alt=\"\" width=\"640\" height=\"350\" data-was-processed=\"true\" \/><\/a><\/p>\n","protected":false},"excerpt":{"rendered":"<p>Wiele ju\u017c powiedziano na temat pozytywnego wp\u0142ywu jazdy na rowerze zar\u00f3wno na pojedyncze osoby, jak i ca\u0142e spo\u0142ecze\u0144stwa. My sprawdzimy, [&hellip;]<\/p>\n","protected":false},"author":76,"featured_media":10196,"comment_status":"open","ping_status":"open","sticky":false,"template":"","format":"standard","meta":{"footnotes":""},"categories":[226],"tags":[],"global-categories":[303],"class_list":["post-10195","post","type-post","status-publish","format-standard","has-post-thumbnail","hentry","category-ciekawostki","global-categories-cycling"],"yoast_head":"<!-- This site is optimized with the Yoast SEO Premium plugin v25.3 (Yoast SEO v25.9) - https:\/\/yoast.com\/wordpress\/plugins\/seo\/ -->\n<title>Socjologia jazdy na rowerze: jaki jest jej wp\u0142yw na ludzko\u015b\u0107?<\/title>\n<meta name=\"robots\" content=\"index, follow, max-snippet:-1, max-image-preview:large, max-video-preview:-1\" \/>\n<link rel=\"canonical\" href=\"https:\/\/www.welovecycling.com\/pl\/2020\/01\/13\/socjologia-jazdy-na-rowerze-jaki-jest-jej-wplyw-na-ludzkosc\/\" \/>\n<meta property=\"og:locale\" content=\"pl_PL\" \/>\n<meta property=\"og:type\" content=\"article\" \/>\n<meta property=\"og:title\" content=\"Socjologia jazdy na rowerze: jaki jest jej wp\u0142yw na ludzko\u015b\u0107?\" \/>\n<meta property=\"og:description\" content=\"Wiele ju\u017c powiedziano na temat pozytywnego wp\u0142ywu jazdy na rowerze zar\u00f3wno na pojedyncze osoby, jak i ca\u0142e spo\u0142ecze\u0144stwa. My sprawdzimy, [&hellip;]\" \/>\n<meta property=\"og:url\" content=\"https:\/\/www.welovecycling.com\/pl\/2020\/01\/13\/socjologia-jazdy-na-rowerze-jaki-jest-jej-wplyw-na-ludzkosc\/\" \/>\n<meta property=\"og:site_name\" content=\"\u0160koda We Love Cycling - Poland\" \/>\n<meta property=\"article:published_time\" content=\"2020-01-13T09:45:46+00:00\" \/>\n<meta property=\"og:image\" content=\"https:\/\/d2p6e6u75xmxt8.cloudfront.net\/5\/2020\/01\/Amsterdam-Cycling-CVR-profimedia-0098573422-1024x450.jpg\" \/>\n\t<meta property=\"og:image:width\" content=\"1024\" \/>\n\t<meta property=\"og:image:height\" content=\"450\" \/>\n\t<meta property=\"og:image:type\" content=\"image\/jpeg\" \/>\n<meta name=\"author\" content=\"piotrboczkowski\" \/>\n<meta name=\"twitter:card\" content=\"summary_large_image\" \/>\n<meta name=\"twitter:label1\" content=\"Written by\" \/>\n\t<meta name=\"twitter:data1\" content=\"Tereza Antonova\" \/>\n\t<meta name=\"twitter:label2\" content=\"Est. reading time\" \/>\n\t<meta name=\"twitter:data2\" content=\"4\" \/>\n<script type=\"application\/ld+json\" class=\"yoast-schema-graph\">{\"@context\":\"https:\/\/schema.org\",\"@graph\":[{\"@type\":\"WebPage\",\"@id\":\"https:\/\/www.welovecycling.com\/pl\/2020\/01\/13\/socjologia-jazdy-na-rowerze-jaki-jest-jej-wplyw-na-ludzkosc\/\",\"url\":\"https:\/\/www.welovecycling.com\/pl\/2020\/01\/13\/socjologia-jazdy-na-rowerze-jaki-jest-jej-wplyw-na-ludzkosc\/\",\"name\":\"Socjologia jazdy na rowerze: jaki jest jej wp\u0142yw na ludzko\u015b\u0107?\",\"isPartOf\":{\"@id\":\"https:\/\/www.welovecycling.com\/pl\/#website\"},\"primaryImageOfPage\":{\"@id\":\"https:\/\/www.welovecycling.com\/pl\/2020\/01\/13\/socjologia-jazdy-na-rowerze-jaki-jest-jej-wplyw-na-ludzkosc\/#primaryimage\"},\"image\":{\"@id\":\"https:\/\/www.welovecycling.com\/pl\/2020\/01\/13\/socjologia-jazdy-na-rowerze-jaki-jest-jej-wplyw-na-ludzkosc\/#primaryimage\"},\"thumbnailUrl\":\"https:\/\/d2p6e6u75xmxt8.cloudfront.net\/5\/2020\/01\/Amsterdam-Cycling-CVR-profimedia-0098573422-1024x450.jpg\",\"datePublished\":\"2020-01-13T09:45:46+00:00\",\"author\":{\"@id\":\"https:\/\/www.welovecycling.com\/pl\/#\/schema\/person\/0dba2d39da943db9df3fd8f4687e7f23\"},\"breadcrumb\":{\"@id\":\"https:\/\/www.welovecycling.com\/pl\/2020\/01\/13\/socjologia-jazdy-na-rowerze-jaki-jest-jej-wplyw-na-ludzkosc\/#breadcrumb\"},\"inLanguage\":\"pl-PL\",\"potentialAction\":[{\"@type\":\"ReadAction\",\"target\":[\"https:\/\/www.welovecycling.com\/pl\/2020\/01\/13\/socjologia-jazdy-na-rowerze-jaki-jest-jej-wplyw-na-ludzkosc\/\"]}]},{\"@type\":\"ImageObject\",\"inLanguage\":\"pl-PL\",\"@id\":\"https:\/\/www.welovecycling.com\/pl\/2020\/01\/13\/socjologia-jazdy-na-rowerze-jaki-jest-jej-wplyw-na-ludzkosc\/#primaryimage\",\"url\":\"https:\/\/d2p6e6u75xmxt8.cloudfront.net\/5\/2020\/01\/Amsterdam-Cycling-CVR-profimedia-0098573422-1024x450.jpg\",\"contentUrl\":\"https:\/\/d2p6e6u75xmxt8.cloudfront.net\/5\/2020\/01\/Amsterdam-Cycling-CVR-profimedia-0098573422-1024x450.jpg\",\"width\":1024,\"height\":450},{\"@type\":\"BreadcrumbList\",\"@id\":\"https:\/\/www.welovecycling.com\/pl\/2020\/01\/13\/socjologia-jazdy-na-rowerze-jaki-jest-jej-wplyw-na-ludzkosc\/#breadcrumb\",\"itemListElement\":[{\"@type\":\"ListItem\",\"position\":1,\"name\":\"Home\",\"item\":\"https:\/\/www.welovecycling.com\/pl\/\"},{\"@type\":\"ListItem\",\"position\":2,\"name\":\"Socjologia jazdy na rowerze: jaki jest jej wp\u0142yw na ludzko\u015b\u0107?\"}]},{\"@type\":\"WebSite\",\"@id\":\"https:\/\/www.welovecycling.com\/pl\/#website\",\"url\":\"https:\/\/www.welovecycling.com\/pl\/\",\"name\":\"\u0160koda We Love Cycling - Poland\",\"description\":\"\",\"potentialAction\":[{\"@type\":\"SearchAction\",\"target\":{\"@type\":\"EntryPoint\",\"urlTemplate\":\"https:\/\/www.welovecycling.com\/pl\/?s={search_term_string}\"},\"query-input\":{\"@type\":\"PropertyValueSpecification\",\"valueRequired\":true,\"valueName\":\"search_term_string\"}}],\"inLanguage\":\"pl-PL\"},{\"@type\":\"Person\",\"@id\":\"https:\/\/www.welovecycling.com\/pl\/#\/schema\/person\/0dba2d39da943db9df3fd8f4687e7f23\",\"name\":\"piotrboczkowski\",\"image\":{\"@type\":\"ImageObject\",\"inLanguage\":\"pl-PL\",\"@id\":\"https:\/\/www.welovecycling.com\/pl\/#\/schema\/person\/image\/\",\"url\":\"https:\/\/secure.gravatar.com\/avatar\/533caccae14752e03a2ce2d3fd62d1b98b93e1393c3195c27819e53344ca1ace?s=96&d=mm&r=g\",\"contentUrl\":\"https:\/\/secure.gravatar.com\/avatar\/533caccae14752e03a2ce2d3fd62d1b98b93e1393c3195c27819e53344ca1ace?s=96&d=mm&r=g\",\"caption\":\"piotrboczkowski\"},\"url\":\"https:\/\/www.welovecycling.com\/pl\/author\/piotrboczkowski\/\"}]}<\/script>\n<!-- \/ Yoast SEO Premium plugin. -->","yoast_head_json":{"title":"Socjologia jazdy na rowerze: jaki jest jej wp\u0142yw na ludzko\u015b\u0107?","robots":{"index":"index","follow":"follow","max-snippet":"max-snippet:-1","max-image-preview":"max-image-preview:large","max-video-preview":"max-video-preview:-1"},"canonical":"https:\/\/www.welovecycling.com\/pl\/2020\/01\/13\/socjologia-jazdy-na-rowerze-jaki-jest-jej-wplyw-na-ludzkosc\/","og_locale":"pl_PL","og_type":"article","og_title":"Socjologia jazdy na rowerze: jaki jest jej wp\u0142yw na ludzko\u015b\u0107?","og_description":"Wiele ju\u017c powiedziano na temat pozytywnego wp\u0142ywu jazdy na rowerze zar\u00f3wno na pojedyncze osoby, jak i ca\u0142e spo\u0142ecze\u0144stwa. My sprawdzimy, [&hellip;]","og_url":"https:\/\/www.welovecycling.com\/pl\/2020\/01\/13\/socjologia-jazdy-na-rowerze-jaki-jest-jej-wplyw-na-ludzkosc\/","og_site_name":"\u0160koda We Love Cycling - Poland","article_published_time":"2020-01-13T09:45:46+00:00","og_image":[{"width":1024,"height":450,"url":"https:\/\/d2p6e6u75xmxt8.cloudfront.net\/5\/2020\/01\/Amsterdam-Cycling-CVR-profimedia-0098573422-1024x450.jpg","type":"image\/jpeg"}],"author":"piotrboczkowski","twitter_card":"summary_large_image","twitter_misc":{"Written by":"Tereza Antonova","Est. reading time":"4"},"schema":{"@context":"https:\/\/schema.org","@graph":[{"@type":"WebPage","@id":"https:\/\/www.welovecycling.com\/pl\/2020\/01\/13\/socjologia-jazdy-na-rowerze-jaki-jest-jej-wplyw-na-ludzkosc\/","url":"https:\/\/www.welovecycling.com\/pl\/2020\/01\/13\/socjologia-jazdy-na-rowerze-jaki-jest-jej-wplyw-na-ludzkosc\/","name":"Socjologia jazdy na rowerze: jaki jest jej wp\u0142yw na ludzko\u015b\u0107?","isPartOf":{"@id":"https:\/\/www.welovecycling.com\/pl\/#website"},"primaryImageOfPage":{"@id":"https:\/\/www.welovecycling.com\/pl\/2020\/01\/13\/socjologia-jazdy-na-rowerze-jaki-jest-jej-wplyw-na-ludzkosc\/#primaryimage"},"image":{"@id":"https:\/\/www.welovecycling.com\/pl\/2020\/01\/13\/socjologia-jazdy-na-rowerze-jaki-jest-jej-wplyw-na-ludzkosc\/#primaryimage"},"thumbnailUrl":"https:\/\/d2p6e6u75xmxt8.cloudfront.net\/5\/2020\/01\/Amsterdam-Cycling-CVR-profimedia-0098573422-1024x450.jpg","datePublished":"2020-01-13T09:45:46+00:00","author":{"@id":"https:\/\/www.welovecycling.com\/pl\/#\/schema\/person\/0dba2d39da943db9df3fd8f4687e7f23"},"breadcrumb":{"@id":"https:\/\/www.welovecycling.com\/pl\/2020\/01\/13\/socjologia-jazdy-na-rowerze-jaki-jest-jej-wplyw-na-ludzkosc\/#breadcrumb"},"inLanguage":"pl-PL","potentialAction":[{"@type":"ReadAction","target":["https:\/\/www.welovecycling.com\/pl\/2020\/01\/13\/socjologia-jazdy-na-rowerze-jaki-jest-jej-wplyw-na-ludzkosc\/"]}]},{"@type":"ImageObject","inLanguage":"pl-PL","@id":"https:\/\/www.welovecycling.com\/pl\/2020\/01\/13\/socjologia-jazdy-na-rowerze-jaki-jest-jej-wplyw-na-ludzkosc\/#primaryimage","url":"https:\/\/d2p6e6u75xmxt8.cloudfront.net\/5\/2020\/01\/Amsterdam-Cycling-CVR-profimedia-0098573422-1024x450.jpg","contentUrl":"https:\/\/d2p6e6u75xmxt8.cloudfront.net\/5\/2020\/01\/Amsterdam-Cycling-CVR-profimedia-0098573422-1024x450.jpg","width":1024,"height":450},{"@type":"BreadcrumbList","@id":"https:\/\/www.welovecycling.com\/pl\/2020\/01\/13\/socjologia-jazdy-na-rowerze-jaki-jest-jej-wplyw-na-ludzkosc\/#breadcrumb","itemListElement":[{"@type":"ListItem","position":1,"name":"Home","item":"https:\/\/www.welovecycling.com\/pl\/"},{"@type":"ListItem","position":2,"name":"Socjologia jazdy na rowerze: jaki jest jej wp\u0142yw na ludzko\u015b\u0107?"}]},{"@type":"WebSite","@id":"https:\/\/www.welovecycling.com\/pl\/#website","url":"https:\/\/www.welovecycling.com\/pl\/","name":"\u0160koda We Love Cycling - Poland","description":"","potentialAction":[{"@type":"SearchAction","target":{"@type":"EntryPoint","urlTemplate":"https:\/\/www.welovecycling.com\/pl\/?s={search_term_string}"},"query-input":{"@type":"PropertyValueSpecification","valueRequired":true,"valueName":"search_term_string"}}],"inLanguage":"pl-PL"},{"@type":"Person","@id":"https:\/\/www.welovecycling.com\/pl\/#\/schema\/person\/0dba2d39da943db9df3fd8f4687e7f23","name":"piotrboczkowski","image":{"@type":"ImageObject","inLanguage":"pl-PL","@id":"https:\/\/www.welovecycling.com\/pl\/#\/schema\/person\/image\/","url":"https:\/\/secure.gravatar.com\/avatar\/533caccae14752e03a2ce2d3fd62d1b98b93e1393c3195c27819e53344ca1ace?s=96&d=mm&r=g","contentUrl":"https:\/\/secure.gravatar.com\/avatar\/533caccae14752e03a2ce2d3fd62d1b98b93e1393c3195c27819e53344ca1ace?s=96&d=mm&r=g","caption":"piotrboczkowski"},"url":"https:\/\/www.welovecycling.com\/pl\/author\/piotrboczkowski\/"}]}},"_links":{"self":[{"href":"https:\/\/www.welovecycling.com\/pl\/wp-json\/wp\/v2\/posts\/10195","targetHints":{"allow":["GET"]}}],"collection":[{"href":"https:\/\/www.welovecycling.com\/pl\/wp-json\/wp\/v2\/posts"}],"about":[{"href":"https:\/\/www.welovecycling.com\/pl\/wp-json\/wp\/v2\/types\/post"}],"author":[{"embeddable":true,"href":"https:\/\/www.welovecycling.com\/pl\/wp-json\/wp\/v2\/users\/76"}],"replies":[{"embeddable":true,"href":"https:\/\/www.welovecycling.com\/pl\/wp-json\/wp\/v2\/comments?post=10195"}],"version-history":[{"count":1,"href":"https:\/\/www.welovecycling.com\/pl\/wp-json\/wp\/v2\/posts\/10195\/revisions"}],"predecessor-version":[{"id":10197,"href":"https:\/\/www.welovecycling.com\/pl\/wp-json\/wp\/v2\/posts\/10195\/revisions\/10197"}],"wp:featuredmedia":[{"embeddable":true,"href":"https:\/\/www.welovecycling.com\/pl\/wp-json\/wp\/v2\/media\/10196"}],"wp:attachment":[{"href":"https:\/\/www.welovecycling.com\/pl\/wp-json\/wp\/v2\/media?parent=10195"}],"wp:term":[{"taxonomy":"category","embeddable":true,"href":"https:\/\/www.welovecycling.com\/pl\/wp-json\/wp\/v2\/categories?post=10195"},{"taxonomy":"post_tag","embeddable":true,"href":"https:\/\/www.welovecycling.com\/pl\/wp-json\/wp\/v2\/tags?post=10195"},{"taxonomy":"global-categories","embeddable":true,"href":"https:\/\/www.welovecycling.com\/pl\/wp-json\/wp\/v2\/global-categories?post=10195"}],"curies":[{"name":"wp","href":"https:\/\/api.w.org\/{rel}","templated":true}]}}