{"id":10182,"date":"2020-01-08T14:50:19","date_gmt":"2020-01-08T14:50:19","guid":{"rendered":"https:\/\/www.welovecycling.com\/pl\/?p=10182"},"modified":"2020-01-08T14:50:19","modified_gmt":"2020-01-08T14:50:19","slug":"finlandia-daje-imigrantom-wolnosc-poprzez-jazde-na-rowerze-2","status":"publish","type":"post","link":"https:\/\/www.welovecycling.com\/pl\/2020\/01\/08\/finlandia-daje-imigrantom-wolnosc-poprzez-jazde-na-rowerze-2\/","title":{"rendered":"Finlandia daje imigrantom wolno\u015b\u0107 poprzez jazd\u0119 na rowerze"},"content":{"rendered":"<p><strong>Po\u0142owa mieszka\u0144c\u00f3w Helsinek, stolicy tego nordyckiego kraju, podr\u00f3\u017cuje rowerem co najmniej raz w tygodniu, a 10 procent je\u017adzi przez ca\u0142y rok. Jazda na dw\u00f3ch k\u00f3\u0142kach jest cz\u0119\u015bci\u0105 fi\u0144skiej kultury, a Fi\u0144ska Federacja Cyklist\u00f3w wie o tym lepiej ni\u017c ktokolwiek inny. W\u0142a\u015bnie dlatego organizacja ta rozpocz\u0119\u0142a seri\u0119 bezp\u0142atnych lekcji jazdy na rowerze, kt\u00f3re maj\u0105 pom\u00f3c przybyszom zintegrowa\u0107 si\u0119 z nowym otoczeniem.<\/strong><\/p>\n<p>\u201eWiele os\u00f3b przyje\u017cd\u017caj\u0105cych do Finlandii nie potrafi je\u017adzi\u0107 na rowerze (s\u0105 to g\u0142\u00f3wnie kobiety), a to umiej\u0119tno\u015b\u0107 istotna dla fi\u0144skiego spo\u0142ecze\u0144stwa\u201d \u2013 powiedzia\u0142 Federico Ferrara z Fi\u0144skiej Federacji Cyklist\u00f3w i doda\u0142: \u201eJest to r\u00f3wnie\u017c bardzo wa\u017cne dla samych imigrant\u00f3w, poniewa\u017c kiedy trafiaj\u0105 po raz pierwszy do Finlandii i przebywaj\u0105 w o\u015brodkach dla uchod\u017ac\u00f3w, kt\u00f3re niejednokrotnie znajduj\u0105 si\u0119 w szczerym polu, to rower mo\u017ce by\u0107 dla nich jedynym sposobem na przemieszczanie si\u0119\u201d.<\/p>\n<div class=\"embed-controller-wrapper\">\n<div class=\"embed-wrapper\"><iframe title=\"Bike riding courses offer Finland&#039;s immigrants new freedom | AFP\" width=\"500\" height=\"281\" data-src=\"https:\/\/www.youtube.com\/embed\/WaVPNBYh1yk?feature=oembed\" frameborder=\"0\" allow=\"accelerometer; autoplay; clipboard-write; encrypted-media; gyroscope; picture-in-picture; web-share\" referrerpolicy=\"strict-origin-when-cross-origin\" allowfullscreen><\/iframe><\/div>\n<\/div>\n<p>Podczas takiej typowej lekcji klienci spotykaj\u0105 si\u0119 w jakim\u015b spokojnym miejscu, aby nauczy\u0107 si\u0119 podstawowych umiej\u0119tno\u015bci. Po opanowaniu prostych manewr\u00f3w nauczyciele je\u017cd\u017c\u0105 z nimi po otwartych drogach. Po 3-godzinnej sesji 90 procent uczni\u00f3w jest w stanie bez problemu je\u017adzi\u0107 samodzielnie.<\/p>\n<p>&nbsp;<\/p>\n<p>\u201eWielu naszych klient\u00f3w jest uprzedzonych do rower\u00f3w. By\u0107 mo\u017ce mieli jaki\u015b wypadek, gdy byli dzie\u0107mi, i nosz\u0105 w g\u0142owie traum\u0119 od wielu lat, a mo\u017ce jazda na rowerze jest przez nich spo\u0142ecznie lub kulturowo trudna do zaakceptowania\u201d \u2013 m\u00f3wi Ferrara.<\/p>\n<p>&nbsp;<\/p>\n<p>To wszystko odesz\u0142o ju\u017c w niepami\u0119\u0107 i w ci\u0105gu ostatnich 18 miesi\u0119cy 320 pocz\u0105tkuj\u0105cych rowerzyst\u00f3w nauczy\u0142o si\u0119 je\u017adzi\u0107.<\/p>\n<style type=\"text\/css\"><!--td {border: 1px solid #ccc;}br {mso-data-placement:same-cell;}--><\/style>\n<p><span data-sheets-value=\"{&quot;1&quot;:2,&quot;2&quot;:&quot;Artyku\u0142 powsta\u0142 we wsp\u00f3\u0142pracy ze skoda-auto.pl&quot;}\" data-sheets-userformat=\"{&quot;2&quot;:1,&quot;3&quot;:{&quot;1&quot;:0}}\"><a class=\"in-cell-link\" href=\"http:\/\/www.skoda-auto.pl\/\" target=\"_blank\" rel=\"noopener\">Artyku\u0142 powsta\u0142 we wsp\u00f3\u0142pracy ze skoda-auto.pl<\/a><\/span><\/p>\n<p><img loading=\"lazy\" decoding=\"async\" class=\"aligncenter size-full wp-image-9608\" src=\"https:\/\/d2p6e6u75xmxt8.cloudfront.net\/5\/2019\/08\/baner_WLC_640x350_3.png\" alt=\"\" width=\"640\" height=\"350\" srcset=\"https:\/\/d2p6e6u75xmxt8.cloudfront.net\/5\/2019\/08\/baner_WLC_640x350_3.png 640w, https:\/\/d2p6e6u75xmxt8.cloudfront.net\/5\/2019\/08\/baner_WLC_640x350_3-300x164.png 300w\" sizes=\"auto, (max-width: 640px) 100vw, 640px\" \/><\/p>\n","protected":false},"excerpt":{"rendered":"<p>Po\u0142owa mieszka\u0144c\u00f3w Helsinek, stolicy tego nordyckiego kraju, podr\u00f3\u017cuje rowerem co najmniej raz w tygodniu, a 10 procent je\u017adzi przez ca\u0142y [&hellip;]<\/p>\n","protected":false},"author":76,"featured_media":10069,"comment_status":"open","ping_status":"open","sticky":false,"template":"","format":"standard","meta":{"footnotes":""},"categories":[226],"tags":[],"global-categories":[303],"class_list":["post-10182","post","type-post","status-publish","format-standard","has-post-thumbnail","hentry","category-ciekawostki","global-categories-cycling"],"yoast_head":"<!-- This site is optimized with the Yoast SEO Premium plugin v25.3 (Yoast SEO v25.9) - https:\/\/yoast.com\/wordpress\/plugins\/seo\/ -->\n<title>Finlandia daje imigrantom wolno\u015b\u0107 poprzez jazd\u0119 na rowerze - \u0160koda We Love Cycling - Poland<\/title>\n<meta name=\"robots\" content=\"index, follow, max-snippet:-1, max-image-preview:large, max-video-preview:-1\" \/>\n<link rel=\"canonical\" href=\"https:\/\/www.welovecycling.com\/pl\/2020\/01\/08\/finlandia-daje-imigrantom-wolnosc-poprzez-jazde-na-rowerze-2\/\" \/>\n<meta property=\"og:locale\" content=\"pl_PL\" \/>\n<meta property=\"og:type\" content=\"article\" \/>\n<meta property=\"og:title\" content=\"Finlandia daje imigrantom wolno\u015b\u0107 poprzez jazd\u0119 na rowerze\" \/>\n<meta property=\"og:description\" content=\"Po\u0142owa mieszka\u0144c\u00f3w Helsinek, stolicy tego nordyckiego kraju, podr\u00f3\u017cuje rowerem co najmniej raz w tygodniu, a 10 procent je\u017adzi przez ca\u0142y [&hellip;]\" \/>\n<meta property=\"og:url\" content=\"https:\/\/www.welovecycling.com\/pl\/2020\/01\/08\/finlandia-daje-imigrantom-wolnosc-poprzez-jazde-na-rowerze-2\/\" \/>\n<meta property=\"og:site_name\" content=\"\u0160koda We Love Cycling - Poland\" \/>\n<meta property=\"article:published_time\" content=\"2020-01-08T14:50:19+00:00\" \/>\n<meta property=\"og:image\" content=\"https:\/\/d2p6e6u75xmxt8.cloudfront.net\/5\/2019\/12\/Finland-Cycling-CVR-profimedia-0474296192-1024x450.jpg\" \/>\n\t<meta property=\"og:image:width\" content=\"1024\" \/>\n\t<meta property=\"og:image:height\" content=\"450\" \/>\n\t<meta property=\"og:image:type\" content=\"image\/jpeg\" \/>\n<meta name=\"author\" content=\"piotrboczkowski\" \/>\n<meta name=\"twitter:card\" content=\"summary_large_image\" \/>\n<meta name=\"twitter:label1\" content=\"Written by\" \/>\n\t<meta name=\"twitter:data1\" content=\"Monica Buck\" \/>\n\t<meta name=\"twitter:label2\" content=\"Est. reading time\" \/>\n\t<meta name=\"twitter:data2\" content=\"3\" \/>\n<script type=\"application\/ld+json\" class=\"yoast-schema-graph\">{\"@context\":\"https:\/\/schema.org\",\"@graph\":[{\"@type\":\"WebPage\",\"@id\":\"https:\/\/www.welovecycling.com\/pl\/2020\/01\/08\/finlandia-daje-imigrantom-wolnosc-poprzez-jazde-na-rowerze-2\/\",\"url\":\"https:\/\/www.welovecycling.com\/pl\/2020\/01\/08\/finlandia-daje-imigrantom-wolnosc-poprzez-jazde-na-rowerze-2\/\",\"name\":\"Finlandia daje imigrantom wolno\u015b\u0107 poprzez jazd\u0119 na rowerze - \u0160koda We Love Cycling - Poland\",\"isPartOf\":{\"@id\":\"https:\/\/www.welovecycling.com\/pl\/#website\"},\"primaryImageOfPage\":{\"@id\":\"https:\/\/www.welovecycling.com\/pl\/2020\/01\/08\/finlandia-daje-imigrantom-wolnosc-poprzez-jazde-na-rowerze-2\/#primaryimage\"},\"image\":{\"@id\":\"https:\/\/www.welovecycling.com\/pl\/2020\/01\/08\/finlandia-daje-imigrantom-wolnosc-poprzez-jazde-na-rowerze-2\/#primaryimage\"},\"thumbnailUrl\":\"https:\/\/d2p6e6u75xmxt8.cloudfront.net\/5\/2019\/12\/Finland-Cycling-CVR-profimedia-0474296192-1024x450.jpg\",\"datePublished\":\"2020-01-08T14:50:19+00:00\",\"author\":{\"@id\":\"https:\/\/www.welovecycling.com\/pl\/#\/schema\/person\/0dba2d39da943db9df3fd8f4687e7f23\"},\"breadcrumb\":{\"@id\":\"https:\/\/www.welovecycling.com\/pl\/2020\/01\/08\/finlandia-daje-imigrantom-wolnosc-poprzez-jazde-na-rowerze-2\/#breadcrumb\"},\"inLanguage\":\"pl-PL\",\"potentialAction\":[{\"@type\":\"ReadAction\",\"target\":[\"https:\/\/www.welovecycling.com\/pl\/2020\/01\/08\/finlandia-daje-imigrantom-wolnosc-poprzez-jazde-na-rowerze-2\/\"]}]},{\"@type\":\"ImageObject\",\"inLanguage\":\"pl-PL\",\"@id\":\"https:\/\/www.welovecycling.com\/pl\/2020\/01\/08\/finlandia-daje-imigrantom-wolnosc-poprzez-jazde-na-rowerze-2\/#primaryimage\",\"url\":\"https:\/\/d2p6e6u75xmxt8.cloudfront.net\/5\/2019\/12\/Finland-Cycling-CVR-profimedia-0474296192-1024x450.jpg\",\"contentUrl\":\"https:\/\/d2p6e6u75xmxt8.cloudfront.net\/5\/2019\/12\/Finland-Cycling-CVR-profimedia-0474296192-1024x450.jpg\",\"width\":1024,\"height\":450},{\"@type\":\"BreadcrumbList\",\"@id\":\"https:\/\/www.welovecycling.com\/pl\/2020\/01\/08\/finlandia-daje-imigrantom-wolnosc-poprzez-jazde-na-rowerze-2\/#breadcrumb\",\"itemListElement\":[{\"@type\":\"ListItem\",\"position\":1,\"name\":\"Home\",\"item\":\"https:\/\/www.welovecycling.com\/pl\/\"},{\"@type\":\"ListItem\",\"position\":2,\"name\":\"Finlandia daje imigrantom wolno\u015b\u0107 poprzez jazd\u0119 na rowerze\"}]},{\"@type\":\"WebSite\",\"@id\":\"https:\/\/www.welovecycling.com\/pl\/#website\",\"url\":\"https:\/\/www.welovecycling.com\/pl\/\",\"name\":\"\u0160koda We Love Cycling - Poland\",\"description\":\"\",\"potentialAction\":[{\"@type\":\"SearchAction\",\"target\":{\"@type\":\"EntryPoint\",\"urlTemplate\":\"https:\/\/www.welovecycling.com\/pl\/?s={search_term_string}\"},\"query-input\":{\"@type\":\"PropertyValueSpecification\",\"valueRequired\":true,\"valueName\":\"search_term_string\"}}],\"inLanguage\":\"pl-PL\"},{\"@type\":\"Person\",\"@id\":\"https:\/\/www.welovecycling.com\/pl\/#\/schema\/person\/0dba2d39da943db9df3fd8f4687e7f23\",\"name\":\"piotrboczkowski\",\"image\":{\"@type\":\"ImageObject\",\"inLanguage\":\"pl-PL\",\"@id\":\"https:\/\/www.welovecycling.com\/pl\/#\/schema\/person\/image\/\",\"url\":\"https:\/\/secure.gravatar.com\/avatar\/533caccae14752e03a2ce2d3fd62d1b98b93e1393c3195c27819e53344ca1ace?s=96&d=mm&r=g\",\"contentUrl\":\"https:\/\/secure.gravatar.com\/avatar\/533caccae14752e03a2ce2d3fd62d1b98b93e1393c3195c27819e53344ca1ace?s=96&d=mm&r=g\",\"caption\":\"piotrboczkowski\"},\"url\":\"https:\/\/www.welovecycling.com\/pl\/author\/piotrboczkowski\/\"}]}<\/script>\n<!-- \/ Yoast SEO Premium plugin. -->","yoast_head_json":{"title":"Finlandia daje imigrantom wolno\u015b\u0107 poprzez jazd\u0119 na rowerze - \u0160koda We Love Cycling - Poland","robots":{"index":"index","follow":"follow","max-snippet":"max-snippet:-1","max-image-preview":"max-image-preview:large","max-video-preview":"max-video-preview:-1"},"canonical":"https:\/\/www.welovecycling.com\/pl\/2020\/01\/08\/finlandia-daje-imigrantom-wolnosc-poprzez-jazde-na-rowerze-2\/","og_locale":"pl_PL","og_type":"article","og_title":"Finlandia daje imigrantom wolno\u015b\u0107 poprzez jazd\u0119 na rowerze","og_description":"Po\u0142owa mieszka\u0144c\u00f3w Helsinek, stolicy tego nordyckiego kraju, podr\u00f3\u017cuje rowerem co najmniej raz w tygodniu, a 10 procent je\u017adzi przez ca\u0142y [&hellip;]","og_url":"https:\/\/www.welovecycling.com\/pl\/2020\/01\/08\/finlandia-daje-imigrantom-wolnosc-poprzez-jazde-na-rowerze-2\/","og_site_name":"\u0160koda We Love Cycling - Poland","article_published_time":"2020-01-08T14:50:19+00:00","og_image":[{"width":1024,"height":450,"url":"https:\/\/d2p6e6u75xmxt8.cloudfront.net\/5\/2019\/12\/Finland-Cycling-CVR-profimedia-0474296192-1024x450.jpg","type":"image\/jpeg"}],"author":"piotrboczkowski","twitter_card":"summary_large_image","twitter_misc":{"Written by":"Monica Buck","Est. reading time":"3"},"schema":{"@context":"https:\/\/schema.org","@graph":[{"@type":"WebPage","@id":"https:\/\/www.welovecycling.com\/pl\/2020\/01\/08\/finlandia-daje-imigrantom-wolnosc-poprzez-jazde-na-rowerze-2\/","url":"https:\/\/www.welovecycling.com\/pl\/2020\/01\/08\/finlandia-daje-imigrantom-wolnosc-poprzez-jazde-na-rowerze-2\/","name":"Finlandia daje imigrantom wolno\u015b\u0107 poprzez jazd\u0119 na rowerze - \u0160koda We Love Cycling - Poland","isPartOf":{"@id":"https:\/\/www.welovecycling.com\/pl\/#website"},"primaryImageOfPage":{"@id":"https:\/\/www.welovecycling.com\/pl\/2020\/01\/08\/finlandia-daje-imigrantom-wolnosc-poprzez-jazde-na-rowerze-2\/#primaryimage"},"image":{"@id":"https:\/\/www.welovecycling.com\/pl\/2020\/01\/08\/finlandia-daje-imigrantom-wolnosc-poprzez-jazde-na-rowerze-2\/#primaryimage"},"thumbnailUrl":"https:\/\/d2p6e6u75xmxt8.cloudfront.net\/5\/2019\/12\/Finland-Cycling-CVR-profimedia-0474296192-1024x450.jpg","datePublished":"2020-01-08T14:50:19+00:00","author":{"@id":"https:\/\/www.welovecycling.com\/pl\/#\/schema\/person\/0dba2d39da943db9df3fd8f4687e7f23"},"breadcrumb":{"@id":"https:\/\/www.welovecycling.com\/pl\/2020\/01\/08\/finlandia-daje-imigrantom-wolnosc-poprzez-jazde-na-rowerze-2\/#breadcrumb"},"inLanguage":"pl-PL","potentialAction":[{"@type":"ReadAction","target":["https:\/\/www.welovecycling.com\/pl\/2020\/01\/08\/finlandia-daje-imigrantom-wolnosc-poprzez-jazde-na-rowerze-2\/"]}]},{"@type":"ImageObject","inLanguage":"pl-PL","@id":"https:\/\/www.welovecycling.com\/pl\/2020\/01\/08\/finlandia-daje-imigrantom-wolnosc-poprzez-jazde-na-rowerze-2\/#primaryimage","url":"https:\/\/d2p6e6u75xmxt8.cloudfront.net\/5\/2019\/12\/Finland-Cycling-CVR-profimedia-0474296192-1024x450.jpg","contentUrl":"https:\/\/d2p6e6u75xmxt8.cloudfront.net\/5\/2019\/12\/Finland-Cycling-CVR-profimedia-0474296192-1024x450.jpg","width":1024,"height":450},{"@type":"BreadcrumbList","@id":"https:\/\/www.welovecycling.com\/pl\/2020\/01\/08\/finlandia-daje-imigrantom-wolnosc-poprzez-jazde-na-rowerze-2\/#breadcrumb","itemListElement":[{"@type":"ListItem","position":1,"name":"Home","item":"https:\/\/www.welovecycling.com\/pl\/"},{"@type":"ListItem","position":2,"name":"Finlandia daje imigrantom wolno\u015b\u0107 poprzez jazd\u0119 na rowerze"}]},{"@type":"WebSite","@id":"https:\/\/www.welovecycling.com\/pl\/#website","url":"https:\/\/www.welovecycling.com\/pl\/","name":"\u0160koda We Love Cycling - Poland","description":"","potentialAction":[{"@type":"SearchAction","target":{"@type":"EntryPoint","urlTemplate":"https:\/\/www.welovecycling.com\/pl\/?s={search_term_string}"},"query-input":{"@type":"PropertyValueSpecification","valueRequired":true,"valueName":"search_term_string"}}],"inLanguage":"pl-PL"},{"@type":"Person","@id":"https:\/\/www.welovecycling.com\/pl\/#\/schema\/person\/0dba2d39da943db9df3fd8f4687e7f23","name":"piotrboczkowski","image":{"@type":"ImageObject","inLanguage":"pl-PL","@id":"https:\/\/www.welovecycling.com\/pl\/#\/schema\/person\/image\/","url":"https:\/\/secure.gravatar.com\/avatar\/533caccae14752e03a2ce2d3fd62d1b98b93e1393c3195c27819e53344ca1ace?s=96&d=mm&r=g","contentUrl":"https:\/\/secure.gravatar.com\/avatar\/533caccae14752e03a2ce2d3fd62d1b98b93e1393c3195c27819e53344ca1ace?s=96&d=mm&r=g","caption":"piotrboczkowski"},"url":"https:\/\/www.welovecycling.com\/pl\/author\/piotrboczkowski\/"}]}},"_links":{"self":[{"href":"https:\/\/www.welovecycling.com\/pl\/wp-json\/wp\/v2\/posts\/10182","targetHints":{"allow":["GET"]}}],"collection":[{"href":"https:\/\/www.welovecycling.com\/pl\/wp-json\/wp\/v2\/posts"}],"about":[{"href":"https:\/\/www.welovecycling.com\/pl\/wp-json\/wp\/v2\/types\/post"}],"author":[{"embeddable":true,"href":"https:\/\/www.welovecycling.com\/pl\/wp-json\/wp\/v2\/users\/76"}],"replies":[{"embeddable":true,"href":"https:\/\/www.welovecycling.com\/pl\/wp-json\/wp\/v2\/comments?post=10182"}],"version-history":[{"count":1,"href":"https:\/\/www.welovecycling.com\/pl\/wp-json\/wp\/v2\/posts\/10182\/revisions"}],"predecessor-version":[{"id":10183,"href":"https:\/\/www.welovecycling.com\/pl\/wp-json\/wp\/v2\/posts\/10182\/revisions\/10183"}],"wp:featuredmedia":[{"embeddable":true,"href":"https:\/\/www.welovecycling.com\/pl\/wp-json\/wp\/v2\/media\/10069"}],"wp:attachment":[{"href":"https:\/\/www.welovecycling.com\/pl\/wp-json\/wp\/v2\/media?parent=10182"}],"wp:term":[{"taxonomy":"category","embeddable":true,"href":"https:\/\/www.welovecycling.com\/pl\/wp-json\/wp\/v2\/categories?post=10182"},{"taxonomy":"post_tag","embeddable":true,"href":"https:\/\/www.welovecycling.com\/pl\/wp-json\/wp\/v2\/tags?post=10182"},{"taxonomy":"global-categories","embeddable":true,"href":"https:\/\/www.welovecycling.com\/pl\/wp-json\/wp\/v2\/global-categories?post=10182"}],"curies":[{"name":"wp","href":"https:\/\/api.w.org\/{rel}","templated":true}]}}