{"id":10178,"date":"2020-01-07T13:50:06","date_gmt":"2020-01-07T13:50:06","guid":{"rendered":"https:\/\/www.welovecycling.com\/pl\/?p=10178"},"modified":"2020-01-07T13:50:43","modified_gmt":"2020-01-07T13:50:43","slug":"wielka-debata-na-temat-damskich-rowerow-rozstrzygnieta","status":"publish","type":"post","link":"https:\/\/www.welovecycling.com\/pl\/2020\/01\/07\/wielka-debata-na-temat-damskich-rowerow-rozstrzygnieta\/","title":{"rendered":"Wielka debata na temat damskich rower\u00f3w rozstrzygni\u0119ta?"},"content":{"rendered":"<p><strong>Rower damski pojawi\u0142 si\u0119 na pocz\u0105tku XXI wieku. To rower z kr\u00f3tsz\u0105 g\u00f3rn\u0105 ram\u0105 i wy\u017csz\u0105 przedni\u0105, kt\u00f3ry pocz\u0105tkowo wydawa\u0142 si\u0119 krokiem we w\u0142a\u015bciwym kierunku. Zosta\u0142 zaprojektowany tak, aby uwzgl\u0119dni\u0107 dostrzegaln\u0105 r\u00f3\u017cnic\u0119 w \u015brednich pomiarach anatomicznych.<\/strong><\/p>\n<p>Min\u0119\u0142o kilka lat i kiedy przeprowadzono wi\u0119cej bada\u0144 nad faktycznymi r\u00f3\u017cnicami (je\u015bli w og\u00f3le takie istniej\u0105) pomi\u0119dzy damskimi i m\u0119skimi wariantami maszynek do golenia, multiwitamin, okular\u00f3w p\u0142ywackich i tym podobnych, rowery r\u00f3wnie\u017c znalaz\u0142y si\u0119 pod lup\u0105. Chocia\u017c niekt\u00f3re dane sugeruj\u0105, \u017ce kobiety maj\u0105 proporcjonalnie d\u0142u\u017csze nogi i kr\u00f3tszy tu\u0142\u00f3w w por\u00f3wnaniu z m\u0119\u017cczyznami, czy to oznacza, \u017ce \u200b\u200browery sprzedawane jako damskie s\u0105 dla nich naprawd\u0119 lepsze?<\/p>\n<p><img loading=\"lazy\" decoding=\"async\" class=\"size-full wp-image-171965 initial loaded\" src=\"https:\/\/d2p6e6u75xmxt8.cloudfront.net\/2\/2019\/01\/17159331_10154522442590914_5498289843460889827_o.jpg\" sizes=\"auto, (max-width: 2048px) 100vw, 2048px\" srcset=\"https:\/\/d2p6e6u75xmxt8.cloudfront.net\/2\/2019\/01\/17159331_10154522442590914_5498289843460889827_o.jpg 2048w, https:\/\/d2p6e6u75xmxt8.cloudfront.net\/2\/2019\/01\/17159331_10154522442590914_5498289843460889827_o-300x183.jpg 300w, https:\/\/d2p6e6u75xmxt8.cloudfront.net\/2\/2019\/01\/17159331_10154522442590914_5498289843460889827_o-768x470.jpg 768w, https:\/\/d2p6e6u75xmxt8.cloudfront.net\/2\/2019\/01\/17159331_10154522442590914_5498289843460889827_o-1024x626.jpg 1024w, https:\/\/d2p6e6u75xmxt8.cloudfront.net\/2\/2019\/01\/17159331_10154522442590914_5498289843460889827_o-1920x1174.jpg 1920w\" alt=\"\" width=\"2048\" height=\"1252\" data-was-processed=\"true\" \/><\/p>\n<p>Niekt\u00f3re kobiety kln\u0105 si\u0119 na sw\u00f3j damski rower, \u017ce tak w\u0142a\u015bnie jest, podczas gdy inne odrzucaj\u0105 to jako nonsens. Nie jeste\u015bmy tutaj po to, aby rozstrzygn\u0105\u0107 ten sp\u00f3r, ale by przedstawi\u0107 g\u0142\u00f3wne za\u0142o\u017cenia, kt\u00f3re stanowi\u0105 podstaw\u0119 do dyskusji \u2013 w nadziei, \u017ce kobiety poczuj\u0105 si\u0119 pewniej podczas podejmowania decyzji, czy rower damski jest dla nich odpowiedni. Poni\u017cej analizujemy kluczowe problemy.<\/p>\n<p><strong><span style=\"font-size: 14pt;\">Czy kobiety maj\u0105 kr\u00f3tsze g\u00f3rne cz\u0119\u015bci cia\u0142a?<\/span><\/strong><\/p>\n<p>Najbardziej znacz\u0105cym argumentem na rzecz projektowania damskich rower\u00f3w jest ten, \u017ce kobiety maj\u0105 przeci\u0119tnie kr\u00f3tsze ramiona w por\u00f3wnaniu z m\u0119\u017cczyznami. To przek\u0142ada si\u0119 na to, \u017ce maj\u0105 mniej si\u0142y w r\u0119kach i nogach, a zatem potrzebuj\u0105 wi\u0119cej mocy wychodz\u0105cej z dolnych cz\u0119\u015bci cia\u0142a. Czasami \u015brodek ci\u0119\u017cko\u015bci jest r\u00f3wnie\u017c podniesiony ze wzgl\u0119du na fakt, \u017ce kobiety nie mog\u0105 obraca\u0107 si\u0119 do przodu w ten sam spos\u00f3b jak m\u0119\u017cczy\u017ani ze wzgl\u0119du na wra\u017cliwo\u015b\u0107 obszaru miednicy.<\/p>\n<p>Niezale\u017cnie od wszystkiego, marki wspieraj\u0105ce rowery damskie twierdz\u0105, \u017ce statystycznie przeci\u0119tna kobieta potrzebuje kr\u00f3tszego zasi\u0119gu na swoim rowerze w por\u00f3wnaniu ze statystycznym przeci\u0119tnym m\u0119\u017cczyzn\u0105. W praktyce oznacza to, \u017ce rowery damskie maj\u0105 zwykle kr\u00f3tsz\u0105 g\u00f3rn\u0105 ram\u0119 i wy\u017csz\u0105 przedni\u0105.<\/p>\n<p>Krytyka odnosi si\u0119 do tego, \u017ce jakkolwiek niekt\u00f3re dane s\u0105 aktualne, to skr\u00f3cenie zasi\u0119gu i rebranding czego\u015b takiego jak rower damski, dotyczy tylko jednego z wielu komponent\u00f3w. Zaprojektowanie ca\u0142kowicie nowej ramy, kt\u00f3ra pozwoli\u0142aby kobiecie uzyska\u0107 zasi\u0119g \u201e\u015bredniej\u201d d\u0142ugo\u015bci wspornikiem kierownicy, mo\u017ce wymaga\u0107 wi\u0119cej inwestycji ni\u017c wiele marek jest w stanie poczyni\u0107. A co, gdyby odwr\u00f3ci\u0107 t\u0119 logik\u0119 i zapyta\u0107: czy je\u015bli 80% populacji rowerzyst\u00f3w stanowi\u0142yby kobiety, a m\u0119\u017cczy\u017ani tylko 20%, to ta wi\u0119kszo\u015b\u0107 chcia\u0142aby us\u0142ysze\u0107, \u017ce najwygodniej jest na rowerze z d\u0142u\u017csz\u0105 g\u00f3rn\u0105 ram\u0105, ale \u201ew porz\u0105dku, mo\u017cesz mie\u0107 tylko 150-milimetrowy wspornik kierownicy?\u201d. Przy takim postawieniu sprawy problem staje si\u0119 wyra\u017aniejszy.<\/p>\n<p><img loading=\"lazy\" decoding=\"async\" class=\"alignnone size-full wp-image-171028 loading\" src=\"https:\/\/d2p6e6u75xmxt8.cloudfront.net\/2\/2018\/10\/475745457457.jpg\" sizes=\"auto, (max-width: 1366px) 100vw, 1366px\" srcset=\"https:\/\/d2p6e6u75xmxt8.cloudfront.net\/2\/2018\/10\/475745457457.jpg 1366w, https:\/\/d2p6e6u75xmxt8.cloudfront.net\/2\/2018\/10\/475745457457-300x132.jpg 300w, https:\/\/d2p6e6u75xmxt8.cloudfront.net\/2\/2018\/10\/475745457457-768x337.jpg 768w, https:\/\/d2p6e6u75xmxt8.cloudfront.net\/2\/2018\/10\/475745457457-1024x450.jpg 1024w\" alt=\"\" width=\"1366\" height=\"600\" data-was-processed=\"true\" \/><\/p>\n<p><strong><span style=\"font-size: 18pt;\">Czy kobiety oczekuj\u0105 innych wra\u017ce\u0144 podczas jazdy?<\/span><\/strong><\/p>\n<p>Kolejny argument jest taki, \u017ce kobiety nie potrzebuj\u0105 kr\u00f3tszego zasi\u0119gu z powodu kr\u00f3tszych g\u00f3rnych partii cia\u0142a, ale dlatego \u017ce og\u00f3lnie szukaj\u0105 odmiennych wra\u017ce\u0144 z jazdy. Niekt\u00f3re marki tworz\u0105ce damskie rowery o kr\u00f3tszej warto\u015bci \u201ereach\u201d i wi\u0119kszej \u201estack\u201d odpowiadaj\u0105, \u017ce rzeczywi\u015bcie tak jest, poniewa\u017c wielu ich klientkom zale\u017cy bardziej na relaksie i wytrzyma\u0142o\u015bci, a w mniejszym stopniu stawiaj\u0105 na aerodynamik\u0119 czy szybk\u0105 jazd\u0119.<\/p>\n<p>Fakty s\u0105 takie, \u017ce na rynku dost\u0119pnych jest wiele r\u00f3\u017cnych rodzaj\u00f3w rower\u00f3w i niezale\u017cnie od p\u0142ci mo\u017cna sprecyzowa\u0107, czy poszukuje si\u0119 roweru wytrzyma\u0142o\u015bciowego, prze\u0142ajowego, \u017cwirowego, a mo\u017ce rekreacyjnego.<\/p>\n<p>Gdyby istnia\u0142y badania sugeruj\u0105ce, \u017ce ze wzgl\u0119du na anatomi\u0119 kobiety potrzebuj\u0105 okre\u015blonych damskich rower\u00f3w wy\u015bcigowych lub wytrzyma\u0142o\u015bciowych, powy\u017cszy argument by\u0142by bardziej przekonuj\u0105cy. Stan faktyczny pozostawia wiele miejsca na sceptycyzm w tym temacie.<\/p>\n<p><strong><span style=\"font-size: 18pt;\">Czy kobiety nap\u0119dzaj\u0105 swoje rowery w inny spos\u00f3b?<\/span><\/strong><\/p>\n<p>Ka\u017cdy, kto po\u015bwi\u0119ci\u0142 sporo czasu na projektowanie roweru, z pewno\u015bci\u0105 potwierdzi, \u017ce zachowanie r\u00f3wnowagi pomi\u0119dzy wytrzyma\u0142o\u015bci\u0105 a lekko\u015bci\u0105 jest nie lada sztuk\u0105. Jednym z argument\u00f3w przemawiaj\u0105cych za rowerami damskimi jest to, \u017ce r\u00f3wnowaga ta jest cz\u0119sto dostosowywana do wymaga\u0144 m\u0119\u017cczyzn. Tymczasem przeci\u0119tna kobieta jest cz\u0119sto l\u017cejsza i zwykle wytwarza mniej energii, wi\u0119c potrzebuje czego\u015b innego.<\/p>\n<p><img loading=\"lazy\" decoding=\"async\" class=\"alignnone size-full wp-image-171441 loading\" src=\"https:\/\/d2p6e6u75xmxt8.cloudfront.net\/2\/2018\/11\/WhyWeRide.jpg\" sizes=\"auto, (max-width: 1377px) 100vw, 1377px\" srcset=\"https:\/\/d2p6e6u75xmxt8.cloudfront.net\/2\/2018\/11\/WhyWeRide.jpg 1377w, https:\/\/d2p6e6u75xmxt8.cloudfront.net\/2\/2018\/11\/WhyWeRide-300x200.jpg 300w, https:\/\/d2p6e6u75xmxt8.cloudfront.net\/2\/2018\/11\/WhyWeRide-768x512.jpg 768w, https:\/\/d2p6e6u75xmxt8.cloudfront.net\/2\/2018\/11\/WhyWeRide-1024x683.jpg 1024w, https:\/\/d2p6e6u75xmxt8.cloudfront.net\/2\/2018\/11\/WhyWeRide-272x182.jpg 272w\" alt=\"\" width=\"1377\" height=\"918\" data-was-processed=\"true\" \/><\/p>\n<p>W \u015bwiecie, gdzie istnia\u0142yby standardowe cia\u0142a, m\u00f3g\u0142by to by\u0107 argument do rozwa\u017cenia, ale w rzeczywisto\u015bci niewielu z nas czuje, \u017ce mamy idealnie przeci\u0119tne cia\u0142o. Jest sporo r\u00f3\u017cnych rower\u00f3w, niekt\u00f3re s\u0105 bardzo trwa\u0142e, inne bardziej komfortowe \u2013 i to niezale\u017cnie od tego, czy dany model zosta\u0142 zaprojektowany z my\u015bl\u0105 o kobietach, czy m\u0119\u017cczyznach.<\/p>\n<p><strong><span style=\"font-size: 18pt;\">Czy profesjonalistki je\u017cd\u017c\u0105 na rowerach damskich?<\/span><\/strong><\/p>\n<p>Ten temat nieuchronnie pojawia si\u0119 w pewnym momencie rozmowy. Praktycznie wszystkie zawodniczki je\u017cd\u017c\u0105 na rowerach unisex, wsp\u00f3\u0142pracuj\u0105 r\u00f3wnie\u017c z ca\u0142ym zespo\u0142em ekspert\u00f3w, aby ustali\u0107, kt\u00f3ry rower najlepiej pasuje do ich budowy cia\u0142a, si\u0142 i postawionych cel\u00f3w. Zdecydowanie jest jednak co\u015b k\u0142opotliwego w tym, \u017ce wci\u0105\u017c mo\u017cna spotka\u0107 kierownik\u00f3w zespo\u0142\u00f3w m\u00f3wi\u0105cych: \u201eNasze dziewczyny je\u017cd\u017c\u0105 na m\u0119skich modelach od sponsora, s\u0105 silnymi zawodniczkami!\u201d. Jednak wielu z nich przyznaje, \u017ce sporo spo\u015br\u00f3d szanuj\u0105cych si\u0119 \u201esilnych zawodniczek\u201d kocha sw\u00f3j damski rower i to, jaki rower wybior\u0105 profesjonalistki, powinno sprowadza\u0107 si\u0119 do ich indywidualnych preferencji.<\/p>\n<p><strong><span style=\"font-size: 18pt;\">Jak przemys\u0142 rowerowy mo\u017ce pom\u00f3c?<\/span><\/strong><\/p>\n<p>Niew\u0105tpliwie kobiety chc\u0105 pojazd\u00f3w zbudowanych na podstawie wiarygodnych danych. I chocia\u017c niekt\u00f3re kwestie s\u0105 stosunkowo bezsporne, na przyk\u0142ad fakt, \u017ce kierownica i siode\u0142ko s\u0105 obszarami, w kt\u00f3rych zdecydowana wi\u0119kszo\u015b\u0107 kobiet b\u0119dzie potrzebowa\u0107 innych rozwi\u0105za\u0144 ni\u017c m\u0119\u017cczy\u017ani, reszta temat\u00f3w pozostaje w du\u017cej mierze niejednoznaczna.<\/p>\n<p><img loading=\"lazy\" decoding=\"async\" class=\"alignnone size-full wp-image-166722 loading\" src=\"https:\/\/d2p6e6u75xmxt8.cloudfront.net\/2\/2018\/08\/Peachescvr-2.jpg\" sizes=\"auto, (max-width: 1377px) 100vw, 1377px\" srcset=\"https:\/\/d2p6e6u75xmxt8.cloudfront.net\/2\/2018\/08\/Peachescvr-2.jpg 1377w, https:\/\/d2p6e6u75xmxt8.cloudfront.net\/2\/2018\/08\/Peachescvr-2-300x200.jpg 300w, https:\/\/d2p6e6u75xmxt8.cloudfront.net\/2\/2018\/08\/Peachescvr-2-768x512.jpg 768w, https:\/\/d2p6e6u75xmxt8.cloudfront.net\/2\/2018\/08\/Peachescvr-2-1024x683.jpg 1024w, https:\/\/d2p6e6u75xmxt8.cloudfront.net\/2\/2018\/08\/Peachescvr-2-272x182.jpg 272w\" alt=\"\" width=\"1377\" height=\"918\" data-was-processed=\"true\" \/><\/p>\n<p>Id\u0105c o krok dalej, tym, o co mo\u017cemy apelowa\u0107 do bran\u017cy rowerowej, jest uczciwo\u015b\u0107 w podejmowaniu decyzji dotycz\u0105cych projektowanych przez nich rower\u00f3w i upublicznianie bada\u0144, kt\u00f3re zawieraj\u0105 rzetelne informacje. Je\u015bli dane, wyniki test\u00f3w, informacje zwrotne od rowerzystek itp. wskazuj\u0105 na potrzeb\u0119 wyprodukowania roweru damskiego, niech to robi\u0105, w innych przypadkach b\u0119dzie to wynika\u0142o raczej z ch\u0119ci zysku ni\u017c dbania o kobiety.<\/p>\n<p>Je\u015bli chodzi o praktyczne wskaz\u00f3wki dotycz\u0105ce zakupu roweru, warto pami\u0119ta\u0107, \u017ce marki tworz\u0105 rowery o parametrach dla \u201eprzeci\u0119tnych\u201d u\u017cytkownik\u00f3w, \u017ceby dotrze\u0107 do jak najwi\u0119kszej liczby potencjalnych klient\u00f3w. Warto wzi\u0105\u0107 pod uwag\u0119, \u017ce dobry sklep rowerowy zignoruje marketing i skoncentruje si\u0119 na rowerach, kt\u00f3re rzeczywi\u015bcie pasuj\u0105 do kobiecej anatomii. Jednak poniewa\u017c ka\u017cde cia\u0142o jest wyj\u0105tkowe, jedynym sposobem, aby dowiedzie\u0107 si\u0119, co najbardziej nam odpowiada, jest przetestowanie wielu rower\u00f3w przed zakupem.<\/p>\n<p><span data-sheets-value=\"{&quot;1&quot;:2,&quot;2&quot;:&quot;Artyku\u0142 powsta\u0142 we wsp\u00f3\u0142pracy ze skoda-auto.pl&quot;}\" data-sheets-userformat=\"{&quot;2&quot;:1,&quot;3&quot;:{&quot;1&quot;:0}}\" data-sheets-hyperlink=\"http:\/\/www.skoda-auto.pl\/\"><a class=\"in-cell-link\" href=\"http:\/\/www.skoda-auto.pl\/\" target=\"_blank\" rel=\"noopener\">Artyku\u0142 powsta\u0142 we wsp\u00f3\u0142pracy ze skoda-auto.pl<\/a><\/span><\/p>\n<p><a href=\"https:\/\/sklep.skoda.pl\/pl\/sklep\/b\/331\/rowery-i-akcesoria-rowery.html\"><img loading=\"lazy\" decoding=\"async\" class=\"aligncenter wp-image-9608 size-full loading\" src=\"https:\/\/d2p6e6u75xmxt8.cloudfront.net\/5\/2019\/08\/baner_WLC_640x350_3.png\" sizes=\"auto, (max-width: 640px) 100vw, 640px\" srcset=\"https:\/\/d2p6e6u75xmxt8.cloudfront.net\/5\/2019\/08\/baner_WLC_640x350_3.png 640w, https:\/\/d2p6e6u75xmxt8.cloudfront.net\/5\/2019\/08\/baner_WLC_640x350_3-300x164.png 300w\" alt=\"\" width=\"640\" height=\"350\" data-was-processed=\"true\" \/><\/a><\/p>\n<p>&nbsp;<\/p>\n<p>&nbsp;<\/p>\n<p>&nbsp;<\/p>\n<p>&nbsp;<\/p>\n<p>&nbsp;<\/p>\n<p>&nbsp;<\/p>\n<p>&nbsp;<\/p>\n<p>&nbsp;<\/p>\n<p>&nbsp;<\/p>\n<p>&nbsp;<\/p>\n","protected":false},"excerpt":{"rendered":"<p>Rower damski pojawi\u0142 si\u0119 na pocz\u0105tku XXI wieku. To rower z kr\u00f3tsz\u0105 g\u00f3rn\u0105 ram\u0105 i wy\u017csz\u0105 przedni\u0105, kt\u00f3ry pocz\u0105tkowo wydawa\u0142 [&hellip;]<\/p>\n","protected":false},"author":76,"featured_media":10179,"comment_status":"open","ping_status":"open","sticky":false,"template":"","format":"standard","meta":{"footnotes":""},"categories":[3,226],"tags":[],"global-categories":[303],"class_list":["post-10178","post","type-post","status-publish","format-standard","has-post-thumbnail","hentry","category-adrenalina","category-ciekawostki","global-categories-cycling"],"yoast_head":"<!-- This site is optimized with the Yoast SEO Premium plugin v25.3 (Yoast SEO v25.9) - https:\/\/yoast.com\/wordpress\/plugins\/seo\/ -->\n<title>Wielka debata na temat damskich rower\u00f3w rozstrzygni\u0119ta? - \u0160koda We Love Cycling - Poland<\/title>\n<meta name=\"robots\" content=\"index, follow, max-snippet:-1, max-image-preview:large, max-video-preview:-1\" \/>\n<link rel=\"canonical\" href=\"https:\/\/www.welovecycling.com\/pl\/2020\/01\/07\/wielka-debata-na-temat-damskich-rowerow-rozstrzygnieta\/\" \/>\n<meta property=\"og:locale\" content=\"pl_PL\" \/>\n<meta property=\"og:type\" content=\"article\" \/>\n<meta property=\"og:title\" content=\"Wielka debata na temat damskich rower\u00f3w rozstrzygni\u0119ta?\" \/>\n<meta property=\"og:description\" content=\"Rower damski pojawi\u0142 si\u0119 na pocz\u0105tku XXI wieku. To rower z kr\u00f3tsz\u0105 g\u00f3rn\u0105 ram\u0105 i wy\u017csz\u0105 przedni\u0105, kt\u00f3ry pocz\u0105tkowo wydawa\u0142 [&hellip;]\" \/>\n<meta property=\"og:url\" content=\"https:\/\/www.welovecycling.com\/pl\/2020\/01\/07\/wielka-debata-na-temat-damskich-rowerow-rozstrzygnieta\/\" \/>\n<meta property=\"og:site_name\" content=\"\u0160koda We Love Cycling - Poland\" \/>\n<meta property=\"article:published_time\" content=\"2020-01-07T13:50:06+00:00\" \/>\n<meta property=\"article:modified_time\" content=\"2020-01-07T13:50:43+00:00\" \/>\n<meta property=\"og:image\" content=\"https:\/\/d2p6e6u75xmxt8.cloudfront.net\/5\/2020\/01\/Women-Cycling-MTB-CVR-profimedia-0416480064-1024x450.jpg\" \/>\n\t<meta property=\"og:image:width\" content=\"1024\" \/>\n\t<meta property=\"og:image:height\" content=\"450\" \/>\n\t<meta property=\"og:image:type\" content=\"image\/jpeg\" \/>\n<meta name=\"author\" content=\"piotrboczkowski\" \/>\n<meta name=\"twitter:card\" content=\"summary_large_image\" \/>\n<meta name=\"twitter:label1\" content=\"Written by\" \/>\n\t<meta name=\"twitter:data1\" content=\"Megan Flottorp\" \/>\n\t<meta name=\"twitter:label2\" content=\"Est. reading time\" \/>\n\t<meta name=\"twitter:data2\" content=\"6 minutes\" \/>\n<script type=\"application\/ld+json\" class=\"yoast-schema-graph\">{\"@context\":\"https:\/\/schema.org\",\"@graph\":[{\"@type\":\"WebPage\",\"@id\":\"https:\/\/www.welovecycling.com\/pl\/2020\/01\/07\/wielka-debata-na-temat-damskich-rowerow-rozstrzygnieta\/\",\"url\":\"https:\/\/www.welovecycling.com\/pl\/2020\/01\/07\/wielka-debata-na-temat-damskich-rowerow-rozstrzygnieta\/\",\"name\":\"Wielka debata na temat damskich rower\u00f3w rozstrzygni\u0119ta? - \u0160koda We Love Cycling - Poland\",\"isPartOf\":{\"@id\":\"https:\/\/www.welovecycling.com\/pl\/#website\"},\"primaryImageOfPage\":{\"@id\":\"https:\/\/www.welovecycling.com\/pl\/2020\/01\/07\/wielka-debata-na-temat-damskich-rowerow-rozstrzygnieta\/#primaryimage\"},\"image\":{\"@id\":\"https:\/\/www.welovecycling.com\/pl\/2020\/01\/07\/wielka-debata-na-temat-damskich-rowerow-rozstrzygnieta\/#primaryimage\"},\"thumbnailUrl\":\"https:\/\/d2p6e6u75xmxt8.cloudfront.net\/5\/2020\/01\/Women-Cycling-MTB-CVR-profimedia-0416480064-1024x450.jpg\",\"datePublished\":\"2020-01-07T13:50:06+00:00\",\"dateModified\":\"2020-01-07T13:50:43+00:00\",\"author\":{\"@id\":\"https:\/\/www.welovecycling.com\/pl\/#\/schema\/person\/0dba2d39da943db9df3fd8f4687e7f23\"},\"breadcrumb\":{\"@id\":\"https:\/\/www.welovecycling.com\/pl\/2020\/01\/07\/wielka-debata-na-temat-damskich-rowerow-rozstrzygnieta\/#breadcrumb\"},\"inLanguage\":\"pl-PL\",\"potentialAction\":[{\"@type\":\"ReadAction\",\"target\":[\"https:\/\/www.welovecycling.com\/pl\/2020\/01\/07\/wielka-debata-na-temat-damskich-rowerow-rozstrzygnieta\/\"]}]},{\"@type\":\"ImageObject\",\"inLanguage\":\"pl-PL\",\"@id\":\"https:\/\/www.welovecycling.com\/pl\/2020\/01\/07\/wielka-debata-na-temat-damskich-rowerow-rozstrzygnieta\/#primaryimage\",\"url\":\"https:\/\/d2p6e6u75xmxt8.cloudfront.net\/5\/2020\/01\/Women-Cycling-MTB-CVR-profimedia-0416480064-1024x450.jpg\",\"contentUrl\":\"https:\/\/d2p6e6u75xmxt8.cloudfront.net\/5\/2020\/01\/Women-Cycling-MTB-CVR-profimedia-0416480064-1024x450.jpg\",\"width\":1024,\"height\":450},{\"@type\":\"BreadcrumbList\",\"@id\":\"https:\/\/www.welovecycling.com\/pl\/2020\/01\/07\/wielka-debata-na-temat-damskich-rowerow-rozstrzygnieta\/#breadcrumb\",\"itemListElement\":[{\"@type\":\"ListItem\",\"position\":1,\"name\":\"Home\",\"item\":\"https:\/\/www.welovecycling.com\/pl\/\"},{\"@type\":\"ListItem\",\"position\":2,\"name\":\"Wielka debata na temat damskich rower\u00f3w rozstrzygni\u0119ta?\"}]},{\"@type\":\"WebSite\",\"@id\":\"https:\/\/www.welovecycling.com\/pl\/#website\",\"url\":\"https:\/\/www.welovecycling.com\/pl\/\",\"name\":\"\u0160koda We Love Cycling - Poland\",\"description\":\"\",\"potentialAction\":[{\"@type\":\"SearchAction\",\"target\":{\"@type\":\"EntryPoint\",\"urlTemplate\":\"https:\/\/www.welovecycling.com\/pl\/?s={search_term_string}\"},\"query-input\":{\"@type\":\"PropertyValueSpecification\",\"valueRequired\":true,\"valueName\":\"search_term_string\"}}],\"inLanguage\":\"pl-PL\"},{\"@type\":\"Person\",\"@id\":\"https:\/\/www.welovecycling.com\/pl\/#\/schema\/person\/0dba2d39da943db9df3fd8f4687e7f23\",\"name\":\"piotrboczkowski\",\"image\":{\"@type\":\"ImageObject\",\"inLanguage\":\"pl-PL\",\"@id\":\"https:\/\/www.welovecycling.com\/pl\/#\/schema\/person\/image\/\",\"url\":\"https:\/\/secure.gravatar.com\/avatar\/533caccae14752e03a2ce2d3fd62d1b98b93e1393c3195c27819e53344ca1ace?s=96&d=mm&r=g\",\"contentUrl\":\"https:\/\/secure.gravatar.com\/avatar\/533caccae14752e03a2ce2d3fd62d1b98b93e1393c3195c27819e53344ca1ace?s=96&d=mm&r=g\",\"caption\":\"piotrboczkowski\"},\"url\":\"https:\/\/www.welovecycling.com\/pl\/author\/piotrboczkowski\/\"}]}<\/script>\n<!-- \/ Yoast SEO Premium plugin. -->","yoast_head_json":{"title":"Wielka debata na temat damskich rower\u00f3w rozstrzygni\u0119ta? - \u0160koda We Love Cycling - Poland","robots":{"index":"index","follow":"follow","max-snippet":"max-snippet:-1","max-image-preview":"max-image-preview:large","max-video-preview":"max-video-preview:-1"},"canonical":"https:\/\/www.welovecycling.com\/pl\/2020\/01\/07\/wielka-debata-na-temat-damskich-rowerow-rozstrzygnieta\/","og_locale":"pl_PL","og_type":"article","og_title":"Wielka debata na temat damskich rower\u00f3w rozstrzygni\u0119ta?","og_description":"Rower damski pojawi\u0142 si\u0119 na pocz\u0105tku XXI wieku. To rower z kr\u00f3tsz\u0105 g\u00f3rn\u0105 ram\u0105 i wy\u017csz\u0105 przedni\u0105, kt\u00f3ry pocz\u0105tkowo wydawa\u0142 [&hellip;]","og_url":"https:\/\/www.welovecycling.com\/pl\/2020\/01\/07\/wielka-debata-na-temat-damskich-rowerow-rozstrzygnieta\/","og_site_name":"\u0160koda We Love Cycling - Poland","article_published_time":"2020-01-07T13:50:06+00:00","article_modified_time":"2020-01-07T13:50:43+00:00","og_image":[{"width":1024,"height":450,"url":"https:\/\/d2p6e6u75xmxt8.cloudfront.net\/5\/2020\/01\/Women-Cycling-MTB-CVR-profimedia-0416480064-1024x450.jpg","type":"image\/jpeg"}],"author":"piotrboczkowski","twitter_card":"summary_large_image","twitter_misc":{"Written by":"Megan Flottorp","Est. reading time":"6 minutes"},"schema":{"@context":"https:\/\/schema.org","@graph":[{"@type":"WebPage","@id":"https:\/\/www.welovecycling.com\/pl\/2020\/01\/07\/wielka-debata-na-temat-damskich-rowerow-rozstrzygnieta\/","url":"https:\/\/www.welovecycling.com\/pl\/2020\/01\/07\/wielka-debata-na-temat-damskich-rowerow-rozstrzygnieta\/","name":"Wielka debata na temat damskich rower\u00f3w rozstrzygni\u0119ta? - \u0160koda We Love Cycling - Poland","isPartOf":{"@id":"https:\/\/www.welovecycling.com\/pl\/#website"},"primaryImageOfPage":{"@id":"https:\/\/www.welovecycling.com\/pl\/2020\/01\/07\/wielka-debata-na-temat-damskich-rowerow-rozstrzygnieta\/#primaryimage"},"image":{"@id":"https:\/\/www.welovecycling.com\/pl\/2020\/01\/07\/wielka-debata-na-temat-damskich-rowerow-rozstrzygnieta\/#primaryimage"},"thumbnailUrl":"https:\/\/d2p6e6u75xmxt8.cloudfront.net\/5\/2020\/01\/Women-Cycling-MTB-CVR-profimedia-0416480064-1024x450.jpg","datePublished":"2020-01-07T13:50:06+00:00","dateModified":"2020-01-07T13:50:43+00:00","author":{"@id":"https:\/\/www.welovecycling.com\/pl\/#\/schema\/person\/0dba2d39da943db9df3fd8f4687e7f23"},"breadcrumb":{"@id":"https:\/\/www.welovecycling.com\/pl\/2020\/01\/07\/wielka-debata-na-temat-damskich-rowerow-rozstrzygnieta\/#breadcrumb"},"inLanguage":"pl-PL","potentialAction":[{"@type":"ReadAction","target":["https:\/\/www.welovecycling.com\/pl\/2020\/01\/07\/wielka-debata-na-temat-damskich-rowerow-rozstrzygnieta\/"]}]},{"@type":"ImageObject","inLanguage":"pl-PL","@id":"https:\/\/www.welovecycling.com\/pl\/2020\/01\/07\/wielka-debata-na-temat-damskich-rowerow-rozstrzygnieta\/#primaryimage","url":"https:\/\/d2p6e6u75xmxt8.cloudfront.net\/5\/2020\/01\/Women-Cycling-MTB-CVR-profimedia-0416480064-1024x450.jpg","contentUrl":"https:\/\/d2p6e6u75xmxt8.cloudfront.net\/5\/2020\/01\/Women-Cycling-MTB-CVR-profimedia-0416480064-1024x450.jpg","width":1024,"height":450},{"@type":"BreadcrumbList","@id":"https:\/\/www.welovecycling.com\/pl\/2020\/01\/07\/wielka-debata-na-temat-damskich-rowerow-rozstrzygnieta\/#breadcrumb","itemListElement":[{"@type":"ListItem","position":1,"name":"Home","item":"https:\/\/www.welovecycling.com\/pl\/"},{"@type":"ListItem","position":2,"name":"Wielka debata na temat damskich rower\u00f3w rozstrzygni\u0119ta?"}]},{"@type":"WebSite","@id":"https:\/\/www.welovecycling.com\/pl\/#website","url":"https:\/\/www.welovecycling.com\/pl\/","name":"\u0160koda We Love Cycling - Poland","description":"","potentialAction":[{"@type":"SearchAction","target":{"@type":"EntryPoint","urlTemplate":"https:\/\/www.welovecycling.com\/pl\/?s={search_term_string}"},"query-input":{"@type":"PropertyValueSpecification","valueRequired":true,"valueName":"search_term_string"}}],"inLanguage":"pl-PL"},{"@type":"Person","@id":"https:\/\/www.welovecycling.com\/pl\/#\/schema\/person\/0dba2d39da943db9df3fd8f4687e7f23","name":"piotrboczkowski","image":{"@type":"ImageObject","inLanguage":"pl-PL","@id":"https:\/\/www.welovecycling.com\/pl\/#\/schema\/person\/image\/","url":"https:\/\/secure.gravatar.com\/avatar\/533caccae14752e03a2ce2d3fd62d1b98b93e1393c3195c27819e53344ca1ace?s=96&d=mm&r=g","contentUrl":"https:\/\/secure.gravatar.com\/avatar\/533caccae14752e03a2ce2d3fd62d1b98b93e1393c3195c27819e53344ca1ace?s=96&d=mm&r=g","caption":"piotrboczkowski"},"url":"https:\/\/www.welovecycling.com\/pl\/author\/piotrboczkowski\/"}]}},"_links":{"self":[{"href":"https:\/\/www.welovecycling.com\/pl\/wp-json\/wp\/v2\/posts\/10178","targetHints":{"allow":["GET"]}}],"collection":[{"href":"https:\/\/www.welovecycling.com\/pl\/wp-json\/wp\/v2\/posts"}],"about":[{"href":"https:\/\/www.welovecycling.com\/pl\/wp-json\/wp\/v2\/types\/post"}],"author":[{"embeddable":true,"href":"https:\/\/www.welovecycling.com\/pl\/wp-json\/wp\/v2\/users\/76"}],"replies":[{"embeddable":true,"href":"https:\/\/www.welovecycling.com\/pl\/wp-json\/wp\/v2\/comments?post=10178"}],"version-history":[{"count":2,"href":"https:\/\/www.welovecycling.com\/pl\/wp-json\/wp\/v2\/posts\/10178\/revisions"}],"predecessor-version":[{"id":10621,"href":"https:\/\/www.welovecycling.com\/pl\/wp-json\/wp\/v2\/posts\/10178\/revisions\/10621"}],"wp:featuredmedia":[{"embeddable":true,"href":"https:\/\/www.welovecycling.com\/pl\/wp-json\/wp\/v2\/media\/10179"}],"wp:attachment":[{"href":"https:\/\/www.welovecycling.com\/pl\/wp-json\/wp\/v2\/media?parent=10178"}],"wp:term":[{"taxonomy":"category","embeddable":true,"href":"https:\/\/www.welovecycling.com\/pl\/wp-json\/wp\/v2\/categories?post=10178"},{"taxonomy":"post_tag","embeddable":true,"href":"https:\/\/www.welovecycling.com\/pl\/wp-json\/wp\/v2\/tags?post=10178"},{"taxonomy":"global-categories","embeddable":true,"href":"https:\/\/www.welovecycling.com\/pl\/wp-json\/wp\/v2\/global-categories?post=10178"}],"curies":[{"name":"wp","href":"https:\/\/api.w.org\/{rel}","templated":true}]}}