{"id":10149,"date":"2020-01-03T14:05:46","date_gmt":"2020-01-03T14:05:46","guid":{"rendered":"https:\/\/www.welovecycling.com\/pl\/?p=10149"},"modified":"2020-01-06T19:18:09","modified_gmt":"2020-01-06T19:18:09","slug":"jak-przechowywac-rower-zima","status":"publish","type":"post","link":"https:\/\/www.welovecycling.com\/pl\/2020\/01\/03\/jak-przechowywac-rower-zima\/","title":{"rendered":"Jak przechowywa\u0107 rower zim\u0105"},"content":{"rendered":"<p><strong>Pomimo postanowie\u0144, kt\u00f3re podejmujemy ka\u017cdego roku mniej wi\u0119cej w tym samym czasie \u2013 \u017ce b\u0119dziemy je\u017adzi\u0107 rowerem nawet przez zim\u0119 \u2013 wi\u0119kszo\u015b\u0107 z nas rezygnuje ju\u017c przy pierwszych listopadowych opadach. Od\u0142o\u017cenie roweru na zim\u0119 nie jest tak skomplikowane, jak w przypadku motocykla, jednak nawet rowery maj\u0105 swoje specyficzne wymagania. Je\u015bli chcesz cieszy\u0107 si\u0119 rowerem, gdy s\u0142o\u0144ce pojawi si\u0119 w marcu, odpowiednio go przygotuj.<\/strong><\/p>\n<p><strong><span style=\"font-size: 18pt;\">Wyczy\u015b\u0107 rower<\/span><\/strong><\/p>\n<p>Dok\u0142adnie wyczy\u015b\u0107 rower i osusz ca\u0142\u0105 ram\u0119 oraz wszystkie cz\u0119\u015bci, poniewa\u017c zaschni\u0119te b\u0142oto na rurach lub g\u0142\u0119boko w elementach pojazdu to ostatnia rzecz, na kt\u00f3r\u0105 rower zas\u0142uguje.<\/p>\n<p><img loading=\"lazy\" decoding=\"async\" class=\"alignnone size-full wp-image-172045 loading\" src=\"https:\/\/d2p6e6u75xmxt8.cloudfront.net\/2\/2019\/01\/Adam-Marsal-Bike-Cleaning-11.jpg\" sizes=\"auto, (max-width: 1366px) 100vw, 1366px\" srcset=\"https:\/\/d2p6e6u75xmxt8.cloudfront.net\/2\/2019\/01\/Adam-Marsal-Bike-Cleaning-11.jpg 1366w, https:\/\/d2p6e6u75xmxt8.cloudfront.net\/2\/2019\/01\/Adam-Marsal-Bike-Cleaning-11-300x132.jpg 300w, https:\/\/d2p6e6u75xmxt8.cloudfront.net\/2\/2019\/01\/Adam-Marsal-Bike-Cleaning-11-768x337.jpg 768w, https:\/\/d2p6e6u75xmxt8.cloudfront.net\/2\/2019\/01\/Adam-Marsal-Bike-Cleaning-11-1024x450.jpg 1024w\" alt=\"\" width=\"1366\" height=\"600\" data-was-processed=\"true\" \/><\/p>\n<p><strong><span style=\"font-size: 18pt;\">Wyczy\u015b\u0107 i nasmaruj \u0142a\u0144cuch<\/span><\/strong><\/p>\n<p>\u0141a\u0144cuch nale\u017cy odpowiednio wyczy\u015bci\u0107 za pomoc\u0105 \u015brodka do czyszczenia \u0142a\u0144cucha rowerowego, kt\u00f3ry kosztuje od 10 euro, lub specjalnych miote\u0142, kt\u00f3re s\u0105 oferowane w r\u00f3\u017cnych rozmiarach. Ma\u0142a miot\u0142a r\u0119czna we wsp\u00f3\u0142pracy ze star\u0105 szczoteczk\u0105 r\u00f3wnie\u017c b\u0119dzie odpowiednia.<\/p>\n<p><strong><span style=\"font-size: 18pt;\">Walcz z wilgoci\u0105<\/span><\/strong><\/p>\n<p>W wi\u0119kszo\u015bci piwnic jest raczej wilgotno, co mo\u017ce powodowa\u0107 powstanie mieszanki rdzy i ple\u015bni na komponentach i zadrapaniach ramy. Aby zapobiec degradacji materia\u0142u, wytrzyj rurki ramy szmatk\u0105 zwil\u017con\u0105 olejem silikonowym. To powinno chroni\u0107 rower przez zim\u0119. Ponadto posmaruj \u0142a\u0144cuch tak, jakby\u015b chcia\u0142 je\u017adzi\u0107 w deszczu, aby chroni\u0107 go przed wilgoci\u0105 z powietrza. Mo\u017cesz tak\u017ce przykry\u0107 rower kocem, aby ukry\u0107 go przed py\u0142em powietrznym, kt\u00f3ry zlewa\u0142by si\u0119 z warstw\u0105 oleju i generowa\u0142 \u015bliski ba\u0142agan.<\/p>\n<p><strong><span style=\"font-size: 18pt;\">Nie pozw\u00f3l, aby opony si\u0119 zniszczy\u0142y<\/span><\/strong><\/p>\n<p>Gdyby rower sta\u0142 na p\u0142askich oponach przez d\u0142ugi czas, materia\u0142 gumowy uleg\u0142by degradacji i zniszczy\u0142 si\u0119 \u2013 tak jak dzieje si\u0119 w przypadku pozostawionego samochodu z pustymi oponami \u2013 bo jego ci\u0119\u017car ostatecznie wcisn\u0105\u0142by felgi przez gum\u0119. Aby temu zapobiec, nale\u017cy ca\u0142kowicie napompowa\u0107 obie opony i sprawdza\u0107 je raz w miesi\u0105cu.<\/p>\n<p><img loading=\"lazy\" decoding=\"async\" class=\"alignnone size-full wp-image-160674 loading\" src=\"https:\/\/d2p6e6u75xmxt8.cloudfront.net\/2\/2017\/07\/coverpoh.jpg\" sizes=\"auto, (max-width: 1375px) 100vw, 1375px\" srcset=\"https:\/\/d2p6e6u75xmxt8.cloudfront.net\/2\/2017\/07\/coverpoh.jpg 1375w, https:\/\/d2p6e6u75xmxt8.cloudfront.net\/2\/2017\/07\/coverpoh-300x131.jpg 300w, https:\/\/d2p6e6u75xmxt8.cloudfront.net\/2\/2017\/07\/coverpoh-768x335.jpg 768w, https:\/\/d2p6e6u75xmxt8.cloudfront.net\/2\/2017\/07\/coverpoh-1024x447.jpg 1024w\" alt=\"\" width=\"1375\" height=\"600\" data-was-processed=\"true\" \/><\/p>\n<p><strong><span style=\"font-size: 18pt;\">Przechowuj w miejscu zamieszkania<\/span><\/strong><\/p>\n<p>Najlepszym miejscem do przechowywania roweru jest suche miejsce w mieszkaniu ze sta\u0142\u0105 temperatur\u0105 niespadaj\u0105c\u0105 poni\u017cej 19\u00b0C. Je\u015bli twoje mieszkanie jest wystarczaj\u0105co du\u017ce, mo\u017cesz pomin\u0105\u0107 wi\u0119kszo\u015b\u0107 przygotowa\u0144, na przyk\u0142ad dotycz\u0105cych wilgoci i zimna, nie powiniene\u015b r\u00f3wnie\u017c smarowa\u0107 \u0142a\u0144cucha, poniewa\u017c m\u00f3g\u0142by zabrudzi\u0107 pod\u0142og\u0119 lub meble.<\/p>\n<p><strong><span style=\"font-size: 18pt;\">Wykonaj serwis teraz<\/span><\/strong><\/p>\n<p>Je\u015bli chcesz mie\u0107 gotowy rower, gdy tylko nadejdzie wiosna, p\u00f3\u017ana jesie\u0144 to najlepszy czas, aby zabra\u0107 go do sklepu rowerowego i pozwoli\u0107 na wykonanie wszystkich czynno\u015bci konserwacyjnych. Podczas gdy wiosn\u0105 sklepy rowerowe s\u0105 atakowane przez rowerzyst\u00f3w, kt\u00f3rzy pragn\u0105 pierwszej s\u0142onecznej jazdy, jesieni\u0105 i zim\u0105 okres oczekiwania jest kr\u00f3tki, a wi\u0119kszo\u015b\u0107 napraw mo\u017cna zrealizowa\u0107 w ci\u0105gu zaledwie kilku dni.<\/p>\n<p><strong><span style=\"font-size: 18pt;\">Trzymaj go w torbie rowerowej<\/span><\/strong><\/p>\n<p>Niekt\u00f3re osoby wol\u0105 zdj\u0105\u0107 ko\u0142a i zdemontowa\u0107 zar\u00f3wno kierownic\u0119, jak i sztyc\u0119 i umie\u015bci\u0107 rower w torbie rowerowej na ca\u0142\u0105 zim\u0119. To rozwi\u0105zanie pozwala zaoszcz\u0119dzi\u0107 miejsce i utrzymuje rower w dobrym stanie.<\/p>\n<p><span data-sheets-value=\"{&quot;1&quot;:2,&quot;2&quot;:&quot;Artyku\u0142 powsta\u0142 we wsp\u00f3\u0142pracy ze skoda-auto.pl&quot;}\" data-sheets-userformat=\"{&quot;2&quot;:1,&quot;3&quot;:{&quot;1&quot;:0}}\" data-sheets-hyperlink=\"http:\/\/www.skoda-auto.pl\/\"><a class=\"in-cell-link\" href=\"http:\/\/www.skoda-auto.pl\/\" target=\"_blank\" rel=\"noopener\">Artyku\u0142 powsta\u0142 we wsp\u00f3\u0142pracy ze skoda-auto.pl<\/a><\/span><\/p>\n<p><a href=\"https:\/\/sklep.skoda.pl\/pl\/sklep\/b\/331\/rowery-i-akcesoria-rowery.html\"><img loading=\"lazy\" decoding=\"async\" class=\"aligncenter wp-image-9608 size-full loading\" src=\"https:\/\/d2p6e6u75xmxt8.cloudfront.net\/5\/2019\/08\/baner_WLC_640x350_3.png\" sizes=\"auto, (max-width: 640px) 100vw, 640px\" srcset=\"https:\/\/d2p6e6u75xmxt8.cloudfront.net\/5\/2019\/08\/baner_WLC_640x350_3.png 640w, https:\/\/d2p6e6u75xmxt8.cloudfront.net\/5\/2019\/08\/baner_WLC_640x350_3-300x164.png 300w\" alt=\"\" width=\"640\" height=\"350\" data-was-processed=\"true\" \/><\/a><\/p>\n","protected":false},"excerpt":{"rendered":"<p>Pomimo postanowie\u0144, kt\u00f3re podejmujemy ka\u017cdego roku mniej wi\u0119cej w tym samym czasie \u2013 \u017ce b\u0119dziemy je\u017adzi\u0107 rowerem nawet przez zim\u0119 [&hellip;]<\/p>\n","protected":false},"author":76,"featured_media":10150,"comment_status":"open","ping_status":"open","sticky":false,"template":"","format":"standard","meta":{"footnotes":""},"categories":[226],"tags":[],"global-categories":[303],"class_list":["post-10149","post","type-post","status-publish","format-standard","has-post-thumbnail","hentry","category-ciekawostki","global-categories-cycling"],"yoast_head":"<!-- This site is optimized with the Yoast SEO Premium plugin v25.3 (Yoast SEO v25.9) - https:\/\/yoast.com\/wordpress\/plugins\/seo\/ -->\n<title>Jak przechowywa\u0107 rower zim\u0105 - \u0160koda We Love Cycling - Poland<\/title>\n<meta name=\"robots\" content=\"index, follow, max-snippet:-1, max-image-preview:large, max-video-preview:-1\" \/>\n<link rel=\"canonical\" href=\"https:\/\/www.welovecycling.com\/pl\/2020\/01\/03\/jak-przechowywac-rower-zima\/\" \/>\n<meta property=\"og:locale\" content=\"pl_PL\" \/>\n<meta property=\"og:type\" content=\"article\" \/>\n<meta property=\"og:title\" content=\"Jak przechowywa\u0107 rower zim\u0105\" \/>\n<meta property=\"og:description\" content=\"Pomimo postanowie\u0144, kt\u00f3re podejmujemy ka\u017cdego roku mniej wi\u0119cej w tym samym czasie \u2013 \u017ce b\u0119dziemy je\u017adzi\u0107 rowerem nawet przez zim\u0119 [&hellip;]\" \/>\n<meta property=\"og:url\" content=\"https:\/\/www.welovecycling.com\/pl\/2020\/01\/03\/jak-przechowywac-rower-zima\/\" \/>\n<meta property=\"og:site_name\" content=\"\u0160koda We Love Cycling - Poland\" \/>\n<meta property=\"article:published_time\" content=\"2020-01-03T14:05:46+00:00\" \/>\n<meta property=\"article:modified_time\" content=\"2020-01-06T19:18:09+00:00\" \/>\n<meta property=\"og:image\" content=\"https:\/\/d2p6e6u75xmxt8.cloudfront.net\/5\/2020\/01\/Bicycle-Winter-CVR-profimedia-0310952546-1024x450.jpg\" \/>\n\t<meta property=\"og:image:width\" content=\"1024\" \/>\n\t<meta property=\"og:image:height\" content=\"450\" \/>\n\t<meta property=\"og:image:type\" content=\"image\/jpeg\" \/>\n<meta name=\"author\" content=\"piotrboczkowski\" \/>\n<meta name=\"twitter:card\" content=\"summary_large_image\" \/>\n<meta name=\"twitter:label1\" content=\"Written by\" \/>\n\t<meta name=\"twitter:data1\" content=\"Monica Buck\" \/>\n\t<meta name=\"twitter:label2\" content=\"Est. reading time\" \/>\n\t<meta name=\"twitter:data2\" content=\"2 minutes\" \/>\n<script type=\"application\/ld+json\" class=\"yoast-schema-graph\">{\"@context\":\"https:\/\/schema.org\",\"@graph\":[{\"@type\":\"WebPage\",\"@id\":\"https:\/\/www.welovecycling.com\/pl\/2020\/01\/03\/jak-przechowywac-rower-zima\/\",\"url\":\"https:\/\/www.welovecycling.com\/pl\/2020\/01\/03\/jak-przechowywac-rower-zima\/\",\"name\":\"Jak przechowywa\u0107 rower zim\u0105 - \u0160koda We Love Cycling - Poland\",\"isPartOf\":{\"@id\":\"https:\/\/www.welovecycling.com\/pl\/#website\"},\"primaryImageOfPage\":{\"@id\":\"https:\/\/www.welovecycling.com\/pl\/2020\/01\/03\/jak-przechowywac-rower-zima\/#primaryimage\"},\"image\":{\"@id\":\"https:\/\/www.welovecycling.com\/pl\/2020\/01\/03\/jak-przechowywac-rower-zima\/#primaryimage\"},\"thumbnailUrl\":\"https:\/\/d2p6e6u75xmxt8.cloudfront.net\/5\/2020\/01\/Bicycle-Winter-CVR-profimedia-0310952546-1024x450.jpg\",\"datePublished\":\"2020-01-03T14:05:46+00:00\",\"dateModified\":\"2020-01-06T19:18:09+00:00\",\"author\":{\"@id\":\"https:\/\/www.welovecycling.com\/pl\/#\/schema\/person\/0dba2d39da943db9df3fd8f4687e7f23\"},\"breadcrumb\":{\"@id\":\"https:\/\/www.welovecycling.com\/pl\/2020\/01\/03\/jak-przechowywac-rower-zima\/#breadcrumb\"},\"inLanguage\":\"pl-PL\",\"potentialAction\":[{\"@type\":\"ReadAction\",\"target\":[\"https:\/\/www.welovecycling.com\/pl\/2020\/01\/03\/jak-przechowywac-rower-zima\/\"]}]},{\"@type\":\"ImageObject\",\"inLanguage\":\"pl-PL\",\"@id\":\"https:\/\/www.welovecycling.com\/pl\/2020\/01\/03\/jak-przechowywac-rower-zima\/#primaryimage\",\"url\":\"https:\/\/d2p6e6u75xmxt8.cloudfront.net\/5\/2020\/01\/Bicycle-Winter-CVR-profimedia-0310952546-1024x450.jpg\",\"contentUrl\":\"https:\/\/d2p6e6u75xmxt8.cloudfront.net\/5\/2020\/01\/Bicycle-Winter-CVR-profimedia-0310952546-1024x450.jpg\",\"width\":1024,\"height\":450},{\"@type\":\"BreadcrumbList\",\"@id\":\"https:\/\/www.welovecycling.com\/pl\/2020\/01\/03\/jak-przechowywac-rower-zima\/#breadcrumb\",\"itemListElement\":[{\"@type\":\"ListItem\",\"position\":1,\"name\":\"Home\",\"item\":\"https:\/\/www.welovecycling.com\/pl\/\"},{\"@type\":\"ListItem\",\"position\":2,\"name\":\"Jak przechowywa\u0107 rower zim\u0105\"}]},{\"@type\":\"WebSite\",\"@id\":\"https:\/\/www.welovecycling.com\/pl\/#website\",\"url\":\"https:\/\/www.welovecycling.com\/pl\/\",\"name\":\"\u0160koda We Love Cycling - Poland\",\"description\":\"\",\"potentialAction\":[{\"@type\":\"SearchAction\",\"target\":{\"@type\":\"EntryPoint\",\"urlTemplate\":\"https:\/\/www.welovecycling.com\/pl\/?s={search_term_string}\"},\"query-input\":{\"@type\":\"PropertyValueSpecification\",\"valueRequired\":true,\"valueName\":\"search_term_string\"}}],\"inLanguage\":\"pl-PL\"},{\"@type\":\"Person\",\"@id\":\"https:\/\/www.welovecycling.com\/pl\/#\/schema\/person\/0dba2d39da943db9df3fd8f4687e7f23\",\"name\":\"piotrboczkowski\",\"image\":{\"@type\":\"ImageObject\",\"inLanguage\":\"pl-PL\",\"@id\":\"https:\/\/www.welovecycling.com\/pl\/#\/schema\/person\/image\/\",\"url\":\"https:\/\/secure.gravatar.com\/avatar\/533caccae14752e03a2ce2d3fd62d1b98b93e1393c3195c27819e53344ca1ace?s=96&d=mm&r=g\",\"contentUrl\":\"https:\/\/secure.gravatar.com\/avatar\/533caccae14752e03a2ce2d3fd62d1b98b93e1393c3195c27819e53344ca1ace?s=96&d=mm&r=g\",\"caption\":\"piotrboczkowski\"},\"url\":\"https:\/\/www.welovecycling.com\/pl\/author\/piotrboczkowski\/\"}]}<\/script>\n<!-- \/ Yoast SEO Premium plugin. -->","yoast_head_json":{"title":"Jak przechowywa\u0107 rower zim\u0105 - \u0160koda We Love Cycling - Poland","robots":{"index":"index","follow":"follow","max-snippet":"max-snippet:-1","max-image-preview":"max-image-preview:large","max-video-preview":"max-video-preview:-1"},"canonical":"https:\/\/www.welovecycling.com\/pl\/2020\/01\/03\/jak-przechowywac-rower-zima\/","og_locale":"pl_PL","og_type":"article","og_title":"Jak przechowywa\u0107 rower zim\u0105","og_description":"Pomimo postanowie\u0144, kt\u00f3re podejmujemy ka\u017cdego roku mniej wi\u0119cej w tym samym czasie \u2013 \u017ce b\u0119dziemy je\u017adzi\u0107 rowerem nawet przez zim\u0119 [&hellip;]","og_url":"https:\/\/www.welovecycling.com\/pl\/2020\/01\/03\/jak-przechowywac-rower-zima\/","og_site_name":"\u0160koda We Love Cycling - Poland","article_published_time":"2020-01-03T14:05:46+00:00","article_modified_time":"2020-01-06T19:18:09+00:00","og_image":[{"width":1024,"height":450,"url":"https:\/\/d2p6e6u75xmxt8.cloudfront.net\/5\/2020\/01\/Bicycle-Winter-CVR-profimedia-0310952546-1024x450.jpg","type":"image\/jpeg"}],"author":"piotrboczkowski","twitter_card":"summary_large_image","twitter_misc":{"Written by":"Monica Buck","Est. reading time":"2 minutes"},"schema":{"@context":"https:\/\/schema.org","@graph":[{"@type":"WebPage","@id":"https:\/\/www.welovecycling.com\/pl\/2020\/01\/03\/jak-przechowywac-rower-zima\/","url":"https:\/\/www.welovecycling.com\/pl\/2020\/01\/03\/jak-przechowywac-rower-zima\/","name":"Jak przechowywa\u0107 rower zim\u0105 - \u0160koda We Love Cycling - Poland","isPartOf":{"@id":"https:\/\/www.welovecycling.com\/pl\/#website"},"primaryImageOfPage":{"@id":"https:\/\/www.welovecycling.com\/pl\/2020\/01\/03\/jak-przechowywac-rower-zima\/#primaryimage"},"image":{"@id":"https:\/\/www.welovecycling.com\/pl\/2020\/01\/03\/jak-przechowywac-rower-zima\/#primaryimage"},"thumbnailUrl":"https:\/\/d2p6e6u75xmxt8.cloudfront.net\/5\/2020\/01\/Bicycle-Winter-CVR-profimedia-0310952546-1024x450.jpg","datePublished":"2020-01-03T14:05:46+00:00","dateModified":"2020-01-06T19:18:09+00:00","author":{"@id":"https:\/\/www.welovecycling.com\/pl\/#\/schema\/person\/0dba2d39da943db9df3fd8f4687e7f23"},"breadcrumb":{"@id":"https:\/\/www.welovecycling.com\/pl\/2020\/01\/03\/jak-przechowywac-rower-zima\/#breadcrumb"},"inLanguage":"pl-PL","potentialAction":[{"@type":"ReadAction","target":["https:\/\/www.welovecycling.com\/pl\/2020\/01\/03\/jak-przechowywac-rower-zima\/"]}]},{"@type":"ImageObject","inLanguage":"pl-PL","@id":"https:\/\/www.welovecycling.com\/pl\/2020\/01\/03\/jak-przechowywac-rower-zima\/#primaryimage","url":"https:\/\/d2p6e6u75xmxt8.cloudfront.net\/5\/2020\/01\/Bicycle-Winter-CVR-profimedia-0310952546-1024x450.jpg","contentUrl":"https:\/\/d2p6e6u75xmxt8.cloudfront.net\/5\/2020\/01\/Bicycle-Winter-CVR-profimedia-0310952546-1024x450.jpg","width":1024,"height":450},{"@type":"BreadcrumbList","@id":"https:\/\/www.welovecycling.com\/pl\/2020\/01\/03\/jak-przechowywac-rower-zima\/#breadcrumb","itemListElement":[{"@type":"ListItem","position":1,"name":"Home","item":"https:\/\/www.welovecycling.com\/pl\/"},{"@type":"ListItem","position":2,"name":"Jak przechowywa\u0107 rower zim\u0105"}]},{"@type":"WebSite","@id":"https:\/\/www.welovecycling.com\/pl\/#website","url":"https:\/\/www.welovecycling.com\/pl\/","name":"\u0160koda We Love Cycling - Poland","description":"","potentialAction":[{"@type":"SearchAction","target":{"@type":"EntryPoint","urlTemplate":"https:\/\/www.welovecycling.com\/pl\/?s={search_term_string}"},"query-input":{"@type":"PropertyValueSpecification","valueRequired":true,"valueName":"search_term_string"}}],"inLanguage":"pl-PL"},{"@type":"Person","@id":"https:\/\/www.welovecycling.com\/pl\/#\/schema\/person\/0dba2d39da943db9df3fd8f4687e7f23","name":"piotrboczkowski","image":{"@type":"ImageObject","inLanguage":"pl-PL","@id":"https:\/\/www.welovecycling.com\/pl\/#\/schema\/person\/image\/","url":"https:\/\/secure.gravatar.com\/avatar\/533caccae14752e03a2ce2d3fd62d1b98b93e1393c3195c27819e53344ca1ace?s=96&d=mm&r=g","contentUrl":"https:\/\/secure.gravatar.com\/avatar\/533caccae14752e03a2ce2d3fd62d1b98b93e1393c3195c27819e53344ca1ace?s=96&d=mm&r=g","caption":"piotrboczkowski"},"url":"https:\/\/www.welovecycling.com\/pl\/author\/piotrboczkowski\/"}]}},"_links":{"self":[{"href":"https:\/\/www.welovecycling.com\/pl\/wp-json\/wp\/v2\/posts\/10149","targetHints":{"allow":["GET"]}}],"collection":[{"href":"https:\/\/www.welovecycling.com\/pl\/wp-json\/wp\/v2\/posts"}],"about":[{"href":"https:\/\/www.welovecycling.com\/pl\/wp-json\/wp\/v2\/types\/post"}],"author":[{"embeddable":true,"href":"https:\/\/www.welovecycling.com\/pl\/wp-json\/wp\/v2\/users\/76"}],"replies":[{"embeddable":true,"href":"https:\/\/www.welovecycling.com\/pl\/wp-json\/wp\/v2\/comments?post=10149"}],"version-history":[{"count":2,"href":"https:\/\/www.welovecycling.com\/pl\/wp-json\/wp\/v2\/posts\/10149\/revisions"}],"predecessor-version":[{"id":10177,"href":"https:\/\/www.welovecycling.com\/pl\/wp-json\/wp\/v2\/posts\/10149\/revisions\/10177"}],"wp:featuredmedia":[{"embeddable":true,"href":"https:\/\/www.welovecycling.com\/pl\/wp-json\/wp\/v2\/media\/10150"}],"wp:attachment":[{"href":"https:\/\/www.welovecycling.com\/pl\/wp-json\/wp\/v2\/media?parent=10149"}],"wp:term":[{"taxonomy":"category","embeddable":true,"href":"https:\/\/www.welovecycling.com\/pl\/wp-json\/wp\/v2\/categories?post=10149"},{"taxonomy":"post_tag","embeddable":true,"href":"https:\/\/www.welovecycling.com\/pl\/wp-json\/wp\/v2\/tags?post=10149"},{"taxonomy":"global-categories","embeddable":true,"href":"https:\/\/www.welovecycling.com\/pl\/wp-json\/wp\/v2\/global-categories?post=10149"}],"curies":[{"name":"wp","href":"https:\/\/api.w.org\/{rel}","templated":true}]}}