{"id":10141,"date":"2020-01-02T09:00:44","date_gmt":"2020-01-02T09:00:44","guid":{"rendered":"https:\/\/www.welovecycling.com\/pl\/?p=10141"},"modified":"2020-01-06T18:56:33","modified_gmt":"2020-01-06T18:56:33","slug":"ta-ucieczka-trwala-niemal-cale-zycie-oto-mistrz-ktory-stracil-wszystko","status":"publish","type":"post","link":"https:\/\/www.welovecycling.com\/pl\/2020\/01\/02\/ta-ucieczka-trwala-niemal-cale-zycie-oto-mistrz-ktory-stracil-wszystko\/","title":{"rendered":"Ta ucieczka trwa\u0142a niemal ca\u0142e \u017cycie\u2026 Oto mistrz, kt\u00f3ry straci\u0142 wszystko!"},"content":{"rendered":"<p><strong>Ca\u0142e \u017cycie kto\u015b go \u015bciga\u0142. Najpierw ojciec, p\u00f3\u017aniej rywale, a nast\u0119pnie urz\u0105d podatkowy. Najtrudniej dopa\u015b\u0107 by\u0142o go jednak w peletonie i dzi\u0119ki temu Freddy Maertens dwa razy zdoby\u0142 mistrzostwo \u015bwiata i zosta\u0142 rekordzist\u0105 wygranych etap\u00f3w w jednej edycji Tour de France.<\/strong><\/p>\n<p>Jego przygoda ze sportem zacz\u0119\u0142a si\u0119 inaczej ni\u017c wi\u0119kszo\u015bci kolarskich mistrz\u00f3w. Na rowerze nie ucieka\u0142 od biedy, nie s\u0142u\u017cy\u0142 mu tak\u017ce do czmychni\u0119cia na wagary. Nie, Maertens pochodzi\u0142 z rodziny belgijskiej klasy \u015bredniej \u2013 rodzice prowadzili niewielkie interesy i zdawa\u0142o si\u0119, \u017ce on celuje jeszcze wy\u017cej. Ucz\u0119szcza\u0142 do college\u2019u, zna\u0142 trzy j\u0119zyki obce, jednak w g\u0142owie ca\u0142y mia\u0142 jedn\u0105 my\u015bl.<\/p>\n<p>&#8211; Od zawsze wiedzia\u0142, \u017ce chce by\u0107 zawodowym kolarzem. I to najlepszym \u2013 wspomina\u0142a jego \u017cona Carine.<\/p>\n<p>Wkr\u00f3tce przekona\u0142 si\u0119 o tym tak\u017ce jego ojciec i pozwoli\u0142 14-letniemu Freddy\u2019emu \u015bciga\u0107 si\u0119 ze znacznie starszymi od siebie. W\u00f3wczas Maertens senior uzna\u0142 jednak, \u017ce musi trzyma\u0107 nad nim zdecydowan\u0105 piecz\u0119.<\/p>\n<p><strong>Re\u017cim ojca<\/strong><\/p>\n<p>Wydaje si\u0119, \u017ce dzi\u015b tata Freddy\u2019ego senior m\u00f3g\u0142by by\u0107 wzorcowym przedstawicielem coraz popularniejszych KOR-\u00f3w, czyli tzw. Komitet\u00f3w Oszala\u0142ych Rodzic\u00f3w. Tak trenerzy nazywaj\u0105 opiekun\u00f3w, kt\u00f3rzy wywieraj\u0105 ogromn\u0105, wr\u0119cz niezdrow\u0105 presj\u0119 na swoje dzieci, trenuj\u0105ce sport.<\/p>\n<p>\u201eFreddy przeszed\u0142 ze swoim tat\u0105 bardzo trudn\u0105 szko\u0142\u0119. Ojciec nie spuszcza\u0142 go z oczu, monitorowa\u0142 trening, wiedzia\u0142 co jad\u0142 i pi\u0142, ile spa\u0142, z kim si\u0119 zadawa\u0142. Narzuci\u0142 mu bezlitosny re\u017cim i przywi\u0105zywa\u0142 wag\u0119 do najdrobniejszych szczeg\u00f3\u0142\u00f3w\u201d \u2013 pisa\u0142 Rik Vanwalleghem w ksi\u0105\u017cce o Maertensie.<\/p>\n<p>Od tamtej pory Freddy ju\u017c zawsze potrzebowa\u0142 nad sob\u0105 bata. Gdy ojciec odsun\u0105\u0142 si\u0119 w cie\u0144, t\u0119 rol\u0119 przej\u0119li trenerzy i dyrektorzy sportowi zespo\u0142\u00f3w. Pewnie z tego powodu wybitny sportowiec popad\u0142 te\u017c w pozasportowe k\u0142opoty, bo w r\u0119ce zbyt wielu os\u00f3b oddawa\u0142 sw\u00f3j los.<\/p>\n<p>Niekt\u00f3rzy twierdz\u0105, \u017ce gdyby jego kariera zosta\u0142a poprowadzona w inny spos\u00f3b, to m\u00f3g\u0142by osi\u0105gni\u0119ciami dor\u00f3wna\u0107 nawet wielkiemu Eddy\u2019emu Mercksowi. Obaj rodacy zreszt\u0105 nie raz ze sob\u0105 rywalizowali, o wsp\u00f3\u0142pracy s\u0142ysz\u0105c jednak bardzo niech\u0119tnie.<\/p>\n<lite-youtube videoid=B70_OgHmupM params=\"enablejsapi=1\" style=\"background-image: url('https:\/\/i.ytimg.com\/vi_webp\/B70_OgHmupM\/maxresdefault.webp');\"><\/lite-youtube>\n<p>Podczas mistrzostw \u015bwiata w 1973 r. Maertens mia\u0142 poprowadzi\u0107 Mercksa po tytu\u0142 mistrza \u015bwiata, ale zamiast pom\u00f3c, tylko zaszkodzi\u0142 i po trofeum si\u0119gn\u0105\u0142\u2026 W\u0142och Felice Gimondi. Obaj znakomici Belgowie t\u0119 sytuacj\u0119 wyja\u015bnili sobie dopiero 35 lat p\u00f3\u017aniej.<\/p>\n<p>Fakty s\u0105 jednak takie, \u017ce to Merckx pi\u0119ciokrotnie wygra\u0142 Tour de France i pod tym wzgl\u0119dem nie ma od niego lepszych. Za to Maertens nie wygra\u0142 ani razu, ale za to w 1976 r. zwyci\u0119\u017cy\u0142 a\u017c osiem etap\u00f3w, co do dzi\u015b uda\u0142o si\u0119 tylko Mercksowi i\u00a0 Charlesowi Pelissierowi. Maertens trzykrotnie wygra\u0142 r\u00f3wnie\u017c klasyfikacj\u0119 punktow\u0105 Wielkiej P\u0119tli.<\/p>\n<p><span style=\"font-size: 18pt;\"><strong>Mieszanka wybuchowa<\/strong><\/span><\/p>\n<p>Gdy wydawa\u0142o si\u0119, \u017ce Belg czeka ju\u017c tylko na po\u017cegnanie z peletonem, to zn\u00f3w zaskoczy\u0142 ca\u0142e \u015brodowisko i w 1981 r. po raz drugi zosta\u0142 mistrzem \u015bwiata. P\u00f3\u017aniej jednak zacz\u0105\u0142 rozmienia\u0107 karier\u0119 na drobne. Co chwil\u0119 je\u017adzi\u0142 w innym zespole, gdzie traktowano go bardziej jako maskotk\u0119 przyci\u0105gaj\u0105c\u0105 kibic\u00f3w. Maertens dobrze si\u0119 w t\u0119 rol\u0119 wkomponowa\u0142, bo kolarstwo traktowa\u0142 coraz mniej powa\u017cnie i zdarza\u0142o si\u0119 nawet, \u017ce w og\u00f3le nie przyje\u017cd\u017ca\u0142 na start wy\u015bcigu, do kt\u00f3rego by\u0142 zg\u0142oszony.<\/p>\n<p>Do tego dosz\u0142y problemy z narkotykami oraz z alkoholem, a tak\u017ce finansowe. Maertens wraz z \u017con\u0105 uwa\u017cani byli bowiem za ludzi niezwykle \u0142atwowiernych, a po\u0142\u0105czenie du\u017cych pieni\u0119dzy z naiwno\u015bci\u0105 to mieszanka wybuchowa. Wok\u00f3\u0142 nich ci\u0105gle pojawiali si\u0119 nowi doradcy, kt\u00f3rzy naci\u0105gali ich na dziwne interesy. Jedne by\u0142 szemrane, inne okazywa\u0142y si\u0119 niewypa\u0142ami, oszukali ich tak\u017ce ludzie ze \u015bwiata sportu.<\/p>\n<p>Efekt by\u0142 taki, \u017ce ma\u0142\u017ce\u0144stwo zbankrutowa\u0142o &#8211; Freddy by\u0142 bezrobotny, jego \u017cona sprz\u0105ta\u0142a po domach. A jakby tego by\u0142o ma\u0142o, to zwrotu zaleg\u0142ych podatk\u00f3w domaga\u0142 si\u0119 urz\u0105d skarbowy, a \u015bci\u0105ganie d\u0142ug\u00f3w trwa\u0142o a\u017c 30 lat!<\/p>\n<p><span style=\"font-size: 18pt;\"><strong>Spok\u00f3j emeryta<\/strong><\/span><\/p>\n<p>Maertens w ko\u0144cu znalaz\u0142 zatrudnienie, ale d\u0142ugo chcia\u0142 si\u0119 trzyma\u0107 z dala od kolarstwa. W 2000 roku zacz\u0105\u0142 jednak pracowa\u0107 w muzeum sportu w rodzinnym Roeselare.<\/p>\n<p>Zwiedzaj\u0105cym bardzo podoba\u0142o si\u0119, \u017ce opr\u00f3cz puchar\u00f3w i eksponat\u00f3w, mog\u0105 porozmawia\u0107 z prawdziwym mistrzem. Maertens r\u00f3wnie\u017c odnalaz\u0142 si\u0119 w tej roli i do dzi\u015b \u2013 mimo \u017ce od dw\u00f3ch lat przebywa na emeryturze \u2013\u00a0 zdarza mu si\u0119 opowiada\u0107 turystom o swoich sukcesach.<\/p>\n<p>I cho\u0107 by\u0142o ich wiele, to kto wie, czy d\u0142u\u017csze nie by\u0142yby jednak opowie\u015bci o jego \u017cyciowych zakr\u0119tach&#8230;<\/p>\n<p><span data-sheets-value=\"{&quot;1&quot;:2,&quot;2&quot;:&quot;Artyku\u0142 powsta\u0142 we wsp\u00f3\u0142pracy ze skoda-auto.pl&quot;}\" data-sheets-userformat=\"{&quot;2&quot;:1,&quot;3&quot;:{&quot;1&quot;:0}}\" data-sheets-hyperlink=\"http:\/\/www.skoda-auto.pl\/\"><a class=\"in-cell-link\" href=\"http:\/\/www.skoda-auto.pl\/\" target=\"_blank\" rel=\"noopener\">Artyku\u0142 powsta\u0142 we wsp\u00f3\u0142pracy ze skoda-auto.pl<\/a><\/span><\/p>\n<p><a href=\"https:\/\/sklep.skoda.pl\/pl\/sklep\/b\/331\/rowery-i-akcesoria-rowery.html\"><img loading=\"lazy\" decoding=\"async\" class=\"aligncenter size-full wp-image-9612\" src=\"https:\/\/d2p6e6u75xmxt8.cloudfront.net\/5\/2019\/08\/87720f92-4dfc-41d3-bf89-feaa801ffc62.jpg\" alt=\"\" width=\"640\" height=\"300\" srcset=\"https:\/\/d2p6e6u75xmxt8.cloudfront.net\/5\/2019\/08\/87720f92-4dfc-41d3-bf89-feaa801ffc62.jpg 640w, https:\/\/d2p6e6u75xmxt8.cloudfront.net\/5\/2019\/08\/87720f92-4dfc-41d3-bf89-feaa801ffc62-300x141.jpg 300w\" sizes=\"auto, (max-width: 640px) 100vw, 640px\" \/><\/a><\/p>\n","protected":false},"excerpt":{"rendered":"<p>Ca\u0142e \u017cycie kto\u015b go \u015bciga\u0142. Najpierw ojciec, p\u00f3\u017aniej rywale, a nast\u0119pnie urz\u0105d podatkowy. Najtrudniej dopa\u015b\u0107 by\u0142o go jednak w peletonie [&hellip;]<\/p>\n","protected":false},"author":76,"featured_media":10145,"comment_status":"open","ping_status":"open","sticky":false,"template":"","format":"standard","meta":{"footnotes":""},"categories":[226],"tags":[],"global-categories":[],"class_list":["post-10141","post","type-post","status-publish","format-standard","has-post-thumbnail","hentry","category-ciekawostki"],"yoast_head":"<!-- This site is optimized with the Yoast SEO Premium plugin v25.3 (Yoast SEO v25.9) - https:\/\/yoast.com\/wordpress\/plugins\/seo\/ -->\n<title>Ta ucieczka trwa\u0142a niemal ca\u0142e \u017cycie\u2026 Oto mistrz, kt\u00f3ry straci\u0142 wszystko!<\/title>\n<meta name=\"robots\" content=\"index, follow, max-snippet:-1, max-image-preview:large, max-video-preview:-1\" \/>\n<link rel=\"canonical\" href=\"https:\/\/www.welovecycling.com\/pl\/2020\/01\/02\/ta-ucieczka-trwala-niemal-cale-zycie-oto-mistrz-ktory-stracil-wszystko\/\" \/>\n<meta property=\"og:locale\" content=\"pl_PL\" \/>\n<meta property=\"og:type\" content=\"article\" \/>\n<meta property=\"og:title\" content=\"Ta ucieczka trwa\u0142a niemal ca\u0142e \u017cycie\u2026 Oto mistrz, kt\u00f3ry straci\u0142 wszystko!\" \/>\n<meta property=\"og:description\" content=\"Ca\u0142e \u017cycie kto\u015b go \u015bciga\u0142. Najpierw ojciec, p\u00f3\u017aniej rywale, a nast\u0119pnie urz\u0105d podatkowy. Najtrudniej dopa\u015b\u0107 by\u0142o go jednak w peletonie [&hellip;]\" \/>\n<meta property=\"og:url\" content=\"https:\/\/www.welovecycling.com\/pl\/2020\/01\/02\/ta-ucieczka-trwala-niemal-cale-zycie-oto-mistrz-ktory-stracil-wszystko\/\" \/>\n<meta property=\"og:site_name\" content=\"\u0160koda We Love Cycling - Poland\" \/>\n<meta property=\"article:published_time\" content=\"2020-01-02T09:00:44+00:00\" \/>\n<meta property=\"article:modified_time\" content=\"2020-01-06T18:56:33+00:00\" \/>\n<meta property=\"og:image\" content=\"https:\/\/d2p6e6u75xmxt8.cloudfront.net\/5\/2020\/01\/Freddy-Maertens.jpg\" \/>\n\t<meta property=\"og:image:width\" content=\"780\" \/>\n\t<meta property=\"og:image:height\" content=\"440\" \/>\n\t<meta property=\"og:image:type\" content=\"image\/jpeg\" \/>\n<meta name=\"author\" content=\"piotrboczkowski\" \/>\n<meta name=\"twitter:card\" content=\"summary_large_image\" \/>\n<meta name=\"twitter:label1\" content=\"Written by\" \/>\n\t<meta name=\"twitter:data1\" content=\"Piotr Nowik\" \/>\n\t<meta name=\"twitter:label2\" content=\"Est. reading time\" \/>\n\t<meta name=\"twitter:data2\" content=\"5\" \/>\n<script type=\"application\/ld+json\" class=\"yoast-schema-graph\">{\"@context\":\"https:\/\/schema.org\",\"@graph\":[{\"@type\":\"WebPage\",\"@id\":\"https:\/\/www.welovecycling.com\/pl\/2020\/01\/02\/ta-ucieczka-trwala-niemal-cale-zycie-oto-mistrz-ktory-stracil-wszystko\/\",\"url\":\"https:\/\/www.welovecycling.com\/pl\/2020\/01\/02\/ta-ucieczka-trwala-niemal-cale-zycie-oto-mistrz-ktory-stracil-wszystko\/\",\"name\":\"Ta ucieczka trwa\u0142a niemal ca\u0142e \u017cycie\u2026 Oto mistrz, kt\u00f3ry straci\u0142 wszystko!\",\"isPartOf\":{\"@id\":\"https:\/\/www.welovecycling.com\/pl\/#website\"},\"primaryImageOfPage\":{\"@id\":\"https:\/\/www.welovecycling.com\/pl\/2020\/01\/02\/ta-ucieczka-trwala-niemal-cale-zycie-oto-mistrz-ktory-stracil-wszystko\/#primaryimage\"},\"image\":{\"@id\":\"https:\/\/www.welovecycling.com\/pl\/2020\/01\/02\/ta-ucieczka-trwala-niemal-cale-zycie-oto-mistrz-ktory-stracil-wszystko\/#primaryimage\"},\"thumbnailUrl\":\"https:\/\/d2p6e6u75xmxt8.cloudfront.net\/5\/2020\/01\/Freddy-Maertens.jpg\",\"datePublished\":\"2020-01-02T09:00:44+00:00\",\"dateModified\":\"2020-01-06T18:56:33+00:00\",\"author\":{\"@id\":\"https:\/\/www.welovecycling.com\/pl\/#\/schema\/person\/0dba2d39da943db9df3fd8f4687e7f23\"},\"breadcrumb\":{\"@id\":\"https:\/\/www.welovecycling.com\/pl\/2020\/01\/02\/ta-ucieczka-trwala-niemal-cale-zycie-oto-mistrz-ktory-stracil-wszystko\/#breadcrumb\"},\"inLanguage\":\"pl-PL\",\"potentialAction\":[{\"@type\":\"ReadAction\",\"target\":[\"https:\/\/www.welovecycling.com\/pl\/2020\/01\/02\/ta-ucieczka-trwala-niemal-cale-zycie-oto-mistrz-ktory-stracil-wszystko\/\"]}]},{\"@type\":\"ImageObject\",\"inLanguage\":\"pl-PL\",\"@id\":\"https:\/\/www.welovecycling.com\/pl\/2020\/01\/02\/ta-ucieczka-trwala-niemal-cale-zycie-oto-mistrz-ktory-stracil-wszystko\/#primaryimage\",\"url\":\"https:\/\/d2p6e6u75xmxt8.cloudfront.net\/5\/2020\/01\/Freddy-Maertens.jpg\",\"contentUrl\":\"https:\/\/d2p6e6u75xmxt8.cloudfront.net\/5\/2020\/01\/Freddy-Maertens.jpg\",\"width\":780,\"height\":440,\"caption\":\"http:\/\/www.thebikecomesfirst.com\/freddy-maertens-near-miss\/\"},{\"@type\":\"BreadcrumbList\",\"@id\":\"https:\/\/www.welovecycling.com\/pl\/2020\/01\/02\/ta-ucieczka-trwala-niemal-cale-zycie-oto-mistrz-ktory-stracil-wszystko\/#breadcrumb\",\"itemListElement\":[{\"@type\":\"ListItem\",\"position\":1,\"name\":\"Home\",\"item\":\"https:\/\/www.welovecycling.com\/pl\/\"},{\"@type\":\"ListItem\",\"position\":2,\"name\":\"Ta ucieczka trwa\u0142a niemal ca\u0142e \u017cycie\u2026 Oto mistrz, kt\u00f3ry straci\u0142 wszystko!\"}]},{\"@type\":\"WebSite\",\"@id\":\"https:\/\/www.welovecycling.com\/pl\/#website\",\"url\":\"https:\/\/www.welovecycling.com\/pl\/\",\"name\":\"\u0160koda We Love Cycling - Poland\",\"description\":\"\",\"potentialAction\":[{\"@type\":\"SearchAction\",\"target\":{\"@type\":\"EntryPoint\",\"urlTemplate\":\"https:\/\/www.welovecycling.com\/pl\/?s={search_term_string}\"},\"query-input\":{\"@type\":\"PropertyValueSpecification\",\"valueRequired\":true,\"valueName\":\"search_term_string\"}}],\"inLanguage\":\"pl-PL\"},{\"@type\":\"Person\",\"@id\":\"https:\/\/www.welovecycling.com\/pl\/#\/schema\/person\/0dba2d39da943db9df3fd8f4687e7f23\",\"name\":\"piotrboczkowski\",\"image\":{\"@type\":\"ImageObject\",\"inLanguage\":\"pl-PL\",\"@id\":\"https:\/\/www.welovecycling.com\/pl\/#\/schema\/person\/image\/\",\"url\":\"https:\/\/secure.gravatar.com\/avatar\/533caccae14752e03a2ce2d3fd62d1b98b93e1393c3195c27819e53344ca1ace?s=96&d=mm&r=g\",\"contentUrl\":\"https:\/\/secure.gravatar.com\/avatar\/533caccae14752e03a2ce2d3fd62d1b98b93e1393c3195c27819e53344ca1ace?s=96&d=mm&r=g\",\"caption\":\"piotrboczkowski\"},\"url\":\"https:\/\/www.welovecycling.com\/pl\/author\/piotrboczkowski\/\"}]}<\/script>\n<!-- \/ Yoast SEO Premium plugin. -->","yoast_head_json":{"title":"Ta ucieczka trwa\u0142a niemal ca\u0142e \u017cycie\u2026 Oto mistrz, kt\u00f3ry straci\u0142 wszystko!","robots":{"index":"index","follow":"follow","max-snippet":"max-snippet:-1","max-image-preview":"max-image-preview:large","max-video-preview":"max-video-preview:-1"},"canonical":"https:\/\/www.welovecycling.com\/pl\/2020\/01\/02\/ta-ucieczka-trwala-niemal-cale-zycie-oto-mistrz-ktory-stracil-wszystko\/","og_locale":"pl_PL","og_type":"article","og_title":"Ta ucieczka trwa\u0142a niemal ca\u0142e \u017cycie\u2026 Oto mistrz, kt\u00f3ry straci\u0142 wszystko!","og_description":"Ca\u0142e \u017cycie kto\u015b go \u015bciga\u0142. Najpierw ojciec, p\u00f3\u017aniej rywale, a nast\u0119pnie urz\u0105d podatkowy. Najtrudniej dopa\u015b\u0107 by\u0142o go jednak w peletonie [&hellip;]","og_url":"https:\/\/www.welovecycling.com\/pl\/2020\/01\/02\/ta-ucieczka-trwala-niemal-cale-zycie-oto-mistrz-ktory-stracil-wszystko\/","og_site_name":"\u0160koda We Love Cycling - Poland","article_published_time":"2020-01-02T09:00:44+00:00","article_modified_time":"2020-01-06T18:56:33+00:00","og_image":[{"width":780,"height":440,"url":"https:\/\/d2p6e6u75xmxt8.cloudfront.net\/5\/2020\/01\/Freddy-Maertens.jpg","type":"image\/jpeg"}],"author":"piotrboczkowski","twitter_card":"summary_large_image","twitter_misc":{"Written by":"Piotr Nowik","Est. reading time":"5"},"schema":{"@context":"https:\/\/schema.org","@graph":[{"@type":"WebPage","@id":"https:\/\/www.welovecycling.com\/pl\/2020\/01\/02\/ta-ucieczka-trwala-niemal-cale-zycie-oto-mistrz-ktory-stracil-wszystko\/","url":"https:\/\/www.welovecycling.com\/pl\/2020\/01\/02\/ta-ucieczka-trwala-niemal-cale-zycie-oto-mistrz-ktory-stracil-wszystko\/","name":"Ta ucieczka trwa\u0142a niemal ca\u0142e \u017cycie\u2026 Oto mistrz, kt\u00f3ry straci\u0142 wszystko!","isPartOf":{"@id":"https:\/\/www.welovecycling.com\/pl\/#website"},"primaryImageOfPage":{"@id":"https:\/\/www.welovecycling.com\/pl\/2020\/01\/02\/ta-ucieczka-trwala-niemal-cale-zycie-oto-mistrz-ktory-stracil-wszystko\/#primaryimage"},"image":{"@id":"https:\/\/www.welovecycling.com\/pl\/2020\/01\/02\/ta-ucieczka-trwala-niemal-cale-zycie-oto-mistrz-ktory-stracil-wszystko\/#primaryimage"},"thumbnailUrl":"https:\/\/d2p6e6u75xmxt8.cloudfront.net\/5\/2020\/01\/Freddy-Maertens.jpg","datePublished":"2020-01-02T09:00:44+00:00","dateModified":"2020-01-06T18:56:33+00:00","author":{"@id":"https:\/\/www.welovecycling.com\/pl\/#\/schema\/person\/0dba2d39da943db9df3fd8f4687e7f23"},"breadcrumb":{"@id":"https:\/\/www.welovecycling.com\/pl\/2020\/01\/02\/ta-ucieczka-trwala-niemal-cale-zycie-oto-mistrz-ktory-stracil-wszystko\/#breadcrumb"},"inLanguage":"pl-PL","potentialAction":[{"@type":"ReadAction","target":["https:\/\/www.welovecycling.com\/pl\/2020\/01\/02\/ta-ucieczka-trwala-niemal-cale-zycie-oto-mistrz-ktory-stracil-wszystko\/"]}]},{"@type":"ImageObject","inLanguage":"pl-PL","@id":"https:\/\/www.welovecycling.com\/pl\/2020\/01\/02\/ta-ucieczka-trwala-niemal-cale-zycie-oto-mistrz-ktory-stracil-wszystko\/#primaryimage","url":"https:\/\/d2p6e6u75xmxt8.cloudfront.net\/5\/2020\/01\/Freddy-Maertens.jpg","contentUrl":"https:\/\/d2p6e6u75xmxt8.cloudfront.net\/5\/2020\/01\/Freddy-Maertens.jpg","width":780,"height":440,"caption":"http:\/\/www.thebikecomesfirst.com\/freddy-maertens-near-miss\/"},{"@type":"BreadcrumbList","@id":"https:\/\/www.welovecycling.com\/pl\/2020\/01\/02\/ta-ucieczka-trwala-niemal-cale-zycie-oto-mistrz-ktory-stracil-wszystko\/#breadcrumb","itemListElement":[{"@type":"ListItem","position":1,"name":"Home","item":"https:\/\/www.welovecycling.com\/pl\/"},{"@type":"ListItem","position":2,"name":"Ta ucieczka trwa\u0142a niemal ca\u0142e \u017cycie\u2026 Oto mistrz, kt\u00f3ry straci\u0142 wszystko!"}]},{"@type":"WebSite","@id":"https:\/\/www.welovecycling.com\/pl\/#website","url":"https:\/\/www.welovecycling.com\/pl\/","name":"\u0160koda We Love Cycling - Poland","description":"","potentialAction":[{"@type":"SearchAction","target":{"@type":"EntryPoint","urlTemplate":"https:\/\/www.welovecycling.com\/pl\/?s={search_term_string}"},"query-input":{"@type":"PropertyValueSpecification","valueRequired":true,"valueName":"search_term_string"}}],"inLanguage":"pl-PL"},{"@type":"Person","@id":"https:\/\/www.welovecycling.com\/pl\/#\/schema\/person\/0dba2d39da943db9df3fd8f4687e7f23","name":"piotrboczkowski","image":{"@type":"ImageObject","inLanguage":"pl-PL","@id":"https:\/\/www.welovecycling.com\/pl\/#\/schema\/person\/image\/","url":"https:\/\/secure.gravatar.com\/avatar\/533caccae14752e03a2ce2d3fd62d1b98b93e1393c3195c27819e53344ca1ace?s=96&d=mm&r=g","contentUrl":"https:\/\/secure.gravatar.com\/avatar\/533caccae14752e03a2ce2d3fd62d1b98b93e1393c3195c27819e53344ca1ace?s=96&d=mm&r=g","caption":"piotrboczkowski"},"url":"https:\/\/www.welovecycling.com\/pl\/author\/piotrboczkowski\/"}]}},"_links":{"self":[{"href":"https:\/\/www.welovecycling.com\/pl\/wp-json\/wp\/v2\/posts\/10141","targetHints":{"allow":["GET"]}}],"collection":[{"href":"https:\/\/www.welovecycling.com\/pl\/wp-json\/wp\/v2\/posts"}],"about":[{"href":"https:\/\/www.welovecycling.com\/pl\/wp-json\/wp\/v2\/types\/post"}],"author":[{"embeddable":true,"href":"https:\/\/www.welovecycling.com\/pl\/wp-json\/wp\/v2\/users\/76"}],"replies":[{"embeddable":true,"href":"https:\/\/www.welovecycling.com\/pl\/wp-json\/wp\/v2\/comments?post=10141"}],"version-history":[{"count":2,"href":"https:\/\/www.welovecycling.com\/pl\/wp-json\/wp\/v2\/posts\/10141\/revisions"}],"predecessor-version":[{"id":10153,"href":"https:\/\/www.welovecycling.com\/pl\/wp-json\/wp\/v2\/posts\/10141\/revisions\/10153"}],"wp:featuredmedia":[{"embeddable":true,"href":"https:\/\/www.welovecycling.com\/pl\/wp-json\/wp\/v2\/media\/10145"}],"wp:attachment":[{"href":"https:\/\/www.welovecycling.com\/pl\/wp-json\/wp\/v2\/media?parent=10141"}],"wp:term":[{"taxonomy":"category","embeddable":true,"href":"https:\/\/www.welovecycling.com\/pl\/wp-json\/wp\/v2\/categories?post=10141"},{"taxonomy":"post_tag","embeddable":true,"href":"https:\/\/www.welovecycling.com\/pl\/wp-json\/wp\/v2\/tags?post=10141"},{"taxonomy":"global-categories","embeddable":true,"href":"https:\/\/www.welovecycling.com\/pl\/wp-json\/wp\/v2\/global-categories?post=10141"}],"curies":[{"name":"wp","href":"https:\/\/api.w.org\/{rel}","templated":true}]}}