{"id":10138,"date":"2019-12-31T09:00:54","date_gmt":"2019-12-31T09:00:54","guid":{"rendered":"https:\/\/www.welovecycling.com\/pl\/?p=10138"},"modified":"2020-01-06T18:57:32","modified_gmt":"2020-01-06T18:57:32","slug":"to-byl-ich-czas-czym-jeszcze-kolarstwo-nas-zaskoczy","status":"publish","type":"post","link":"https:\/\/www.welovecycling.com\/pl\/2019\/12\/31\/to-byl-ich-czas-czym-jeszcze-kolarstwo-nas-zaskoczy\/","title":{"rendered":"To by\u0142 ich czas! Czym jeszcze kolarstwo nas zaskoczy?"},"content":{"rendered":"<p><strong>Up\u0142yn\u0105\u0142 pod znakiem zaskakuj\u0105cych rozstrzygni\u0119\u0107, pechowych zdarze\u0144 i eksplozji talentu pewnego m\u0142odziana. Oto najwa\u017cniejsze kolarskie wydarzenia, kt\u00f3re zapami\u0119tamy z 2019 roku.<\/strong><\/p>\n<p>Zacz\u0119\u0142o si\u0119 w miejscu, gdzie Nowy Rok wita si\u0119 najwcze\u015bniej, czyli w Australii. Tam pierwsze zawody z cyklu UCI World Tour w 2019 r. wygra\u0142 Jamajczyk <strong>Daryl Impey <\/strong>(Michelton-Scott), co potwierdzi\u0142o, \u017ce najlepsi zawodnicy inauguracji sezonu nie traktuj\u0105 \u015bmiertelnie powa\u017cnie.<\/p>\n<p>Cz\u0119\u015b\u0107 ekspert\u00f3w uwa\u017ca\u0142a, \u017ce jeszcze w marcu czo\u0142owi kolarze pogr\u0105\u017ceni s\u0105 w zimowym \u015bnie, gdy presti\u017cowy wy\u015bcig Pary\u017c \u2013 Nicea wygra\u0142 <strong>Egan Bernal <\/strong>(Team Ineos). 22-letni m\u0142odzian wcze\u015bniej puchary zgarnia\u0142 g\u0142\u00f3wnie w imprezach juniorskich, wi\u0119c mo\u017cna by\u0142o przypuszcza\u0107, \u017ce zwyci\u0119stwo we Francji to tylko wyskok m\u0142odzie\u017cowej fantazji. Okaza\u0142o si\u0119 jednak, \u017ce to nie przypadek, ale narodziny gwiazdy, kt\u00f3ra rozb\u0142ys\u0142a podczas Tour de France.<\/p>\n<p><strong><span style=\"font-size: 18pt;\">Ekwador oszala\u0142!<\/span><\/strong><\/p>\n<p>Zanim jednak zacz\u0105\u0142 si\u0119 najwi\u0119kszy wy\u015bcig \u015bwiata, kolarze stan\u0119li na starcie Giro d\u2019Italia. \u015aciganie od 11 maja do 2 czerwca, 21 etap\u00f3w, blisko 3,5 tys. km do przejechania, a na ko\u0144cu do\u015b\u0107 zaskakuj\u0105ce rozstrzygni\u0119cie.<\/p>\n<p>Co prawda <strong>Richard Carapaz<\/strong> (Movistar) ju\u017c w poprzednim roku otar\u0142 si\u0119 o podium tej imprezy, ale traktowane by\u0142o to raczej jako szczyt jego mo\u017cliwo\u015bci ni\u017c zapowied\u017a czego\u015b wi\u0119cej. A jednak \u2013 w drugiej cz\u0119\u015bci wy\u015bcigu Ekwadorczyk naci\u0105gn\u0105\u0142 na siebie r\u00f3\u017cow\u0105 koszulk\u0119 lidera i nie odda\u0142 jej ju\u017c do ko\u0144ca.<\/p>\n<p>&#8211;\u00a0 Nikt nie wierzy\u0142, \u017ce mi si\u0119 uda. Nie jestem nawet w stanie wyobrazi\u0107 sobie, co teraz dzieje si\u0119 w moim kraju \u2013 m\u00f3wi\u0142 ze \u0142zami w oczach na mecie ostatniego etapu.<\/p>\n<div class=\"embed-controller-wrapper\">\n<blockquote class=\"twitter-tweet\" data-width=\"500\" data-dnt=\"true\">\n<p lang=\"es\" dir=\"ltr\">\ud83c\uddee\ud83c\uddf9 <a href=\"https:\/\/twitter.com\/hashtag\/Giro?src=hash&amp;ref_src=twsrc%5Etfw\">#Giro<\/a> <a href=\"https:\/\/twitter.com\/hashtag\/Giro102?src=hash&amp;ref_src=twsrc%5Etfw\">#Giro102<\/a> E21\ud83c\udfc1 <a href=\"https:\/\/twitter.com\/hashtag\/Ecuador?src=hash&amp;ref_src=twsrc%5Etfw\">#Ecuador<\/a> \ud83c\uddea\ud83c\udde8 hace Historia Richard Carapaz Campe\u00f3n 2019 del Giro de Italia <a href=\"https:\/\/twitter.com\/RichardCarapazM?ref_src=twsrc%5Etfw\">@RichardCarapazM<\/a> <a href=\"https:\/\/twitter.com\/Movistar_Team?ref_src=twsrc%5Etfw\">@Movistar_Team<\/a>  | <a href=\"https:\/\/twitter.com\/hashtag\/Giro2019?src=hash&amp;ref_src=twsrc%5Etfw\">#Giro2019<\/a> <a href=\"https:\/\/twitter.com\/hashtag\/ElPortalDelCiclismo?src=hash&amp;ref_src=twsrc%5Etfw\">#ElPortalDelCiclismo<\/a> <a href=\"https:\/\/twitter.com\/hashtag\/VamosEscarabajos?src=hash&amp;ref_src=twsrc%5Etfw\">#VamosEscarabajos<\/a> <a href=\"https:\/\/twitter.com\/hashtag\/VamosRichie?src=hash&amp;ref_src=twsrc%5Etfw\">#VamosRichie<\/a> <a href=\"https:\/\/t.co\/Fg0oc5aec1\">pic.twitter.com\/Fg0oc5aec1<\/a><\/p>\n<p>&mdash; Mundo Cicl\u00edstico (@mundociclistico) <a href=\"https:\/\/twitter.com\/mundociclistico\/status\/1135202188026941442?ref_src=twsrc%5Etfw\">June 2, 2019<\/a><\/p><\/blockquote>\n<p><script async data-src=\"https:\/\/platform.twitter.com\/widgets.js\" charset=\"utf-8\"><\/script><\/div>\n<p>Giro d\u2019Italia na sz\u00f3stym miejscu sko\u0144czy\u0142 Rafa\u0142 Majka (Bora-hansgrohe).<\/p>\n<p><span style=\"font-size: 18pt;\"><strong>Powa\u017cny wypadek faworyta<\/strong><\/span><\/p>\n<p>P\u00f3\u017aniej zacz\u0119\u0142o si\u0119 ju\u017c odliczanie do Tour de France. Przerwa\u0142a je jednak informacja o wypadku <strong>Christophera Froome\u2019a <\/strong>(Team Ineos)<strong>.<\/strong> Brytyjczyk mia\u0142 walczy\u0107 o wej\u015bcie do historii Wielkiej P\u0119tli (gdyby wygra\u0142 po raz pi\u0105ty, to liczb\u0105 triumf\u00f3w zr\u00f3wna\u0142by si\u0119 z najlepszymi), ale szybko okaza\u0142o si\u0119, \u017ce plany musi od\u0142o\u017cy\u0107 co najmniej do 2020 roku. Pow\u00f3d? 12 czerwca, podczas rekonesansu przed 4. etapem Criterium du Dauphine, uderzy\u0142 w kamienny murek i to z pr\u0119dko\u015bci\u0105 54 km\/h!<\/p>\n<p>&#8211; Chcia\u0142 wysi\u0105ka\u0107 nos i zdj\u0105\u0142 r\u0119k\u0119 z kierownicy. Wtedy otrzyma\u0142 podmuch wiatru i straci\u0142 kontrol\u0119 nad rowerem \u2013 m\u00f3wi\u0142\u00a0 na antenie BBC Dave Brailsford, szef grupy Ineos.<\/p>\n<p>Froome jeszcze \u0142udzi\u0142 si\u0119, \u017ce by\u0107 mo\u017ce zd\u0105\u017cy wykurowa\u0107 si\u0119 na Wielk\u0105 P\u0119tl\u0119, ale okaza\u0142o si\u0119, \u017ce do sprawno\u015bci wr\u00f3ci\u0142 dopiero p\u00f3\u0142 roku p\u00f3\u017aniej.<\/p>\n<p><span style=\"font-size: 18pt;\"><strong>Pierwszy taki od 110 lat!<\/strong><\/span><\/p>\n<p>W tej sytuacji z\u0119by na wygran\u0105 w Tour de France zacz\u0119\u0142o ostrzy\u0107 sobie wielu kolarzy. Zacz\u0119\u0142o si\u0119 w Brukseli, gdzie zawodnik\u00f3w go\u015bci\u0142 wielki obywatel tego miasta \u2013 Eddy Merckx, pi\u0119ciokrotny zwyci\u0119zca Tour de France. Tam koszulk\u0119 lidera zdoby\u0142 Mike Teunissen (Jumbo-VIsma), ale p\u00f3\u017aniej do g\u0142osu doszed\u0142 wielki faworyt gospodarzy &#8211; Julian Alaphilippe (Deceuninck-Quick Step). Z ma\u0142ymi przerwami prowadzi\u0142 w klasyfikacji generalnej a\u017c do 19. etapu, jednak p\u00f3\u017aniej zacz\u0119\u0142y si\u0119 dzia\u0107 rzeczy jakby nie z tej ziemi.<\/p>\n<p>Kolejny etap przerwa\u0142 pogodowy armagedon \u2013 z nieba pada\u0142 \u015bnieg, z g\u00f3r schodzi\u0142y lawiny b\u0142otne, a na tras\u0119 wyjecha\u0142 ci\u0119\u017cki sprz\u0119t. Decyzja mog\u0142a by\u0107 tylko jedna \u2013 skr\u00f3cenie etapu, na czym najbardziej skorzysta\u0142 m\u0142ody <strong>Egan Bernal<\/strong>.\u00a0 Zdetronizowa\u0142 Alaphilippe\u2019a i \u017c\u00f3\u0142tej koszulki nie odda\u0142 a\u017c do P\u00f3l Elizejskich.<\/p>\n<p>Po sp\u0119dzeniu blisko 83 godzin na rowerze i przejechaniu 3500 kilometr\u00f3w, zawodnik Team Ineos wygra\u0142 Wielk\u0105 P\u0119tl\u0119 jako pierwszy Kolumbijczyk w historii! &#8211; Dzi\u015b jestem najszcz\u0119\u015bliwszym facetem na \u015bwiecie, cho\u0107 wci\u0105\u017c nie mog\u0119 uwierzy\u0107, \u017ce zwyci\u0119\u017cy\u0142em. Vive la France, Vive Columbia \u2013 krzycza\u0142 Bernal z podium.<\/p>\n<div class=\"embed-controller-wrapper\">\n<blockquote class=\"twitter-tweet\" data-width=\"500\" data-dnt=\"true\">\n<p lang=\"fr\" dir=\"ltr\">\ud83e\udd42 Champagne for @TeamINEOS ! &#8230; And <a href=\"https:\/\/twitter.com\/petosagan?ref_src=twsrc%5Etfw\">@petosagan<\/a>! \ud83d\ude04<\/p>\n<p>\ud83e\udd42 Champagne pour l&#39;\u00e9quipe Ineos ! &#8230; Et Peter Sagan ! \ud83d\ude04 <a href=\"https:\/\/t.co\/itkJ2j3iJ5\">pic.twitter.com\/itkJ2j3iJ5<\/a><\/p>\n<p>&mdash; Tour de France\u2122 (@LeTour) <a href=\"https:\/\/twitter.com\/LeTour\/status\/1155515020379402240?ref_src=twsrc%5Etfw\">July 28, 2019<\/a><\/p><\/blockquote>\n<p><script async data-src=\"https:\/\/platform.twitter.com\/widgets.js\" charset=\"utf-8\"><\/script><\/div>\n<p>Kolumbijczyk zosta\u0142 najm\u0142odszym od 110 lat (!) zwyci\u0119zca Wielkiej P\u0119tli. M\u0142odsi od niego byli tylko 22-letni Francois Faber (wygra\u0142 w 1909) oraz 19-letni Henri Cornet (1904).<\/p>\n<p>Chwile chwa\u0142y na Polach Elizejskich mieli r\u00f3wnie\u017c Peter Sagan (zwyci\u0119zca klasyfikacji punktowej sponsorowanej przez \u0160KOD\u0118), Romain Bardet (zwyci\u0119zca klasyfikacji g\u00f3rskiej) oraz Julian Alaphilippe, kt\u00f3ry zosta\u0142 wybrany najaktywniejszym zawodnikiem wy\u015bcigu.<\/p>\n<p>Dla Polak\u00f3w 106. Tour de France te\u017c by\u0142 szczeg\u00f3lny, bo po raz pierwszy w historii pojecha\u0142a w nim polska grupa \u2013 <strong>CCC<\/strong>. Zaznaczy\u0142a swoj\u0105 obecno\u015b\u0107 kilka razy siej\u0105c zam\u0119t w peletonie.<\/p>\n<p><span style=\"font-size: 18pt;\"><strong>Tragedia podczas Tour de Pologne<\/strong><\/span><\/p>\n<p>Gdy opad\u0142 kurz po \u015bciganiu w Tour de France, polscy kibice zacz\u0119li emocjonowa\u0107 si\u0119 Tour de Pologne. Wy\u015bcig wygra\u0142 <strong>Pawie\u0142 Siwakow<\/strong> (Team Ineos), ale wszystkimi wstrz\u0105sn\u0119\u0142o zdarzenie z 5 sierpnia. Peleton przeje\u017cd\u017ca\u0142 przez wie\u015b Be\u0142k. Nikt nie szar\u017cowa\u0142, pr\u0119dko\u015b\u0107 wynosi\u0142a ok. 45 km\/h. W pewnym momencie <strong>Bjorg Lambrecht<\/strong> (Lotto-Soudal) zjecha\u0142 w lewo i wpad\u0142 do rowu. Tam uderzy\u0142 w betonowy przepust i zmar\u0142 po przewiezieniu do szpitala.<\/p>\n<p>Nazajutrz kolarze nie \u015bcigali si\u0119, tylko spokojnie przejechali tras\u0119, oddaj\u0105c ho\u0142d tragicznie zmar\u0142emu kolarzowi. Etap rozpocz\u0105\u0142 si\u0119 od minuty ciszy<\/p>\n<div class=\"embed-controller-wrapper\">\n<blockquote class=\"twitter-tweet\" data-width=\"500\" data-dnt=\"true\">\n<p lang=\"en\" dir=\"ltr\">Forever in our hearts, Bjorg \u2665\ufe0f <a href=\"https:\/\/twitter.com\/hashtag\/ForBjorg?src=hash&amp;ref_src=twsrc%5Etfw\">#ForBjorg<\/a> <a href=\"https:\/\/t.co\/HEl1PMY67R\">https:\/\/t.co\/HEl1PMY67R<\/a><\/p>\n<p>&mdash; Lotto Dstny (@lotto_dstny) <a href=\"https:\/\/twitter.com\/lotto_dstny\/status\/1160489974040584192?ref_src=twsrc%5Etfw\">August 11, 2019<\/a><\/p><\/blockquote>\n<p><script async data-src=\"https:\/\/platform.twitter.com\/widgets.js\" charset=\"utf-8\"><\/script><\/div>\n<p>W ko\u0144cz\u0105cym si\u0119 roku wypadek rowerowy mia\u0142 r\u00f3wnie\u017c <strong>Eddy Merckx<\/strong>. 13 pa\u017adziernika, podczas niedzielnej przeja\u017cd\u017cki rowerowej, legendarny Belg przewr\u00f3ci\u0142 si\u0119 i uderzy\u0142 w g\u0142ow\u0119.<\/p>\n<p>Przez kilka dni nas\u0142uchiwano wie\u015bci ze szpitala, ale okaza\u0142o si\u0119, \u017ce uraz nie by\u0142 gro\u017any.<\/p>\n<p><span style=\"font-size: 18pt;\"><strong>Triumf skoczka narciarskiego<\/strong><\/span><\/p>\n<p>Wcze\u015bniej, bo 15 wrze\u015bnia zako\u0144czy\u0142 si\u0119 ostatni z wielkich tour\u00f3w, czyli Vuelta a Espana, kt\u00f3r\u0105 wygra\u0142\u2026 by\u0142y skoczek narciarski <strong>Primo\u017c Rogli\u0107<\/strong> (Jumbo-Visma) .<\/p>\n<p>\u2013\u00a0 Im bli\u017cej ko\u0144ca, tym robi\u0142o si\u0119 trudniej. Na 19. etapie mocno si\u0119 poobija\u0142em, ale utrzyma\u0142em pozycj\u0119 lidera i jestem szcz\u0119\u015bliwy. Po raz kolejny pokazali\u015bmy, \u017ce mamy mocn\u0105 ekip\u0119 \u2013 podkre\u015bla\u0142 zawodnik Jumbo-Visma.<\/p>\n<p>Vuelt\u0119 na sz\u00f3stym miejscu sko\u0144czy\u0142 Majka.<\/p>\n<p>Ostatnim powa\u017cnym akcentem sezonu by\u0142y oczywi\u015bcie mistrzostwa \u015bwiata i rzeczywi\u015bcie by\u0142o to zako\u0144czenie z b\u0142yskiem. Niestety, nie b\u0142yskiem fajerwerk\u00f3w, ale piorun\u00f3w, kt\u00f3re podczas \u015bcigania w Yorkshire\u00a0 przecina\u0142y niebo.<\/p>\n<p>Pogoda by\u0142a taka, \u017ce wy\u015bcigu ze startu wsp\u00f3lnego nie uko\u0144czy\u0142 \u017caden z Polak\u00f3w, a tytu\u0142 zgarn\u0105\u0142\u00a0 Du\u0144czyk <strong>Mads Pedersen<\/strong>. Z kolei tytu\u0142 mistrza \u015bwiata w je\u017adzie na czas obroni\u0142 Australijczyk <strong>Rohan Dennis<\/strong>.<\/p>\n<div class=\"embed-controller-wrapper\">\n<blockquote class=\"twitter-tweet\" data-width=\"500\" data-dnt=\"true\">\n<p lang=\"en\" dir=\"ltr\">\ud83c\udf08\ud83e\udd47\ud83c\udf08\ud83e\udd47<a href=\"https:\/\/twitter.com\/Mads__Pedersen?ref_src=twsrc%5Etfw\">@Mads__Pedersen<\/a> \ud83c\udde9\ud83c\uddf0 is WORLD CHAMPION!!! <a href=\"https:\/\/twitter.com\/hashtag\/Yorkshire2019?src=hash&amp;ref_src=twsrc%5Etfw\">#Yorkshire2019<\/a> <a href=\"https:\/\/t.co\/4gCcZckJ2X\">pic.twitter.com\/4gCcZckJ2X<\/a><\/p>\n<p>&mdash; UCI (@UCI_cycling) <a href=\"https:\/\/twitter.com\/UCI_cycling\/status\/1178324887338913793?ref_src=twsrc%5Etfw\">September 29, 2019<\/a><\/p><\/blockquote>\n<p><script async data-src=\"https:\/\/platform.twitter.com\/widgets.js\" charset=\"utf-8\"><\/script><\/div>\n<p><span style=\"font-size: 18pt;\"><strong>Wielkie emocje w 2020 roku<\/strong><\/span><\/p>\n<p>A co czeka nas w przysz\u0142ym roku? Fani kolarstwa na czerwono w kalendarzu powinni wpisa\u0107 daty 9 &#8211; 31 maja (rozpocz\u0119cie i zako\u0144czenie Giro d\u2019Italia), 27 czerwca &#8211; 19 lipca (Tour de France), 14 sierpnia \u2013 6 wrze\u015bnia (Vuelta a Espana), 20-27 wrze\u015bnia (mistrzostwa \u015bwiata w Szwajcarii). Do tych imprez dojdzie te\u017c walka o medale olimpijskie. Kolarze szosowi w Japonii rywalizowali b\u0119d\u0105 pod koniec lipca.<\/p>\n<p>Odliczanie czas zacz\u0105\u0107\u2026<\/p>\n<p><span data-sheets-value=\"{&quot;1&quot;:2,&quot;2&quot;:&quot;Artyku\u0142 powsta\u0142 we wsp\u00f3\u0142pracy ze skoda-auto.pl&quot;}\" data-sheets-userformat=\"{&quot;2&quot;:1,&quot;3&quot;:{&quot;1&quot;:0}}\"><a class=\"in-cell-link\" href=\"http:\/\/www.skoda-auto.pl\/\" target=\"_blank\" rel=\"noopener\">Artyku\u0142 powsta\u0142 we wsp\u00f3\u0142pracy ze skoda-auto.pl<\/a><\/span><\/p>\n<p><a href=\"https:\/\/sklep.skoda.pl\/pl\/sklep\/b\/331\/rowery-i-akcesoria-rowery.html\"><img loading=\"lazy\" decoding=\"async\" class=\"aligncenter wp-image-9607 size-full loading\" src=\"https:\/\/d2p6e6u75xmxt8.cloudfront.net\/5\/2019\/08\/baner_WLC_640x350_2.png\" sizes=\"auto, (max-width: 640px) 100vw, 640px\" srcset=\"https:\/\/d2p6e6u75xmxt8.cloudfront.net\/5\/2019\/08\/baner_WLC_640x350_2.png 640w, https:\/\/d2p6e6u75xmxt8.cloudfront.net\/5\/2019\/08\/baner_WLC_640x350_2-300x164.png 300w\" alt=\"\" width=\"640\" height=\"350\" data-was-processed=\"true\" \/><\/a><\/p>\n<p>&nbsp;<\/p>\n<p>&nbsp;<\/p>\n","protected":false},"excerpt":{"rendered":"<p>Up\u0142yn\u0105\u0142 pod znakiem zaskakuj\u0105cych rozstrzygni\u0119\u0107, pechowych zdarze\u0144 i eksplozji talentu pewnego m\u0142odziana. Oto najwa\u017cniejsze kolarskie wydarzenia, kt\u00f3re zapami\u0119tamy z 2019 [&hellip;]<\/p>\n","protected":false},"author":76,"featured_media":9874,"comment_status":"open","ping_status":"open","sticky":false,"template":"","format":"standard","meta":{"footnotes":""},"categories":[226],"tags":[],"global-categories":[],"class_list":["post-10138","post","type-post","status-publish","format-standard","has-post-thumbnail","hentry","category-ciekawostki"],"yoast_head":"<!-- This site is optimized with the Yoast SEO Premium plugin v25.3 (Yoast SEO v25.9) - https:\/\/yoast.com\/wordpress\/plugins\/seo\/ -->\n<title>To by\u0142 ich czas! Czym jeszcze kolarstwo nas zaskoczy?<\/title>\n<meta name=\"robots\" content=\"index, follow, max-snippet:-1, max-image-preview:large, max-video-preview:-1\" \/>\n<link rel=\"canonical\" href=\"https:\/\/www.welovecycling.com\/pl\/2019\/12\/31\/to-byl-ich-czas-czym-jeszcze-kolarstwo-nas-zaskoczy\/\" \/>\n<meta property=\"og:locale\" content=\"pl_PL\" \/>\n<meta property=\"og:type\" content=\"article\" \/>\n<meta property=\"og:title\" content=\"To by\u0142 ich czas! Czym jeszcze kolarstwo nas zaskoczy?\" \/>\n<meta property=\"og:description\" content=\"Up\u0142yn\u0105\u0142 pod znakiem zaskakuj\u0105cych rozstrzygni\u0119\u0107, pechowych zdarze\u0144 i eksplozji talentu pewnego m\u0142odziana. Oto najwa\u017cniejsze kolarskie wydarzenia, kt\u00f3re zapami\u0119tamy z 2019 [&hellip;]\" \/>\n<meta property=\"og:url\" content=\"https:\/\/www.welovecycling.com\/pl\/2019\/12\/31\/to-byl-ich-czas-czym-jeszcze-kolarstwo-nas-zaskoczy\/\" \/>\n<meta property=\"og:site_name\" content=\"\u0160koda We Love Cycling - Poland\" \/>\n<meta property=\"article:published_time\" content=\"2019-12-31T09:00:54+00:00\" \/>\n<meta property=\"article:modified_time\" content=\"2020-01-06T18:57:32+00:00\" \/>\n<meta property=\"og:image\" content=\"https:\/\/d2p6e6u75xmxt8.cloudfront.net\/5\/2019\/10\/Sagan-Cavendish-Crash-CVR-profimedia-0340747368-1024x450.jpg\" \/>\n\t<meta property=\"og:image:width\" content=\"1024\" \/>\n\t<meta property=\"og:image:height\" content=\"450\" \/>\n\t<meta property=\"og:image:type\" content=\"image\/jpeg\" \/>\n<meta name=\"author\" content=\"piotrboczkowski\" \/>\n<meta name=\"twitter:card\" content=\"summary_large_image\" \/>\n<meta name=\"twitter:label1\" content=\"Written by\" \/>\n\t<meta name=\"twitter:data1\" content=\"Piotr Nowik\" \/>\n\t<meta name=\"twitter:label2\" content=\"Est. reading time\" \/>\n\t<meta name=\"twitter:data2\" content=\"4\" \/>\n<script type=\"application\/ld+json\" class=\"yoast-schema-graph\">{\"@context\":\"https:\/\/schema.org\",\"@graph\":[{\"@type\":\"WebPage\",\"@id\":\"https:\/\/www.welovecycling.com\/pl\/2019\/12\/31\/to-byl-ich-czas-czym-jeszcze-kolarstwo-nas-zaskoczy\/\",\"url\":\"https:\/\/www.welovecycling.com\/pl\/2019\/12\/31\/to-byl-ich-czas-czym-jeszcze-kolarstwo-nas-zaskoczy\/\",\"name\":\"To by\u0142 ich czas! Czym jeszcze kolarstwo nas zaskoczy?\",\"isPartOf\":{\"@id\":\"https:\/\/www.welovecycling.com\/pl\/#website\"},\"primaryImageOfPage\":{\"@id\":\"https:\/\/www.welovecycling.com\/pl\/2019\/12\/31\/to-byl-ich-czas-czym-jeszcze-kolarstwo-nas-zaskoczy\/#primaryimage\"},\"image\":{\"@id\":\"https:\/\/www.welovecycling.com\/pl\/2019\/12\/31\/to-byl-ich-czas-czym-jeszcze-kolarstwo-nas-zaskoczy\/#primaryimage\"},\"thumbnailUrl\":\"https:\/\/d2p6e6u75xmxt8.cloudfront.net\/5\/2019\/10\/Sagan-Cavendish-Crash-CVR-profimedia-0340747368-1024x450.jpg\",\"datePublished\":\"2019-12-31T09:00:54+00:00\",\"dateModified\":\"2020-01-06T18:57:32+00:00\",\"author\":{\"@id\":\"https:\/\/www.welovecycling.com\/pl\/#\/schema\/person\/0dba2d39da943db9df3fd8f4687e7f23\"},\"breadcrumb\":{\"@id\":\"https:\/\/www.welovecycling.com\/pl\/2019\/12\/31\/to-byl-ich-czas-czym-jeszcze-kolarstwo-nas-zaskoczy\/#breadcrumb\"},\"inLanguage\":\"pl-PL\",\"potentialAction\":[{\"@type\":\"ReadAction\",\"target\":[\"https:\/\/www.welovecycling.com\/pl\/2019\/12\/31\/to-byl-ich-czas-czym-jeszcze-kolarstwo-nas-zaskoczy\/\"]}]},{\"@type\":\"ImageObject\",\"inLanguage\":\"pl-PL\",\"@id\":\"https:\/\/www.welovecycling.com\/pl\/2019\/12\/31\/to-byl-ich-czas-czym-jeszcze-kolarstwo-nas-zaskoczy\/#primaryimage\",\"url\":\"https:\/\/d2p6e6u75xmxt8.cloudfront.net\/5\/2019\/10\/Sagan-Cavendish-Crash-CVR-profimedia-0340747368-1024x450.jpg\",\"contentUrl\":\"https:\/\/d2p6e6u75xmxt8.cloudfront.net\/5\/2019\/10\/Sagan-Cavendish-Crash-CVR-profimedia-0340747368-1024x450.jpg\",\"width\":1024,\"height\":450},{\"@type\":\"BreadcrumbList\",\"@id\":\"https:\/\/www.welovecycling.com\/pl\/2019\/12\/31\/to-byl-ich-czas-czym-jeszcze-kolarstwo-nas-zaskoczy\/#breadcrumb\",\"itemListElement\":[{\"@type\":\"ListItem\",\"position\":1,\"name\":\"Home\",\"item\":\"https:\/\/www.welovecycling.com\/pl\/\"},{\"@type\":\"ListItem\",\"position\":2,\"name\":\"To by\u0142 ich czas! Czym jeszcze kolarstwo nas zaskoczy?\"}]},{\"@type\":\"WebSite\",\"@id\":\"https:\/\/www.welovecycling.com\/pl\/#website\",\"url\":\"https:\/\/www.welovecycling.com\/pl\/\",\"name\":\"\u0160koda We Love Cycling - Poland\",\"description\":\"\",\"potentialAction\":[{\"@type\":\"SearchAction\",\"target\":{\"@type\":\"EntryPoint\",\"urlTemplate\":\"https:\/\/www.welovecycling.com\/pl\/?s={search_term_string}\"},\"query-input\":{\"@type\":\"PropertyValueSpecification\",\"valueRequired\":true,\"valueName\":\"search_term_string\"}}],\"inLanguage\":\"pl-PL\"},{\"@type\":\"Person\",\"@id\":\"https:\/\/www.welovecycling.com\/pl\/#\/schema\/person\/0dba2d39da943db9df3fd8f4687e7f23\",\"name\":\"piotrboczkowski\",\"image\":{\"@type\":\"ImageObject\",\"inLanguage\":\"pl-PL\",\"@id\":\"https:\/\/www.welovecycling.com\/pl\/#\/schema\/person\/image\/\",\"url\":\"https:\/\/secure.gravatar.com\/avatar\/533caccae14752e03a2ce2d3fd62d1b98b93e1393c3195c27819e53344ca1ace?s=96&d=mm&r=g\",\"contentUrl\":\"https:\/\/secure.gravatar.com\/avatar\/533caccae14752e03a2ce2d3fd62d1b98b93e1393c3195c27819e53344ca1ace?s=96&d=mm&r=g\",\"caption\":\"piotrboczkowski\"},\"url\":\"https:\/\/www.welovecycling.com\/pl\/author\/piotrboczkowski\/\"}]}<\/script>\n<!-- \/ Yoast SEO Premium plugin. -->","yoast_head_json":{"title":"To by\u0142 ich czas! Czym jeszcze kolarstwo nas zaskoczy?","robots":{"index":"index","follow":"follow","max-snippet":"max-snippet:-1","max-image-preview":"max-image-preview:large","max-video-preview":"max-video-preview:-1"},"canonical":"https:\/\/www.welovecycling.com\/pl\/2019\/12\/31\/to-byl-ich-czas-czym-jeszcze-kolarstwo-nas-zaskoczy\/","og_locale":"pl_PL","og_type":"article","og_title":"To by\u0142 ich czas! Czym jeszcze kolarstwo nas zaskoczy?","og_description":"Up\u0142yn\u0105\u0142 pod znakiem zaskakuj\u0105cych rozstrzygni\u0119\u0107, pechowych zdarze\u0144 i eksplozji talentu pewnego m\u0142odziana. Oto najwa\u017cniejsze kolarskie wydarzenia, kt\u00f3re zapami\u0119tamy z 2019 [&hellip;]","og_url":"https:\/\/www.welovecycling.com\/pl\/2019\/12\/31\/to-byl-ich-czas-czym-jeszcze-kolarstwo-nas-zaskoczy\/","og_site_name":"\u0160koda We Love Cycling - Poland","article_published_time":"2019-12-31T09:00:54+00:00","article_modified_time":"2020-01-06T18:57:32+00:00","og_image":[{"width":1024,"height":450,"url":"https:\/\/d2p6e6u75xmxt8.cloudfront.net\/5\/2019\/10\/Sagan-Cavendish-Crash-CVR-profimedia-0340747368-1024x450.jpg","type":"image\/jpeg"}],"author":"piotrboczkowski","twitter_card":"summary_large_image","twitter_misc":{"Written by":"Piotr Nowik","Est. reading time":"4"},"schema":{"@context":"https:\/\/schema.org","@graph":[{"@type":"WebPage","@id":"https:\/\/www.welovecycling.com\/pl\/2019\/12\/31\/to-byl-ich-czas-czym-jeszcze-kolarstwo-nas-zaskoczy\/","url":"https:\/\/www.welovecycling.com\/pl\/2019\/12\/31\/to-byl-ich-czas-czym-jeszcze-kolarstwo-nas-zaskoczy\/","name":"To by\u0142 ich czas! Czym jeszcze kolarstwo nas zaskoczy?","isPartOf":{"@id":"https:\/\/www.welovecycling.com\/pl\/#website"},"primaryImageOfPage":{"@id":"https:\/\/www.welovecycling.com\/pl\/2019\/12\/31\/to-byl-ich-czas-czym-jeszcze-kolarstwo-nas-zaskoczy\/#primaryimage"},"image":{"@id":"https:\/\/www.welovecycling.com\/pl\/2019\/12\/31\/to-byl-ich-czas-czym-jeszcze-kolarstwo-nas-zaskoczy\/#primaryimage"},"thumbnailUrl":"https:\/\/d2p6e6u75xmxt8.cloudfront.net\/5\/2019\/10\/Sagan-Cavendish-Crash-CVR-profimedia-0340747368-1024x450.jpg","datePublished":"2019-12-31T09:00:54+00:00","dateModified":"2020-01-06T18:57:32+00:00","author":{"@id":"https:\/\/www.welovecycling.com\/pl\/#\/schema\/person\/0dba2d39da943db9df3fd8f4687e7f23"},"breadcrumb":{"@id":"https:\/\/www.welovecycling.com\/pl\/2019\/12\/31\/to-byl-ich-czas-czym-jeszcze-kolarstwo-nas-zaskoczy\/#breadcrumb"},"inLanguage":"pl-PL","potentialAction":[{"@type":"ReadAction","target":["https:\/\/www.welovecycling.com\/pl\/2019\/12\/31\/to-byl-ich-czas-czym-jeszcze-kolarstwo-nas-zaskoczy\/"]}]},{"@type":"ImageObject","inLanguage":"pl-PL","@id":"https:\/\/www.welovecycling.com\/pl\/2019\/12\/31\/to-byl-ich-czas-czym-jeszcze-kolarstwo-nas-zaskoczy\/#primaryimage","url":"https:\/\/d2p6e6u75xmxt8.cloudfront.net\/5\/2019\/10\/Sagan-Cavendish-Crash-CVR-profimedia-0340747368-1024x450.jpg","contentUrl":"https:\/\/d2p6e6u75xmxt8.cloudfront.net\/5\/2019\/10\/Sagan-Cavendish-Crash-CVR-profimedia-0340747368-1024x450.jpg","width":1024,"height":450},{"@type":"BreadcrumbList","@id":"https:\/\/www.welovecycling.com\/pl\/2019\/12\/31\/to-byl-ich-czas-czym-jeszcze-kolarstwo-nas-zaskoczy\/#breadcrumb","itemListElement":[{"@type":"ListItem","position":1,"name":"Home","item":"https:\/\/www.welovecycling.com\/pl\/"},{"@type":"ListItem","position":2,"name":"To by\u0142 ich czas! Czym jeszcze kolarstwo nas zaskoczy?"}]},{"@type":"WebSite","@id":"https:\/\/www.welovecycling.com\/pl\/#website","url":"https:\/\/www.welovecycling.com\/pl\/","name":"\u0160koda We Love Cycling - Poland","description":"","potentialAction":[{"@type":"SearchAction","target":{"@type":"EntryPoint","urlTemplate":"https:\/\/www.welovecycling.com\/pl\/?s={search_term_string}"},"query-input":{"@type":"PropertyValueSpecification","valueRequired":true,"valueName":"search_term_string"}}],"inLanguage":"pl-PL"},{"@type":"Person","@id":"https:\/\/www.welovecycling.com\/pl\/#\/schema\/person\/0dba2d39da943db9df3fd8f4687e7f23","name":"piotrboczkowski","image":{"@type":"ImageObject","inLanguage":"pl-PL","@id":"https:\/\/www.welovecycling.com\/pl\/#\/schema\/person\/image\/","url":"https:\/\/secure.gravatar.com\/avatar\/533caccae14752e03a2ce2d3fd62d1b98b93e1393c3195c27819e53344ca1ace?s=96&d=mm&r=g","contentUrl":"https:\/\/secure.gravatar.com\/avatar\/533caccae14752e03a2ce2d3fd62d1b98b93e1393c3195c27819e53344ca1ace?s=96&d=mm&r=g","caption":"piotrboczkowski"},"url":"https:\/\/www.welovecycling.com\/pl\/author\/piotrboczkowski\/"}]}},"_links":{"self":[{"href":"https:\/\/www.welovecycling.com\/pl\/wp-json\/wp\/v2\/posts\/10138","targetHints":{"allow":["GET"]}}],"collection":[{"href":"https:\/\/www.welovecycling.com\/pl\/wp-json\/wp\/v2\/posts"}],"about":[{"href":"https:\/\/www.welovecycling.com\/pl\/wp-json\/wp\/v2\/types\/post"}],"author":[{"embeddable":true,"href":"https:\/\/www.welovecycling.com\/pl\/wp-json\/wp\/v2\/users\/76"}],"replies":[{"embeddable":true,"href":"https:\/\/www.welovecycling.com\/pl\/wp-json\/wp\/v2\/comments?post=10138"}],"version-history":[{"count":1,"href":"https:\/\/www.welovecycling.com\/pl\/wp-json\/wp\/v2\/posts\/10138\/revisions"}],"predecessor-version":[{"id":10140,"href":"https:\/\/www.welovecycling.com\/pl\/wp-json\/wp\/v2\/posts\/10138\/revisions\/10140"}],"wp:featuredmedia":[{"embeddable":true,"href":"https:\/\/www.welovecycling.com\/pl\/wp-json\/wp\/v2\/media\/9874"}],"wp:attachment":[{"href":"https:\/\/www.welovecycling.com\/pl\/wp-json\/wp\/v2\/media?parent=10138"}],"wp:term":[{"taxonomy":"category","embeddable":true,"href":"https:\/\/www.welovecycling.com\/pl\/wp-json\/wp\/v2\/categories?post=10138"},{"taxonomy":"post_tag","embeddable":true,"href":"https:\/\/www.welovecycling.com\/pl\/wp-json\/wp\/v2\/tags?post=10138"},{"taxonomy":"global-categories","embeddable":true,"href":"https:\/\/www.welovecycling.com\/pl\/wp-json\/wp\/v2\/global-categories?post=10138"}],"curies":[{"name":"wp","href":"https:\/\/api.w.org\/{rel}","templated":true}]}}