{"id":10135,"date":"2019-12-30T09:00:24","date_gmt":"2019-12-30T09:00:24","guid":{"rendered":"https:\/\/www.welovecycling.com\/pl\/?p=10135"},"modified":"2020-01-06T18:58:03","modified_gmt":"2020-01-06T18:58:03","slug":"nowe-badanie-wiekszosc-kontuzjowanych-rowerzystow-nie-nosila-kaskow","status":"publish","type":"post","link":"https:\/\/www.welovecycling.com\/pl\/2019\/12\/30\/nowe-badanie-wiekszosc-kontuzjowanych-rowerzystow-nie-nosila-kaskow\/","title":{"rendered":"Nowe badanie: wi\u0119kszo\u015b\u0107 kontuzjowanych rowerzyst\u00f3w nie nosi\u0142a kask\u00f3w"},"content":{"rendered":"<p><strong>Nowe badanie podkre\u015bla znaczenie noszenia kasku, poniewa\u017c pokazuje, co si\u0119 dzieje, gdy tego nie robisz. Badacze przeanalizowali ponad 70 000 wypadk\u00f3w rowerowych i zauwa\u017cyli, \u017ce tylko 22% rannych rowerzyst\u00f3w nosi\u0142o kaski. Jaki wp\u0142yw mia\u0142 kask na stopie\u0144 obra\u017ce\u0144 i powr\u00f3t do zdrowia?<\/strong><\/p>\n<p>Zesp\u00f3\u0142 badawczy sk\u0142adaj\u0105cy si\u0119 z Charlesa R. Drewa z Uniwersytetu Medycyny i Nauki i Davida Geffena ze School of Medicine na Uniwersytecie Kalifornijskim przeanalizowa\u0142 dane o 76032 rowerzystach (81,1% m\u0119\u017cczyzn i 18,9% kobiet) z National Trauma Data Bank z 10 lat (2002\u20132012). Wnioski badaczy potwierdzaj\u0105 pogl\u0105d, \u017ce wszyscy rowerzy\u015bci mogliby skorzysta\u0107 na noszeniu kask\u00f3w.<\/p>\n<figure id=\"attachment_164457\" aria-describedby=\"caption-attachment-164457\" style=\"width: 1250px\" class=\"wp-caption alignnone\"><img loading=\"lazy\" decoding=\"async\" class=\"initial loaded wp-image-164457 size-full\" src=\"https:\/\/d2p6e6u75xmxt8.cloudfront.net\/2\/2018\/04\/profimedia-0209537683.jpg\" sizes=\"auto, (max-width: 1250px) 100vw, 1250px\" srcset=\"https:\/\/d2p6e6u75xmxt8.cloudfront.net\/2\/2018\/04\/profimedia-0209537683.jpg 1250w, https:\/\/d2p6e6u75xmxt8.cloudfront.net\/2\/2018\/04\/profimedia-0209537683-300x198.jpg 300w, https:\/\/d2p6e6u75xmxt8.cloudfront.net\/2\/2018\/04\/profimedia-0209537683-768x508.jpg 768w, https:\/\/d2p6e6u75xmxt8.cloudfront.net\/2\/2018\/04\/profimedia-0209537683-1024x677.jpg 1024w\" alt=\"\" width=\"1250\" height=\"827\" data-was-processed=\"true\" \/><figcaption id=\"caption-attachment-164457\" class=\"wp-caption-text\">Kobieta w kasku jad\u0105ca w pobli\u017cu Whitehall \u00a9 Profimedia<\/figcaption><\/figure>\n<p><span style=\"font-size: 18pt;\"><strong>Noszenie kasku skraca pobyt w szpitalu<\/strong><\/span><\/p>\n<p>Na 76032 rowerzyst\u00f3w z urazami g\u0142owy lub szyi tylko 22% nosi\u0142o kaski \u2013 to szokuj\u0105ce! Autorzy badania stwierdzili, \u017ce za\u0142o\u017cony kask znacznie zmniejszy\u0142 ci\u0119\u017cko\u015b\u0107 obra\u017ce\u0144, d\u0142ugo\u015b\u0107 pobytu na oddziale intensywnej terapii, d\u0142ugo\u015b\u0107 og\u00f3lnego pobytu w szpitalu i ca\u0142kowit\u0105 \u015bmiertelno\u015b\u0107. Zatem 78% rowerzyst\u00f3w bez kask\u00f3w mia\u0142o znacznie gorsze wyniki w tym zakresie.<\/p>\n<p><span style=\"font-size: 18pt;\"><strong>Zar\u00f3wno m\u0119\u017cczy\u017ani, jak i kobiety czerpali korzy\u015bci z noszenia kasku<\/strong><\/span><\/p>\n<p>Badanie wykaza\u0142o r\u00f3wnie\u017c, \u017ce kobiety cz\u0119\u015bciej u\u017cywa\u0142y kasku (28,3%) ni\u017c m\u0119\u017cczy\u017ani (tylko 20,6%). Odpowiada to temu, \u017ce w\u015br\u00f3d os\u00f3b, kt\u00f3re dozna\u0142y obra\u017ce\u0144 g\u0142owy lub szyi, m\u0119\u017cczy\u017ani byli o 36% bardziej nara\u017ceni na \u015bmier\u0107 ni\u017c kobiety. R\u00f3wnie\u017c wska\u017aniki ci\u0119\u017cko\u015bci obra\u017ce\u0144, d\u0142ugo\u015bci pobytu w szpitalu i czasu intensywnej opieki medycznej by\u0142y wi\u0119ksze dla m\u0119\u017cczyzn ni\u017c dla kobiet.<\/p>\n<p><img loading=\"lazy\" decoding=\"async\" class=\"size-full wp-image-172971 loading\" src=\"https:\/\/d2p6e6u75xmxt8.cloudfront.net\/2\/2019\/03\/profimedia-0346857655.jpg\" sizes=\"auto, (max-width: 1250px) 100vw, 1250px\" srcset=\"https:\/\/d2p6e6u75xmxt8.cloudfront.net\/2\/2019\/03\/profimedia-0346857655.jpg 1250w, https:\/\/d2p6e6u75xmxt8.cloudfront.net\/2\/2019\/03\/profimedia-0346857655-300x200.jpg 300w, https:\/\/d2p6e6u75xmxt8.cloudfront.net\/2\/2019\/03\/profimedia-0346857655-768x512.jpg 768w, https:\/\/d2p6e6u75xmxt8.cloudfront.net\/2\/2019\/03\/profimedia-0346857655-1024x683.jpg 1024w, https:\/\/d2p6e6u75xmxt8.cloudfront.net\/2\/2019\/03\/profimedia-0346857655-272x182.jpg 272w\" alt=\"\" width=\"1250\" height=\"834\" data-was-processed=\"true\" \/><\/p>\n<p>\u201eBy\u0107 mo\u017ce nie jest zaskakuj\u0105ce, \u017ce kobiety, kt\u00f3re bra\u0142y udzia\u0142 w wypadku, cz\u0119\u015bciej nosi\u0142y kask ni\u017c m\u0119\u017cczy\u017ani. Jednak nie jest do ko\u0144ca jasne, dlaczego m\u0119\u017cczyzn dotyczy wi\u0119cej dni hospitalizacji i intensywnej opieki, a tak\u017ce wy\u017csza \u015bmiertelno\u015b\u0107\u201d \u2013 twierdz\u0105 autorzy. \u201eNasza analiza pokazuje jednak, \u017ce kobiety i m\u0119\u017cczy\u017ani czerpali korzy\u015bci niemal w r\u00f3wnym stopniu z noszenia kasku\u201d.<\/p>\n<p><strong><span style=\"font-size: 18pt;\">Dzieci poni\u017cej 17. roku \u017cycia najbardziej potrzebuj\u0105 kask\u00f3w<\/span><\/strong><\/p>\n<p>Badanie pokaza\u0142o r\u00f3wnie\u017c, \u017ce u\u017cywanie kasku by\u0142o najwy\u017csze w\u015br\u00f3d doros\u0142ych po 40. roku \u017cycia (31,8%), a najni\u017csze w\u015br\u00f3d dzieci poni\u017cej 17 lat \u2013 jedynie 12,1%. Autorzy spekuluj\u0105, \u017ce przyczyn\u0105 mo\u017ce by\u0107 postrzeganie przez m\u0142odych ludzi kask\u00f3w jako \u201eniewygodnych\u201d i \u201edenerwuj\u0105cych\u201d.<\/p>\n<p>\u201eNasze ustalenia i inne badania sugeruj\u0105, \u017ce obowi\u0105zkowe przepisy dotycz\u0105ce kask\u00f3w mog\u0105 poprawi\u0107 statystyki dotycz\u0105ce wypadk\u00f3w na rowerze i obra\u017ce\u0144. Grupy ryzyka mog\u0105 skorzysta\u0107 z program\u00f3w zapobiegania urazom i program\u00f3w pomocowych, kt\u00f3rych celem jest zwi\u0119kszenie liczby rowerzyst\u00f3w u\u017cywaj\u0105cych kask\u00f3w\u201d.<br \/>\n<span data-sheets-value=\"{&quot;1&quot;:2,&quot;2&quot;:&quot;Artyku\u0142 powsta\u0142 we wsp\u00f3\u0142pracy ze skoda-auto.pl&quot;}\" data-sheets-userformat=\"{&quot;2&quot;:1,&quot;3&quot;:{&quot;1&quot;:0}}\" data-sheets-hyperlink=\"http:\/\/www.skoda-auto.pl\/\"><a class=\"in-cell-link\" href=\"http:\/\/www.skoda-auto.pl\/\" target=\"_blank\" rel=\"noopener\">Artyku\u0142 powsta\u0142 we wsp\u00f3\u0142pracy ze skoda-auto.pl<\/a><\/span><\/p>\n<p><a href=\"https:\/\/sklep.skoda.pl\/pl\/sklep\/b\/331\/rowery-i-akcesoria-rowery.html\"><img loading=\"lazy\" decoding=\"async\" class=\"aligncenter wp-image-9608 size-full\" src=\"https:\/\/d2p6e6u75xmxt8.cloudfront.net\/5\/2019\/08\/baner_WLC_640x350_3.png\" alt=\"\" width=\"640\" height=\"350\" srcset=\"https:\/\/d2p6e6u75xmxt8.cloudfront.net\/5\/2019\/08\/baner_WLC_640x350_3.png 640w, https:\/\/d2p6e6u75xmxt8.cloudfront.net\/5\/2019\/08\/baner_WLC_640x350_3-300x164.png 300w\" sizes=\"auto, (max-width: 640px) 100vw, 640px\" \/><\/a><\/p>\n","protected":false},"excerpt":{"rendered":"<p>Nowe badanie podkre\u015bla znaczenie noszenia kasku, poniewa\u017c pokazuje, co si\u0119 dzieje, gdy tego nie robisz. Badacze przeanalizowali ponad 70 000 [&hellip;]<\/p>\n","protected":false},"author":76,"featured_media":10136,"comment_status":"open","ping_status":"open","sticky":false,"template":"","format":"standard","meta":{"footnotes":""},"categories":[7],"tags":[],"global-categories":[],"class_list":["post-10135","post","type-post","status-publish","format-standard","has-post-thumbnail","hentry","category-bezpieczenstwo"],"yoast_head":"<!-- This site is optimized with the Yoast SEO Premium plugin v25.3 (Yoast SEO v25.9) - https:\/\/yoast.com\/wordpress\/plugins\/seo\/ -->\n<title>Nowe badanie: wi\u0119kszo\u015b\u0107 kontuzjowanych rowerzyst\u00f3w nie nosi\u0142a kask\u00f3w - \u0160koda We Love Cycling - Poland<\/title>\n<meta name=\"robots\" content=\"index, follow, max-snippet:-1, max-image-preview:large, max-video-preview:-1\" \/>\n<link rel=\"canonical\" href=\"https:\/\/www.welovecycling.com\/pl\/2019\/12\/30\/nowe-badanie-wiekszosc-kontuzjowanych-rowerzystow-nie-nosila-kaskow\/\" \/>\n<meta property=\"og:locale\" content=\"pl_PL\" \/>\n<meta property=\"og:type\" content=\"article\" \/>\n<meta property=\"og:title\" content=\"Nowe badanie: wi\u0119kszo\u015b\u0107 kontuzjowanych rowerzyst\u00f3w nie nosi\u0142a kask\u00f3w\" \/>\n<meta property=\"og:description\" content=\"Nowe badanie podkre\u015bla znaczenie noszenia kasku, poniewa\u017c pokazuje, co si\u0119 dzieje, gdy tego nie robisz. Badacze przeanalizowali ponad 70 000 [&hellip;]\" \/>\n<meta property=\"og:url\" content=\"https:\/\/www.welovecycling.com\/pl\/2019\/12\/30\/nowe-badanie-wiekszosc-kontuzjowanych-rowerzystow-nie-nosila-kaskow\/\" \/>\n<meta property=\"og:site_name\" content=\"\u0160koda We Love Cycling - Poland\" \/>\n<meta property=\"article:published_time\" content=\"2019-12-30T09:00:24+00:00\" \/>\n<meta property=\"article:modified_time\" content=\"2020-01-06T18:58:03+00:00\" \/>\n<meta property=\"og:image\" content=\"https:\/\/d2p6e6u75xmxt8.cloudfront.net\/5\/2019\/12\/London-Cycling-CVR-profimedia-0057037415-1024x450.jpg\" \/>\n\t<meta property=\"og:image:width\" content=\"1024\" \/>\n\t<meta property=\"og:image:height\" content=\"450\" \/>\n\t<meta property=\"og:image:type\" content=\"image\/jpeg\" \/>\n<meta name=\"author\" content=\"piotrboczkowski\" \/>\n<meta name=\"twitter:card\" content=\"summary_large_image\" \/>\n<meta name=\"twitter:label1\" content=\"Written by\" \/>\n\t<meta name=\"twitter:data1\" content=\"Jiri Kaloc\" \/>\n\t<meta name=\"twitter:label2\" content=\"Est. reading time\" \/>\n\t<meta name=\"twitter:data2\" content=\"4\" \/>\n<script type=\"application\/ld+json\" class=\"yoast-schema-graph\">{\"@context\":\"https:\/\/schema.org\",\"@graph\":[{\"@type\":\"WebPage\",\"@id\":\"https:\/\/www.welovecycling.com\/pl\/2019\/12\/30\/nowe-badanie-wiekszosc-kontuzjowanych-rowerzystow-nie-nosila-kaskow\/\",\"url\":\"https:\/\/www.welovecycling.com\/pl\/2019\/12\/30\/nowe-badanie-wiekszosc-kontuzjowanych-rowerzystow-nie-nosila-kaskow\/\",\"name\":\"Nowe badanie: wi\u0119kszo\u015b\u0107 kontuzjowanych rowerzyst\u00f3w nie nosi\u0142a kask\u00f3w - \u0160koda We Love Cycling - Poland\",\"isPartOf\":{\"@id\":\"https:\/\/www.welovecycling.com\/pl\/#website\"},\"primaryImageOfPage\":{\"@id\":\"https:\/\/www.welovecycling.com\/pl\/2019\/12\/30\/nowe-badanie-wiekszosc-kontuzjowanych-rowerzystow-nie-nosila-kaskow\/#primaryimage\"},\"image\":{\"@id\":\"https:\/\/www.welovecycling.com\/pl\/2019\/12\/30\/nowe-badanie-wiekszosc-kontuzjowanych-rowerzystow-nie-nosila-kaskow\/#primaryimage\"},\"thumbnailUrl\":\"https:\/\/d2p6e6u75xmxt8.cloudfront.net\/5\/2019\/12\/London-Cycling-CVR-profimedia-0057037415-1024x450.jpg\",\"datePublished\":\"2019-12-30T09:00:24+00:00\",\"dateModified\":\"2020-01-06T18:58:03+00:00\",\"author\":{\"@id\":\"https:\/\/www.welovecycling.com\/pl\/#\/schema\/person\/0dba2d39da943db9df3fd8f4687e7f23\"},\"breadcrumb\":{\"@id\":\"https:\/\/www.welovecycling.com\/pl\/2019\/12\/30\/nowe-badanie-wiekszosc-kontuzjowanych-rowerzystow-nie-nosila-kaskow\/#breadcrumb\"},\"inLanguage\":\"pl-PL\",\"potentialAction\":[{\"@type\":\"ReadAction\",\"target\":[\"https:\/\/www.welovecycling.com\/pl\/2019\/12\/30\/nowe-badanie-wiekszosc-kontuzjowanych-rowerzystow-nie-nosila-kaskow\/\"]}]},{\"@type\":\"ImageObject\",\"inLanguage\":\"pl-PL\",\"@id\":\"https:\/\/www.welovecycling.com\/pl\/2019\/12\/30\/nowe-badanie-wiekszosc-kontuzjowanych-rowerzystow-nie-nosila-kaskow\/#primaryimage\",\"url\":\"https:\/\/d2p6e6u75xmxt8.cloudfront.net\/5\/2019\/12\/London-Cycling-CVR-profimedia-0057037415-1024x450.jpg\",\"contentUrl\":\"https:\/\/d2p6e6u75xmxt8.cloudfront.net\/5\/2019\/12\/London-Cycling-CVR-profimedia-0057037415-1024x450.jpg\",\"width\":1024,\"height\":450},{\"@type\":\"BreadcrumbList\",\"@id\":\"https:\/\/www.welovecycling.com\/pl\/2019\/12\/30\/nowe-badanie-wiekszosc-kontuzjowanych-rowerzystow-nie-nosila-kaskow\/#breadcrumb\",\"itemListElement\":[{\"@type\":\"ListItem\",\"position\":1,\"name\":\"Home\",\"item\":\"https:\/\/www.welovecycling.com\/pl\/\"},{\"@type\":\"ListItem\",\"position\":2,\"name\":\"Nowe badanie: wi\u0119kszo\u015b\u0107 kontuzjowanych rowerzyst\u00f3w nie nosi\u0142a kask\u00f3w\"}]},{\"@type\":\"WebSite\",\"@id\":\"https:\/\/www.welovecycling.com\/pl\/#website\",\"url\":\"https:\/\/www.welovecycling.com\/pl\/\",\"name\":\"\u0160koda We Love Cycling - Poland\",\"description\":\"\",\"potentialAction\":[{\"@type\":\"SearchAction\",\"target\":{\"@type\":\"EntryPoint\",\"urlTemplate\":\"https:\/\/www.welovecycling.com\/pl\/?s={search_term_string}\"},\"query-input\":{\"@type\":\"PropertyValueSpecification\",\"valueRequired\":true,\"valueName\":\"search_term_string\"}}],\"inLanguage\":\"pl-PL\"},{\"@type\":\"Person\",\"@id\":\"https:\/\/www.welovecycling.com\/pl\/#\/schema\/person\/0dba2d39da943db9df3fd8f4687e7f23\",\"name\":\"piotrboczkowski\",\"image\":{\"@type\":\"ImageObject\",\"inLanguage\":\"pl-PL\",\"@id\":\"https:\/\/www.welovecycling.com\/pl\/#\/schema\/person\/image\/\",\"url\":\"https:\/\/secure.gravatar.com\/avatar\/533caccae14752e03a2ce2d3fd62d1b98b93e1393c3195c27819e53344ca1ace?s=96&d=mm&r=g\",\"contentUrl\":\"https:\/\/secure.gravatar.com\/avatar\/533caccae14752e03a2ce2d3fd62d1b98b93e1393c3195c27819e53344ca1ace?s=96&d=mm&r=g\",\"caption\":\"piotrboczkowski\"},\"url\":\"https:\/\/www.welovecycling.com\/pl\/author\/piotrboczkowski\/\"}]}<\/script>\n<!-- \/ Yoast SEO Premium plugin. -->","yoast_head_json":{"title":"Nowe badanie: wi\u0119kszo\u015b\u0107 kontuzjowanych rowerzyst\u00f3w nie nosi\u0142a kask\u00f3w - \u0160koda We Love Cycling - Poland","robots":{"index":"index","follow":"follow","max-snippet":"max-snippet:-1","max-image-preview":"max-image-preview:large","max-video-preview":"max-video-preview:-1"},"canonical":"https:\/\/www.welovecycling.com\/pl\/2019\/12\/30\/nowe-badanie-wiekszosc-kontuzjowanych-rowerzystow-nie-nosila-kaskow\/","og_locale":"pl_PL","og_type":"article","og_title":"Nowe badanie: wi\u0119kszo\u015b\u0107 kontuzjowanych rowerzyst\u00f3w nie nosi\u0142a kask\u00f3w","og_description":"Nowe badanie podkre\u015bla znaczenie noszenia kasku, poniewa\u017c pokazuje, co si\u0119 dzieje, gdy tego nie robisz. Badacze przeanalizowali ponad 70 000 [&hellip;]","og_url":"https:\/\/www.welovecycling.com\/pl\/2019\/12\/30\/nowe-badanie-wiekszosc-kontuzjowanych-rowerzystow-nie-nosila-kaskow\/","og_site_name":"\u0160koda We Love Cycling - Poland","article_published_time":"2019-12-30T09:00:24+00:00","article_modified_time":"2020-01-06T18:58:03+00:00","og_image":[{"width":1024,"height":450,"url":"https:\/\/d2p6e6u75xmxt8.cloudfront.net\/5\/2019\/12\/London-Cycling-CVR-profimedia-0057037415-1024x450.jpg","type":"image\/jpeg"}],"author":"piotrboczkowski","twitter_card":"summary_large_image","twitter_misc":{"Written by":"Jiri Kaloc","Est. reading time":"4"},"schema":{"@context":"https:\/\/schema.org","@graph":[{"@type":"WebPage","@id":"https:\/\/www.welovecycling.com\/pl\/2019\/12\/30\/nowe-badanie-wiekszosc-kontuzjowanych-rowerzystow-nie-nosila-kaskow\/","url":"https:\/\/www.welovecycling.com\/pl\/2019\/12\/30\/nowe-badanie-wiekszosc-kontuzjowanych-rowerzystow-nie-nosila-kaskow\/","name":"Nowe badanie: wi\u0119kszo\u015b\u0107 kontuzjowanych rowerzyst\u00f3w nie nosi\u0142a kask\u00f3w - \u0160koda We Love Cycling - Poland","isPartOf":{"@id":"https:\/\/www.welovecycling.com\/pl\/#website"},"primaryImageOfPage":{"@id":"https:\/\/www.welovecycling.com\/pl\/2019\/12\/30\/nowe-badanie-wiekszosc-kontuzjowanych-rowerzystow-nie-nosila-kaskow\/#primaryimage"},"image":{"@id":"https:\/\/www.welovecycling.com\/pl\/2019\/12\/30\/nowe-badanie-wiekszosc-kontuzjowanych-rowerzystow-nie-nosila-kaskow\/#primaryimage"},"thumbnailUrl":"https:\/\/d2p6e6u75xmxt8.cloudfront.net\/5\/2019\/12\/London-Cycling-CVR-profimedia-0057037415-1024x450.jpg","datePublished":"2019-12-30T09:00:24+00:00","dateModified":"2020-01-06T18:58:03+00:00","author":{"@id":"https:\/\/www.welovecycling.com\/pl\/#\/schema\/person\/0dba2d39da943db9df3fd8f4687e7f23"},"breadcrumb":{"@id":"https:\/\/www.welovecycling.com\/pl\/2019\/12\/30\/nowe-badanie-wiekszosc-kontuzjowanych-rowerzystow-nie-nosila-kaskow\/#breadcrumb"},"inLanguage":"pl-PL","potentialAction":[{"@type":"ReadAction","target":["https:\/\/www.welovecycling.com\/pl\/2019\/12\/30\/nowe-badanie-wiekszosc-kontuzjowanych-rowerzystow-nie-nosila-kaskow\/"]}]},{"@type":"ImageObject","inLanguage":"pl-PL","@id":"https:\/\/www.welovecycling.com\/pl\/2019\/12\/30\/nowe-badanie-wiekszosc-kontuzjowanych-rowerzystow-nie-nosila-kaskow\/#primaryimage","url":"https:\/\/d2p6e6u75xmxt8.cloudfront.net\/5\/2019\/12\/London-Cycling-CVR-profimedia-0057037415-1024x450.jpg","contentUrl":"https:\/\/d2p6e6u75xmxt8.cloudfront.net\/5\/2019\/12\/London-Cycling-CVR-profimedia-0057037415-1024x450.jpg","width":1024,"height":450},{"@type":"BreadcrumbList","@id":"https:\/\/www.welovecycling.com\/pl\/2019\/12\/30\/nowe-badanie-wiekszosc-kontuzjowanych-rowerzystow-nie-nosila-kaskow\/#breadcrumb","itemListElement":[{"@type":"ListItem","position":1,"name":"Home","item":"https:\/\/www.welovecycling.com\/pl\/"},{"@type":"ListItem","position":2,"name":"Nowe badanie: wi\u0119kszo\u015b\u0107 kontuzjowanych rowerzyst\u00f3w nie nosi\u0142a kask\u00f3w"}]},{"@type":"WebSite","@id":"https:\/\/www.welovecycling.com\/pl\/#website","url":"https:\/\/www.welovecycling.com\/pl\/","name":"\u0160koda We Love Cycling - Poland","description":"","potentialAction":[{"@type":"SearchAction","target":{"@type":"EntryPoint","urlTemplate":"https:\/\/www.welovecycling.com\/pl\/?s={search_term_string}"},"query-input":{"@type":"PropertyValueSpecification","valueRequired":true,"valueName":"search_term_string"}}],"inLanguage":"pl-PL"},{"@type":"Person","@id":"https:\/\/www.welovecycling.com\/pl\/#\/schema\/person\/0dba2d39da943db9df3fd8f4687e7f23","name":"piotrboczkowski","image":{"@type":"ImageObject","inLanguage":"pl-PL","@id":"https:\/\/www.welovecycling.com\/pl\/#\/schema\/person\/image\/","url":"https:\/\/secure.gravatar.com\/avatar\/533caccae14752e03a2ce2d3fd62d1b98b93e1393c3195c27819e53344ca1ace?s=96&d=mm&r=g","contentUrl":"https:\/\/secure.gravatar.com\/avatar\/533caccae14752e03a2ce2d3fd62d1b98b93e1393c3195c27819e53344ca1ace?s=96&d=mm&r=g","caption":"piotrboczkowski"},"url":"https:\/\/www.welovecycling.com\/pl\/author\/piotrboczkowski\/"}]}},"_links":{"self":[{"href":"https:\/\/www.welovecycling.com\/pl\/wp-json\/wp\/v2\/posts\/10135","targetHints":{"allow":["GET"]}}],"collection":[{"href":"https:\/\/www.welovecycling.com\/pl\/wp-json\/wp\/v2\/posts"}],"about":[{"href":"https:\/\/www.welovecycling.com\/pl\/wp-json\/wp\/v2\/types\/post"}],"author":[{"embeddable":true,"href":"https:\/\/www.welovecycling.com\/pl\/wp-json\/wp\/v2\/users\/76"}],"replies":[{"embeddable":true,"href":"https:\/\/www.welovecycling.com\/pl\/wp-json\/wp\/v2\/comments?post=10135"}],"version-history":[{"count":2,"href":"https:\/\/www.welovecycling.com\/pl\/wp-json\/wp\/v2\/posts\/10135\/revisions"}],"predecessor-version":[{"id":10154,"href":"https:\/\/www.welovecycling.com\/pl\/wp-json\/wp\/v2\/posts\/10135\/revisions\/10154"}],"wp:featuredmedia":[{"embeddable":true,"href":"https:\/\/www.welovecycling.com\/pl\/wp-json\/wp\/v2\/media\/10136"}],"wp:attachment":[{"href":"https:\/\/www.welovecycling.com\/pl\/wp-json\/wp\/v2\/media?parent=10135"}],"wp:term":[{"taxonomy":"category","embeddable":true,"href":"https:\/\/www.welovecycling.com\/pl\/wp-json\/wp\/v2\/categories?post=10135"},{"taxonomy":"post_tag","embeddable":true,"href":"https:\/\/www.welovecycling.com\/pl\/wp-json\/wp\/v2\/tags?post=10135"},{"taxonomy":"global-categories","embeddable":true,"href":"https:\/\/www.welovecycling.com\/pl\/wp-json\/wp\/v2\/global-categories?post=10135"}],"curies":[{"name":"wp","href":"https:\/\/api.w.org\/{rel}","templated":true}]}}