{"id":10129,"date":"2019-12-27T09:00:06","date_gmt":"2019-12-27T09:00:06","guid":{"rendered":"https:\/\/www.welovecycling.com\/pl\/?p=10129"},"modified":"2020-01-06T18:59:48","modified_gmt":"2020-01-06T18:59:48","slug":"nowe-prawo-w-irlandii-ktore-ma-zapobiegac-niebezpiecznemu-wyprzedzaniu","status":"publish","type":"post","link":"https:\/\/www.welovecycling.com\/pl\/2019\/12\/27\/nowe-prawo-w-irlandii-ktore-ma-zapobiegac-niebezpiecznemu-wyprzedzaniu\/","title":{"rendered":"Nowe prawo w Irlandii, kt\u00f3re ma zapobiega\u0107 niebezpiecznemu wyprzedzaniu"},"content":{"rendered":"<p><strong>Kolejny krok w kierunku poprawy bezpiecze\u0144stwa drogowego zosta\u0142 zrobiony 12 listopada przez irlandzkiego ministra transportu Shane\u2019a Rossa. Do tej pory kierowcy bez szacunku dla bardziej nara\u017conych na niebezpiecze\u0144stwo u\u017cytkownik\u00f3w dr\u00f3g byli karani grzywn\u0105 w wysoko\u015bci 80 euro za niebezpieczne wyprzedzanie. Kwota ta b\u0119dzie teraz zwi\u0119kszona do 120 euro.<\/strong><\/p>\n<p>Ross powiedzia\u0142, \u017ce zmiana jest spowodowana tym, \u017ce rowerzy\u015bci s\u0105 grup\u0105 szczeg\u00f3lnie nara\u017con\u0105 na niebezpiecze\u0144stwo i nale\u017cy to po prostu uzna\u0107 za fakt. Doda\u0142 te\u017c, \u017ce urz\u0105d ds. bezpiecze\u0144stwa ruchu drogowego wznowi kampani\u0119 maj\u0105c\u0105 na celu edukacj\u0119 kierowc\u00f3w, aby dawali rowerzystom zalecane 1,5 metra przestrzeni podczas przejazdu w strefach o ograniczeniach pr\u0119dko\u015bci powy\u017cej 50 km\/h i 1 metr na drodze, na kt\u00f3rej ograniczenie wynosi 50 km\/h. Kampania przypomina bardzo udan\u0105 akcj\u0119 \u201eClose Pass\u201d, kt\u00f3ra zyska\u0142a popularno\u015b\u0107 na ca\u0142ym \u015bwiecie.<\/p>\n<p>https:\/\/www.instagram.com\/p\/BY-38aVg3g6\/?utm_source=ig_embed<\/p>\n<p>\u201ePrzyjmuj\u0119 to o\u015bwiadczenie z ostro\u017cnym optymizmem\u201d \u2013 powiedzia\u0142 Phil Skelton, organizator Staying Alive 1.5. \u201eB\u0119dzie to nowy model prawny dotycz\u0105cy niebezpiecznego wyprzedzania rowerzyst\u00f3w i wa\u017cne jest, aby da\u0107 mu szans\u0119. Wiele pracy po\u015bwi\u0119cono na przygotowania i je\u015bli po\u0142\u0105czymy wszystko ze sob\u0105, wierz\u0119, \u017ce to zadzia\u0142a\u201d.<\/p>\n<p>Minimalny dystans, na rzecz kt\u00f3rego Staying Alive 1.5 prowadzi\u0142 kampani\u0119, nie zosta\u0142 okre\u015blony. Taka decyzja wynika z rad prokuratora generalnego Irlandii, kt\u00f3ry uwa\u017ca, \u017ce \u200b\u200bby\u0142oby to trudne do wyegzekwowania.<\/p>\n<p>Miejmy nadziej\u0119, \u017ce nowe prawo w ko\u0144cu zadzia\u0142a, a Wy jak <a href=\"https:\/\/www.welovecycling.com\/pl\/safety\/\">zawsze b\u0105d\u017acie po bezpiecznej stronie.<\/a><\/p>\n<p><span data-sheets-value=\"{&quot;1&quot;:2,&quot;2&quot;:&quot;Artyku\u0142 powsta\u0142 we wsp\u00f3\u0142pracy ze skoda-auto.pl&quot;}\" data-sheets-userformat=\"{&quot;2&quot;:1,&quot;3&quot;:{&quot;1&quot;:0}}\" data-sheets-hyperlink=\"http:\/\/www.skoda-auto.pl\/\"><a class=\"in-cell-link\" href=\"http:\/\/www.skoda-auto.pl\/\" target=\"_blank\" rel=\"noopener\">Artyku\u0142 powsta\u0142 we wsp\u00f3\u0142pracy ze skoda-auto.pl<\/a><\/span><\/p>\n<p><a href=\"https:\/\/sklep.skoda.pl\/pl\/sklep\/b\/331\/rowery-i-akcesoria-rowery.html\"><img loading=\"lazy\" decoding=\"async\" class=\"aligncenter wp-image-9607 size-full\" src=\"https:\/\/d2p6e6u75xmxt8.cloudfront.net\/5\/2019\/08\/baner_WLC_640x350_2.png\" alt=\"\" width=\"640\" height=\"350\" srcset=\"https:\/\/d2p6e6u75xmxt8.cloudfront.net\/5\/2019\/08\/baner_WLC_640x350_2.png 640w, https:\/\/d2p6e6u75xmxt8.cloudfront.net\/5\/2019\/08\/baner_WLC_640x350_2-300x164.png 300w\" sizes=\"auto, (max-width: 640px) 100vw, 640px\" \/><\/a><\/p>\n<p>&nbsp;<\/p>\n","protected":false},"excerpt":{"rendered":"<p>Kolejny krok w kierunku poprawy bezpiecze\u0144stwa drogowego zosta\u0142 zrobiony 12 listopada przez irlandzkiego ministra transportu Shane\u2019a Rossa. Do tej pory [&hellip;]<\/p>\n","protected":false},"author":76,"featured_media":10131,"comment_status":"open","ping_status":"open","sticky":false,"template":"","format":"standard","meta":{"footnotes":""},"categories":[7],"tags":[],"global-categories":[],"class_list":["post-10129","post","type-post","status-publish","format-standard","has-post-thumbnail","hentry","category-bezpieczenstwo"],"yoast_head":"<!-- This site is optimized with the Yoast SEO Premium plugin v25.3 (Yoast SEO v25.9) - https:\/\/yoast.com\/wordpress\/plugins\/seo\/ -->\n<title>Prawo w Irlandii, kt\u00f3re ma zapobiega\u0107 niebezpiecznemu wyprzedzaniu<\/title>\n<meta name=\"robots\" content=\"index, follow, max-snippet:-1, max-image-preview:large, max-video-preview:-1\" \/>\n<link rel=\"canonical\" href=\"https:\/\/www.welovecycling.com\/pl\/2019\/12\/27\/nowe-prawo-w-irlandii-ktore-ma-zapobiegac-niebezpiecznemu-wyprzedzaniu\/\" \/>\n<meta property=\"og:locale\" content=\"pl_PL\" \/>\n<meta property=\"og:type\" content=\"article\" \/>\n<meta property=\"og:title\" content=\"Nowe prawo w Irlandii, kt\u00f3re ma zapobiega\u0107 niebezpiecznemu wyprzedzaniu\" \/>\n<meta property=\"og:description\" content=\"Kolejny krok w kierunku poprawy bezpiecze\u0144stwa drogowego zosta\u0142 zrobiony 12 listopada przez irlandzkiego ministra transportu Shane\u2019a Rossa. Do tej pory [&hellip;]\" \/>\n<meta property=\"og:url\" content=\"https:\/\/www.welovecycling.com\/pl\/2019\/12\/27\/nowe-prawo-w-irlandii-ktore-ma-zapobiegac-niebezpiecznemu-wyprzedzaniu\/\" \/>\n<meta property=\"og:site_name\" content=\"\u0160koda We Love Cycling - Poland\" \/>\n<meta property=\"article:published_time\" content=\"2019-12-27T09:00:06+00:00\" \/>\n<meta property=\"article:modified_time\" content=\"2020-01-06T18:59:48+00:00\" \/>\n<meta property=\"og:image\" content=\"https:\/\/d2p6e6u75xmxt8.cloudfront.net\/5\/2019\/12\/Dublin-Cycling-CVR-profimedia-0260566142-1024x450.jpg\" \/>\n\t<meta property=\"og:image:width\" content=\"1024\" \/>\n\t<meta property=\"og:image:height\" content=\"450\" \/>\n\t<meta property=\"og:image:type\" content=\"image\/jpeg\" \/>\n<meta name=\"author\" content=\"piotrboczkowski\" \/>\n<meta name=\"twitter:card\" content=\"summary_large_image\" \/>\n<meta name=\"twitter:label1\" content=\"Written by\" \/>\n\t<meta name=\"twitter:data1\" content=\"Monica Buck\" \/>\n\t<meta name=\"twitter:label2\" content=\"Est. reading time\" \/>\n\t<meta name=\"twitter:data2\" content=\"3\" \/>\n<script type=\"application\/ld+json\" class=\"yoast-schema-graph\">{\"@context\":\"https:\/\/schema.org\",\"@graph\":[{\"@type\":\"WebPage\",\"@id\":\"https:\/\/www.welovecycling.com\/pl\/2019\/12\/27\/nowe-prawo-w-irlandii-ktore-ma-zapobiegac-niebezpiecznemu-wyprzedzaniu\/\",\"url\":\"https:\/\/www.welovecycling.com\/pl\/2019\/12\/27\/nowe-prawo-w-irlandii-ktore-ma-zapobiegac-niebezpiecznemu-wyprzedzaniu\/\",\"name\":\"Prawo w Irlandii, kt\u00f3re ma zapobiega\u0107 niebezpiecznemu wyprzedzaniu\",\"isPartOf\":{\"@id\":\"https:\/\/www.welovecycling.com\/pl\/#website\"},\"primaryImageOfPage\":{\"@id\":\"https:\/\/www.welovecycling.com\/pl\/2019\/12\/27\/nowe-prawo-w-irlandii-ktore-ma-zapobiegac-niebezpiecznemu-wyprzedzaniu\/#primaryimage\"},\"image\":{\"@id\":\"https:\/\/www.welovecycling.com\/pl\/2019\/12\/27\/nowe-prawo-w-irlandii-ktore-ma-zapobiegac-niebezpiecznemu-wyprzedzaniu\/#primaryimage\"},\"thumbnailUrl\":\"https:\/\/d2p6e6u75xmxt8.cloudfront.net\/5\/2019\/12\/Dublin-Cycling-CVR-profimedia-0260566142-1024x450.jpg\",\"datePublished\":\"2019-12-27T09:00:06+00:00\",\"dateModified\":\"2020-01-06T18:59:48+00:00\",\"author\":{\"@id\":\"https:\/\/www.welovecycling.com\/pl\/#\/schema\/person\/0dba2d39da943db9df3fd8f4687e7f23\"},\"breadcrumb\":{\"@id\":\"https:\/\/www.welovecycling.com\/pl\/2019\/12\/27\/nowe-prawo-w-irlandii-ktore-ma-zapobiegac-niebezpiecznemu-wyprzedzaniu\/#breadcrumb\"},\"inLanguage\":\"pl-PL\",\"potentialAction\":[{\"@type\":\"ReadAction\",\"target\":[\"https:\/\/www.welovecycling.com\/pl\/2019\/12\/27\/nowe-prawo-w-irlandii-ktore-ma-zapobiegac-niebezpiecznemu-wyprzedzaniu\/\"]}]},{\"@type\":\"ImageObject\",\"inLanguage\":\"pl-PL\",\"@id\":\"https:\/\/www.welovecycling.com\/pl\/2019\/12\/27\/nowe-prawo-w-irlandii-ktore-ma-zapobiegac-niebezpiecznemu-wyprzedzaniu\/#primaryimage\",\"url\":\"https:\/\/d2p6e6u75xmxt8.cloudfront.net\/5\/2019\/12\/Dublin-Cycling-CVR-profimedia-0260566142-1024x450.jpg\",\"contentUrl\":\"https:\/\/d2p6e6u75xmxt8.cloudfront.net\/5\/2019\/12\/Dublin-Cycling-CVR-profimedia-0260566142-1024x450.jpg\",\"width\":1024,\"height\":450},{\"@type\":\"BreadcrumbList\",\"@id\":\"https:\/\/www.welovecycling.com\/pl\/2019\/12\/27\/nowe-prawo-w-irlandii-ktore-ma-zapobiegac-niebezpiecznemu-wyprzedzaniu\/#breadcrumb\",\"itemListElement\":[{\"@type\":\"ListItem\",\"position\":1,\"name\":\"Home\",\"item\":\"https:\/\/www.welovecycling.com\/pl\/\"},{\"@type\":\"ListItem\",\"position\":2,\"name\":\"Nowe prawo w Irlandii, kt\u00f3re ma zapobiega\u0107 niebezpiecznemu wyprzedzaniu\"}]},{\"@type\":\"WebSite\",\"@id\":\"https:\/\/www.welovecycling.com\/pl\/#website\",\"url\":\"https:\/\/www.welovecycling.com\/pl\/\",\"name\":\"\u0160koda We Love Cycling - Poland\",\"description\":\"\",\"potentialAction\":[{\"@type\":\"SearchAction\",\"target\":{\"@type\":\"EntryPoint\",\"urlTemplate\":\"https:\/\/www.welovecycling.com\/pl\/?s={search_term_string}\"},\"query-input\":{\"@type\":\"PropertyValueSpecification\",\"valueRequired\":true,\"valueName\":\"search_term_string\"}}],\"inLanguage\":\"pl-PL\"},{\"@type\":\"Person\",\"@id\":\"https:\/\/www.welovecycling.com\/pl\/#\/schema\/person\/0dba2d39da943db9df3fd8f4687e7f23\",\"name\":\"piotrboczkowski\",\"image\":{\"@type\":\"ImageObject\",\"inLanguage\":\"pl-PL\",\"@id\":\"https:\/\/www.welovecycling.com\/pl\/#\/schema\/person\/image\/\",\"url\":\"https:\/\/secure.gravatar.com\/avatar\/533caccae14752e03a2ce2d3fd62d1b98b93e1393c3195c27819e53344ca1ace?s=96&d=mm&r=g\",\"contentUrl\":\"https:\/\/secure.gravatar.com\/avatar\/533caccae14752e03a2ce2d3fd62d1b98b93e1393c3195c27819e53344ca1ace?s=96&d=mm&r=g\",\"caption\":\"piotrboczkowski\"},\"url\":\"https:\/\/www.welovecycling.com\/pl\/author\/piotrboczkowski\/\"}]}<\/script>\n<!-- \/ Yoast SEO Premium plugin. -->","yoast_head_json":{"title":"Prawo w Irlandii, kt\u00f3re ma zapobiega\u0107 niebezpiecznemu wyprzedzaniu","robots":{"index":"index","follow":"follow","max-snippet":"max-snippet:-1","max-image-preview":"max-image-preview:large","max-video-preview":"max-video-preview:-1"},"canonical":"https:\/\/www.welovecycling.com\/pl\/2019\/12\/27\/nowe-prawo-w-irlandii-ktore-ma-zapobiegac-niebezpiecznemu-wyprzedzaniu\/","og_locale":"pl_PL","og_type":"article","og_title":"Nowe prawo w Irlandii, kt\u00f3re ma zapobiega\u0107 niebezpiecznemu wyprzedzaniu","og_description":"Kolejny krok w kierunku poprawy bezpiecze\u0144stwa drogowego zosta\u0142 zrobiony 12 listopada przez irlandzkiego ministra transportu Shane\u2019a Rossa. Do tej pory [&hellip;]","og_url":"https:\/\/www.welovecycling.com\/pl\/2019\/12\/27\/nowe-prawo-w-irlandii-ktore-ma-zapobiegac-niebezpiecznemu-wyprzedzaniu\/","og_site_name":"\u0160koda We Love Cycling - Poland","article_published_time":"2019-12-27T09:00:06+00:00","article_modified_time":"2020-01-06T18:59:48+00:00","og_image":[{"width":1024,"height":450,"url":"https:\/\/d2p6e6u75xmxt8.cloudfront.net\/5\/2019\/12\/Dublin-Cycling-CVR-profimedia-0260566142-1024x450.jpg","type":"image\/jpeg"}],"author":"piotrboczkowski","twitter_card":"summary_large_image","twitter_misc":{"Written by":"Monica Buck","Est. reading time":"3"},"schema":{"@context":"https:\/\/schema.org","@graph":[{"@type":"WebPage","@id":"https:\/\/www.welovecycling.com\/pl\/2019\/12\/27\/nowe-prawo-w-irlandii-ktore-ma-zapobiegac-niebezpiecznemu-wyprzedzaniu\/","url":"https:\/\/www.welovecycling.com\/pl\/2019\/12\/27\/nowe-prawo-w-irlandii-ktore-ma-zapobiegac-niebezpiecznemu-wyprzedzaniu\/","name":"Prawo w Irlandii, kt\u00f3re ma zapobiega\u0107 niebezpiecznemu wyprzedzaniu","isPartOf":{"@id":"https:\/\/www.welovecycling.com\/pl\/#website"},"primaryImageOfPage":{"@id":"https:\/\/www.welovecycling.com\/pl\/2019\/12\/27\/nowe-prawo-w-irlandii-ktore-ma-zapobiegac-niebezpiecznemu-wyprzedzaniu\/#primaryimage"},"image":{"@id":"https:\/\/www.welovecycling.com\/pl\/2019\/12\/27\/nowe-prawo-w-irlandii-ktore-ma-zapobiegac-niebezpiecznemu-wyprzedzaniu\/#primaryimage"},"thumbnailUrl":"https:\/\/d2p6e6u75xmxt8.cloudfront.net\/5\/2019\/12\/Dublin-Cycling-CVR-profimedia-0260566142-1024x450.jpg","datePublished":"2019-12-27T09:00:06+00:00","dateModified":"2020-01-06T18:59:48+00:00","author":{"@id":"https:\/\/www.welovecycling.com\/pl\/#\/schema\/person\/0dba2d39da943db9df3fd8f4687e7f23"},"breadcrumb":{"@id":"https:\/\/www.welovecycling.com\/pl\/2019\/12\/27\/nowe-prawo-w-irlandii-ktore-ma-zapobiegac-niebezpiecznemu-wyprzedzaniu\/#breadcrumb"},"inLanguage":"pl-PL","potentialAction":[{"@type":"ReadAction","target":["https:\/\/www.welovecycling.com\/pl\/2019\/12\/27\/nowe-prawo-w-irlandii-ktore-ma-zapobiegac-niebezpiecznemu-wyprzedzaniu\/"]}]},{"@type":"ImageObject","inLanguage":"pl-PL","@id":"https:\/\/www.welovecycling.com\/pl\/2019\/12\/27\/nowe-prawo-w-irlandii-ktore-ma-zapobiegac-niebezpiecznemu-wyprzedzaniu\/#primaryimage","url":"https:\/\/d2p6e6u75xmxt8.cloudfront.net\/5\/2019\/12\/Dublin-Cycling-CVR-profimedia-0260566142-1024x450.jpg","contentUrl":"https:\/\/d2p6e6u75xmxt8.cloudfront.net\/5\/2019\/12\/Dublin-Cycling-CVR-profimedia-0260566142-1024x450.jpg","width":1024,"height":450},{"@type":"BreadcrumbList","@id":"https:\/\/www.welovecycling.com\/pl\/2019\/12\/27\/nowe-prawo-w-irlandii-ktore-ma-zapobiegac-niebezpiecznemu-wyprzedzaniu\/#breadcrumb","itemListElement":[{"@type":"ListItem","position":1,"name":"Home","item":"https:\/\/www.welovecycling.com\/pl\/"},{"@type":"ListItem","position":2,"name":"Nowe prawo w Irlandii, kt\u00f3re ma zapobiega\u0107 niebezpiecznemu wyprzedzaniu"}]},{"@type":"WebSite","@id":"https:\/\/www.welovecycling.com\/pl\/#website","url":"https:\/\/www.welovecycling.com\/pl\/","name":"\u0160koda We Love Cycling - Poland","description":"","potentialAction":[{"@type":"SearchAction","target":{"@type":"EntryPoint","urlTemplate":"https:\/\/www.welovecycling.com\/pl\/?s={search_term_string}"},"query-input":{"@type":"PropertyValueSpecification","valueRequired":true,"valueName":"search_term_string"}}],"inLanguage":"pl-PL"},{"@type":"Person","@id":"https:\/\/www.welovecycling.com\/pl\/#\/schema\/person\/0dba2d39da943db9df3fd8f4687e7f23","name":"piotrboczkowski","image":{"@type":"ImageObject","inLanguage":"pl-PL","@id":"https:\/\/www.welovecycling.com\/pl\/#\/schema\/person\/image\/","url":"https:\/\/secure.gravatar.com\/avatar\/533caccae14752e03a2ce2d3fd62d1b98b93e1393c3195c27819e53344ca1ace?s=96&d=mm&r=g","contentUrl":"https:\/\/secure.gravatar.com\/avatar\/533caccae14752e03a2ce2d3fd62d1b98b93e1393c3195c27819e53344ca1ace?s=96&d=mm&r=g","caption":"piotrboczkowski"},"url":"https:\/\/www.welovecycling.com\/pl\/author\/piotrboczkowski\/"}]}},"_links":{"self":[{"href":"https:\/\/www.welovecycling.com\/pl\/wp-json\/wp\/v2\/posts\/10129","targetHints":{"allow":["GET"]}}],"collection":[{"href":"https:\/\/www.welovecycling.com\/pl\/wp-json\/wp\/v2\/posts"}],"about":[{"href":"https:\/\/www.welovecycling.com\/pl\/wp-json\/wp\/v2\/types\/post"}],"author":[{"embeddable":true,"href":"https:\/\/www.welovecycling.com\/pl\/wp-json\/wp\/v2\/users\/76"}],"replies":[{"embeddable":true,"href":"https:\/\/www.welovecycling.com\/pl\/wp-json\/wp\/v2\/comments?post=10129"}],"version-history":[{"count":2,"href":"https:\/\/www.welovecycling.com\/pl\/wp-json\/wp\/v2\/posts\/10129\/revisions"}],"predecessor-version":[{"id":10155,"href":"https:\/\/www.welovecycling.com\/pl\/wp-json\/wp\/v2\/posts\/10129\/revisions\/10155"}],"wp:featuredmedia":[{"embeddable":true,"href":"https:\/\/www.welovecycling.com\/pl\/wp-json\/wp\/v2\/media\/10131"}],"wp:attachment":[{"href":"https:\/\/www.welovecycling.com\/pl\/wp-json\/wp\/v2\/media?parent=10129"}],"wp:term":[{"taxonomy":"category","embeddable":true,"href":"https:\/\/www.welovecycling.com\/pl\/wp-json\/wp\/v2\/categories?post=10129"},{"taxonomy":"post_tag","embeddable":true,"href":"https:\/\/www.welovecycling.com\/pl\/wp-json\/wp\/v2\/tags?post=10129"},{"taxonomy":"global-categories","embeddable":true,"href":"https:\/\/www.welovecycling.com\/pl\/wp-json\/wp\/v2\/global-categories?post=10129"}],"curies":[{"name":"wp","href":"https:\/\/api.w.org\/{rel}","templated":true}]}}