{"id":1011,"date":"2016-05-10T23:32:11","date_gmt":"2016-05-10T23:32:11","guid":{"rendered":"http:\/\/skoda-rowery.pl\/?p=1011"},"modified":"2016-12-05T09:49:17","modified_gmt":"2016-12-05T09:49:17","slug":"kwiato-i-przyjaciele-opanowali-torun","status":"publish","type":"post","link":"https:\/\/www.welovecycling.com\/pl\/2016\/05\/10\/kwiato-i-przyjaciele-opanowali-torun\/","title":{"rendered":"Kwiato i Przyjaciele opanowali Toru\u0144!"},"content":{"rendered":"<p style=\"text-align: justify\">Dzi\u0119kujemy Wam za udzia\u0142 w Velo Toru\u0144. By\u0142o wspaniale! Zobaczcie fotorelacj\u0119 z imprezy &#8211; u\u015bmiechy na Waszych twarzach \u015bwiadcz\u0105 o jednym \u2013 nasze wsp\u00f3lne kolarskiego \u015bwi\u0119to po raz kolejny odnios\u0142o wielki sukces! DZI\u0118KUJEMY! <!--more--><\/p>\n<p style=\"text-align: justify\">Frekwencja podczas wy\u015bcigu dopisa\u0142a &#8211; na starcie Velo Toru\u0144 spotka\u0142o si\u0119 a\u017c 2000 rowerowych entuzjast\u00f3w. Toru\u0144ska maj\u00f3wka, na kt\u00f3r\u0105 co roku zaprasza Micha\u0142 Kwiatkowski na sta\u0142e zago\u015bci\u0142a w kalendarzu najwa\u017cniejszych wydarze\u0144 kolarskich w Polsce.<\/p>\n<p style=\"text-align: justify\"><img loading=\"lazy\" decoding=\"async\" class=\"alignnone size-large wp-image-1013\" src=\"http:\/\/skoda-rowery.pl\/wp-content\/uploads\/2016\/05\/026_EZ3A6752-1024x682.jpg\" alt=\"026_EZ3A6752\" width=\"1024\" height=\"682\" srcset=\"https:\/\/d2p6e6u75xmxt8.cloudfront.net\/5\/2016\/05\/026_EZ3A6752-1024x682.jpg 1024w, https:\/\/d2p6e6u75xmxt8.cloudfront.net\/5\/2016\/05\/026_EZ3A6752-300x200.jpg 300w, https:\/\/d2p6e6u75xmxt8.cloudfront.net\/5\/2016\/05\/026_EZ3A6752-768x512.jpg 768w, https:\/\/d2p6e6u75xmxt8.cloudfront.net\/5\/2016\/05\/026_EZ3A6752-272x182.jpg 272w, https:\/\/d2p6e6u75xmxt8.cloudfront.net\/5\/2016\/05\/026_EZ3A6752.jpg 2000w\" sizes=\"auto, (max-width: 1024px) 100vw, 1024px\" \/><\/p>\n<p style=\"text-align: justify\"><img loading=\"lazy\" decoding=\"async\" class=\"alignnone size-large wp-image-1014\" src=\"http:\/\/skoda-rowery.pl\/wp-content\/uploads\/2016\/05\/045_218K7900-1024x682.jpg\" alt=\"045_218K7900\" width=\"1024\" height=\"682\" srcset=\"https:\/\/d2p6e6u75xmxt8.cloudfront.net\/5\/2016\/05\/045_218K7900-1024x682.jpg 1024w, https:\/\/d2p6e6u75xmxt8.cloudfront.net\/5\/2016\/05\/045_218K7900-300x200.jpg 300w, https:\/\/d2p6e6u75xmxt8.cloudfront.net\/5\/2016\/05\/045_218K7900-768x512.jpg 768w, https:\/\/d2p6e6u75xmxt8.cloudfront.net\/5\/2016\/05\/045_218K7900-272x182.jpg 272w, https:\/\/d2p6e6u75xmxt8.cloudfront.net\/5\/2016\/05\/045_218K7900.jpg 2000w\" sizes=\"auto, (max-width: 1024px) 100vw, 1024px\" \/><\/p>\n<p style=\"text-align: justify\">Velo Toru\u0144 \u0142\u0105czy zawodowc\u00f3w i amator\u00f3w \u2013 praktycznie ka\u017cdy mo\u017ce wzi\u0105\u0107 udzia\u0142 w wy\u015bcigu. Mile widziani s\u0105 w Toruniu nie tylko profesjonali\u015bci, ale r\u00f3wnie\u017c ci, kt\u00f3rzy je\u017cd\u017c\u0105 rekreacyjnie. Co sprawia, \u017ce co roku spotykamy si\u0119 w tak du\u017cym gronie? Wsp\u00f3lna pasja do rower\u00f3w!<\/p>\n<p style=\"text-align: justify\">Pogoda w Toruniu dopisa\u0142a \u2013 by\u0142o s\u0142onecznie jak na Giro d\u2019Italia. Miasto, kt\u00f3re wspiera kolarstwo od wielu lat, dzi\u0119ki takim wychowankom jak Micha\u0142 Kwiatkowski, Micha\u0142 Go\u0142a\u015b, czy \u0141ukasz Wi\u015bniowski oraz pr\u0119\u017cnie dzia\u0142aj\u0105cej Akademii Copernicus mo\u017ce \u015bmia\u0142o tytu\u0142owa\u0107 si\u0119 kolarsk\u0105 stolic\u0105 Polski. Jeste\u015bmy dumni, \u017ce marka \u0160koda po raz kolejny mog\u0142a zabezpiecza\u0107 swoj\u0105 flot\u0105 samochod\u00f3w takie wydarzenie.<\/p>\n<p style=\"text-align: justify\"><img loading=\"lazy\" decoding=\"async\" class=\"alignnone size-large wp-image-1016\" src=\"http:\/\/skoda-rowery.pl\/wp-content\/uploads\/2016\/05\/060__O5B6738-1024x682.jpg\" alt=\"060__O5B6738\" width=\"1024\" height=\"682\" srcset=\"https:\/\/d2p6e6u75xmxt8.cloudfront.net\/5\/2016\/05\/060__O5B6738-1024x682.jpg 1024w, https:\/\/d2p6e6u75xmxt8.cloudfront.net\/5\/2016\/05\/060__O5B6738-300x200.jpg 300w, https:\/\/d2p6e6u75xmxt8.cloudfront.net\/5\/2016\/05\/060__O5B6738-768x512.jpg 768w, https:\/\/d2p6e6u75xmxt8.cloudfront.net\/5\/2016\/05\/060__O5B6738-272x182.jpg 272w, https:\/\/d2p6e6u75xmxt8.cloudfront.net\/5\/2016\/05\/060__O5B6738.jpg 2000w\" sizes=\"auto, (max-width: 1024px) 100vw, 1024px\" \/><\/p>\n<p style=\"text-align: justify\"><img loading=\"lazy\" decoding=\"async\" class=\"alignnone size-large wp-image-1018\" src=\"http:\/\/skoda-rowery.pl\/wp-content\/uploads\/2016\/05\/070_EZ3A6844-1024x682.jpg\" alt=\"070_EZ3A6844\" width=\"1024\" height=\"682\" srcset=\"https:\/\/d2p6e6u75xmxt8.cloudfront.net\/5\/2016\/05\/070_EZ3A6844-1024x682.jpg 1024w, https:\/\/d2p6e6u75xmxt8.cloudfront.net\/5\/2016\/05\/070_EZ3A6844-300x200.jpg 300w, https:\/\/d2p6e6u75xmxt8.cloudfront.net\/5\/2016\/05\/070_EZ3A6844-768x512.jpg 768w, https:\/\/d2p6e6u75xmxt8.cloudfront.net\/5\/2016\/05\/070_EZ3A6844-272x182.jpg 272w, https:\/\/d2p6e6u75xmxt8.cloudfront.net\/5\/2016\/05\/070_EZ3A6844.jpg 2000w\" sizes=\"auto, (max-width: 1024px) 100vw, 1024px\" \/><\/p>\n<p style=\"text-align: justify\"><img loading=\"lazy\" decoding=\"async\" class=\"alignnone size-large wp-image-1019\" src=\"http:\/\/skoda-rowery.pl\/wp-content\/uploads\/2016\/05\/075__O0C1816-1024x682.jpg\" alt=\"075__O0C1816\" width=\"1024\" height=\"682\" srcset=\"https:\/\/d2p6e6u75xmxt8.cloudfront.net\/5\/2016\/05\/075__O0C1816-1024x682.jpg 1024w, https:\/\/d2p6e6u75xmxt8.cloudfront.net\/5\/2016\/05\/075__O0C1816-300x200.jpg 300w, https:\/\/d2p6e6u75xmxt8.cloudfront.net\/5\/2016\/05\/075__O0C1816-768x512.jpg 768w, https:\/\/d2p6e6u75xmxt8.cloudfront.net\/5\/2016\/05\/075__O0C1816-272x182.jpg 272w, https:\/\/d2p6e6u75xmxt8.cloudfront.net\/5\/2016\/05\/075__O0C1816.jpg 2000w\" sizes=\"auto, (max-width: 1024px) 100vw, 1024px\" \/><\/p>\n<p style=\"text-align: justify\">Organizatorzy wy\u015bcigu przygotowali trzy trasy (35 km, 65 km i 105 km), a opr\u00f3cz tego na najm\u0142odszych adept\u00f3w dw\u00f3ch k\u00f3\u0142ek czeka\u0142o wyj\u0105tkowe wyzwanie \u2013 organizowany przez trener\u00f3w Akademii Copernicus wy\u015bcig CUK Kids Race. Zwyci\u0119zc\u00f3w wy\u015bcigu wy\u0142oniono w\u015br\u00f3d o\u015bmiu kategorii wiekowych, od przedszkolak\u00f3w do 6 klasy szko\u0142y podstawowej.<\/p>\n<p style=\"text-align: justify\"><img loading=\"lazy\" decoding=\"async\" class=\"alignnone size-large wp-image-1020\" src=\"http:\/\/skoda-rowery.pl\/wp-content\/uploads\/2016\/05\/001_EZ3A6636-1024x682.jpg\" alt=\"001_EZ3A6636\" width=\"1024\" height=\"682\" srcset=\"https:\/\/d2p6e6u75xmxt8.cloudfront.net\/5\/2016\/05\/001_EZ3A6636-1024x682.jpg 1024w, https:\/\/d2p6e6u75xmxt8.cloudfront.net\/5\/2016\/05\/001_EZ3A6636-300x200.jpg 300w, https:\/\/d2p6e6u75xmxt8.cloudfront.net\/5\/2016\/05\/001_EZ3A6636-768x512.jpg 768w, https:\/\/d2p6e6u75xmxt8.cloudfront.net\/5\/2016\/05\/001_EZ3A6636-272x182.jpg 272w, https:\/\/d2p6e6u75xmxt8.cloudfront.net\/5\/2016\/05\/001_EZ3A6636.jpg 2000w\" sizes=\"auto, (max-width: 1024px) 100vw, 1024px\" \/><\/p>\n<p style=\"text-align: justify\"><img loading=\"lazy\" decoding=\"async\" class=\"alignnone size-large wp-image-1021\" src=\"http:\/\/skoda-rowery.pl\/wp-content\/uploads\/2016\/05\/101__O5B6864-1024x682.jpg\" alt=\"101__O5B6864\" width=\"1024\" height=\"682\" srcset=\"https:\/\/d2p6e6u75xmxt8.cloudfront.net\/5\/2016\/05\/101__O5B6864-1024x682.jpg 1024w, https:\/\/d2p6e6u75xmxt8.cloudfront.net\/5\/2016\/05\/101__O5B6864-300x200.jpg 300w, https:\/\/d2p6e6u75xmxt8.cloudfront.net\/5\/2016\/05\/101__O5B6864-768x512.jpg 768w, https:\/\/d2p6e6u75xmxt8.cloudfront.net\/5\/2016\/05\/101__O5B6864-272x182.jpg 272w, https:\/\/d2p6e6u75xmxt8.cloudfront.net\/5\/2016\/05\/101__O5B6864.jpg 2000w\" sizes=\"auto, (max-width: 1024px) 100vw, 1024px\" \/><\/p>\n<p style=\"text-align: justify\"><img loading=\"lazy\" decoding=\"async\" class=\"alignnone size-large wp-image-1022\" src=\"http:\/\/skoda-rowery.pl\/wp-content\/uploads\/2016\/05\/109__O5B6941-1024x682.jpg\" alt=\"109__O5B6941\" width=\"1024\" height=\"682\" srcset=\"https:\/\/d2p6e6u75xmxt8.cloudfront.net\/5\/2016\/05\/109__O5B6941-1024x682.jpg 1024w, https:\/\/d2p6e6u75xmxt8.cloudfront.net\/5\/2016\/05\/109__O5B6941-300x200.jpg 300w, https:\/\/d2p6e6u75xmxt8.cloudfront.net\/5\/2016\/05\/109__O5B6941-768x512.jpg 768w, https:\/\/d2p6e6u75xmxt8.cloudfront.net\/5\/2016\/05\/109__O5B6941-272x182.jpg 272w, https:\/\/d2p6e6u75xmxt8.cloudfront.net\/5\/2016\/05\/109__O5B6941.jpg 2000w\" sizes=\"auto, (max-width: 1024px) 100vw, 1024px\" \/><\/p>\n<p style=\"text-align: justify\">W rywalizacji \u0160koda Family Challenge wzi\u0119\u0142o udzia\u0142 ponad 300 uczestnik\u00f3w. Nic dziwnego, \u017ce frekwencja dopisa\u0142a &#8211; wy\u015bcig zorganizowano w formie przyjaznej gry miejskiej, kt\u00f3rej uczestnicy musieli przejecha\u0107 kilkana\u015bcie kilometr\u00f3w rozwi\u0105zuj\u0105c po drodze r\u00f3\u017cne zadania usytuowane\u00a0m.in. w s\u0142awnej, toru\u0144skiej kawiarni Lenkiewicz oraz Akademii\u00a0Copernicus. Po zako\u0144czeniu ka\u017cdego z zada\u0144 na uczestnik\u00f3w czeka\u0142y nagrody do odebrania w salonie \u0160KODY.<\/p>\n<p style=\"text-align: justify\"><img loading=\"lazy\" decoding=\"async\" class=\"alignnone size-large wp-image-1015\" src=\"http:\/\/skoda-rowery.pl\/wp-content\/uploads\/2016\/05\/037_218K7875-1024x682.jpg\" alt=\"037_218K7875\" width=\"1024\" height=\"682\" srcset=\"https:\/\/d2p6e6u75xmxt8.cloudfront.net\/5\/2016\/05\/037_218K7875-1024x682.jpg 1024w, https:\/\/d2p6e6u75xmxt8.cloudfront.net\/5\/2016\/05\/037_218K7875-300x200.jpg 300w, https:\/\/d2p6e6u75xmxt8.cloudfront.net\/5\/2016\/05\/037_218K7875-768x512.jpg 768w, https:\/\/d2p6e6u75xmxt8.cloudfront.net\/5\/2016\/05\/037_218K7875-272x182.jpg 272w, https:\/\/d2p6e6u75xmxt8.cloudfront.net\/5\/2016\/05\/037_218K7875.jpg 2000w\" sizes=\"auto, (max-width: 1024px) 100vw, 1024px\" \/><br \/>\n<em><br \/>\n<em>Wsiadaj\u0105c na rower my\u015bl\u0119 o tym, aby by\u0107 lepszym, pokonywa\u0107 w\u0142asne s\u0142abo\u015bci i dawa\u0107 z siebie wszystko ka\u017cdego dnia, aby m\u00f3c zwyci\u0119\u017ca\u0107 w wielkich wy\u015bcigach. Jak to w sporcie\u2026 s\u0105 momenty lepsze i gorsze. Jednak w mojej pami\u0119ci najd\u0142u\u017cej pozostaj\u0105 w\u0142a\u015bnie takie chwile, kiedy\u00a0jeste\u015bcie Wy, moi kibice, fani i mi\u0142o\u015bnicy kolarstwa. To by\u0142 zaszczyt, m\u00f3c go\u015bci\u0107 Was ponownie w Toruniu.\u00a0Do zobaczenia za rok w maju na kolejnej edycji VeloToru\u0144! &#8211; <\/em><\/em>m\u00f3wi Micha\u0142 Kwiatkowski.<br \/>\n<em><br \/>\n<em>Ten wy\u015bcig zosta\u0142 bardzo dobrze przyj\u0119ty i wpisa\u0142 si\u0119 w kalendarz wy\u015bcig\u00f3w szosowych w Polsce. By\u0142 i jest jednym z najwi\u0119kszych w kraju. Nawet w skali europejskiej nie ma takich wy\u015bcig\u00f3w, w kt\u00f3rych obok zawodowc\u00f3w startuj\u0105 amatorzy. W tym wszystkim chodzi g\u0142\u00f3wnie oto, aby amatorzy mogli si\u0119 czego\u015b dowiedzie\u0107 od zawodowc\u00f3w w naturalnym przecie\u017c dla nich \u015brodowisku \u2013 <\/em><\/em>m\u00f3wi Micha\u0142\u00a0Jackowiak\u00a0wsp\u00f3\u0142organizator i szef Akademii\u00a0Copernicus.<\/p>\n<p style=\"text-align: justify\"><img loading=\"lazy\" decoding=\"async\" class=\"alignnone size-large wp-image-1023\" src=\"http:\/\/skoda-rowery.pl\/wp-content\/uploads\/2016\/05\/DSC_3331-1024x684.jpg\" alt=\"DSC_3331\" width=\"1024\" height=\"684\" srcset=\"https:\/\/d2p6e6u75xmxt8.cloudfront.net\/5\/2016\/05\/DSC_3331-1024x684.jpg 1024w, https:\/\/d2p6e6u75xmxt8.cloudfront.net\/5\/2016\/05\/DSC_3331-300x200.jpg 300w, https:\/\/d2p6e6u75xmxt8.cloudfront.net\/5\/2016\/05\/DSC_3331-768x513.jpg 768w, https:\/\/d2p6e6u75xmxt8.cloudfront.net\/5\/2016\/05\/DSC_3331-272x182.jpg 272w, https:\/\/d2p6e6u75xmxt8.cloudfront.net\/5\/2016\/05\/DSC_3331.jpg 1700w\" sizes=\"auto, (max-width: 1024px) 100vw, 1024px\" \/><\/p>\n<p style=\"text-align: justify\"><img loading=\"lazy\" decoding=\"async\" class=\"alignnone size-large wp-image-1024\" src=\"http:\/\/skoda-rowery.pl\/wp-content\/uploads\/2016\/05\/DSC_2963-1024x684.jpg\" alt=\"DSC_2963\" width=\"1024\" height=\"684\" srcset=\"https:\/\/d2p6e6u75xmxt8.cloudfront.net\/5\/2016\/05\/DSC_2963-1024x684.jpg 1024w, https:\/\/d2p6e6u75xmxt8.cloudfront.net\/5\/2016\/05\/DSC_2963-300x200.jpg 300w, https:\/\/d2p6e6u75xmxt8.cloudfront.net\/5\/2016\/05\/DSC_2963-768x513.jpg 768w, https:\/\/d2p6e6u75xmxt8.cloudfront.net\/5\/2016\/05\/DSC_2963-272x182.jpg 272w, https:\/\/d2p6e6u75xmxt8.cloudfront.net\/5\/2016\/05\/DSC_2963.jpg 1700w\" sizes=\"auto, (max-width: 1024px) 100vw, 1024px\" \/><\/p>\n<p style=\"text-align: justify\"><img loading=\"lazy\" decoding=\"async\" class=\"alignnone size-large wp-image-1025\" src=\"http:\/\/skoda-rowery.pl\/wp-content\/uploads\/2016\/05\/DSC_5355-1024x681.jpg\" alt=\"DSC_5355\" width=\"1024\" height=\"681\" srcset=\"https:\/\/d2p6e6u75xmxt8.cloudfront.net\/5\/2016\/05\/DSC_5355-1024x681.jpg 1024w, https:\/\/d2p6e6u75xmxt8.cloudfront.net\/5\/2016\/05\/DSC_5355-300x200.jpg 300w, https:\/\/d2p6e6u75xmxt8.cloudfront.net\/5\/2016\/05\/DSC_5355-768x511.jpg 768w, https:\/\/d2p6e6u75xmxt8.cloudfront.net\/5\/2016\/05\/DSC_5355-272x182.jpg 272w, https:\/\/d2p6e6u75xmxt8.cloudfront.net\/5\/2016\/05\/DSC_5355.jpg 1700w\" sizes=\"auto, (max-width: 1024px) 100vw, 1024px\" \/><\/p>\n<p style=\"text-align: justify\">Pozdrawiamy wszystkich uczestnik\u00f3w Velo Toru\u0144. Dzi\u0119kujemy za Wasze niesamowite zaanga\u017cowanie i pasj\u0119, kt\u00f3r\u0105 dzielicie si\u0119 wzajemnie co roku. Organizatorzy oraz gospodarz Micha\u0142 Kwiatkowski ju\u017c zapraszaj\u0105 na kolejn\u0105 edycj\u0119 wy\u015bcigu w 2017 roku. Z pewno\u015bci\u0105 mo\u017cecie spodziewa\u0107 si\u0119 na nim jeszcze wi\u0119kszej dawki rowerowych atrakcji. Do zobaczenia za rok!<\/p>\n<p style=\"text-align: justify\">fot. VeloTorun \/ Bikelife<\/p>\n","protected":false},"excerpt":{"rendered":"<p>Dzi\u0119kujemy Wam za udzia\u0142 w Velo Toru\u0144. By\u0142o wspaniale! Zobaczcie fotorelacj\u0119 z imprezy &#8211; u\u015bmiechy na Waszych twarzach \u015bwiadcz\u0105 o [&hellip;]<\/p>\n","protected":false},"author":1,"featured_media":1026,"comment_status":"closed","ping_status":"closed","sticky":false,"template":"","format":"standard","meta":{"footnotes":""},"categories":[1],"tags":[],"global-categories":[],"class_list":["post-1011","post","type-post","status-publish","format-standard","has-post-thumbnail","hentry","category-uncategorized"],"yoast_head":"<!-- This site is optimized with the Yoast SEO Premium plugin v25.3 (Yoast SEO v25.9) - https:\/\/yoast.com\/wordpress\/plugins\/seo\/ -->\n<title>Kwiato i Przyjaciele opanowali Toru\u0144! - \u0160koda We Love Cycling - Poland<\/title>\n<meta name=\"robots\" content=\"index, follow, max-snippet:-1, max-image-preview:large, max-video-preview:-1\" \/>\n<link rel=\"canonical\" href=\"https:\/\/www.welovecycling.com\/pl\/2016\/05\/10\/kwiato-i-przyjaciele-opanowali-torun\/\" \/>\n<meta property=\"og:locale\" content=\"pl_PL\" \/>\n<meta property=\"og:type\" content=\"article\" \/>\n<meta property=\"og:title\" content=\"Kwiato i Przyjaciele opanowali Toru\u0144!\" \/>\n<meta property=\"og:description\" content=\"Dzi\u0119kujemy Wam za udzia\u0142 w Velo Toru\u0144. By\u0142o wspaniale! Zobaczcie fotorelacj\u0119 z imprezy &#8211; u\u015bmiechy na Waszych twarzach \u015bwiadcz\u0105 o [&hellip;]\" \/>\n<meta property=\"og:url\" content=\"https:\/\/www.welovecycling.com\/pl\/2016\/05\/10\/kwiato-i-przyjaciele-opanowali-torun\/\" \/>\n<meta property=\"og:site_name\" content=\"\u0160koda We Love Cycling - Poland\" \/>\n<meta property=\"article:published_time\" content=\"2016-05-10T23:32:11+00:00\" \/>\n<meta property=\"article:modified_time\" content=\"2016-12-05T09:49:17+00:00\" \/>\n<meta property=\"og:image\" content=\"https:\/\/d2p6e6u75xmxt8.cloudfront.net\/5\/2016\/05\/053_EZ3A6791.jpg\" \/>\n\t<meta property=\"og:image:width\" content=\"2000\" \/>\n\t<meta property=\"og:image:height\" content=\"1333\" \/>\n\t<meta property=\"og:image:type\" content=\"image\/jpeg\" \/>\n<meta name=\"author\" content=\"WeLoveCycling\" \/>\n<meta name=\"twitter:card\" content=\"summary_large_image\" \/>\n<meta name=\"twitter:label1\" content=\"Written by\" \/>\n\t<meta name=\"twitter:data1\" content=\"WeLoveCycling\" \/>\n\t<meta name=\"twitter:label2\" content=\"Est. reading time\" \/>\n\t<meta name=\"twitter:data2\" content=\"3 minutes\" \/>\n<script type=\"application\/ld+json\" class=\"yoast-schema-graph\">{\"@context\":\"https:\/\/schema.org\",\"@graph\":[{\"@type\":\"WebPage\",\"@id\":\"https:\/\/www.welovecycling.com\/pl\/2016\/05\/10\/kwiato-i-przyjaciele-opanowali-torun\/\",\"url\":\"https:\/\/www.welovecycling.com\/pl\/2016\/05\/10\/kwiato-i-przyjaciele-opanowali-torun\/\",\"name\":\"Kwiato i Przyjaciele opanowali Toru\u0144! - \u0160koda We Love Cycling - Poland\",\"isPartOf\":{\"@id\":\"https:\/\/www.welovecycling.com\/pl\/#website\"},\"primaryImageOfPage\":{\"@id\":\"https:\/\/www.welovecycling.com\/pl\/2016\/05\/10\/kwiato-i-przyjaciele-opanowali-torun\/#primaryimage\"},\"image\":{\"@id\":\"https:\/\/www.welovecycling.com\/pl\/2016\/05\/10\/kwiato-i-przyjaciele-opanowali-torun\/#primaryimage\"},\"thumbnailUrl\":\"https:\/\/d2p6e6u75xmxt8.cloudfront.net\/5\/2016\/05\/053_EZ3A6791.jpg\",\"datePublished\":\"2016-05-10T23:32:11+00:00\",\"dateModified\":\"2016-12-05T09:49:17+00:00\",\"author\":{\"@id\":\"https:\/\/www.welovecycling.com\/pl\/#\/schema\/person\/e5187c9cac8dd619ebc7b41bd73c2fd9\"},\"breadcrumb\":{\"@id\":\"https:\/\/www.welovecycling.com\/pl\/2016\/05\/10\/kwiato-i-przyjaciele-opanowali-torun\/#breadcrumb\"},\"inLanguage\":\"pl-PL\",\"potentialAction\":[{\"@type\":\"ReadAction\",\"target\":[\"https:\/\/www.welovecycling.com\/pl\/2016\/05\/10\/kwiato-i-przyjaciele-opanowali-torun\/\"]}]},{\"@type\":\"ImageObject\",\"inLanguage\":\"pl-PL\",\"@id\":\"https:\/\/www.welovecycling.com\/pl\/2016\/05\/10\/kwiato-i-przyjaciele-opanowali-torun\/#primaryimage\",\"url\":\"https:\/\/d2p6e6u75xmxt8.cloudfront.net\/5\/2016\/05\/053_EZ3A6791.jpg\",\"contentUrl\":\"https:\/\/d2p6e6u75xmxt8.cloudfront.net\/5\/2016\/05\/053_EZ3A6791.jpg\",\"width\":2000,\"height\":1333},{\"@type\":\"BreadcrumbList\",\"@id\":\"https:\/\/www.welovecycling.com\/pl\/2016\/05\/10\/kwiato-i-przyjaciele-opanowali-torun\/#breadcrumb\",\"itemListElement\":[{\"@type\":\"ListItem\",\"position\":1,\"name\":\"Home\",\"item\":\"https:\/\/www.welovecycling.com\/pl\/\"},{\"@type\":\"ListItem\",\"position\":2,\"name\":\"Kwiato i Przyjaciele opanowali Toru\u0144!\"}]},{\"@type\":\"WebSite\",\"@id\":\"https:\/\/www.welovecycling.com\/pl\/#website\",\"url\":\"https:\/\/www.welovecycling.com\/pl\/\",\"name\":\"\u0160koda We Love Cycling - Poland\",\"description\":\"\",\"potentialAction\":[{\"@type\":\"SearchAction\",\"target\":{\"@type\":\"EntryPoint\",\"urlTemplate\":\"https:\/\/www.welovecycling.com\/pl\/?s={search_term_string}\"},\"query-input\":{\"@type\":\"PropertyValueSpecification\",\"valueRequired\":true,\"valueName\":\"search_term_string\"}}],\"inLanguage\":\"pl-PL\"},{\"@type\":\"Person\",\"@id\":\"https:\/\/www.welovecycling.com\/pl\/#\/schema\/person\/e5187c9cac8dd619ebc7b41bd73c2fd9\",\"name\":\"WeLoveCycling\",\"image\":{\"@type\":\"ImageObject\",\"inLanguage\":\"pl-PL\",\"@id\":\"https:\/\/www.welovecycling.com\/pl\/#\/schema\/person\/image\/\",\"url\":\"https:\/\/secure.gravatar.com\/avatar\/7e1ee0ecc5e294b19ef32b9f6086e0afbb9da00c3cb0d465ba4695331f4a9187?s=96&d=mm&r=g\",\"contentUrl\":\"https:\/\/secure.gravatar.com\/avatar\/7e1ee0ecc5e294b19ef32b9f6086e0afbb9da00c3cb0d465ba4695331f4a9187?s=96&d=mm&r=g\",\"caption\":\"WeLoveCycling\"},\"url\":\"https:\/\/www.welovecycling.com\/pl\/author\/lukascech\/\"}]}<\/script>\n<!-- \/ Yoast SEO Premium plugin. -->","yoast_head_json":{"title":"Kwiato i Przyjaciele opanowali Toru\u0144! - \u0160koda We Love Cycling - Poland","robots":{"index":"index","follow":"follow","max-snippet":"max-snippet:-1","max-image-preview":"max-image-preview:large","max-video-preview":"max-video-preview:-1"},"canonical":"https:\/\/www.welovecycling.com\/pl\/2016\/05\/10\/kwiato-i-przyjaciele-opanowali-torun\/","og_locale":"pl_PL","og_type":"article","og_title":"Kwiato i Przyjaciele opanowali Toru\u0144!","og_description":"Dzi\u0119kujemy Wam za udzia\u0142 w Velo Toru\u0144. By\u0142o wspaniale! Zobaczcie fotorelacj\u0119 z imprezy &#8211; u\u015bmiechy na Waszych twarzach \u015bwiadcz\u0105 o [&hellip;]","og_url":"https:\/\/www.welovecycling.com\/pl\/2016\/05\/10\/kwiato-i-przyjaciele-opanowali-torun\/","og_site_name":"\u0160koda We Love Cycling - Poland","article_published_time":"2016-05-10T23:32:11+00:00","article_modified_time":"2016-12-05T09:49:17+00:00","og_image":[{"width":2000,"height":1333,"url":"https:\/\/d2p6e6u75xmxt8.cloudfront.net\/5\/2016\/05\/053_EZ3A6791.jpg","type":"image\/jpeg"}],"author":"WeLoveCycling","twitter_card":"summary_large_image","twitter_misc":{"Written by":"WeLoveCycling","Est. reading time":"3 minutes"},"schema":{"@context":"https:\/\/schema.org","@graph":[{"@type":"WebPage","@id":"https:\/\/www.welovecycling.com\/pl\/2016\/05\/10\/kwiato-i-przyjaciele-opanowali-torun\/","url":"https:\/\/www.welovecycling.com\/pl\/2016\/05\/10\/kwiato-i-przyjaciele-opanowali-torun\/","name":"Kwiato i Przyjaciele opanowali Toru\u0144! - \u0160koda We Love Cycling - Poland","isPartOf":{"@id":"https:\/\/www.welovecycling.com\/pl\/#website"},"primaryImageOfPage":{"@id":"https:\/\/www.welovecycling.com\/pl\/2016\/05\/10\/kwiato-i-przyjaciele-opanowali-torun\/#primaryimage"},"image":{"@id":"https:\/\/www.welovecycling.com\/pl\/2016\/05\/10\/kwiato-i-przyjaciele-opanowali-torun\/#primaryimage"},"thumbnailUrl":"https:\/\/d2p6e6u75xmxt8.cloudfront.net\/5\/2016\/05\/053_EZ3A6791.jpg","datePublished":"2016-05-10T23:32:11+00:00","dateModified":"2016-12-05T09:49:17+00:00","author":{"@id":"https:\/\/www.welovecycling.com\/pl\/#\/schema\/person\/e5187c9cac8dd619ebc7b41bd73c2fd9"},"breadcrumb":{"@id":"https:\/\/www.welovecycling.com\/pl\/2016\/05\/10\/kwiato-i-przyjaciele-opanowali-torun\/#breadcrumb"},"inLanguage":"pl-PL","potentialAction":[{"@type":"ReadAction","target":["https:\/\/www.welovecycling.com\/pl\/2016\/05\/10\/kwiato-i-przyjaciele-opanowali-torun\/"]}]},{"@type":"ImageObject","inLanguage":"pl-PL","@id":"https:\/\/www.welovecycling.com\/pl\/2016\/05\/10\/kwiato-i-przyjaciele-opanowali-torun\/#primaryimage","url":"https:\/\/d2p6e6u75xmxt8.cloudfront.net\/5\/2016\/05\/053_EZ3A6791.jpg","contentUrl":"https:\/\/d2p6e6u75xmxt8.cloudfront.net\/5\/2016\/05\/053_EZ3A6791.jpg","width":2000,"height":1333},{"@type":"BreadcrumbList","@id":"https:\/\/www.welovecycling.com\/pl\/2016\/05\/10\/kwiato-i-przyjaciele-opanowali-torun\/#breadcrumb","itemListElement":[{"@type":"ListItem","position":1,"name":"Home","item":"https:\/\/www.welovecycling.com\/pl\/"},{"@type":"ListItem","position":2,"name":"Kwiato i Przyjaciele opanowali Toru\u0144!"}]},{"@type":"WebSite","@id":"https:\/\/www.welovecycling.com\/pl\/#website","url":"https:\/\/www.welovecycling.com\/pl\/","name":"\u0160koda We Love Cycling - Poland","description":"","potentialAction":[{"@type":"SearchAction","target":{"@type":"EntryPoint","urlTemplate":"https:\/\/www.welovecycling.com\/pl\/?s={search_term_string}"},"query-input":{"@type":"PropertyValueSpecification","valueRequired":true,"valueName":"search_term_string"}}],"inLanguage":"pl-PL"},{"@type":"Person","@id":"https:\/\/www.welovecycling.com\/pl\/#\/schema\/person\/e5187c9cac8dd619ebc7b41bd73c2fd9","name":"WeLoveCycling","image":{"@type":"ImageObject","inLanguage":"pl-PL","@id":"https:\/\/www.welovecycling.com\/pl\/#\/schema\/person\/image\/","url":"https:\/\/secure.gravatar.com\/avatar\/7e1ee0ecc5e294b19ef32b9f6086e0afbb9da00c3cb0d465ba4695331f4a9187?s=96&d=mm&r=g","contentUrl":"https:\/\/secure.gravatar.com\/avatar\/7e1ee0ecc5e294b19ef32b9f6086e0afbb9da00c3cb0d465ba4695331f4a9187?s=96&d=mm&r=g","caption":"WeLoveCycling"},"url":"https:\/\/www.welovecycling.com\/pl\/author\/lukascech\/"}]}},"_links":{"self":[{"href":"https:\/\/www.welovecycling.com\/pl\/wp-json\/wp\/v2\/posts\/1011","targetHints":{"allow":["GET"]}}],"collection":[{"href":"https:\/\/www.welovecycling.com\/pl\/wp-json\/wp\/v2\/posts"}],"about":[{"href":"https:\/\/www.welovecycling.com\/pl\/wp-json\/wp\/v2\/types\/post"}],"author":[{"embeddable":true,"href":"https:\/\/www.welovecycling.com\/pl\/wp-json\/wp\/v2\/users\/1"}],"replies":[{"embeddable":true,"href":"https:\/\/www.welovecycling.com\/pl\/wp-json\/wp\/v2\/comments?post=1011"}],"version-history":[{"count":1,"href":"https:\/\/www.welovecycling.com\/pl\/wp-json\/wp\/v2\/posts\/1011\/revisions"}],"predecessor-version":[{"id":2465,"href":"https:\/\/www.welovecycling.com\/pl\/wp-json\/wp\/v2\/posts\/1011\/revisions\/2465"}],"wp:featuredmedia":[{"embeddable":true,"href":"https:\/\/www.welovecycling.com\/pl\/wp-json\/wp\/v2\/media\/1026"}],"wp:attachment":[{"href":"https:\/\/www.welovecycling.com\/pl\/wp-json\/wp\/v2\/media?parent=1011"}],"wp:term":[{"taxonomy":"category","embeddable":true,"href":"https:\/\/www.welovecycling.com\/pl\/wp-json\/wp\/v2\/categories?post=1011"},{"taxonomy":"post_tag","embeddable":true,"href":"https:\/\/www.welovecycling.com\/pl\/wp-json\/wp\/v2\/tags?post=1011"},{"taxonomy":"global-categories","embeddable":true,"href":"https:\/\/www.welovecycling.com\/pl\/wp-json\/wp\/v2\/global-categories?post=1011"}],"curies":[{"name":"wp","href":"https:\/\/api.w.org\/{rel}","templated":true}]}}