{"id":10078,"date":"2019-12-11T09:00:46","date_gmt":"2019-12-11T09:00:46","guid":{"rendered":"https:\/\/www.welovecycling.com\/pl\/?p=10078"},"modified":"2019-12-06T14:12:49","modified_gmt":"2019-12-06T14:12:49","slug":"jak-zainspirowac-rodzicow-do-jazdy-rowerem","status":"publish","type":"post","link":"https:\/\/www.welovecycling.com\/pl\/2019\/12\/11\/jak-zainspirowac-rodzicow-do-jazdy-rowerem\/","title":{"rendered":"Jak zainspirowa\u0107 rodzic\u00f3w do jazdy rowerem"},"content":{"rendered":"<p><strong>Rower mo\u017ce zmieni\u0107 \u017cycie: jest nieko\u0144cz\u0105cym si\u0119 \u017ar\u00f3d\u0142em zabawy, daje swobod\u0119, stanowi tani \u015brodek transportu i umo\u017cliwia konsekwentne \u0107wiczenia. Dlatego wprowadzenie rodzica w rowerowy \u015bwiat mo\u017ce by\u0107 jednym z najlepszych prezent\u00f3w, jaki mu dasz. Oto kilka wskaz\u00f3wek dla tych, kt\u00f3rzy chc\u0105 zaanga\u017cowa\u0107 swoich bliskich do jazdy.<\/strong><\/p>\n<p><strong><span style=\"font-size: 18pt;\">Zr\u00f3b z tego atrakcyjne wydarzenie rodzinne<\/span><\/strong><\/p>\n<p>Przede wszystkim zadbaj o to, \u017ceby jazda na rowerze by\u0142a dla nich ciekawa. W przypadku rodzic\u00f3w s\u0105 du\u017ce szanse na docenienie przez nich faktu, \u017ce dzi\u0119ki rowerowi sp\u0119dzicie troch\u0119 czasu razem. Wsp\u00f3lna, nawet kr\u00f3tka przeja\u017cd\u017cka rodzinna mo\u017ce by\u0107 \u015bwietnym pocz\u0105tkiem rowerowej przygody, a w przysz\u0142o\u015bci sta\u0107 si\u0119 czym\u015b, na co b\u0119dziecie czeka\u0107 z ut\u0119sknieniem.<\/p>\n<p><img loading=\"lazy\" decoding=\"async\" class=\"size-full wp-image-175953 initial loaded\" src=\"https:\/\/d2p6e6u75xmxt8.cloudfront.net\/2\/2019\/11\/profimedia-0397940235.jpg\" sizes=\"auto, (max-width: 1800px) 100vw, 1800px\" srcset=\"https:\/\/d2p6e6u75xmxt8.cloudfront.net\/2\/2019\/11\/profimedia-0397940235.jpg 1800w, https:\/\/d2p6e6u75xmxt8.cloudfront.net\/2\/2019\/11\/profimedia-0397940235-300x200.jpg 300w, https:\/\/d2p6e6u75xmxt8.cloudfront.net\/2\/2019\/11\/profimedia-0397940235-768x512.jpg 768w, https:\/\/d2p6e6u75xmxt8.cloudfront.net\/2\/2019\/11\/profimedia-0397940235-1024x683.jpg 1024w, https:\/\/d2p6e6u75xmxt8.cloudfront.net\/2\/2019\/11\/profimedia-0397940235-272x182.jpg 272w\" alt=\"\" width=\"1800\" height=\"1200\" data-was-processed=\"true\" \/><\/p>\n<p><strong><span style=\"font-size: 18pt;\">Porozmawiaj o korzy\u015bciach zdrowotnych<\/span><\/strong><\/p>\n<p>Gdy zainteresujesz rodzic\u00f3w perspektyw\u0105 zaprzyja\u017anienia si\u0119 z rowerem i wsp\u00f3lnej przeja\u017cd\u017cki, powo\u0142aj si\u0119 na korzy\u015bci zdrowotne, jakie z tego p\u0142yn\u0105. Zwi\u0119kszy to szanse na to, \u017ce b\u0119d\u0105 chcieli takie wycieczki powtarza\u0107. Badania wykaza\u0142y wielokrotnie, \u017ce regularne \u0107wiczenia znacznie zmniejszaj\u0105 ryzyko wielu powa\u017cnych wsp\u00f3\u0142czesnych chor\u00f3b, takich jak oty\u0142o\u015b\u0107, cukrzyca, choroby serca i niekt\u00f3re neurodegeneracyjne. Wykazano, \u017ce regularna jazda na rowerze poprawia tak\u017ce zdrowie psychiczne. A najlepsze jest to, \u017ce je\u017adzi\u0107 na rowerze mo\u017cna zacz\u0105\u0107 praktycznie w ka\u017cdym wieku. Jazda nie jest obci\u0105\u017caj\u0105ca dla staw\u00f3w, nie wymaga dobrej kondycji i nie ma konieczno\u015bci zapisywania si\u0119 na \u017cadne zaj\u0119cia.<\/p>\n<p><strong><span style=\"font-size: 18pt;\">Opcjonalnie zaproponuj rower sk\u0142adany<\/span><\/strong><\/p>\n<p>Kolejn\u0105 wielk\u0105 zalet\u0105 rower\u00f3w jest swoboda korzystania z nich. Dwa k\u00f3\u0142ka s\u0105 najszybszym \u015brodkiem transportu w miastach i pozwalaj\u0105 odkry\u0107 znacznie wi\u0119ksze obszary w por\u00f3wnaniu ze zwyk\u0142ymi spacerami. Sk\u0142adane rowery daj\u0105 za\u015b najwi\u0119ksz\u0105 wolno\u015b\u0107. S\u0105 bardzo \u0142atwe w monta\u017cu i demonta\u017cu, w ka\u017cdej chwili mo\u017cna si\u0119 zatrzyma\u0107, z\u0142o\u017cy\u0107 rower, wsi\u0105\u015b\u0107 z nim do transportu publicznego i wr\u00f3ci\u0107 do domu. Du\u017co wygodniej jest te\u017c doje\u017cd\u017ca\u0107 na sk\u0142adanym rowerze do pracy, poniewa\u017c mo\u017cna zabra\u0107 go do biura i nie martwi\u0107 si\u0119 o miejsce parkingowe.<\/p>\n<figure id=\"attachment_174205\" aria-describedby=\"caption-attachment-174205\" style=\"width: 1250px\" class=\"wp-caption alignnone\"><img loading=\"lazy\" decoding=\"async\" class=\"loading wp-image-174205 size-full\" src=\"https:\/\/d2p6e6u75xmxt8.cloudfront.net\/2\/2019\/06\/bakfiets-profimedia-0108285671.jpg\" sizes=\"auto, (max-width: 1250px) 100vw, 1250px\" srcset=\"https:\/\/d2p6e6u75xmxt8.cloudfront.net\/2\/2019\/06\/bakfiets-profimedia-0108285671.jpg 1250w, https:\/\/d2p6e6u75xmxt8.cloudfront.net\/2\/2019\/06\/bakfiets-profimedia-0108285671-300x200.jpg 300w, https:\/\/d2p6e6u75xmxt8.cloudfront.net\/2\/2019\/06\/bakfiets-profimedia-0108285671-768x511.jpg 768w, https:\/\/d2p6e6u75xmxt8.cloudfront.net\/2\/2019\/06\/bakfiets-profimedia-0108285671-1024x682.jpg 1024w, https:\/\/d2p6e6u75xmxt8.cloudfront.net\/2\/2019\/06\/bakfiets-profimedia-0108285671-272x182.jpg 272w\" alt=\"\" width=\"1250\" height=\"832\" data-was-processed=\"true\" \/><figcaption id=\"caption-attachment-174205\" class=\"wp-caption-text\">\u00a9 Profimedia, Alamy<\/figcaption><\/figure>\n<p><strong><span style=\"font-size: 18pt;\">Wyja\u015bnij, jak bezpiecznie wybra\u0107 si\u0119 na przeja\u017cd\u017ck\u0119<\/span><\/strong><\/p>\n<p>Powiedz rodzicom, \u017ce na pocz\u0105tku mog\u0105 czu\u0107 l\u0119k i obawy, ale to minie. Po\u015bwi\u0119\u0107 troch\u0119 czasu na om\u00f3wienie podstaw bezpiecze\u0144stwa na drodze i na \u015bcie\u017cce rowerowej, aby Twoi bliscy wiedzieli, czego mog\u0105 si\u0119 spodziewa\u0107. Niech przetestuj\u0105 rower przed wyruszeniem w tras\u0119, a Ty sprawd\u017a hamulce, biegi i odpowiedz na wszelkie pytania, jakie si\u0119 pojawi\u0105. Inauguracyjna przeja\u017cd\u017cka mo\u017ce by\u0107 kr\u00f3ciutka, wa\u017cne jest, aby pierwsze do\u015bwiadczenie by\u0142o bezpieczne, niewyczerpuj\u0105ce i sprawi\u0142o rado\u015b\u0107.<\/p>\n<p><strong><span style=\"font-size: 18pt;\">A mo\u017ce rower elektryczny?<\/span><\/strong><\/p>\n<p>Je\u015bli g\u0142\u00f3wn\u0105 obiekcj\u0105 rodzic\u00f3w jest to, \u017ce s\u0105 za starzy, nie maj\u0105 formy oraz wydajno\u015bci i energii, aby wyruszy\u0107 gdziekolwiek dalej na interesuj\u0105ce wycieczki, wyci\u0105gnij asa z r\u0119kawa \u2013 rowery elektryczne. Dzi\u0119ki pojazdom z silnikiem Twoi bliscy nie musz\u0105 obawia\u0107 si\u0119 podjazd\u00f3w lub utraty si\u0142, gdy b\u0119d\u0105 daleko od domu. Mog\u0105 je\u017adzi\u0107 nawet wtedy, kiedy nie chce im si\u0119 peda\u0142owa\u0107, i wci\u0105\u017c nie przestan\u0105 \u0107wiczy\u0107! Dzi\u0119ki e-rowerowi pozostan\u0105 aktywni i b\u0119d\u0105 mogli uczestniczy\u0107 w przeja\u017cd\u017ckach rodzinnych.<\/p>\n<p><a class=\"in-cell-link\" href=\"http:\/\/www.skoda-auto.pl\/\" target=\"_blank\" rel=\"noopener\">Artyku\u0142 powsta\u0142 we wsp\u00f3\u0142pracy ze skoda-auto.pl<\/a><\/p>\n<p><a href=\"https:\/\/www.welovecycling.com\/pl\/2019\/11\/25\/kim-jest-bikefluencer-trzy-historie-o-inspiracji-wytrwalosci-i-zmianie\/\"><img loading=\"lazy\" decoding=\"async\" class=\"aligncenter size-full wp-image-10013\" src=\"https:\/\/d2p6e6u75xmxt8.cloudfront.net\/5\/2019\/11\/WLC_BF_HeroBanner_2x-1920x458.jpg\" alt=\"\" width=\"1920\" height=\"458\" srcset=\"https:\/\/d2p6e6u75xmxt8.cloudfront.net\/5\/2019\/11\/WLC_BF_HeroBanner_2x-1920x458.jpg 1920w, https:\/\/d2p6e6u75xmxt8.cloudfront.net\/5\/2019\/11\/WLC_BF_HeroBanner_2x-1920x458-300x72.jpg 300w, https:\/\/d2p6e6u75xmxt8.cloudfront.net\/5\/2019\/11\/WLC_BF_HeroBanner_2x-1920x458-768x183.jpg 768w, https:\/\/d2p6e6u75xmxt8.cloudfront.net\/5\/2019\/11\/WLC_BF_HeroBanner_2x-1920x458-1024x244.jpg 1024w, https:\/\/d2p6e6u75xmxt8.cloudfront.net\/5\/2019\/11\/WLC_BF_HeroBanner_2x-1920x458-1920x458.jpg 1920w\" sizes=\"auto, (max-width: 1920px) 100vw, 1920px\" \/><\/a><\/p>\n","protected":false},"excerpt":{"rendered":"<p>Rower mo\u017ce zmieni\u0107 \u017cycie: jest nieko\u0144cz\u0105cym si\u0119 \u017ar\u00f3d\u0142em zabawy, daje swobod\u0119, stanowi tani \u015brodek transportu i umo\u017cliwia konsekwentne \u0107wiczenia. Dlatego [&hellip;]<\/p>\n","protected":false},"author":76,"featured_media":10079,"comment_status":"open","ping_status":"open","sticky":false,"template":"","format":"standard","meta":{"footnotes":""},"categories":[322,231],"tags":[],"global-categories":[],"class_list":["post-10078","post","type-post","status-publish","format-standard","has-post-thumbnail","hentry","category-bikefluencer","category-dlatego-jezdzimy"],"yoast_head":"<!-- This site is optimized with the Yoast SEO Premium plugin v25.3 (Yoast SEO v25.9) - https:\/\/yoast.com\/wordpress\/plugins\/seo\/ -->\n<title>Jak zainspirowa\u0107 rodzic\u00f3w do jazdy rowerem - \u0160koda We Love Cycling - Poland<\/title>\n<meta name=\"robots\" content=\"index, follow, max-snippet:-1, max-image-preview:large, max-video-preview:-1\" \/>\n<link rel=\"canonical\" href=\"https:\/\/www.welovecycling.com\/pl\/2019\/12\/11\/jak-zainspirowac-rodzicow-do-jazdy-rowerem\/\" \/>\n<meta property=\"og:locale\" content=\"pl_PL\" \/>\n<meta property=\"og:type\" content=\"article\" \/>\n<meta property=\"og:title\" content=\"Jak zainspirowa\u0107 rodzic\u00f3w do jazdy rowerem\" \/>\n<meta property=\"og:description\" content=\"Rower mo\u017ce zmieni\u0107 \u017cycie: jest nieko\u0144cz\u0105cym si\u0119 \u017ar\u00f3d\u0142em zabawy, daje swobod\u0119, stanowi tani \u015brodek transportu i umo\u017cliwia konsekwentne \u0107wiczenia. Dlatego [&hellip;]\" \/>\n<meta property=\"og:url\" content=\"https:\/\/www.welovecycling.com\/pl\/2019\/12\/11\/jak-zainspirowac-rodzicow-do-jazdy-rowerem\/\" \/>\n<meta property=\"og:site_name\" content=\"\u0160koda We Love Cycling - Poland\" \/>\n<meta property=\"article:published_time\" content=\"2019-12-11T09:00:46+00:00\" \/>\n<meta property=\"og:image\" content=\"https:\/\/d2p6e6u75xmxt8.cloudfront.net\/5\/2019\/12\/Senior-CVR-profimedia-0400553063-1-1024x450.jpg\" \/>\n\t<meta property=\"og:image:width\" content=\"1024\" \/>\n\t<meta property=\"og:image:height\" content=\"450\" \/>\n\t<meta property=\"og:image:type\" content=\"image\/jpeg\" \/>\n<meta name=\"author\" content=\"piotrboczkowski\" \/>\n<meta name=\"twitter:card\" content=\"summary_large_image\" \/>\n<meta name=\"twitter:label1\" content=\"Written by\" \/>\n\t<meta name=\"twitter:data1\" content=\"Jiri Kaloc\" \/>\n\t<meta name=\"twitter:label2\" content=\"Est. reading time\" \/>\n\t<meta name=\"twitter:data2\" content=\"4\" \/>\n<script type=\"application\/ld+json\" class=\"yoast-schema-graph\">{\"@context\":\"https:\/\/schema.org\",\"@graph\":[{\"@type\":\"WebPage\",\"@id\":\"https:\/\/www.welovecycling.com\/pl\/2019\/12\/11\/jak-zainspirowac-rodzicow-do-jazdy-rowerem\/\",\"url\":\"https:\/\/www.welovecycling.com\/pl\/2019\/12\/11\/jak-zainspirowac-rodzicow-do-jazdy-rowerem\/\",\"name\":\"Jak zainspirowa\u0107 rodzic\u00f3w do jazdy rowerem - \u0160koda We Love Cycling - Poland\",\"isPartOf\":{\"@id\":\"https:\/\/www.welovecycling.com\/pl\/#website\"},\"primaryImageOfPage\":{\"@id\":\"https:\/\/www.welovecycling.com\/pl\/2019\/12\/11\/jak-zainspirowac-rodzicow-do-jazdy-rowerem\/#primaryimage\"},\"image\":{\"@id\":\"https:\/\/www.welovecycling.com\/pl\/2019\/12\/11\/jak-zainspirowac-rodzicow-do-jazdy-rowerem\/#primaryimage\"},\"thumbnailUrl\":\"https:\/\/d2p6e6u75xmxt8.cloudfront.net\/5\/2019\/12\/Senior-CVR-profimedia-0400553063-1-1024x450.jpg\",\"datePublished\":\"2019-12-11T09:00:46+00:00\",\"author\":{\"@id\":\"https:\/\/www.welovecycling.com\/pl\/#\/schema\/person\/0dba2d39da943db9df3fd8f4687e7f23\"},\"breadcrumb\":{\"@id\":\"https:\/\/www.welovecycling.com\/pl\/2019\/12\/11\/jak-zainspirowac-rodzicow-do-jazdy-rowerem\/#breadcrumb\"},\"inLanguage\":\"pl-PL\",\"potentialAction\":[{\"@type\":\"ReadAction\",\"target\":[\"https:\/\/www.welovecycling.com\/pl\/2019\/12\/11\/jak-zainspirowac-rodzicow-do-jazdy-rowerem\/\"]}]},{\"@type\":\"ImageObject\",\"inLanguage\":\"pl-PL\",\"@id\":\"https:\/\/www.welovecycling.com\/pl\/2019\/12\/11\/jak-zainspirowac-rodzicow-do-jazdy-rowerem\/#primaryimage\",\"url\":\"https:\/\/d2p6e6u75xmxt8.cloudfront.net\/5\/2019\/12\/Senior-CVR-profimedia-0400553063-1-1024x450.jpg\",\"contentUrl\":\"https:\/\/d2p6e6u75xmxt8.cloudfront.net\/5\/2019\/12\/Senior-CVR-profimedia-0400553063-1-1024x450.jpg\",\"width\":1024,\"height\":450},{\"@type\":\"BreadcrumbList\",\"@id\":\"https:\/\/www.welovecycling.com\/pl\/2019\/12\/11\/jak-zainspirowac-rodzicow-do-jazdy-rowerem\/#breadcrumb\",\"itemListElement\":[{\"@type\":\"ListItem\",\"position\":1,\"name\":\"Home\",\"item\":\"https:\/\/www.welovecycling.com\/pl\/\"},{\"@type\":\"ListItem\",\"position\":2,\"name\":\"Jak zainspirowa\u0107 rodzic\u00f3w do jazdy rowerem\"}]},{\"@type\":\"WebSite\",\"@id\":\"https:\/\/www.welovecycling.com\/pl\/#website\",\"url\":\"https:\/\/www.welovecycling.com\/pl\/\",\"name\":\"\u0160koda We Love Cycling - Poland\",\"description\":\"\",\"potentialAction\":[{\"@type\":\"SearchAction\",\"target\":{\"@type\":\"EntryPoint\",\"urlTemplate\":\"https:\/\/www.welovecycling.com\/pl\/?s={search_term_string}\"},\"query-input\":{\"@type\":\"PropertyValueSpecification\",\"valueRequired\":true,\"valueName\":\"search_term_string\"}}],\"inLanguage\":\"pl-PL\"},{\"@type\":\"Person\",\"@id\":\"https:\/\/www.welovecycling.com\/pl\/#\/schema\/person\/0dba2d39da943db9df3fd8f4687e7f23\",\"name\":\"piotrboczkowski\",\"image\":{\"@type\":\"ImageObject\",\"inLanguage\":\"pl-PL\",\"@id\":\"https:\/\/www.welovecycling.com\/pl\/#\/schema\/person\/image\/\",\"url\":\"https:\/\/secure.gravatar.com\/avatar\/533caccae14752e03a2ce2d3fd62d1b98b93e1393c3195c27819e53344ca1ace?s=96&d=mm&r=g\",\"contentUrl\":\"https:\/\/secure.gravatar.com\/avatar\/533caccae14752e03a2ce2d3fd62d1b98b93e1393c3195c27819e53344ca1ace?s=96&d=mm&r=g\",\"caption\":\"piotrboczkowski\"},\"url\":\"https:\/\/www.welovecycling.com\/pl\/author\/piotrboczkowski\/\"}]}<\/script>\n<!-- \/ Yoast SEO Premium plugin. -->","yoast_head_json":{"title":"Jak zainspirowa\u0107 rodzic\u00f3w do jazdy rowerem - \u0160koda We Love Cycling - Poland","robots":{"index":"index","follow":"follow","max-snippet":"max-snippet:-1","max-image-preview":"max-image-preview:large","max-video-preview":"max-video-preview:-1"},"canonical":"https:\/\/www.welovecycling.com\/pl\/2019\/12\/11\/jak-zainspirowac-rodzicow-do-jazdy-rowerem\/","og_locale":"pl_PL","og_type":"article","og_title":"Jak zainspirowa\u0107 rodzic\u00f3w do jazdy rowerem","og_description":"Rower mo\u017ce zmieni\u0107 \u017cycie: jest nieko\u0144cz\u0105cym si\u0119 \u017ar\u00f3d\u0142em zabawy, daje swobod\u0119, stanowi tani \u015brodek transportu i umo\u017cliwia konsekwentne \u0107wiczenia. Dlatego [&hellip;]","og_url":"https:\/\/www.welovecycling.com\/pl\/2019\/12\/11\/jak-zainspirowac-rodzicow-do-jazdy-rowerem\/","og_site_name":"\u0160koda We Love Cycling - Poland","article_published_time":"2019-12-11T09:00:46+00:00","og_image":[{"width":1024,"height":450,"url":"https:\/\/d2p6e6u75xmxt8.cloudfront.net\/5\/2019\/12\/Senior-CVR-profimedia-0400553063-1-1024x450.jpg","type":"image\/jpeg"}],"author":"piotrboczkowski","twitter_card":"summary_large_image","twitter_misc":{"Written by":"Jiri Kaloc","Est. reading time":"4"},"schema":{"@context":"https:\/\/schema.org","@graph":[{"@type":"WebPage","@id":"https:\/\/www.welovecycling.com\/pl\/2019\/12\/11\/jak-zainspirowac-rodzicow-do-jazdy-rowerem\/","url":"https:\/\/www.welovecycling.com\/pl\/2019\/12\/11\/jak-zainspirowac-rodzicow-do-jazdy-rowerem\/","name":"Jak zainspirowa\u0107 rodzic\u00f3w do jazdy rowerem - \u0160koda We Love Cycling - Poland","isPartOf":{"@id":"https:\/\/www.welovecycling.com\/pl\/#website"},"primaryImageOfPage":{"@id":"https:\/\/www.welovecycling.com\/pl\/2019\/12\/11\/jak-zainspirowac-rodzicow-do-jazdy-rowerem\/#primaryimage"},"image":{"@id":"https:\/\/www.welovecycling.com\/pl\/2019\/12\/11\/jak-zainspirowac-rodzicow-do-jazdy-rowerem\/#primaryimage"},"thumbnailUrl":"https:\/\/d2p6e6u75xmxt8.cloudfront.net\/5\/2019\/12\/Senior-CVR-profimedia-0400553063-1-1024x450.jpg","datePublished":"2019-12-11T09:00:46+00:00","author":{"@id":"https:\/\/www.welovecycling.com\/pl\/#\/schema\/person\/0dba2d39da943db9df3fd8f4687e7f23"},"breadcrumb":{"@id":"https:\/\/www.welovecycling.com\/pl\/2019\/12\/11\/jak-zainspirowac-rodzicow-do-jazdy-rowerem\/#breadcrumb"},"inLanguage":"pl-PL","potentialAction":[{"@type":"ReadAction","target":["https:\/\/www.welovecycling.com\/pl\/2019\/12\/11\/jak-zainspirowac-rodzicow-do-jazdy-rowerem\/"]}]},{"@type":"ImageObject","inLanguage":"pl-PL","@id":"https:\/\/www.welovecycling.com\/pl\/2019\/12\/11\/jak-zainspirowac-rodzicow-do-jazdy-rowerem\/#primaryimage","url":"https:\/\/d2p6e6u75xmxt8.cloudfront.net\/5\/2019\/12\/Senior-CVR-profimedia-0400553063-1-1024x450.jpg","contentUrl":"https:\/\/d2p6e6u75xmxt8.cloudfront.net\/5\/2019\/12\/Senior-CVR-profimedia-0400553063-1-1024x450.jpg","width":1024,"height":450},{"@type":"BreadcrumbList","@id":"https:\/\/www.welovecycling.com\/pl\/2019\/12\/11\/jak-zainspirowac-rodzicow-do-jazdy-rowerem\/#breadcrumb","itemListElement":[{"@type":"ListItem","position":1,"name":"Home","item":"https:\/\/www.welovecycling.com\/pl\/"},{"@type":"ListItem","position":2,"name":"Jak zainspirowa\u0107 rodzic\u00f3w do jazdy rowerem"}]},{"@type":"WebSite","@id":"https:\/\/www.welovecycling.com\/pl\/#website","url":"https:\/\/www.welovecycling.com\/pl\/","name":"\u0160koda We Love Cycling - Poland","description":"","potentialAction":[{"@type":"SearchAction","target":{"@type":"EntryPoint","urlTemplate":"https:\/\/www.welovecycling.com\/pl\/?s={search_term_string}"},"query-input":{"@type":"PropertyValueSpecification","valueRequired":true,"valueName":"search_term_string"}}],"inLanguage":"pl-PL"},{"@type":"Person","@id":"https:\/\/www.welovecycling.com\/pl\/#\/schema\/person\/0dba2d39da943db9df3fd8f4687e7f23","name":"piotrboczkowski","image":{"@type":"ImageObject","inLanguage":"pl-PL","@id":"https:\/\/www.welovecycling.com\/pl\/#\/schema\/person\/image\/","url":"https:\/\/secure.gravatar.com\/avatar\/533caccae14752e03a2ce2d3fd62d1b98b93e1393c3195c27819e53344ca1ace?s=96&d=mm&r=g","contentUrl":"https:\/\/secure.gravatar.com\/avatar\/533caccae14752e03a2ce2d3fd62d1b98b93e1393c3195c27819e53344ca1ace?s=96&d=mm&r=g","caption":"piotrboczkowski"},"url":"https:\/\/www.welovecycling.com\/pl\/author\/piotrboczkowski\/"}]}},"_links":{"self":[{"href":"https:\/\/www.welovecycling.com\/pl\/wp-json\/wp\/v2\/posts\/10078","targetHints":{"allow":["GET"]}}],"collection":[{"href":"https:\/\/www.welovecycling.com\/pl\/wp-json\/wp\/v2\/posts"}],"about":[{"href":"https:\/\/www.welovecycling.com\/pl\/wp-json\/wp\/v2\/types\/post"}],"author":[{"embeddable":true,"href":"https:\/\/www.welovecycling.com\/pl\/wp-json\/wp\/v2\/users\/76"}],"replies":[{"embeddable":true,"href":"https:\/\/www.welovecycling.com\/pl\/wp-json\/wp\/v2\/comments?post=10078"}],"version-history":[{"count":1,"href":"https:\/\/www.welovecycling.com\/pl\/wp-json\/wp\/v2\/posts\/10078\/revisions"}],"predecessor-version":[{"id":10080,"href":"https:\/\/www.welovecycling.com\/pl\/wp-json\/wp\/v2\/posts\/10078\/revisions\/10080"}],"wp:featuredmedia":[{"embeddable":true,"href":"https:\/\/www.welovecycling.com\/pl\/wp-json\/wp\/v2\/media\/10079"}],"wp:attachment":[{"href":"https:\/\/www.welovecycling.com\/pl\/wp-json\/wp\/v2\/media?parent=10078"}],"wp:term":[{"taxonomy":"category","embeddable":true,"href":"https:\/\/www.welovecycling.com\/pl\/wp-json\/wp\/v2\/categories?post=10078"},{"taxonomy":"post_tag","embeddable":true,"href":"https:\/\/www.welovecycling.com\/pl\/wp-json\/wp\/v2\/tags?post=10078"},{"taxonomy":"global-categories","embeddable":true,"href":"https:\/\/www.welovecycling.com\/pl\/wp-json\/wp\/v2\/global-categories?post=10078"}],"curies":[{"name":"wp","href":"https:\/\/api.w.org\/{rel}","templated":true}]}}