{"id":10075,"date":"2019-12-10T09:00:25","date_gmt":"2019-12-10T09:00:25","guid":{"rendered":"https:\/\/www.welovecycling.com\/pl\/?p=10075"},"modified":"2020-01-06T19:15:54","modified_gmt":"2020-01-06T19:15:54","slug":"5-wskazowek-jak-szybciej-sie-wspinac","status":"publish","type":"post","link":"https:\/\/www.welovecycling.com\/pl\/2019\/12\/10\/5-wskazowek-jak-szybciej-sie-wspinac\/","title":{"rendered":"5 wskaz\u00f3wek, jak szybciej si\u0119 wspina\u0107"},"content":{"rendered":"<p><strong>Gdy s\u0142yszymy o liczbie wat\u00f3w w nogach profesjonalist\u00f3w i widzimy ich wysportowane sylwetki, \u0142atwo pomy\u015ble\u0107, \u017ce jazda pod g\u00f3r\u0119 polega na mocy i masie cia\u0142a. Chocia\u017c oczywi\u015bcie s\u0105 bardzo wa\u017cne, wspinaczka to co\u015b wi\u0119cej. Przyjrzyjmy si\u0119 bli\u017cej kilku technikom i metodom, kt\u00f3re pomog\u0105 poprawi\u0107 czasy wspinania bez konieczno\u015bci zmiany stosunku mocy do masy.<\/strong><\/p>\n<p><span style=\"font-size: 18pt;\"><strong>Zacznij wolniej, ni\u017c my\u015blisz, \u017ce powiniene\u015b<\/strong><\/span><\/p>\n<p>Bardzo cz\u0119stym problemem w\u015br\u00f3d rowerzyst\u00f3w amator\u00f3w jest to, \u017ce na pocz\u0105tku wspinaczki czuj\u0105 si\u0119 bardzo silni, s\u0105 te\u017c zbyt podekscytowani i zu\u017cywaj\u0105 za du\u017co mocy ju\u017c na pocz\u0105tku podjazdu na wzniesienie. Zdarza si\u0119 to g\u0142\u00f3wnie podczas wy\u015bcig\u00f3w lub przeja\u017cd\u017cek grupowych, gdy mniej do\u015bwiadczeni kolarze staraj\u0105 si\u0119 nie odstawa\u0107 od szybszych zawodnik\u00f3w. Pami\u0119taj, \u017ce lepiej zaczyna\u0107 zachowawczo. To pomo\u017ce przyspieszy\u0107 tempo wspinaczki i poczu\u0107 moc, a przynajmniej nie wypali\u0107 si\u0119 przed dotarciem na szczyt. Je\u015bli zrobisz t\u0119 prost\u0105 rzecz, z pewno\u015bci\u0105 miniesz o wiele wi\u0119cej zawodnik\u00f3w, zbli\u017caj\u0105c si\u0119 do szczytu, a to b\u0119dzie mentalny zastrzyk adrenaliny, kt\u00f3rego potrzebujesz, aby utrzyma\u0107 tempo.<\/p>\n<figure id=\"attachment_161106\" aria-describedby=\"caption-attachment-161106\" style=\"width: 1920px\" class=\"wp-caption alignnone\"><img loading=\"lazy\" decoding=\"async\" class=\"loading wp-image-161106 size-full\" src=\"https:\/\/d2p6e6u75xmxt8.cloudfront.net\/2\/2017\/09\/Alpe-dHuez-climb.jpg\" sizes=\"auto, (max-width: 1920px) 100vw, 1920px\" srcset=\"https:\/\/d2p6e6u75xmxt8.cloudfront.net\/2\/2017\/09\/Alpe-dHuez-climb.jpg 1920w, https:\/\/d2p6e6u75xmxt8.cloudfront.net\/2\/2017\/09\/Alpe-dHuez-climb-300x200.jpg 300w, https:\/\/d2p6e6u75xmxt8.cloudfront.net\/2\/2017\/09\/Alpe-dHuez-climb-768x512.jpg 768w, https:\/\/d2p6e6u75xmxt8.cloudfront.net\/2\/2017\/09\/Alpe-dHuez-climb-1024x683.jpg 1024w, https:\/\/d2p6e6u75xmxt8.cloudfront.net\/2\/2017\/09\/Alpe-dHuez-climb-272x182.jpg 272w, https:\/\/d2p6e6u75xmxt8.cloudfront.net\/2\/2017\/09\/Alpe-dHuez-climb-1920x1281.jpg 1920w\" alt=\"\" width=\"1920\" height=\"1281\" data-was-processed=\"true\" \/><figcaption id=\"caption-attachment-161106\" class=\"wp-caption-text\">Wspinaczka w Alpe-d&#8217;Huez \u00a9 Profimedia<\/figcaption><\/figure>\n<p><strong><span style=\"font-size: 18pt;\">Skoncentruj si\u0119 i b\u0105d\u017a realist\u0105<\/span><\/strong><\/p>\n<p>Mo\u017ce to by\u0107 bardzo demobilizuj\u0105ce, gdy w trakcie wspinaczki zaczniesz por\u00f3wnywa\u0107 si\u0119 z lepszymi zawodnikami w grupie albo ze swoimi wcze\u015bniejszymi osi\u0105gami lub moc\u0105 wyj\u015bciow\u0105. Mo\u017cesz unikn\u0105\u0107 frustracji, je\u015bli skupisz si\u0119 na tym, \u017ceby maksymalnie wykorzysta\u0107 swoj\u0105 realn\u0105 moc zamiast torturowa\u0107 si\u0119 wizj\u0105 wspania\u0142ych wynik\u00f3w, kt\u00f3re aktualnie nie s\u0105 w zasi\u0119gu Twoich mo\u017cliwo\u015bci. Niezale\u017cnie od tego, czy uwa\u017casz si\u0119 za dobrego kolarza g\u00f3rskiego, czy nie, czy masz dobry dzie\u0144, czy nie, my\u015bl pozytywnie i koncentruj si\u0119 na tym, co masz pod kontrol\u0105.<\/p>\n<p><strong><span style=\"font-size: 18pt;\">Pozostawaj na siode\u0142ku tak d\u0142ugo, jak mo\u017cesz<\/span><\/strong><\/p>\n<p>Pozostawanie na siode\u0142ku pozwala zu\u017cywa\u0107 mniej energii i utrzymywa\u0107 ni\u017csze t\u0119tno ni\u017c stawanie na peda\u0142ach. Jest to szczeg\u00f3lnie wa\u017cne w przypadku d\u0142u\u017cszych podjazd\u00f3w, je\u015bli chcesz poprawi\u0107 swoj\u0105 wydajno\u015b\u0107. Staraj si\u0119 utrzymywa\u0107 rytm w zakresie od 80 do 85 obrot\u00f3w na minut\u0119, a zmian\u0119 postawy zostaw na kr\u00f3tsze podjazdy lub bardziej strome odcinki podjazd\u00f3w.<\/p>\n<figure id=\"attachment_162591\" aria-describedby=\"caption-attachment-162591\" style=\"width: 1250px\" class=\"wp-caption alignnone\"><img loading=\"lazy\" decoding=\"async\" class=\"loading wp-image-162591 size-full\" src=\"https:\/\/d2p6e6u75xmxt8.cloudfront.net\/2\/2017\/12\/profimedia-0342522880.jpg\" sizes=\"auto, (max-width: 1250px) 100vw, 1250px\" srcset=\"https:\/\/d2p6e6u75xmxt8.cloudfront.net\/2\/2017\/12\/profimedia-0342522880.jpg 1250w, https:\/\/d2p6e6u75xmxt8.cloudfront.net\/2\/2017\/12\/profimedia-0342522880-300x200.jpg 300w, https:\/\/d2p6e6u75xmxt8.cloudfront.net\/2\/2017\/12\/profimedia-0342522880-768x512.jpg 768w, https:\/\/d2p6e6u75xmxt8.cloudfront.net\/2\/2017\/12\/profimedia-0342522880-1024x682.jpg 1024w, https:\/\/d2p6e6u75xmxt8.cloudfront.net\/2\/2017\/12\/profimedia-0342522880-272x182.jpg 272w\" alt=\"\" width=\"1250\" height=\"833\" data-was-processed=\"true\" \/><figcaption id=\"caption-attachment-162591\" class=\"wp-caption-text\">Warren Barguil wspina si\u0119 na Col d&#8217;Izoard podczas ucieczki w trakcie 18. etapu Tour de France, 20 lipca 2017 r. \u00a9 Profimedia<\/figcaption><\/figure>\n<p><strong><span style=\"font-size: 18pt;\">Naucz si\u0119 u\u017cywa\u0107 swojej masy cia\u0142a na stoj\u0105co<\/span><\/strong><\/p>\n<p>Chocia\u017c wstawanie jest mniej wydajne, to daje mo\u017cliwo\u015b\u0107 generowania wi\u0119kszej mocy przez pewien czas, poniewa\u017c naciskasz na peda\u0142y ca\u0142\u0105 mas\u0105 cia\u0142a, a nie tylko si\u0142\u0105 n\u00f3g. Je\u015bli chcesz zrobi\u0107 to prawid\u0142owo, powiniene\u015b zmieni\u0107 jeden lub wi\u0119cej bieg\u00f3w podczas wstawania \u2013 b\u0119dziesz wtedy wyciska\u0107 wi\u0119cej mocy, ale z mniejsz\u0105 kadencj\u0105. Nast\u0119pnie zsu\u0144 ca\u0142\u0105 nog\u0119 w d\u00f3\u0142, prowadz\u0105c od biodra i ko\u0142ysz\u0105c si\u0119 na boki, i r\u00f3b to naprzemiennie, aby zmienia\u0107 \u015brodek ci\u0119\u017cko\u015bci na korbie. Porada profesjonalisty: je\u015bli je\u017adzisz w grupie, pami\u0119taj, \u017ceby podczas wyprostowania naciska\u0107 na peda\u0142y, aby unikn\u0105\u0107 lekkiego spowolnienia, kt\u00f3re mog\u0142oby zagrozi\u0107 kolarzowi za Tob\u0105.<\/p>\n<p><strong><span style=\"font-size: 18pt;\">Oszcz\u0119dzaj swoj\u0105 moc na najtrudniejsze chwile<\/span><\/strong><\/p>\n<p>Kiedy masz do czynienia z d\u0142ugim podjazdem, kt\u00f3ry ma zar\u00f3wno bardziej p\u0142askie, jak i bardziej strome odcinki, mo\u017ce Ci\u0119 kusi\u0107, aby przyspieszy\u0107 na p\u0142askim, by nabra\u0107 rozp\u0119du. Badania pokazuj\u0105 jednak, \u017ce wzrost mocy wraz ze stromo\u015bci\u0105 wzg\u00f3rza prowadzi do kr\u00f3tszych czas\u00f3w og\u00f3lnych. Zatem kiedy wspinaczka si\u0119 wyr\u00f3wna, skoncentruj si\u0119 na utrzymaniu r\u00f3wnowagi i skorzystaj z tymczasowej ulgi po to, aby wypi\u0107 nap\u00f3j i przygotowa\u0107 si\u0119 do reszty drogi. Pozwoli Ci to troch\u0119 mocniej naciska\u0107 na bardziej stromych odcinkach, na kt\u00f3rych najbardziej skorzystasz ze swojej mocy.<\/p>\n<style type=\"text\/css\"><!--td {border: 1px solid #ccc;}br {mso-data-placement:same-cell;}--><\/style>\n<p><span data-sheets-value=\"{&quot;1&quot;:2,&quot;2&quot;:&quot;Artyku\u0142 powsta\u0142 we wsp\u00f3\u0142pracy ze skoda-auto.pl&quot;}\" data-sheets-userformat=\"{&quot;2&quot;:1,&quot;3&quot;:{&quot;1&quot;:0}}\"><a class=\"in-cell-link\" href=\"http:\/\/www.skoda-auto.pl\/\" target=\"_blank\" rel=\"noopener\">Artyku\u0142 powsta\u0142 we wsp\u00f3\u0142pracy ze skoda-auto.pl<\/a><\/span><\/p>\n<p><a href=\"https:\/\/www.skoda-auto.pl\/modele\/karoq\"><img loading=\"lazy\" decoding=\"async\" class=\"aligncenter wp-image-9606 size-full loading\" src=\"https:\/\/d2p6e6u75xmxt8.cloudfront.net\/5\/2019\/08\/baner_WLC_640x350_1.png\" sizes=\"auto, (max-width: 640px) 100vw, 640px\" srcset=\"https:\/\/d2p6e6u75xmxt8.cloudfront.net\/5\/2019\/08\/baner_WLC_640x350_1.png 640w, https:\/\/d2p6e6u75xmxt8.cloudfront.net\/5\/2019\/08\/baner_WLC_640x350_1-300x164.png 300w\" alt=\"\" width=\"640\" height=\"350\" data-was-processed=\"true\" \/><\/a><\/p>\n","protected":false},"excerpt":{"rendered":"<p>Gdy s\u0142yszymy o liczbie wat\u00f3w w nogach profesjonalist\u00f3w i widzimy ich wysportowane sylwetki, \u0142atwo pomy\u015ble\u0107, \u017ce jazda pod g\u00f3r\u0119 polega [&hellip;]<\/p>\n","protected":false},"author":76,"featured_media":10076,"comment_status":"open","ping_status":"open","sticky":false,"template":"","format":"standard","meta":{"footnotes":""},"categories":[4],"tags":[],"global-categories":[],"class_list":["post-10075","post","type-post","status-publish","format-standard","has-post-thumbnail","hentry","category-zdrowie-i-trening"],"yoast_head":"<!-- This site is optimized with the Yoast SEO Premium plugin v25.3 (Yoast SEO v25.9) - https:\/\/yoast.com\/wordpress\/plugins\/seo\/ -->\n<title>5 wskaz\u00f3wek, jak szybciej si\u0119 wspina\u0107 - \u0160koda We Love Cycling - Poland<\/title>\n<meta name=\"robots\" content=\"index, follow, max-snippet:-1, max-image-preview:large, max-video-preview:-1\" \/>\n<link rel=\"canonical\" href=\"https:\/\/www.welovecycling.com\/pl\/2019\/12\/10\/5-wskazowek-jak-szybciej-sie-wspinac\/\" \/>\n<meta property=\"og:locale\" content=\"pl_PL\" \/>\n<meta property=\"og:type\" content=\"article\" \/>\n<meta property=\"og:title\" content=\"5 wskaz\u00f3wek, jak szybciej si\u0119 wspina\u0107\" \/>\n<meta property=\"og:description\" content=\"Gdy s\u0142yszymy o liczbie wat\u00f3w w nogach profesjonalist\u00f3w i widzimy ich wysportowane sylwetki, \u0142atwo pomy\u015ble\u0107, \u017ce jazda pod g\u00f3r\u0119 polega [&hellip;]\" \/>\n<meta property=\"og:url\" content=\"https:\/\/www.welovecycling.com\/pl\/2019\/12\/10\/5-wskazowek-jak-szybciej-sie-wspinac\/\" \/>\n<meta property=\"og:site_name\" content=\"\u0160koda We Love Cycling - Poland\" \/>\n<meta property=\"article:published_time\" content=\"2019-12-10T09:00:25+00:00\" \/>\n<meta property=\"article:modified_time\" content=\"2020-01-06T19:15:54+00:00\" \/>\n<meta property=\"og:image\" content=\"https:\/\/d2p6e6u75xmxt8.cloudfront.net\/5\/2019\/12\/MIkel-Landa-Chris-Froome-CVR-profimedia-0341750629-1024x450.jpg\" \/>\n\t<meta property=\"og:image:width\" content=\"1024\" \/>\n\t<meta property=\"og:image:height\" content=\"450\" \/>\n\t<meta property=\"og:image:type\" content=\"image\/jpeg\" \/>\n<meta name=\"author\" content=\"piotrboczkowski\" \/>\n<meta name=\"twitter:card\" content=\"summary_large_image\" \/>\n<meta name=\"twitter:label1\" content=\"Written by\" \/>\n\t<meta name=\"twitter:data1\" content=\"Jiri Kaloc\" \/>\n\t<meta name=\"twitter:label2\" content=\"Est. reading time\" \/>\n\t<meta name=\"twitter:data2\" content=\"5\" \/>\n<script type=\"application\/ld+json\" class=\"yoast-schema-graph\">{\"@context\":\"https:\/\/schema.org\",\"@graph\":[{\"@type\":\"WebPage\",\"@id\":\"https:\/\/www.welovecycling.com\/pl\/2019\/12\/10\/5-wskazowek-jak-szybciej-sie-wspinac\/\",\"url\":\"https:\/\/www.welovecycling.com\/pl\/2019\/12\/10\/5-wskazowek-jak-szybciej-sie-wspinac\/\",\"name\":\"5 wskaz\u00f3wek, jak szybciej si\u0119 wspina\u0107 - \u0160koda We Love Cycling - Poland\",\"isPartOf\":{\"@id\":\"https:\/\/www.welovecycling.com\/pl\/#website\"},\"primaryImageOfPage\":{\"@id\":\"https:\/\/www.welovecycling.com\/pl\/2019\/12\/10\/5-wskazowek-jak-szybciej-sie-wspinac\/#primaryimage\"},\"image\":{\"@id\":\"https:\/\/www.welovecycling.com\/pl\/2019\/12\/10\/5-wskazowek-jak-szybciej-sie-wspinac\/#primaryimage\"},\"thumbnailUrl\":\"https:\/\/d2p6e6u75xmxt8.cloudfront.net\/5\/2019\/12\/MIkel-Landa-Chris-Froome-CVR-profimedia-0341750629-1024x450.jpg\",\"datePublished\":\"2019-12-10T09:00:25+00:00\",\"dateModified\":\"2020-01-06T19:15:54+00:00\",\"author\":{\"@id\":\"https:\/\/www.welovecycling.com\/pl\/#\/schema\/person\/0dba2d39da943db9df3fd8f4687e7f23\"},\"breadcrumb\":{\"@id\":\"https:\/\/www.welovecycling.com\/pl\/2019\/12\/10\/5-wskazowek-jak-szybciej-sie-wspinac\/#breadcrumb\"},\"inLanguage\":\"pl-PL\",\"potentialAction\":[{\"@type\":\"ReadAction\",\"target\":[\"https:\/\/www.welovecycling.com\/pl\/2019\/12\/10\/5-wskazowek-jak-szybciej-sie-wspinac\/\"]}]},{\"@type\":\"ImageObject\",\"inLanguage\":\"pl-PL\",\"@id\":\"https:\/\/www.welovecycling.com\/pl\/2019\/12\/10\/5-wskazowek-jak-szybciej-sie-wspinac\/#primaryimage\",\"url\":\"https:\/\/d2p6e6u75xmxt8.cloudfront.net\/5\/2019\/12\/MIkel-Landa-Chris-Froome-CVR-profimedia-0341750629-1024x450.jpg\",\"contentUrl\":\"https:\/\/d2p6e6u75xmxt8.cloudfront.net\/5\/2019\/12\/MIkel-Landa-Chris-Froome-CVR-profimedia-0341750629-1024x450.jpg\",\"width\":1024,\"height\":450},{\"@type\":\"BreadcrumbList\",\"@id\":\"https:\/\/www.welovecycling.com\/pl\/2019\/12\/10\/5-wskazowek-jak-szybciej-sie-wspinac\/#breadcrumb\",\"itemListElement\":[{\"@type\":\"ListItem\",\"position\":1,\"name\":\"Home\",\"item\":\"https:\/\/www.welovecycling.com\/pl\/\"},{\"@type\":\"ListItem\",\"position\":2,\"name\":\"5 wskaz\u00f3wek, jak szybciej si\u0119 wspina\u0107\"}]},{\"@type\":\"WebSite\",\"@id\":\"https:\/\/www.welovecycling.com\/pl\/#website\",\"url\":\"https:\/\/www.welovecycling.com\/pl\/\",\"name\":\"\u0160koda We Love Cycling - Poland\",\"description\":\"\",\"potentialAction\":[{\"@type\":\"SearchAction\",\"target\":{\"@type\":\"EntryPoint\",\"urlTemplate\":\"https:\/\/www.welovecycling.com\/pl\/?s={search_term_string}\"},\"query-input\":{\"@type\":\"PropertyValueSpecification\",\"valueRequired\":true,\"valueName\":\"search_term_string\"}}],\"inLanguage\":\"pl-PL\"},{\"@type\":\"Person\",\"@id\":\"https:\/\/www.welovecycling.com\/pl\/#\/schema\/person\/0dba2d39da943db9df3fd8f4687e7f23\",\"name\":\"piotrboczkowski\",\"image\":{\"@type\":\"ImageObject\",\"inLanguage\":\"pl-PL\",\"@id\":\"https:\/\/www.welovecycling.com\/pl\/#\/schema\/person\/image\/\",\"url\":\"https:\/\/secure.gravatar.com\/avatar\/533caccae14752e03a2ce2d3fd62d1b98b93e1393c3195c27819e53344ca1ace?s=96&d=mm&r=g\",\"contentUrl\":\"https:\/\/secure.gravatar.com\/avatar\/533caccae14752e03a2ce2d3fd62d1b98b93e1393c3195c27819e53344ca1ace?s=96&d=mm&r=g\",\"caption\":\"piotrboczkowski\"},\"url\":\"https:\/\/www.welovecycling.com\/pl\/author\/piotrboczkowski\/\"}]}<\/script>\n<!-- \/ Yoast SEO Premium plugin. -->","yoast_head_json":{"title":"5 wskaz\u00f3wek, jak szybciej si\u0119 wspina\u0107 - \u0160koda We Love Cycling - Poland","robots":{"index":"index","follow":"follow","max-snippet":"max-snippet:-1","max-image-preview":"max-image-preview:large","max-video-preview":"max-video-preview:-1"},"canonical":"https:\/\/www.welovecycling.com\/pl\/2019\/12\/10\/5-wskazowek-jak-szybciej-sie-wspinac\/","og_locale":"pl_PL","og_type":"article","og_title":"5 wskaz\u00f3wek, jak szybciej si\u0119 wspina\u0107","og_description":"Gdy s\u0142yszymy o liczbie wat\u00f3w w nogach profesjonalist\u00f3w i widzimy ich wysportowane sylwetki, \u0142atwo pomy\u015ble\u0107, \u017ce jazda pod g\u00f3r\u0119 polega [&hellip;]","og_url":"https:\/\/www.welovecycling.com\/pl\/2019\/12\/10\/5-wskazowek-jak-szybciej-sie-wspinac\/","og_site_name":"\u0160koda We Love Cycling - Poland","article_published_time":"2019-12-10T09:00:25+00:00","article_modified_time":"2020-01-06T19:15:54+00:00","og_image":[{"width":1024,"height":450,"url":"https:\/\/d2p6e6u75xmxt8.cloudfront.net\/5\/2019\/12\/MIkel-Landa-Chris-Froome-CVR-profimedia-0341750629-1024x450.jpg","type":"image\/jpeg"}],"author":"piotrboczkowski","twitter_card":"summary_large_image","twitter_misc":{"Written by":"Jiri Kaloc","Est. reading time":"5"},"schema":{"@context":"https:\/\/schema.org","@graph":[{"@type":"WebPage","@id":"https:\/\/www.welovecycling.com\/pl\/2019\/12\/10\/5-wskazowek-jak-szybciej-sie-wspinac\/","url":"https:\/\/www.welovecycling.com\/pl\/2019\/12\/10\/5-wskazowek-jak-szybciej-sie-wspinac\/","name":"5 wskaz\u00f3wek, jak szybciej si\u0119 wspina\u0107 - \u0160koda We Love Cycling - Poland","isPartOf":{"@id":"https:\/\/www.welovecycling.com\/pl\/#website"},"primaryImageOfPage":{"@id":"https:\/\/www.welovecycling.com\/pl\/2019\/12\/10\/5-wskazowek-jak-szybciej-sie-wspinac\/#primaryimage"},"image":{"@id":"https:\/\/www.welovecycling.com\/pl\/2019\/12\/10\/5-wskazowek-jak-szybciej-sie-wspinac\/#primaryimage"},"thumbnailUrl":"https:\/\/d2p6e6u75xmxt8.cloudfront.net\/5\/2019\/12\/MIkel-Landa-Chris-Froome-CVR-profimedia-0341750629-1024x450.jpg","datePublished":"2019-12-10T09:00:25+00:00","dateModified":"2020-01-06T19:15:54+00:00","author":{"@id":"https:\/\/www.welovecycling.com\/pl\/#\/schema\/person\/0dba2d39da943db9df3fd8f4687e7f23"},"breadcrumb":{"@id":"https:\/\/www.welovecycling.com\/pl\/2019\/12\/10\/5-wskazowek-jak-szybciej-sie-wspinac\/#breadcrumb"},"inLanguage":"pl-PL","potentialAction":[{"@type":"ReadAction","target":["https:\/\/www.welovecycling.com\/pl\/2019\/12\/10\/5-wskazowek-jak-szybciej-sie-wspinac\/"]}]},{"@type":"ImageObject","inLanguage":"pl-PL","@id":"https:\/\/www.welovecycling.com\/pl\/2019\/12\/10\/5-wskazowek-jak-szybciej-sie-wspinac\/#primaryimage","url":"https:\/\/d2p6e6u75xmxt8.cloudfront.net\/5\/2019\/12\/MIkel-Landa-Chris-Froome-CVR-profimedia-0341750629-1024x450.jpg","contentUrl":"https:\/\/d2p6e6u75xmxt8.cloudfront.net\/5\/2019\/12\/MIkel-Landa-Chris-Froome-CVR-profimedia-0341750629-1024x450.jpg","width":1024,"height":450},{"@type":"BreadcrumbList","@id":"https:\/\/www.welovecycling.com\/pl\/2019\/12\/10\/5-wskazowek-jak-szybciej-sie-wspinac\/#breadcrumb","itemListElement":[{"@type":"ListItem","position":1,"name":"Home","item":"https:\/\/www.welovecycling.com\/pl\/"},{"@type":"ListItem","position":2,"name":"5 wskaz\u00f3wek, jak szybciej si\u0119 wspina\u0107"}]},{"@type":"WebSite","@id":"https:\/\/www.welovecycling.com\/pl\/#website","url":"https:\/\/www.welovecycling.com\/pl\/","name":"\u0160koda We Love Cycling - Poland","description":"","potentialAction":[{"@type":"SearchAction","target":{"@type":"EntryPoint","urlTemplate":"https:\/\/www.welovecycling.com\/pl\/?s={search_term_string}"},"query-input":{"@type":"PropertyValueSpecification","valueRequired":true,"valueName":"search_term_string"}}],"inLanguage":"pl-PL"},{"@type":"Person","@id":"https:\/\/www.welovecycling.com\/pl\/#\/schema\/person\/0dba2d39da943db9df3fd8f4687e7f23","name":"piotrboczkowski","image":{"@type":"ImageObject","inLanguage":"pl-PL","@id":"https:\/\/www.welovecycling.com\/pl\/#\/schema\/person\/image\/","url":"https:\/\/secure.gravatar.com\/avatar\/533caccae14752e03a2ce2d3fd62d1b98b93e1393c3195c27819e53344ca1ace?s=96&d=mm&r=g","contentUrl":"https:\/\/secure.gravatar.com\/avatar\/533caccae14752e03a2ce2d3fd62d1b98b93e1393c3195c27819e53344ca1ace?s=96&d=mm&r=g","caption":"piotrboczkowski"},"url":"https:\/\/www.welovecycling.com\/pl\/author\/piotrboczkowski\/"}]}},"_links":{"self":[{"href":"https:\/\/www.welovecycling.com\/pl\/wp-json\/wp\/v2\/posts\/10075","targetHints":{"allow":["GET"]}}],"collection":[{"href":"https:\/\/www.welovecycling.com\/pl\/wp-json\/wp\/v2\/posts"}],"about":[{"href":"https:\/\/www.welovecycling.com\/pl\/wp-json\/wp\/v2\/types\/post"}],"author":[{"embeddable":true,"href":"https:\/\/www.welovecycling.com\/pl\/wp-json\/wp\/v2\/users\/76"}],"replies":[{"embeddable":true,"href":"https:\/\/www.welovecycling.com\/pl\/wp-json\/wp\/v2\/comments?post=10075"}],"version-history":[{"count":2,"href":"https:\/\/www.welovecycling.com\/pl\/wp-json\/wp\/v2\/posts\/10075\/revisions"}],"predecessor-version":[{"id":10173,"href":"https:\/\/www.welovecycling.com\/pl\/wp-json\/wp\/v2\/posts\/10075\/revisions\/10173"}],"wp:featuredmedia":[{"embeddable":true,"href":"https:\/\/www.welovecycling.com\/pl\/wp-json\/wp\/v2\/media\/10076"}],"wp:attachment":[{"href":"https:\/\/www.welovecycling.com\/pl\/wp-json\/wp\/v2\/media?parent=10075"}],"wp:term":[{"taxonomy":"category","embeddable":true,"href":"https:\/\/www.welovecycling.com\/pl\/wp-json\/wp\/v2\/categories?post=10075"},{"taxonomy":"post_tag","embeddable":true,"href":"https:\/\/www.welovecycling.com\/pl\/wp-json\/wp\/v2\/tags?post=10075"},{"taxonomy":"global-categories","embeddable":true,"href":"https:\/\/www.welovecycling.com\/pl\/wp-json\/wp\/v2\/global-categories?post=10075"}],"curies":[{"name":"wp","href":"https:\/\/api.w.org\/{rel}","templated":true}]}}