{"id":10062,"date":"2019-12-06T09:37:15","date_gmt":"2019-12-06T09:37:15","guid":{"rendered":"https:\/\/www.welovecycling.com\/pl\/?p=10062"},"modified":"2020-01-06T19:17:28","modified_gmt":"2020-01-06T19:17:28","slug":"renifery-dostaly-wolne-zaczyna-sie-inwazja-rowerowych-mikolajow","status":"publish","type":"post","link":"https:\/\/www.welovecycling.com\/pl\/2019\/12\/06\/renifery-dostaly-wolne-zaczyna-sie-inwazja-rowerowych-mikolajow\/","title":{"rendered":"Renifery dosta\u0142y wolne. Zaczyna si\u0119 inwazja rowerowych Miko\u0142aj\u00f3w!"},"content":{"rendered":"<p><strong>Podci\u0105gaj\u0105 czerwone stroje, zaciskaj\u0105 pasa i\u2026 daj\u0105 reniferom wolne. Potem wsiadaj\u0105 na rowery i obwieszczaj\u0105 \u015bwiatu, \u017ce dzi\u015b szczeg\u00f3lny dzie\u0144. Rowerowi Miko\u0142ajowie wyje\u017cd\u017caj\u0105 na ulice ca\u0142ego \u015bwiata dzi\u0119kowa\u0107, pomaga\u0107 i \u015bwi\u0119towa\u0107.<\/strong><\/p>\n<p>To jedyny dzie\u0144 w roku, gdy m\u0119\u017cczyzna przekonuje si\u0119, co czuje kobieta w sukience wsiadaj\u0105c na rower. Stroje Miko\u0142aja pl\u0105cz\u0105 si\u0119, przeszkadzaj\u0105 w peda\u0142owaniu i\u2026 sprawiaj\u0105 wiele frajdy. I w\u0142a\u015bnie o rado\u015b\u0107 w tej ca\u0142ej zabawie chodzi.<\/p>\n<p><span style=\"font-size: 18pt;\"><strong>Wielka parada, po niej wielka impreza<\/strong><\/span><\/p>\n<p>W okolicach ameryka\u0144skiego Milwaukee rowerzy\u015bci p\u0142ac\u0105 od 25 do 100 dolar\u00f3w, by wzi\u0105\u0107 udzia\u0142 w wielkiej miko\u0142ajowej paradzie. Wariactwo? Mo\u017ce, ale inaczej uwa\u017caj\u0105 blisko trzy tysi\u0105ce rowerzyst\u00f3w, kt\u00f3rzy decyduj\u0105 si\u0119 na ten wydatek.<\/p>\n<p>Dzi\u0119ki temu w wyj\u0105tkowy spos\u00f3b celebruj\u0105 ten dzie\u0144, a trwa to znaczenie d\u0142u\u017cej ni\u017c sam przejazd. P\u00f3\u017aniej uczestnicy zbieraj\u0105 si\u0119 w pubach i hucznie \u015bwi\u0119tuj\u0105 Miko\u0142ajki. S\u0105 ta\u0144ce, \u015bpiewy i dr\u017c\u0105ce od \u015bmiechu miko\u0142ajowe brzuchy<\/p>\n<p>https:\/\/vimeo.com\/165625594<\/p>\n<p>Miko\u0142ajowie pod w\u0142adanie przejmuj\u0105 te\u017c ulice w Korei Po\u0142udniowej, a konkretnie w okolicach Changwon. Dwa tysi\u0105ce peda\u0142uj\u0105cych czerwonych postaci co roku przeje\u017cd\u017ca tamt\u0119dy, by pom\u00f3c najubo\u017cszym mieszka\u0144com.<\/p>\n<p>\u201ePrzyje\u017cd\u017camy, by rozdawa\u0107 mi\u0142o\u015b\u0107 z dw\u00f3ch k\u00f3\u0142\u201d \u2013 pisz\u0105. Na miejscu organizuj\u0105 co\u015b na kszta\u0142t bazaru charytatywnego. Towarzyszy mu oczywi\u015bcie rowerowa parada, wyst\u0119py, sprzeda\u017c w\u0142asnor\u0119cznie robionych smako\u0142yk\u00f3w i specjalna strefa fotograficzna.<\/p>\n<p>Nagrod\u0105 jest doch\u00f3d, kt\u00f3ry trafia do najubo\u017cszych rodzin, a tak\u017ce popularyzacja jazdy na rowerach. \u201eBardzo si\u0119 ciesz\u0119, \u017ce nawet w taki dzie\u0144 mam okazj\u0119 poje\u017adzi\u0107. Dzi\u0119ki temu dbam o zdrowie, a przy okazji mog\u0119 okaza\u0107 mi\u0142o\u015b\u0107 potrzebuj\u0105cym s\u0105siadom\u201d \u2013 m\u00f3wi jeden z uczestnik\u00f3w.<\/p>\n<p><span style=\"font-size: 18pt;\"><strong>Piotru\u015b Pan startuje spod Koloseum<\/strong><\/span><\/p>\n<p>W Rzymie cyklicznie je\u017cd\u017c\u0105 Miko\u0142ajowie, kt\u00f3rzy pomagaj\u0105 dzieciom z nowotworami. \u201eTa inicjatywa jest wspania\u0142ym sposobem na dzia\u0142alno\u015b\u0107 charytatywn\u0105, ale tak\u017ce pi\u0119knym folklorem, kt\u00f3ry wprowadza Rzym w \u015bwi\u0105teczn\u0105 atmosfer\u0119\u201d \u2013 pisz\u0105 organizatorzy na swojej stronie internetowej.<\/p>\n<p>Wielki czerwony peleton startuje spod Koloseum a\u017c do miejsca, gdzie na Miko\u0142aj\u00f3w czekaj\u0105 chore dzieci, kt\u00f3rym wr\u0119czane s\u0105 prezenty, i kt\u00f3re na co dzie\u0144 s\u0105 pod opiek\u0105 fundacji Piotrusia Pana.<\/p>\n<p>\u201eNawet, je\u015bli kto\u015b nie chce aktywnie bra\u0107 udzia\u0142u w rowerowej paradzie, to podczas jej trwania ma okazj\u0119 do przekazania darowizn i zapoznania si\u0119 dzia\u0142alno\u015bci\u0105 stowarzyszenia\u201d \u2013 pisz\u0105 organizatorzy.<\/p>\n<p>Za to w Anglii 921 Miko\u0142aj\u00f3w wyjecha\u0142o z dom\u00f3w, by celebrowa\u0107\u2026 otwarcie nowej drogi ze \u015bcie\u017ck\u0105 rowerow\u0105 \u2013 South Bristol Link. Droga ta po\u0142\u0105czy\u0142a tak\u017ce inne trasy dla rower\u00f3w, wi\u0119c dla mieszka\u0144c\u00f3w sta\u0142a si\u0119 d\u0142ugo wyczekiwanym miko\u0142ajkowym prezentem. Prezentem, kt\u00f3rego otrzymanie \u015bwi\u0119towano w taki spos\u00f3b<\/p>\n<lite-youtube videoid=IkZvt0AkSjU params=\"enablejsapi=1\" style=\"background-image: url('https:\/\/i.ytimg.com\/vi_webp\/IkZvt0AkSjU\/maxresdefault.webp');\"><\/lite-youtube>\n<p><span style=\"font-size: 18pt;\"><strong>Polscy Miko\u0142ajowie obdarowuj\u0105 i ucz\u0105<\/strong><\/span><\/p>\n<p>Miko\u0142ajowie na rowerach dojechali tak\u017ce do Polski, a dok\u0142adniej do Strzelna (woj. kujawsko-pomorskie). Ludzie skupieni w tamtejszym oddziale PTTK wsiedli na rowery, przejechali ulicami miasta i cz\u0119stowali dzieciaki cukierkami.<\/p>\n<p>Miko\u0142aj na rowerze je\u017adzi\u0142 r\u00f3wnie\u017c po Brzesku (woj. ma\u0142opolskie) i widywany by\u0142 tam nie tylko 6 grudnia, ale w ca\u0142ym okresie \u015bwi\u0105teczno-noworocznym. Cz\u0119sto nie mia\u0142 przy sobie prezent\u00f3w czy przysmak\u00f3w dla dzieci, ale tak spodoba\u0142a mu si\u0119 jazda w stroju Miko\u0142aja, \u017ce z czasem kojarzyli go ju\u017c wszyscy mieszka\u0144cy miasteczka.<\/p>\n<p>Na nietypowy pomys\u0142 wpadli za to Miko\u0142ajowie na Pomorzu. Tam, uzbrojeni od st\u00f3p do g\u0142\u00f3w w czerwone przebrania, promowali jazd\u0119 na rowerach w trakcie\u2026 upalnych wakacji. Mieli w tym jednak szczeg\u00f3lny cel.<\/p>\n<p>&#8211; Je\u017adzimy w strojach roboczych \u015bwi\u0119tego Miko\u0142aja, a to uprawnia nas do pouczania rowerzyst\u00f3w, kt\u00f3rzy \u017ale si\u0119 poruszaj\u0105. Oczywi\u015bcie wszystko to z u\u015bmiechem na twarzy \u2013 m\u00f3wi\u0142 portalowi gp24 Dawid P\u0119ka\u0142a ze Stowarzyszenia Freeriders, kt\u00f3re by\u0142o inicjatorem letniej inwazji Miko\u0142aj\u00f3w.<\/p>\n<p><span data-sheets-value=\"{&quot;1&quot;:2,&quot;2&quot;:&quot;Artyku\u0142 powsta\u0142 we wsp\u00f3\u0142pracy ze skoda-auto.pl&quot;}\" data-sheets-userformat=\"{&quot;2&quot;:1,&quot;3&quot;:{&quot;1&quot;:0}}\"><a class=\"in-cell-link\" href=\"http:\/\/www.skoda-auto.pl\/\" target=\"_blank\" rel=\"noopener\">Artyku\u0142 powsta\u0142 we wsp\u00f3\u0142pracy ze skoda-auto.pl<\/a><\/span><\/p>\n<p><a href=\"https:\/\/www.skoda-auto.pl\/modele\/kodiaq\"><img loading=\"lazy\" decoding=\"async\" class=\"aligncenter wp-image-9607 size-full initial loading\" src=\"https:\/\/d2p6e6u75xmxt8.cloudfront.net\/5\/2019\/08\/baner_WLC_640x350_2.png\" sizes=\"auto, (max-width: 640px) 100vw, 640px\" srcset=\"https:\/\/d2p6e6u75xmxt8.cloudfront.net\/5\/2019\/08\/baner_WLC_640x350_2.png 640w, https:\/\/d2p6e6u75xmxt8.cloudfront.net\/5\/2019\/08\/baner_WLC_640x350_2-300x164.png 300w\" alt=\"\" width=\"640\" height=\"350\" data-was-processed=\"true\" \/><\/a><\/p>\n","protected":false},"excerpt":{"rendered":"<p>Podci\u0105gaj\u0105 czerwone stroje, zaciskaj\u0105 pasa i\u2026 daj\u0105 reniferom wolne. Potem wsiadaj\u0105 na rowery i obwieszczaj\u0105 \u015bwiatu, \u017ce dzi\u015b szczeg\u00f3lny dzie\u0144. [&hellip;]<\/p>\n","protected":false},"author":76,"featured_media":8116,"comment_status":"open","ping_status":"open","sticky":false,"template":"","format":"standard","meta":{"footnotes":""},"categories":[226],"tags":[],"global-categories":[],"class_list":["post-10062","post","type-post","status-publish","format-standard","has-post-thumbnail","hentry","category-ciekawostki"],"yoast_head":"<!-- This site is optimized with the Yoast SEO Premium plugin v25.3 (Yoast SEO v25.9) - https:\/\/yoast.com\/wordpress\/plugins\/seo\/ -->\n<title>Renifery dosta\u0142y wolne. Zaczyna si\u0119 inwazja rowerowych Miko\u0142aj\u00f3w!<\/title>\n<meta name=\"robots\" content=\"index, follow, max-snippet:-1, max-image-preview:large, max-video-preview:-1\" \/>\n<link rel=\"canonical\" href=\"https:\/\/www.welovecycling.com\/pl\/2019\/12\/06\/renifery-dostaly-wolne-zaczyna-sie-inwazja-rowerowych-mikolajow\/\" \/>\n<meta property=\"og:locale\" content=\"pl_PL\" \/>\n<meta property=\"og:type\" content=\"article\" \/>\n<meta property=\"og:title\" content=\"Renifery dosta\u0142y wolne. Zaczyna si\u0119 inwazja rowerowych Miko\u0142aj\u00f3w!\" \/>\n<meta property=\"og:description\" content=\"Podci\u0105gaj\u0105 czerwone stroje, zaciskaj\u0105 pasa i\u2026 daj\u0105 reniferom wolne. Potem wsiadaj\u0105 na rowery i obwieszczaj\u0105 \u015bwiatu, \u017ce dzi\u015b szczeg\u00f3lny dzie\u0144. [&hellip;]\" \/>\n<meta property=\"og:url\" content=\"https:\/\/www.welovecycling.com\/pl\/2019\/12\/06\/renifery-dostaly-wolne-zaczyna-sie-inwazja-rowerowych-mikolajow\/\" \/>\n<meta property=\"og:site_name\" content=\"\u0160koda We Love Cycling - Poland\" \/>\n<meta property=\"article:published_time\" content=\"2019-12-06T09:37:15+00:00\" \/>\n<meta property=\"article:modified_time\" content=\"2020-01-06T19:17:28+00:00\" \/>\n<meta property=\"og:image\" content=\"https:\/\/d2p6e6u75xmxt8.cloudfront.net\/5\/2018\/11\/ccc-1024x450.jpg\" \/>\n\t<meta property=\"og:image:width\" content=\"1024\" \/>\n\t<meta property=\"og:image:height\" content=\"450\" \/>\n\t<meta property=\"og:image:type\" content=\"image\/jpeg\" \/>\n<meta name=\"author\" content=\"piotrboczkowski\" \/>\n<meta name=\"twitter:card\" content=\"summary_large_image\" \/>\n<meta name=\"twitter:label1\" content=\"Written by\" \/>\n\t<meta name=\"twitter:data1\" content=\"Piotr Nowik\" \/>\n\t<meta name=\"twitter:label2\" content=\"Est. reading time\" \/>\n\t<meta name=\"twitter:data2\" content=\"3 minutes\" \/>\n<script type=\"application\/ld+json\" class=\"yoast-schema-graph\">{\"@context\":\"https:\/\/schema.org\",\"@graph\":[{\"@type\":\"WebPage\",\"@id\":\"https:\/\/www.welovecycling.com\/pl\/2019\/12\/06\/renifery-dostaly-wolne-zaczyna-sie-inwazja-rowerowych-mikolajow\/\",\"url\":\"https:\/\/www.welovecycling.com\/pl\/2019\/12\/06\/renifery-dostaly-wolne-zaczyna-sie-inwazja-rowerowych-mikolajow\/\",\"name\":\"Renifery dosta\u0142y wolne. Zaczyna si\u0119 inwazja rowerowych Miko\u0142aj\u00f3w!\",\"isPartOf\":{\"@id\":\"https:\/\/www.welovecycling.com\/pl\/#website\"},\"primaryImageOfPage\":{\"@id\":\"https:\/\/www.welovecycling.com\/pl\/2019\/12\/06\/renifery-dostaly-wolne-zaczyna-sie-inwazja-rowerowych-mikolajow\/#primaryimage\"},\"image\":{\"@id\":\"https:\/\/www.welovecycling.com\/pl\/2019\/12\/06\/renifery-dostaly-wolne-zaczyna-sie-inwazja-rowerowych-mikolajow\/#primaryimage\"},\"thumbnailUrl\":\"https:\/\/d2p6e6u75xmxt8.cloudfront.net\/5\/2018\/11\/ccc-1024x450.jpg\",\"datePublished\":\"2019-12-06T09:37:15+00:00\",\"dateModified\":\"2020-01-06T19:17:28+00:00\",\"author\":{\"@id\":\"https:\/\/www.welovecycling.com\/pl\/#\/schema\/person\/0dba2d39da943db9df3fd8f4687e7f23\"},\"breadcrumb\":{\"@id\":\"https:\/\/www.welovecycling.com\/pl\/2019\/12\/06\/renifery-dostaly-wolne-zaczyna-sie-inwazja-rowerowych-mikolajow\/#breadcrumb\"},\"inLanguage\":\"pl-PL\",\"potentialAction\":[{\"@type\":\"ReadAction\",\"target\":[\"https:\/\/www.welovecycling.com\/pl\/2019\/12\/06\/renifery-dostaly-wolne-zaczyna-sie-inwazja-rowerowych-mikolajow\/\"]}]},{\"@type\":\"ImageObject\",\"inLanguage\":\"pl-PL\",\"@id\":\"https:\/\/www.welovecycling.com\/pl\/2019\/12\/06\/renifery-dostaly-wolne-zaczyna-sie-inwazja-rowerowych-mikolajow\/#primaryimage\",\"url\":\"https:\/\/d2p6e6u75xmxt8.cloudfront.net\/5\/2018\/11\/ccc-1024x450.jpg\",\"contentUrl\":\"https:\/\/d2p6e6u75xmxt8.cloudfront.net\/5\/2018\/11\/ccc-1024x450.jpg\",\"width\":1024,\"height\":450},{\"@type\":\"BreadcrumbList\",\"@id\":\"https:\/\/www.welovecycling.com\/pl\/2019\/12\/06\/renifery-dostaly-wolne-zaczyna-sie-inwazja-rowerowych-mikolajow\/#breadcrumb\",\"itemListElement\":[{\"@type\":\"ListItem\",\"position\":1,\"name\":\"Home\",\"item\":\"https:\/\/www.welovecycling.com\/pl\/\"},{\"@type\":\"ListItem\",\"position\":2,\"name\":\"Renifery dosta\u0142y wolne. Zaczyna si\u0119 inwazja rowerowych Miko\u0142aj\u00f3w!\"}]},{\"@type\":\"WebSite\",\"@id\":\"https:\/\/www.welovecycling.com\/pl\/#website\",\"url\":\"https:\/\/www.welovecycling.com\/pl\/\",\"name\":\"\u0160koda We Love Cycling - Poland\",\"description\":\"\",\"potentialAction\":[{\"@type\":\"SearchAction\",\"target\":{\"@type\":\"EntryPoint\",\"urlTemplate\":\"https:\/\/www.welovecycling.com\/pl\/?s={search_term_string}\"},\"query-input\":{\"@type\":\"PropertyValueSpecification\",\"valueRequired\":true,\"valueName\":\"search_term_string\"}}],\"inLanguage\":\"pl-PL\"},{\"@type\":\"Person\",\"@id\":\"https:\/\/www.welovecycling.com\/pl\/#\/schema\/person\/0dba2d39da943db9df3fd8f4687e7f23\",\"name\":\"piotrboczkowski\",\"image\":{\"@type\":\"ImageObject\",\"inLanguage\":\"pl-PL\",\"@id\":\"https:\/\/www.welovecycling.com\/pl\/#\/schema\/person\/image\/\",\"url\":\"https:\/\/secure.gravatar.com\/avatar\/533caccae14752e03a2ce2d3fd62d1b98b93e1393c3195c27819e53344ca1ace?s=96&d=mm&r=g\",\"contentUrl\":\"https:\/\/secure.gravatar.com\/avatar\/533caccae14752e03a2ce2d3fd62d1b98b93e1393c3195c27819e53344ca1ace?s=96&d=mm&r=g\",\"caption\":\"piotrboczkowski\"},\"url\":\"https:\/\/www.welovecycling.com\/pl\/author\/piotrboczkowski\/\"}]}<\/script>\n<!-- \/ Yoast SEO Premium plugin. -->","yoast_head_json":{"title":"Renifery dosta\u0142y wolne. Zaczyna si\u0119 inwazja rowerowych Miko\u0142aj\u00f3w!","robots":{"index":"index","follow":"follow","max-snippet":"max-snippet:-1","max-image-preview":"max-image-preview:large","max-video-preview":"max-video-preview:-1"},"canonical":"https:\/\/www.welovecycling.com\/pl\/2019\/12\/06\/renifery-dostaly-wolne-zaczyna-sie-inwazja-rowerowych-mikolajow\/","og_locale":"pl_PL","og_type":"article","og_title":"Renifery dosta\u0142y wolne. Zaczyna si\u0119 inwazja rowerowych Miko\u0142aj\u00f3w!","og_description":"Podci\u0105gaj\u0105 czerwone stroje, zaciskaj\u0105 pasa i\u2026 daj\u0105 reniferom wolne. Potem wsiadaj\u0105 na rowery i obwieszczaj\u0105 \u015bwiatu, \u017ce dzi\u015b szczeg\u00f3lny dzie\u0144. [&hellip;]","og_url":"https:\/\/www.welovecycling.com\/pl\/2019\/12\/06\/renifery-dostaly-wolne-zaczyna-sie-inwazja-rowerowych-mikolajow\/","og_site_name":"\u0160koda We Love Cycling - Poland","article_published_time":"2019-12-06T09:37:15+00:00","article_modified_time":"2020-01-06T19:17:28+00:00","og_image":[{"width":1024,"height":450,"url":"https:\/\/d2p6e6u75xmxt8.cloudfront.net\/5\/2018\/11\/ccc-1024x450.jpg","type":"image\/jpeg"}],"author":"piotrboczkowski","twitter_card":"summary_large_image","twitter_misc":{"Written by":"Piotr Nowik","Est. reading time":"3 minutes"},"schema":{"@context":"https:\/\/schema.org","@graph":[{"@type":"WebPage","@id":"https:\/\/www.welovecycling.com\/pl\/2019\/12\/06\/renifery-dostaly-wolne-zaczyna-sie-inwazja-rowerowych-mikolajow\/","url":"https:\/\/www.welovecycling.com\/pl\/2019\/12\/06\/renifery-dostaly-wolne-zaczyna-sie-inwazja-rowerowych-mikolajow\/","name":"Renifery dosta\u0142y wolne. Zaczyna si\u0119 inwazja rowerowych Miko\u0142aj\u00f3w!","isPartOf":{"@id":"https:\/\/www.welovecycling.com\/pl\/#website"},"primaryImageOfPage":{"@id":"https:\/\/www.welovecycling.com\/pl\/2019\/12\/06\/renifery-dostaly-wolne-zaczyna-sie-inwazja-rowerowych-mikolajow\/#primaryimage"},"image":{"@id":"https:\/\/www.welovecycling.com\/pl\/2019\/12\/06\/renifery-dostaly-wolne-zaczyna-sie-inwazja-rowerowych-mikolajow\/#primaryimage"},"thumbnailUrl":"https:\/\/d2p6e6u75xmxt8.cloudfront.net\/5\/2018\/11\/ccc-1024x450.jpg","datePublished":"2019-12-06T09:37:15+00:00","dateModified":"2020-01-06T19:17:28+00:00","author":{"@id":"https:\/\/www.welovecycling.com\/pl\/#\/schema\/person\/0dba2d39da943db9df3fd8f4687e7f23"},"breadcrumb":{"@id":"https:\/\/www.welovecycling.com\/pl\/2019\/12\/06\/renifery-dostaly-wolne-zaczyna-sie-inwazja-rowerowych-mikolajow\/#breadcrumb"},"inLanguage":"pl-PL","potentialAction":[{"@type":"ReadAction","target":["https:\/\/www.welovecycling.com\/pl\/2019\/12\/06\/renifery-dostaly-wolne-zaczyna-sie-inwazja-rowerowych-mikolajow\/"]}]},{"@type":"ImageObject","inLanguage":"pl-PL","@id":"https:\/\/www.welovecycling.com\/pl\/2019\/12\/06\/renifery-dostaly-wolne-zaczyna-sie-inwazja-rowerowych-mikolajow\/#primaryimage","url":"https:\/\/d2p6e6u75xmxt8.cloudfront.net\/5\/2018\/11\/ccc-1024x450.jpg","contentUrl":"https:\/\/d2p6e6u75xmxt8.cloudfront.net\/5\/2018\/11\/ccc-1024x450.jpg","width":1024,"height":450},{"@type":"BreadcrumbList","@id":"https:\/\/www.welovecycling.com\/pl\/2019\/12\/06\/renifery-dostaly-wolne-zaczyna-sie-inwazja-rowerowych-mikolajow\/#breadcrumb","itemListElement":[{"@type":"ListItem","position":1,"name":"Home","item":"https:\/\/www.welovecycling.com\/pl\/"},{"@type":"ListItem","position":2,"name":"Renifery dosta\u0142y wolne. Zaczyna si\u0119 inwazja rowerowych Miko\u0142aj\u00f3w!"}]},{"@type":"WebSite","@id":"https:\/\/www.welovecycling.com\/pl\/#website","url":"https:\/\/www.welovecycling.com\/pl\/","name":"\u0160koda We Love Cycling - Poland","description":"","potentialAction":[{"@type":"SearchAction","target":{"@type":"EntryPoint","urlTemplate":"https:\/\/www.welovecycling.com\/pl\/?s={search_term_string}"},"query-input":{"@type":"PropertyValueSpecification","valueRequired":true,"valueName":"search_term_string"}}],"inLanguage":"pl-PL"},{"@type":"Person","@id":"https:\/\/www.welovecycling.com\/pl\/#\/schema\/person\/0dba2d39da943db9df3fd8f4687e7f23","name":"piotrboczkowski","image":{"@type":"ImageObject","inLanguage":"pl-PL","@id":"https:\/\/www.welovecycling.com\/pl\/#\/schema\/person\/image\/","url":"https:\/\/secure.gravatar.com\/avatar\/533caccae14752e03a2ce2d3fd62d1b98b93e1393c3195c27819e53344ca1ace?s=96&d=mm&r=g","contentUrl":"https:\/\/secure.gravatar.com\/avatar\/533caccae14752e03a2ce2d3fd62d1b98b93e1393c3195c27819e53344ca1ace?s=96&d=mm&r=g","caption":"piotrboczkowski"},"url":"https:\/\/www.welovecycling.com\/pl\/author\/piotrboczkowski\/"}]}},"_links":{"self":[{"href":"https:\/\/www.welovecycling.com\/pl\/wp-json\/wp\/v2\/posts\/10062","targetHints":{"allow":["GET"]}}],"collection":[{"href":"https:\/\/www.welovecycling.com\/pl\/wp-json\/wp\/v2\/posts"}],"about":[{"href":"https:\/\/www.welovecycling.com\/pl\/wp-json\/wp\/v2\/types\/post"}],"author":[{"embeddable":true,"href":"https:\/\/www.welovecycling.com\/pl\/wp-json\/wp\/v2\/users\/76"}],"replies":[{"embeddable":true,"href":"https:\/\/www.welovecycling.com\/pl\/wp-json\/wp\/v2\/comments?post=10062"}],"version-history":[{"count":2,"href":"https:\/\/www.welovecycling.com\/pl\/wp-json\/wp\/v2\/posts\/10062\/revisions"}],"predecessor-version":[{"id":10175,"href":"https:\/\/www.welovecycling.com\/pl\/wp-json\/wp\/v2\/posts\/10062\/revisions\/10175"}],"wp:featuredmedia":[{"embeddable":true,"href":"https:\/\/www.welovecycling.com\/pl\/wp-json\/wp\/v2\/media\/8116"}],"wp:attachment":[{"href":"https:\/\/www.welovecycling.com\/pl\/wp-json\/wp\/v2\/media?parent=10062"}],"wp:term":[{"taxonomy":"category","embeddable":true,"href":"https:\/\/www.welovecycling.com\/pl\/wp-json\/wp\/v2\/categories?post=10062"},{"taxonomy":"post_tag","embeddable":true,"href":"https:\/\/www.welovecycling.com\/pl\/wp-json\/wp\/v2\/tags?post=10062"},{"taxonomy":"global-categories","embeddable":true,"href":"https:\/\/www.welovecycling.com\/pl\/wp-json\/wp\/v2\/global-categories?post=10062"}],"curies":[{"name":"wp","href":"https:\/\/api.w.org\/{rel}","templated":true}]}}