{"id":10058,"date":"2019-12-05T09:33:12","date_gmt":"2019-12-05T09:33:12","guid":{"rendered":"https:\/\/www.welovecycling.com\/pl\/?p=10058"},"modified":"2020-01-06T19:17:42","modified_gmt":"2020-01-06T19:17:42","slug":"la-mamma-volante-latajaca-mama-i-jej-krotka-ale-niesamowita-kariera","status":"publish","type":"post","link":"https:\/\/www.welovecycling.com\/pl\/2019\/12\/05\/la-mamma-volante-latajaca-mama-i-jej-krotka-ale-niesamowita-kariera\/","title":{"rendered":"La Mamma Volante: Lataj\u0105ca Mama i jej kr\u00f3tka, ale niesamowita kariera"},"content":{"rendered":"<p><strong>Mamy 1985 rok i w\u0142a\u015bnie trwa wy\u015bcig Tour de France. Pewna kolarka dociera do mety. Leci jak strza\u0142a i z zapasem 22 minut w stosunku do zawodniczki, kt\u00f3ra zajmie drugie miejsce, wygrywa wy\u015bcig. Zwyci\u0119\u017cczyni nazywa si\u0119 Maria Canins, jest to jej pierwszy Tour i ma 36 lat, co czyni j\u0105 najstarsz\u0105 zawodniczk\u0105 w peletonie.<\/strong><\/p>\n<p>W 1985 roku kobiecy TdF mia\u0142 tylko jedn\u0105 ulubienic\u0119: s\u0142ynn\u0105 Jeannie Longo. Nikt nie spodziewa\u0142 si\u0119, \u017ce ma\u0142o znana W\u0142oszka po trzydziestce pokona t\u0119 doskona\u0142\u0105 zawodniczk\u0119, zw\u0142aszcza \u017ce przez pierwszy tydzie\u0144 trasy wszystko sz\u0142o zgodnie z oczekiwaniami \u2013 Jeannie dominowa\u0142a w dotychczasowych etapach. Ale jak si\u0119 okaza\u0142o, Maria Canins musia\u0142a zapanowa\u0107 nad nerwami, \u017ceby pokaza\u0107, na co j\u0105 sta\u0107.<\/p>\n<figure id=\"attachment_175841\" aria-describedby=\"caption-attachment-175841\" style=\"width: 833px\" class=\"wp-caption alignnone\"><img loading=\"lazy\" decoding=\"async\" class=\"initial loaded wp-image-175841 size-full\" src=\"https:\/\/d2p6e6u75xmxt8.cloudfront.net\/2\/2019\/10\/profimedia-0068350161.jpg\" sizes=\"auto, (max-width: 833px) 100vw, 833px\" srcset=\"https:\/\/d2p6e6u75xmxt8.cloudfront.net\/2\/2019\/10\/profimedia-0068350161.jpg 833w, https:\/\/d2p6e6u75xmxt8.cloudfront.net\/2\/2019\/10\/profimedia-0068350161-200x300.jpg 200w, https:\/\/d2p6e6u75xmxt8.cloudfront.net\/2\/2019\/10\/profimedia-0068350161-768x1152.jpg 768w, https:\/\/d2p6e6u75xmxt8.cloudfront.net\/2\/2019\/10\/profimedia-0068350161-682x1024.jpg 682w\" alt=\"\" width=\"833\" height=\"1250\" data-was-processed=\"true\" \/><figcaption id=\"caption-attachment-175841\" class=\"wp-caption-text\">Maria Canins po wygraniu 2. edycji kobiecego wy\u015bcigu Tour de France, po jej prawej stronie Bernard Hinault (21 lipca 1985 r.). \u00a9 AFP \/ Profimedia<\/figcaption><\/figure>\n<p>Je\u015bli chodzi o g\u00f3rskie etapy wy\u015bcigu, Canins ukrad\u0142a prowadzenie z niesamowit\u0105 elegancj\u0105. Po Col du Corbier uko\u0144czy\u0142a etap z 8-minutowym marginesem w stosunku do Jeannie, zwi\u0119kszaj\u0105c go do 9 minut nast\u0119pnego dnia. P\u00f3\u017aniej Maria powiedzia\u0142a, \u017ce \u200b\u200btak naprawd\u0119 spodziewa\u0142a si\u0119, \u017ce etap Tourmalet b\u0119dzie trudniejszy.<\/p>\n<p>Lataj\u0105ca Mama (z w\u0142oskiego La Mamma Volante), jak zwyk\u0142a nazywa\u0107 j\u0105 publiczno\u015b\u0107, sta\u0142a si\u0119 sensacj\u0105. Podczas gdy ona si\u0119 \u015bciga\u0142a, jej c\u00f3rka Concetta siedzia\u0142a w samochodzie zespo\u0142u. M\u0105\u017c zabiera\u0142 sw\u00f3j rower i namiot na ka\u017cdy etap, a dzie\u0144 przed wy\u015bcigiem sam je\u017adzi\u0142 na poszczeg\u00f3lnych odcinkach, zaznaczaj\u0105c najtrudniejsze ich cz\u0119\u015bci. Kolarstwo by\u0142o spraw\u0105 rodzinn\u0105.<\/p>\n<p>Canins ukrad\u0142a zwyci\u0119stwo Longo jeszcze raz, w 1986 roku podczas Grande Boucle. W 1987 roku Jeannie uda\u0142o si\u0119 zdoby\u0107 mistrzostwo, pozostawiaj\u0105c Marii drugie miejsce. Ten sam stan rzeczy trwa\u0142 przez nast\u0119pne trzy lata. W 1990 roku Maria oficjalnie wycofa\u0142a si\u0119 z zawodowej jazdy na rowerze.<\/p>\n<div class=\"embed-controller-wrapper\">\n<div class=\"embed-wrapper\"><iframe title=\"REAL PEOPLE - Maria Canins for CMP\" width=\"500\" height=\"281\" data-src=\"https:\/\/www.youtube.com\/embed\/P6i72tQ9FZM?feature=oembed\" frameborder=\"0\" allow=\"accelerometer; autoplay; clipboard-write; encrypted-media; gyroscope; picture-in-picture; web-share\" referrerpolicy=\"strict-origin-when-cross-origin\" allowfullscreen><\/iframe><\/div>\n<\/div>\n<p>Obecnie, kiedy wspomina swoje kolarskie dni chwa\u0142y, nie sprawia wra\u017cenia osoby, kt\u00f3ra lubi rywalizowa\u0107. Kiedy mia\u0142a na to ochot\u0119, atakowa\u0142a i zwyci\u0119\u017ca\u0142a albo po prostu tego nie robi\u0142a, nawet je\u015bli oznacza\u0142o to, \u017ce nie wygra wy\u015bcigu. Canins \u015bciga\u0142a si\u0119 dla zabawy, ciesz\u0105c si\u0119 podr\u00f3\u017cowaniem po \u015bwiecie i poznawaniem nowych ludzi.<\/p>\n<p>Kariera Marii nie by\u0142a d\u0142uga, ale na pewno okaza\u0142a si\u0119 udana. Teraz Maria ma 80 lat, mieszka we w\u0142oskich Alpach, nadal dobrze si\u0119 bawi i prowadzi aktywne \u017cycie: je\u017adzi na nartach, na rowerze i biega w pi\u0119knym otoczeniu. Nie wierzysz nam? Sprawd\u017a jej <a href=\"https:\/\/www.instagram.com\/mariacanins\/\"><u>Instagrama<\/u><\/a>.<\/p>\n<style type=\"text\/css\"><!--td {border: 1px solid #ccc;}br {mso-data-placement:same-cell;}--><\/style>\n<p><span data-sheets-value=\"{&quot;1&quot;:2,&quot;2&quot;:&quot;Artyku\u0142 powsta\u0142 we wsp\u00f3\u0142pracy ze skoda-auto.pl&quot;}\" data-sheets-userformat=\"{&quot;2&quot;:1,&quot;3&quot;:{&quot;1&quot;:0}}\"><a class=\"in-cell-link\" href=\"http:\/\/www.skoda-auto.pl\/\" target=\"_blank\" rel=\"noopener\">Artyku\u0142 powsta\u0142 we wsp\u00f3\u0142pracy ze skoda-auto.pl<\/a><\/span><\/p>\n<p><a href=\"https:\/\/www.skoda-auto.pl\/modele\/karoq\"><img loading=\"lazy\" decoding=\"async\" class=\"aligncenter wp-image-9606 size-full initial loading\" src=\"https:\/\/d2p6e6u75xmxt8.cloudfront.net\/5\/2019\/08\/baner_WLC_640x350_1.png\" sizes=\"auto, (max-width: 640px) 100vw, 640px\" srcset=\"https:\/\/d2p6e6u75xmxt8.cloudfront.net\/5\/2019\/08\/baner_WLC_640x350_1.png 640w, https:\/\/d2p6e6u75xmxt8.cloudfront.net\/5\/2019\/08\/baner_WLC_640x350_1-300x164.png 300w\" alt=\"\" width=\"640\" height=\"350\" data-was-processed=\"true\" \/><\/a><\/p>\n","protected":false},"excerpt":{"rendered":"<p>Mamy 1985 rok i w\u0142a\u015bnie trwa wy\u015bcig Tour de France. Pewna kolarka dociera do mety. Leci jak strza\u0142a i z [&hellip;]<\/p>\n","protected":false},"author":76,"featured_media":10060,"comment_status":"open","ping_status":"open","sticky":false,"template":"","format":"standard","meta":{"footnotes":""},"categories":[226],"tags":[],"global-categories":[],"class_list":["post-10058","post","type-post","status-publish","format-standard","has-post-thumbnail","hentry","category-ciekawostki"],"yoast_head":"<!-- This site is optimized with the Yoast SEO Premium plugin v25.3 (Yoast SEO v25.9) - https:\/\/yoast.com\/wordpress\/plugins\/seo\/ -->\n<title>La Mamma Volante: Lataj\u0105ca Mama i jej kr\u00f3tka, ale niesamowita kariera<\/title>\n<meta name=\"robots\" content=\"index, follow, max-snippet:-1, max-image-preview:large, max-video-preview:-1\" \/>\n<link rel=\"canonical\" href=\"https:\/\/www.welovecycling.com\/pl\/2019\/12\/05\/la-mamma-volante-latajaca-mama-i-jej-krotka-ale-niesamowita-kariera\/\" \/>\n<meta property=\"og:locale\" content=\"pl_PL\" \/>\n<meta property=\"og:type\" content=\"article\" \/>\n<meta property=\"og:title\" content=\"La Mamma Volante: Lataj\u0105ca Mama i jej kr\u00f3tka, ale niesamowita kariera\" \/>\n<meta property=\"og:description\" content=\"Mamy 1985 rok i w\u0142a\u015bnie trwa wy\u015bcig Tour de France. Pewna kolarka dociera do mety. Leci jak strza\u0142a i z [&hellip;]\" \/>\n<meta property=\"og:url\" content=\"https:\/\/www.welovecycling.com\/pl\/2019\/12\/05\/la-mamma-volante-latajaca-mama-i-jej-krotka-ale-niesamowita-kariera\/\" \/>\n<meta property=\"og:site_name\" content=\"\u0160koda We Love Cycling - Poland\" \/>\n<meta property=\"article:published_time\" content=\"2019-12-05T09:33:12+00:00\" \/>\n<meta property=\"article:modified_time\" content=\"2020-01-06T19:17:42+00:00\" \/>\n<meta property=\"og:image\" content=\"https:\/\/d2p6e6u75xmxt8.cloudfront.net\/5\/2019\/12\/Maria-Canins-CVR-profimedia-0068350168-1024x450.jpg\" \/>\n\t<meta property=\"og:image:width\" content=\"1024\" \/>\n\t<meta property=\"og:image:height\" content=\"450\" \/>\n\t<meta property=\"og:image:type\" content=\"image\/jpeg\" \/>\n<meta name=\"author\" content=\"piotrboczkowski\" \/>\n<meta name=\"twitter:card\" content=\"summary_large_image\" \/>\n<meta name=\"twitter:label1\" content=\"Written by\" \/>\n\t<meta name=\"twitter:data1\" content=\"Tereza Antonova\" \/>\n\t<meta name=\"twitter:label2\" content=\"Est. reading time\" \/>\n\t<meta name=\"twitter:data2\" content=\"5\" \/>\n<script type=\"application\/ld+json\" class=\"yoast-schema-graph\">{\"@context\":\"https:\/\/schema.org\",\"@graph\":[{\"@type\":\"WebPage\",\"@id\":\"https:\/\/www.welovecycling.com\/pl\/2019\/12\/05\/la-mamma-volante-latajaca-mama-i-jej-krotka-ale-niesamowita-kariera\/\",\"url\":\"https:\/\/www.welovecycling.com\/pl\/2019\/12\/05\/la-mamma-volante-latajaca-mama-i-jej-krotka-ale-niesamowita-kariera\/\",\"name\":\"La Mamma Volante: Lataj\u0105ca Mama i jej kr\u00f3tka, ale niesamowita kariera\",\"isPartOf\":{\"@id\":\"https:\/\/www.welovecycling.com\/pl\/#website\"},\"primaryImageOfPage\":{\"@id\":\"https:\/\/www.welovecycling.com\/pl\/2019\/12\/05\/la-mamma-volante-latajaca-mama-i-jej-krotka-ale-niesamowita-kariera\/#primaryimage\"},\"image\":{\"@id\":\"https:\/\/www.welovecycling.com\/pl\/2019\/12\/05\/la-mamma-volante-latajaca-mama-i-jej-krotka-ale-niesamowita-kariera\/#primaryimage\"},\"thumbnailUrl\":\"https:\/\/d2p6e6u75xmxt8.cloudfront.net\/5\/2019\/12\/Maria-Canins-CVR-profimedia-0068350168-1024x450.jpg\",\"datePublished\":\"2019-12-05T09:33:12+00:00\",\"dateModified\":\"2020-01-06T19:17:42+00:00\",\"author\":{\"@id\":\"https:\/\/www.welovecycling.com\/pl\/#\/schema\/person\/0dba2d39da943db9df3fd8f4687e7f23\"},\"breadcrumb\":{\"@id\":\"https:\/\/www.welovecycling.com\/pl\/2019\/12\/05\/la-mamma-volante-latajaca-mama-i-jej-krotka-ale-niesamowita-kariera\/#breadcrumb\"},\"inLanguage\":\"pl-PL\",\"potentialAction\":[{\"@type\":\"ReadAction\",\"target\":[\"https:\/\/www.welovecycling.com\/pl\/2019\/12\/05\/la-mamma-volante-latajaca-mama-i-jej-krotka-ale-niesamowita-kariera\/\"]}]},{\"@type\":\"ImageObject\",\"inLanguage\":\"pl-PL\",\"@id\":\"https:\/\/www.welovecycling.com\/pl\/2019\/12\/05\/la-mamma-volante-latajaca-mama-i-jej-krotka-ale-niesamowita-kariera\/#primaryimage\",\"url\":\"https:\/\/d2p6e6u75xmxt8.cloudfront.net\/5\/2019\/12\/Maria-Canins-CVR-profimedia-0068350168-1024x450.jpg\",\"contentUrl\":\"https:\/\/d2p6e6u75xmxt8.cloudfront.net\/5\/2019\/12\/Maria-Canins-CVR-profimedia-0068350168-1024x450.jpg\",\"width\":1024,\"height\":450},{\"@type\":\"BreadcrumbList\",\"@id\":\"https:\/\/www.welovecycling.com\/pl\/2019\/12\/05\/la-mamma-volante-latajaca-mama-i-jej-krotka-ale-niesamowita-kariera\/#breadcrumb\",\"itemListElement\":[{\"@type\":\"ListItem\",\"position\":1,\"name\":\"Home\",\"item\":\"https:\/\/www.welovecycling.com\/pl\/\"},{\"@type\":\"ListItem\",\"position\":2,\"name\":\"La Mamma Volante: Lataj\u0105ca Mama i jej kr\u00f3tka, ale niesamowita kariera\"}]},{\"@type\":\"WebSite\",\"@id\":\"https:\/\/www.welovecycling.com\/pl\/#website\",\"url\":\"https:\/\/www.welovecycling.com\/pl\/\",\"name\":\"\u0160koda We Love Cycling - Poland\",\"description\":\"\",\"potentialAction\":[{\"@type\":\"SearchAction\",\"target\":{\"@type\":\"EntryPoint\",\"urlTemplate\":\"https:\/\/www.welovecycling.com\/pl\/?s={search_term_string}\"},\"query-input\":{\"@type\":\"PropertyValueSpecification\",\"valueRequired\":true,\"valueName\":\"search_term_string\"}}],\"inLanguage\":\"pl-PL\"},{\"@type\":\"Person\",\"@id\":\"https:\/\/www.welovecycling.com\/pl\/#\/schema\/person\/0dba2d39da943db9df3fd8f4687e7f23\",\"name\":\"piotrboczkowski\",\"image\":{\"@type\":\"ImageObject\",\"inLanguage\":\"pl-PL\",\"@id\":\"https:\/\/www.welovecycling.com\/pl\/#\/schema\/person\/image\/\",\"url\":\"https:\/\/secure.gravatar.com\/avatar\/533caccae14752e03a2ce2d3fd62d1b98b93e1393c3195c27819e53344ca1ace?s=96&d=mm&r=g\",\"contentUrl\":\"https:\/\/secure.gravatar.com\/avatar\/533caccae14752e03a2ce2d3fd62d1b98b93e1393c3195c27819e53344ca1ace?s=96&d=mm&r=g\",\"caption\":\"piotrboczkowski\"},\"url\":\"https:\/\/www.welovecycling.com\/pl\/author\/piotrboczkowski\/\"}]}<\/script>\n<!-- \/ Yoast SEO Premium plugin. -->","yoast_head_json":{"title":"La Mamma Volante: Lataj\u0105ca Mama i jej kr\u00f3tka, ale niesamowita kariera","robots":{"index":"index","follow":"follow","max-snippet":"max-snippet:-1","max-image-preview":"max-image-preview:large","max-video-preview":"max-video-preview:-1"},"canonical":"https:\/\/www.welovecycling.com\/pl\/2019\/12\/05\/la-mamma-volante-latajaca-mama-i-jej-krotka-ale-niesamowita-kariera\/","og_locale":"pl_PL","og_type":"article","og_title":"La Mamma Volante: Lataj\u0105ca Mama i jej kr\u00f3tka, ale niesamowita kariera","og_description":"Mamy 1985 rok i w\u0142a\u015bnie trwa wy\u015bcig Tour de France. Pewna kolarka dociera do mety. Leci jak strza\u0142a i z [&hellip;]","og_url":"https:\/\/www.welovecycling.com\/pl\/2019\/12\/05\/la-mamma-volante-latajaca-mama-i-jej-krotka-ale-niesamowita-kariera\/","og_site_name":"\u0160koda We Love Cycling - Poland","article_published_time":"2019-12-05T09:33:12+00:00","article_modified_time":"2020-01-06T19:17:42+00:00","og_image":[{"width":1024,"height":450,"url":"https:\/\/d2p6e6u75xmxt8.cloudfront.net\/5\/2019\/12\/Maria-Canins-CVR-profimedia-0068350168-1024x450.jpg","type":"image\/jpeg"}],"author":"piotrboczkowski","twitter_card":"summary_large_image","twitter_misc":{"Written by":"Tereza Antonova","Est. reading time":"5"},"schema":{"@context":"https:\/\/schema.org","@graph":[{"@type":"WebPage","@id":"https:\/\/www.welovecycling.com\/pl\/2019\/12\/05\/la-mamma-volante-latajaca-mama-i-jej-krotka-ale-niesamowita-kariera\/","url":"https:\/\/www.welovecycling.com\/pl\/2019\/12\/05\/la-mamma-volante-latajaca-mama-i-jej-krotka-ale-niesamowita-kariera\/","name":"La Mamma Volante: Lataj\u0105ca Mama i jej kr\u00f3tka, ale niesamowita kariera","isPartOf":{"@id":"https:\/\/www.welovecycling.com\/pl\/#website"},"primaryImageOfPage":{"@id":"https:\/\/www.welovecycling.com\/pl\/2019\/12\/05\/la-mamma-volante-latajaca-mama-i-jej-krotka-ale-niesamowita-kariera\/#primaryimage"},"image":{"@id":"https:\/\/www.welovecycling.com\/pl\/2019\/12\/05\/la-mamma-volante-latajaca-mama-i-jej-krotka-ale-niesamowita-kariera\/#primaryimage"},"thumbnailUrl":"https:\/\/d2p6e6u75xmxt8.cloudfront.net\/5\/2019\/12\/Maria-Canins-CVR-profimedia-0068350168-1024x450.jpg","datePublished":"2019-12-05T09:33:12+00:00","dateModified":"2020-01-06T19:17:42+00:00","author":{"@id":"https:\/\/www.welovecycling.com\/pl\/#\/schema\/person\/0dba2d39da943db9df3fd8f4687e7f23"},"breadcrumb":{"@id":"https:\/\/www.welovecycling.com\/pl\/2019\/12\/05\/la-mamma-volante-latajaca-mama-i-jej-krotka-ale-niesamowita-kariera\/#breadcrumb"},"inLanguage":"pl-PL","potentialAction":[{"@type":"ReadAction","target":["https:\/\/www.welovecycling.com\/pl\/2019\/12\/05\/la-mamma-volante-latajaca-mama-i-jej-krotka-ale-niesamowita-kariera\/"]}]},{"@type":"ImageObject","inLanguage":"pl-PL","@id":"https:\/\/www.welovecycling.com\/pl\/2019\/12\/05\/la-mamma-volante-latajaca-mama-i-jej-krotka-ale-niesamowita-kariera\/#primaryimage","url":"https:\/\/d2p6e6u75xmxt8.cloudfront.net\/5\/2019\/12\/Maria-Canins-CVR-profimedia-0068350168-1024x450.jpg","contentUrl":"https:\/\/d2p6e6u75xmxt8.cloudfront.net\/5\/2019\/12\/Maria-Canins-CVR-profimedia-0068350168-1024x450.jpg","width":1024,"height":450},{"@type":"BreadcrumbList","@id":"https:\/\/www.welovecycling.com\/pl\/2019\/12\/05\/la-mamma-volante-latajaca-mama-i-jej-krotka-ale-niesamowita-kariera\/#breadcrumb","itemListElement":[{"@type":"ListItem","position":1,"name":"Home","item":"https:\/\/www.welovecycling.com\/pl\/"},{"@type":"ListItem","position":2,"name":"La Mamma Volante: Lataj\u0105ca Mama i jej kr\u00f3tka, ale niesamowita kariera"}]},{"@type":"WebSite","@id":"https:\/\/www.welovecycling.com\/pl\/#website","url":"https:\/\/www.welovecycling.com\/pl\/","name":"\u0160koda We Love Cycling - Poland","description":"","potentialAction":[{"@type":"SearchAction","target":{"@type":"EntryPoint","urlTemplate":"https:\/\/www.welovecycling.com\/pl\/?s={search_term_string}"},"query-input":{"@type":"PropertyValueSpecification","valueRequired":true,"valueName":"search_term_string"}}],"inLanguage":"pl-PL"},{"@type":"Person","@id":"https:\/\/www.welovecycling.com\/pl\/#\/schema\/person\/0dba2d39da943db9df3fd8f4687e7f23","name":"piotrboczkowski","image":{"@type":"ImageObject","inLanguage":"pl-PL","@id":"https:\/\/www.welovecycling.com\/pl\/#\/schema\/person\/image\/","url":"https:\/\/secure.gravatar.com\/avatar\/533caccae14752e03a2ce2d3fd62d1b98b93e1393c3195c27819e53344ca1ace?s=96&d=mm&r=g","contentUrl":"https:\/\/secure.gravatar.com\/avatar\/533caccae14752e03a2ce2d3fd62d1b98b93e1393c3195c27819e53344ca1ace?s=96&d=mm&r=g","caption":"piotrboczkowski"},"url":"https:\/\/www.welovecycling.com\/pl\/author\/piotrboczkowski\/"}]}},"_links":{"self":[{"href":"https:\/\/www.welovecycling.com\/pl\/wp-json\/wp\/v2\/posts\/10058","targetHints":{"allow":["GET"]}}],"collection":[{"href":"https:\/\/www.welovecycling.com\/pl\/wp-json\/wp\/v2\/posts"}],"about":[{"href":"https:\/\/www.welovecycling.com\/pl\/wp-json\/wp\/v2\/types\/post"}],"author":[{"embeddable":true,"href":"https:\/\/www.welovecycling.com\/pl\/wp-json\/wp\/v2\/users\/76"}],"replies":[{"embeddable":true,"href":"https:\/\/www.welovecycling.com\/pl\/wp-json\/wp\/v2\/comments?post=10058"}],"version-history":[{"count":2,"href":"https:\/\/www.welovecycling.com\/pl\/wp-json\/wp\/v2\/posts\/10058\/revisions"}],"predecessor-version":[{"id":10176,"href":"https:\/\/www.welovecycling.com\/pl\/wp-json\/wp\/v2\/posts\/10058\/revisions\/10176"}],"wp:featuredmedia":[{"embeddable":true,"href":"https:\/\/www.welovecycling.com\/pl\/wp-json\/wp\/v2\/media\/10060"}],"wp:attachment":[{"href":"https:\/\/www.welovecycling.com\/pl\/wp-json\/wp\/v2\/media?parent=10058"}],"wp:term":[{"taxonomy":"category","embeddable":true,"href":"https:\/\/www.welovecycling.com\/pl\/wp-json\/wp\/v2\/categories?post=10058"},{"taxonomy":"post_tag","embeddable":true,"href":"https:\/\/www.welovecycling.com\/pl\/wp-json\/wp\/v2\/tags?post=10058"},{"taxonomy":"global-categories","embeddable":true,"href":"https:\/\/www.welovecycling.com\/pl\/wp-json\/wp\/v2\/global-categories?post=10058"}],"curies":[{"name":"wp","href":"https:\/\/api.w.org\/{rel}","templated":true}]}}