{"id":10000,"date":"2019-11-25T14:42:15","date_gmt":"2019-11-25T14:42:15","guid":{"rendered":"https:\/\/www.welovecycling.com\/pl\/?p=10000"},"modified":"2019-11-26T09:10:00","modified_gmt":"2019-11-26T09:10:00","slug":"kim-jest-bikefluencer-trzy-historie-o-inspiracji-wytrwalosci-i-zmianie","status":"publish","type":"post","link":"https:\/\/www.welovecycling.com\/pl\/2019\/11\/25\/kim-jest-bikefluencer-trzy-historie-o-inspiracji-wytrwalosci-i-zmianie\/","title":{"rendered":"Kim jest #bikefluencer: trzy historie o inspiracji, wytrwa\u0142o\u015bci i zmianie"},"content":{"rendered":"<p><strong>Nasz ubieg\u0142oroczny cykl \u201eDlaczego je\u017adzimy?\u201d wywo\u0142a\u0142 mn\u00f3stwo reakcji fan\u00f3w rower\u00f3w z r\u00f3\u017cnych \u015brodowisk i zauwa\u017cyli\u015bmy, \u017ce wiele z nich jest do siebie podobnych. S\u0105 to osobiste historie o tej iskrze inspiracji, kt\u00f3ra zapocz\u0105tkowa\u0142a pasj\u0119 do jazdy na rowerze lub j\u0105 o\u017cywi\u0142a. Wracamy zatem do tego cyklu, ale tym razem zadamy bardziej szczeg\u00f3\u0142owe pytania aktywnym rowerzystkom, kt\u00f3re sta\u0142y si\u0119 pasjonatkami dw\u00f3ch k\u00f3\u0142ek w naturalny spos\u00f3b, w miar\u0119 up\u0142ywu czasu. Co lub kto zainspirowa\u0142 je do jazdy na rowerze?<\/strong><\/p>\n<p>Zrobili\u015bmy dog\u0142\u0119bny research, \u017ceby pozna\u0107 osoby, kt\u00f3rych historie by\u0142y szczeg\u00f3lnie warte opowiedzenia i udost\u0119pnienia szerokiemu gronu oraz kt\u00f3re w oczywisty spos\u00f3b mog\u0105 sta\u0107 si\u0119 inspiracj\u0105 dla innych. I w ten spos\u00f3b poznali\u015bmy nasze trzy bohaterki: Alex Borsk\u0105, Tamar\u0119 Olg\u0119 G\u00f3reck\u0105-Wero\u0144sk\u0105 i Cl\u00e0udi\u0119 Galici\u0119 Cotrin\u0119, wyj\u0105tkowe i charyzmatyczne bikefluencerki.<\/p>\n<div id=\"gallery-3\" class=\"gallery galleryid-176021 gallery-columns-2 gallery-size-large\">\n<figure class=\"gallery-item\">\n<div class=\"gallery-icon landscape\"><a class=\"colorbox-initialized cboxElement\" href=\"https:\/\/d2p6e6u75xmxt8.cloudfront.net\/2\/2019\/11\/Bikefluencer-Tamara-Olga-Gorecka-Weronska-2.jpg\"><img loading=\"lazy\" decoding=\"async\" class=\"attachment-large size-large initial loading\" style=\"width: 100%; max-width: 100%; height: auto; max-height: none;\" src=\"https:\/\/d2p6e6u75xmxt8.cloudfront.net\/2\/2019\/11\/Bikefluencer-Tamara-Olga-Gorecka-Weronska-2.jpg\" sizes=\"auto, (max-width: 625px) 100vw, 625px\" srcset=\"https:\/\/d2p6e6u75xmxt8.cloudfront.net\/2\/2019\/11\/Bikefluencer-Tamara-Olga-Gorecka-Weronska-2.jpg 625w, https:\/\/d2p6e6u75xmxt8.cloudfront.net\/2\/2019\/11\/Bikefluencer-Tamara-Olga-Gorecka-Weronska-2-300x200.jpg 300w, https:\/\/d2p6e6u75xmxt8.cloudfront.net\/2\/2019\/11\/Bikefluencer-Tamara-Olga-Gorecka-Weronska-2-272x182.jpg 272w\" alt=\"\" width=\"625\" height=\"417\" data-was-processed=\"true\" \/><\/a><\/div>\n<\/figure>\n<figure class=\"gallery-item\">\n<div class=\"gallery-icon landscape\"><a class=\"colorbox-initialized cboxElement\" href=\"https:\/\/d2p6e6u75xmxt8.cloudfront.net\/2\/2019\/11\/Bikefluencer-Tamara-Olga-Gorecka-Weronska-1.jpg\"><img loading=\"lazy\" decoding=\"async\" class=\"attachment-large size-large initial loading\" style=\"width: 100%; max-width: 100%; height: auto; max-height: none;\" src=\"https:\/\/d2p6e6u75xmxt8.cloudfront.net\/2\/2019\/11\/Bikefluencer-Tamara-Olga-Gorecka-Weronska-1.jpg\" sizes=\"auto, (max-width: 625px) 100vw, 625px\" srcset=\"https:\/\/d2p6e6u75xmxt8.cloudfront.net\/2\/2019\/11\/Bikefluencer-Tamara-Olga-Gorecka-Weronska-1.jpg 625w, https:\/\/d2p6e6u75xmxt8.cloudfront.net\/2\/2019\/11\/Bikefluencer-Tamara-Olga-Gorecka-Weronska-1-300x200.jpg 300w, https:\/\/d2p6e6u75xmxt8.cloudfront.net\/2\/2019\/11\/Bikefluencer-Tamara-Olga-Gorecka-Weronska-1-272x182.jpg 272w\" alt=\"\" width=\"625\" height=\"417\" data-was-processed=\"true\" \/><\/a><\/div>\n<\/figure>\n<\/div>\n<p>Kim jest #bikefluencer? To osoba, kt\u00f3rej po\u015bwi\u0119cenie i entuzjazm sprawiaj\u0105, \u017ce wstajesz rano, wychodzisz z domu i wskakujesz na siode\u0142ko. Kto\u015b, kto zara\u017ca Ci\u0119 swoj\u0105 postaw\u0105, kt\u00f3r\u0105 warto na\u015bladowa\u0107, i kto inspiruje Ci\u0119 do odnalezienia rado\u015bci i wolno\u015bci na dw\u00f3ch k\u00f3\u0142kach, ale na Twoich w\u0142asnych zasadach. To wreszcie kto\u015b, kto motywuje Ci\u0119 do odkrycia swojej unikalnej metody, dzi\u0119ki kt\u00f3rej b\u0119dziesz czu\u0107 moc, \u017cy\u0107 lepiej, pokonywa\u0107 wszelkie trudno\u015bci i osi\u0105gniesz to wszystko dzi\u0119ki je\u017adzie na rowerze.<\/p>\n<p>\u201eW ramach naszej kampanii bardziej skoncentrowali\u015bmy si\u0119 na kobietach i ich rowerowych historiach, \u017ceby by\u0142y szerzej reprezentowane w kolarskim \u015bwiecie\u201d \u2013 powiedzia\u0142 Josef Mat\u011bjovi\u010d ze \u0160KODY, za\u0142o\u017cyciel platformy We Love Cycling.<\/p>\n<p>Oto trzy niezwyk\u0142e historie naszych bikefluencerek.<br \/>\n<span style=\"font-size: 24pt;\"><strong><br \/>\nAlex Borsk\u00e1 z Czech<\/strong><\/span><\/p>\n<p>11-letnia Alex, najm\u0142odsza z bohaterek, pochodzi ze sportowej rodziny narciarzy i rowerzyst\u00f3w. Zawsze by\u0142a aktywnym dzieckiem mimo swojej niepe\u0142nosprawno\u015bci, wi\u0119c kiedy organizacja charytatywna zaproponowa\u0142a jej rower z nap\u0119dem r\u0119cznym, decyzja by\u0142a dla Alex oczywista. Na pocz\u0105tku by\u0142a to mordercza walka, poniewa\u017c z powodu przesuni\u0119tego \u015brodka r\u00f3wnowagi obs\u0142uga takiego roweru jest trudna. Alex \u0107wiczy\u0142a w parkach i na ma\u0142o ucz\u0119szczanych \u015bcie\u017ckach rowerowych, ale kiedy nabra\u0142a do\u015bwiadczenia, wszystko si\u0119 zmieni\u0142o: nagle sta\u0142a si\u0119 niezale\u017cna. To prze\u0142omowe osi\u0105gni\u0119cie zmieni\u0142o \u017cycie dziewczyny, kt\u00f3ra do tej pory by\u0142a przyzwyczajona do poruszania si\u0119 tylko za pomoc\u0105 kul lub w\u00f3zka inwalidzkiego.<\/p>\n<p><a href=\"https:\/\/www.welovecycling.com\/pl\/category\/dlatego-jezdzimy\/bikefluencer\/\"><img loading=\"lazy\" decoding=\"async\" class=\"aligncenter wp-image-10001 size-full\" src=\"https:\/\/d2p6e6u75xmxt8.cloudfront.net\/5\/2019\/11\/WLC_BF_Web_Article_Banner.png\" alt=\"\" width=\"1280\" height=\"960\" srcset=\"https:\/\/d2p6e6u75xmxt8.cloudfront.net\/5\/2019\/11\/WLC_BF_Web_Article_Banner.png 1280w, https:\/\/d2p6e6u75xmxt8.cloudfront.net\/5\/2019\/11\/WLC_BF_Web_Article_Banner-300x225.png 300w, https:\/\/d2p6e6u75xmxt8.cloudfront.net\/5\/2019\/11\/WLC_BF_Web_Article_Banner-768x576.png 768w, https:\/\/d2p6e6u75xmxt8.cloudfront.net\/5\/2019\/11\/WLC_BF_Web_Article_Banner-1024x768.png 1024w\" sizes=\"auto, (max-width: 1280px) 100vw, 1280px\" \/><\/a><\/p>\n<p>Potem nadszed\u0142 jej pierwszy wy\u015bcig \u2013 uko\u0144czy\u0142a go na drugim miejscu, a ch\u0142opcy, kt\u00f3rych pokona\u0142a, nie byli z tego zadowoleni. \u201eC\u00f3\u017c, ich pech. Nie zawsze dostajesz to, czego chcesz\u201d \u2013 \u017cartuje Alex. Kolejny punkt zwrotny nast\u0105pi\u0142, kiedy spotka\u0142a Ji\u0159\u00ed Je\u017eka, sze\u015bciokrotnego mistrza kolarstwa paraolimpijskiego. \u201eNie ma nikogo drugiego takiego jak on. Sprawi\u0142, \u017ce uwierzy\u0142am w siebie i pokaza\u0142 mi, \u017ce jest nas wi\u0119cej. Dzi\u0119ki niemu nie boj\u0119 si\u0119 \u017cadnego wy\u015bcigu, nawet mi\u0119dzynarodowego\u201d. Teraz Alex trenuje niestrudzenie, cz\u0119sto pod okiem Ji\u0159\u00edego, kt\u00f3ry pomaga jej rozpocz\u0105\u0107 karier\u0119 i przygotowa\u0107 si\u0119 do ostatecznego celu: do\u0142\u0105czenia do czeskiej reprezentacji paraolimpijskiej.<br \/>\n<span style=\"font-size: 24pt;\"><strong><br \/>\nTamara Olga G\u00f3recka-Wero\u0144ska z Polski<\/strong><\/span><\/p>\n<p>\u201eDo\u015bwiadczenie uczy nas, \u017ce mi\u0142o\u015b\u0107 jest si\u0142\u0105 nap\u0119dow\u0105 wielu zmian w naszym \u017cyciu\u201d. To by\u0142a pierwsza odpowied\u017a Tamary, kiedy zapytali\u015bmy j\u0105, co lub kto zainspirowa\u0142 j\u0105 do jazdy na rowerze. W wieku 40 lat znalaz\u0142a si\u0119 na schodach sklepu rowerowego, poniewa\u017c jej syn chcia\u0142 do\u0142\u0105czy\u0107 do klubu MTB. W\u0142a\u015bciciel sklepu, kt\u00f3ry by\u0142 r\u00f3wnie\u017c kierownikiem klubu, zosta\u0142 p\u00f3\u017aniej m\u0119\u017cem Tamary. Od tego momentu jej droga do jazdy na rowerze by\u0142a do\u015b\u0107 naturalna, ale przy tym nie\u0142atwa. Nigdy tak naprawd\u0119 nie je\u017adzi\u0142a rowerem i musia\u0142a w\u0142o\u017cy\u0107 w to dodatkowy wysi\u0142ek, ale jej syn i m\u0105\u017c byli dla niej wyj\u0105tkow\u0105 inspiracj\u0105 oraz \u017ar\u00f3d\u0142em cennych porad, kt\u00f3rych wtedy bardzo potrzebowa\u0142a. To by\u0142o dziesi\u0119\u0107 lat temu. Dzisiaj prowadzi na Facebooku odnosz\u0105c\u0105 sukcesy i aktywn\u0105 grup\u0119 o nazwie Profidea dla Kobiet, kt\u00f3ra regularnie spotyka si\u0119 w Krakowie, aby je\u017adzi\u0107 razem, szkoli\u0107 si\u0119 i bra\u0107 udzia\u0142 w warsztatach na temat etykiety drogowej oraz budowy i naprawy rower\u00f3w itp. Tym, co spina to wszystko razem, jest poczucie przynale\u017cno\u015bci.<\/p>\n<div class=\"embed-controller-wrapper\">\n<div class=\"embed-wrapper\"><iframe title=\"Kim jest Tw\u00f3j #bikefluencer? Historia Tamary\" width=\"500\" height=\"281\" data-src=\"https:\/\/www.youtube.com\/embed\/aymi4Xe-VuM?feature=oembed\" frameborder=\"0\" allow=\"accelerometer; autoplay; clipboard-write; encrypted-media; gyroscope; picture-in-picture; web-share\" referrerpolicy=\"strict-origin-when-cross-origin\" allowfullscreen><\/iframe><\/div>\n<\/div>\n<p>\u201eJu\u017c na samym pocz\u0105tku setki kobiet do\u0142\u0105czy\u0142y do naszej grupy kolarskiej. Uwierz mi: nie ma wi\u0119kszego wzmocnienia pewno\u015bci siebie. Moj\u0105 zasad\u0105 jest, \u017ce bez wzgl\u0119du na to, jak szybko i jak daleko jedziemy, robimy to razem. Uwielbiam ogl\u0105da\u0107 si\u0119 za siebie i widzie\u0107 u\u015bmiechni\u0119te twarze\u201d \u2013 opowiada Tamara. Co wi\u0119cej, po\u0142\u0105czy\u0142a pasj\u0119 do jazdy na rowerze ze swoimi umiej\u0119tno\u015bciami fizjoterapeutycznymi i zacz\u0119\u0142a dzia\u0142a\u0107 jako profesjonalny trener. Wszystko, co robi, uwa\u017ca za misj\u0119 \u017cyciow\u0105, kt\u00f3ra daje jej wielk\u0105 satysfakcj\u0119.<\/p>\n<p>Tamara ko\u0144czy zab\u00f3jcz\u0105 rad\u0105: \u201eChcesz pozna\u0107 moj\u0105 recept\u0119 na wieczn\u0105 m\u0142odo\u015b\u0107? Sp\u00f3jrz na mnie, mam 50 lat \u2013 i nie uwierzysz, ale ju\u017c jestem babci\u0105\u201d.<br \/>\n<span style=\"font-size: 24pt;\"><strong><br \/>\nCl\u00e0udia Galicia Cotrina z Hiszpanii<\/strong><\/span><\/p>\n<p>Wed\u0142ug jej w\u0142asnych s\u0142\u00f3w, Cl\u00e0udia prowadzi\u0142a ca\u0142kiem zwyczajne \u017cycie, dop\u00f3ki przyjaci\u00f3\u0142ka nie zasugerowa\u0142a jej, \u017ceby spr\u00f3bowa\u0142a zarejestrowa\u0107 si\u0119 na wy\u015bcig MTB. Sama z siebie nigdy by si\u0119 na to nie zdecydowa\u0142a. By\u0142a architektk\u0105 na pe\u0142nym etacie, bez szczeg\u00f3lnego zainteresowania jazd\u0105 na rowerze, ca\u0142kowicie skupia\u0142a si\u0119 na pracy i przyjacio\u0142ach. Ale sugestia bliskiej osoby zaintrygowa\u0142a j\u0105, wi\u0119c spr\u00f3bowa\u0142a. Po sze\u015bciu wyczerpuj\u0105cych etapach i zaci\u0119tej rywalizacji Cl\u00e0udia zosta\u0142a zwyci\u0119\u017cczyni\u0105 nie byle jakiego, bo budz\u0105cego strach wy\u015bcigu Titan Desert Race. Jej \u017cycie skr\u0119ci\u0142o gwa\u0142townie w kierunku jazdy na rowerze, kiedy marki sportowe zacz\u0119\u0142y wspiera\u0107 jej sportow\u0105 karier\u0119. Od pami\u0119tnego wy\u015bcigu zacz\u0119\u0142a je\u017adzi\u0107 i trenowa\u0107 regularnie i obecnej profesji kolarskiej po\u015bwi\u0119ca 80% swojego czasu.<\/p>\n<p><img loading=\"lazy\" decoding=\"async\" class=\"alignnone size-full wp-image-176028 loading\" src=\"https:\/\/d2p6e6u75xmxt8.cloudfront.net\/2\/2019\/11\/Claudia-Galicia-Cotrina.jpg\" sizes=\"auto, (max-width: 1375px) 100vw, 1375px\" srcset=\"https:\/\/d2p6e6u75xmxt8.cloudfront.net\/2\/2019\/11\/Claudia-Galicia-Cotrina.jpg 1375w, https:\/\/d2p6e6u75xmxt8.cloudfront.net\/2\/2019\/11\/Claudia-Galicia-Cotrina-300x200.jpg 300w, https:\/\/d2p6e6u75xmxt8.cloudfront.net\/2\/2019\/11\/Claudia-Galicia-Cotrina-768x512.jpg 768w, https:\/\/d2p6e6u75xmxt8.cloudfront.net\/2\/2019\/11\/Claudia-Galicia-Cotrina-1024x683.jpg 1024w, https:\/\/d2p6e6u75xmxt8.cloudfront.net\/2\/2019\/11\/Claudia-Galicia-Cotrina-272x182.jpg 272w\" alt=\"\" width=\"1375\" height=\"917\" data-was-processed=\"true\" \/><\/p>\n<p>Cl\u00e0udia wspomina, \u017ce swoje pierwsze sesje treningowe i wycieczki rowerowe nazywa\u0142a \u201echwilami oczyszczenia\u201d i cennymi okazjami do tego, by \u201ena\u0142adowa\u0107 energi\u0119\u201d, poniewa\u017c wtedy jej praca by\u0142a wymagaj\u0105ca i do\u015b\u0107 czasoch\u0142onna. Od czasu swojej \u201ewielkiej zmiany\u201d wie, \u017ce zach\u0119cenie kogo\u015b do roweru mo\u017ce by\u0107 najlepsz\u0105 rzecz\u0105 w jego \u017cyciu. Dlatego organizuje letnie obozy MTB wy\u0142\u0105cznie dla dziewcz\u0105t, na kt\u00f3rych ucz\u0105 si\u0119 nie tylko techniki jazdy i trick\u00f3w, ale tak\u017ce po prostu dobrze si\u0119 bawi\u0105 oraz pr\u00f3buj\u0105 swoich si\u0142 w wy\u015bcigach, je\u015bli s\u0105 tym zainteresowane.<\/p>\n<p>Mamy nadziej\u0119, \u017ce te trzy niesamowite historie rozpal\u0105 w Was iskr\u0119 mi\u0142o\u015bci do jazdy na rowerze. A mo\u017ce ju\u017c j\u0105 czujecie, gdy dajecie z siebie wszystko podczas peda\u0142owania? Je\u015bli tak jest, to napiszcie, kto zach\u0119ci\u0142 Was do tego, by\u015bcie podkr\u0119cili tempo w swoim \u017cyciu. Kim jest Wasz #bikefluencer? Chcemy wiedzie\u0107 o nim wszystko! B\u0105d\u017acie te\u017c na bie\u017c\u0105co z aktualizacjami kampanii poniewa\u017c jej ostatni etap b\u0119dzie dla Was wyzwaniem. Przekazanie swojej pasji do jazdy na rowerze dalej da ka\u017cdemu z Was szans\u0119 stania si\u0119 bikefluencerem.<\/p>\n<style type=\"text\/css\">\n<p><!--td {border: 1px solid #ccc;}br {mso-data-placement:same-cell;}--><\/p>\n<\/style>\n<p><span data-sheets-value=\"{\" data-sheets-userformat=\"{\"><a class=\"in-cell-link\" href=\"http:\/\/www.skoda-auto.pl\/\" target=\"_blank\" rel=\"noopener\">Artyku\u0142 powsta\u0142 we wsp\u00f3\u0142pracy ze skoda-auto.pl<\/a><\/span><\/p>\n<p><a href=\"https:\/\/www.skoda-auto.pl\/modele\/karoq\"><img loading=\"lazy\" decoding=\"async\" class=\"alignleft wp-image-9610 size-full\" src=\"https:\/\/d2p6e6u75xmxt8.cloudfront.net\/5\/2019\/08\/65968bac-cbb2-4a25-a3e8-672e5e888fe0.jpg\" alt=\"\" width=\"640\" height=\"300\" srcset=\"https:\/\/d2p6e6u75xmxt8.cloudfront.net\/5\/2019\/08\/65968bac-cbb2-4a25-a3e8-672e5e888fe0.jpg 640w, https:\/\/d2p6e6u75xmxt8.cloudfront.net\/5\/2019\/08\/65968bac-cbb2-4a25-a3e8-672e5e888fe0-300x141.jpg 300w\" sizes=\"auto, (max-width: 640px) 100vw, 640px\" \/><\/a><\/p>\n","protected":false},"excerpt":{"rendered":"<p>Nasz ubieg\u0142oroczny cykl \u201eDlaczego je\u017adzimy?\u201d wywo\u0142a\u0142 mn\u00f3stwo reakcji fan\u00f3w rower\u00f3w z r\u00f3\u017cnych \u015brodowisk i zauwa\u017cyli\u015bmy, \u017ce wiele z nich jest [&hellip;]<\/p>\n","protected":false},"author":76,"featured_media":10002,"comment_status":"open","ping_status":"open","sticky":false,"template":"","format":"video","meta":{"footnotes":""},"categories":[322],"tags":[],"global-categories":[303],"class_list":["post-10000","post","type-post","status-publish","format-video","has-post-thumbnail","hentry","category-bikefluencer","post_format-post-format-video","global-categories-cycling"],"yoast_head":"<!-- This site is optimized with the Yoast SEO Premium plugin v25.3 (Yoast SEO v25.9) - https:\/\/yoast.com\/wordpress\/plugins\/seo\/ -->\n<title>Kim jest #bikefluencer: trzy historie o inspiracji, wytrwa\u0142o\u015bci i zmianie - \u0160koda We Love Cycling - Poland<\/title>\n<meta name=\"robots\" content=\"index, follow, max-snippet:-1, max-image-preview:large, max-video-preview:-1\" \/>\n<link rel=\"canonical\" href=\"https:\/\/www.welovecycling.com\/pl\/2019\/11\/25\/kim-jest-bikefluencer-trzy-historie-o-inspiracji-wytrwalosci-i-zmianie\/\" \/>\n<meta property=\"og:locale\" content=\"pl_PL\" \/>\n<meta property=\"og:type\" content=\"article\" \/>\n<meta property=\"og:title\" content=\"Kim jest #bikefluencer: trzy historie o inspiracji, wytrwa\u0142o\u015bci i zmianie\" \/>\n<meta property=\"og:description\" content=\"Nasz ubieg\u0142oroczny cykl \u201eDlaczego je\u017adzimy?\u201d wywo\u0142a\u0142 mn\u00f3stwo reakcji fan\u00f3w rower\u00f3w z r\u00f3\u017cnych \u015brodowisk i zauwa\u017cyli\u015bmy, \u017ce wiele z nich jest [&hellip;]\" \/>\n<meta property=\"og:url\" content=\"https:\/\/www.welovecycling.com\/pl\/2019\/11\/25\/kim-jest-bikefluencer-trzy-historie-o-inspiracji-wytrwalosci-i-zmianie\/\" \/>\n<meta property=\"og:site_name\" content=\"\u0160koda We Love Cycling - Poland\" \/>\n<meta property=\"article:published_time\" content=\"2019-11-25T14:42:15+00:00\" \/>\n<meta property=\"article:modified_time\" content=\"2019-11-26T09:10:00+00:00\" \/>\n<meta property=\"og:image\" content=\"https:\/\/d2p6e6u75xmxt8.cloudfront.net\/5\/2019\/11\/WLC_BF_YT_Thumbnail_Hero.png\" \/>\n\t<meta property=\"og:image:width\" content=\"1280\" \/>\n\t<meta property=\"og:image:height\" content=\"720\" \/>\n\t<meta property=\"og:image:type\" content=\"image\/png\" \/>\n<meta name=\"author\" content=\"piotrboczkowski\" \/>\n<meta name=\"twitter:card\" content=\"summary_large_image\" \/>\n<meta name=\"twitter:label1\" content=\"Written by\" \/>\n\t<meta name=\"twitter:data1\" content=\"piotrboczkowski\" \/>\n\t<meta name=\"twitter:label2\" content=\"Est. reading time\" \/>\n\t<meta name=\"twitter:data2\" content=\"6 minutes\" \/>\n<script type=\"application\/ld+json\" class=\"yoast-schema-graph\">{\"@context\":\"https:\/\/schema.org\",\"@graph\":[{\"@type\":\"WebPage\",\"@id\":\"https:\/\/www.welovecycling.com\/pl\/2019\/11\/25\/kim-jest-bikefluencer-trzy-historie-o-inspiracji-wytrwalosci-i-zmianie\/\",\"url\":\"https:\/\/www.welovecycling.com\/pl\/2019\/11\/25\/kim-jest-bikefluencer-trzy-historie-o-inspiracji-wytrwalosci-i-zmianie\/\",\"name\":\"Kim jest #bikefluencer: trzy historie o inspiracji, wytrwa\u0142o\u015bci i zmianie - \u0160koda We Love Cycling - Poland\",\"isPartOf\":{\"@id\":\"https:\/\/www.welovecycling.com\/pl\/#website\"},\"primaryImageOfPage\":{\"@id\":\"https:\/\/www.welovecycling.com\/pl\/2019\/11\/25\/kim-jest-bikefluencer-trzy-historie-o-inspiracji-wytrwalosci-i-zmianie\/#primaryimage\"},\"image\":{\"@id\":\"https:\/\/www.welovecycling.com\/pl\/2019\/11\/25\/kim-jest-bikefluencer-trzy-historie-o-inspiracji-wytrwalosci-i-zmianie\/#primaryimage\"},\"thumbnailUrl\":\"https:\/\/d2p6e6u75xmxt8.cloudfront.net\/5\/2019\/11\/WLC_BF_YT_Thumbnail_Hero.png\",\"datePublished\":\"2019-11-25T14:42:15+00:00\",\"dateModified\":\"2019-11-26T09:10:00+00:00\",\"author\":{\"@id\":\"https:\/\/www.welovecycling.com\/pl\/#\/schema\/person\/0dba2d39da943db9df3fd8f4687e7f23\"},\"breadcrumb\":{\"@id\":\"https:\/\/www.welovecycling.com\/pl\/2019\/11\/25\/kim-jest-bikefluencer-trzy-historie-o-inspiracji-wytrwalosci-i-zmianie\/#breadcrumb\"},\"inLanguage\":\"pl-PL\",\"potentialAction\":[{\"@type\":\"ReadAction\",\"target\":[\"https:\/\/www.welovecycling.com\/pl\/2019\/11\/25\/kim-jest-bikefluencer-trzy-historie-o-inspiracji-wytrwalosci-i-zmianie\/\"]}]},{\"@type\":\"ImageObject\",\"inLanguage\":\"pl-PL\",\"@id\":\"https:\/\/www.welovecycling.com\/pl\/2019\/11\/25\/kim-jest-bikefluencer-trzy-historie-o-inspiracji-wytrwalosci-i-zmianie\/#primaryimage\",\"url\":\"https:\/\/d2p6e6u75xmxt8.cloudfront.net\/5\/2019\/11\/WLC_BF_YT_Thumbnail_Hero.png\",\"contentUrl\":\"https:\/\/d2p6e6u75xmxt8.cloudfront.net\/5\/2019\/11\/WLC_BF_YT_Thumbnail_Hero.png\",\"width\":1280,\"height\":720},{\"@type\":\"BreadcrumbList\",\"@id\":\"https:\/\/www.welovecycling.com\/pl\/2019\/11\/25\/kim-jest-bikefluencer-trzy-historie-o-inspiracji-wytrwalosci-i-zmianie\/#breadcrumb\",\"itemListElement\":[{\"@type\":\"ListItem\",\"position\":1,\"name\":\"Home\",\"item\":\"https:\/\/www.welovecycling.com\/pl\/\"},{\"@type\":\"ListItem\",\"position\":2,\"name\":\"Kim jest #bikefluencer: trzy historie o inspiracji, wytrwa\u0142o\u015bci i zmianie\"}]},{\"@type\":\"WebSite\",\"@id\":\"https:\/\/www.welovecycling.com\/pl\/#website\",\"url\":\"https:\/\/www.welovecycling.com\/pl\/\",\"name\":\"\u0160koda We Love Cycling - Poland\",\"description\":\"\",\"potentialAction\":[{\"@type\":\"SearchAction\",\"target\":{\"@type\":\"EntryPoint\",\"urlTemplate\":\"https:\/\/www.welovecycling.com\/pl\/?s={search_term_string}\"},\"query-input\":{\"@type\":\"PropertyValueSpecification\",\"valueRequired\":true,\"valueName\":\"search_term_string\"}}],\"inLanguage\":\"pl-PL\"},{\"@type\":\"Person\",\"@id\":\"https:\/\/www.welovecycling.com\/pl\/#\/schema\/person\/0dba2d39da943db9df3fd8f4687e7f23\",\"name\":\"piotrboczkowski\",\"image\":{\"@type\":\"ImageObject\",\"inLanguage\":\"pl-PL\",\"@id\":\"https:\/\/www.welovecycling.com\/pl\/#\/schema\/person\/image\/\",\"url\":\"https:\/\/secure.gravatar.com\/avatar\/533caccae14752e03a2ce2d3fd62d1b98b93e1393c3195c27819e53344ca1ace?s=96&d=mm&r=g\",\"contentUrl\":\"https:\/\/secure.gravatar.com\/avatar\/533caccae14752e03a2ce2d3fd62d1b98b93e1393c3195c27819e53344ca1ace?s=96&d=mm&r=g\",\"caption\":\"piotrboczkowski\"},\"url\":\"https:\/\/www.welovecycling.com\/pl\/author\/piotrboczkowski\/\"}]}<\/script>\n<!-- \/ Yoast SEO Premium plugin. -->","yoast_head_json":{"title":"Kim jest #bikefluencer: trzy historie o inspiracji, wytrwa\u0142o\u015bci i zmianie - \u0160koda We Love Cycling - Poland","robots":{"index":"index","follow":"follow","max-snippet":"max-snippet:-1","max-image-preview":"max-image-preview:large","max-video-preview":"max-video-preview:-1"},"canonical":"https:\/\/www.welovecycling.com\/pl\/2019\/11\/25\/kim-jest-bikefluencer-trzy-historie-o-inspiracji-wytrwalosci-i-zmianie\/","og_locale":"pl_PL","og_type":"article","og_title":"Kim jest #bikefluencer: trzy historie o inspiracji, wytrwa\u0142o\u015bci i zmianie","og_description":"Nasz ubieg\u0142oroczny cykl \u201eDlaczego je\u017adzimy?\u201d wywo\u0142a\u0142 mn\u00f3stwo reakcji fan\u00f3w rower\u00f3w z r\u00f3\u017cnych \u015brodowisk i zauwa\u017cyli\u015bmy, \u017ce wiele z nich jest [&hellip;]","og_url":"https:\/\/www.welovecycling.com\/pl\/2019\/11\/25\/kim-jest-bikefluencer-trzy-historie-o-inspiracji-wytrwalosci-i-zmianie\/","og_site_name":"\u0160koda We Love Cycling - Poland","article_published_time":"2019-11-25T14:42:15+00:00","article_modified_time":"2019-11-26T09:10:00+00:00","og_image":[{"width":1280,"height":720,"url":"https:\/\/d2p6e6u75xmxt8.cloudfront.net\/5\/2019\/11\/WLC_BF_YT_Thumbnail_Hero.png","type":"image\/png"}],"author":"piotrboczkowski","twitter_card":"summary_large_image","twitter_misc":{"Written by":"piotrboczkowski","Est. reading time":"6 minutes"},"schema":{"@context":"https:\/\/schema.org","@graph":[{"@type":"WebPage","@id":"https:\/\/www.welovecycling.com\/pl\/2019\/11\/25\/kim-jest-bikefluencer-trzy-historie-o-inspiracji-wytrwalosci-i-zmianie\/","url":"https:\/\/www.welovecycling.com\/pl\/2019\/11\/25\/kim-jest-bikefluencer-trzy-historie-o-inspiracji-wytrwalosci-i-zmianie\/","name":"Kim jest #bikefluencer: trzy historie o inspiracji, wytrwa\u0142o\u015bci i zmianie - \u0160koda We Love Cycling - Poland","isPartOf":{"@id":"https:\/\/www.welovecycling.com\/pl\/#website"},"primaryImageOfPage":{"@id":"https:\/\/www.welovecycling.com\/pl\/2019\/11\/25\/kim-jest-bikefluencer-trzy-historie-o-inspiracji-wytrwalosci-i-zmianie\/#primaryimage"},"image":{"@id":"https:\/\/www.welovecycling.com\/pl\/2019\/11\/25\/kim-jest-bikefluencer-trzy-historie-o-inspiracji-wytrwalosci-i-zmianie\/#primaryimage"},"thumbnailUrl":"https:\/\/d2p6e6u75xmxt8.cloudfront.net\/5\/2019\/11\/WLC_BF_YT_Thumbnail_Hero.png","datePublished":"2019-11-25T14:42:15+00:00","dateModified":"2019-11-26T09:10:00+00:00","author":{"@id":"https:\/\/www.welovecycling.com\/pl\/#\/schema\/person\/0dba2d39da943db9df3fd8f4687e7f23"},"breadcrumb":{"@id":"https:\/\/www.welovecycling.com\/pl\/2019\/11\/25\/kim-jest-bikefluencer-trzy-historie-o-inspiracji-wytrwalosci-i-zmianie\/#breadcrumb"},"inLanguage":"pl-PL","potentialAction":[{"@type":"ReadAction","target":["https:\/\/www.welovecycling.com\/pl\/2019\/11\/25\/kim-jest-bikefluencer-trzy-historie-o-inspiracji-wytrwalosci-i-zmianie\/"]}]},{"@type":"ImageObject","inLanguage":"pl-PL","@id":"https:\/\/www.welovecycling.com\/pl\/2019\/11\/25\/kim-jest-bikefluencer-trzy-historie-o-inspiracji-wytrwalosci-i-zmianie\/#primaryimage","url":"https:\/\/d2p6e6u75xmxt8.cloudfront.net\/5\/2019\/11\/WLC_BF_YT_Thumbnail_Hero.png","contentUrl":"https:\/\/d2p6e6u75xmxt8.cloudfront.net\/5\/2019\/11\/WLC_BF_YT_Thumbnail_Hero.png","width":1280,"height":720},{"@type":"BreadcrumbList","@id":"https:\/\/www.welovecycling.com\/pl\/2019\/11\/25\/kim-jest-bikefluencer-trzy-historie-o-inspiracji-wytrwalosci-i-zmianie\/#breadcrumb","itemListElement":[{"@type":"ListItem","position":1,"name":"Home","item":"https:\/\/www.welovecycling.com\/pl\/"},{"@type":"ListItem","position":2,"name":"Kim jest #bikefluencer: trzy historie o inspiracji, wytrwa\u0142o\u015bci i zmianie"}]},{"@type":"WebSite","@id":"https:\/\/www.welovecycling.com\/pl\/#website","url":"https:\/\/www.welovecycling.com\/pl\/","name":"\u0160koda We Love Cycling - Poland","description":"","potentialAction":[{"@type":"SearchAction","target":{"@type":"EntryPoint","urlTemplate":"https:\/\/www.welovecycling.com\/pl\/?s={search_term_string}"},"query-input":{"@type":"PropertyValueSpecification","valueRequired":true,"valueName":"search_term_string"}}],"inLanguage":"pl-PL"},{"@type":"Person","@id":"https:\/\/www.welovecycling.com\/pl\/#\/schema\/person\/0dba2d39da943db9df3fd8f4687e7f23","name":"piotrboczkowski","image":{"@type":"ImageObject","inLanguage":"pl-PL","@id":"https:\/\/www.welovecycling.com\/pl\/#\/schema\/person\/image\/","url":"https:\/\/secure.gravatar.com\/avatar\/533caccae14752e03a2ce2d3fd62d1b98b93e1393c3195c27819e53344ca1ace?s=96&d=mm&r=g","contentUrl":"https:\/\/secure.gravatar.com\/avatar\/533caccae14752e03a2ce2d3fd62d1b98b93e1393c3195c27819e53344ca1ace?s=96&d=mm&r=g","caption":"piotrboczkowski"},"url":"https:\/\/www.welovecycling.com\/pl\/author\/piotrboczkowski\/"}]}},"_links":{"self":[{"href":"https:\/\/www.welovecycling.com\/pl\/wp-json\/wp\/v2\/posts\/10000","targetHints":{"allow":["GET"]}}],"collection":[{"href":"https:\/\/www.welovecycling.com\/pl\/wp-json\/wp\/v2\/posts"}],"about":[{"href":"https:\/\/www.welovecycling.com\/pl\/wp-json\/wp\/v2\/types\/post"}],"author":[{"embeddable":true,"href":"https:\/\/www.welovecycling.com\/pl\/wp-json\/wp\/v2\/users\/76"}],"replies":[{"embeddable":true,"href":"https:\/\/www.welovecycling.com\/pl\/wp-json\/wp\/v2\/comments?post=10000"}],"version-history":[{"count":2,"href":"https:\/\/www.welovecycling.com\/pl\/wp-json\/wp\/v2\/posts\/10000\/revisions"}],"predecessor-version":[{"id":10012,"href":"https:\/\/www.welovecycling.com\/pl\/wp-json\/wp\/v2\/posts\/10000\/revisions\/10012"}],"wp:featuredmedia":[{"embeddable":true,"href":"https:\/\/www.welovecycling.com\/pl\/wp-json\/wp\/v2\/media\/10002"}],"wp:attachment":[{"href":"https:\/\/www.welovecycling.com\/pl\/wp-json\/wp\/v2\/media?parent=10000"}],"wp:term":[{"taxonomy":"category","embeddable":true,"href":"https:\/\/www.welovecycling.com\/pl\/wp-json\/wp\/v2\/categories?post=10000"},{"taxonomy":"post_tag","embeddable":true,"href":"https:\/\/www.welovecycling.com\/pl\/wp-json\/wp\/v2\/tags?post=10000"},{"taxonomy":"global-categories","embeddable":true,"href":"https:\/\/www.welovecycling.com\/pl\/wp-json\/wp\/v2\/global-categories?post=10000"}],"curies":[{"name":"wp","href":"https:\/\/api.w.org\/{rel}","templated":true}]}}