{"id":441,"date":"2021-02-05T06:35:48","date_gmt":"2021-02-05T06:35:48","guid":{"rendered":"https:\/\/www.welovecycling.com\/no\/?p=441"},"modified":"2021-02-05T08:33:49","modified_gmt":"2021-02-05T08:33:49","slug":"ekstrem-trial-sykling-av-eirik-ulltang","status":"publish","type":"post","link":"https:\/\/www.welovecycling.com\/no\/2021\/02\/05\/ekstrem-trial-sykling-av-eirik-ulltang\/","title":{"rendered":"Ekstrem trialsykling av Eirik Ulltang"},"content":{"rendered":"<p>Hver gang vi ser Eirik Ulltang sykle skj\u00f8nner vi ikke hvordan det er mulig. Det er f\u00e5 som har like god kontroll p\u00e5 sykkelen som Eirik! Her har vi hentet frem en godbit fra arkivet der Eirik blant annet hopper fra den ene delen av Svolv\u00e6rgeita til den andre.<\/p>\n","protected":false},"excerpt":{"rendered":"<p>Hver gang vi ser Eirik Ulltang sykle skj\u00f8nner vi ikke hvordan det er mulig. Det er f\u00e5 som har like [&hellip;]<\/p>\n","protected":false},"author":108,"featured_media":443,"comment_status":"open","ping_status":"open","sticky":false,"template":"","format":"video","meta":{"footnotes":""},"categories":[23],"tags":[],"global-categories":[],"class_list":["post-441","post","type-post","status-publish","format-video","has-post-thumbnail","hentry","category-terreng","post_format-post-format-video"],"yoast_head":"<!-- This site is optimized with the Yoast SEO Premium plugin v25.3 (Yoast SEO v25.9) - https:\/\/yoast.com\/wordpress\/plugins\/seo\/ -->\n<title>Ekstrem trialsykling av Eirik Ulltang - \u0160koda We Love Cycling - Norge<\/title>\n<meta name=\"robots\" content=\"index, follow, max-snippet:-1, max-image-preview:large, max-video-preview:-1\" \/>\n<link rel=\"canonical\" href=\"https:\/\/www.welovecycling.com\/no\/2021\/02\/05\/ekstrem-trial-sykling-av-eirik-ulltang\/\" \/>\n<meta property=\"og:locale\" content=\"nb_NO\" \/>\n<meta property=\"og:type\" content=\"article\" \/>\n<meta property=\"og:title\" content=\"Ekstrem trialsykling av Eirik Ulltang\" \/>\n<meta property=\"og:description\" content=\"Hver gang vi ser Eirik Ulltang sykle skj\u00f8nner vi ikke hvordan det er mulig. Det er f\u00e5 som har like [&hellip;]\" \/>\n<meta property=\"og:url\" content=\"https:\/\/www.welovecycling.com\/no\/2021\/02\/05\/ekstrem-trial-sykling-av-eirik-ulltang\/\" \/>\n<meta property=\"og:site_name\" content=\"\u0160koda We Love Cycling - Norge\" \/>\n<meta property=\"article:published_time\" content=\"2021-02-05T06:35:48+00:00\" \/>\n<meta property=\"article:modified_time\" content=\"2021-02-05T08:33:49+00:00\" \/>\n<meta property=\"og:image\" content=\"https:\/\/d2p6e6u75xmxt8.cloudfront.net\/16\/2019\/06\/Skjermbilde-2019-06-13-kl.-08.32.12-1024x539.png\" \/>\n\t<meta property=\"og:image:width\" content=\"1024\" \/>\n\t<meta property=\"og:image:height\" content=\"539\" \/>\n\t<meta property=\"og:image:type\" content=\"image\/png\" \/>\n<meta name=\"author\" content=\"sondrekristiansen\" \/>\n<meta name=\"twitter:card\" content=\"summary_large_image\" \/>\n<meta name=\"twitter:label1\" content=\"Written by\" \/>\n\t<meta name=\"twitter:data1\" content=\"sondrekristiansen\" \/>\n\t<meta name=\"twitter:label2\" content=\"Est. watching time\" \/>\n\t<meta name=\"twitter:data2\" content=\"5\" \/>\n<script type=\"application\/ld+json\" class=\"yoast-schema-graph\">{\"@context\":\"https:\/\/schema.org\",\"@graph\":[{\"@type\":\"WebPage\",\"@id\":\"https:\/\/www.welovecycling.com\/no\/2021\/02\/05\/ekstrem-trial-sykling-av-eirik-ulltang\/\",\"url\":\"https:\/\/www.welovecycling.com\/no\/2021\/02\/05\/ekstrem-trial-sykling-av-eirik-ulltang\/\",\"name\":\"Ekstrem trialsykling av Eirik Ulltang - \u0160koda We Love Cycling - Norge\",\"isPartOf\":{\"@id\":\"https:\/\/www.welovecycling.com\/no\/#website\"},\"primaryImageOfPage\":{\"@id\":\"https:\/\/www.welovecycling.com\/no\/2021\/02\/05\/ekstrem-trial-sykling-av-eirik-ulltang\/#primaryimage\"},\"image\":{\"@id\":\"https:\/\/www.welovecycling.com\/no\/2021\/02\/05\/ekstrem-trial-sykling-av-eirik-ulltang\/#primaryimage\"},\"thumbnailUrl\":\"https:\/\/d2p6e6u75xmxt8.cloudfront.net\/16\/2019\/06\/Skjermbilde-2019-06-13-kl.-08.32.12.png\",\"datePublished\":\"2021-02-05T06:35:48+00:00\",\"dateModified\":\"2021-02-05T08:33:49+00:00\",\"author\":{\"@id\":\"https:\/\/www.welovecycling.com\/no\/#\/schema\/person\/f5f9022755555d37fa0996bf63c37f03\"},\"inLanguage\":\"nb-NO\",\"potentialAction\":[{\"@type\":\"ReadAction\",\"target\":[\"https:\/\/www.welovecycling.com\/no\/2021\/02\/05\/ekstrem-trial-sykling-av-eirik-ulltang\/\"]}]},{\"@type\":\"ImageObject\",\"inLanguage\":\"nb-NO\",\"@id\":\"https:\/\/www.welovecycling.com\/no\/2021\/02\/05\/ekstrem-trial-sykling-av-eirik-ulltang\/#primaryimage\",\"url\":\"https:\/\/d2p6e6u75xmxt8.cloudfront.net\/16\/2019\/06\/Skjermbilde-2019-06-13-kl.-08.32.12.png\",\"contentUrl\":\"https:\/\/d2p6e6u75xmxt8.cloudfront.net\/16\/2019\/06\/Skjermbilde-2019-06-13-kl.-08.32.12.png\",\"width\":2290,\"height\":1206,\"caption\":\"Welovecycling \u2013 welovecycling norge \u2013 skoda sykkel - vi elsker sykkel \u2013 sykkelglede \u2013 sykkel i norge \u2013 sykkelnyheter \u2013 sykkelnytt \u2013 norsk sykkelsport \u2013 nyheter for sykkel \u2013 sykkel \u2013 sykling \u2013 sykkel for alle - Norges Cykleforbund - Norges Sykkelforbund - cycling fun - joy - sykkelglede for alle - landevei - landeveissykling - terreng - terrengsykkel - road bike - fancy - custom - sykkelmagasin - magasin for sykkel - cycling magazine - pro cyclist - Eirik Ulltang\"},{\"@type\":\"WebSite\",\"@id\":\"https:\/\/www.welovecycling.com\/no\/#website\",\"url\":\"https:\/\/www.welovecycling.com\/no\/\",\"name\":\"\u0160koda We Love Cycling - Norge\",\"description\":\"\u0160koda We Love Cycling\",\"potentialAction\":[{\"@type\":\"SearchAction\",\"target\":{\"@type\":\"EntryPoint\",\"urlTemplate\":\"https:\/\/www.welovecycling.com\/no\/?s={search_term_string}\"},\"query-input\":{\"@type\":\"PropertyValueSpecification\",\"valueRequired\":true,\"valueName\":\"search_term_string\"}}],\"inLanguage\":\"nb-NO\"},{\"@type\":\"Person\",\"@id\":\"https:\/\/www.welovecycling.com\/no\/#\/schema\/person\/f5f9022755555d37fa0996bf63c37f03\",\"name\":\"sondrekristiansen\",\"image\":{\"@type\":\"ImageObject\",\"inLanguage\":\"nb-NO\",\"@id\":\"https:\/\/www.welovecycling.com\/no\/#\/schema\/person\/image\/\",\"url\":\"https:\/\/secure.gravatar.com\/avatar\/599139b081a6d4f2dec173d13c4a0ac7f88ace27ed98e5fce49dfd38e02d3cda?s=96&d=mm&r=g\",\"contentUrl\":\"https:\/\/secure.gravatar.com\/avatar\/599139b081a6d4f2dec173d13c4a0ac7f88ace27ed98e5fce49dfd38e02d3cda?s=96&d=mm&r=g\",\"caption\":\"sondrekristiansen\"},\"url\":\"https:\/\/www.welovecycling.com\/no\/author\/sondrekristiansen\/\"}]}<\/script>\n<!-- \/ Yoast SEO Premium plugin. -->","yoast_head_json":{"title":"Ekstrem trialsykling av Eirik Ulltang - \u0160koda We Love Cycling - Norge","robots":{"index":"index","follow":"follow","max-snippet":"max-snippet:-1","max-image-preview":"max-image-preview:large","max-video-preview":"max-video-preview:-1"},"canonical":"https:\/\/www.welovecycling.com\/no\/2021\/02\/05\/ekstrem-trial-sykling-av-eirik-ulltang\/","og_locale":"nb_NO","og_type":"article","og_title":"Ekstrem trialsykling av Eirik Ulltang","og_description":"Hver gang vi ser Eirik Ulltang sykle skj\u00f8nner vi ikke hvordan det er mulig. Det er f\u00e5 som har like [&hellip;]","og_url":"https:\/\/www.welovecycling.com\/no\/2021\/02\/05\/ekstrem-trial-sykling-av-eirik-ulltang\/","og_site_name":"\u0160koda We Love Cycling - Norge","article_published_time":"2021-02-05T06:35:48+00:00","article_modified_time":"2021-02-05T08:33:49+00:00","og_image":[{"width":1024,"height":539,"url":"https:\/\/d2p6e6u75xmxt8.cloudfront.net\/16\/2019\/06\/Skjermbilde-2019-06-13-kl.-08.32.12-1024x539.png","type":"image\/png"}],"author":"sondrekristiansen","twitter_card":"summary_large_image","twitter_misc":{"Written by":"sondrekristiansen","Est. watching time":"5"},"schema":{"@context":"https:\/\/schema.org","@graph":[{"@type":"WebPage","@id":"https:\/\/www.welovecycling.com\/no\/2021\/02\/05\/ekstrem-trial-sykling-av-eirik-ulltang\/","url":"https:\/\/www.welovecycling.com\/no\/2021\/02\/05\/ekstrem-trial-sykling-av-eirik-ulltang\/","name":"Ekstrem trialsykling av Eirik Ulltang - \u0160koda We Love Cycling - Norge","isPartOf":{"@id":"https:\/\/www.welovecycling.com\/no\/#website"},"primaryImageOfPage":{"@id":"https:\/\/www.welovecycling.com\/no\/2021\/02\/05\/ekstrem-trial-sykling-av-eirik-ulltang\/#primaryimage"},"image":{"@id":"https:\/\/www.welovecycling.com\/no\/2021\/02\/05\/ekstrem-trial-sykling-av-eirik-ulltang\/#primaryimage"},"thumbnailUrl":"https:\/\/d2p6e6u75xmxt8.cloudfront.net\/16\/2019\/06\/Skjermbilde-2019-06-13-kl.-08.32.12.png","datePublished":"2021-02-05T06:35:48+00:00","dateModified":"2021-02-05T08:33:49+00:00","author":{"@id":"https:\/\/www.welovecycling.com\/no\/#\/schema\/person\/f5f9022755555d37fa0996bf63c37f03"},"inLanguage":"nb-NO","potentialAction":[{"@type":"ReadAction","target":["https:\/\/www.welovecycling.com\/no\/2021\/02\/05\/ekstrem-trial-sykling-av-eirik-ulltang\/"]}]},{"@type":"ImageObject","inLanguage":"nb-NO","@id":"https:\/\/www.welovecycling.com\/no\/2021\/02\/05\/ekstrem-trial-sykling-av-eirik-ulltang\/#primaryimage","url":"https:\/\/d2p6e6u75xmxt8.cloudfront.net\/16\/2019\/06\/Skjermbilde-2019-06-13-kl.-08.32.12.png","contentUrl":"https:\/\/d2p6e6u75xmxt8.cloudfront.net\/16\/2019\/06\/Skjermbilde-2019-06-13-kl.-08.32.12.png","width":2290,"height":1206,"caption":"Welovecycling \u2013 welovecycling norge \u2013 skoda sykkel - vi elsker sykkel \u2013 sykkelglede \u2013 sykkel i norge \u2013 sykkelnyheter \u2013 sykkelnytt \u2013 norsk sykkelsport \u2013 nyheter for sykkel \u2013 sykkel \u2013 sykling \u2013 sykkel for alle - Norges Cykleforbund - Norges Sykkelforbund - cycling fun - joy - sykkelglede for alle - landevei - landeveissykling - terreng - terrengsykkel - road bike - fancy - custom - sykkelmagasin - magasin for sykkel - cycling magazine - pro cyclist - Eirik Ulltang"},{"@type":"WebSite","@id":"https:\/\/www.welovecycling.com\/no\/#website","url":"https:\/\/www.welovecycling.com\/no\/","name":"\u0160koda We Love Cycling - Norge","description":"\u0160koda We Love Cycling","potentialAction":[{"@type":"SearchAction","target":{"@type":"EntryPoint","urlTemplate":"https:\/\/www.welovecycling.com\/no\/?s={search_term_string}"},"query-input":{"@type":"PropertyValueSpecification","valueRequired":true,"valueName":"search_term_string"}}],"inLanguage":"nb-NO"},{"@type":"Person","@id":"https:\/\/www.welovecycling.com\/no\/#\/schema\/person\/f5f9022755555d37fa0996bf63c37f03","name":"sondrekristiansen","image":{"@type":"ImageObject","inLanguage":"nb-NO","@id":"https:\/\/www.welovecycling.com\/no\/#\/schema\/person\/image\/","url":"https:\/\/secure.gravatar.com\/avatar\/599139b081a6d4f2dec173d13c4a0ac7f88ace27ed98e5fce49dfd38e02d3cda?s=96&d=mm&r=g","contentUrl":"https:\/\/secure.gravatar.com\/avatar\/599139b081a6d4f2dec173d13c4a0ac7f88ace27ed98e5fce49dfd38e02d3cda?s=96&d=mm&r=g","caption":"sondrekristiansen"},"url":"https:\/\/www.welovecycling.com\/no\/author\/sondrekristiansen\/"}]}},"_links":{"self":[{"href":"https:\/\/www.welovecycling.com\/no\/wp-json\/wp\/v2\/posts\/441","targetHints":{"allow":["GET"]}}],"collection":[{"href":"https:\/\/www.welovecycling.com\/no\/wp-json\/wp\/v2\/posts"}],"about":[{"href":"https:\/\/www.welovecycling.com\/no\/wp-json\/wp\/v2\/types\/post"}],"author":[{"embeddable":true,"href":"https:\/\/www.welovecycling.com\/no\/wp-json\/wp\/v2\/users\/108"}],"replies":[{"embeddable":true,"href":"https:\/\/www.welovecycling.com\/no\/wp-json\/wp\/v2\/comments?post=441"}],"version-history":[{"count":2,"href":"https:\/\/www.welovecycling.com\/no\/wp-json\/wp\/v2\/posts\/441\/revisions"}],"predecessor-version":[{"id":2187,"href":"https:\/\/www.welovecycling.com\/no\/wp-json\/wp\/v2\/posts\/441\/revisions\/2187"}],"wp:featuredmedia":[{"embeddable":true,"href":"https:\/\/www.welovecycling.com\/no\/wp-json\/wp\/v2\/media\/443"}],"wp:attachment":[{"href":"https:\/\/www.welovecycling.com\/no\/wp-json\/wp\/v2\/media?parent=441"}],"wp:term":[{"taxonomy":"category","embeddable":true,"href":"https:\/\/www.welovecycling.com\/no\/wp-json\/wp\/v2\/categories?post=441"},{"taxonomy":"post_tag","embeddable":true,"href":"https:\/\/www.welovecycling.com\/no\/wp-json\/wp\/v2\/tags?post=441"},{"taxonomy":"global-categories","embeddable":true,"href":"https:\/\/www.welovecycling.com\/no\/wp-json\/wp\/v2\/global-categories?post=441"}],"curies":[{"name":"wp","href":"https:\/\/api.w.org\/{rel}","templated":true}]}}