{"id":2754,"date":"2020-09-28T15:25:27","date_gmt":"2020-09-28T13:25:27","guid":{"rendered":"https:\/\/www.welovecycling.com\/nl\/?p=2754"},"modified":"2020-09-28T15:27:30","modified_gmt":"2020-09-28T13:27:30","slug":"merckx-tegen-de-rest-in-de-tour-de-france-van-1971","status":"publish","type":"post","link":"https:\/\/www.welovecycling.com\/nl\/merckx-tegen-de-rest-in-de-tour-de-france-van-1971\/","title":{"rendered":"Merckx tegen de rest in de Tour de France van 1971"},"content":{"rendered":"<p>De bijnaam van Merckx was &#8216;De Kannibaal&#8217;. Dat was niet voor niets. Hij won namelijk alles wat er maar te winnen viel. Niet alleen alle grote rondes, klassiekers en kampioenschappen, maar ook kleine criteriums en demonstratiewedstrijden. Hij werd door velen benijd om zijn prestaties en zijn winstpremies. In de Tour van 1971 bundelden al zijn topconcurrenten hun krachten.<\/p>\n<p>Deze samenwerking had maar \u00e9\u00e9n doel: voorkomen dat Merckx de Tour opnieuw tot een onemanshow zou maken. De Nederlander Joop Zoetemelk, de Spanjaard Luis Oca\u00f1a en de Fransman Bernard Th\u00e9venet, die de nieuwe generatie klimmers vormden, vielen Merckx meteen bij de eerste bergetappe aan. Oca\u00f1a won op de Puy de D\u00f4me en liep 15 seconden in op De Kannibaal. Merckx behield de gele trui, maar Oca\u00f1a had toch een psychologisch tikje uitgedeeld. Het zaad van de twijfel was gezaaid.<\/p>\n<p><a href=\"https:\/\/d2p6e6u75xmxt8.cloudfront.net\/11\/2020\/09\/Merckx.jpg\"><img loading=\"lazy\" decoding=\"async\" class=\"alignnone size-full wp-image-2757\" src=\"https:\/\/d2p6e6u75xmxt8.cloudfront.net\/11\/2020\/09\/Merckx.jpg\" alt=\"\" width=\"1024\" height=\"780\" srcset=\"https:\/\/d2p6e6u75xmxt8.cloudfront.net\/11\/2020\/09\/Merckx.jpg 1024w, https:\/\/d2p6e6u75xmxt8.cloudfront.net\/11\/2020\/09\/Merckx-300x229.jpg 300w, https:\/\/d2p6e6u75xmxt8.cloudfront.net\/11\/2020\/09\/Merckx-768x585.jpg 768w\" sizes=\"auto, (max-width: 1024px) 100vw, 1024px\" \/><\/a>Oca\u00f1a in het wiel van Merckx. \u00a9 Profimedia<\/p>\n<p>Tijdens de 10e etappe kreeg Merckx materiaalpech in een afdaling. Zijn concurrenten reageerden meteen en kwamen uiteindelijk met een voorsprong van 1 minuut over de finish. In de 11e etappe moest het peloton over vijf cols. Meteen al op de eerste beklimming viel Oca\u00f1a weer aan. Hij reed een waanzinnig hoog tempo. Merckx wilde met Oca\u00f1a mee, maar hij moest passen en niemand was bereid hem te helpen. Uiteindelijk kwam hij met een achterstand van 8 minuten en 42 seconden over de meet. In het algemeen klassement stond Merckx nu meer dan 10 minuten achter. Dat had De Kannibaal nog niet eerder meegemaakt.<\/p>\n<p>&#8220;Oca\u00f1a was uitzonderlijk goed vandaag&#8221;, gaf Merckx toe na de etappe.<\/p>\n<p>&#8220;Hij is geweldig in vorm. Ik denk niet dat ik mijn achterstand nog kan goedmaken. Misschien als ik superbenen krijg, of hij een heel slechte dag meemaakt, kan ik hem nog uit het geel rijden. Maar ik zie dat niet echt gebeuren.&#8221;<\/p>\n<p>Merckx schokte iedereen met zijn opmerking. Gaf hij het al op? Nog niet. Na de 11e etappe volgde een rustdag. Merckx maakte hier dankbaar gebruik van om een beetje bij te komen. In de 12e etappe viel Merckx meteen aan. Toen hij in Marseille aankwam, lag hij een half uur voor op het snelste schema. Oca\u00f1a behield echter meer dan 7 minuten van zijn voorsprong.<\/p>\n<p>&nbsp;<\/p>\n<p><a href=\"https:\/\/d2p6e6u75xmxt8.cloudfront.net\/11\/2020\/09\/Merckx-2.jpg\"><img loading=\"lazy\" decoding=\"async\" class=\"alignnone size-full wp-image-2758\" src=\"https:\/\/d2p6e6u75xmxt8.cloudfront.net\/11\/2020\/09\/Merckx-2.jpg\" alt=\"\" width=\"1024\" height=\"854\" srcset=\"https:\/\/d2p6e6u75xmxt8.cloudfront.net\/11\/2020\/09\/Merckx-2.jpg 1024w, https:\/\/d2p6e6u75xmxt8.cloudfront.net\/11\/2020\/09\/Merckx-2-300x250.jpg 300w, https:\/\/d2p6e6u75xmxt8.cloudfront.net\/11\/2020\/09\/Merckx-2-768x641.jpg 768w\" sizes=\"auto, (max-width: 1024px) 100vw, 1024px\" \/><\/a>Oca\u00f1a op kop met daarachter de Belg Lucien Van Impe en de Nederlander Joop Zoetemelk. \u00a9 Profimedia<\/p>\n<p>In de 14e etappe moesten de renners over de Col de Portet d&#8217;Aspet, de Col de Ment\u00e9 en de Col du Portillon. Het weer was verschrikkelijk. Merckx viel aan op de Col de Ment\u00e9, maar Oca\u00f1a kon volgen. Merckx probeerde het keer op keer, maar hij kreeg Oca\u00f1a er maar niet af. Het slechte weer werd nog erger vlak voor ze de top van Col de Ment\u00e9 bereikten. Er was onweer, bliksem en hevige regen. De bergpas was helemaal in mist gehuld, het zicht was zeer beperkt. Er stroomde water over de weg. De remmen werkten niet meer en de renners moesten hun voeten gebruiken om af te remmen.<\/p>\n<p>Eddy Merckx was een geweldige daler. Tijdens de afdaling van de Col de Ment\u00e9 greep hij zijn kans om weg te rijden bij Oca\u00f1a. Nu was Oca\u00f1a niet zo&#8217;n goede daler. Zelfs zijn ploegleider waarschuwde hem dat hij niet moest proberen om Merckx tijdens de afdaling bij te houden. Maar hij probeerde het toch.<\/p>\n<p>Na ongeveer 4 km in de afdaling verloor Merckx de controle over zijn fiets. Hij gleed onderuit en belandde tegen een stenen muurtje. Fans snelden toe en hielpen hem overeind. Oca\u00f1a, die vlak achter Merckx zat, kon hen niet ontwijken en viel ook. Merckx legde zijn ketting er weer op en ging verder. Oca\u00f1a kon niet verder en vroeg zijn ploegleider om een nieuwe fiets. Juist op dat moment kwam Zoetemelk aanstormen. Hij kon de ploegwagen nog ontwijken, maar botste tegen Oca\u00f1a. Enkele ogenblikken later werd Oca\u00f1a ook nog geraakt door de Portugees Agostinho. Kermend van de pijn lag hij op de grond, waar hij bewusteloos raakte. Een helikopter bracht hem uiteindelijk veilig naar een ziekenhuis, maar zijn droom om de Tour te winnen was voorbij.<\/p>\n<p><a href=\"https:\/\/d2p6e6u75xmxt8.cloudfront.net\/11\/2020\/09\/Merckx-3.jpg\"><img loading=\"lazy\" decoding=\"async\" class=\"alignnone size-large wp-image-2760\" src=\"https:\/\/d2p6e6u75xmxt8.cloudfront.net\/11\/2020\/09\/Merckx-3.jpg\" alt=\"\" width=\"791\" height=\"1024\" srcset=\"https:\/\/d2p6e6u75xmxt8.cloudfront.net\/11\/2020\/09\/Merckx-3.jpg 791w, https:\/\/d2p6e6u75xmxt8.cloudfront.net\/11\/2020\/09\/Merckx-3-232x300.jpg 232w, https:\/\/d2p6e6u75xmxt8.cloudfront.net\/11\/2020\/09\/Merckx-3-768x994.jpg 768w\" sizes=\"auto, (max-width: 791px) 100vw, 791px\" \/><\/a>Een helikopter bracht Oca\u00f1a veilig naar een ziekenhuis. \u00a9 Profimedia<\/p>\n<p>Merckx was nu de nieuwe leider in het algemeen klassement. Hij weigerde echter om de gele trui in ontvangst te nemen. Hij overwoog zelfs om uit de Tour te stappen. Zijn ploeggenoten en de organisatoren van de Tour smeekten hem om verder te gaan. Uit respect voor Oca\u00f1a weigerde hij de gele trui te dragen. Vier dagen later won hij de 17e etappe na een ontsnapping en liep hij 2 minuten uit op Zoetemelk. Hij won ook de laatste tijdrit en daarmee zijn derde Tour de France.<\/p>\n<p>&#8220;Wat er ook gebeurd is, ik verloor deze Tour omdat er altijd twijfel zal blijven bestaan&#8221;, aldus Eddy Merckx.<\/p>\n","protected":false},"excerpt":{"rendered":"<p>De bijnaam van Merckx was &#8216;De Kannibaal&#8217;. Dat was niet voor niets. Hij won namelijk alles wat er maar te [&hellip;]<\/p>\n","protected":false},"author":27,"featured_media":2762,"comment_status":"open","ping_status":"open","sticky":false,"template":"","format":"standard","meta":{"footnotes":""},"categories":[170],"tags":[196,195,13],"global-categories":[27],"class_list":["post-2754","post","type-post","status-publish","format-standard","has-post-thumbnail","hentry","category-tour-de-france","tag-history","tag-merckx","tag-tour-de-france","global-categories-cycling"],"yoast_head":"<!-- This site is optimized with the Yoast SEO Premium plugin v25.3 (Yoast SEO v25.9) - https:\/\/yoast.com\/wordpress\/plugins\/seo\/ -->\n<title>Merckx tegen de rest in de Tour de France van 1971 - \u0160koda - We Love Cycling - Netherland<\/title>\n<meta name=\"description\" content=\"De bijnaam van Merckx was &#039;De Kannibaal&#039;. Dat was niet voor niets. Hij won namelijk alles wat er maar te winnen viel. Niet alleen alle grote rondes, klassiekers en kampioenschappen, maar ook kleine criteriums en demonstratiewedstrijden. Hij werd door velen benijd om zijn prestaties en zijn winstpremies. In de Tour van 1971 bundelden al zijn topconcurrenten hun krachten.\" \/>\n<meta name=\"robots\" content=\"index, follow, max-snippet:-1, max-image-preview:large, max-video-preview:-1\" \/>\n<link rel=\"canonical\" href=\"https:\/\/www.welovecycling.com\/nl\/merckx-tegen-de-rest-in-de-tour-de-france-van-1971\/\" \/>\n<meta property=\"og:locale\" content=\"nl_NL\" \/>\n<meta property=\"og:type\" content=\"article\" \/>\n<meta property=\"og:title\" content=\"Merckx tegen de rest in de Tour de France van 1971\" \/>\n<meta property=\"og:description\" content=\"De bijnaam van Merckx was &#039;De Kannibaal&#039;. Dat was niet voor niets. Hij won namelijk alles wat er maar te winnen viel. Niet alleen alle grote rondes, klassiekers en kampioenschappen, maar ook kleine criteriums en demonstratiewedstrijden. Hij werd door velen benijd om zijn prestaties en zijn winstpremies. In de Tour van 1971 bundelden al zijn topconcurrenten hun krachten.\" \/>\n<meta property=\"og:url\" content=\"https:\/\/www.welovecycling.com\/nl\/merckx-tegen-de-rest-in-de-tour-de-france-van-1971\/\" \/>\n<meta property=\"og:site_name\" content=\"\u0160koda - We Love Cycling - Netherland\" \/>\n<meta property=\"article:published_time\" content=\"2020-09-28T13:25:27+00:00\" \/>\n<meta property=\"article:modified_time\" content=\"2020-09-28T13:27:30+00:00\" \/>\n<meta property=\"og:image\" content=\"https:\/\/d2p6e6u75xmxt8.cloudfront.net\/11\/2020\/09\/eddy-merckx-1971-profimedia-0068194472-CVR-1024x450-1.jpg\" \/>\n\t<meta property=\"og:image:width\" content=\"1024\" \/>\n\t<meta property=\"og:image:height\" content=\"450\" \/>\n\t<meta property=\"og:image:type\" content=\"image\/jpeg\" \/>\n<meta name=\"author\" content=\"jakubstepanek\" \/>\n<meta name=\"twitter:card\" content=\"summary_large_image\" \/>\n<meta name=\"twitter:label1\" content=\"Written by\" \/>\n\t<meta name=\"twitter:data1\" content=\"jakubstepanek\" \/>\n\t<meta name=\"twitter:label2\" content=\"Est. reading time\" \/>\n\t<meta name=\"twitter:data2\" content=\"6\" \/>\n<script type=\"application\/ld+json\" class=\"yoast-schema-graph\">{\"@context\":\"https:\/\/schema.org\",\"@graph\":[{\"@type\":\"WebPage\",\"@id\":\"https:\/\/www.welovecycling.com\/nl\/merckx-tegen-de-rest-in-de-tour-de-france-van-1971\/\",\"url\":\"https:\/\/www.welovecycling.com\/nl\/merckx-tegen-de-rest-in-de-tour-de-france-van-1971\/\",\"name\":\"Merckx tegen de rest in de Tour de France van 1971 - \u0160koda - We Love Cycling - Netherland\",\"isPartOf\":{\"@id\":\"https:\/\/www.welovecycling.com\/nl\/#website\"},\"primaryImageOfPage\":{\"@id\":\"https:\/\/www.welovecycling.com\/nl\/merckx-tegen-de-rest-in-de-tour-de-france-van-1971\/#primaryimage\"},\"image\":{\"@id\":\"https:\/\/www.welovecycling.com\/nl\/merckx-tegen-de-rest-in-de-tour-de-france-van-1971\/#primaryimage\"},\"thumbnailUrl\":\"https:\/\/d2p6e6u75xmxt8.cloudfront.net\/11\/2020\/09\/eddy-merckx-1971-profimedia-0068194472-CVR-1024x450-1.jpg\",\"datePublished\":\"2020-09-28T13:25:27+00:00\",\"dateModified\":\"2020-09-28T13:27:30+00:00\",\"author\":{\"@id\":\"https:\/\/www.welovecycling.com\/nl\/#\/schema\/person\/d42ede5c64c67b5db7ea181a1a82b2d5\"},\"description\":\"De bijnaam van Merckx was 'De Kannibaal'. Dat was niet voor niets. Hij won namelijk alles wat er maar te winnen viel. Niet alleen alle grote rondes, klassiekers en kampioenschappen, maar ook kleine criteriums en demonstratiewedstrijden. Hij werd door velen benijd om zijn prestaties en zijn winstpremies. In de Tour van 1971 bundelden al zijn topconcurrenten hun krachten.\",\"breadcrumb\":{\"@id\":\"https:\/\/www.welovecycling.com\/nl\/merckx-tegen-de-rest-in-de-tour-de-france-van-1971\/#breadcrumb\"},\"inLanguage\":\"nl\",\"potentialAction\":[{\"@type\":\"ReadAction\",\"target\":[\"https:\/\/www.welovecycling.com\/nl\/merckx-tegen-de-rest-in-de-tour-de-france-van-1971\/\"]}]},{\"@type\":\"ImageObject\",\"inLanguage\":\"nl\",\"@id\":\"https:\/\/www.welovecycling.com\/nl\/merckx-tegen-de-rest-in-de-tour-de-france-van-1971\/#primaryimage\",\"url\":\"https:\/\/d2p6e6u75xmxt8.cloudfront.net\/11\/2020\/09\/eddy-merckx-1971-profimedia-0068194472-CVR-1024x450-1.jpg\",\"contentUrl\":\"https:\/\/d2p6e6u75xmxt8.cloudfront.net\/11\/2020\/09\/eddy-merckx-1971-profimedia-0068194472-CVR-1024x450-1.jpg\",\"width\":1024,\"height\":450},{\"@type\":\"BreadcrumbList\",\"@id\":\"https:\/\/www.welovecycling.com\/nl\/merckx-tegen-de-rest-in-de-tour-de-france-van-1971\/#breadcrumb\",\"itemListElement\":[{\"@type\":\"ListItem\",\"position\":1,\"name\":\"Home\",\"item\":\"https:\/\/www.welovecycling.com\/nl\/\"},{\"@type\":\"ListItem\",\"position\":2,\"name\":\"Merckx tegen de rest in de Tour de France van 1971\"}]},{\"@type\":\"WebSite\",\"@id\":\"https:\/\/www.welovecycling.com\/nl\/#website\",\"url\":\"https:\/\/www.welovecycling.com\/nl\/\",\"name\":\"\u0160koda - We Love Cycling - Netherland\",\"description\":\"\u0160koda We Love Cycling - Netherland\",\"potentialAction\":[{\"@type\":\"SearchAction\",\"target\":{\"@type\":\"EntryPoint\",\"urlTemplate\":\"https:\/\/www.welovecycling.com\/nl\/?s={search_term_string}\"},\"query-input\":{\"@type\":\"PropertyValueSpecification\",\"valueRequired\":true,\"valueName\":\"search_term_string\"}}],\"inLanguage\":\"nl\"},{\"@type\":\"Person\",\"@id\":\"https:\/\/www.welovecycling.com\/nl\/#\/schema\/person\/d42ede5c64c67b5db7ea181a1a82b2d5\",\"name\":\"jakubstepanek\",\"image\":{\"@type\":\"ImageObject\",\"inLanguage\":\"nl\",\"@id\":\"https:\/\/www.welovecycling.com\/nl\/#\/schema\/person\/image\/\",\"url\":\"https:\/\/secure.gravatar.com\/avatar\/6088ff8a87539139d91121309dad6f7aee973467a9fee79888aeb2a7f7dc88a2?s=96&d=mm&r=g\",\"contentUrl\":\"https:\/\/secure.gravatar.com\/avatar\/6088ff8a87539139d91121309dad6f7aee973467a9fee79888aeb2a7f7dc88a2?s=96&d=mm&r=g\",\"caption\":\"jakubstepanek\"},\"url\":\"https:\/\/www.welovecycling.com\/nl\/author\/jakubstepanek\/\"}]}<\/script>\n<!-- \/ Yoast SEO Premium plugin. -->","yoast_head_json":{"title":"Merckx tegen de rest in de Tour de France van 1971 - \u0160koda - We Love Cycling - Netherland","description":"De bijnaam van Merckx was 'De Kannibaal'. Dat was niet voor niets. Hij won namelijk alles wat er maar te winnen viel. Niet alleen alle grote rondes, klassiekers en kampioenschappen, maar ook kleine criteriums en demonstratiewedstrijden. Hij werd door velen benijd om zijn prestaties en zijn winstpremies. In de Tour van 1971 bundelden al zijn topconcurrenten hun krachten.","robots":{"index":"index","follow":"follow","max-snippet":"max-snippet:-1","max-image-preview":"max-image-preview:large","max-video-preview":"max-video-preview:-1"},"canonical":"https:\/\/www.welovecycling.com\/nl\/merckx-tegen-de-rest-in-de-tour-de-france-van-1971\/","og_locale":"nl_NL","og_type":"article","og_title":"Merckx tegen de rest in de Tour de France van 1971","og_description":"De bijnaam van Merckx was 'De Kannibaal'. Dat was niet voor niets. Hij won namelijk alles wat er maar te winnen viel. Niet alleen alle grote rondes, klassiekers en kampioenschappen, maar ook kleine criteriums en demonstratiewedstrijden. Hij werd door velen benijd om zijn prestaties en zijn winstpremies. In de Tour van 1971 bundelden al zijn topconcurrenten hun krachten.","og_url":"https:\/\/www.welovecycling.com\/nl\/merckx-tegen-de-rest-in-de-tour-de-france-van-1971\/","og_site_name":"\u0160koda - We Love Cycling - Netherland","article_published_time":"2020-09-28T13:25:27+00:00","article_modified_time":"2020-09-28T13:27:30+00:00","og_image":[{"width":1024,"height":450,"url":"https:\/\/d2p6e6u75xmxt8.cloudfront.net\/11\/2020\/09\/eddy-merckx-1971-profimedia-0068194472-CVR-1024x450-1.jpg","type":"image\/jpeg"}],"author":"jakubstepanek","twitter_card":"summary_large_image","twitter_misc":{"Written by":"jakubstepanek","Est. reading time":"6"},"schema":{"@context":"https:\/\/schema.org","@graph":[{"@type":"WebPage","@id":"https:\/\/www.welovecycling.com\/nl\/merckx-tegen-de-rest-in-de-tour-de-france-van-1971\/","url":"https:\/\/www.welovecycling.com\/nl\/merckx-tegen-de-rest-in-de-tour-de-france-van-1971\/","name":"Merckx tegen de rest in de Tour de France van 1971 - \u0160koda - We Love Cycling - Netherland","isPartOf":{"@id":"https:\/\/www.welovecycling.com\/nl\/#website"},"primaryImageOfPage":{"@id":"https:\/\/www.welovecycling.com\/nl\/merckx-tegen-de-rest-in-de-tour-de-france-van-1971\/#primaryimage"},"image":{"@id":"https:\/\/www.welovecycling.com\/nl\/merckx-tegen-de-rest-in-de-tour-de-france-van-1971\/#primaryimage"},"thumbnailUrl":"https:\/\/d2p6e6u75xmxt8.cloudfront.net\/11\/2020\/09\/eddy-merckx-1971-profimedia-0068194472-CVR-1024x450-1.jpg","datePublished":"2020-09-28T13:25:27+00:00","dateModified":"2020-09-28T13:27:30+00:00","author":{"@id":"https:\/\/www.welovecycling.com\/nl\/#\/schema\/person\/d42ede5c64c67b5db7ea181a1a82b2d5"},"description":"De bijnaam van Merckx was 'De Kannibaal'. Dat was niet voor niets. Hij won namelijk alles wat er maar te winnen viel. Niet alleen alle grote rondes, klassiekers en kampioenschappen, maar ook kleine criteriums en demonstratiewedstrijden. Hij werd door velen benijd om zijn prestaties en zijn winstpremies. In de Tour van 1971 bundelden al zijn topconcurrenten hun krachten.","breadcrumb":{"@id":"https:\/\/www.welovecycling.com\/nl\/merckx-tegen-de-rest-in-de-tour-de-france-van-1971\/#breadcrumb"},"inLanguage":"nl","potentialAction":[{"@type":"ReadAction","target":["https:\/\/www.welovecycling.com\/nl\/merckx-tegen-de-rest-in-de-tour-de-france-van-1971\/"]}]},{"@type":"ImageObject","inLanguage":"nl","@id":"https:\/\/www.welovecycling.com\/nl\/merckx-tegen-de-rest-in-de-tour-de-france-van-1971\/#primaryimage","url":"https:\/\/d2p6e6u75xmxt8.cloudfront.net\/11\/2020\/09\/eddy-merckx-1971-profimedia-0068194472-CVR-1024x450-1.jpg","contentUrl":"https:\/\/d2p6e6u75xmxt8.cloudfront.net\/11\/2020\/09\/eddy-merckx-1971-profimedia-0068194472-CVR-1024x450-1.jpg","width":1024,"height":450},{"@type":"BreadcrumbList","@id":"https:\/\/www.welovecycling.com\/nl\/merckx-tegen-de-rest-in-de-tour-de-france-van-1971\/#breadcrumb","itemListElement":[{"@type":"ListItem","position":1,"name":"Home","item":"https:\/\/www.welovecycling.com\/nl\/"},{"@type":"ListItem","position":2,"name":"Merckx tegen de rest in de Tour de France van 1971"}]},{"@type":"WebSite","@id":"https:\/\/www.welovecycling.com\/nl\/#website","url":"https:\/\/www.welovecycling.com\/nl\/","name":"\u0160koda - We Love Cycling - Netherland","description":"\u0160koda We Love Cycling - Netherland","potentialAction":[{"@type":"SearchAction","target":{"@type":"EntryPoint","urlTemplate":"https:\/\/www.welovecycling.com\/nl\/?s={search_term_string}"},"query-input":{"@type":"PropertyValueSpecification","valueRequired":true,"valueName":"search_term_string"}}],"inLanguage":"nl"},{"@type":"Person","@id":"https:\/\/www.welovecycling.com\/nl\/#\/schema\/person\/d42ede5c64c67b5db7ea181a1a82b2d5","name":"jakubstepanek","image":{"@type":"ImageObject","inLanguage":"nl","@id":"https:\/\/www.welovecycling.com\/nl\/#\/schema\/person\/image\/","url":"https:\/\/secure.gravatar.com\/avatar\/6088ff8a87539139d91121309dad6f7aee973467a9fee79888aeb2a7f7dc88a2?s=96&d=mm&r=g","contentUrl":"https:\/\/secure.gravatar.com\/avatar\/6088ff8a87539139d91121309dad6f7aee973467a9fee79888aeb2a7f7dc88a2?s=96&d=mm&r=g","caption":"jakubstepanek"},"url":"https:\/\/www.welovecycling.com\/nl\/author\/jakubstepanek\/"}]}},"_links":{"self":[{"href":"https:\/\/www.welovecycling.com\/nl\/wp-json\/wp\/v2\/posts\/2754","targetHints":{"allow":["GET"]}}],"collection":[{"href":"https:\/\/www.welovecycling.com\/nl\/wp-json\/wp\/v2\/posts"}],"about":[{"href":"https:\/\/www.welovecycling.com\/nl\/wp-json\/wp\/v2\/types\/post"}],"author":[{"embeddable":true,"href":"https:\/\/www.welovecycling.com\/nl\/wp-json\/wp\/v2\/users\/27"}],"replies":[{"embeddable":true,"href":"https:\/\/www.welovecycling.com\/nl\/wp-json\/wp\/v2\/comments?post=2754"}],"version-history":[{"count":2,"href":"https:\/\/www.welovecycling.com\/nl\/wp-json\/wp\/v2\/posts\/2754\/revisions"}],"predecessor-version":[{"id":2761,"href":"https:\/\/www.welovecycling.com\/nl\/wp-json\/wp\/v2\/posts\/2754\/revisions\/2761"}],"wp:featuredmedia":[{"embeddable":true,"href":"https:\/\/www.welovecycling.com\/nl\/wp-json\/wp\/v2\/media\/2762"}],"wp:attachment":[{"href":"https:\/\/www.welovecycling.com\/nl\/wp-json\/wp\/v2\/media?parent=2754"}],"wp:term":[{"taxonomy":"category","embeddable":true,"href":"https:\/\/www.welovecycling.com\/nl\/wp-json\/wp\/v2\/categories?post=2754"},{"taxonomy":"post_tag","embeddable":true,"href":"https:\/\/www.welovecycling.com\/nl\/wp-json\/wp\/v2\/tags?post=2754"},{"taxonomy":"global-categories","embeddable":true,"href":"https:\/\/www.welovecycling.com\/nl\/wp-json\/wp\/v2\/global-categories?post=2754"}],"curies":[{"name":"wp","href":"https:\/\/api.w.org\/{rel}","templated":true}]}}