{"id":2689,"date":"2020-09-08T12:30:41","date_gmt":"2020-09-08T10:30:41","guid":{"rendered":"https:\/\/www.welovecycling.com\/nl\/?p=2689"},"modified":"2021-09-17T13:12:55","modified_gmt":"2021-09-17T11:12:55","slug":"revolutie-in-de-tour-de-volledig-elektrische-skoda-enyaq-iv-leidt-het-peloton-terwijl-van-aert-de-5e-etappe-wint","status":"publish","type":"post","link":"https:\/\/www.welovecycling.com\/nl\/revolutie-in-de-tour-de-volledig-elektrische-skoda-enyaq-iv-leidt-het-peloton-terwijl-van-aert-de-5e-etappe-wint\/","title":{"rendered":"Revolutie in de Tour: de volledig elektrische \u0160koda ENYAQ iV leidt het peloton terwijl van Aert de 5e etappe wint"},"content":{"rendered":"<p><strong>Voor de eerste keer in de geschiedenis van de grootste wielerwedstrijd ter wereld werden de profs aangevoerd door een volledig elektrische auto. Onlangs werd de <a href=\"https:\/\/www.welovecycling.com\/wide\/2020\/09\/01\/the-fully-electric-skoda-enyaq-iv-becomes-the-new-tour-de-france-leading-car\/\">\u0160koda ENYAQ iV<\/a> onthuld tijdens de wereldpremi\u00e8re in Praag; later konden miljoenen wielerliefhebbers deze in actie zien tijdens de 5e etappe van de Tour. Deze historische gebeurtenis toont de toewijding van \u0160koda aan de wielerwereld. Het gloednieuwe vlaggenschip van \u0160koda luidt een nieuw tijdperk in, zowel voor het merk als voor zijn fans. En hier blijft het niet bij. De ENYAQ iV komt nog twee keer terug in de Tour de France van 2020. Onder andere bij de bekende finish op de Champs-\u00c9lys\u00e9es zal deze baanbrekende auto weer acte de pr\u00e9sence geven.<\/strong><br \/>\n<!--more--><\/p>\n<figure id=\"attachment_2697\" aria-describedby=\"caption-attachment-2697\" style=\"width: 2048px\" class=\"wp-caption alignnone\"><img loading=\"lazy\" decoding=\"async\" class=\"size-full wp-image-2697\" src=\"https:\/\/d2p6e6u75xmxt8.cloudfront.net\/11\/2020\/09\/Enyaq_green_34front-logo-2048x1366-1.jpg\" alt=\"\u0160koda ENYAQ iV\" width=\"2048\" height=\"1366\" srcset=\"https:\/\/d2p6e6u75xmxt8.cloudfront.net\/11\/2020\/09\/Enyaq_green_34front-logo-2048x1366-1.jpg 2048w, https:\/\/d2p6e6u75xmxt8.cloudfront.net\/11\/2020\/09\/Enyaq_green_34front-logo-2048x1366-1-300x200.jpg 300w, https:\/\/d2p6e6u75xmxt8.cloudfront.net\/11\/2020\/09\/Enyaq_green_34front-logo-2048x1366-1-1024x683.jpg 1024w, https:\/\/d2p6e6u75xmxt8.cloudfront.net\/11\/2020\/09\/Enyaq_green_34front-logo-2048x1366-1-768x512.jpg 768w, https:\/\/d2p6e6u75xmxt8.cloudfront.net\/11\/2020\/09\/Enyaq_green_34front-logo-2048x1366-1-1536x1025.jpg 1536w, https:\/\/d2p6e6u75xmxt8.cloudfront.net\/11\/2020\/09\/Enyaq_green_34front-logo-2048x1366-1-1920x1281.jpg 1920w, https:\/\/d2p6e6u75xmxt8.cloudfront.net\/11\/2020\/09\/Enyaq_green_34front-logo-2048x1366-1-272x182.jpg 272w, https:\/\/d2p6e6u75xmxt8.cloudfront.net\/11\/2020\/09\/Enyaq_green_34front-logo-2048x1366-1-1920x1281.jpg 1920w\" sizes=\"auto, (max-width: 2048px) 100vw, 2048px\" \/><figcaption id=\"caption-attachment-2697\" class=\"wp-caption-text\">\u0160koda ENYAQ iV Founders Edition<\/figcaption><\/figure>\n<p>Het starten van een etappe van de Tour door de ENYAQ iV is niet alleen bijzonder door de recente wereldpremi\u00e8re, maar ook omdat voor het eerst in de geschiedenis van de Tour de France de kopwagen een volledig elektrische auto is. De ENYAQ iV is de eerste elektrische auto van \u0160koda op basis van het MEB-platform. De kopwagen van de Tour de France fungeert hoofdzakelijk als \u2018mobiel commandocentrum\u2019 voor Christian Prudhomme, de directeur van de Tour en van ASO. Zoals je wellicht al hebt gezien, is de auto van de Tour-directeur niet precies dezelfde ENYAQ iV die onlangs werd ge\u00efntroduceerd &#8211; voor deze specifieke rol werden enkele wijzigingen doorgevoerd. De karakteristieke rode kleur, de zes antennes, de gele kap boven de voorruit, de Tour de France-bestickering en het glazen panoramadak zijn de zichtbare kenmerken van de kopwagen die hetzelfde bleven, zelfs nu werd overgestapt van de vertrouwde SUPERB naar de gloednieuwe ENYAQ iV.<\/p>\n<figure id=\"attachment_2646\" aria-describedby=\"caption-attachment-2646\" style=\"width: 1458px\" class=\"wp-caption alignnone\"><img loading=\"lazy\" decoding=\"async\" class=\"size-full wp-image-2646\" src=\"https:\/\/d2p6e6u75xmxt8.cloudfront.net\/11\/2020\/09\/Enyaq-tdf-5.jpg\" alt=\"\u0160koda ENYAQ iV\" width=\"1458\" height=\"820\" srcset=\"https:\/\/d2p6e6u75xmxt8.cloudfront.net\/11\/2020\/09\/Enyaq-tdf-5.jpg 1458w, https:\/\/d2p6e6u75xmxt8.cloudfront.net\/11\/2020\/09\/Enyaq-tdf-5-300x169.jpg 300w, https:\/\/d2p6e6u75xmxt8.cloudfront.net\/11\/2020\/09\/Enyaq-tdf-5-1024x576.jpg 1024w, https:\/\/d2p6e6u75xmxt8.cloudfront.net\/11\/2020\/09\/Enyaq-tdf-5-768x432.jpg 768w\" sizes=\"auto, (max-width: 1458px) 100vw, 1458px\" \/><figcaption id=\"caption-attachment-2646\" class=\"wp-caption-text\">De \u0160koda ENYAQ iV als kopwagen in de Tour de France<\/figcaption><\/figure>\n<div id='gallery-1' class='gallery galleryid-2689 gallery-columns-3 gallery-size-large'><figure class='gallery-item'>\n\t\t\t<div class='gallery-icon landscape'>\n\t\t\t\t<a href='https:\/\/d2p6e6u75xmxt8.cloudfront.net\/11\/2020\/09\/Enyaq-tdf-1.jpg'><img loading=\"lazy\" decoding=\"async\" width=\"1024\" height=\"576\" src=\"https:\/\/d2p6e6u75xmxt8.cloudfront.net\/11\/2020\/09\/Enyaq-tdf-1-1024x576.jpg\" class=\"attachment-large size-large\" alt=\"\" srcset=\"https:\/\/d2p6e6u75xmxt8.cloudfront.net\/11\/2020\/09\/Enyaq-tdf-1-1024x576.jpg 1024w, https:\/\/d2p6e6u75xmxt8.cloudfront.net\/11\/2020\/09\/Enyaq-tdf-1-300x169.jpg 300w, https:\/\/d2p6e6u75xmxt8.cloudfront.net\/11\/2020\/09\/Enyaq-tdf-1-768x432.jpg 768w, https:\/\/d2p6e6u75xmxt8.cloudfront.net\/11\/2020\/09\/Enyaq-tdf-1.jpg 1458w\" sizes=\"auto, (max-width: 1024px) 100vw, 1024px\" \/><\/a>\n\t\t\t<\/div><\/figure><figure class='gallery-item'>\n\t\t\t<div class='gallery-icon landscape'>\n\t\t\t\t<a href='https:\/\/d2p6e6u75xmxt8.cloudfront.net\/11\/2020\/09\/Enyaq-tdf-4-1.jpg'><img loading=\"lazy\" decoding=\"async\" width=\"1024\" height=\"576\" src=\"https:\/\/d2p6e6u75xmxt8.cloudfront.net\/11\/2020\/09\/Enyaq-tdf-4-1-1024x576.jpg\" class=\"attachment-large size-large\" alt=\"\" srcset=\"https:\/\/d2p6e6u75xmxt8.cloudfront.net\/11\/2020\/09\/Enyaq-tdf-4-1-1024x576.jpg 1024w, https:\/\/d2p6e6u75xmxt8.cloudfront.net\/11\/2020\/09\/Enyaq-tdf-4-1-300x169.jpg 300w, https:\/\/d2p6e6u75xmxt8.cloudfront.net\/11\/2020\/09\/Enyaq-tdf-4-1-768x432.jpg 768w, https:\/\/d2p6e6u75xmxt8.cloudfront.net\/11\/2020\/09\/Enyaq-tdf-4-1.jpg 1458w\" sizes=\"auto, (max-width: 1024px) 100vw, 1024px\" \/><\/a>\n\t\t\t<\/div><\/figure><figure class='gallery-item'>\n\t\t\t<div class='gallery-icon landscape'>\n\t\t\t\t<a href='https:\/\/d2p6e6u75xmxt8.cloudfront.net\/11\/2020\/09\/Enyaq-tdf-3.jpg'><img loading=\"lazy\" decoding=\"async\" width=\"1024\" height=\"576\" src=\"https:\/\/d2p6e6u75xmxt8.cloudfront.net\/11\/2020\/09\/Enyaq-tdf-3-1024x576.jpg\" class=\"attachment-large size-large\" alt=\"\" srcset=\"https:\/\/d2p6e6u75xmxt8.cloudfront.net\/11\/2020\/09\/Enyaq-tdf-3-1024x576.jpg 1024w, https:\/\/d2p6e6u75xmxt8.cloudfront.net\/11\/2020\/09\/Enyaq-tdf-3-300x169.jpg 300w, https:\/\/d2p6e6u75xmxt8.cloudfront.net\/11\/2020\/09\/Enyaq-tdf-3-768x432.jpg 768w, https:\/\/d2p6e6u75xmxt8.cloudfront.net\/11\/2020\/09\/Enyaq-tdf-3.jpg 1458w\" sizes=\"auto, (max-width: 1024px) 100vw, 1024px\" \/><\/a>\n\t\t\t<\/div><\/figure>\n\t\t<\/div>\n\n<p>Wat de auto onderscheidt zijn voorzieningen als 20\u201c-lichtmetalen velgen, 13\u201c-display in het dashboard en een phonebox met draadloze oplading. De ENYAQ iV is leverbaar in verschillende versies met accupakketten vari\u00ebrend van 55 kWh tot 82 kWh. Op een enkele acculading is het mogelijk om maar liefst 500 km af te leggen. Meer dan genoeg voor de etappe van vandaag.<\/p>\n<p>Tijdens de wedstrijd bevestigt de kopwagen zijn onmisbare functie. Comfortabel zittend achter in het ruime interieur van zijn auto maakt directeur Prudhomme gebruik van een zendontvanger met zes kanalen om te communiceren met ploegwagens en materiaalwagens, zijn koerscommissarissen en de rest van het belangrijke personeel voor het regelen van het verloop van de 5e etappe.<\/p>\n<lite-youtube videoid=U1fylQXvQXw params=\"enablejsapi=1\" style=\"background-image: url('https:\/\/i.ytimg.com\/vi_webp\/U1fylQXvQXw\/maxresdefault.webp');\"><\/lite-youtube>\n<p>Hij zwaaide met de witte vlag bij \u201ckilometer nul\u201d en er kon gekoerst worden. Vervolgens trok Christian Prudhomme zich terug onder het glazen schuifdak. Tijdens de 5e etappe zou het er rustiger aan toe gaan dan in de voorgaande etappes. Het peloton hoefde niet op ontsnappingen te reageren en reed in een vrij gesloten formatie naar de finish. Er waren echter belangrijke veranderingen in het puntenklassement.<\/p>\n<p>Sam Bennett zag zijn kans schoon in deze etappe en nam de \u0160koda Groene Trui over van Peter Sagan, de gebruikelijke groene-truidrager. Hij versloeg de Slowaak eerst in de \u0160koda-sprint bij L\u2019\u00c9pine en later in de massasprint voor de finish. Hierdoor kwam Bennett aan de leiding in het puntenklassement met 123 punten. Peter Sagan volgde op de 2e plaats met 114 punten.<\/p>\n<div class=\"embed-controller-wrapper\">\n<blockquote class=\"twitter-tweet\" data-width=\"500\" data-dnt=\"true\">\n<p lang=\"fr\" dir=\"ltr\">\ud83c\udf99\ufe0f \ud83c\uddee\ud83c\uddea <a href=\"https:\/\/twitter.com\/Sammmy_Be?ref_src=twsrc%5Etfw\">@Sammmy_Be<\/a> <\/p>\n<p>The man from the Emerald Isle is in green\u2618\ufe0f<\/p>\n<p>&quot;C&#39;est sp\u00e9cial pour moi d&#39;\u00eatre le troisi\u00e8me irlandais \u00e0 porter le maillot vert. Je vais tout faire pour le garder.&quot;<a href=\"https:\/\/twitter.com\/hashtag\/TDF2020?src=hash&amp;ref_src=twsrc%5Etfw\">#TDF2020<\/a> <a href=\"https:\/\/t.co\/JRGVdiq7XW\">pic.twitter.com\/JRGVdiq7XW<\/a><\/p>\n<p>&mdash; Tour de France\u2122 (@LeTour) <a href=\"https:\/\/twitter.com\/LeTour\/status\/1301192007533187083?ref_src=twsrc%5Etfw\">September 2, 2020<\/a><\/p><\/blockquote>\n<p><script async data-src=\"https:\/\/platform.twitter.com\/widgets.js\" charset=\"utf-8\"><\/script><\/div>\n<p>Het was echter niet Sam Bennett die in Privas de overwinning op zijn naam kon schrijven. Wout van Aert bleek de sterkste in de sprint op de oplopende aankomst, waardoor hij zijn tweede etappewinst in de Tour kon vieren. De Jumbo-Visma-ploeg had hiermee zijn tweede zege op rij, nadat de dag ervoor de zege naar Primo\u017e Rogli\u010d ging. Zijn zij de sterkste ploeg in de Tour? We gaan het zien.<\/p>\n<div class=\"embed-controller-wrapper\">\n<blockquote class=\"twitter-tweet\" data-width=\"500\" data-dnt=\"true\">\n<p lang=\"fr\" dir=\"ltr\">\ud83c\udf99\ufe0f \ud83c\udde7\ud83c\uddea <a href=\"https:\/\/twitter.com\/WoutvanAert?ref_src=twsrc%5Etfw\">@WoutvanAert<\/a> <\/p>\n<p>&quot;C&#39;\u00e9tait une \u00e9tape facile parce qu&#39;il n&#39;y avait pas d&#39;\u00e9chapp\u00e9e. Nous devions \u00eatre dans une bonne position avant l&#39;arriv\u00e9e mais c&#39;\u00e9tait un peu mouvement\u00e9.&quot;<a href=\"https:\/\/twitter.com\/hashtag\/TDF2020?src=hash&amp;ref_src=twsrc%5Etfw\">#TDF2020<\/a> <a href=\"https:\/\/t.co\/lzjfj1tEda\">pic.twitter.com\/lzjfj1tEda<\/a><\/p>\n<p>&mdash; Tour de France\u2122 (@LeTour) <a href=\"https:\/\/twitter.com\/LeTour\/status\/1301187154266255362?ref_src=twsrc%5Etfw\">September 2, 2020<\/a><\/p><\/blockquote>\n<p><script async data-src=\"https:\/\/platform.twitter.com\/widgets.js\" charset=\"utf-8\"><\/script><\/div>\n<p>Onverwachtse veranderingen in het algemeen klassement na de finish. In herhalingen is te zien dat Julien Alaphilippe een bidon van een soigneur aanneemt op 17,1 km van de finish. Op &#8216;ongeoorloofde ravitaillering&#8217; in de laatste 20 km tot de finish staat een tijdstraf van 20 seconden, waardoor Alaphilippe zakte naar de 16e plaats in het algemeen klassement.<\/p>\n<p>&#8220;Blijkbaar heb ik drinken aangenomen in een zone waarin dat niet is toegestaan&#8221;, verklaarde Alaphilippe na de finish. &#8220;Dat betekent 20 strafseconden, dus ik denk dat Yates nu het geel heeft. Ik wacht op de offici\u00eble bevestiging. Maar zoiets kan gebeuren. De jury beslist en daar kan ik niks aan veranderen.\u201d<\/p>\n<p>Hij kon daar inderdaad niets aan veranderen en daarom startte Adam Yates de volgende dag in het geel.<\/p>\n<p>\u201cIk denk dat geen enkele renner op deze manier het geel wil pakken&#8221;, zei Yates. &#8220;Ik hoorde net dat Julian de laatste 20 kilometer nog drinken heeft aangenomen, maar zoals ik al zei, niemand wil op deze manier het geel krijgen. Ik wilde morgen iets proberen, maar nu hebben we de gele trui. Ik blijf gewoon doorgaan en probeer etappes te winnen.&#8221;<\/p>\n<h4>Resultaten 5e etappe: Gap naar Privas (183 km)<\/h4>\n<p>1. Wout van Aert (Jumbo-Visma) \u2013 4:21:22<br \/>\n2. Cees Bol (Team Sunweb)<br \/>\n3. Sam Bennett (Deceuninck-Quick-Step)<br \/>\n4. Peter Sagan (Bora-Hansgrohe)<br \/>\n5. Jasper Stuyven (Trek-Segafredo)<br \/>\n6. Luka Mezgec (Mitchelton-Scott)<br \/>\n7. Bryan Coquard (B&amp;B Hotels \u2013 Vital Concept)<br \/>\n8. Caleb Ewan (Lotto-Soudal)<br \/>\n9. Cl\u00e9ment Venturini (Ag2r La Mondiale)<br \/>\n10. Hugo Hofstetter (Israel Start-Up Nation)<\/p>\n<h4>Algemeen klassement na vijf etappes<\/h4>\n<p>1. Julian Alaphilippe (Deceuninck-Quick-Step) \u2013 22:28:26<br \/>\n2. Adam Yates (Mitchelton-Scott) + 4s<br \/>\n3. Primo\u017e Rogli\u010d (Jumbo-Visma) + 7s<br \/>\n4. Tadej Poga\u010dar (UAE Team Emirates) + 11s<br \/>\n5. Guillaume Martin (Cofidis) + 13s<br \/>\n6. Egan Bernal (Ineos Grenadiers) + 17s<br \/>\n7. Tom Dumoulin (Jumbo-Visma)<br \/>\n8. Nairo Quintana (Ark\u00e9a-Samsic)<br \/>\n9. Esteban Chaves (Mitchelton-Scott)<br \/>\n10. Miguel \u00c1ngel L\u00f3pez (Astana)<\/p>\n","protected":false},"excerpt":{"rendered":"<p>Voor de eerste keer in de geschiedenis van de grootste wielerwedstrijd ter wereld werden de profs aangevoerd door een volledig [&hellip;]<\/p>\n","protected":false},"author":27,"featured_media":2706,"comment_status":"open","ping_status":"open","sticky":false,"template":"","format":"standard","meta":{"footnotes":""},"categories":[236,170],"tags":[],"global-categories":[27],"class_list":["post-2689","post","type-post","status-publish","format-standard","has-post-thumbnail","hentry","category-team-jumbo-visma","category-tour-de-france","global-categories-cycling"],"yoast_head":"<!-- This site is optimized with the Yoast SEO Premium plugin v25.3 (Yoast SEO v25.9) - https:\/\/yoast.com\/wordpress\/plugins\/seo\/ -->\n<title>Revolutie in de Tour: de volledig elektrische \u0160koda ENYAQ iV leidt het peloton terwijl van Aert de 5e etappe wint<\/title>\n<meta name=\"description\" content=\"Voor de eerste keer in de geschiedenis van de grootste wielerwedstrijd ter wereld werden de profs aangevoerd door een volledig elektrische auto. Onlangs werd de \u0160koda ENYAQ iV onthuld tijdens de wereldpremi\u00e8re in Praag;\" \/>\n<meta name=\"robots\" content=\"index, follow, max-snippet:-1, max-image-preview:large, max-video-preview:-1\" \/>\n<link rel=\"canonical\" href=\"https:\/\/www.welovecycling.com\/nl\/revolutie-in-de-tour-de-volledig-elektrische-skoda-enyaq-iv-leidt-het-peloton-terwijl-van-aert-de-5e-etappe-wint\/\" \/>\n<meta property=\"og:locale\" content=\"nl_NL\" \/>\n<meta property=\"og:type\" content=\"article\" \/>\n<meta property=\"og:title\" content=\"Revolutie in de Tour: de volledig elektrische \u0160koda ENYAQ iV leidt het peloton terwijl van Aert de 5e etappe wint\" \/>\n<meta property=\"og:description\" content=\"Voor de eerste keer in de geschiedenis van de grootste wielerwedstrijd ter wereld werden de profs aangevoerd door een volledig elektrische auto. Onlangs werd de \u0160koda ENYAQ iV onthuld tijdens de wereldpremi\u00e8re in Praag;\" \/>\n<meta property=\"og:url\" content=\"https:\/\/www.welovecycling.com\/nl\/revolutie-in-de-tour-de-volledig-elektrische-skoda-enyaq-iv-leidt-het-peloton-terwijl-van-aert-de-5e-etappe-wint\/\" \/>\n<meta property=\"og:site_name\" content=\"\u0160koda - We Love Cycling - Netherland\" \/>\n<meta property=\"article:published_time\" content=\"2020-09-08T10:30:41+00:00\" \/>\n<meta property=\"article:modified_time\" content=\"2021-09-17T11:12:55+00:00\" \/>\n<meta property=\"og:image\" content=\"https:\/\/d2p6e6u75xmxt8.cloudfront.net\/11\/2020\/09\/SKODA-ENYAQ-iV-CVR.jpg\" \/>\n\t<meta property=\"og:image:width\" content=\"1366\" \/>\n\t<meta property=\"og:image:height\" content=\"600\" \/>\n\t<meta property=\"og:image:type\" content=\"image\/jpeg\" \/>\n<meta name=\"author\" content=\"jakubstepanek\" \/>\n<meta name=\"twitter:card\" content=\"summary_large_image\" \/>\n<meta name=\"twitter:label1\" content=\"Written by\" \/>\n\t<meta name=\"twitter:data1\" content=\"WeLoveCycling\" \/>\n\t<meta name=\"twitter:label2\" content=\"Est. reading time\" \/>\n\t<meta name=\"twitter:data2\" content=\"5\" \/>\n<script type=\"application\/ld+json\" class=\"yoast-schema-graph\">{\"@context\":\"https:\/\/schema.org\",\"@graph\":[{\"@type\":\"WebPage\",\"@id\":\"https:\/\/www.welovecycling.com\/nl\/revolutie-in-de-tour-de-volledig-elektrische-skoda-enyaq-iv-leidt-het-peloton-terwijl-van-aert-de-5e-etappe-wint\/\",\"url\":\"https:\/\/www.welovecycling.com\/nl\/revolutie-in-de-tour-de-volledig-elektrische-skoda-enyaq-iv-leidt-het-peloton-terwijl-van-aert-de-5e-etappe-wint\/\",\"name\":\"Revolutie in de Tour: de volledig elektrische \u0160koda ENYAQ iV leidt het peloton terwijl van Aert de 5e etappe wint\",\"isPartOf\":{\"@id\":\"https:\/\/www.welovecycling.com\/nl\/#website\"},\"primaryImageOfPage\":{\"@id\":\"https:\/\/www.welovecycling.com\/nl\/revolutie-in-de-tour-de-volledig-elektrische-skoda-enyaq-iv-leidt-het-peloton-terwijl-van-aert-de-5e-etappe-wint\/#primaryimage\"},\"image\":{\"@id\":\"https:\/\/www.welovecycling.com\/nl\/revolutie-in-de-tour-de-volledig-elektrische-skoda-enyaq-iv-leidt-het-peloton-terwijl-van-aert-de-5e-etappe-wint\/#primaryimage\"},\"thumbnailUrl\":\"https:\/\/d2p6e6u75xmxt8.cloudfront.net\/11\/2020\/09\/SKODA-ENYAQ-iV-CVR.jpg\",\"datePublished\":\"2020-09-08T10:30:41+00:00\",\"dateModified\":\"2021-09-17T11:12:55+00:00\",\"author\":{\"@id\":\"https:\/\/www.welovecycling.com\/nl\/#\/schema\/person\/d42ede5c64c67b5db7ea181a1a82b2d5\"},\"description\":\"Voor de eerste keer in de geschiedenis van de grootste wielerwedstrijd ter wereld werden de profs aangevoerd door een volledig elektrische auto. Onlangs werd de \u0160koda ENYAQ iV onthuld tijdens de wereldpremi\u00e8re in Praag;\",\"breadcrumb\":{\"@id\":\"https:\/\/www.welovecycling.com\/nl\/revolutie-in-de-tour-de-volledig-elektrische-skoda-enyaq-iv-leidt-het-peloton-terwijl-van-aert-de-5e-etappe-wint\/#breadcrumb\"},\"inLanguage\":\"nl\",\"potentialAction\":[{\"@type\":\"ReadAction\",\"target\":[\"https:\/\/www.welovecycling.com\/nl\/revolutie-in-de-tour-de-volledig-elektrische-skoda-enyaq-iv-leidt-het-peloton-terwijl-van-aert-de-5e-etappe-wint\/\"]}]},{\"@type\":\"ImageObject\",\"inLanguage\":\"nl\",\"@id\":\"https:\/\/www.welovecycling.com\/nl\/revolutie-in-de-tour-de-volledig-elektrische-skoda-enyaq-iv-leidt-het-peloton-terwijl-van-aert-de-5e-etappe-wint\/#primaryimage\",\"url\":\"https:\/\/d2p6e6u75xmxt8.cloudfront.net\/11\/2020\/09\/SKODA-ENYAQ-iV-CVR.jpg\",\"contentUrl\":\"https:\/\/d2p6e6u75xmxt8.cloudfront.net\/11\/2020\/09\/SKODA-ENYAQ-iV-CVR.jpg\",\"width\":1366,\"height\":600},{\"@type\":\"BreadcrumbList\",\"@id\":\"https:\/\/www.welovecycling.com\/nl\/revolutie-in-de-tour-de-volledig-elektrische-skoda-enyaq-iv-leidt-het-peloton-terwijl-van-aert-de-5e-etappe-wint\/#breadcrumb\",\"itemListElement\":[{\"@type\":\"ListItem\",\"position\":1,\"name\":\"Home\",\"item\":\"https:\/\/www.welovecycling.com\/nl\/\"},{\"@type\":\"ListItem\",\"position\":2,\"name\":\"Revolutie in de Tour: de volledig elektrische \u0160koda ENYAQ iV leidt het peloton terwijl van Aert de 5e etappe wint\"}]},{\"@type\":\"WebSite\",\"@id\":\"https:\/\/www.welovecycling.com\/nl\/#website\",\"url\":\"https:\/\/www.welovecycling.com\/nl\/\",\"name\":\"\u0160koda - We Love Cycling - Netherland\",\"description\":\"\u0160koda We Love Cycling - Netherland\",\"potentialAction\":[{\"@type\":\"SearchAction\",\"target\":{\"@type\":\"EntryPoint\",\"urlTemplate\":\"https:\/\/www.welovecycling.com\/nl\/?s={search_term_string}\"},\"query-input\":{\"@type\":\"PropertyValueSpecification\",\"valueRequired\":true,\"valueName\":\"search_term_string\"}}],\"inLanguage\":\"nl\"},{\"@type\":\"Person\",\"@id\":\"https:\/\/www.welovecycling.com\/nl\/#\/schema\/person\/d42ede5c64c67b5db7ea181a1a82b2d5\",\"name\":\"jakubstepanek\",\"image\":{\"@type\":\"ImageObject\",\"inLanguage\":\"nl\",\"@id\":\"https:\/\/www.welovecycling.com\/nl\/#\/schema\/person\/image\/\",\"url\":\"https:\/\/secure.gravatar.com\/avatar\/6088ff8a87539139d91121309dad6f7aee973467a9fee79888aeb2a7f7dc88a2?s=96&d=mm&r=g\",\"contentUrl\":\"https:\/\/secure.gravatar.com\/avatar\/6088ff8a87539139d91121309dad6f7aee973467a9fee79888aeb2a7f7dc88a2?s=96&d=mm&r=g\",\"caption\":\"jakubstepanek\"},\"url\":\"https:\/\/www.welovecycling.com\/nl\/author\/jakubstepanek\/\"}]}<\/script>\n<!-- \/ Yoast SEO Premium plugin. -->","yoast_head_json":{"title":"Revolutie in de Tour: de volledig elektrische \u0160koda ENYAQ iV leidt het peloton terwijl van Aert de 5e etappe wint","description":"Voor de eerste keer in de geschiedenis van de grootste wielerwedstrijd ter wereld werden de profs aangevoerd door een volledig elektrische auto. Onlangs werd de \u0160koda ENYAQ iV onthuld tijdens de wereldpremi\u00e8re in Praag;","robots":{"index":"index","follow":"follow","max-snippet":"max-snippet:-1","max-image-preview":"max-image-preview:large","max-video-preview":"max-video-preview:-1"},"canonical":"https:\/\/www.welovecycling.com\/nl\/revolutie-in-de-tour-de-volledig-elektrische-skoda-enyaq-iv-leidt-het-peloton-terwijl-van-aert-de-5e-etappe-wint\/","og_locale":"nl_NL","og_type":"article","og_title":"Revolutie in de Tour: de volledig elektrische \u0160koda ENYAQ iV leidt het peloton terwijl van Aert de 5e etappe wint","og_description":"Voor de eerste keer in de geschiedenis van de grootste wielerwedstrijd ter wereld werden de profs aangevoerd door een volledig elektrische auto. Onlangs werd de \u0160koda ENYAQ iV onthuld tijdens de wereldpremi\u00e8re in Praag;","og_url":"https:\/\/www.welovecycling.com\/nl\/revolutie-in-de-tour-de-volledig-elektrische-skoda-enyaq-iv-leidt-het-peloton-terwijl-van-aert-de-5e-etappe-wint\/","og_site_name":"\u0160koda - We Love Cycling - Netherland","article_published_time":"2020-09-08T10:30:41+00:00","article_modified_time":"2021-09-17T11:12:55+00:00","og_image":[{"width":1366,"height":600,"url":"https:\/\/d2p6e6u75xmxt8.cloudfront.net\/11\/2020\/09\/SKODA-ENYAQ-iV-CVR.jpg","type":"image\/jpeg"}],"author":"jakubstepanek","twitter_card":"summary_large_image","twitter_misc":{"Written by":"WeLoveCycling","Est. reading time":"5"},"schema":{"@context":"https:\/\/schema.org","@graph":[{"@type":"WebPage","@id":"https:\/\/www.welovecycling.com\/nl\/revolutie-in-de-tour-de-volledig-elektrische-skoda-enyaq-iv-leidt-het-peloton-terwijl-van-aert-de-5e-etappe-wint\/","url":"https:\/\/www.welovecycling.com\/nl\/revolutie-in-de-tour-de-volledig-elektrische-skoda-enyaq-iv-leidt-het-peloton-terwijl-van-aert-de-5e-etappe-wint\/","name":"Revolutie in de Tour: de volledig elektrische \u0160koda ENYAQ iV leidt het peloton terwijl van Aert de 5e etappe wint","isPartOf":{"@id":"https:\/\/www.welovecycling.com\/nl\/#website"},"primaryImageOfPage":{"@id":"https:\/\/www.welovecycling.com\/nl\/revolutie-in-de-tour-de-volledig-elektrische-skoda-enyaq-iv-leidt-het-peloton-terwijl-van-aert-de-5e-etappe-wint\/#primaryimage"},"image":{"@id":"https:\/\/www.welovecycling.com\/nl\/revolutie-in-de-tour-de-volledig-elektrische-skoda-enyaq-iv-leidt-het-peloton-terwijl-van-aert-de-5e-etappe-wint\/#primaryimage"},"thumbnailUrl":"https:\/\/d2p6e6u75xmxt8.cloudfront.net\/11\/2020\/09\/SKODA-ENYAQ-iV-CVR.jpg","datePublished":"2020-09-08T10:30:41+00:00","dateModified":"2021-09-17T11:12:55+00:00","author":{"@id":"https:\/\/www.welovecycling.com\/nl\/#\/schema\/person\/d42ede5c64c67b5db7ea181a1a82b2d5"},"description":"Voor de eerste keer in de geschiedenis van de grootste wielerwedstrijd ter wereld werden de profs aangevoerd door een volledig elektrische auto. Onlangs werd de \u0160koda ENYAQ iV onthuld tijdens de wereldpremi\u00e8re in Praag;","breadcrumb":{"@id":"https:\/\/www.welovecycling.com\/nl\/revolutie-in-de-tour-de-volledig-elektrische-skoda-enyaq-iv-leidt-het-peloton-terwijl-van-aert-de-5e-etappe-wint\/#breadcrumb"},"inLanguage":"nl","potentialAction":[{"@type":"ReadAction","target":["https:\/\/www.welovecycling.com\/nl\/revolutie-in-de-tour-de-volledig-elektrische-skoda-enyaq-iv-leidt-het-peloton-terwijl-van-aert-de-5e-etappe-wint\/"]}]},{"@type":"ImageObject","inLanguage":"nl","@id":"https:\/\/www.welovecycling.com\/nl\/revolutie-in-de-tour-de-volledig-elektrische-skoda-enyaq-iv-leidt-het-peloton-terwijl-van-aert-de-5e-etappe-wint\/#primaryimage","url":"https:\/\/d2p6e6u75xmxt8.cloudfront.net\/11\/2020\/09\/SKODA-ENYAQ-iV-CVR.jpg","contentUrl":"https:\/\/d2p6e6u75xmxt8.cloudfront.net\/11\/2020\/09\/SKODA-ENYAQ-iV-CVR.jpg","width":1366,"height":600},{"@type":"BreadcrumbList","@id":"https:\/\/www.welovecycling.com\/nl\/revolutie-in-de-tour-de-volledig-elektrische-skoda-enyaq-iv-leidt-het-peloton-terwijl-van-aert-de-5e-etappe-wint\/#breadcrumb","itemListElement":[{"@type":"ListItem","position":1,"name":"Home","item":"https:\/\/www.welovecycling.com\/nl\/"},{"@type":"ListItem","position":2,"name":"Revolutie in de Tour: de volledig elektrische \u0160koda ENYAQ iV leidt het peloton terwijl van Aert de 5e etappe wint"}]},{"@type":"WebSite","@id":"https:\/\/www.welovecycling.com\/nl\/#website","url":"https:\/\/www.welovecycling.com\/nl\/","name":"\u0160koda - We Love Cycling - Netherland","description":"\u0160koda We Love Cycling - Netherland","potentialAction":[{"@type":"SearchAction","target":{"@type":"EntryPoint","urlTemplate":"https:\/\/www.welovecycling.com\/nl\/?s={search_term_string}"},"query-input":{"@type":"PropertyValueSpecification","valueRequired":true,"valueName":"search_term_string"}}],"inLanguage":"nl"},{"@type":"Person","@id":"https:\/\/www.welovecycling.com\/nl\/#\/schema\/person\/d42ede5c64c67b5db7ea181a1a82b2d5","name":"jakubstepanek","image":{"@type":"ImageObject","inLanguage":"nl","@id":"https:\/\/www.welovecycling.com\/nl\/#\/schema\/person\/image\/","url":"https:\/\/secure.gravatar.com\/avatar\/6088ff8a87539139d91121309dad6f7aee973467a9fee79888aeb2a7f7dc88a2?s=96&d=mm&r=g","contentUrl":"https:\/\/secure.gravatar.com\/avatar\/6088ff8a87539139d91121309dad6f7aee973467a9fee79888aeb2a7f7dc88a2?s=96&d=mm&r=g","caption":"jakubstepanek"},"url":"https:\/\/www.welovecycling.com\/nl\/author\/jakubstepanek\/"}]}},"_links":{"self":[{"href":"https:\/\/www.welovecycling.com\/nl\/wp-json\/wp\/v2\/posts\/2689","targetHints":{"allow":["GET"]}}],"collection":[{"href":"https:\/\/www.welovecycling.com\/nl\/wp-json\/wp\/v2\/posts"}],"about":[{"href":"https:\/\/www.welovecycling.com\/nl\/wp-json\/wp\/v2\/types\/post"}],"author":[{"embeddable":true,"href":"https:\/\/www.welovecycling.com\/nl\/wp-json\/wp\/v2\/users\/27"}],"replies":[{"embeddable":true,"href":"https:\/\/www.welovecycling.com\/nl\/wp-json\/wp\/v2\/comments?post=2689"}],"version-history":[{"count":2,"href":"https:\/\/www.welovecycling.com\/nl\/wp-json\/wp\/v2\/posts\/2689\/revisions"}],"predecessor-version":[{"id":2724,"href":"https:\/\/www.welovecycling.com\/nl\/wp-json\/wp\/v2\/posts\/2689\/revisions\/2724"}],"wp:featuredmedia":[{"embeddable":true,"href":"https:\/\/www.welovecycling.com\/nl\/wp-json\/wp\/v2\/media\/2706"}],"wp:attachment":[{"href":"https:\/\/www.welovecycling.com\/nl\/wp-json\/wp\/v2\/media?parent=2689"}],"wp:term":[{"taxonomy":"category","embeddable":true,"href":"https:\/\/www.welovecycling.com\/nl\/wp-json\/wp\/v2\/categories?post=2689"},{"taxonomy":"post_tag","embeddable":true,"href":"https:\/\/www.welovecycling.com\/nl\/wp-json\/wp\/v2\/tags?post=2689"},{"taxonomy":"global-categories","embeddable":true,"href":"https:\/\/www.welovecycling.com\/nl\/wp-json\/wp\/v2\/global-categories?post=2689"}],"curies":[{"name":"wp","href":"https:\/\/api.w.org\/{rel}","templated":true}]}}