{"id":2652,"date":"2020-09-03T14:13:58","date_gmt":"2020-09-03T12:13:58","guid":{"rendered":"https:\/\/www.welovecycling.com\/nl\/?p=2652"},"modified":"2020-09-03T14:13:58","modified_gmt":"2020-09-03T12:13:58","slug":"de-volledig-elektrische-skoda-enyaq-iv-maakt-zijn-debuut-als-kopwagen-in-de-tour-de-france","status":"publish","type":"post","link":"https:\/\/www.welovecycling.com\/nl\/de-volledig-elektrische-skoda-enyaq-iv-maakt-zijn-debuut-als-kopwagen-in-de-tour-de-france\/","title":{"rendered":"De volledig elektrische \u0160koda ENYAQ iV maakt zijn debuut als kopwagen in de Tour de France"},"content":{"rendered":"<p><strong>1 september werd er een gloednieuwe \u0160koda officieel aan de wereld voorgesteld: de volledig elektrische ENYAQ iV. Vanwege de Tsjechische roots van \u0160koda vond de presentatie van de ENYAQ iV plaats in de Tsjechische hoofdstad Praag. Een dag later al maakte de ENYAQ iV zijn opwachting in de vijfde etappe van de <a href=\"https:\/\/www.letour.fr\/en\/\">Tour de France<\/a>, waar hij fungeerde als &#8216;mobiel commandocentrum&#8217; van de koersdirecteur.<\/strong><!--more--><\/p>\n<p>In december 1895 openden de oprichters van \u0160koda, de heren Laurin en Klement, een kleine fietswerkplaats. Daar bouwden ze <a href=\"https:\/\/www.welovecycling.com\/wide\/2019\/08\/05\/vladimir-vidim-at-the-letape-iron-will-and-wooden-handlebars\/\">hun eerste fiets<\/a>. Nu, jaren later, spelen fietsen nog steeds een belangrijke rol in de activiteiten van \u0160koda. Al jaren ondersteunt \u0160koda wielerevenementen over de hele wereld. In 2004 werd \u0160koda offici\u00eble sponsor van de Tour de France. En sinds 2015 sponsort het merk de groene trui van de Tour. Logisch dus dat de Tourfans als eerste de ENYAQ iV in actie mogen zien.<\/p>\n<lite-youtube videoid=df5r5JRENOM params=\"enablejsapi=1\" style=\"background-image: url('https:\/\/i.ytimg.com\/vi_webp\/df5r5JRENOM\/maxresdefault.webp');\"><\/lite-youtube>\n<p>De kopwagen is een van de meest kenmerkende en meest herkenbare elementen van de Tour. Hij voert het peloton aan en is altijd te zien bij de start van een etappe. De in &#8216;Corrida Red&#8217; uitgevoerde auto met zijn karakteristieke vizierachtige kap boven de voorruit en de opvallende Tour- en \u0160koda-bestickering is het domein van niemand minder dan Christian Prudhomme, directeur Wielrennen bij A.S.O. en koersdirecteur van de Tour. Dit zegt Prudhomme over \u0160koda: &#8220;\u0160koda is een belangrijke partner voor de Tour de France en voor de wedstrijden die we organiseren. Tijdens de Tour is de rode kopwagen meer dan alleen een auto. Het is een verkeerstoren, een kantoor en een gewaardeerde en vertrouwde vriend. \u0160koda is een effici\u00ebnte, betrouwbare en dynamische partner en we zijn heel blij met onze samenwerking&#8221;. Al jarenlang doet een <a href=\"https:\/\/www.welovecycling.com\/nl\/de-dag-dat-ik-in-de-rode-auto-van-de-tour-de-france-reed\/\" rel=\"noopener noreferrer\" target=\"_blank\">\u0160koda SUPERB<\/a> dienst als kopwagen in de Tour, en dat naar volle tevredenheid van de koersdirecteur. Dit jaar wordt de SUPERB echter vervangen door de gloednieuwe ENYAQ iV. Dit jaar zullen er drie ENYAQ iV-modellen aanwezig zijn in de Tour: eentje zoals gezegd voor de koersdirecteur en twee andere, met dezelfde opvallende rode kleur, voor de koerscommissarissen.<\/p>\n<p><img loading=\"lazy\" decoding=\"async\" class=\"alignnone size-full wp-image-2654\" src=\"https:\/\/d2p6e6u75xmxt8.cloudfront.net\/11\/2020\/09\/Enyaq-tdf-4-1.jpg\" alt=\"\" width=\"1458\" height=\"820\" srcset=\"https:\/\/d2p6e6u75xmxt8.cloudfront.net\/11\/2020\/09\/Enyaq-tdf-4-1.jpg 1458w, https:\/\/d2p6e6u75xmxt8.cloudfront.net\/11\/2020\/09\/Enyaq-tdf-4-1-300x169.jpg 300w, https:\/\/d2p6e6u75xmxt8.cloudfront.net\/11\/2020\/09\/Enyaq-tdf-4-1-1024x576.jpg 1024w, https:\/\/d2p6e6u75xmxt8.cloudfront.net\/11\/2020\/09\/Enyaq-tdf-4-1-768x432.jpg 768w\" sizes=\"auto, (max-width: 1458px) 100vw, 1458px\" \/><\/p>\n<div id='gallery-1' class='gallery galleryid-2652 gallery-columns-3 gallery-size-large'><figure class='gallery-item'>\n\t\t\t<div class='gallery-icon landscape'>\n\t\t\t\t<a href='https:\/\/d2p6e6u75xmxt8.cloudfront.net\/11\/2020\/09\/Enyaq-tdf-1.jpg'><img loading=\"lazy\" decoding=\"async\" width=\"1024\" height=\"576\" src=\"https:\/\/d2p6e6u75xmxt8.cloudfront.net\/11\/2020\/09\/Enyaq-tdf-1-1024x576.jpg\" class=\"attachment-large size-large\" alt=\"\" srcset=\"https:\/\/d2p6e6u75xmxt8.cloudfront.net\/11\/2020\/09\/Enyaq-tdf-1-1024x576.jpg 1024w, https:\/\/d2p6e6u75xmxt8.cloudfront.net\/11\/2020\/09\/Enyaq-tdf-1-300x169.jpg 300w, https:\/\/d2p6e6u75xmxt8.cloudfront.net\/11\/2020\/09\/Enyaq-tdf-1-768x432.jpg 768w, https:\/\/d2p6e6u75xmxt8.cloudfront.net\/11\/2020\/09\/Enyaq-tdf-1.jpg 1458w\" sizes=\"auto, (max-width: 1024px) 100vw, 1024px\" \/><\/a>\n\t\t\t<\/div><\/figure><figure class='gallery-item'>\n\t\t\t<div class='gallery-icon landscape'>\n\t\t\t\t<a href='https:\/\/d2p6e6u75xmxt8.cloudfront.net\/11\/2020\/09\/Enyaq-tdf-5.jpg'><img loading=\"lazy\" decoding=\"async\" width=\"1024\" height=\"576\" src=\"https:\/\/d2p6e6u75xmxt8.cloudfront.net\/11\/2020\/09\/Enyaq-tdf-5-1024x576.jpg\" class=\"attachment-large size-large\" alt=\"\u0160koda ENYAQ iV\" srcset=\"https:\/\/d2p6e6u75xmxt8.cloudfront.net\/11\/2020\/09\/Enyaq-tdf-5-1024x576.jpg 1024w, https:\/\/d2p6e6u75xmxt8.cloudfront.net\/11\/2020\/09\/Enyaq-tdf-5-300x169.jpg 300w, https:\/\/d2p6e6u75xmxt8.cloudfront.net\/11\/2020\/09\/Enyaq-tdf-5-768x432.jpg 768w, https:\/\/d2p6e6u75xmxt8.cloudfront.net\/11\/2020\/09\/Enyaq-tdf-5.jpg 1458w\" sizes=\"auto, (max-width: 1024px) 100vw, 1024px\" \/><\/a>\n\t\t\t<\/div><\/figure><figure class='gallery-item'>\n\t\t\t<div class='gallery-icon landscape'>\n\t\t\t\t<a href='https:\/\/d2p6e6u75xmxt8.cloudfront.net\/11\/2020\/09\/Enyaq-tdf-3.jpg'><img loading=\"lazy\" decoding=\"async\" width=\"1024\" height=\"576\" src=\"https:\/\/d2p6e6u75xmxt8.cloudfront.net\/11\/2020\/09\/Enyaq-tdf-3-1024x576.jpg\" class=\"attachment-large size-large\" alt=\"\" srcset=\"https:\/\/d2p6e6u75xmxt8.cloudfront.net\/11\/2020\/09\/Enyaq-tdf-3-1024x576.jpg 1024w, https:\/\/d2p6e6u75xmxt8.cloudfront.net\/11\/2020\/09\/Enyaq-tdf-3-300x169.jpg 300w, https:\/\/d2p6e6u75xmxt8.cloudfront.net\/11\/2020\/09\/Enyaq-tdf-3-768x432.jpg 768w, https:\/\/d2p6e6u75xmxt8.cloudfront.net\/11\/2020\/09\/Enyaq-tdf-3.jpg 1458w\" sizes=\"auto, (max-width: 1024px) 100vw, 1024px\" \/><\/a>\n\t\t\t<\/div><\/figure>\n\t\t<\/div>\n\n<p>Net als zijn voorgangers is de ENYAQ iV speciaal uitgerust voor deze unieke gelegenheid. De auto beschikt over een groot glazen panoramadak. Vanaf de achterbank kan Prudhomme het dak openen, zodat hij rechtop kan gaan staan voor een perfect zicht op het peloton en met de witte vlag kan zwaaien bij &#8216;kilometer nul&#8217;. Verder is de auto uitgerust met zes antennes, speciale sirenes en state-of-the-art communicatieapparatuur, zoals een zendontvanger waarmee de koersdirecteur informatie kan ontvangen en instructies kan geven. Alle volgauto&#8217;s, renners en zelfs fans vertrouwen op de kopwagen om de Tour veilig, eerlijk en soepel te laten verlopen. De ENYAQ iV is gebouwd op het MEB-platform en de tweede volledig elektrische auto van \u0160koda.<\/p>\n<p>De ENYAQ iV is leverbaar in verschillende versies met accupakketten vari\u00ebrend van 55 kWh tot 82 kWh. Op een enkele acculading is het mogelijk om maar liefst 500 km af te leggen. De modellen zijn voorzien van de modernste onderdelen en accessoires, waaronder 20 inch lichtmetalen velgen, een 13 inch beeldscherm in het dashboard, parkeersensoren achter, een licht- en regensensor, een bestuurdersstoel met massagefunctie, een sleutelloos toegangssysteem (KESSY) en een phonebox waarmee mobiele telefoons draadloos kunnen worden opgeladen. Het absolute topmodel beschikt bovendien over een systeem dat de bestuurder waarschuwt bij tekenen van vermoeidheid en over een &#8216;Virtual Pedal&#8217; waarmee de achterklep elektrisch kan worden bediend.<\/p>\n<div id='gallery-2' class='gallery galleryid-2652 gallery-columns-3 gallery-size-large'><figure class='gallery-item'>\n\t\t\t<div class='gallery-icon landscape'>\n\t\t\t\t<a href='https:\/\/d2p6e6u75xmxt8.cloudfront.net\/11\/2020\/09\/Enyaq-tdf-7.jpg'><img loading=\"lazy\" decoding=\"async\" width=\"1024\" height=\"576\" src=\"https:\/\/d2p6e6u75xmxt8.cloudfront.net\/11\/2020\/09\/Enyaq-tdf-7-1024x576.jpg\" class=\"attachment-large size-large\" alt=\"\" srcset=\"https:\/\/d2p6e6u75xmxt8.cloudfront.net\/11\/2020\/09\/Enyaq-tdf-7-1024x576.jpg 1024w, https:\/\/d2p6e6u75xmxt8.cloudfront.net\/11\/2020\/09\/Enyaq-tdf-7-300x169.jpg 300w, https:\/\/d2p6e6u75xmxt8.cloudfront.net\/11\/2020\/09\/Enyaq-tdf-7-768x432.jpg 768w, https:\/\/d2p6e6u75xmxt8.cloudfront.net\/11\/2020\/09\/Enyaq-tdf-7.jpg 1458w\" sizes=\"auto, (max-width: 1024px) 100vw, 1024px\" \/><\/a>\n\t\t\t<\/div><\/figure><figure class='gallery-item'>\n\t\t\t<div class='gallery-icon landscape'>\n\t\t\t\t<a href='https:\/\/d2p6e6u75xmxt8.cloudfront.net\/11\/2020\/09\/Enyaq-tdf-8.jpg'><img loading=\"lazy\" decoding=\"async\" width=\"1024\" height=\"576\" src=\"https:\/\/d2p6e6u75xmxt8.cloudfront.net\/11\/2020\/09\/Enyaq-tdf-8-1024x576.jpg\" class=\"attachment-large size-large\" alt=\"\" srcset=\"https:\/\/d2p6e6u75xmxt8.cloudfront.net\/11\/2020\/09\/Enyaq-tdf-8-1024x576.jpg 1024w, https:\/\/d2p6e6u75xmxt8.cloudfront.net\/11\/2020\/09\/Enyaq-tdf-8-300x169.jpg 300w, https:\/\/d2p6e6u75xmxt8.cloudfront.net\/11\/2020\/09\/Enyaq-tdf-8-768x432.jpg 768w, https:\/\/d2p6e6u75xmxt8.cloudfront.net\/11\/2020\/09\/Enyaq-tdf-8.jpg 1458w\" sizes=\"auto, (max-width: 1024px) 100vw, 1024px\" \/><\/a>\n\t\t\t<\/div><\/figure><figure class='gallery-item'>\n\t\t\t<div class='gallery-icon landscape'>\n\t\t\t\t<a href='https:\/\/d2p6e6u75xmxt8.cloudfront.net\/11\/2020\/09\/Enyaq-tdf-6.jpg'><img loading=\"lazy\" decoding=\"async\" width=\"1024\" height=\"576\" src=\"https:\/\/d2p6e6u75xmxt8.cloudfront.net\/11\/2020\/09\/Enyaq-tdf-6-1024x576.jpg\" class=\"attachment-large size-large\" alt=\"\" srcset=\"https:\/\/d2p6e6u75xmxt8.cloudfront.net\/11\/2020\/09\/Enyaq-tdf-6-1024x576.jpg 1024w, https:\/\/d2p6e6u75xmxt8.cloudfront.net\/11\/2020\/09\/Enyaq-tdf-6-300x169.jpg 300w, https:\/\/d2p6e6u75xmxt8.cloudfront.net\/11\/2020\/09\/Enyaq-tdf-6-768x432.jpg 768w, https:\/\/d2p6e6u75xmxt8.cloudfront.net\/11\/2020\/09\/Enyaq-tdf-6.jpg 1458w\" sizes=\"auto, (max-width: 1024px) 100vw, 1024px\" \/><\/a>\n\t\t\t<\/div><\/figure>\n\t\t<\/div>\n\n<p>De ENYAQ iV werd voor het eerst ingezet tijdens de 5e etappe van de Tour van Gap naar Privas. Ook bij de individuele tijdrit van Lure naar La Planche des Belles en bij de laatste etappe van 122 kilometer met finish op de Champs-\u00c9lys\u00e9es zal de ENYAQ iV dienst doen als kopwagen.<\/p>\n<p>De ENYAQ iV maakt deel uit van een vloot van 250 auto&#8217;s die \u0160koda, dit jaar voor de 17e maal offici\u00eble hoofdsponsor van de Tour de France, beschikbaar stelt aan de wedstrijdleiding, waarbij dit jaar de nadruk ligt op duurzaamheid en elektrische mobiliteit. Onder deze 250 auto&#8217;s bevinden zich 30 \u0160koda iV-modellen met een plug-in hybrideaandrijving of een volledig elektrische aandrijving. Aangezien deze modellen net als de fiets symbool staan voor een duurzame individuele mobiliteit, vormt de Tour de France het perfecte podium om deze modellen en de gloednieuwe ENYAQ iV aan een internationaal publiek te tonen.<\/p>\n","protected":false},"excerpt":{"rendered":"<p>1 september werd er een gloednieuwe \u0160koda officieel aan de wereld voorgesteld: de volledig elektrische ENYAQ iV. Vanwege de Tsjechische [&hellip;]<\/p>\n","protected":false},"author":27,"featured_media":2656,"comment_status":"open","ping_status":"open","sticky":false,"template":"","format":"standard","meta":{"footnotes":""},"categories":[170],"tags":[187,13,48],"global-categories":[27],"class_list":["post-2652","post","type-post","status-publish","format-standard","has-post-thumbnail","hentry","category-tour-de-france","tag-skoda-enyaq-iv","tag-tour-de-france","tag-wielrennen","global-categories-cycling"],"yoast_head":"<!-- This site is optimized with the Yoast SEO Premium plugin v25.3 (Yoast SEO v25.9) - https:\/\/yoast.com\/wordpress\/plugins\/seo\/ -->\n<title>De volledig elektrische \u0160koda ENYAQ iV maakt zijn debuut als kopwagen in de Tour de France<\/title>\n<meta name=\"description\" content=\"1 september werd er een gloednieuwe \u0160koda officieel aan de wereld voorgesteld: de volledig elektrische ENYAQ iV. Vanwege de Tsjechische roots van \u0160koda vond de presentatie van de ENYAQ iV plaats in de Tsjechische hoofdstad Praag.\" \/>\n<meta name=\"robots\" content=\"index, follow, max-snippet:-1, max-image-preview:large, max-video-preview:-1\" \/>\n<link rel=\"canonical\" href=\"https:\/\/www.welovecycling.com\/nl\/de-volledig-elektrische-skoda-enyaq-iv-maakt-zijn-debuut-als-kopwagen-in-de-tour-de-france\/\" \/>\n<meta property=\"og:locale\" content=\"nl_NL\" \/>\n<meta property=\"og:type\" content=\"article\" \/>\n<meta property=\"og:title\" content=\"De volledig elektrische \u0160koda ENYAQ iV maakt zijn debuut als kopwagen in de Tour de France\" \/>\n<meta property=\"og:description\" content=\"1 september werd er een gloednieuwe \u0160koda officieel aan de wereld voorgesteld: de volledig elektrische ENYAQ iV. Vanwege de Tsjechische roots van \u0160koda vond de presentatie van de ENYAQ iV plaats in de Tsjechische hoofdstad Praag.\" \/>\n<meta property=\"og:url\" content=\"https:\/\/www.welovecycling.com\/nl\/de-volledig-elektrische-skoda-enyaq-iv-maakt-zijn-debuut-als-kopwagen-in-de-tour-de-france\/\" \/>\n<meta property=\"og:site_name\" content=\"\u0160koda - We Love Cycling - Netherland\" \/>\n<meta property=\"article:published_time\" content=\"2020-09-03T12:13:58+00:00\" \/>\n<meta property=\"og:image\" content=\"https:\/\/d2p6e6u75xmxt8.cloudfront.net\/11\/2020\/09\/cover-clclcl.png\" \/>\n\t<meta property=\"og:image:width\" content=\"1366\" \/>\n\t<meta property=\"og:image:height\" content=\"600\" \/>\n\t<meta property=\"og:image:type\" content=\"image\/png\" \/>\n<meta name=\"author\" content=\"jakubstepanek\" \/>\n<meta name=\"twitter:card\" content=\"summary_large_image\" \/>\n<meta name=\"twitter:label1\" content=\"Written by\" \/>\n\t<meta name=\"twitter:data1\" content=\"Frantiska Blazkova\" \/>\n\t<meta name=\"twitter:label2\" content=\"Est. reading time\" \/>\n\t<meta name=\"twitter:data2\" content=\"5\" \/>\n<script type=\"application\/ld+json\" class=\"yoast-schema-graph\">{\"@context\":\"https:\/\/schema.org\",\"@graph\":[{\"@type\":\"WebPage\",\"@id\":\"https:\/\/www.welovecycling.com\/nl\/de-volledig-elektrische-skoda-enyaq-iv-maakt-zijn-debuut-als-kopwagen-in-de-tour-de-france\/\",\"url\":\"https:\/\/www.welovecycling.com\/nl\/de-volledig-elektrische-skoda-enyaq-iv-maakt-zijn-debuut-als-kopwagen-in-de-tour-de-france\/\",\"name\":\"De volledig elektrische \u0160koda ENYAQ iV maakt zijn debuut als kopwagen in de Tour de France\",\"isPartOf\":{\"@id\":\"https:\/\/www.welovecycling.com\/nl\/#website\"},\"primaryImageOfPage\":{\"@id\":\"https:\/\/www.welovecycling.com\/nl\/de-volledig-elektrische-skoda-enyaq-iv-maakt-zijn-debuut-als-kopwagen-in-de-tour-de-france\/#primaryimage\"},\"image\":{\"@id\":\"https:\/\/www.welovecycling.com\/nl\/de-volledig-elektrische-skoda-enyaq-iv-maakt-zijn-debuut-als-kopwagen-in-de-tour-de-france\/#primaryimage\"},\"thumbnailUrl\":\"https:\/\/d2p6e6u75xmxt8.cloudfront.net\/11\/2020\/09\/cover-clclcl.png\",\"datePublished\":\"2020-09-03T12:13:58+00:00\",\"author\":{\"@id\":\"https:\/\/www.welovecycling.com\/nl\/#\/schema\/person\/d42ede5c64c67b5db7ea181a1a82b2d5\"},\"description\":\"1 september werd er een gloednieuwe \u0160koda officieel aan de wereld voorgesteld: de volledig elektrische ENYAQ iV. Vanwege de Tsjechische roots van \u0160koda vond de presentatie van de ENYAQ iV plaats in de Tsjechische hoofdstad Praag.\",\"breadcrumb\":{\"@id\":\"https:\/\/www.welovecycling.com\/nl\/de-volledig-elektrische-skoda-enyaq-iv-maakt-zijn-debuut-als-kopwagen-in-de-tour-de-france\/#breadcrumb\"},\"inLanguage\":\"nl\",\"potentialAction\":[{\"@type\":\"ReadAction\",\"target\":[\"https:\/\/www.welovecycling.com\/nl\/de-volledig-elektrische-skoda-enyaq-iv-maakt-zijn-debuut-als-kopwagen-in-de-tour-de-france\/\"]}]},{\"@type\":\"ImageObject\",\"inLanguage\":\"nl\",\"@id\":\"https:\/\/www.welovecycling.com\/nl\/de-volledig-elektrische-skoda-enyaq-iv-maakt-zijn-debuut-als-kopwagen-in-de-tour-de-france\/#primaryimage\",\"url\":\"https:\/\/d2p6e6u75xmxt8.cloudfront.net\/11\/2020\/09\/cover-clclcl.png\",\"contentUrl\":\"https:\/\/d2p6e6u75xmxt8.cloudfront.net\/11\/2020\/09\/cover-clclcl.png\",\"width\":1366,\"height\":600},{\"@type\":\"BreadcrumbList\",\"@id\":\"https:\/\/www.welovecycling.com\/nl\/de-volledig-elektrische-skoda-enyaq-iv-maakt-zijn-debuut-als-kopwagen-in-de-tour-de-france\/#breadcrumb\",\"itemListElement\":[{\"@type\":\"ListItem\",\"position\":1,\"name\":\"Home\",\"item\":\"https:\/\/www.welovecycling.com\/nl\/\"},{\"@type\":\"ListItem\",\"position\":2,\"name\":\"De volledig elektrische \u0160koda ENYAQ iV maakt zijn debuut als kopwagen in de Tour de France\"}]},{\"@type\":\"WebSite\",\"@id\":\"https:\/\/www.welovecycling.com\/nl\/#website\",\"url\":\"https:\/\/www.welovecycling.com\/nl\/\",\"name\":\"\u0160koda - We Love Cycling - Netherland\",\"description\":\"\u0160koda We Love Cycling - Netherland\",\"potentialAction\":[{\"@type\":\"SearchAction\",\"target\":{\"@type\":\"EntryPoint\",\"urlTemplate\":\"https:\/\/www.welovecycling.com\/nl\/?s={search_term_string}\"},\"query-input\":{\"@type\":\"PropertyValueSpecification\",\"valueRequired\":true,\"valueName\":\"search_term_string\"}}],\"inLanguage\":\"nl\"},{\"@type\":\"Person\",\"@id\":\"https:\/\/www.welovecycling.com\/nl\/#\/schema\/person\/d42ede5c64c67b5db7ea181a1a82b2d5\",\"name\":\"jakubstepanek\",\"image\":{\"@type\":\"ImageObject\",\"inLanguage\":\"nl\",\"@id\":\"https:\/\/www.welovecycling.com\/nl\/#\/schema\/person\/image\/\",\"url\":\"https:\/\/secure.gravatar.com\/avatar\/6088ff8a87539139d91121309dad6f7aee973467a9fee79888aeb2a7f7dc88a2?s=96&d=mm&r=g\",\"contentUrl\":\"https:\/\/secure.gravatar.com\/avatar\/6088ff8a87539139d91121309dad6f7aee973467a9fee79888aeb2a7f7dc88a2?s=96&d=mm&r=g\",\"caption\":\"jakubstepanek\"},\"url\":\"https:\/\/www.welovecycling.com\/nl\/author\/jakubstepanek\/\"}]}<\/script>\n<!-- \/ Yoast SEO Premium plugin. -->","yoast_head_json":{"title":"De volledig elektrische \u0160koda ENYAQ iV maakt zijn debuut als kopwagen in de Tour de France","description":"1 september werd er een gloednieuwe \u0160koda officieel aan de wereld voorgesteld: de volledig elektrische ENYAQ iV. Vanwege de Tsjechische roots van \u0160koda vond de presentatie van de ENYAQ iV plaats in de Tsjechische hoofdstad Praag.","robots":{"index":"index","follow":"follow","max-snippet":"max-snippet:-1","max-image-preview":"max-image-preview:large","max-video-preview":"max-video-preview:-1"},"canonical":"https:\/\/www.welovecycling.com\/nl\/de-volledig-elektrische-skoda-enyaq-iv-maakt-zijn-debuut-als-kopwagen-in-de-tour-de-france\/","og_locale":"nl_NL","og_type":"article","og_title":"De volledig elektrische \u0160koda ENYAQ iV maakt zijn debuut als kopwagen in de Tour de France","og_description":"1 september werd er een gloednieuwe \u0160koda officieel aan de wereld voorgesteld: de volledig elektrische ENYAQ iV. Vanwege de Tsjechische roots van \u0160koda vond de presentatie van de ENYAQ iV plaats in de Tsjechische hoofdstad Praag.","og_url":"https:\/\/www.welovecycling.com\/nl\/de-volledig-elektrische-skoda-enyaq-iv-maakt-zijn-debuut-als-kopwagen-in-de-tour-de-france\/","og_site_name":"\u0160koda - We Love Cycling - Netherland","article_published_time":"2020-09-03T12:13:58+00:00","og_image":[{"width":1366,"height":600,"url":"https:\/\/d2p6e6u75xmxt8.cloudfront.net\/11\/2020\/09\/cover-clclcl.png","type":"image\/png"}],"author":"jakubstepanek","twitter_card":"summary_large_image","twitter_misc":{"Written by":"Frantiska Blazkova","Est. reading time":"5"},"schema":{"@context":"https:\/\/schema.org","@graph":[{"@type":"WebPage","@id":"https:\/\/www.welovecycling.com\/nl\/de-volledig-elektrische-skoda-enyaq-iv-maakt-zijn-debuut-als-kopwagen-in-de-tour-de-france\/","url":"https:\/\/www.welovecycling.com\/nl\/de-volledig-elektrische-skoda-enyaq-iv-maakt-zijn-debuut-als-kopwagen-in-de-tour-de-france\/","name":"De volledig elektrische \u0160koda ENYAQ iV maakt zijn debuut als kopwagen in de Tour de France","isPartOf":{"@id":"https:\/\/www.welovecycling.com\/nl\/#website"},"primaryImageOfPage":{"@id":"https:\/\/www.welovecycling.com\/nl\/de-volledig-elektrische-skoda-enyaq-iv-maakt-zijn-debuut-als-kopwagen-in-de-tour-de-france\/#primaryimage"},"image":{"@id":"https:\/\/www.welovecycling.com\/nl\/de-volledig-elektrische-skoda-enyaq-iv-maakt-zijn-debuut-als-kopwagen-in-de-tour-de-france\/#primaryimage"},"thumbnailUrl":"https:\/\/d2p6e6u75xmxt8.cloudfront.net\/11\/2020\/09\/cover-clclcl.png","datePublished":"2020-09-03T12:13:58+00:00","author":{"@id":"https:\/\/www.welovecycling.com\/nl\/#\/schema\/person\/d42ede5c64c67b5db7ea181a1a82b2d5"},"description":"1 september werd er een gloednieuwe \u0160koda officieel aan de wereld voorgesteld: de volledig elektrische ENYAQ iV. Vanwege de Tsjechische roots van \u0160koda vond de presentatie van de ENYAQ iV plaats in de Tsjechische hoofdstad Praag.","breadcrumb":{"@id":"https:\/\/www.welovecycling.com\/nl\/de-volledig-elektrische-skoda-enyaq-iv-maakt-zijn-debuut-als-kopwagen-in-de-tour-de-france\/#breadcrumb"},"inLanguage":"nl","potentialAction":[{"@type":"ReadAction","target":["https:\/\/www.welovecycling.com\/nl\/de-volledig-elektrische-skoda-enyaq-iv-maakt-zijn-debuut-als-kopwagen-in-de-tour-de-france\/"]}]},{"@type":"ImageObject","inLanguage":"nl","@id":"https:\/\/www.welovecycling.com\/nl\/de-volledig-elektrische-skoda-enyaq-iv-maakt-zijn-debuut-als-kopwagen-in-de-tour-de-france\/#primaryimage","url":"https:\/\/d2p6e6u75xmxt8.cloudfront.net\/11\/2020\/09\/cover-clclcl.png","contentUrl":"https:\/\/d2p6e6u75xmxt8.cloudfront.net\/11\/2020\/09\/cover-clclcl.png","width":1366,"height":600},{"@type":"BreadcrumbList","@id":"https:\/\/www.welovecycling.com\/nl\/de-volledig-elektrische-skoda-enyaq-iv-maakt-zijn-debuut-als-kopwagen-in-de-tour-de-france\/#breadcrumb","itemListElement":[{"@type":"ListItem","position":1,"name":"Home","item":"https:\/\/www.welovecycling.com\/nl\/"},{"@type":"ListItem","position":2,"name":"De volledig elektrische \u0160koda ENYAQ iV maakt zijn debuut als kopwagen in de Tour de France"}]},{"@type":"WebSite","@id":"https:\/\/www.welovecycling.com\/nl\/#website","url":"https:\/\/www.welovecycling.com\/nl\/","name":"\u0160koda - We Love Cycling - Netherland","description":"\u0160koda We Love Cycling - Netherland","potentialAction":[{"@type":"SearchAction","target":{"@type":"EntryPoint","urlTemplate":"https:\/\/www.welovecycling.com\/nl\/?s={search_term_string}"},"query-input":{"@type":"PropertyValueSpecification","valueRequired":true,"valueName":"search_term_string"}}],"inLanguage":"nl"},{"@type":"Person","@id":"https:\/\/www.welovecycling.com\/nl\/#\/schema\/person\/d42ede5c64c67b5db7ea181a1a82b2d5","name":"jakubstepanek","image":{"@type":"ImageObject","inLanguage":"nl","@id":"https:\/\/www.welovecycling.com\/nl\/#\/schema\/person\/image\/","url":"https:\/\/secure.gravatar.com\/avatar\/6088ff8a87539139d91121309dad6f7aee973467a9fee79888aeb2a7f7dc88a2?s=96&d=mm&r=g","contentUrl":"https:\/\/secure.gravatar.com\/avatar\/6088ff8a87539139d91121309dad6f7aee973467a9fee79888aeb2a7f7dc88a2?s=96&d=mm&r=g","caption":"jakubstepanek"},"url":"https:\/\/www.welovecycling.com\/nl\/author\/jakubstepanek\/"}]}},"_links":{"self":[{"href":"https:\/\/www.welovecycling.com\/nl\/wp-json\/wp\/v2\/posts\/2652","targetHints":{"allow":["GET"]}}],"collection":[{"href":"https:\/\/www.welovecycling.com\/nl\/wp-json\/wp\/v2\/posts"}],"about":[{"href":"https:\/\/www.welovecycling.com\/nl\/wp-json\/wp\/v2\/types\/post"}],"author":[{"embeddable":true,"href":"https:\/\/www.welovecycling.com\/nl\/wp-json\/wp\/v2\/users\/27"}],"replies":[{"embeddable":true,"href":"https:\/\/www.welovecycling.com\/nl\/wp-json\/wp\/v2\/comments?post=2652"}],"version-history":[{"count":2,"href":"https:\/\/www.welovecycling.com\/nl\/wp-json\/wp\/v2\/posts\/2652\/revisions"}],"predecessor-version":[{"id":2677,"href":"https:\/\/www.welovecycling.com\/nl\/wp-json\/wp\/v2\/posts\/2652\/revisions\/2677"}],"wp:featuredmedia":[{"embeddable":true,"href":"https:\/\/www.welovecycling.com\/nl\/wp-json\/wp\/v2\/media\/2656"}],"wp:attachment":[{"href":"https:\/\/www.welovecycling.com\/nl\/wp-json\/wp\/v2\/media?parent=2652"}],"wp:term":[{"taxonomy":"category","embeddable":true,"href":"https:\/\/www.welovecycling.com\/nl\/wp-json\/wp\/v2\/categories?post=2652"},{"taxonomy":"post_tag","embeddable":true,"href":"https:\/\/www.welovecycling.com\/nl\/wp-json\/wp\/v2\/tags?post=2652"},{"taxonomy":"global-categories","embeddable":true,"href":"https:\/\/www.welovecycling.com\/nl\/wp-json\/wp\/v2\/global-categories?post=2652"}],"curies":[{"name":"wp","href":"https:\/\/api.w.org\/{rel}","templated":true}]}}