{"id":2581,"date":"2020-08-28T13:45:27","date_gmt":"2020-08-28T11:45:27","guid":{"rendered":"https:\/\/www.welovecycling.com\/nl\/?p=2581"},"modified":"2020-08-28T13:45:27","modified_gmt":"2020-08-28T11:45:27","slug":"autos-van-skoda-zijn-de-ruggengraat-van-de-tour-de-france","status":"publish","type":"post","link":"https:\/\/www.welovecycling.com\/nl\/autos-van-skoda-zijn-de-ruggengraat-van-de-tour-de-france\/","title":{"rendered":"Auto&#8217;s van \u0160koda zijn de ruggengraat van de Tour de France"},"content":{"rendered":"<p><strong>Zonder de organisatie-, ploeg- en andere volgauto&#8217;s zou de hele Tour veel gevaarlijker, chaotischer en ongeorganiseerder zijn voor zowel de renners als de toeschouwers. Als je 3000 lastige kilometers voor de boeg hebt, dan is het wel zo fijn als je weet dat je altijd ergens op kan terugvallen. Maar hoe heeft \u0160koda, toch een autofabrikant, zo&#8217;n prominente positie verworven in de beroemdste wielerwedstrijd ter wereld?<\/strong><br \/>\n<!--more--><\/p>\n<p>Het succesverhaal van \u0160koda begon op een besneeuwde dag in december 1895 toen de heren Laurin en Klement een kleine fietswerkplaats openden. Fietsen leidden tot motorfietsen en motorfietsen leidden tot de auto&#8217;s die we vandaag de dag allemaal kennen. Het is dan eigenlijk ook niet vreemd dat \u0160koda in 2004 offici\u00eble sponsor en offici\u00eble autopartner van Tour de France werd. Sindsdien stelt \u0160koda elk jaar ongeveer 250 auto&#8217;s ter beschikking aan de organisatie en wedstrijdleiding van de Tour, waarbij het voornamelijk gaat om de \u0160koda OCTAVIA Combi en de \u0160koda SUPERB. Het feit dat het succesverhaal 125 jaar geleden begon met een fiets is een van de redenen waarom \u0160koda nog steeds nauw verbonden is met de wielersport.<\/p>\n<p>\u0160koda levert niet alleen auto&#8217;s aan de Tour. \u0160koda sponsort sinds 2015 ook de groene trui voor de leider in het puntenklassement. En tussen 2004 en 2014 heeft het ook de witte trui voor de beste jongere gesponsord. Naast zijn betrokkenheid bij de Tour is \u0160koda ook offici\u00eble sponsor van vele andere wielerwedstrijden, zoals L&#8217;\u00c9tape du Tour, Parijs-Roubaix, Luik-Bastenaken-Luik, de Waalse Pijl, Parijs-Nice, Crit\u00e9rium du Dauphin\u00e9 en de Vuelta. Bij de laatste drie genoemde wedstrijden sponsort \u0160koda ook de groene trui. <\/p>\n<p>Maar laten we eens kijken waar de auto&#8217;s van \u0160koda in de Tour allemaal voor worden gebruikt. Ze worden namelijk voor verschillende taken ingezet. Ze hebben allemaal hun eigen unieke kleur en bestickering, waar een rijke historie aan vooraf gaat. Een auto bij een wielerwedstrijd lijkt misschien tegenstrijdig, maar uit het onderstaande blijkt het tegendeel. <\/p>\n<h2><strong>De rode SUPERB van de koersdirecteur<\/strong><\/h2>\n<p>Als je de rode SUPERB ziet, weet je dat de etappe elk moment van start kan gaan. De in &#8216;Corrida Red&#8217; uitgevoerde \u0160koda SUPERB met zijn karakteristieke vizierachtige kap boven de voorruit en de opvallende Tour- en \u0160koda-bestickering is het domein van niemand minder dan Christian Prudhomme, directeur Wielrennen bij A.S.O. en koersdirecteur van de Tour. Prudhomme rijdt met zijn rode SUPERB altijd voor het peloton uit. De auto fungeert als mobiel commandocentrum. De auto is daartoe uitgerust met een zendontvanger met vier kanalen, via welke Prudhomme informatie kan ontvangen en instructies kan geven. Het grote glazen panoramadak is er niet alleen voor de show. Vanaf de achterbank kan de koersdirecteur het dak van achteren naar voren openen, zodat hij rechtop kan gaan staan voor een perfect zicht op het peloton wanneer hij de start geeft van de etappe. En natuurlijk met de witte vlag kan zwaaien bij &#8216;kilometer nul&#8217; ten teken dat er gekoerst mag worden. Alle volgauto&#8217;s, renners en zelfs fans vertrouwen op de rode auto om de Tour veilig, eerlijk en soepel te laten verlopen. Een ware symbiose. <\/p>\n<p>In 2015 introduceerde \u0160koda de nieuwe SUPERB, die sindsdien dienst doet als de rode auto in de Tour. Dit jaar wordt deze vervangen door de SUPERB iV, een gloednieuwe plug-in hybride, met een ruim en stijlvol interieur en state-of-the-art technologie. Prudhomme leidt niet alleen de wedstrijd vanuit de rode auto, hij ontvangt er ook vaak VIP-gasten, zoals de Franse president en andere hoogwaardigheidsbekleders. Bovendien is de rode auto de enige auto die voor de renners de finishlijn mag passeren. <\/p>\n<p>Dit zegt Christian Prudhomme over de rode SUPERB: &#8220;\u0160koda is een belangrijke partner voor de Tour de France en voor de wedstrijden die we organiseren. Tijdens de Tour is de rode \u0160koda meer dan alleen een auto. Het is een verkeerstoren, een kantoor en een gewaardeerde en vertrouwde vriend. \u0160koda is een effici\u00ebnte, betrouwbare en dynamische partner en we zijn heel blij met onze samenwerking&#8221;.<\/p>\n<h2><strong>Auto&#8217;s van de ploegen<\/strong><\/h2>\n<p>Elke ploeg heeft twee volgauto&#8217;s. De volgorde van de ploegwagens in de karavaan wordt bepaald op basis van het klassement van de kopman van de ploeg aan het begin van elke etappe. De volgorde in de karavaan is heel belangrijk. Hoe dichter je bij de kop van het peloton zit, hoe sneller een renner kan worden geholpen mocht deze in de problemen komen. Elke auto is een rijdende fietswerkplaats, met een reservefiets voor elke renner (of zelfs meer, in sommige gevallen), een groot aantal wielen en een complete set aan fietsgereedschap. Tevens aan boord bevinden zich eetzakjes en bidons, een hotspot voor de communicatie met de renners, de ploegleider en een mecanicien op de achterbank die klaar staat om er op elk moment uit te springen. Via de radio worden de ploegleiders in de ploegwagens, voornamelijk \u0160koda OCTAVIA&#8217;s, ge\u00efnformeerd over ontsnappingen en valpartijen. Via de radio krijgen ze ook toestemming om hun positie in de karavaan te verlaten en naar voren te rijden. Alle auto&#8217;s hebben een directe verbinding met de rode SUPERB, zodat de ploegleiders rechtstreeks contact kunnen opnemen met Christian Prudhomme mocht dat nodig zijn. Want in de Tour telt elke seconde. <\/p>\n<p>De ploegwagens moeten vaak al slalomend door het peloton naar voren rijden. Dan is het belangrijk dat je iemand achter het stuur hebt die vertrouwd is met het ritme en het gedrag van het peloton, om ongelukken te voorkomen. Zoals Stephen Roche, een ex-profrenner uit Ierland en in 1987 winnaar van de &#8216;Triple Crown van het fietsen&#8217;, het treffend verwoordde toen hij in 2014 aan het stuur van een \u0160koda VIP-auto zat: &#8220;Bijna elke bestuurder is een ex-profrenner. Die weten precies hoe het er aan toegaat in het peloton. Komt de wind bijvoorbeeld van de zijkant, dan weet ik dat de kans groot is dat er waaiers gevormd gaan worden. De renners moet dan super gefocust zijn.&#8221;<\/p>\n<h2><strong>De gele neutrale auto&#8217;s van Mavic<\/strong><\/h2>\n<p>Krijgt een renner te maken met pech en heeft hij geen ploegwagen in de buurt, dan kan hij altijd terugvallen op de gele auto&#8217;s van Mavic. De speciaal aangepaste \u0160koda SUPERB&#8217;s van Mavic zijn er om de renners te helpen in geval van nood. De auto&#8217;s hebben reservewielen, kettingen, crankstellen, complete fietsen en zelfs regenjassen aan boord. Het is natuurlijk altijd mogelijk dat een renner lek rijdt of betrokken raakt bij een valpartij, maar de wetenschap dat er altijd een Mavic-auto in de buurt is om hulp te bieden zorgt toch voor enige rust. <\/p>\n<p>Toen Chris Froome en twee andere renners onderuit gingen bij het beruchte motorincident in de Tour van 2016, was het de \u0160koda SUPERB van Mavic die te hulp schoot. Froome zag dat zijn fiets kapot was. Hij wist dat zijn ploegwagen op zo&#8217;n 5 minuten achter hem reed. Dus hij besloot om rennend verder te gaan. Toen kwam een van de Mavic-auto&#8217;s in actie en kreeg Froome een reservefiets.<\/p>\n<h2><strong>De auto&#8217;s van het VIP \u0160koda Tour de France Hospitality Programma<\/strong><\/h2>\n<p>Tot slot zijn er de glimmende en bestickerde \u0160koda SUPERB&#8217;s iV waarin de gelukkige winnaars van het Hospitality Programma worden rondgereden. Elke winnaar van het Hospitality Programma krijgt een geheel verzorgde driedaagse reis naar de Tour de France aangeboden, waarbij ze in een auto voor het peloton uit rijden, een helikoptervlucht boven het peloton maken en de Tour van dichtbij kunnen meemaken.<\/p>\n","protected":false},"excerpt":{"rendered":"<p>Zonder de organisatie-, ploeg- en andere volgauto&#8217;s zou de hele Tour veel gevaarlijker, chaotischer en ongeorganiseerder zijn voor zowel de [&hellip;]<\/p>\n","protected":false},"author":1,"featured_media":2585,"comment_status":"open","ping_status":"open","sticky":false,"template":"","format":"standard","meta":{"footnotes":""},"categories":[170],"tags":[13,100,48,81],"global-categories":[27],"class_list":["post-2581","post","type-post","status-publish","format-standard","has-post-thumbnail","hentry","category-tour-de-france","tag-tour-de-france","tag-wielerploeg","tag-wielrennen","tag-wielrenners","global-categories-cycling"],"yoast_head":"<!-- This site is optimized with the Yoast SEO Premium plugin v25.3 (Yoast SEO v25.9) - https:\/\/yoast.com\/wordpress\/plugins\/seo\/ -->\n<title>Auto&#039;s van \u0160koda zijn de ruggengraat van de Tour de France - \u0160koda - We Love Cycling - Netherland<\/title>\n<meta name=\"description\" content=\"Het succesverhaal van \u0160koda begon op een besneeuwde dag in december 1895 toen de heren Laurin en Klement een kleine fietswerkplaats openden. Fietsen leidden tot motorfietsen en motorfietsen leidden tot de auto&#039;s die we vandaag de dag allemaal kennen.\" \/>\n<meta name=\"robots\" content=\"index, follow, max-snippet:-1, max-image-preview:large, max-video-preview:-1\" \/>\n<link rel=\"canonical\" href=\"https:\/\/www.welovecycling.com\/nl\/autos-van-skoda-zijn-de-ruggengraat-van-de-tour-de-france\/\" \/>\n<meta property=\"og:locale\" content=\"nl_NL\" \/>\n<meta property=\"og:type\" content=\"article\" \/>\n<meta property=\"og:title\" content=\"Auto&#039;s van \u0160koda zijn de ruggengraat van de Tour de France\" \/>\n<meta property=\"og:description\" content=\"Het succesverhaal van \u0160koda begon op een besneeuwde dag in december 1895 toen de heren Laurin en Klement een kleine fietswerkplaats openden. Fietsen leidden tot motorfietsen en motorfietsen leidden tot de auto&#039;s die we vandaag de dag allemaal kennen.\" \/>\n<meta property=\"og:url\" content=\"https:\/\/www.welovecycling.com\/nl\/autos-van-skoda-zijn-de-ruggengraat-van-de-tour-de-france\/\" \/>\n<meta property=\"og:site_name\" content=\"\u0160koda - We Love Cycling - Netherland\" \/>\n<meta property=\"article:published_time\" content=\"2020-08-28T11:45:27+00:00\" \/>\n<meta property=\"og:image\" content=\"https:\/\/d2p6e6u75xmxt8.cloudfront.net\/11\/2020\/08\/Headerbeeld-Tour-de-France-content-.jpg\" \/>\n\t<meta property=\"og:image:width\" content=\"1366\" \/>\n\t<meta property=\"og:image:height\" content=\"600\" \/>\n\t<meta property=\"og:image:type\" content=\"image\/jpeg\" \/>\n<meta name=\"author\" content=\"WeLoveCycling\" \/>\n<meta name=\"twitter:card\" content=\"summary_large_image\" \/>\n<meta name=\"twitter:label1\" content=\"Written by\" \/>\n\t<meta name=\"twitter:data1\" content=\"WeLoveCycling\" \/>\n\t<meta name=\"twitter:label2\" content=\"Est. reading time\" \/>\n\t<meta name=\"twitter:data2\" content=\"6 minutes\" \/>\n<script type=\"application\/ld+json\" class=\"yoast-schema-graph\">{\"@context\":\"https:\/\/schema.org\",\"@graph\":[{\"@type\":\"WebPage\",\"@id\":\"https:\/\/www.welovecycling.com\/nl\/autos-van-skoda-zijn-de-ruggengraat-van-de-tour-de-france\/\",\"url\":\"https:\/\/www.welovecycling.com\/nl\/autos-van-skoda-zijn-de-ruggengraat-van-de-tour-de-france\/\",\"name\":\"Auto's van \u0160koda zijn de ruggengraat van de Tour de France - \u0160koda - We Love Cycling - Netherland\",\"isPartOf\":{\"@id\":\"https:\/\/www.welovecycling.com\/nl\/#website\"},\"primaryImageOfPage\":{\"@id\":\"https:\/\/www.welovecycling.com\/nl\/autos-van-skoda-zijn-de-ruggengraat-van-de-tour-de-france\/#primaryimage\"},\"image\":{\"@id\":\"https:\/\/www.welovecycling.com\/nl\/autos-van-skoda-zijn-de-ruggengraat-van-de-tour-de-france\/#primaryimage\"},\"thumbnailUrl\":\"https:\/\/d2p6e6u75xmxt8.cloudfront.net\/11\/2020\/08\/Headerbeeld-Tour-de-France-content-.jpg\",\"datePublished\":\"2020-08-28T11:45:27+00:00\",\"author\":{\"@id\":\"https:\/\/www.welovecycling.com\/nl\/#\/schema\/person\/e5187c9cac8dd619ebc7b41bd73c2fd9\"},\"description\":\"Het succesverhaal van \u0160koda begon op een besneeuwde dag in december 1895 toen de heren Laurin en Klement een kleine fietswerkplaats openden. Fietsen leidden tot motorfietsen en motorfietsen leidden tot de auto's die we vandaag de dag allemaal kennen.\",\"breadcrumb\":{\"@id\":\"https:\/\/www.welovecycling.com\/nl\/autos-van-skoda-zijn-de-ruggengraat-van-de-tour-de-france\/#breadcrumb\"},\"inLanguage\":\"nl\",\"potentialAction\":[{\"@type\":\"ReadAction\",\"target\":[\"https:\/\/www.welovecycling.com\/nl\/autos-van-skoda-zijn-de-ruggengraat-van-de-tour-de-france\/\"]}]},{\"@type\":\"ImageObject\",\"inLanguage\":\"nl\",\"@id\":\"https:\/\/www.welovecycling.com\/nl\/autos-van-skoda-zijn-de-ruggengraat-van-de-tour-de-france\/#primaryimage\",\"url\":\"https:\/\/d2p6e6u75xmxt8.cloudfront.net\/11\/2020\/08\/Headerbeeld-Tour-de-France-content-.jpg\",\"contentUrl\":\"https:\/\/d2p6e6u75xmxt8.cloudfront.net\/11\/2020\/08\/Headerbeeld-Tour-de-France-content-.jpg\",\"width\":1366,\"height\":600,\"caption\":\"Tour de France\"},{\"@type\":\"BreadcrumbList\",\"@id\":\"https:\/\/www.welovecycling.com\/nl\/autos-van-skoda-zijn-de-ruggengraat-van-de-tour-de-france\/#breadcrumb\",\"itemListElement\":[{\"@type\":\"ListItem\",\"position\":1,\"name\":\"Home\",\"item\":\"https:\/\/www.welovecycling.com\/nl\/\"},{\"@type\":\"ListItem\",\"position\":2,\"name\":\"Auto&#8217;s van \u0160koda zijn de ruggengraat van de Tour de France\"}]},{\"@type\":\"WebSite\",\"@id\":\"https:\/\/www.welovecycling.com\/nl\/#website\",\"url\":\"https:\/\/www.welovecycling.com\/nl\/\",\"name\":\"\u0160koda - We Love Cycling - Netherland\",\"description\":\"\u0160koda We Love Cycling - Netherland\",\"potentialAction\":[{\"@type\":\"SearchAction\",\"target\":{\"@type\":\"EntryPoint\",\"urlTemplate\":\"https:\/\/www.welovecycling.com\/nl\/?s={search_term_string}\"},\"query-input\":{\"@type\":\"PropertyValueSpecification\",\"valueRequired\":true,\"valueName\":\"search_term_string\"}}],\"inLanguage\":\"nl\"},{\"@type\":\"Person\",\"@id\":\"https:\/\/www.welovecycling.com\/nl\/#\/schema\/person\/e5187c9cac8dd619ebc7b41bd73c2fd9\",\"name\":\"WeLoveCycling\",\"image\":{\"@type\":\"ImageObject\",\"inLanguage\":\"nl\",\"@id\":\"https:\/\/www.welovecycling.com\/nl\/#\/schema\/person\/image\/\",\"url\":\"https:\/\/secure.gravatar.com\/avatar\/7e1ee0ecc5e294b19ef32b9f6086e0afbb9da00c3cb0d465ba4695331f4a9187?s=96&d=mm&r=g\",\"contentUrl\":\"https:\/\/secure.gravatar.com\/avatar\/7e1ee0ecc5e294b19ef32b9f6086e0afbb9da00c3cb0d465ba4695331f4a9187?s=96&d=mm&r=g\",\"caption\":\"WeLoveCycling\"},\"url\":\"https:\/\/www.welovecycling.com\/nl\/author\/lukascech\/\"}]}<\/script>\n<!-- \/ Yoast SEO Premium plugin. -->","yoast_head_json":{"title":"Auto's van \u0160koda zijn de ruggengraat van de Tour de France - \u0160koda - We Love Cycling - Netherland","description":"Het succesverhaal van \u0160koda begon op een besneeuwde dag in december 1895 toen de heren Laurin en Klement een kleine fietswerkplaats openden. Fietsen leidden tot motorfietsen en motorfietsen leidden tot de auto's die we vandaag de dag allemaal kennen.","robots":{"index":"index","follow":"follow","max-snippet":"max-snippet:-1","max-image-preview":"max-image-preview:large","max-video-preview":"max-video-preview:-1"},"canonical":"https:\/\/www.welovecycling.com\/nl\/autos-van-skoda-zijn-de-ruggengraat-van-de-tour-de-france\/","og_locale":"nl_NL","og_type":"article","og_title":"Auto's van \u0160koda zijn de ruggengraat van de Tour de France","og_description":"Het succesverhaal van \u0160koda begon op een besneeuwde dag in december 1895 toen de heren Laurin en Klement een kleine fietswerkplaats openden. Fietsen leidden tot motorfietsen en motorfietsen leidden tot de auto's die we vandaag de dag allemaal kennen.","og_url":"https:\/\/www.welovecycling.com\/nl\/autos-van-skoda-zijn-de-ruggengraat-van-de-tour-de-france\/","og_site_name":"\u0160koda - We Love Cycling - Netherland","article_published_time":"2020-08-28T11:45:27+00:00","og_image":[{"width":1366,"height":600,"url":"https:\/\/d2p6e6u75xmxt8.cloudfront.net\/11\/2020\/08\/Headerbeeld-Tour-de-France-content-.jpg","type":"image\/jpeg"}],"author":"WeLoveCycling","twitter_card":"summary_large_image","twitter_misc":{"Written by":"WeLoveCycling","Est. reading time":"6 minutes"},"schema":{"@context":"https:\/\/schema.org","@graph":[{"@type":"WebPage","@id":"https:\/\/www.welovecycling.com\/nl\/autos-van-skoda-zijn-de-ruggengraat-van-de-tour-de-france\/","url":"https:\/\/www.welovecycling.com\/nl\/autos-van-skoda-zijn-de-ruggengraat-van-de-tour-de-france\/","name":"Auto's van \u0160koda zijn de ruggengraat van de Tour de France - \u0160koda - We Love Cycling - Netherland","isPartOf":{"@id":"https:\/\/www.welovecycling.com\/nl\/#website"},"primaryImageOfPage":{"@id":"https:\/\/www.welovecycling.com\/nl\/autos-van-skoda-zijn-de-ruggengraat-van-de-tour-de-france\/#primaryimage"},"image":{"@id":"https:\/\/www.welovecycling.com\/nl\/autos-van-skoda-zijn-de-ruggengraat-van-de-tour-de-france\/#primaryimage"},"thumbnailUrl":"https:\/\/d2p6e6u75xmxt8.cloudfront.net\/11\/2020\/08\/Headerbeeld-Tour-de-France-content-.jpg","datePublished":"2020-08-28T11:45:27+00:00","author":{"@id":"https:\/\/www.welovecycling.com\/nl\/#\/schema\/person\/e5187c9cac8dd619ebc7b41bd73c2fd9"},"description":"Het succesverhaal van \u0160koda begon op een besneeuwde dag in december 1895 toen de heren Laurin en Klement een kleine fietswerkplaats openden. Fietsen leidden tot motorfietsen en motorfietsen leidden tot de auto's die we vandaag de dag allemaal kennen.","breadcrumb":{"@id":"https:\/\/www.welovecycling.com\/nl\/autos-van-skoda-zijn-de-ruggengraat-van-de-tour-de-france\/#breadcrumb"},"inLanguage":"nl","potentialAction":[{"@type":"ReadAction","target":["https:\/\/www.welovecycling.com\/nl\/autos-van-skoda-zijn-de-ruggengraat-van-de-tour-de-france\/"]}]},{"@type":"ImageObject","inLanguage":"nl","@id":"https:\/\/www.welovecycling.com\/nl\/autos-van-skoda-zijn-de-ruggengraat-van-de-tour-de-france\/#primaryimage","url":"https:\/\/d2p6e6u75xmxt8.cloudfront.net\/11\/2020\/08\/Headerbeeld-Tour-de-France-content-.jpg","contentUrl":"https:\/\/d2p6e6u75xmxt8.cloudfront.net\/11\/2020\/08\/Headerbeeld-Tour-de-France-content-.jpg","width":1366,"height":600,"caption":"Tour de France"},{"@type":"BreadcrumbList","@id":"https:\/\/www.welovecycling.com\/nl\/autos-van-skoda-zijn-de-ruggengraat-van-de-tour-de-france\/#breadcrumb","itemListElement":[{"@type":"ListItem","position":1,"name":"Home","item":"https:\/\/www.welovecycling.com\/nl\/"},{"@type":"ListItem","position":2,"name":"Auto&#8217;s van \u0160koda zijn de ruggengraat van de Tour de France"}]},{"@type":"WebSite","@id":"https:\/\/www.welovecycling.com\/nl\/#website","url":"https:\/\/www.welovecycling.com\/nl\/","name":"\u0160koda - We Love Cycling - Netherland","description":"\u0160koda We Love Cycling - Netherland","potentialAction":[{"@type":"SearchAction","target":{"@type":"EntryPoint","urlTemplate":"https:\/\/www.welovecycling.com\/nl\/?s={search_term_string}"},"query-input":{"@type":"PropertyValueSpecification","valueRequired":true,"valueName":"search_term_string"}}],"inLanguage":"nl"},{"@type":"Person","@id":"https:\/\/www.welovecycling.com\/nl\/#\/schema\/person\/e5187c9cac8dd619ebc7b41bd73c2fd9","name":"WeLoveCycling","image":{"@type":"ImageObject","inLanguage":"nl","@id":"https:\/\/www.welovecycling.com\/nl\/#\/schema\/person\/image\/","url":"https:\/\/secure.gravatar.com\/avatar\/7e1ee0ecc5e294b19ef32b9f6086e0afbb9da00c3cb0d465ba4695331f4a9187?s=96&d=mm&r=g","contentUrl":"https:\/\/secure.gravatar.com\/avatar\/7e1ee0ecc5e294b19ef32b9f6086e0afbb9da00c3cb0d465ba4695331f4a9187?s=96&d=mm&r=g","caption":"WeLoveCycling"},"url":"https:\/\/www.welovecycling.com\/nl\/author\/lukascech\/"}]}},"_links":{"self":[{"href":"https:\/\/www.welovecycling.com\/nl\/wp-json\/wp\/v2\/posts\/2581","targetHints":{"allow":["GET"]}}],"collection":[{"href":"https:\/\/www.welovecycling.com\/nl\/wp-json\/wp\/v2\/posts"}],"about":[{"href":"https:\/\/www.welovecycling.com\/nl\/wp-json\/wp\/v2\/types\/post"}],"author":[{"embeddable":true,"href":"https:\/\/www.welovecycling.com\/nl\/wp-json\/wp\/v2\/users\/1"}],"replies":[{"embeddable":true,"href":"https:\/\/www.welovecycling.com\/nl\/wp-json\/wp\/v2\/comments?post=2581"}],"version-history":[{"count":2,"href":"https:\/\/www.welovecycling.com\/nl\/wp-json\/wp\/v2\/posts\/2581\/revisions"}],"predecessor-version":[{"id":2590,"href":"https:\/\/www.welovecycling.com\/nl\/wp-json\/wp\/v2\/posts\/2581\/revisions\/2590"}],"wp:featuredmedia":[{"embeddable":true,"href":"https:\/\/www.welovecycling.com\/nl\/wp-json\/wp\/v2\/media\/2585"}],"wp:attachment":[{"href":"https:\/\/www.welovecycling.com\/nl\/wp-json\/wp\/v2\/media?parent=2581"}],"wp:term":[{"taxonomy":"category","embeddable":true,"href":"https:\/\/www.welovecycling.com\/nl\/wp-json\/wp\/v2\/categories?post=2581"},{"taxonomy":"post_tag","embeddable":true,"href":"https:\/\/www.welovecycling.com\/nl\/wp-json\/wp\/v2\/tags?post=2581"},{"taxonomy":"global-categories","embeddable":true,"href":"https:\/\/www.welovecycling.com\/nl\/wp-json\/wp\/v2\/global-categories?post=2581"}],"curies":[{"name":"wp","href":"https:\/\/api.w.org\/{rel}","templated":true}]}}