{"id":2579,"date":"2020-08-31T09:19:34","date_gmt":"2020-08-31T07:19:34","guid":{"rendered":"https:\/\/www.welovecycling.com\/nl\/?p=2579"},"modified":"2020-08-31T10:30:36","modified_gmt":"2020-08-31T08:30:36","slug":"het-verhaal-van-de-skoda-groene-trui-en-de-legende-van-peter-sagan","status":"publish","type":"post","link":"https:\/\/www.welovecycling.com\/nl\/het-verhaal-van-de-skoda-groene-trui-en-de-legende-van-peter-sagan\/","title":{"rendered":"Het verhaal van de \u0160koda Groene Trui en de legende van Peter Sagan"},"content":{"rendered":"<p><strong>Als je op internet naar foto&#8217;s zoekt van Peter Sagan, een 30-jarige Slowaakse profrenner, zal je veel groen tegenkomen. De reden ligt voor de hand. Sagan heeft in zijn loopbaan zeven keer de groene trui gewonnen in de Tour de France \u2013 een record! Om de &#8216;sprinterstrui&#8217; te winnen, heb je allroundvaardigheden, creativiteit op de fiets en natuurlijk power in de benen nodig. Maar hoe slaag je erin om de trui jaar na jaar te winnen terwijl het parcours van de etappes telkens drastisch verandert? Laten we bij het begin beginnen.<\/strong><br \/>\n<!--more--><br \/>\nDe truien van de Tour de France en de verhalen daaromheen zijn op zichzelf al een legende, maar de groene trui is een geval apart. De invoering van de trui ging gepaard met veel discussie. Je zou kunnen zeggen dat de groene trui het resultaat is van het streven van de organisatoren van de Tour om de wedstrijd eerlijker en tegelijkertijd spannender te maken. Oorspronkelijk werd de winnaar van de Tour bepaald op basis van een tijdsysteem. Later werd dit omgezet in een puntensysteem. Maar na de Tour van 1912 werd dit systeem weer teruggebracht naar een tijdsysteem, dat vandaag de dag nog steeds in gebruik is. Om het evenement wat spannender te maken, introduceerden de organisatoren in 1953, het jaar dat de Tour 50 jaar bestond,een extra puntenklassement.<\/p>\n<p>Punten konden worden gewonnen bij tussensprints en bij de finish van de etappe. De kleur groen werd gekozen omdat de eerste sponsor van het puntenklassement een grasmaaierfabrikant was. 1968 is het enige jaar dat de trui niet groen was. Hij was toen rood vanwege de sponsor van het puntenklassement van dat jaar. Tegenwoordig wordt de groene trui gesponsord door \u0160koda. \u0160koda, opgericht in 1895 als fietswerkplaats, werd in 2004 offici\u00eble partner en offici\u00eble autopartner van de Tour de France. Om zijn betrokkenheid met de wielersport verder te versterken, sponsort \u0160koda sinds 2014 de groene trui.<\/p>\n<p>De professionele wielerwereld staat bekend om zijn passie, talenten, fysieke kracht en uithoudingsvermogen. Maar wat weten we nu echt van de toprenners behalve hoeveel titels en overwinningen ze hebben behaald? Neem Peter Sagan met zijn altijd aanwezige glimlach en extraverte karakter. Behalve een wonder op de fiets is Sagan een multidisciplinaire artiest, die muziekcovers en educatieve video&#8217;s uitbrengt of zijn opwachting maakt in een promofilmpje voor de Giro, waarin hij zijn acteertalenten showt. Op YouTube vind je tal van video&#8217;s van Sagan waarin hij gehuldigd wordt als leider in het puntenklassement, met spannende momenten in het peloton en met zijn kenmerkende gimmicks als hij over de eindstreep komt. <\/p>\n<p>Sagan begon als veldrijder en moutainbiker. In 2009 maakte hij de overstap naar de weg en werd hij de legende die we vandaag de dag kennen. Hij is een vermaarde sprinter en klassiekerspecialist. Hij heeft diverse etappezeges op zijn naam staan, evenals verschillende Europese titels en wereldtitels. Renners die de \u0160koda groene trui willen winnen, zoals de trui van de leider in het puntenklassement officieel wordt genoemd, moeten zeer flexibel zijn, bereid zijn om alles te geven en over specifieke vaardigheden beschikken. Laat dat nu een treffende beschrijving van Sagan zijn. Het winnen van de groene trui is uiterst lastig en afhankelijk van vele factoren. De spelregels zijn echter duidelijk. Je kan punten verdienen door vooraan te eindigen in een etappe en door tussensprints te winnen, en in dat laatste blinkt Sagan uit. Hij staat erom bekend dat hij veel punten pakt bij de tussensprints in de vlakke etappes, de zogenaamde &#8216;\u0160koda sprints&#8217;, omdat de autofabrikant sinds 2014 de offici\u00eble sponsor van de groene trui is. <\/p>\n<p>Sagan won de groene trui voor het eerst in 2012. In 2018, na jarenlang het ene succes na het andere te hebben behaald, kreeg hij zijn honderdste groene trui om de schouders. En een jaar later schreef Sagan geschiedenis toen hij het puntenklassement van de Tour de France voor de zevende keer won \u2013 een record. Geen enkele andere renner heeft dit ooit gepresteerd. De Duitse renner Erik Zabel komt met zes het dichtst in de buurt. Behalve twaalf ritzeges in de Tour de France heeft Sagan ook nog vier ritzeges behaald in de Vuelta.<\/p>\n<p>Denk je dat iemand hem dit jaar kan verslaan? Of denk je dat Peter Sagan zijn achtste \u0160koda groene trui wint?<\/p>\n","protected":false},"excerpt":{"rendered":"<p>Als je op internet naar foto&#8217;s zoekt van Peter Sagan, een 30-jarige Slowaakse profrenner, zal je veel groen tegenkomen. De [&hellip;]<\/p>\n","protected":false},"author":27,"featured_media":2609,"comment_status":"open","ping_status":"open","sticky":false,"template":"","format":"standard","meta":{"footnotes":""},"categories":[170],"tags":[186,13,183,172,100,48,81],"global-categories":[27],"class_list":["post-2579","post","type-post","status-publish","format-standard","has-post-thumbnail","hentry","category-tour-de-france","tag-groene-trui","tag-tour-de-france","tag-tour-de-france-2020","tag-welovecycling","tag-wielerploeg","tag-wielrennen","tag-wielrenners","global-categories-cycling"],"yoast_head":"<!-- This site is optimized with the Yoast SEO Premium plugin v25.3 (Yoast SEO v25.9) - https:\/\/yoast.com\/wordpress\/plugins\/seo\/ -->\n<title>Groen Trui, Tour de France, Wielrennen<\/title>\n<meta name=\"robots\" content=\"index, follow, max-snippet:-1, max-image-preview:large, max-video-preview:-1\" \/>\n<link rel=\"canonical\" href=\"https:\/\/www.welovecycling.com\/nl\/het-verhaal-van-de-skoda-groene-trui-en-de-legende-van-peter-sagan\/\" \/>\n<meta property=\"og:locale\" content=\"nl_NL\" \/>\n<meta property=\"og:type\" content=\"article\" \/>\n<meta property=\"og:title\" content=\"Het verhaal van de \u0160koda Groene Trui en de legende van Peter Sagan\" \/>\n<meta property=\"og:description\" content=\"Als je op internet naar foto&#8217;s zoekt van Peter Sagan, een 30-jarige Slowaakse profrenner, zal je veel groen tegenkomen. De [&hellip;]\" \/>\n<meta property=\"og:url\" content=\"https:\/\/www.welovecycling.com\/nl\/het-verhaal-van-de-skoda-groene-trui-en-de-legende-van-peter-sagan\/\" \/>\n<meta property=\"og:site_name\" content=\"\u0160koda - We Love Cycling - Netherland\" \/>\n<meta property=\"article:published_time\" content=\"2020-08-31T07:19:34+00:00\" \/>\n<meta property=\"article:modified_time\" content=\"2020-08-31T08:30:36+00:00\" \/>\n<meta property=\"og:image\" content=\"https:\/\/d2p6e6u75xmxt8.cloudfront.net\/11\/2020\/08\/Peter-Sagan-CVR-profimedia-0456804992.jpg\" \/>\n\t<meta property=\"og:image:width\" content=\"1366\" \/>\n\t<meta property=\"og:image:height\" content=\"600\" \/>\n\t<meta property=\"og:image:type\" content=\"image\/jpeg\" \/>\n<meta name=\"author\" content=\"jakubstepanek\" \/>\n<meta name=\"twitter:card\" content=\"summary_large_image\" \/>\n<meta name=\"twitter:label1\" content=\"Written by\" \/>\n\t<meta name=\"twitter:data1\" content=\"jakubstepanek\" \/>\n\t<meta name=\"twitter:label2\" content=\"Est. reading time\" \/>\n\t<meta name=\"twitter:data2\" content=\"3 minutes\" \/>\n<script type=\"application\/ld+json\" class=\"yoast-schema-graph\">{\"@context\":\"https:\/\/schema.org\",\"@graph\":[{\"@type\":\"WebPage\",\"@id\":\"https:\/\/www.welovecycling.com\/nl\/het-verhaal-van-de-skoda-groene-trui-en-de-legende-van-peter-sagan\/\",\"url\":\"https:\/\/www.welovecycling.com\/nl\/het-verhaal-van-de-skoda-groene-trui-en-de-legende-van-peter-sagan\/\",\"name\":\"Groen Trui, Tour de France, Wielrennen\",\"isPartOf\":{\"@id\":\"https:\/\/www.welovecycling.com\/nl\/#website\"},\"primaryImageOfPage\":{\"@id\":\"https:\/\/www.welovecycling.com\/nl\/het-verhaal-van-de-skoda-groene-trui-en-de-legende-van-peter-sagan\/#primaryimage\"},\"image\":{\"@id\":\"https:\/\/www.welovecycling.com\/nl\/het-verhaal-van-de-skoda-groene-trui-en-de-legende-van-peter-sagan\/#primaryimage\"},\"thumbnailUrl\":\"https:\/\/d2p6e6u75xmxt8.cloudfront.net\/11\/2020\/08\/Peter-Sagan-CVR-profimedia-0456804992.jpg\",\"datePublished\":\"2020-08-31T07:19:34+00:00\",\"dateModified\":\"2020-08-31T08:30:36+00:00\",\"author\":{\"@id\":\"https:\/\/www.welovecycling.com\/nl\/#\/schema\/person\/d42ede5c64c67b5db7ea181a1a82b2d5\"},\"breadcrumb\":{\"@id\":\"https:\/\/www.welovecycling.com\/nl\/het-verhaal-van-de-skoda-groene-trui-en-de-legende-van-peter-sagan\/#breadcrumb\"},\"inLanguage\":\"nl\",\"potentialAction\":[{\"@type\":\"ReadAction\",\"target\":[\"https:\/\/www.welovecycling.com\/nl\/het-verhaal-van-de-skoda-groene-trui-en-de-legende-van-peter-sagan\/\"]}]},{\"@type\":\"ImageObject\",\"inLanguage\":\"nl\",\"@id\":\"https:\/\/www.welovecycling.com\/nl\/het-verhaal-van-de-skoda-groene-trui-en-de-legende-van-peter-sagan\/#primaryimage\",\"url\":\"https:\/\/d2p6e6u75xmxt8.cloudfront.net\/11\/2020\/08\/Peter-Sagan-CVR-profimedia-0456804992.jpg\",\"contentUrl\":\"https:\/\/d2p6e6u75xmxt8.cloudfront.net\/11\/2020\/08\/Peter-Sagan-CVR-profimedia-0456804992.jpg\",\"width\":1366,\"height\":600,\"caption\":\"Peter Sagan\"},{\"@type\":\"BreadcrumbList\",\"@id\":\"https:\/\/www.welovecycling.com\/nl\/het-verhaal-van-de-skoda-groene-trui-en-de-legende-van-peter-sagan\/#breadcrumb\",\"itemListElement\":[{\"@type\":\"ListItem\",\"position\":1,\"name\":\"Home\",\"item\":\"https:\/\/www.welovecycling.com\/nl\/\"},{\"@type\":\"ListItem\",\"position\":2,\"name\":\"Het verhaal van de \u0160koda Groene Trui en de legende van Peter Sagan\"}]},{\"@type\":\"WebSite\",\"@id\":\"https:\/\/www.welovecycling.com\/nl\/#website\",\"url\":\"https:\/\/www.welovecycling.com\/nl\/\",\"name\":\"\u0160koda - We Love Cycling - Netherland\",\"description\":\"\u0160koda We Love Cycling - Netherland\",\"potentialAction\":[{\"@type\":\"SearchAction\",\"target\":{\"@type\":\"EntryPoint\",\"urlTemplate\":\"https:\/\/www.welovecycling.com\/nl\/?s={search_term_string}\"},\"query-input\":{\"@type\":\"PropertyValueSpecification\",\"valueRequired\":true,\"valueName\":\"search_term_string\"}}],\"inLanguage\":\"nl\"},{\"@type\":\"Person\",\"@id\":\"https:\/\/www.welovecycling.com\/nl\/#\/schema\/person\/d42ede5c64c67b5db7ea181a1a82b2d5\",\"name\":\"jakubstepanek\",\"image\":{\"@type\":\"ImageObject\",\"inLanguage\":\"nl\",\"@id\":\"https:\/\/www.welovecycling.com\/nl\/#\/schema\/person\/image\/\",\"url\":\"https:\/\/secure.gravatar.com\/avatar\/6088ff8a87539139d91121309dad6f7aee973467a9fee79888aeb2a7f7dc88a2?s=96&d=mm&r=g\",\"contentUrl\":\"https:\/\/secure.gravatar.com\/avatar\/6088ff8a87539139d91121309dad6f7aee973467a9fee79888aeb2a7f7dc88a2?s=96&d=mm&r=g\",\"caption\":\"jakubstepanek\"},\"url\":\"https:\/\/www.welovecycling.com\/nl\/author\/jakubstepanek\/\"}]}<\/script>\n<!-- \/ Yoast SEO Premium plugin. -->","yoast_head_json":{"title":"Groen Trui, Tour de France, Wielrennen","robots":{"index":"index","follow":"follow","max-snippet":"max-snippet:-1","max-image-preview":"max-image-preview:large","max-video-preview":"max-video-preview:-1"},"canonical":"https:\/\/www.welovecycling.com\/nl\/het-verhaal-van-de-skoda-groene-trui-en-de-legende-van-peter-sagan\/","og_locale":"nl_NL","og_type":"article","og_title":"Het verhaal van de \u0160koda Groene Trui en de legende van Peter Sagan","og_description":"Als je op internet naar foto&#8217;s zoekt van Peter Sagan, een 30-jarige Slowaakse profrenner, zal je veel groen tegenkomen. De [&hellip;]","og_url":"https:\/\/www.welovecycling.com\/nl\/het-verhaal-van-de-skoda-groene-trui-en-de-legende-van-peter-sagan\/","og_site_name":"\u0160koda - We Love Cycling - Netherland","article_published_time":"2020-08-31T07:19:34+00:00","article_modified_time":"2020-08-31T08:30:36+00:00","og_image":[{"width":1366,"height":600,"url":"https:\/\/d2p6e6u75xmxt8.cloudfront.net\/11\/2020\/08\/Peter-Sagan-CVR-profimedia-0456804992.jpg","type":"image\/jpeg"}],"author":"jakubstepanek","twitter_card":"summary_large_image","twitter_misc":{"Written by":"jakubstepanek","Est. reading time":"3 minutes"},"schema":{"@context":"https:\/\/schema.org","@graph":[{"@type":"WebPage","@id":"https:\/\/www.welovecycling.com\/nl\/het-verhaal-van-de-skoda-groene-trui-en-de-legende-van-peter-sagan\/","url":"https:\/\/www.welovecycling.com\/nl\/het-verhaal-van-de-skoda-groene-trui-en-de-legende-van-peter-sagan\/","name":"Groen Trui, Tour de France, Wielrennen","isPartOf":{"@id":"https:\/\/www.welovecycling.com\/nl\/#website"},"primaryImageOfPage":{"@id":"https:\/\/www.welovecycling.com\/nl\/het-verhaal-van-de-skoda-groene-trui-en-de-legende-van-peter-sagan\/#primaryimage"},"image":{"@id":"https:\/\/www.welovecycling.com\/nl\/het-verhaal-van-de-skoda-groene-trui-en-de-legende-van-peter-sagan\/#primaryimage"},"thumbnailUrl":"https:\/\/d2p6e6u75xmxt8.cloudfront.net\/11\/2020\/08\/Peter-Sagan-CVR-profimedia-0456804992.jpg","datePublished":"2020-08-31T07:19:34+00:00","dateModified":"2020-08-31T08:30:36+00:00","author":{"@id":"https:\/\/www.welovecycling.com\/nl\/#\/schema\/person\/d42ede5c64c67b5db7ea181a1a82b2d5"},"breadcrumb":{"@id":"https:\/\/www.welovecycling.com\/nl\/het-verhaal-van-de-skoda-groene-trui-en-de-legende-van-peter-sagan\/#breadcrumb"},"inLanguage":"nl","potentialAction":[{"@type":"ReadAction","target":["https:\/\/www.welovecycling.com\/nl\/het-verhaal-van-de-skoda-groene-trui-en-de-legende-van-peter-sagan\/"]}]},{"@type":"ImageObject","inLanguage":"nl","@id":"https:\/\/www.welovecycling.com\/nl\/het-verhaal-van-de-skoda-groene-trui-en-de-legende-van-peter-sagan\/#primaryimage","url":"https:\/\/d2p6e6u75xmxt8.cloudfront.net\/11\/2020\/08\/Peter-Sagan-CVR-profimedia-0456804992.jpg","contentUrl":"https:\/\/d2p6e6u75xmxt8.cloudfront.net\/11\/2020\/08\/Peter-Sagan-CVR-profimedia-0456804992.jpg","width":1366,"height":600,"caption":"Peter Sagan"},{"@type":"BreadcrumbList","@id":"https:\/\/www.welovecycling.com\/nl\/het-verhaal-van-de-skoda-groene-trui-en-de-legende-van-peter-sagan\/#breadcrumb","itemListElement":[{"@type":"ListItem","position":1,"name":"Home","item":"https:\/\/www.welovecycling.com\/nl\/"},{"@type":"ListItem","position":2,"name":"Het verhaal van de \u0160koda Groene Trui en de legende van Peter Sagan"}]},{"@type":"WebSite","@id":"https:\/\/www.welovecycling.com\/nl\/#website","url":"https:\/\/www.welovecycling.com\/nl\/","name":"\u0160koda - We Love Cycling - Netherland","description":"\u0160koda We Love Cycling - Netherland","potentialAction":[{"@type":"SearchAction","target":{"@type":"EntryPoint","urlTemplate":"https:\/\/www.welovecycling.com\/nl\/?s={search_term_string}"},"query-input":{"@type":"PropertyValueSpecification","valueRequired":true,"valueName":"search_term_string"}}],"inLanguage":"nl"},{"@type":"Person","@id":"https:\/\/www.welovecycling.com\/nl\/#\/schema\/person\/d42ede5c64c67b5db7ea181a1a82b2d5","name":"jakubstepanek","image":{"@type":"ImageObject","inLanguage":"nl","@id":"https:\/\/www.welovecycling.com\/nl\/#\/schema\/person\/image\/","url":"https:\/\/secure.gravatar.com\/avatar\/6088ff8a87539139d91121309dad6f7aee973467a9fee79888aeb2a7f7dc88a2?s=96&d=mm&r=g","contentUrl":"https:\/\/secure.gravatar.com\/avatar\/6088ff8a87539139d91121309dad6f7aee973467a9fee79888aeb2a7f7dc88a2?s=96&d=mm&r=g","caption":"jakubstepanek"},"url":"https:\/\/www.welovecycling.com\/nl\/author\/jakubstepanek\/"}]}},"_links":{"self":[{"href":"https:\/\/www.welovecycling.com\/nl\/wp-json\/wp\/v2\/posts\/2579","targetHints":{"allow":["GET"]}}],"collection":[{"href":"https:\/\/www.welovecycling.com\/nl\/wp-json\/wp\/v2\/posts"}],"about":[{"href":"https:\/\/www.welovecycling.com\/nl\/wp-json\/wp\/v2\/types\/post"}],"author":[{"embeddable":true,"href":"https:\/\/www.welovecycling.com\/nl\/wp-json\/wp\/v2\/users\/27"}],"replies":[{"embeddable":true,"href":"https:\/\/www.welovecycling.com\/nl\/wp-json\/wp\/v2\/comments?post=2579"}],"version-history":[{"count":2,"href":"https:\/\/www.welovecycling.com\/nl\/wp-json\/wp\/v2\/posts\/2579\/revisions"}],"predecessor-version":[{"id":2619,"href":"https:\/\/www.welovecycling.com\/nl\/wp-json\/wp\/v2\/posts\/2579\/revisions\/2619"}],"wp:featuredmedia":[{"embeddable":true,"href":"https:\/\/www.welovecycling.com\/nl\/wp-json\/wp\/v2\/media\/2609"}],"wp:attachment":[{"href":"https:\/\/www.welovecycling.com\/nl\/wp-json\/wp\/v2\/media?parent=2579"}],"wp:term":[{"taxonomy":"category","embeddable":true,"href":"https:\/\/www.welovecycling.com\/nl\/wp-json\/wp\/v2\/categories?post=2579"},{"taxonomy":"post_tag","embeddable":true,"href":"https:\/\/www.welovecycling.com\/nl\/wp-json\/wp\/v2\/tags?post=2579"},{"taxonomy":"global-categories","embeddable":true,"href":"https:\/\/www.welovecycling.com\/nl\/wp-json\/wp\/v2\/global-categories?post=2579"}],"curies":[{"name":"wp","href":"https:\/\/api.w.org\/{rel}","templated":true}]}}