{"id":2451,"date":"2020-07-29T09:00:07","date_gmt":"2020-07-29T07:00:07","guid":{"rendered":"https:\/\/www.welovecycling.com\/nl\/?p=2451"},"modified":"2020-08-04T13:58:24","modified_gmt":"2020-08-04T11:58:24","slug":"jiri-jezek-ik-ben-gestopt-met-professioneel-wielrennen-ik-ben-gestopt-met-wedstrijden-maar-ik-ben-nooit-gestopt-met-fietsen","status":"publish","type":"post","link":"https:\/\/www.welovecycling.com\/nl\/jiri-jezek-ik-ben-gestopt-met-professioneel-wielrennen-ik-ben-gestopt-met-wedstrijden-maar-ik-ben-nooit-gestopt-met-fietsen\/","title":{"rendered":"Ji\u0159\u00ed Je\u017eek: &#8220;Ik ben gestopt met professioneel wielrennen, ik ben gestopt met wedstrijden, maar ik ben nooit gestopt met fietsen.&#8221;"},"content":{"rendered":"<p><strong>Voor onze #Ride2Unite-livestream in juni hadden we een speciale gast in onze digitale studio: &#8217;s werelds succesvolste paralympische wielrenner, de Tsjech Ji\u0159\u00ed Je\u017eek. Ji\u0159\u00ed&#8217;s weg naar roem en naar het vervullen van zijn dromen werd door iets onverwachts in gang gezet \u2013 een verkeersongeluk zette zijn leven op zijn kop. Eerst in negatieve, later in positieve zin. Ji\u0159\u00ed sprak met onze host Laura Meseguer heel open over zijn huidige leven en zijn carri\u00e8re. Hieronder volgen enkele inspirerende en motiverende hoogtepunten.<\/strong><!--more--><\/p>\n<p>Zoals gezegd was de start van Ji\u0159\u00ed&#8217;s carri\u00e8re als sporter niet ideaal. Ji\u0159\u00ed verloor zijn rechteronderbeen toen hij 11 jaar was en hij aangereden werd door een vrachtwagen toen hij de straat overstak. Het ongeluk was voor hem de wake-upcall om zijn dromen na te jagen. Tegen de tijd dat hij 20 jaar was, had hij wielrennen als hobby opgepakt. Slechts vijf jaar later was hij een van &#8217;s werelds beste paralympische wielrenners. Toen kwamen de grote successen. Diverse kampioenschappen en gouden medailles op de Paralympische Spelen van 2000 in Sydney, 2004 in Athene, 2008 in Peking en 2012 in Londen \u2013 11 in totaal. De overwinning in Sydney bracht hem onder aandacht van sponsoren, waardoor hij zijn baan als prothesetechnicus kon opzeggen en een professionele wielercarri\u00e8re kon beginnen. Op het hoogtepunt van zijn carri\u00e8re wedijverde hij met valide sporters en legde hij jaarlijks gemiddeld 27.000 tot 30.000 kilometer per fiets af. Onlangs nog werd hij uitgeroepen tot een van de grootste sporters van de 21e eeuw \u2013 en terecht. In oktober 2017 kondigde Ji\u0159\u00ed zijn afscheid van de professionele wielersport aan. Toch zit hij nog regelmatig op de fiets. Verder is hij actief als wielercoach en wielerambassadeur. Hij is ook de voormalige aanvoerder van het Tsjechische paralympische team.<\/p>\n<p>https:\/\/www.instagram.com\/p\/CCG2failwr-\/<\/p>\n<p>Toen we na wat technische opstartproblemen verbinding kregen met Ji\u0159\u00ed, zagen we zijn bekende vrolijke gezicht. Hij zat midden in een drukke verhuizing, dus Laura merkte al lachend op dat dit misschien niet zo&#8217;n goed moment was om een interview te houden. Maar Ji\u0159\u00ed antwoordde op zijn kenmerkende ongedwongen manier: &#8220;Dat is het leven. Bedankt voor de pauze.&#8221;<\/p>\n<p>Na over de coronasituatie in zijn thuisland Tsjechi\u00eb te hebben verteld, gaf Ji\u0159\u00ed aan dat hij blij was dat hij weer met vrienden buiten kon fietsen, maar dat de laatste paar maanden een uitdaging waren voor iedereen. &#8220;Het was moeilijk voor iedereen, niet alleen voor de sporters. Vooral ook voor de ouderen. Ik heb zoveel mogelijk proberen te helpen. Zo ben ik regelmatig met de fiets boodschappen gaan doen voor de mensen bij mij in de buurt.&#8221;<\/p>\n<p>Alvorens de rijke carri\u00e8re van Ji\u0159\u00ed aan te roeren, wilde Laura weten waarmee hij zich sinds zijn offici\u00eble afscheid in 2017 bezighoudt. &#8220;Ik ben gestopt met professioneel wielrennen, ik ben gestopt met wedstrijden, maar ik ben nooit gestopt met fietsen. [\u2026] Ik probeer elke dag op de fiets te zitten, ik help organisatoren bij het organiseren van wedstrijden, ik bezoek graag wedstrijden, soms promoot ik ze, ik ben vaak de man met de microfoon bij de wedstrijden en ik probeer jonge renners te motiveren.&#8221; Ji\u0159\u00ed bekende dat hij zichzelf als een sociale renner beschouwt en dat hij er echt van geniet om met vrienden te fietsen. Hij is klaar met trainen en wedstrijden (misschien wel nog voor de lol). Hij fietst alleen nog voor zijn plezier. &#8220;Ik ben ambassadeur van We Love Cycling. Hierdoor heb ik nog steeds contact met mensen uit de fietswereld en de fietsindustrie. Ik vind het geweldig om over fietsen te praten, over hoe positief fietsen is voor je gezondheid en je hersenen.&#8221;<\/p>\n<figure id=\"attachment_2461\" aria-describedby=\"caption-attachment-2461\" style=\"width: 1250px\" class=\"wp-caption alignnone\"><img loading=\"lazy\" decoding=\"async\" class=\"size-full wp-image-2461\" src=\"https:\/\/d2p6e6u75xmxt8.cloudfront.net\/11\/2020\/07\/Jiri-Jezek-profimedia-0140874167.jpg\" alt=\"\" width=\"1250\" height=\"908\" \/><figcaption id=\"caption-attachment-2461\" class=\"wp-caption-text\">Ji\u0159\u00ed Je\u017eek juicht na het winnen van de gouden medaille bij de individuele tijdrit voor mannen (klasse C4) op het Brands Hatch-circuit in Zuid-Engeland op 5 september 2012. \u00a9 Profimedia<\/figcaption><\/figure>\n<p>Natuurlijk is het leven van Ji\u0159\u00ed zo uniek dat dit altijd ter sprake komt tijdens interviews. &#8220;Als kind wilde ik altijd profvoetballer worden. [\u2026] Ik speelde voor het beste team in Praag, maar om eerlijk te zijn was mijn wens om voetballer te worden groter dan mijn talent. Toen ik 11 jaar was, had ik pech toen ik een straat overstak. Ik werd aangereden door een grote vrachtwagen. Ik werd wakker in het ziekenhuis met nog maar \u00e9\u00e9n been. Dat was een moeilijk moment. Ik wilde altijd voetballer worden, maar nu kon dat niet meer.&#8221;<\/p>\n<p>Hoe moest het nu verder? Ji\u0159\u00ed vertelt dat hij zo snel mogelijk weer zijn geliefde activiteiten wilde oppakken, maar dan met behulp van een prothese. Op het moment dat hij weer kon rennen, begon hij met volleybal, basketbal en andere sporten. En met elke sport die hij weer kon beoefenen, groeide zijn zelfvertrouwen en motivatie. &#8220;Sport hielp me om mijn weg terug te vinden naar het normale leven.&#8221; Hij is blij dat hij met zijn &#8216;geef nooit op&#8217;-houding een voorbeeld is voor mensen met een beperking die moeite hebben om actief te blijven. Hij houdt motiverende speeches voor mensen die weer willen gaan sporten.<\/p>\n<p>En wie heeft er uiteindelijk voor gezorgd dat Ji\u0159\u00ed begon met paralympisch wielrennen? Dat was een van zijn pati\u00ebnten toen Ji\u0159\u00ed nog protheses maakte. Nauwelijks te geloven \u2013 de eerste Tsjechische paralympische wielrenner door louter toeval! Ze raakten aan de praat en de rest is geschiedenis, letterlijk, want Ji\u0159\u00ed werd de beste paralympische wielrenner ter wereld en een bekende paralympi\u00ebr.<\/p>\n<p>Hierboven kan je de #Ride2Unite-livestream met Ji\u0159\u00ed Je\u017eek in zijn geheel terugkijken.<\/p>\n<p>Wil je andere streams bekijken, gaan dan naar de <a href=\"https:\/\/www.instagram.com\/wlcmagazine\/\">Instagram-pagina van We Love Cycling<\/a>.<\/p>\n","protected":false},"excerpt":{"rendered":"<p>Voor onze #Ride2Unite-livestream in juni hadden we een speciale gast in onze digitale studio: &#8217;s werelds succesvolste paralympische wielrenner, de [&hellip;]<\/p>\n","protected":false},"author":66,"featured_media":2467,"comment_status":"open","ping_status":"open","sticky":false,"template":"","format":"standard","meta":{"footnotes":""},"categories":[5],"tags":[91,52,152,172,48,81],"global-categories":[],"class_list":["post-2451","post","type-post","status-publish","format-standard","has-post-thumbnail","hentry","category-wielrennen","tag-cycling","tag-fietsen","tag-ride2unite","tag-welovecycling","tag-wielrennen","tag-wielrenners"],"yoast_head":"<!-- This site is optimized with the Yoast SEO Premium plugin v25.3 (Yoast SEO v25.9) - https:\/\/yoast.com\/wordpress\/plugins\/seo\/ -->\n<title>Ji\u0159\u00ed Je\u017eek: &quot;Ik ben gestopt met professioneel wielrennen, ik ben gestopt met wedstrijden, maar ik ben nooit gestopt met fietsen.&quot; - \u0160koda - We Love Cycling - Netherland<\/title>\n<meta name=\"robots\" content=\"index, follow, max-snippet:-1, max-image-preview:large, max-video-preview:-1\" \/>\n<link rel=\"canonical\" href=\"https:\/\/www.welovecycling.com\/nl\/jiri-jezek-ik-ben-gestopt-met-professioneel-wielrennen-ik-ben-gestopt-met-wedstrijden-maar-ik-ben-nooit-gestopt-met-fietsen\/\" \/>\n<meta property=\"og:locale\" content=\"nl_NL\" \/>\n<meta property=\"og:type\" content=\"article\" \/>\n<meta property=\"og:title\" content=\"Ji\u0159\u00ed Je\u017eek: &quot;Ik ben gestopt met professioneel wielrennen, ik ben gestopt met wedstrijden, maar ik ben nooit gestopt met fietsen.&quot;\" \/>\n<meta property=\"og:description\" content=\"Voor onze #Ride2Unite-livestream in juni hadden we een speciale gast in onze digitale studio: &#8217;s werelds succesvolste paralympische wielrenner, de [&hellip;]\" \/>\n<meta property=\"og:url\" content=\"https:\/\/www.welovecycling.com\/nl\/jiri-jezek-ik-ben-gestopt-met-professioneel-wielrennen-ik-ben-gestopt-met-wedstrijden-maar-ik-ben-nooit-gestopt-met-fietsen\/\" \/>\n<meta property=\"og:site_name\" content=\"\u0160koda - We Love Cycling - Netherland\" \/>\n<meta property=\"article:published_time\" content=\"2020-07-29T07:00:07+00:00\" \/>\n<meta property=\"article:modified_time\" content=\"2020-08-04T11:58:24+00:00\" \/>\n<meta property=\"og:image\" content=\"https:\/\/d2p6e6u75xmxt8.cloudfront.net\/11\/2020\/07\/Jiri-Jezek-CVR-profimedia-0535643302.jpg\" \/>\n\t<meta property=\"og:image:width\" content=\"1366\" \/>\n\t<meta property=\"og:image:height\" content=\"600\" \/>\n\t<meta property=\"og:image:type\" content=\"image\/jpeg\" \/>\n<meta name=\"author\" content=\"samantha.nagtegaal\" \/>\n<meta name=\"twitter:card\" content=\"summary_large_image\" \/>\n<meta name=\"twitter:label1\" content=\"Written by\" \/>\n\t<meta name=\"twitter:data1\" content=\"Frantiska Blazkova\" \/>\n\t<meta name=\"twitter:label2\" content=\"Est. reading time\" \/>\n\t<meta name=\"twitter:data2\" content=\"5\" \/>\n<script type=\"application\/ld+json\" class=\"yoast-schema-graph\">{\"@context\":\"https:\/\/schema.org\",\"@graph\":[{\"@type\":\"WebPage\",\"@id\":\"https:\/\/www.welovecycling.com\/nl\/jiri-jezek-ik-ben-gestopt-met-professioneel-wielrennen-ik-ben-gestopt-met-wedstrijden-maar-ik-ben-nooit-gestopt-met-fietsen\/\",\"url\":\"https:\/\/www.welovecycling.com\/nl\/jiri-jezek-ik-ben-gestopt-met-professioneel-wielrennen-ik-ben-gestopt-met-wedstrijden-maar-ik-ben-nooit-gestopt-met-fietsen\/\",\"name\":\"Ji\u0159\u00ed Je\u017eek: \\\"Ik ben gestopt met professioneel wielrennen, ik ben gestopt met wedstrijden, maar ik ben nooit gestopt met fietsen.\\\" - \u0160koda - We Love Cycling - Netherland\",\"isPartOf\":{\"@id\":\"https:\/\/www.welovecycling.com\/nl\/#website\"},\"primaryImageOfPage\":{\"@id\":\"https:\/\/www.welovecycling.com\/nl\/jiri-jezek-ik-ben-gestopt-met-professioneel-wielrennen-ik-ben-gestopt-met-wedstrijden-maar-ik-ben-nooit-gestopt-met-fietsen\/#primaryimage\"},\"image\":{\"@id\":\"https:\/\/www.welovecycling.com\/nl\/jiri-jezek-ik-ben-gestopt-met-professioneel-wielrennen-ik-ben-gestopt-met-wedstrijden-maar-ik-ben-nooit-gestopt-met-fietsen\/#primaryimage\"},\"thumbnailUrl\":\"https:\/\/d2p6e6u75xmxt8.cloudfront.net\/11\/2020\/07\/Jiri-Jezek-CVR-profimedia-0535643302.jpg\",\"datePublished\":\"2020-07-29T07:00:07+00:00\",\"dateModified\":\"2020-08-04T11:58:24+00:00\",\"author\":{\"@id\":\"https:\/\/www.welovecycling.com\/nl\/#\/schema\/person\/5a7f59bdb6c392ff4fdf740b5e48fb83\"},\"breadcrumb\":{\"@id\":\"https:\/\/www.welovecycling.com\/nl\/jiri-jezek-ik-ben-gestopt-met-professioneel-wielrennen-ik-ben-gestopt-met-wedstrijden-maar-ik-ben-nooit-gestopt-met-fietsen\/#breadcrumb\"},\"inLanguage\":\"nl\",\"potentialAction\":[{\"@type\":\"ReadAction\",\"target\":[\"https:\/\/www.welovecycling.com\/nl\/jiri-jezek-ik-ben-gestopt-met-professioneel-wielrennen-ik-ben-gestopt-met-wedstrijden-maar-ik-ben-nooit-gestopt-met-fietsen\/\"]}]},{\"@type\":\"ImageObject\",\"inLanguage\":\"nl\",\"@id\":\"https:\/\/www.welovecycling.com\/nl\/jiri-jezek-ik-ben-gestopt-met-professioneel-wielrennen-ik-ben-gestopt-met-wedstrijden-maar-ik-ben-nooit-gestopt-met-fietsen\/#primaryimage\",\"url\":\"https:\/\/d2p6e6u75xmxt8.cloudfront.net\/11\/2020\/07\/Jiri-Jezek-CVR-profimedia-0535643302.jpg\",\"contentUrl\":\"https:\/\/d2p6e6u75xmxt8.cloudfront.net\/11\/2020\/07\/Jiri-Jezek-CVR-profimedia-0535643302.jpg\",\"width\":1366,\"height\":600},{\"@type\":\"BreadcrumbList\",\"@id\":\"https:\/\/www.welovecycling.com\/nl\/jiri-jezek-ik-ben-gestopt-met-professioneel-wielrennen-ik-ben-gestopt-met-wedstrijden-maar-ik-ben-nooit-gestopt-met-fietsen\/#breadcrumb\",\"itemListElement\":[{\"@type\":\"ListItem\",\"position\":1,\"name\":\"Home\",\"item\":\"https:\/\/www.welovecycling.com\/nl\/\"},{\"@type\":\"ListItem\",\"position\":2,\"name\":\"Ji\u0159\u00ed Je\u017eek: &#8220;Ik ben gestopt met professioneel wielrennen, ik ben gestopt met wedstrijden, maar ik ben nooit gestopt met fietsen.&#8221;\"}]},{\"@type\":\"WebSite\",\"@id\":\"https:\/\/www.welovecycling.com\/nl\/#website\",\"url\":\"https:\/\/www.welovecycling.com\/nl\/\",\"name\":\"\u0160koda - We Love Cycling - Netherland\",\"description\":\"\u0160koda We Love Cycling - Netherland\",\"potentialAction\":[{\"@type\":\"SearchAction\",\"target\":{\"@type\":\"EntryPoint\",\"urlTemplate\":\"https:\/\/www.welovecycling.com\/nl\/?s={search_term_string}\"},\"query-input\":{\"@type\":\"PropertyValueSpecification\",\"valueRequired\":true,\"valueName\":\"search_term_string\"}}],\"inLanguage\":\"nl\"},{\"@type\":\"Person\",\"@id\":\"https:\/\/www.welovecycling.com\/nl\/#\/schema\/person\/5a7f59bdb6c392ff4fdf740b5e48fb83\",\"name\":\"samantha.nagtegaal\",\"image\":{\"@type\":\"ImageObject\",\"inLanguage\":\"nl\",\"@id\":\"https:\/\/www.welovecycling.com\/nl\/#\/schema\/person\/image\/\",\"url\":\"https:\/\/secure.gravatar.com\/avatar\/6d90ff989aecff3fcab36f9542f65fd95b368a0b347550ef2901567fbcb1cd38?s=96&d=mm&r=g\",\"contentUrl\":\"https:\/\/secure.gravatar.com\/avatar\/6d90ff989aecff3fcab36f9542f65fd95b368a0b347550ef2901567fbcb1cd38?s=96&d=mm&r=g\",\"caption\":\"samantha.nagtegaal\"},\"url\":\"https:\/\/www.welovecycling.com\/nl\/author\/samantha-nagtegaal\/\"}]}<\/script>\n<!-- \/ Yoast SEO Premium plugin. -->","yoast_head_json":{"title":"Ji\u0159\u00ed Je\u017eek: \"Ik ben gestopt met professioneel wielrennen, ik ben gestopt met wedstrijden, maar ik ben nooit gestopt met fietsen.\" - \u0160koda - We Love Cycling - Netherland","robots":{"index":"index","follow":"follow","max-snippet":"max-snippet:-1","max-image-preview":"max-image-preview:large","max-video-preview":"max-video-preview:-1"},"canonical":"https:\/\/www.welovecycling.com\/nl\/jiri-jezek-ik-ben-gestopt-met-professioneel-wielrennen-ik-ben-gestopt-met-wedstrijden-maar-ik-ben-nooit-gestopt-met-fietsen\/","og_locale":"nl_NL","og_type":"article","og_title":"Ji\u0159\u00ed Je\u017eek: \"Ik ben gestopt met professioneel wielrennen, ik ben gestopt met wedstrijden, maar ik ben nooit gestopt met fietsen.\"","og_description":"Voor onze #Ride2Unite-livestream in juni hadden we een speciale gast in onze digitale studio: &#8217;s werelds succesvolste paralympische wielrenner, de [&hellip;]","og_url":"https:\/\/www.welovecycling.com\/nl\/jiri-jezek-ik-ben-gestopt-met-professioneel-wielrennen-ik-ben-gestopt-met-wedstrijden-maar-ik-ben-nooit-gestopt-met-fietsen\/","og_site_name":"\u0160koda - We Love Cycling - Netherland","article_published_time":"2020-07-29T07:00:07+00:00","article_modified_time":"2020-08-04T11:58:24+00:00","og_image":[{"width":1366,"height":600,"url":"https:\/\/d2p6e6u75xmxt8.cloudfront.net\/11\/2020\/07\/Jiri-Jezek-CVR-profimedia-0535643302.jpg","type":"image\/jpeg"}],"author":"samantha.nagtegaal","twitter_card":"summary_large_image","twitter_misc":{"Written by":"Frantiska Blazkova","Est. reading time":"5"},"schema":{"@context":"https:\/\/schema.org","@graph":[{"@type":"WebPage","@id":"https:\/\/www.welovecycling.com\/nl\/jiri-jezek-ik-ben-gestopt-met-professioneel-wielrennen-ik-ben-gestopt-met-wedstrijden-maar-ik-ben-nooit-gestopt-met-fietsen\/","url":"https:\/\/www.welovecycling.com\/nl\/jiri-jezek-ik-ben-gestopt-met-professioneel-wielrennen-ik-ben-gestopt-met-wedstrijden-maar-ik-ben-nooit-gestopt-met-fietsen\/","name":"Ji\u0159\u00ed Je\u017eek: \"Ik ben gestopt met professioneel wielrennen, ik ben gestopt met wedstrijden, maar ik ben nooit gestopt met fietsen.\" - \u0160koda - We Love Cycling - Netherland","isPartOf":{"@id":"https:\/\/www.welovecycling.com\/nl\/#website"},"primaryImageOfPage":{"@id":"https:\/\/www.welovecycling.com\/nl\/jiri-jezek-ik-ben-gestopt-met-professioneel-wielrennen-ik-ben-gestopt-met-wedstrijden-maar-ik-ben-nooit-gestopt-met-fietsen\/#primaryimage"},"image":{"@id":"https:\/\/www.welovecycling.com\/nl\/jiri-jezek-ik-ben-gestopt-met-professioneel-wielrennen-ik-ben-gestopt-met-wedstrijden-maar-ik-ben-nooit-gestopt-met-fietsen\/#primaryimage"},"thumbnailUrl":"https:\/\/d2p6e6u75xmxt8.cloudfront.net\/11\/2020\/07\/Jiri-Jezek-CVR-profimedia-0535643302.jpg","datePublished":"2020-07-29T07:00:07+00:00","dateModified":"2020-08-04T11:58:24+00:00","author":{"@id":"https:\/\/www.welovecycling.com\/nl\/#\/schema\/person\/5a7f59bdb6c392ff4fdf740b5e48fb83"},"breadcrumb":{"@id":"https:\/\/www.welovecycling.com\/nl\/jiri-jezek-ik-ben-gestopt-met-professioneel-wielrennen-ik-ben-gestopt-met-wedstrijden-maar-ik-ben-nooit-gestopt-met-fietsen\/#breadcrumb"},"inLanguage":"nl","potentialAction":[{"@type":"ReadAction","target":["https:\/\/www.welovecycling.com\/nl\/jiri-jezek-ik-ben-gestopt-met-professioneel-wielrennen-ik-ben-gestopt-met-wedstrijden-maar-ik-ben-nooit-gestopt-met-fietsen\/"]}]},{"@type":"ImageObject","inLanguage":"nl","@id":"https:\/\/www.welovecycling.com\/nl\/jiri-jezek-ik-ben-gestopt-met-professioneel-wielrennen-ik-ben-gestopt-met-wedstrijden-maar-ik-ben-nooit-gestopt-met-fietsen\/#primaryimage","url":"https:\/\/d2p6e6u75xmxt8.cloudfront.net\/11\/2020\/07\/Jiri-Jezek-CVR-profimedia-0535643302.jpg","contentUrl":"https:\/\/d2p6e6u75xmxt8.cloudfront.net\/11\/2020\/07\/Jiri-Jezek-CVR-profimedia-0535643302.jpg","width":1366,"height":600},{"@type":"BreadcrumbList","@id":"https:\/\/www.welovecycling.com\/nl\/jiri-jezek-ik-ben-gestopt-met-professioneel-wielrennen-ik-ben-gestopt-met-wedstrijden-maar-ik-ben-nooit-gestopt-met-fietsen\/#breadcrumb","itemListElement":[{"@type":"ListItem","position":1,"name":"Home","item":"https:\/\/www.welovecycling.com\/nl\/"},{"@type":"ListItem","position":2,"name":"Ji\u0159\u00ed Je\u017eek: &#8220;Ik ben gestopt met professioneel wielrennen, ik ben gestopt met wedstrijden, maar ik ben nooit gestopt met fietsen.&#8221;"}]},{"@type":"WebSite","@id":"https:\/\/www.welovecycling.com\/nl\/#website","url":"https:\/\/www.welovecycling.com\/nl\/","name":"\u0160koda - We Love Cycling - Netherland","description":"\u0160koda We Love Cycling - Netherland","potentialAction":[{"@type":"SearchAction","target":{"@type":"EntryPoint","urlTemplate":"https:\/\/www.welovecycling.com\/nl\/?s={search_term_string}"},"query-input":{"@type":"PropertyValueSpecification","valueRequired":true,"valueName":"search_term_string"}}],"inLanguage":"nl"},{"@type":"Person","@id":"https:\/\/www.welovecycling.com\/nl\/#\/schema\/person\/5a7f59bdb6c392ff4fdf740b5e48fb83","name":"samantha.nagtegaal","image":{"@type":"ImageObject","inLanguage":"nl","@id":"https:\/\/www.welovecycling.com\/nl\/#\/schema\/person\/image\/","url":"https:\/\/secure.gravatar.com\/avatar\/6d90ff989aecff3fcab36f9542f65fd95b368a0b347550ef2901567fbcb1cd38?s=96&d=mm&r=g","contentUrl":"https:\/\/secure.gravatar.com\/avatar\/6d90ff989aecff3fcab36f9542f65fd95b368a0b347550ef2901567fbcb1cd38?s=96&d=mm&r=g","caption":"samantha.nagtegaal"},"url":"https:\/\/www.welovecycling.com\/nl\/author\/samantha-nagtegaal\/"}]}},"_links":{"self":[{"href":"https:\/\/www.welovecycling.com\/nl\/wp-json\/wp\/v2\/posts\/2451","targetHints":{"allow":["GET"]}}],"collection":[{"href":"https:\/\/www.welovecycling.com\/nl\/wp-json\/wp\/v2\/posts"}],"about":[{"href":"https:\/\/www.welovecycling.com\/nl\/wp-json\/wp\/v2\/types\/post"}],"author":[{"embeddable":true,"href":"https:\/\/www.welovecycling.com\/nl\/wp-json\/wp\/v2\/users\/66"}],"replies":[{"embeddable":true,"href":"https:\/\/www.welovecycling.com\/nl\/wp-json\/wp\/v2\/comments?post=2451"}],"version-history":[{"count":2,"href":"https:\/\/www.welovecycling.com\/nl\/wp-json\/wp\/v2\/posts\/2451\/revisions"}],"predecessor-version":[{"id":2509,"href":"https:\/\/www.welovecycling.com\/nl\/wp-json\/wp\/v2\/posts\/2451\/revisions\/2509"}],"wp:featuredmedia":[{"embeddable":true,"href":"https:\/\/www.welovecycling.com\/nl\/wp-json\/wp\/v2\/media\/2467"}],"wp:attachment":[{"href":"https:\/\/www.welovecycling.com\/nl\/wp-json\/wp\/v2\/media?parent=2451"}],"wp:term":[{"taxonomy":"category","embeddable":true,"href":"https:\/\/www.welovecycling.com\/nl\/wp-json\/wp\/v2\/categories?post=2451"},{"taxonomy":"post_tag","embeddable":true,"href":"https:\/\/www.welovecycling.com\/nl\/wp-json\/wp\/v2\/tags?post=2451"},{"taxonomy":"global-categories","embeddable":true,"href":"https:\/\/www.welovecycling.com\/nl\/wp-json\/wp\/v2\/global-categories?post=2451"}],"curies":[{"name":"wp","href":"https:\/\/api.w.org\/{rel}","templated":true}]}}