{"id":2380,"date":"2020-06-30T16:52:47","date_gmt":"2020-06-30T14:52:47","guid":{"rendered":"https:\/\/www.welovecycling.com\/nl\/?p=2380"},"modified":"2020-06-30T16:52:47","modified_gmt":"2020-06-30T14:52:47","slug":"een-nieuwe-ride2unite-met-jiri-jezek-tsjechische-paralympier-en-voormalig-wegrenner-met-een-onbreekbare-geest","status":"publish","type":"post","link":"https:\/\/www.welovecycling.com\/nl\/een-nieuwe-ride2unite-met-jiri-jezek-tsjechische-paralympier-en-voormalig-wegrenner-met-een-onbreekbare-geest\/","title":{"rendered":"Een nieuwe #Ride2Unite met Ji\u0159\u00ed Je\u017eek, Tsjechische paralympi\u00ebr en voormalig wegrenner met een onbreekbare geest"},"content":{"rendered":"<p><strong>TDe serie #Ride2Unite gaat verder met weer een andere wielergrootheid, dit keer met voormalig weg- en baanwielrenner Ji\u0159\u00ed Je\u017eek uit Tsjechi\u00eb, een van de succesvolste paralympische wielrenners in de geschiedenis, die onlangs is uitgeroepen tot een van de grootste atleten van de 21e eeuw. Onze host Laura Meseguer praat met hem over zijn leven en carri\u00e8re. Noteer de datum van dit inspirerende en vermakelijke interview. Het livestream interview wordt uitgezonden op We Love Cycling IG TV op woensdag 1 juli om 18.00 uur. <\/strong><!--more--><\/p>\n<p>Ji\u0159\u00ed Je\u017eek verloor zijn rechterbeen onder de knie toen hij 11 was en hij aangereden werd door een vrachtwagen toen hij de straat overstak. Zoals Ji\u0159\u00ed in een interview voor We Love Cycling enkele jaren geleden zei, was het ongeluk voor hem de wake-upcall om zijn droom na te jagen, namelijk professioneel sporter worden. Hij beweert dat de ervaring hem heeft gesterkt en hem als persoon heeft gevormd. Hij begon zijn grenzen te verleggen en tegen de tijd dat hij 20 jaar oud was, had hij wielrennen als hobby opgepakt. Na vijf jaar hard trainen was Je\u017eek een van de toppers in de paralympische LC2-categorie. Het eerste grote succes waren twee gouden medailles op de Paralympische Spelen van 2000 in Sydney, die hem, naast zijn charmante karakter en vastberadenheid, onder de aandacht van sponsoren brachten, waardoor hij zijn baan als prothesetechnicus kon opzeggen en een professionele wielercarri\u00e8re kon beginnen. Vervolgens won hij de prestigieuze paralympische race in Athene in 2004, goud op de Paralympische Spelen in Peking 2008 en Rio 2016, verschillende andere kampioenschappen en talrijke wedstrijden. <\/p>\n<p>Hij is ook de voormalige aanvoerder van het Tsjechische paralympische team. Als prof nam hij elk jaar deel aan zo&#8217;n 55 tot 75 wedstrijden. Inclusief training legde hij jaarlijks gemiddeld 27.000 tot 30.000 kilometer af. In 2008 schreef hij een autobiografie met de titel &#8220;Frajer&#8221;. Op 14 oktober 2017, 43 jaar oud, kondigde Je\u017eek zijn afscheid van de professionele wielersport aan. Toch zit hij nog regelmatig op de fiets. Verder is hij actief als wielercoach en is hij een van de opvallendste wielerambassadeurs van \u0160koda. Ook geeft hij regelmatig motiverende speeches, ondersteunt hij goede doelen en houdt hij zich bezig met het organiseren van wielerwedstrijden voor kinderen en het adviseren bij de ontwikkeling van prothetische ledematen.<\/p>\n<p>Ben je benieuwd naar zijn verfrissende standpunten en naar de wereld van het paralympische wielrennen, kijk dan woensdag 1 juli om 18.00 uur op onze <a href=\"https:\/\/www.instagram.com\/wlcmagazine\/\">WeLoveCycling Instagram pagina <\/a><\/strong>.<\/p>\n<p>Wil je het voerige interview van de serie #Ride2Unite terugzien met de Belg Philippe Gilbert, de koning van de klassiekers, klik dan <a href=\"https:\/\/www.instagram.com\/tv\/CB0t95UFJde\/\">hier<\/a>. <\/p>\n","protected":false},"excerpt":{"rendered":"<p>TDe serie #Ride2Unite gaat verder met weer een andere wielergrootheid, dit keer met voormalig weg- en baanwielrenner Ji\u0159\u00ed Je\u017eek uit [&hellip;]<\/p>\n","protected":false},"author":66,"featured_media":2383,"comment_status":"open","ping_status":"open","sticky":false,"template":"","format":"standard","meta":{"footnotes":""},"categories":[5],"tags":[91,171,152,48,81],"global-categories":[],"class_list":["post-2380","post","type-post","status-publish","format-standard","has-post-thumbnail","hentry","category-wielrennen","tag-cycling","tag-paralympier","tag-ride2unite","tag-wielrennen","tag-wielrenners"],"yoast_head":"<!-- This site is optimized with the Yoast SEO Premium plugin v25.3 (Yoast SEO v25.9) - https:\/\/yoast.com\/wordpress\/plugins\/seo\/ -->\n<title>Een nieuwe #Ride2Unite met Ji\u0159\u00ed Je\u017eek, Tsjechische paralympi\u00ebr en voormalig wegrenner met een onbreekbare geest - \u0160koda - We Love Cycling - Netherland<\/title>\n<meta name=\"robots\" content=\"index, follow, max-snippet:-1, max-image-preview:large, max-video-preview:-1\" \/>\n<link rel=\"canonical\" href=\"https:\/\/www.welovecycling.com\/nl\/een-nieuwe-ride2unite-met-jiri-jezek-tsjechische-paralympier-en-voormalig-wegrenner-met-een-onbreekbare-geest\/\" \/>\n<meta property=\"og:locale\" content=\"nl_NL\" \/>\n<meta property=\"og:type\" content=\"article\" \/>\n<meta property=\"og:title\" content=\"Een nieuwe #Ride2Unite met Ji\u0159\u00ed Je\u017eek, Tsjechische paralympi\u00ebr en voormalig wegrenner met een onbreekbare geest\" \/>\n<meta property=\"og:description\" content=\"TDe serie #Ride2Unite gaat verder met weer een andere wielergrootheid, dit keer met voormalig weg- en baanwielrenner Ji\u0159\u00ed Je\u017eek uit [&hellip;]\" \/>\n<meta property=\"og:url\" content=\"https:\/\/www.welovecycling.com\/nl\/een-nieuwe-ride2unite-met-jiri-jezek-tsjechische-paralympier-en-voormalig-wegrenner-met-een-onbreekbare-geest\/\" \/>\n<meta property=\"og:site_name\" content=\"\u0160koda - We Love Cycling - Netherland\" \/>\n<meta property=\"article:published_time\" content=\"2020-06-30T14:52:47+00:00\" \/>\n<meta property=\"og:image\" content=\"https:\/\/d2p6e6u75xmxt8.cloudfront.net\/11\/2020\/06\/Jezek-CVR.jpg\" \/>\n\t<meta property=\"og:image:width\" content=\"1366\" \/>\n\t<meta property=\"og:image:height\" content=\"600\" \/>\n\t<meta property=\"og:image:type\" content=\"image\/jpeg\" \/>\n<meta name=\"author\" content=\"samantha.nagtegaal\" \/>\n<meta name=\"twitter:card\" content=\"summary_large_image\" \/>\n<meta name=\"twitter:label1\" content=\"Written by\" \/>\n\t<meta name=\"twitter:data1\" content=\"Frantiska Blazkova\" \/>\n\t<meta name=\"twitter:label2\" content=\"Est. reading time\" \/>\n\t<meta name=\"twitter:data2\" content=\"4\" \/>\n<script type=\"application\/ld+json\" class=\"yoast-schema-graph\">{\"@context\":\"https:\/\/schema.org\",\"@graph\":[{\"@type\":\"WebPage\",\"@id\":\"https:\/\/www.welovecycling.com\/nl\/een-nieuwe-ride2unite-met-jiri-jezek-tsjechische-paralympier-en-voormalig-wegrenner-met-een-onbreekbare-geest\/\",\"url\":\"https:\/\/www.welovecycling.com\/nl\/een-nieuwe-ride2unite-met-jiri-jezek-tsjechische-paralympier-en-voormalig-wegrenner-met-een-onbreekbare-geest\/\",\"name\":\"Een nieuwe #Ride2Unite met Ji\u0159\u00ed Je\u017eek, Tsjechische paralympi\u00ebr en voormalig wegrenner met een onbreekbare geest - \u0160koda - We Love Cycling - Netherland\",\"isPartOf\":{\"@id\":\"https:\/\/www.welovecycling.com\/nl\/#website\"},\"primaryImageOfPage\":{\"@id\":\"https:\/\/www.welovecycling.com\/nl\/een-nieuwe-ride2unite-met-jiri-jezek-tsjechische-paralympier-en-voormalig-wegrenner-met-een-onbreekbare-geest\/#primaryimage\"},\"image\":{\"@id\":\"https:\/\/www.welovecycling.com\/nl\/een-nieuwe-ride2unite-met-jiri-jezek-tsjechische-paralympier-en-voormalig-wegrenner-met-een-onbreekbare-geest\/#primaryimage\"},\"thumbnailUrl\":\"https:\/\/d2p6e6u75xmxt8.cloudfront.net\/11\/2020\/06\/Jezek-CVR.jpg\",\"datePublished\":\"2020-06-30T14:52:47+00:00\",\"author\":{\"@id\":\"https:\/\/www.welovecycling.com\/nl\/#\/schema\/person\/5a7f59bdb6c392ff4fdf740b5e48fb83\"},\"breadcrumb\":{\"@id\":\"https:\/\/www.welovecycling.com\/nl\/een-nieuwe-ride2unite-met-jiri-jezek-tsjechische-paralympier-en-voormalig-wegrenner-met-een-onbreekbare-geest\/#breadcrumb\"},\"inLanguage\":\"nl\",\"potentialAction\":[{\"@type\":\"ReadAction\",\"target\":[\"https:\/\/www.welovecycling.com\/nl\/een-nieuwe-ride2unite-met-jiri-jezek-tsjechische-paralympier-en-voormalig-wegrenner-met-een-onbreekbare-geest\/\"]}]},{\"@type\":\"ImageObject\",\"inLanguage\":\"nl\",\"@id\":\"https:\/\/www.welovecycling.com\/nl\/een-nieuwe-ride2unite-met-jiri-jezek-tsjechische-paralympier-en-voormalig-wegrenner-met-een-onbreekbare-geest\/#primaryimage\",\"url\":\"https:\/\/d2p6e6u75xmxt8.cloudfront.net\/11\/2020\/06\/Jezek-CVR.jpg\",\"contentUrl\":\"https:\/\/d2p6e6u75xmxt8.cloudfront.net\/11\/2020\/06\/Jezek-CVR.jpg\",\"width\":1366,\"height\":600},{\"@type\":\"BreadcrumbList\",\"@id\":\"https:\/\/www.welovecycling.com\/nl\/een-nieuwe-ride2unite-met-jiri-jezek-tsjechische-paralympier-en-voormalig-wegrenner-met-een-onbreekbare-geest\/#breadcrumb\",\"itemListElement\":[{\"@type\":\"ListItem\",\"position\":1,\"name\":\"Home\",\"item\":\"https:\/\/www.welovecycling.com\/nl\/\"},{\"@type\":\"ListItem\",\"position\":2,\"name\":\"Een nieuwe #Ride2Unite met Ji\u0159\u00ed Je\u017eek, Tsjechische paralympi\u00ebr en voormalig wegrenner met een onbreekbare geest\"}]},{\"@type\":\"WebSite\",\"@id\":\"https:\/\/www.welovecycling.com\/nl\/#website\",\"url\":\"https:\/\/www.welovecycling.com\/nl\/\",\"name\":\"\u0160koda - We Love Cycling - Netherland\",\"description\":\"\u0160koda We Love Cycling - Netherland\",\"potentialAction\":[{\"@type\":\"SearchAction\",\"target\":{\"@type\":\"EntryPoint\",\"urlTemplate\":\"https:\/\/www.welovecycling.com\/nl\/?s={search_term_string}\"},\"query-input\":{\"@type\":\"PropertyValueSpecification\",\"valueRequired\":true,\"valueName\":\"search_term_string\"}}],\"inLanguage\":\"nl\"},{\"@type\":\"Person\",\"@id\":\"https:\/\/www.welovecycling.com\/nl\/#\/schema\/person\/5a7f59bdb6c392ff4fdf740b5e48fb83\",\"name\":\"samantha.nagtegaal\",\"image\":{\"@type\":\"ImageObject\",\"inLanguage\":\"nl\",\"@id\":\"https:\/\/www.welovecycling.com\/nl\/#\/schema\/person\/image\/\",\"url\":\"https:\/\/secure.gravatar.com\/avatar\/6d90ff989aecff3fcab36f9542f65fd95b368a0b347550ef2901567fbcb1cd38?s=96&d=mm&r=g\",\"contentUrl\":\"https:\/\/secure.gravatar.com\/avatar\/6d90ff989aecff3fcab36f9542f65fd95b368a0b347550ef2901567fbcb1cd38?s=96&d=mm&r=g\",\"caption\":\"samantha.nagtegaal\"},\"url\":\"https:\/\/www.welovecycling.com\/nl\/author\/samantha-nagtegaal\/\"}]}<\/script>\n<!-- \/ Yoast SEO Premium plugin. -->","yoast_head_json":{"title":"Een nieuwe #Ride2Unite met Ji\u0159\u00ed Je\u017eek, Tsjechische paralympi\u00ebr en voormalig wegrenner met een onbreekbare geest - \u0160koda - We Love Cycling - Netherland","robots":{"index":"index","follow":"follow","max-snippet":"max-snippet:-1","max-image-preview":"max-image-preview:large","max-video-preview":"max-video-preview:-1"},"canonical":"https:\/\/www.welovecycling.com\/nl\/een-nieuwe-ride2unite-met-jiri-jezek-tsjechische-paralympier-en-voormalig-wegrenner-met-een-onbreekbare-geest\/","og_locale":"nl_NL","og_type":"article","og_title":"Een nieuwe #Ride2Unite met Ji\u0159\u00ed Je\u017eek, Tsjechische paralympi\u00ebr en voormalig wegrenner met een onbreekbare geest","og_description":"TDe serie #Ride2Unite gaat verder met weer een andere wielergrootheid, dit keer met voormalig weg- en baanwielrenner Ji\u0159\u00ed Je\u017eek uit [&hellip;]","og_url":"https:\/\/www.welovecycling.com\/nl\/een-nieuwe-ride2unite-met-jiri-jezek-tsjechische-paralympier-en-voormalig-wegrenner-met-een-onbreekbare-geest\/","og_site_name":"\u0160koda - We Love Cycling - Netherland","article_published_time":"2020-06-30T14:52:47+00:00","og_image":[{"width":1366,"height":600,"url":"https:\/\/d2p6e6u75xmxt8.cloudfront.net\/11\/2020\/06\/Jezek-CVR.jpg","type":"image\/jpeg"}],"author":"samantha.nagtegaal","twitter_card":"summary_large_image","twitter_misc":{"Written by":"Frantiska Blazkova","Est. reading time":"4"},"schema":{"@context":"https:\/\/schema.org","@graph":[{"@type":"WebPage","@id":"https:\/\/www.welovecycling.com\/nl\/een-nieuwe-ride2unite-met-jiri-jezek-tsjechische-paralympier-en-voormalig-wegrenner-met-een-onbreekbare-geest\/","url":"https:\/\/www.welovecycling.com\/nl\/een-nieuwe-ride2unite-met-jiri-jezek-tsjechische-paralympier-en-voormalig-wegrenner-met-een-onbreekbare-geest\/","name":"Een nieuwe #Ride2Unite met Ji\u0159\u00ed Je\u017eek, Tsjechische paralympi\u00ebr en voormalig wegrenner met een onbreekbare geest - \u0160koda - We Love Cycling - Netherland","isPartOf":{"@id":"https:\/\/www.welovecycling.com\/nl\/#website"},"primaryImageOfPage":{"@id":"https:\/\/www.welovecycling.com\/nl\/een-nieuwe-ride2unite-met-jiri-jezek-tsjechische-paralympier-en-voormalig-wegrenner-met-een-onbreekbare-geest\/#primaryimage"},"image":{"@id":"https:\/\/www.welovecycling.com\/nl\/een-nieuwe-ride2unite-met-jiri-jezek-tsjechische-paralympier-en-voormalig-wegrenner-met-een-onbreekbare-geest\/#primaryimage"},"thumbnailUrl":"https:\/\/d2p6e6u75xmxt8.cloudfront.net\/11\/2020\/06\/Jezek-CVR.jpg","datePublished":"2020-06-30T14:52:47+00:00","author":{"@id":"https:\/\/www.welovecycling.com\/nl\/#\/schema\/person\/5a7f59bdb6c392ff4fdf740b5e48fb83"},"breadcrumb":{"@id":"https:\/\/www.welovecycling.com\/nl\/een-nieuwe-ride2unite-met-jiri-jezek-tsjechische-paralympier-en-voormalig-wegrenner-met-een-onbreekbare-geest\/#breadcrumb"},"inLanguage":"nl","potentialAction":[{"@type":"ReadAction","target":["https:\/\/www.welovecycling.com\/nl\/een-nieuwe-ride2unite-met-jiri-jezek-tsjechische-paralympier-en-voormalig-wegrenner-met-een-onbreekbare-geest\/"]}]},{"@type":"ImageObject","inLanguage":"nl","@id":"https:\/\/www.welovecycling.com\/nl\/een-nieuwe-ride2unite-met-jiri-jezek-tsjechische-paralympier-en-voormalig-wegrenner-met-een-onbreekbare-geest\/#primaryimage","url":"https:\/\/d2p6e6u75xmxt8.cloudfront.net\/11\/2020\/06\/Jezek-CVR.jpg","contentUrl":"https:\/\/d2p6e6u75xmxt8.cloudfront.net\/11\/2020\/06\/Jezek-CVR.jpg","width":1366,"height":600},{"@type":"BreadcrumbList","@id":"https:\/\/www.welovecycling.com\/nl\/een-nieuwe-ride2unite-met-jiri-jezek-tsjechische-paralympier-en-voormalig-wegrenner-met-een-onbreekbare-geest\/#breadcrumb","itemListElement":[{"@type":"ListItem","position":1,"name":"Home","item":"https:\/\/www.welovecycling.com\/nl\/"},{"@type":"ListItem","position":2,"name":"Een nieuwe #Ride2Unite met Ji\u0159\u00ed Je\u017eek, Tsjechische paralympi\u00ebr en voormalig wegrenner met een onbreekbare geest"}]},{"@type":"WebSite","@id":"https:\/\/www.welovecycling.com\/nl\/#website","url":"https:\/\/www.welovecycling.com\/nl\/","name":"\u0160koda - We Love Cycling - Netherland","description":"\u0160koda We Love Cycling - Netherland","potentialAction":[{"@type":"SearchAction","target":{"@type":"EntryPoint","urlTemplate":"https:\/\/www.welovecycling.com\/nl\/?s={search_term_string}"},"query-input":{"@type":"PropertyValueSpecification","valueRequired":true,"valueName":"search_term_string"}}],"inLanguage":"nl"},{"@type":"Person","@id":"https:\/\/www.welovecycling.com\/nl\/#\/schema\/person\/5a7f59bdb6c392ff4fdf740b5e48fb83","name":"samantha.nagtegaal","image":{"@type":"ImageObject","inLanguage":"nl","@id":"https:\/\/www.welovecycling.com\/nl\/#\/schema\/person\/image\/","url":"https:\/\/secure.gravatar.com\/avatar\/6d90ff989aecff3fcab36f9542f65fd95b368a0b347550ef2901567fbcb1cd38?s=96&d=mm&r=g","contentUrl":"https:\/\/secure.gravatar.com\/avatar\/6d90ff989aecff3fcab36f9542f65fd95b368a0b347550ef2901567fbcb1cd38?s=96&d=mm&r=g","caption":"samantha.nagtegaal"},"url":"https:\/\/www.welovecycling.com\/nl\/author\/samantha-nagtegaal\/"}]}},"_links":{"self":[{"href":"https:\/\/www.welovecycling.com\/nl\/wp-json\/wp\/v2\/posts\/2380","targetHints":{"allow":["GET"]}}],"collection":[{"href":"https:\/\/www.welovecycling.com\/nl\/wp-json\/wp\/v2\/posts"}],"about":[{"href":"https:\/\/www.welovecycling.com\/nl\/wp-json\/wp\/v2\/types\/post"}],"author":[{"embeddable":true,"href":"https:\/\/www.welovecycling.com\/nl\/wp-json\/wp\/v2\/users\/66"}],"replies":[{"embeddable":true,"href":"https:\/\/www.welovecycling.com\/nl\/wp-json\/wp\/v2\/comments?post=2380"}],"version-history":[{"count":2,"href":"https:\/\/www.welovecycling.com\/nl\/wp-json\/wp\/v2\/posts\/2380\/revisions"}],"predecessor-version":[{"id":2388,"href":"https:\/\/www.welovecycling.com\/nl\/wp-json\/wp\/v2\/posts\/2380\/revisions\/2388"}],"wp:featuredmedia":[{"embeddable":true,"href":"https:\/\/www.welovecycling.com\/nl\/wp-json\/wp\/v2\/media\/2383"}],"wp:attachment":[{"href":"https:\/\/www.welovecycling.com\/nl\/wp-json\/wp\/v2\/media?parent=2380"}],"wp:term":[{"taxonomy":"category","embeddable":true,"href":"https:\/\/www.welovecycling.com\/nl\/wp-json\/wp\/v2\/categories?post=2380"},{"taxonomy":"post_tag","embeddable":true,"href":"https:\/\/www.welovecycling.com\/nl\/wp-json\/wp\/v2\/tags?post=2380"},{"taxonomy":"global-categories","embeddable":true,"href":"https:\/\/www.welovecycling.com\/nl\/wp-json\/wp\/v2\/global-categories?post=2380"}],"curies":[{"name":"wp","href":"https:\/\/api.w.org\/{rel}","templated":true}]}}