{"id":2359,"date":"2020-06-30T08:23:36","date_gmt":"2020-06-30T06:23:36","guid":{"rendered":"https:\/\/www.welovecycling.com\/nl\/?p=2359"},"modified":"2020-06-30T08:23:36","modified_gmt":"2020-06-30T06:23:36","slug":"egan-bernal-het-winnen-van-de-tour-de-france-werkt-verslavend","status":"publish","type":"post","link":"https:\/\/www.welovecycling.com\/nl\/egan-bernal-het-winnen-van-de-tour-de-france-werkt-verslavend\/","title":{"rendered":"Egan Bernal: Het winnen van de Tour de France werkt verslavend"},"content":{"rendered":"<p><strong>De Colombiaan gaf al aan dat hij zich tijdens de Tour niet zou opofferen voor Froome of Thomas. Laat de koers maar bepalen wie de kopman van Ineos wordt. En de jongste Tourwinnaar van de moderne tijd is ervan overtuigd dat hij dat zal zijn. Zijn Strava laat zien dat hij in juni de trainingskilometers heeft opgevoerd. In de eerste week van deze maand heeft Bernal al 34 uur op de fiets gezeten en 1161 kilometer afgelegd in zeven ritten. Waarom? Het winnen van de Tour is iets heel bijzonders.<\/strong><br \/>\n<!--more--><\/p>\n<p>&#8220;Er gaat niets boven het winnen van de Tour de France,&#8221; vertelde Bernal France TV Sport. &#8220;Het werkt verslavend. Als je er eenmaal aan hebt geproefd, wil je niet meer anders. Je wilt meer en meer, je krijgt nooit genoeg.<\/p>\n<figure id=\"attachment_2363\" aria-describedby=\"caption-attachment-2363\" style=\"width: 1250px\" class=\"wp-caption alignnone\"><img loading=\"lazy\" decoding=\"async\" class=\"size-full wp-image-2363\" src=\"https:\/\/d2p6e6u75xmxt8.cloudfront.net\/11\/2020\/06\/profimedia-0459890617.jpg\" alt=\"\" width=\"1250\" height=\"831\" \/><figcaption id=\"caption-attachment-2363\" class=\"wp-caption-text\">Egan Bernal, Geraint Thomas en Dylan van Baarle in de laatste kilometers van de veertiende etappe van de Tour de France van 2019. \u00a9 Profimedia<\/figcaption><\/figure>\n<p>&#8220;Als je de Tour de France wint, wil je die een tweede keer winnen, en dan een derde keer en uiteindelijk een nieuw record vestigen. Het publiek verwacht spektakel. Ik zal ze dat geven. Ik zal honderd procent voorbereid zijn. Ik zal het beste van me geven.&#8221;<\/p>\n<p>Bernal zal naar verwachting op 1 augustus de Route d&#8217;Occitanie rijden, daarna de Tour de l&#8217;Ain en het Crit\u00e9rium du Dauphin\u00e9. Hij zou klaar moeten zijn voor het Grand D\u00e9part van de Tour in Nice op 29 augustus. Maar Chris Froome zegt dat hij er ook klaar voor is, ondanks de vreselijke blessure van vorig jaar. En er is geen twijfel over de vorm van Thomas. Wie zal de meeste kans maken?<\/p>\n","protected":false},"excerpt":{"rendered":"<p>De Colombiaan gaf al aan dat hij zich tijdens de Tour niet zou opofferen voor Froome of Thomas. Laat de [&hellip;]<\/p>\n","protected":false},"author":66,"featured_media":2369,"comment_status":"open","ping_status":"open","sticky":false,"template":"","format":"standard","meta":{"footnotes":""},"categories":[170],"tags":[91,13,48,81],"global-categories":[],"class_list":["post-2359","post","type-post","status-publish","format-standard","has-post-thumbnail","hentry","category-tour-de-france","tag-cycling","tag-tour-de-france","tag-wielrennen","tag-wielrenners"],"yoast_head":"<!-- This site is optimized with the Yoast SEO Premium plugin v25.3 (Yoast SEO v25.9) - https:\/\/yoast.com\/wordpress\/plugins\/seo\/ -->\n<title>Egan Bernal: Het winnen van de Tour de France werkt verslavend - \u0160koda - We Love Cycling - Netherland<\/title>\n<meta name=\"robots\" content=\"index, follow, max-snippet:-1, max-image-preview:large, max-video-preview:-1\" \/>\n<link rel=\"canonical\" href=\"https:\/\/www.welovecycling.com\/nl\/egan-bernal-het-winnen-van-de-tour-de-france-werkt-verslavend\/\" \/>\n<meta property=\"og:locale\" content=\"nl_NL\" \/>\n<meta property=\"og:type\" content=\"article\" \/>\n<meta property=\"og:title\" content=\"Egan Bernal: Het winnen van de Tour de France werkt verslavend\" \/>\n<meta property=\"og:description\" content=\"De Colombiaan gaf al aan dat hij zich tijdens de Tour niet zou opofferen voor Froome of Thomas. Laat de [&hellip;]\" \/>\n<meta property=\"og:url\" content=\"https:\/\/www.welovecycling.com\/nl\/egan-bernal-het-winnen-van-de-tour-de-france-werkt-verslavend\/\" \/>\n<meta property=\"og:site_name\" content=\"\u0160koda - We Love Cycling - Netherland\" \/>\n<meta property=\"article:published_time\" content=\"2020-06-30T06:23:36+00:00\" \/>\n<meta property=\"og:image\" content=\"https:\/\/d2p6e6u75xmxt8.cloudfront.net\/11\/2020\/06\/Egan-Bernal-CVR-profimedia-0461176396.jpg\" \/>\n\t<meta property=\"og:image:width\" content=\"1366\" \/>\n\t<meta property=\"og:image:height\" content=\"600\" \/>\n\t<meta property=\"og:image:type\" content=\"image\/jpeg\" \/>\n<meta name=\"author\" content=\"samantha.nagtegaal\" \/>\n<meta name=\"twitter:card\" content=\"summary_large_image\" \/>\n<meta name=\"twitter:label1\" content=\"Written by\" \/>\n\t<meta name=\"twitter:data1\" content=\"Monica Buck\" \/>\n\t<meta name=\"twitter:label2\" content=\"Est. reading time\" \/>\n\t<meta name=\"twitter:data2\" content=\"3\" \/>\n<script type=\"application\/ld+json\" class=\"yoast-schema-graph\">{\"@context\":\"https:\/\/schema.org\",\"@graph\":[{\"@type\":\"WebPage\",\"@id\":\"https:\/\/www.welovecycling.com\/nl\/egan-bernal-het-winnen-van-de-tour-de-france-werkt-verslavend\/\",\"url\":\"https:\/\/www.welovecycling.com\/nl\/egan-bernal-het-winnen-van-de-tour-de-france-werkt-verslavend\/\",\"name\":\"Egan Bernal: Het winnen van de Tour de France werkt verslavend - \u0160koda - We Love Cycling - Netherland\",\"isPartOf\":{\"@id\":\"https:\/\/www.welovecycling.com\/nl\/#website\"},\"primaryImageOfPage\":{\"@id\":\"https:\/\/www.welovecycling.com\/nl\/egan-bernal-het-winnen-van-de-tour-de-france-werkt-verslavend\/#primaryimage\"},\"image\":{\"@id\":\"https:\/\/www.welovecycling.com\/nl\/egan-bernal-het-winnen-van-de-tour-de-france-werkt-verslavend\/#primaryimage\"},\"thumbnailUrl\":\"https:\/\/d2p6e6u75xmxt8.cloudfront.net\/11\/2020\/06\/Egan-Bernal-CVR-profimedia-0461176396.jpg\",\"datePublished\":\"2020-06-30T06:23:36+00:00\",\"author\":{\"@id\":\"https:\/\/www.welovecycling.com\/nl\/#\/schema\/person\/5a7f59bdb6c392ff4fdf740b5e48fb83\"},\"breadcrumb\":{\"@id\":\"https:\/\/www.welovecycling.com\/nl\/egan-bernal-het-winnen-van-de-tour-de-france-werkt-verslavend\/#breadcrumb\"},\"inLanguage\":\"nl\",\"potentialAction\":[{\"@type\":\"ReadAction\",\"target\":[\"https:\/\/www.welovecycling.com\/nl\/egan-bernal-het-winnen-van-de-tour-de-france-werkt-verslavend\/\"]}]},{\"@type\":\"ImageObject\",\"inLanguage\":\"nl\",\"@id\":\"https:\/\/www.welovecycling.com\/nl\/egan-bernal-het-winnen-van-de-tour-de-france-werkt-verslavend\/#primaryimage\",\"url\":\"https:\/\/d2p6e6u75xmxt8.cloudfront.net\/11\/2020\/06\/Egan-Bernal-CVR-profimedia-0461176396.jpg\",\"contentUrl\":\"https:\/\/d2p6e6u75xmxt8.cloudfront.net\/11\/2020\/06\/Egan-Bernal-CVR-profimedia-0461176396.jpg\",\"width\":1366,\"height\":600},{\"@type\":\"BreadcrumbList\",\"@id\":\"https:\/\/www.welovecycling.com\/nl\/egan-bernal-het-winnen-van-de-tour-de-france-werkt-verslavend\/#breadcrumb\",\"itemListElement\":[{\"@type\":\"ListItem\",\"position\":1,\"name\":\"Home\",\"item\":\"https:\/\/www.welovecycling.com\/nl\/\"},{\"@type\":\"ListItem\",\"position\":2,\"name\":\"Egan Bernal: Het winnen van de Tour de France werkt verslavend\"}]},{\"@type\":\"WebSite\",\"@id\":\"https:\/\/www.welovecycling.com\/nl\/#website\",\"url\":\"https:\/\/www.welovecycling.com\/nl\/\",\"name\":\"\u0160koda - We Love Cycling - Netherland\",\"description\":\"\u0160koda We Love Cycling - Netherland\",\"potentialAction\":[{\"@type\":\"SearchAction\",\"target\":{\"@type\":\"EntryPoint\",\"urlTemplate\":\"https:\/\/www.welovecycling.com\/nl\/?s={search_term_string}\"},\"query-input\":{\"@type\":\"PropertyValueSpecification\",\"valueRequired\":true,\"valueName\":\"search_term_string\"}}],\"inLanguage\":\"nl\"},{\"@type\":\"Person\",\"@id\":\"https:\/\/www.welovecycling.com\/nl\/#\/schema\/person\/5a7f59bdb6c392ff4fdf740b5e48fb83\",\"name\":\"samantha.nagtegaal\",\"image\":{\"@type\":\"ImageObject\",\"inLanguage\":\"nl\",\"@id\":\"https:\/\/www.welovecycling.com\/nl\/#\/schema\/person\/image\/\",\"url\":\"https:\/\/secure.gravatar.com\/avatar\/6d90ff989aecff3fcab36f9542f65fd95b368a0b347550ef2901567fbcb1cd38?s=96&d=mm&r=g\",\"contentUrl\":\"https:\/\/secure.gravatar.com\/avatar\/6d90ff989aecff3fcab36f9542f65fd95b368a0b347550ef2901567fbcb1cd38?s=96&d=mm&r=g\",\"caption\":\"samantha.nagtegaal\"},\"url\":\"https:\/\/www.welovecycling.com\/nl\/author\/samantha-nagtegaal\/\"}]}<\/script>\n<!-- \/ Yoast SEO Premium plugin. -->","yoast_head_json":{"title":"Egan Bernal: Het winnen van de Tour de France werkt verslavend - \u0160koda - We Love Cycling - Netherland","robots":{"index":"index","follow":"follow","max-snippet":"max-snippet:-1","max-image-preview":"max-image-preview:large","max-video-preview":"max-video-preview:-1"},"canonical":"https:\/\/www.welovecycling.com\/nl\/egan-bernal-het-winnen-van-de-tour-de-france-werkt-verslavend\/","og_locale":"nl_NL","og_type":"article","og_title":"Egan Bernal: Het winnen van de Tour de France werkt verslavend","og_description":"De Colombiaan gaf al aan dat hij zich tijdens de Tour niet zou opofferen voor Froome of Thomas. Laat de [&hellip;]","og_url":"https:\/\/www.welovecycling.com\/nl\/egan-bernal-het-winnen-van-de-tour-de-france-werkt-verslavend\/","og_site_name":"\u0160koda - We Love Cycling - Netherland","article_published_time":"2020-06-30T06:23:36+00:00","og_image":[{"width":1366,"height":600,"url":"https:\/\/d2p6e6u75xmxt8.cloudfront.net\/11\/2020\/06\/Egan-Bernal-CVR-profimedia-0461176396.jpg","type":"image\/jpeg"}],"author":"samantha.nagtegaal","twitter_card":"summary_large_image","twitter_misc":{"Written by":"Monica Buck","Est. reading time":"3"},"schema":{"@context":"https:\/\/schema.org","@graph":[{"@type":"WebPage","@id":"https:\/\/www.welovecycling.com\/nl\/egan-bernal-het-winnen-van-de-tour-de-france-werkt-verslavend\/","url":"https:\/\/www.welovecycling.com\/nl\/egan-bernal-het-winnen-van-de-tour-de-france-werkt-verslavend\/","name":"Egan Bernal: Het winnen van de Tour de France werkt verslavend - \u0160koda - We Love Cycling - Netherland","isPartOf":{"@id":"https:\/\/www.welovecycling.com\/nl\/#website"},"primaryImageOfPage":{"@id":"https:\/\/www.welovecycling.com\/nl\/egan-bernal-het-winnen-van-de-tour-de-france-werkt-verslavend\/#primaryimage"},"image":{"@id":"https:\/\/www.welovecycling.com\/nl\/egan-bernal-het-winnen-van-de-tour-de-france-werkt-verslavend\/#primaryimage"},"thumbnailUrl":"https:\/\/d2p6e6u75xmxt8.cloudfront.net\/11\/2020\/06\/Egan-Bernal-CVR-profimedia-0461176396.jpg","datePublished":"2020-06-30T06:23:36+00:00","author":{"@id":"https:\/\/www.welovecycling.com\/nl\/#\/schema\/person\/5a7f59bdb6c392ff4fdf740b5e48fb83"},"breadcrumb":{"@id":"https:\/\/www.welovecycling.com\/nl\/egan-bernal-het-winnen-van-de-tour-de-france-werkt-verslavend\/#breadcrumb"},"inLanguage":"nl","potentialAction":[{"@type":"ReadAction","target":["https:\/\/www.welovecycling.com\/nl\/egan-bernal-het-winnen-van-de-tour-de-france-werkt-verslavend\/"]}]},{"@type":"ImageObject","inLanguage":"nl","@id":"https:\/\/www.welovecycling.com\/nl\/egan-bernal-het-winnen-van-de-tour-de-france-werkt-verslavend\/#primaryimage","url":"https:\/\/d2p6e6u75xmxt8.cloudfront.net\/11\/2020\/06\/Egan-Bernal-CVR-profimedia-0461176396.jpg","contentUrl":"https:\/\/d2p6e6u75xmxt8.cloudfront.net\/11\/2020\/06\/Egan-Bernal-CVR-profimedia-0461176396.jpg","width":1366,"height":600},{"@type":"BreadcrumbList","@id":"https:\/\/www.welovecycling.com\/nl\/egan-bernal-het-winnen-van-de-tour-de-france-werkt-verslavend\/#breadcrumb","itemListElement":[{"@type":"ListItem","position":1,"name":"Home","item":"https:\/\/www.welovecycling.com\/nl\/"},{"@type":"ListItem","position":2,"name":"Egan Bernal: Het winnen van de Tour de France werkt verslavend"}]},{"@type":"WebSite","@id":"https:\/\/www.welovecycling.com\/nl\/#website","url":"https:\/\/www.welovecycling.com\/nl\/","name":"\u0160koda - We Love Cycling - Netherland","description":"\u0160koda We Love Cycling - Netherland","potentialAction":[{"@type":"SearchAction","target":{"@type":"EntryPoint","urlTemplate":"https:\/\/www.welovecycling.com\/nl\/?s={search_term_string}"},"query-input":{"@type":"PropertyValueSpecification","valueRequired":true,"valueName":"search_term_string"}}],"inLanguage":"nl"},{"@type":"Person","@id":"https:\/\/www.welovecycling.com\/nl\/#\/schema\/person\/5a7f59bdb6c392ff4fdf740b5e48fb83","name":"samantha.nagtegaal","image":{"@type":"ImageObject","inLanguage":"nl","@id":"https:\/\/www.welovecycling.com\/nl\/#\/schema\/person\/image\/","url":"https:\/\/secure.gravatar.com\/avatar\/6d90ff989aecff3fcab36f9542f65fd95b368a0b347550ef2901567fbcb1cd38?s=96&d=mm&r=g","contentUrl":"https:\/\/secure.gravatar.com\/avatar\/6d90ff989aecff3fcab36f9542f65fd95b368a0b347550ef2901567fbcb1cd38?s=96&d=mm&r=g","caption":"samantha.nagtegaal"},"url":"https:\/\/www.welovecycling.com\/nl\/author\/samantha-nagtegaal\/"}]}},"_links":{"self":[{"href":"https:\/\/www.welovecycling.com\/nl\/wp-json\/wp\/v2\/posts\/2359","targetHints":{"allow":["GET"]}}],"collection":[{"href":"https:\/\/www.welovecycling.com\/nl\/wp-json\/wp\/v2\/posts"}],"about":[{"href":"https:\/\/www.welovecycling.com\/nl\/wp-json\/wp\/v2\/types\/post"}],"author":[{"embeddable":true,"href":"https:\/\/www.welovecycling.com\/nl\/wp-json\/wp\/v2\/users\/66"}],"replies":[{"embeddable":true,"href":"https:\/\/www.welovecycling.com\/nl\/wp-json\/wp\/v2\/comments?post=2359"}],"version-history":[{"count":2,"href":"https:\/\/www.welovecycling.com\/nl\/wp-json\/wp\/v2\/posts\/2359\/revisions"}],"predecessor-version":[{"id":2379,"href":"https:\/\/www.welovecycling.com\/nl\/wp-json\/wp\/v2\/posts\/2359\/revisions\/2379"}],"wp:featuredmedia":[{"embeddable":true,"href":"https:\/\/www.welovecycling.com\/nl\/wp-json\/wp\/v2\/media\/2369"}],"wp:attachment":[{"href":"https:\/\/www.welovecycling.com\/nl\/wp-json\/wp\/v2\/media?parent=2359"}],"wp:term":[{"taxonomy":"category","embeddable":true,"href":"https:\/\/www.welovecycling.com\/nl\/wp-json\/wp\/v2\/categories?post=2359"},{"taxonomy":"post_tag","embeddable":true,"href":"https:\/\/www.welovecycling.com\/nl\/wp-json\/wp\/v2\/tags?post=2359"},{"taxonomy":"global-categories","embeddable":true,"href":"https:\/\/www.welovecycling.com\/nl\/wp-json\/wp\/v2\/global-categories?post=2359"}],"curies":[{"name":"wp","href":"https:\/\/api.w.org\/{rel}","templated":true}]}}