{"id":2044,"date":"2020-02-25T09:59:07","date_gmt":"2020-02-25T07:59:07","guid":{"rendered":"https:\/\/www.welovecycling.com\/nl\/?p=2044"},"modified":"2020-02-25T09:59:07","modified_gmt":"2020-02-25T07:59:07","slug":"welke-fietstrends-heeft-2020-voor-ons-in-petto","status":"publish","type":"post","link":"https:\/\/www.welovecycling.com\/nl\/welke-fietstrends-heeft-2020-voor-ons-in-petto\/","title":{"rendered":"Welke fietstrends heeft 2020 voor ons in petto?"},"content":{"rendered":"<p><strong>Technologie staat nooit stil, zeggen ze. Technologie wordt verder ontwikkeld en verfijnd tot er een nieuwe en betere voor in de plaats komt. Meestal is dat dan ook een duurdere. Dat geldt natuurlijk ook voor fietsen. Nieuwe materialen en digitale technologie hebben onze favoriete tweewieler sneller, lichter en slimmer gemaakt. Maar de grootste trend op het gebied van fietsen dit jaar begint met een e \u2013 en dan bedoel ik niet ergonomie.<\/strong><!--more--><\/p>\n<p>Je kunt van ze houden of er een hekel aan hebben, maar e-bikes zijn populair. Marktanalisten verwachten dat de verkoop van elektrische fietsen de komende vijf jaar zal verdrievoudigen. Volgens Timo Ellenberger, schrijvend voor ispo.com: &#8220;De e-bike maakt momenteel een ontwikkeling door die te vergelijken is met die van de sportschoen in de jaren tachtig! In die tijd kon er worden gekozen uit drie of vier modellen, die in principe voor alle sporten konden worden gebruikt. Vandaag de dag zijn er niet alleen specials voor elke sport, maar is de schoen tegelijkertijd ook een uiting van de levensstijl en het karakter van degene die de schoen draagt.&#8221;<\/p>\n<p>Ellenberger denkt dat er dit jaar drie of vier e-bikemodellen op de markt komen voor het vervoer van vracht en personen, waar onder ook oplossingen voor gezinnen met meer dan \u00e9\u00e9n kind, en natuurlijk voor commerci\u00eble bezorgdiensten. Daarnaast zullen er elektrische aandrijvingen verschijnen op compacte vouwfietsen, die dan een klimaatvriendelijke link vormen tussen thuis, openbaar vervoer en werk.<\/p>\n<p>Hij denkt ook dat er nieuwe, mooi vormgegeven modellen zullen verschijnen waarbij een compacte motor en een slanke batterij perfect in de fiets zijn ge\u00efntegreerd, zodat zelfs de grootste tegenstanders van e-bikes over de streep zullen worden getrokken. Een mooi voorbeeld is de Cowboy hieronder, die een afneembare batterij heeft.<\/p>\n<p>https:\/\/www.instagram.com\/p\/B6ffBjZArDO\/<\/p>\n<p>Een andere (niet-elektrische) trend dit jaar zijn fietsen die met bredere banden kunnen worden uitgerust. Door bredere banden te gebruiken kun je met een allround wegfiets praktisch overal uit de voeten, aangezien ze op asfalt net zo comfortabel en stabiel zijn als op grind. Dit betekent dat wegfietsen bijna hetzelfde te bieden hebben als racefietsen, alleen met meer comfort en een grotere versnellingsspreiding.<\/p>\n<p>Een voorbeeld is de 2020 Trek Domane, die overweg kan met banden tot wel 38 mm breed, wat echt dik is voor een wegfiets.<\/p>\n<p>Een gevolg van fietsen die zich zowel op de weg als in het terrein thuis voelen, zal zijn dat het verschil tussen aero-, weg- en gravelfietsen zal verdwijnen en dat er uiteindelijk nog maar een paar categorie\u00ebn over zullen blijven \u2013 bijvoorbeeld weg-, race- en MTB-fietsen.<\/p>\n<figure id=\"attachment_2047\" aria-describedby=\"caption-attachment-2047\" style=\"width: 1920px\" class=\"wp-caption alignnone\"><img loading=\"lazy\" decoding=\"async\" class=\"size-full wp-image-2047\" src=\"https:\/\/d2p6e6u75xmxt8.cloudfront.net\/11\/2020\/02\/DomaneSL6_20_28313_C_Alt1_2000x.jpg\" alt=\"\" width=\"1920\" height=\"1440\" srcset=\"https:\/\/d2p6e6u75xmxt8.cloudfront.net\/11\/2020\/02\/DomaneSL6_20_28313_C_Alt1_2000x.jpg 1920w, https:\/\/d2p6e6u75xmxt8.cloudfront.net\/11\/2020\/02\/DomaneSL6_20_28313_C_Alt1_2000x-300x225.jpg 300w, https:\/\/d2p6e6u75xmxt8.cloudfront.net\/11\/2020\/02\/DomaneSL6_20_28313_C_Alt1_2000x-768x576.jpg 768w, https:\/\/d2p6e6u75xmxt8.cloudfront.net\/11\/2020\/02\/DomaneSL6_20_28313_C_Alt1_2000x-1024x768.jpg 1024w, https:\/\/d2p6e6u75xmxt8.cloudfront.net\/11\/2020\/02\/DomaneSL6_20_28313_C_Alt1_2000x-1920x1440.jpg 1920w\" sizes=\"auto, (max-width: 1920px) 100vw, 1920px\" \/><figcaption id=\"caption-attachment-2047\" class=\"wp-caption-text\">Trek Domane SL 6 Disc 2020<\/figcaption><\/figure>\n<p>We hebben in het begin al de digitale technologie aangestipt. De technologie heeft de fiets getransformeerd tot een alwetende machine. Boordcomputers kiezen de beste route, verstrekken informatie over het weer en stellen je in staat om je fitheid te monitoren. Bovendien zorgen geavanceerde gps-systemen voor extra veiligheid, omdat je hiermee je fiets kunt traceren mocht deze gestolen worden.<\/p>\n<p>Maak je klaar voor het volgende level: fietsbrillen met augmented reality (AR). Deze brillen hebben hetzelfde te bieden als een computer en nog wel meer: gps en spraakbediening, fitheids- en prestatiemonitoring, afspeellijsten en handsfree communicatie met andere fietsers. En je kunt ermee bellen terwijl je fietst. De Raptor-bril van Everysight kan zelfs foto&#8217;s en video&#8217;s maken, die je vervolgens op social media kunt delen.<\/p>\n<lite-youtube videoid=KEDuG2r9a0g params=\"enablejsapi=1\" style=\"background-image: url('https:\/\/i.ytimg.com\/vi_webp\/KEDuG2r9a0g\/maxresdefault.webp');\"><\/lite-youtube>\n<p>De brillen van SOLOS maken gebruik van een virtueel scherm dat je kunt aanpassen aan je persoonlijke voorkeuren. Zodra je verbinding maakt met Bluetooth kun je met spraakcommando&#8217;s je telefoon of de ge\u00efntegreerde navigatietool vertellen wat je wilt horen of in je gezichtsveld wilt zien. Bijvoorbeeld de hoeveelheid calorie\u00ebn die je hebt verbrand, het aantal kilometers dat je hebt afgelegd of de hoogteverschillen die je hebt overbrugd. SOLOS gebruikt een oplaadbare batterij, die vijf uur augmented reality-plezier biedt. Dus geniet ervan!<\/p>\n","protected":false},"excerpt":{"rendered":"<p>Technologie staat nooit stil, zeggen ze. Technologie wordt verder ontwikkeld en verfijnd tot er een nieuwe en betere voor in [&hellip;]<\/p>\n","protected":false},"author":66,"featured_media":2049,"comment_status":"open","ping_status":"open","sticky":false,"template":"","format":"standard","meta":{"footnotes":""},"categories":[61,3],"tags":[64,63,52,62],"global-categories":[],"class_list":["post-2044","post","type-post","status-publish","format-standard","has-post-thumbnail","hentry","category-fiets-trends","category-fietsen","tag-e-bikes","tag-elektrische-fiets","tag-fietsen","tag-trends"],"yoast_head":"<!-- This site is optimized with the Yoast SEO Premium plugin v25.3 (Yoast SEO v25.9) - https:\/\/yoast.com\/wordpress\/plugins\/seo\/ -->\n<title>Welke fietstrends heeft 2020 voor ons in petto? - \u0160koda - We Love Cycling - Netherland<\/title>\n<meta name=\"robots\" content=\"index, follow, max-snippet:-1, max-image-preview:large, max-video-preview:-1\" \/>\n<link rel=\"canonical\" href=\"https:\/\/www.welovecycling.com\/nl\/welke-fietstrends-heeft-2020-voor-ons-in-petto\/\" \/>\n<meta property=\"og:locale\" content=\"nl_NL\" \/>\n<meta property=\"og:type\" content=\"article\" \/>\n<meta property=\"og:title\" content=\"Welke fietstrends heeft 2020 voor ons in petto?\" \/>\n<meta property=\"og:description\" content=\"Technologie staat nooit stil, zeggen ze. Technologie wordt verder ontwikkeld en verfijnd tot er een nieuwe en betere voor in [&hellip;]\" \/>\n<meta property=\"og:url\" content=\"https:\/\/www.welovecycling.com\/nl\/welke-fietstrends-heeft-2020-voor-ons-in-petto\/\" \/>\n<meta property=\"og:site_name\" content=\"\u0160koda - We Love Cycling - Netherland\" \/>\n<meta property=\"article:published_time\" content=\"2020-02-25T07:59:07+00:00\" \/>\n<meta property=\"og:image\" content=\"https:\/\/d2p6e6u75xmxt8.cloudfront.net\/11\/2020\/02\/AR-CVR-Cycling.jpg\" \/>\n\t<meta property=\"og:image:width\" content=\"1366\" \/>\n\t<meta property=\"og:image:height\" content=\"600\" \/>\n\t<meta property=\"og:image:type\" content=\"image\/jpeg\" \/>\n<meta name=\"author\" content=\"samantha.nagtegaal\" \/>\n<meta name=\"twitter:card\" content=\"summary_large_image\" \/>\n<meta name=\"twitter:label1\" content=\"Written by\" \/>\n\t<meta name=\"twitter:data1\" content=\"Siegfried Mortkowitz\" \/>\n\t<meta name=\"twitter:label2\" content=\"Est. reading time\" \/>\n\t<meta name=\"twitter:data2\" content=\"7\" \/>\n<script type=\"application\/ld+json\" class=\"yoast-schema-graph\">{\"@context\":\"https:\/\/schema.org\",\"@graph\":[{\"@type\":\"WebPage\",\"@id\":\"https:\/\/www.welovecycling.com\/nl\/welke-fietstrends-heeft-2020-voor-ons-in-petto\/\",\"url\":\"https:\/\/www.welovecycling.com\/nl\/welke-fietstrends-heeft-2020-voor-ons-in-petto\/\",\"name\":\"Welke fietstrends heeft 2020 voor ons in petto? - \u0160koda - We Love Cycling - Netherland\",\"isPartOf\":{\"@id\":\"https:\/\/www.welovecycling.com\/nl\/#website\"},\"primaryImageOfPage\":{\"@id\":\"https:\/\/www.welovecycling.com\/nl\/welke-fietstrends-heeft-2020-voor-ons-in-petto\/#primaryimage\"},\"image\":{\"@id\":\"https:\/\/www.welovecycling.com\/nl\/welke-fietstrends-heeft-2020-voor-ons-in-petto\/#primaryimage\"},\"thumbnailUrl\":\"https:\/\/d2p6e6u75xmxt8.cloudfront.net\/11\/2020\/02\/AR-CVR-Cycling.jpg\",\"datePublished\":\"2020-02-25T07:59:07+00:00\",\"author\":{\"@id\":\"https:\/\/www.welovecycling.com\/nl\/#\/schema\/person\/5a7f59bdb6c392ff4fdf740b5e48fb83\"},\"breadcrumb\":{\"@id\":\"https:\/\/www.welovecycling.com\/nl\/welke-fietstrends-heeft-2020-voor-ons-in-petto\/#breadcrumb\"},\"inLanguage\":\"nl\",\"potentialAction\":[{\"@type\":\"ReadAction\",\"target\":[\"https:\/\/www.welovecycling.com\/nl\/welke-fietstrends-heeft-2020-voor-ons-in-petto\/\"]}]},{\"@type\":\"ImageObject\",\"inLanguage\":\"nl\",\"@id\":\"https:\/\/www.welovecycling.com\/nl\/welke-fietstrends-heeft-2020-voor-ons-in-petto\/#primaryimage\",\"url\":\"https:\/\/d2p6e6u75xmxt8.cloudfront.net\/11\/2020\/02\/AR-CVR-Cycling.jpg\",\"contentUrl\":\"https:\/\/d2p6e6u75xmxt8.cloudfront.net\/11\/2020\/02\/AR-CVR-Cycling.jpg\",\"width\":1366,\"height\":600},{\"@type\":\"BreadcrumbList\",\"@id\":\"https:\/\/www.welovecycling.com\/nl\/welke-fietstrends-heeft-2020-voor-ons-in-petto\/#breadcrumb\",\"itemListElement\":[{\"@type\":\"ListItem\",\"position\":1,\"name\":\"Home\",\"item\":\"https:\/\/www.welovecycling.com\/nl\/\"},{\"@type\":\"ListItem\",\"position\":2,\"name\":\"Welke fietstrends heeft 2020 voor ons in petto?\"}]},{\"@type\":\"WebSite\",\"@id\":\"https:\/\/www.welovecycling.com\/nl\/#website\",\"url\":\"https:\/\/www.welovecycling.com\/nl\/\",\"name\":\"\u0160koda - We Love Cycling - Netherland\",\"description\":\"\u0160koda We Love Cycling - Netherland\",\"potentialAction\":[{\"@type\":\"SearchAction\",\"target\":{\"@type\":\"EntryPoint\",\"urlTemplate\":\"https:\/\/www.welovecycling.com\/nl\/?s={search_term_string}\"},\"query-input\":{\"@type\":\"PropertyValueSpecification\",\"valueRequired\":true,\"valueName\":\"search_term_string\"}}],\"inLanguage\":\"nl\"},{\"@type\":\"Person\",\"@id\":\"https:\/\/www.welovecycling.com\/nl\/#\/schema\/person\/5a7f59bdb6c392ff4fdf740b5e48fb83\",\"name\":\"samantha.nagtegaal\",\"image\":{\"@type\":\"ImageObject\",\"inLanguage\":\"nl\",\"@id\":\"https:\/\/www.welovecycling.com\/nl\/#\/schema\/person\/image\/\",\"url\":\"https:\/\/secure.gravatar.com\/avatar\/6d90ff989aecff3fcab36f9542f65fd95b368a0b347550ef2901567fbcb1cd38?s=96&d=mm&r=g\",\"contentUrl\":\"https:\/\/secure.gravatar.com\/avatar\/6d90ff989aecff3fcab36f9542f65fd95b368a0b347550ef2901567fbcb1cd38?s=96&d=mm&r=g\",\"caption\":\"samantha.nagtegaal\"},\"url\":\"https:\/\/www.welovecycling.com\/nl\/author\/samantha-nagtegaal\/\"}]}<\/script>\n<!-- \/ Yoast SEO Premium plugin. -->","yoast_head_json":{"title":"Welke fietstrends heeft 2020 voor ons in petto? - \u0160koda - We Love Cycling - Netherland","robots":{"index":"index","follow":"follow","max-snippet":"max-snippet:-1","max-image-preview":"max-image-preview:large","max-video-preview":"max-video-preview:-1"},"canonical":"https:\/\/www.welovecycling.com\/nl\/welke-fietstrends-heeft-2020-voor-ons-in-petto\/","og_locale":"nl_NL","og_type":"article","og_title":"Welke fietstrends heeft 2020 voor ons in petto?","og_description":"Technologie staat nooit stil, zeggen ze. Technologie wordt verder ontwikkeld en verfijnd tot er een nieuwe en betere voor in [&hellip;]","og_url":"https:\/\/www.welovecycling.com\/nl\/welke-fietstrends-heeft-2020-voor-ons-in-petto\/","og_site_name":"\u0160koda - We Love Cycling - Netherland","article_published_time":"2020-02-25T07:59:07+00:00","og_image":[{"width":1366,"height":600,"url":"https:\/\/d2p6e6u75xmxt8.cloudfront.net\/11\/2020\/02\/AR-CVR-Cycling.jpg","type":"image\/jpeg"}],"author":"samantha.nagtegaal","twitter_card":"summary_large_image","twitter_misc":{"Written by":"Siegfried Mortkowitz","Est. reading time":"7"},"schema":{"@context":"https:\/\/schema.org","@graph":[{"@type":"WebPage","@id":"https:\/\/www.welovecycling.com\/nl\/welke-fietstrends-heeft-2020-voor-ons-in-petto\/","url":"https:\/\/www.welovecycling.com\/nl\/welke-fietstrends-heeft-2020-voor-ons-in-petto\/","name":"Welke fietstrends heeft 2020 voor ons in petto? - \u0160koda - We Love Cycling - Netherland","isPartOf":{"@id":"https:\/\/www.welovecycling.com\/nl\/#website"},"primaryImageOfPage":{"@id":"https:\/\/www.welovecycling.com\/nl\/welke-fietstrends-heeft-2020-voor-ons-in-petto\/#primaryimage"},"image":{"@id":"https:\/\/www.welovecycling.com\/nl\/welke-fietstrends-heeft-2020-voor-ons-in-petto\/#primaryimage"},"thumbnailUrl":"https:\/\/d2p6e6u75xmxt8.cloudfront.net\/11\/2020\/02\/AR-CVR-Cycling.jpg","datePublished":"2020-02-25T07:59:07+00:00","author":{"@id":"https:\/\/www.welovecycling.com\/nl\/#\/schema\/person\/5a7f59bdb6c392ff4fdf740b5e48fb83"},"breadcrumb":{"@id":"https:\/\/www.welovecycling.com\/nl\/welke-fietstrends-heeft-2020-voor-ons-in-petto\/#breadcrumb"},"inLanguage":"nl","potentialAction":[{"@type":"ReadAction","target":["https:\/\/www.welovecycling.com\/nl\/welke-fietstrends-heeft-2020-voor-ons-in-petto\/"]}]},{"@type":"ImageObject","inLanguage":"nl","@id":"https:\/\/www.welovecycling.com\/nl\/welke-fietstrends-heeft-2020-voor-ons-in-petto\/#primaryimage","url":"https:\/\/d2p6e6u75xmxt8.cloudfront.net\/11\/2020\/02\/AR-CVR-Cycling.jpg","contentUrl":"https:\/\/d2p6e6u75xmxt8.cloudfront.net\/11\/2020\/02\/AR-CVR-Cycling.jpg","width":1366,"height":600},{"@type":"BreadcrumbList","@id":"https:\/\/www.welovecycling.com\/nl\/welke-fietstrends-heeft-2020-voor-ons-in-petto\/#breadcrumb","itemListElement":[{"@type":"ListItem","position":1,"name":"Home","item":"https:\/\/www.welovecycling.com\/nl\/"},{"@type":"ListItem","position":2,"name":"Welke fietstrends heeft 2020 voor ons in petto?"}]},{"@type":"WebSite","@id":"https:\/\/www.welovecycling.com\/nl\/#website","url":"https:\/\/www.welovecycling.com\/nl\/","name":"\u0160koda - We Love Cycling - Netherland","description":"\u0160koda We Love Cycling - Netherland","potentialAction":[{"@type":"SearchAction","target":{"@type":"EntryPoint","urlTemplate":"https:\/\/www.welovecycling.com\/nl\/?s={search_term_string}"},"query-input":{"@type":"PropertyValueSpecification","valueRequired":true,"valueName":"search_term_string"}}],"inLanguage":"nl"},{"@type":"Person","@id":"https:\/\/www.welovecycling.com\/nl\/#\/schema\/person\/5a7f59bdb6c392ff4fdf740b5e48fb83","name":"samantha.nagtegaal","image":{"@type":"ImageObject","inLanguage":"nl","@id":"https:\/\/www.welovecycling.com\/nl\/#\/schema\/person\/image\/","url":"https:\/\/secure.gravatar.com\/avatar\/6d90ff989aecff3fcab36f9542f65fd95b368a0b347550ef2901567fbcb1cd38?s=96&d=mm&r=g","contentUrl":"https:\/\/secure.gravatar.com\/avatar\/6d90ff989aecff3fcab36f9542f65fd95b368a0b347550ef2901567fbcb1cd38?s=96&d=mm&r=g","caption":"samantha.nagtegaal"},"url":"https:\/\/www.welovecycling.com\/nl\/author\/samantha-nagtegaal\/"}]}},"_links":{"self":[{"href":"https:\/\/www.welovecycling.com\/nl\/wp-json\/wp\/v2\/posts\/2044","targetHints":{"allow":["GET"]}}],"collection":[{"href":"https:\/\/www.welovecycling.com\/nl\/wp-json\/wp\/v2\/posts"}],"about":[{"href":"https:\/\/www.welovecycling.com\/nl\/wp-json\/wp\/v2\/types\/post"}],"author":[{"embeddable":true,"href":"https:\/\/www.welovecycling.com\/nl\/wp-json\/wp\/v2\/users\/66"}],"replies":[{"embeddable":true,"href":"https:\/\/www.welovecycling.com\/nl\/wp-json\/wp\/v2\/comments?post=2044"}],"version-history":[{"count":2,"href":"https:\/\/www.welovecycling.com\/nl\/wp-json\/wp\/v2\/posts\/2044\/revisions"}],"predecessor-version":[{"id":2058,"href":"https:\/\/www.welovecycling.com\/nl\/wp-json\/wp\/v2\/posts\/2044\/revisions\/2058"}],"wp:featuredmedia":[{"embeddable":true,"href":"https:\/\/www.welovecycling.com\/nl\/wp-json\/wp\/v2\/media\/2049"}],"wp:attachment":[{"href":"https:\/\/www.welovecycling.com\/nl\/wp-json\/wp\/v2\/media?parent=2044"}],"wp:term":[{"taxonomy":"category","embeddable":true,"href":"https:\/\/www.welovecycling.com\/nl\/wp-json\/wp\/v2\/categories?post=2044"},{"taxonomy":"post_tag","embeddable":true,"href":"https:\/\/www.welovecycling.com\/nl\/wp-json\/wp\/v2\/tags?post=2044"},{"taxonomy":"global-categories","embeddable":true,"href":"https:\/\/www.welovecycling.com\/nl\/wp-json\/wp\/v2\/global-categories?post=2044"}],"curies":[{"name":"wp","href":"https:\/\/api.w.org\/{rel}","templated":true}]}}