{"id":1822,"date":"2019-07-29T11:23:40","date_gmt":"2019-07-29T09:23:40","guid":{"rendered":"https:\/\/www.welovecycling.com\/nl\/?p=1822"},"modified":"2019-12-02T14:33:21","modified_gmt":"2019-12-02T12:33:21","slug":"stille-kracht-achter-team-sunweb","status":"publish","type":"post","link":"https:\/\/www.welovecycling.com\/nl\/stille-kracht-achter-team-sunweb\/","title":{"rendered":"Ploegleider Aike Visbeek, de stille kracht achter de grote rondes van Team Sunweb"},"content":{"rendered":"<p><em><br \/>\nAchter iedere sportieve topprestatie, zit een heel team dat het succes mede mogelijk heeft gemaakt. In de serie Unsung Heroes spreken we de leden uit de omkadering van de ploeg. Zij blijven normaal gesproken in de schaduw, maar stellen de renners wel in staat om tot grote hoogtes te stijgen. In aflevering \u00e9\u00e9n maken we kennis met ploegleider Aike Visbeek, bij Team Sunweb de stille kracht achter de grote rondes.<\/em><\/p>\n<p>We ontmoeten Visbeek in het Zuid-Franse N\u00eemes, tijdens de tweede rustdag van de Tour de France. In de Tour is hij namens de ploeg verantwoordelijk voor zowel het sportieve als het logistieke aspect. De wielersport zit de lange Noord-Hollander in het bloed. Zijn vader runde jarenlang een fietsenzaak in Krommenie. Al op jonge leeftijd werd hij lid van de lokale wielerclub DTS, waar hij zich door de jaren heen ontwikkelde tot een talentvolle amateurwielrenner. De prestaties van Visbeek bleven niet onopgemerkt. De AGU-ploeg, het toenmalige opleidingsteam van de succesvolle profploeg TVM, bood hem een contract aan.<\/p>\n<p><strong>Van renner naar ploegleider<br \/>\n<\/strong>Een hardnekkige knieblessure weerhield hem van een carri\u00e8re als profwielrenner. \u201cBij mijn nieuwe ploeg stapte ik over van klikpedalen met veel speling naar een merk dat veel stijver was. Ook ging ik met AGU voor het eerst op trainingskamp. Ik trainde ineens twintig procent meer dan daarvoor. Het ging helemaal mis met mijn knie\u00ebn. Ik ben daarna nooit meer teruggekeerd op mijn oude niveau\u201d, kijkt hij terug.<\/p>\n<p>Visbeek combineerde zijn wielercarri\u00e8re met een studie Algemeen Management aan de Hogeschool van Amsterdam. \u201cPloeggenoten begonnen de overstap naar de profs van TVM te maken en ik was al twee jaar aan het rommelen met mijn blessure. Met mijn zwakke knie\u00ebn werd het een lastig verhaal. Ik ben mij toen gaan richten op mijn studie en op coaching.\u201d<\/p>\n<p>Zijn studierichting zou later van pas komen in de wielersport. \u201cDe interesse in coaching heb ik altijd al gehad. In het jaar dat ik afbouwde in de sportklasse (amateurniveau) werd ik door de voorzitter van wielerclub DTS gevraagd of ik ploegleider wilde worden. De club wilde een amateurploeg oprichten omdat er een heel goede lichting junioren was. Zo ben ik er eigenlijk meteen ingerold.\u201d<\/p>\n<p><strong><strong>Uniek proces<\/strong><br \/>\n<\/strong>Via een Zweeds amateurteam belandde hij in 2013 bij de ploeg die we vandaag de dag kennen als Team Sunweb. Onder leiding van teammanager Iwan Spekenbrink transformeerde de formatie van een kleine profploeg naar het toonaangevende WorldTour-team dat ze nu zijn. \u201cEen heel mooi proces, omdat we daar met een groepje mensen echt onze schouders onder hebben gezet. Ook onder moeilijke omstandigheden. Wij hadden heel andere idee\u00ebn dan gebruikelijk over bijvoorbeeld medische begeleiding en over ethiek.\u201d<\/p>\n<p>De ploeg boekte zijn eerste successen met de Duitse renners Marcel Kittel en John Degenkolb. \u201cOnze focus lag destijds op de sprinttrein. We zijn echt van een heel klein ploegje stap voor stap gegroeid. Dat was een uniek proces in de wielersport.\u201d<\/p>\n<p>Visbeek is ondertussen doorgegroeid tot eindverantwoordelijke voor de drie grote rondes. Bij Team Sunweb begeleidt hij in de Giro, Tour en Vuelta zowel de sportieve prestaties als alles wat daaromheen gebeurt op het gebied van personeel en logistiek. \u201cWat ik mooi vind, is dat het heel complex is. Je moet meerdere ballen tegelijk in de lucht houden\u201d, legt hij uit.<br \/>\n\u201cIk kan het beste plan bedenken, maar moet ook andere aspecten in de gaten houden. Zo moet ik bijvoorbeeld de interactie in de gaten houden of bekijken hoe de renners &#8217;s ochtends bij het ontbijt zitten. Opletten wie met wie begint te praten na de tactische meeting. Als ik daar zaken ga missen, dan kan je snel de grip verliezen. Je bent op meerdere borden tegelijkertijd aan het schaken.\u201d<\/p>\n<p><strong>De Tour start in oktober<br \/>\n<\/strong>De voorbereiding op de belangrijkste wedstrijd van het jaar begint voor Visbeek al in een vroeg stadium. \u201cZodra de eerste informatie uitlekt over de etappes, beginnen wij met plannen. Hoeveel tijdritkilometers zijn er, of er een klimtijdrit komt, hoeveel aankomsten bergop? Heel globaal hebben wij dan al verschillende scenario\u2019s klaarliggen.\u201d<\/p>\n<p>Wanneer in oktober de route officieel wordt gepresenteerd, kan de ploeg concreet aan de slag. \u201cDan gaan we uitzoeken wanneer we kunnen verkennen. Vaak komen de voorbereidingswedstrijden Parijs-Nice (maart) en het Crit\u00e9rium du Dauphin\u00e9 (juni) in de buurt van belangrijke plekken in de Tour de France. Zo ben ik na een rit in de Dauphin\u00e9 nog in de auto gestapt om de finale van de Tourrit naar Brioude (etappe 9) te filmen. Als je op Google Earth kijkt of in het routeboek denk je: valt wel mee. Toen ik daar was zag ik dat het best een linke afdaling was. Die informatie nemen we mee in ons tactisch plan.\u201d<\/p>\n<p><strong><strong>Dromen<br \/>\n<\/strong><\/strong>De afgelopen jaren heeft Team Sunweb zijn stempel gedrukt in de wielerwereld. Het behaalde ritzeges in alle drie de grote rondes, de ploeg werd wereldkampioen ploegentijdrit en kopman Tom Dumoulin schreef geschiedenis door namens Team Sunweb als eerste Nederlander de Giro d\u2019Italia te winnen. Visbeek maakte de successen van dichtbij mee. \u201cDrie jaar geleden was mijn grote droom om als ploegleider een grote ronde te winnen. Drie maanden later kon ik dat al afstrepen. Er is nog \u00e9\u00e9n leiderstrui die ik nog niet aan de muur heb hangen. Die zou wel heel mooi zijn.\u201d<\/p>\n<p>Visbeek doelt op de gele trui van de Tour de France. Nog steeds de meest prestigieuze zege in de wielersport. Vorig jaar was Dumoulin er dichtbij, met een tweede plek op het eindpodium. Dit jaar doet hij niet mee vanwege een knieblessure, opgelopen in een valpartij tijdens de Giro.<\/p>\n<p>Naast dit ultieme doel, droomt Visbeek stiekem ook nog van winst in een belangrijke klassieker. \u201cEen andere droom is de Amstel Gold Race winnen. Als Nederlander voelt dat als onze thuisklassieker. We hebben daar een goede ploeg voor, maar de laatste jaren hebben we steeds veel pech gehad. Dat zou ik graag willen rechtzetten.\u201d<\/p>\n<p>&nbsp;<\/p>\n<div id='gallery-1' class='gallery galleryid-1822 gallery-columns-3 gallery-size-medium'><figure class='gallery-item'>\n\t\t\t<div class='gallery-icon landscape'>\n\t\t\t\t<a href='https:\/\/d2p6e6u75xmxt8.cloudfront.net\/11\/2019\/07\/aike_visbeek_1.jpg'><img loading=\"lazy\" decoding=\"async\" width=\"300\" height=\"200\" src=\"https:\/\/d2p6e6u75xmxt8.cloudfront.net\/11\/2019\/07\/aike_visbeek_1-300x200.jpg\" class=\"attachment-medium size-medium\" alt=\"\" aria-describedby=\"gallery-1-1828\" srcset=\"https:\/\/d2p6e6u75xmxt8.cloudfront.net\/11\/2019\/07\/aike_visbeek_1-300x200.jpg 300w, https:\/\/d2p6e6u75xmxt8.cloudfront.net\/11\/2019\/07\/aike_visbeek_1-768x512.jpg 768w, https:\/\/d2p6e6u75xmxt8.cloudfront.net\/11\/2019\/07\/aike_visbeek_1-1024x682.jpg 1024w, https:\/\/d2p6e6u75xmxt8.cloudfront.net\/11\/2019\/07\/aike_visbeek_1-1920x1280.jpg 1920w, https:\/\/d2p6e6u75xmxt8.cloudfront.net\/11\/2019\/07\/aike_visbeek_1-272x182.jpg 272w, https:\/\/d2p6e6u75xmxt8.cloudfront.net\/11\/2019\/07\/aike_visbeek_1.jpg 2000w, https:\/\/d2p6e6u75xmxt8.cloudfront.net\/11\/2019\/07\/aike_visbeek_1-1920x1280.jpg 1920w\" sizes=\"auto, (max-width: 300px) 100vw, 300px\" \/><\/a>\n\t\t\t<\/div>\n\t\t\t\t<figcaption class='wp-caption-text gallery-caption' id='gallery-1-1828'>\n\t\t\t\tCor Vos \u00a9 2019\n\t\t\t\t<\/figcaption><\/figure><figure class='gallery-item'>\n\t\t\t<div class='gallery-icon landscape'>\n\t\t\t\t<a href='https:\/\/d2p6e6u75xmxt8.cloudfront.net\/11\/2019\/07\/aike_visbeek_2.jpg'><img loading=\"lazy\" decoding=\"async\" width=\"300\" height=\"200\" src=\"https:\/\/d2p6e6u75xmxt8.cloudfront.net\/11\/2019\/07\/aike_visbeek_2-300x200.jpg\" class=\"attachment-medium size-medium\" alt=\"\" aria-describedby=\"gallery-1-1827\" srcset=\"https:\/\/d2p6e6u75xmxt8.cloudfront.net\/11\/2019\/07\/aike_visbeek_2-300x200.jpg 300w, https:\/\/d2p6e6u75xmxt8.cloudfront.net\/11\/2019\/07\/aike_visbeek_2-768x512.jpg 768w, https:\/\/d2p6e6u75xmxt8.cloudfront.net\/11\/2019\/07\/aike_visbeek_2-1024x682.jpg 1024w, https:\/\/d2p6e6u75xmxt8.cloudfront.net\/11\/2019\/07\/aike_visbeek_2-1920x1280.jpg 1920w, https:\/\/d2p6e6u75xmxt8.cloudfront.net\/11\/2019\/07\/aike_visbeek_2-272x182.jpg 272w, https:\/\/d2p6e6u75xmxt8.cloudfront.net\/11\/2019\/07\/aike_visbeek_2.jpg 2000w, https:\/\/d2p6e6u75xmxt8.cloudfront.net\/11\/2019\/07\/aike_visbeek_2-1920x1280.jpg 1920w\" sizes=\"auto, (max-width: 300px) 100vw, 300px\" \/><\/a>\n\t\t\t<\/div>\n\t\t\t\t<figcaption class='wp-caption-text gallery-caption' id='gallery-1-1827'>\n\t\t\t\tCor Vos \u00a9 2019\n\t\t\t\t<\/figcaption><\/figure><figure class='gallery-item'>\n\t\t\t<div class='gallery-icon landscape'>\n\t\t\t\t<a href='https:\/\/d2p6e6u75xmxt8.cloudfront.net\/11\/2019\/07\/aike_visbeek_3.jpg'><img loading=\"lazy\" decoding=\"async\" width=\"300\" height=\"200\" src=\"https:\/\/d2p6e6u75xmxt8.cloudfront.net\/11\/2019\/07\/aike_visbeek_3-300x200.jpg\" class=\"attachment-medium size-medium\" alt=\"\" aria-describedby=\"gallery-1-1832\" srcset=\"https:\/\/d2p6e6u75xmxt8.cloudfront.net\/11\/2019\/07\/aike_visbeek_3-300x200.jpg 300w, https:\/\/d2p6e6u75xmxt8.cloudfront.net\/11\/2019\/07\/aike_visbeek_3-768x512.jpg 768w, https:\/\/d2p6e6u75xmxt8.cloudfront.net\/11\/2019\/07\/aike_visbeek_3-1024x682.jpg 1024w, https:\/\/d2p6e6u75xmxt8.cloudfront.net\/11\/2019\/07\/aike_visbeek_3-1920x1280.jpg 1920w, https:\/\/d2p6e6u75xmxt8.cloudfront.net\/11\/2019\/07\/aike_visbeek_3-272x182.jpg 272w, https:\/\/d2p6e6u75xmxt8.cloudfront.net\/11\/2019\/07\/aike_visbeek_3.jpg 2000w, https:\/\/d2p6e6u75xmxt8.cloudfront.net\/11\/2019\/07\/aike_visbeek_3-1920x1280.jpg 1920w\" sizes=\"auto, (max-width: 300px) 100vw, 300px\" \/><\/a>\n\t\t\t<\/div>\n\t\t\t\t<figcaption class='wp-caption-text gallery-caption' id='gallery-1-1832'>\n\t\t\t\tCor Vos \u00a9 2019\n\t\t\t\t<\/figcaption><\/figure>\n\t\t<\/div>\n\n","protected":false},"excerpt":{"rendered":"<p>Achter iedere sportieve topprestatie, zit een heel team dat het succes mede mogelijk heeft gemaakt. In de serie Unsung Heroes [&hellip;]<\/p>\n","protected":false},"author":119,"featured_media":1831,"comment_status":"open","ping_status":"open","sticky":false,"template":"","format":"standard","meta":{"footnotes":""},"categories":[24],"tags":[],"global-categories":[],"class_list":["post-1822","post","type-post","status-publish","format-standard","has-post-thumbnail","hentry","category-team-sunweb"],"yoast_head":"<!-- This site is optimized with the Yoast SEO Premium plugin v25.3 (Yoast SEO v25.9) - https:\/\/yoast.com\/wordpress\/plugins\/seo\/ -->\n<title>Ploegleider Aike Visbeek, de stille kracht achter de grote rondes van Team Sunweb - \u0160koda - We Love Cycling - Netherland<\/title>\n<meta name=\"robots\" content=\"index, follow, max-snippet:-1, max-image-preview:large, max-video-preview:-1\" \/>\n<link rel=\"canonical\" href=\"https:\/\/www.welovecycling.com\/nl\/stille-kracht-achter-team-sunweb\/\" \/>\n<meta property=\"og:locale\" content=\"nl_NL\" \/>\n<meta property=\"og:type\" content=\"article\" \/>\n<meta property=\"og:title\" content=\"Ploegleider Aike Visbeek, de stille kracht achter de grote rondes van Team Sunweb\" \/>\n<meta property=\"og:description\" content=\"Achter iedere sportieve topprestatie, zit een heel team dat het succes mede mogelijk heeft gemaakt. In de serie Unsung Heroes [&hellip;]\" \/>\n<meta property=\"og:url\" content=\"https:\/\/www.welovecycling.com\/nl\/stille-kracht-achter-team-sunweb\/\" \/>\n<meta property=\"og:site_name\" content=\"\u0160koda - We Love Cycling - Netherland\" \/>\n<meta property=\"article:published_time\" content=\"2019-07-29T09:23:40+00:00\" \/>\n<meta property=\"article:modified_time\" content=\"2019-12-02T12:33:21+00:00\" \/>\n<meta property=\"og:image\" content=\"https:\/\/d2p6e6u75xmxt8.cloudfront.net\/11\/2019\/07\/skoda_sunweb_tour-1.jpg\" \/>\n\t<meta property=\"og:image:width\" content=\"2000\" \/>\n\t<meta property=\"og:image:height\" content=\"1158\" \/>\n\t<meta property=\"og:image:type\" content=\"image\/jpeg\" \/>\n<meta name=\"author\" content=\"blossom\" \/>\n<meta name=\"twitter:card\" content=\"summary_large_image\" \/>\n<meta name=\"twitter:label1\" content=\"Written by\" \/>\n\t<meta name=\"twitter:data1\" content=\"Redactie\" \/>\n\t<meta name=\"twitter:label2\" content=\"Est. reading time\" \/>\n\t<meta name=\"twitter:data2\" content=\"6\" \/>\n<script type=\"application\/ld+json\" class=\"yoast-schema-graph\">{\"@context\":\"https:\/\/schema.org\",\"@graph\":[{\"@type\":\"WebPage\",\"@id\":\"https:\/\/www.welovecycling.com\/nl\/stille-kracht-achter-team-sunweb\/\",\"url\":\"https:\/\/www.welovecycling.com\/nl\/stille-kracht-achter-team-sunweb\/\",\"name\":\"Ploegleider Aike Visbeek, de stille kracht achter de grote rondes van Team Sunweb - \u0160koda - We Love Cycling - Netherland\",\"isPartOf\":{\"@id\":\"https:\/\/www.welovecycling.com\/nl\/#website\"},\"primaryImageOfPage\":{\"@id\":\"https:\/\/www.welovecycling.com\/nl\/stille-kracht-achter-team-sunweb\/#primaryimage\"},\"image\":{\"@id\":\"https:\/\/www.welovecycling.com\/nl\/stille-kracht-achter-team-sunweb\/#primaryimage\"},\"thumbnailUrl\":\"https:\/\/d2p6e6u75xmxt8.cloudfront.net\/11\/2019\/07\/skoda_sunweb_tour-1.jpg\",\"datePublished\":\"2019-07-29T09:23:40+00:00\",\"dateModified\":\"2019-12-02T12:33:21+00:00\",\"author\":{\"@id\":\"https:\/\/www.welovecycling.com\/nl\/#\/schema\/person\/5357b4779550d07ed87b7ad932256f3a\"},\"breadcrumb\":{\"@id\":\"https:\/\/www.welovecycling.com\/nl\/stille-kracht-achter-team-sunweb\/#breadcrumb\"},\"inLanguage\":\"nl\",\"potentialAction\":[{\"@type\":\"ReadAction\",\"target\":[\"https:\/\/www.welovecycling.com\/nl\/stille-kracht-achter-team-sunweb\/\"]}]},{\"@type\":\"ImageObject\",\"inLanguage\":\"nl\",\"@id\":\"https:\/\/www.welovecycling.com\/nl\/stille-kracht-achter-team-sunweb\/#primaryimage\",\"url\":\"https:\/\/d2p6e6u75xmxt8.cloudfront.net\/11\/2019\/07\/skoda_sunweb_tour-1.jpg\",\"contentUrl\":\"https:\/\/d2p6e6u75xmxt8.cloudfront.net\/11\/2019\/07\/skoda_sunweb_tour-1.jpg\",\"width\":2000,\"height\":1158,\"caption\":\"Foix - France - wielrennen - cycling - cyclisme - radsport - Nicolas Roche (Ireland \/ Team Sunweb) pictured during the 106th Tour de France (2.UWT) - stage 15 from Limoux to Foix (185KM) - photo Peter De Voecht \/PN\/Cor Vos \u00a9 2019\"},{\"@type\":\"BreadcrumbList\",\"@id\":\"https:\/\/www.welovecycling.com\/nl\/stille-kracht-achter-team-sunweb\/#breadcrumb\",\"itemListElement\":[{\"@type\":\"ListItem\",\"position\":1,\"name\":\"Home\",\"item\":\"https:\/\/www.welovecycling.com\/nl\/\"},{\"@type\":\"ListItem\",\"position\":2,\"name\":\"Ploegleider Aike Visbeek, de stille kracht achter de grote rondes van Team Sunweb\"}]},{\"@type\":\"WebSite\",\"@id\":\"https:\/\/www.welovecycling.com\/nl\/#website\",\"url\":\"https:\/\/www.welovecycling.com\/nl\/\",\"name\":\"\u0160koda - We Love Cycling - Netherland\",\"description\":\"\u0160koda We Love Cycling - Netherland\",\"potentialAction\":[{\"@type\":\"SearchAction\",\"target\":{\"@type\":\"EntryPoint\",\"urlTemplate\":\"https:\/\/www.welovecycling.com\/nl\/?s={search_term_string}\"},\"query-input\":{\"@type\":\"PropertyValueSpecification\",\"valueRequired\":true,\"valueName\":\"search_term_string\"}}],\"inLanguage\":\"nl\"},{\"@type\":\"Person\",\"@id\":\"https:\/\/www.welovecycling.com\/nl\/#\/schema\/person\/5357b4779550d07ed87b7ad932256f3a\",\"name\":\"blossom\",\"image\":{\"@type\":\"ImageObject\",\"inLanguage\":\"nl\",\"@id\":\"https:\/\/www.welovecycling.com\/nl\/#\/schema\/person\/image\/\",\"url\":\"https:\/\/secure.gravatar.com\/avatar\/f55fe1729e8ff84cab768acbdaa1b7f33de614d520e85c95d3e84847fcd8c311?s=96&d=mm&r=g\",\"contentUrl\":\"https:\/\/secure.gravatar.com\/avatar\/f55fe1729e8ff84cab768acbdaa1b7f33de614d520e85c95d3e84847fcd8c311?s=96&d=mm&r=g\",\"caption\":\"blossom\"},\"url\":\"https:\/\/www.welovecycling.com\/nl\/author\/blossom\/\"}]}<\/script>\n<!-- \/ Yoast SEO Premium plugin. -->","yoast_head_json":{"title":"Ploegleider Aike Visbeek, de stille kracht achter de grote rondes van Team Sunweb - \u0160koda - We Love Cycling - Netherland","robots":{"index":"index","follow":"follow","max-snippet":"max-snippet:-1","max-image-preview":"max-image-preview:large","max-video-preview":"max-video-preview:-1"},"canonical":"https:\/\/www.welovecycling.com\/nl\/stille-kracht-achter-team-sunweb\/","og_locale":"nl_NL","og_type":"article","og_title":"Ploegleider Aike Visbeek, de stille kracht achter de grote rondes van Team Sunweb","og_description":"Achter iedere sportieve topprestatie, zit een heel team dat het succes mede mogelijk heeft gemaakt. In de serie Unsung Heroes [&hellip;]","og_url":"https:\/\/www.welovecycling.com\/nl\/stille-kracht-achter-team-sunweb\/","og_site_name":"\u0160koda - We Love Cycling - Netherland","article_published_time":"2019-07-29T09:23:40+00:00","article_modified_time":"2019-12-02T12:33:21+00:00","og_image":[{"width":2000,"height":1158,"url":"https:\/\/d2p6e6u75xmxt8.cloudfront.net\/11\/2019\/07\/skoda_sunweb_tour-1.jpg","type":"image\/jpeg"}],"author":"blossom","twitter_card":"summary_large_image","twitter_misc":{"Written by":"Redactie","Est. reading time":"6"},"schema":{"@context":"https:\/\/schema.org","@graph":[{"@type":"WebPage","@id":"https:\/\/www.welovecycling.com\/nl\/stille-kracht-achter-team-sunweb\/","url":"https:\/\/www.welovecycling.com\/nl\/stille-kracht-achter-team-sunweb\/","name":"Ploegleider Aike Visbeek, de stille kracht achter de grote rondes van Team Sunweb - \u0160koda - We Love Cycling - Netherland","isPartOf":{"@id":"https:\/\/www.welovecycling.com\/nl\/#website"},"primaryImageOfPage":{"@id":"https:\/\/www.welovecycling.com\/nl\/stille-kracht-achter-team-sunweb\/#primaryimage"},"image":{"@id":"https:\/\/www.welovecycling.com\/nl\/stille-kracht-achter-team-sunweb\/#primaryimage"},"thumbnailUrl":"https:\/\/d2p6e6u75xmxt8.cloudfront.net\/11\/2019\/07\/skoda_sunweb_tour-1.jpg","datePublished":"2019-07-29T09:23:40+00:00","dateModified":"2019-12-02T12:33:21+00:00","author":{"@id":"https:\/\/www.welovecycling.com\/nl\/#\/schema\/person\/5357b4779550d07ed87b7ad932256f3a"},"breadcrumb":{"@id":"https:\/\/www.welovecycling.com\/nl\/stille-kracht-achter-team-sunweb\/#breadcrumb"},"inLanguage":"nl","potentialAction":[{"@type":"ReadAction","target":["https:\/\/www.welovecycling.com\/nl\/stille-kracht-achter-team-sunweb\/"]}]},{"@type":"ImageObject","inLanguage":"nl","@id":"https:\/\/www.welovecycling.com\/nl\/stille-kracht-achter-team-sunweb\/#primaryimage","url":"https:\/\/d2p6e6u75xmxt8.cloudfront.net\/11\/2019\/07\/skoda_sunweb_tour-1.jpg","contentUrl":"https:\/\/d2p6e6u75xmxt8.cloudfront.net\/11\/2019\/07\/skoda_sunweb_tour-1.jpg","width":2000,"height":1158,"caption":"Foix - France - wielrennen - cycling - cyclisme - radsport - Nicolas Roche (Ireland \/ Team Sunweb) pictured during the 106th Tour de France (2.UWT) - stage 15 from Limoux to Foix (185KM) - photo Peter De Voecht \/PN\/Cor Vos \u00a9 2019"},{"@type":"BreadcrumbList","@id":"https:\/\/www.welovecycling.com\/nl\/stille-kracht-achter-team-sunweb\/#breadcrumb","itemListElement":[{"@type":"ListItem","position":1,"name":"Home","item":"https:\/\/www.welovecycling.com\/nl\/"},{"@type":"ListItem","position":2,"name":"Ploegleider Aike Visbeek, de stille kracht achter de grote rondes van Team Sunweb"}]},{"@type":"WebSite","@id":"https:\/\/www.welovecycling.com\/nl\/#website","url":"https:\/\/www.welovecycling.com\/nl\/","name":"\u0160koda - We Love Cycling - Netherland","description":"\u0160koda We Love Cycling - Netherland","potentialAction":[{"@type":"SearchAction","target":{"@type":"EntryPoint","urlTemplate":"https:\/\/www.welovecycling.com\/nl\/?s={search_term_string}"},"query-input":{"@type":"PropertyValueSpecification","valueRequired":true,"valueName":"search_term_string"}}],"inLanguage":"nl"},{"@type":"Person","@id":"https:\/\/www.welovecycling.com\/nl\/#\/schema\/person\/5357b4779550d07ed87b7ad932256f3a","name":"blossom","image":{"@type":"ImageObject","inLanguage":"nl","@id":"https:\/\/www.welovecycling.com\/nl\/#\/schema\/person\/image\/","url":"https:\/\/secure.gravatar.com\/avatar\/f55fe1729e8ff84cab768acbdaa1b7f33de614d520e85c95d3e84847fcd8c311?s=96&d=mm&r=g","contentUrl":"https:\/\/secure.gravatar.com\/avatar\/f55fe1729e8ff84cab768acbdaa1b7f33de614d520e85c95d3e84847fcd8c311?s=96&d=mm&r=g","caption":"blossom"},"url":"https:\/\/www.welovecycling.com\/nl\/author\/blossom\/"}]}},"_links":{"self":[{"href":"https:\/\/www.welovecycling.com\/nl\/wp-json\/wp\/v2\/posts\/1822","targetHints":{"allow":["GET"]}}],"collection":[{"href":"https:\/\/www.welovecycling.com\/nl\/wp-json\/wp\/v2\/posts"}],"about":[{"href":"https:\/\/www.welovecycling.com\/nl\/wp-json\/wp\/v2\/types\/post"}],"author":[{"embeddable":true,"href":"https:\/\/www.welovecycling.com\/nl\/wp-json\/wp\/v2\/users\/119"}],"replies":[{"embeddable":true,"href":"https:\/\/www.welovecycling.com\/nl\/wp-json\/wp\/v2\/comments?post=1822"}],"version-history":[{"count":2,"href":"https:\/\/www.welovecycling.com\/nl\/wp-json\/wp\/v2\/posts\/1822\/revisions"}],"predecessor-version":[{"id":1837,"href":"https:\/\/www.welovecycling.com\/nl\/wp-json\/wp\/v2\/posts\/1822\/revisions\/1837"}],"wp:featuredmedia":[{"embeddable":true,"href":"https:\/\/www.welovecycling.com\/nl\/wp-json\/wp\/v2\/media\/1831"}],"wp:attachment":[{"href":"https:\/\/www.welovecycling.com\/nl\/wp-json\/wp\/v2\/media?parent=1822"}],"wp:term":[{"taxonomy":"category","embeddable":true,"href":"https:\/\/www.welovecycling.com\/nl\/wp-json\/wp\/v2\/categories?post=1822"},{"taxonomy":"post_tag","embeddable":true,"href":"https:\/\/www.welovecycling.com\/nl\/wp-json\/wp\/v2\/tags?post=1822"},{"taxonomy":"global-categories","embeddable":true,"href":"https:\/\/www.welovecycling.com\/nl\/wp-json\/wp\/v2\/global-categories?post=1822"}],"curies":[{"name":"wp","href":"https:\/\/api.w.org\/{rel}","templated":true}]}}